{"id":8146,"date":"2025-02-11T11:33:08","date_gmt":"2025-02-11T10:33:08","guid":{"rendered":"https:\/\/sport-index.fr\/blog\/?p=8146"},"modified":"2025-02-11T10:46:51","modified_gmt":"2025-02-11T09:46:51","slug":"franjo-von-allmen-simpose-aux-mondiaux-de-saalbach-marco-odermatt-decoit","status":"publish","type":"post","link":"https:\/\/sport-index.fr\/blog\/a-la-une\/franjo-von-allmen-simpose-aux-mondiaux-de-saalbach-marco-odermatt-decoit\/","title":{"rendered":"Franjo von Allmen s&rsquo;impose aux Mondiaux de Saalbach, Marco Odermatt d\u00e9\u00e7oit"},"content":{"rendered":"<p>Franjo von Allmen, jeune prodige de 23 ans, a su briller d\u00e8s sa premi\u00e8re participation en s&rsquo;adjugeant le titre mondial. Sa performance a \u00e9t\u00e9 d&rsquo;une grande pr\u00e9cision et d&rsquo;un engagement total, ce qui lui a permis de surclasser des skieurs renomm\u00e9s, dont Marco Odermatt, tenant du titre, qui a d\u00fb se contenter d&rsquo;une d\u00e9cevante cinqui\u00e8me place. Ce jour-l\u00e0, la pression a visiblement eu raison de certains, tandis que d&rsquo;autres ont su tirer leur \u00e9pingle du jeu.<\/p>\n<h2>Franjo, la r\u00e9v\u00e9lation de ces Mondiaux<\/h2>\n<p>Franjo von Allmen a d\u00e9montr\u00e9 qu&rsquo;il m\u00e9ritait sa place parmi les meilleurs skieurs du monde. Avec une r\u00e9gularit\u00e9 impressionnante cette saison, il \u00e9tait attendu au tournant, mais la pression des Mondiaux pouvait \u00eatre \u00e9crasante pour un jeune athl\u00e8te. Pourtant, il a su g\u00e9rer la situation avec brio, notamment en ma\u00eetrisant le redoutable double saut \u00e0 mi-parcours, un passage qui a caus\u00e9 bien des soucis \u00e0 ses concurrents.<\/p>\n<p>Sa technique sur le parcours a \u00e9t\u00e9 remarquable, alliant audace et pr\u00e9cision. Arriv\u00e9 avec le dossard 11, il a offert une performance m\u00e9morable, avec une vitesse fulgurante et des choix tactiques astucieux. Au final, il s&rsquo;est impos\u00e9 face \u00e0 des skieurs aguerris, affichant une confiance qui augure d&rsquo;un avenir radieux dans le ski alpin.<\/p>\n<h2>Un Odermatt en difficult\u00e9<\/h2>\n<p>Marco Odermatt, qui \u00e9tait le grand favori de cette comp\u00e9tition, n&rsquo;a pas r\u00e9ussi \u00e0 faire valoir son statut. Son parcours, bien que prometteur au d\u00e9part, a rapidement vir\u00e9 au cauchemar \u00e0 cause d&rsquo;une faute d&rsquo;atterrissage sur le double saut. Cette erreur, bien que minime, lui a co\u00fbt\u00e9 cher en termes de vitesse, le rel\u00e9guant \u00e0 une cinqui\u00e8me position d\u00e9cevante.<\/p>\n<p>Le skieur d&rsquo;Hergiswil, tenant du titre, a sembl\u00e9 manquer de l&rsquo;engagement qui l&rsquo;avait caract\u00e9ris\u00e9 lors de ses pr\u00e9c\u00e9dentes performances. Avec un temps de +0&rsquo;66, il a d\u00fb se r\u00e9soudre \u00e0 regarder ses compatriotes monter sur le podium, une situation qui doit \u00eatre difficile \u00e0 dig\u00e9rer pour un champion en qu\u00eate de r\u00e9demption.<\/p>\n<h2>Les performances fran\u00e7aises en demi-teinte<\/h2>\n<p>Du c\u00f4t\u00e9 des Bleus, l&rsquo;espoir de m\u00e9daille \u00e9tait bien pr\u00e9sent, mais les r\u00e9sultats n&rsquo;ont pas \u00e9t\u00e9 \u00e0 la hauteur des attentes. Nils All\u00e8gre, apr\u00e8s un Super-G d\u00e9cevant, a su se reprendre en s&rsquo;accrochant \u00e0 une 10\u00e8me place, gr\u00e2ce \u00e0 une descente plus engag\u00e9e. Cependant, il est rest\u00e9 loin des places d&rsquo;honneur, \u00e0 +1&rsquo;34 de la t\u00eate.<\/p>\n<p>Les autres skieurs fran\u00e7ais, comme Maxence Muzaton et Nils Alphand, n&rsquo;ont pas r\u00e9ussi \u00e0 s&rsquo;illustrer non plus, se contentant de places en milieu de tableau. Cette comp\u00e9tition a n\u00e9anmoins \u00e9t\u00e9 une le\u00e7on pr\u00e9cieuse pour ces athl\u00e8tes qui ont encore des progr\u00e8s \u00e0 r\u00e9aliser pour rivaliser avec l&rsquo;\u00e9lite du ski alpin.<\/p>\n<blockquote><p>\n  \u00ab La victoire est douce, mais chaque course est une opportunit\u00e9 d&rsquo;apprendre et de grandir \u00bb &#8211; Franjo von Allmen\n<\/p><\/blockquote>\n<p>Les Mondiaux de Saalbach ont ainsi \u00e9t\u00e9 marqu\u00e9s par des performances contrast\u00e9es, illustrant la pression intense qui p\u00e8se sur les \u00e9paules des athl\u00e8tes de haut niveau. Voici quelques \u00e9l\u00e9ments cl\u00e9s \u00e0 retenir de cette comp\u00e9tition : <\/p>\n<ul>\n<li>Franjo von Allmen remporte son premier titre mondial \u00e0 seulement 23 ans.<\/li>\n<li>Marco Odermatt, tenant du titre, finit \u00e0 la 5e place apr\u00e8s une descente d\u00e9cevante.<\/li>\n<li>Les performances fran\u00e7aises montrent un potentiel, mais manquent d&rsquo;\u00e9clat sur le podium.<\/li>\n<li>La pression des Mondiaux a jou\u00e9 un r\u00f4le crucial dans les performances des athl\u00e8tes.<\/li>\n<\/ul>\n<p>Ce championnat a sans aucun doute red\u00e9fini les attentes des skieurs, et les prochains \u00e9v\u00e9nements promettent d\u2019\u00eatre encore plus palpitants. Les talents \u00e9mergents comme Franjo von Allmen semblent pr\u00eats \u00e0 bousculer l&rsquo;ordre \u00e9tabli, tandis que des champions comme Marco Odermatt devront se remobiliser pour retrouver leur meilleur niveau. Les passionn\u00e9s de ski alpin attendent avec impatience la suite de la saison, o\u00f9 chaque course sera une nouvelle chance de briller.<\/p>\n","protected":false},"excerpt":{"rendered":"","protected":false},"author":34,"featured_media":10565,"comment_status":"open","ping_status":"open","sticky":false,"template":"","format":"standard","meta":{"_acf_changed":false,"manual_indexmenow":false,"indexmenow_id_project":0,"footnotes":""},"categories":[1],"tags":[4545,4529,4543,4408,4591],"class_list":["post-8146","post","type-post","status-publish","format-standard","has-post-thumbnail","hentry","category-a-la-une","tag-confiance","tag-egalite-des-chances","tag-performance","tag-resilience","tag-ski-alpin","generate-columns","tablet-grid-50","mobile-grid-100","grid-parent","grid-25"],"acf":[],"yoast_head":"<!-- This site is optimized with the Yoast SEO Premium plugin v21.3 (Yoast SEO v26.5) - https:\/\/yoast.com\/wordpress\/plugins\/seo\/ -->\n<title>Franjo von Allmen s&#039;impose aux Mondiaux de Saalbach, Marco<\/title>\n<meta name=\"description\" content=\"Franjo von Allmen, jeune prodige de 23 ans, a su briller d\u00e8s sa premi\u00e8re participation en s&#039;adjugeant le titre mondial. Sa performance a \u00e9t\u00e9 d&#039;une grande\u2026\" \/>\n<meta name=\"robots\" content=\"index, follow, max-snippet:-1, max-image-preview:large, max-video-preview:-1\" \/>\n<link rel=\"canonical\" href=\"https:\/\/sport-index.fr\/blog\/a-la-une\/franjo-von-allmen-simpose-aux-mondiaux-de-saalbach-marco-odermatt-decoit\/\" \/>\n<meta property=\"og:locale\" content=\"fr_FR\" \/>\n<meta property=\"og:type\" content=\"article\" \/>\n<meta property=\"og:title\" content=\"Franjo von Allmen s&#039;impose aux Mondiaux de Saalbach, Marco\" \/>\n<meta property=\"og:description\" content=\"Franjo von Allmen, jeune prodige de 23 ans, a su briller d\u00e8s sa premi\u00e8re participation en s&#039;adjugeant le titre mondial. Sa performance a \u00e9t\u00e9 d&#039;une grande\u2026\" \/>\n<meta property=\"og:url\" content=\"https:\/\/sport-index.fr\/blog\/a-la-une\/franjo-von-allmen-simpose-aux-mondiaux-de-saalbach-marco-odermatt-decoit\/\" \/>\n<meta property=\"og:site_name\" content=\"sport-index\" \/>\n<meta name=\"author\" content=\"Axel Lauzier\" \/>\n<meta name=\"twitter:card\" content=\"summary_large_image\" \/>\n<script type=\"application\/ld+json\" class=\"yoast-schema-graph\">{\"@context\":\"https:\/\/schema.org\",\"@graph\":[{\"@type\":\"NewsArticle\",\"@id\":\"https:\/\/sport-index.fr\/blog\/a-la-une\/franjo-von-allmen-simpose-aux-mondiaux-de-saalbach-marco-odermatt-decoit\/#article\",\"isPartOf\":{\"@id\":\"https:\/\/sport-index.fr\/blog\/a-la-une\/franjo-von-allmen-simpose-aux-mondiaux-de-saalbach-marco-odermatt-decoit\/\"},\"author\":{\"name\":\"Axel Lauzier\",\"@id\":\"https:\/\/sport-index.fr\/blog\/#\/schema\/person\/3c864cdc320801e3db34b663e7e3f816\"},\"headline\":\"Franjo von Allmen s&rsquo;impose aux Mondiaux de Saalbach, Marco Odermatt d\u00e9\u00e7oit\",\"datePublished\":\"2025-02-11T10:33:08+00:00\",\"mainEntityOfPage\":{\"@id\":\"https:\/\/sport-index.fr\/blog\/a-la-une\/franjo-von-allmen-simpose-aux-mondiaux-de-saalbach-marco-odermatt-decoit\/\"},\"wordCount\":685,\"commentCount\":23,\"publisher\":{\"@id\":\"https:\/\/sport-index.fr\/blog\/#organization\"},\"image\":{\"@id\":\"https:\/\/sport-index.fr\/blog\/a-la-une\/franjo-von-allmen-simpose-aux-mondiaux-de-saalbach-marco-odermatt-decoit\/#primaryimage\"},\"thumbnailUrl\":\"https:\/\/sport-index.fr\/blog\/wp-content\/uploads\/2025\/02\/sdxl-e444f744dd470248a9ec238e3e989d0a.png\",\"keywords\":[\"Confiance\",\"\u00c9galit\u00e9 des Chances\",\"Performance\",\"R\u00e9silience\",\"Ski Alpin\"],\"articleSection\":[\"\u00c0 la une\"],\"inLanguage\":\"fr-FR\",\"potentialAction\":[{\"@type\":\"CommentAction\",\"name\":\"Comment\",\"target\":[\"https:\/\/sport-index.fr\/blog\/a-la-une\/franjo-von-allmen-simpose-aux-mondiaux-de-saalbach-marco-odermatt-decoit\/#respond\"]}]},{\"@type\":\"WebPage\",\"@id\":\"https:\/\/sport-index.fr\/blog\/a-la-une\/franjo-von-allmen-simpose-aux-mondiaux-de-saalbach-marco-odermatt-decoit\/\",\"url\":\"https:\/\/sport-index.fr\/blog\/a-la-une\/franjo-von-allmen-simpose-aux-mondiaux-de-saalbach-marco-odermatt-decoit\/\",\"name\":\"Franjo von Allmen s'impose aux Mondiaux de Saalbach, Marco\",\"isPartOf\":{\"@id\":\"https:\/\/sport-index.fr\/blog\/#website\"},\"primaryImageOfPage\":{\"@id\":\"https:\/\/sport-index.fr\/blog\/a-la-une\/franjo-von-allmen-simpose-aux-mondiaux-de-saalbach-marco-odermatt-decoit\/#primaryimage\"},\"image\":{\"@id\":\"https:\/\/sport-index.fr\/blog\/a-la-une\/franjo-von-allmen-simpose-aux-mondiaux-de-saalbach-marco-odermatt-decoit\/#primaryimage\"},\"thumbnailUrl\":\"https:\/\/sport-index.fr\/blog\/wp-content\/uploads\/2025\/02\/sdxl-e444f744dd470248a9ec238e3e989d0a.png\",\"datePublished\":\"2025-02-11T10:33:08+00:00\",\"description\":\"Franjo von Allmen, jeune prodige de 23 ans, a su briller d\u00e8s sa premi\u00e8re participation en s'adjugeant le titre mondial. Sa performance a \u00e9t\u00e9 d'une grande\u2026\",\"inLanguage\":\"fr-FR\",\"potentialAction\":[{\"@type\":\"ReadAction\",\"target\":[\"https:\/\/sport-index.fr\/blog\/a-la-une\/franjo-von-allmen-simpose-aux-mondiaux-de-saalbach-marco-odermatt-decoit\/\"]}]},{\"@type\":\"ImageObject\",\"inLanguage\":\"fr-FR\",\"@id\":\"https:\/\/sport-index.fr\/blog\/a-la-une\/franjo-von-allmen-simpose-aux-mondiaux-de-saalbach-marco-odermatt-decoit\/#primaryimage\",\"url\":\"https:\/\/sport-index.fr\/blog\/wp-content\/uploads\/2025\/02\/sdxl-e444f744dd470248a9ec238e3e989d0a.png\",\"contentUrl\":\"https:\/\/sport-index.fr\/blog\/wp-content\/uploads\/2025\/02\/sdxl-e444f744dd470248a9ec238e3e989d0a.png\",\"width\":1536,\"height\":640},{\"@type\":\"WebSite\",\"@id\":\"https:\/\/sport-index.fr\/blog\/#website\",\"url\":\"https:\/\/sport-index.fr\/blog\/\",\"name\":\"sport-index.fr\",\"description\":\"Le score de l\u2019analyse sportive.\",\"publisher\":{\"@id\":\"https:\/\/sport-index.fr\/blog\/#organization\"},\"alternateName\":\"Le score de l\u2019analyse sportive.\",\"potentialAction\":[{\"@type\":\"SearchAction\",\"target\":{\"@type\":\"EntryPoint\",\"urlTemplate\":\"https:\/\/sport-index.fr\/blog\/?s={search_term_string}\"},\"query-input\":{\"@type\":\"PropertyValueSpecification\",\"valueRequired\":true,\"valueName\":\"search_term_string\"}}],\"inLanguage\":\"fr-FR\"},{\"@type\":\"Organization\",\"@id\":\"https:\/\/sport-index.fr\/blog\/#organization\",\"name\":\"Foretsensations.fr\",\"url\":\"https:\/\/sport-index.fr\/blog\/\",\"logo\":{\"@type\":\"ImageObject\",\"inLanguage\":\"fr-FR\",\"@id\":\"https:\/\/sport-index.fr\/blog\/#\/schema\/logo\/image\/\",\"url\":\"https:\/\/sport-index.fr\/blog\/wp-content\/uploads\/2026\/07\/logo-auto.png\",\"contentUrl\":\"https:\/\/sport-index.fr\/blog\/wp-content\/uploads\/2026\/07\/logo-auto.png\",\"width\":1024,\"height\":1024,\"caption\":\"Foretsensations.fr\"},\"image\":{\"@id\":\"https:\/\/sport-index.fr\/blog\/#\/schema\/logo\/image\/\"}},{\"@type\":\"Person\",\"@id\":\"https:\/\/sport-index.fr\/blog\/#\/schema\/person\/3c864cdc320801e3db34b663e7e3f816\",\"name\":\"Axel Lauzier\",\"image\":{\"@type\":\"ImageObject\",\"inLanguage\":\"fr-FR\",\"@id\":\"https:\/\/sport-index.fr\/blog\/#\/schema\/person\/image\/\",\"url\":\"https:\/\/sport-index.fr\/blog\/wp-content\/uploads\/2026\/06\/persona_axel-l-96x96.jpg\",\"contentUrl\":\"https:\/\/sport-index.fr\/blog\/wp-content\/uploads\/2026\/06\/persona_axel-l-96x96.jpg\",\"caption\":\"Axel Lauzier\"},\"description\":\"Le sport rythme mon quotidien depuis l'enfance, et j'en ai fait mon m\u00e9tier d'analyste r\u00e9dactionnel il y a une dizaine d'ann\u00e9es. Je couvre principalement le football, son actualit\u00e9, ses transferts et l'analyse tactique des grandes affiches, mais aussi les disciplines plus confidentielles que j'aime remettre en lumi\u00e8re. Une partie de mon travail porte sur les pronostics et la lecture statistique d'un match : forme des \u00e9quipes, historique des confrontations, compositions, sans jamais vendre de fausse certitude. Je rappelle syst\u00e9matiquement que parier comporte un risque et doit rester un loisir ma\u00eetris\u00e9. Avant de signer une analyse, je v\u00e9rifie mes chiffres, je recoupe les compositions probables et je distingue toujours la donn\u00e9e brute de l'intuition. Mon objectif : offrir une lecture honn\u00eate et argument\u00e9e, pas un ticket gagnant garanti.\",\"sameAs\":[\"https:\/\/axellauzier.fr\/\"],\"url\":\"https:\/\/sport-index.fr\/blog\/auteur\/noname\/\"}]}<\/script>\n<!-- \/ Yoast SEO Premium plugin. -->","yoast_head_json":{"title":"Franjo von Allmen s'impose aux Mondiaux de Saalbach, Marco","description":"Franjo von Allmen, jeune prodige de 23 ans, a su briller d\u00e8s sa premi\u00e8re participation en s'adjugeant le titre mondial. Sa performance a \u00e9t\u00e9 d'une grande\u2026","robots":{"index":"index","follow":"follow","max-snippet":"max-snippet:-1","max-image-preview":"max-image-preview:large","max-video-preview":"max-video-preview:-1"},"canonical":"https:\/\/sport-index.fr\/blog\/a-la-une\/franjo-von-allmen-simpose-aux-mondiaux-de-saalbach-marco-odermatt-decoit\/","og_locale":"fr_FR","og_type":"article","og_title":"Franjo von Allmen s'impose aux Mondiaux de Saalbach, Marco","og_description":"Franjo von Allmen, jeune prodige de 23 ans, a su briller d\u00e8s sa premi\u00e8re participation en s'adjugeant le titre mondial. Sa performance a \u00e9t\u00e9 d'une grande\u2026","og_url":"https:\/\/sport-index.fr\/blog\/a-la-une\/franjo-von-allmen-simpose-aux-mondiaux-de-saalbach-marco-odermatt-decoit\/","og_site_name":"sport-index","author":"Axel Lauzier","twitter_card":"summary_large_image","schema":{"@context":"https:\/\/schema.org","@graph":[{"@type":"NewsArticle","@id":"https:\/\/sport-index.fr\/blog\/a-la-une\/franjo-von-allmen-simpose-aux-mondiaux-de-saalbach-marco-odermatt-decoit\/#article","isPartOf":{"@id":"https:\/\/sport-index.fr\/blog\/a-la-une\/franjo-von-allmen-simpose-aux-mondiaux-de-saalbach-marco-odermatt-decoit\/"},"author":{"name":"Axel Lauzier","@id":"https:\/\/sport-index.fr\/blog\/#\/schema\/person\/3c864cdc320801e3db34b663e7e3f816"},"headline":"Franjo von Allmen s&rsquo;impose aux Mondiaux de Saalbach, Marco Odermatt d\u00e9\u00e7oit","datePublished":"2025-02-11T10:33:08+00:00","mainEntityOfPage":{"@id":"https:\/\/sport-index.fr\/blog\/a-la-une\/franjo-von-allmen-simpose-aux-mondiaux-de-saalbach-marco-odermatt-decoit\/"},"wordCount":685,"commentCount":23,"publisher":{"@id":"https:\/\/sport-index.fr\/blog\/#organization"},"image":{"@id":"https:\/\/sport-index.fr\/blog\/a-la-une\/franjo-von-allmen-simpose-aux-mondiaux-de-saalbach-marco-odermatt-decoit\/#primaryimage"},"thumbnailUrl":"https:\/\/sport-index.fr\/blog\/wp-content\/uploads\/2025\/02\/sdxl-e444f744dd470248a9ec238e3e989d0a.png","keywords":["Confiance","\u00c9galit\u00e9 des Chances","Performance","R\u00e9silience","Ski Alpin"],"articleSection":["\u00c0 la une"],"inLanguage":"fr-FR","potentialAction":[{"@type":"CommentAction","name":"Comment","target":["https:\/\/sport-index.fr\/blog\/a-la-une\/franjo-von-allmen-simpose-aux-mondiaux-de-saalbach-marco-odermatt-decoit\/#respond"]}]},{"@type":"WebPage","@id":"https:\/\/sport-index.fr\/blog\/a-la-une\/franjo-von-allmen-simpose-aux-mondiaux-de-saalbach-marco-odermatt-decoit\/","url":"https:\/\/sport-index.fr\/blog\/a-la-une\/franjo-von-allmen-simpose-aux-mondiaux-de-saalbach-marco-odermatt-decoit\/","name":"Franjo von Allmen s'impose aux Mondiaux de Saalbach, Marco","isPartOf":{"@id":"https:\/\/sport-index.fr\/blog\/#website"},"primaryImageOfPage":{"@id":"https:\/\/sport-index.fr\/blog\/a-la-une\/franjo-von-allmen-simpose-aux-mondiaux-de-saalbach-marco-odermatt-decoit\/#primaryimage"},"image":{"@id":"https:\/\/sport-index.fr\/blog\/a-la-une\/franjo-von-allmen-simpose-aux-mondiaux-de-saalbach-marco-odermatt-decoit\/#primaryimage"},"thumbnailUrl":"https:\/\/sport-index.fr\/blog\/wp-content\/uploads\/2025\/02\/sdxl-e444f744dd470248a9ec238e3e989d0a.png","datePublished":"2025-02-11T10:33:08+00:00","description":"Franjo von Allmen, jeune prodige de 23 ans, a su briller d\u00e8s sa premi\u00e8re participation en s'adjugeant le titre mondial. Sa performance a \u00e9t\u00e9 d'une grande\u2026","inLanguage":"fr-FR","potentialAction":[{"@type":"ReadAction","target":["https:\/\/sport-index.fr\/blog\/a-la-une\/franjo-von-allmen-simpose-aux-mondiaux-de-saalbach-marco-odermatt-decoit\/"]}]},{"@type":"ImageObject","inLanguage":"fr-FR","@id":"https:\/\/sport-index.fr\/blog\/a-la-une\/franjo-von-allmen-simpose-aux-mondiaux-de-saalbach-marco-odermatt-decoit\/#primaryimage","url":"https:\/\/sport-index.fr\/blog\/wp-content\/uploads\/2025\/02\/sdxl-e444f744dd470248a9ec238e3e989d0a.png","contentUrl":"https:\/\/sport-index.fr\/blog\/wp-content\/uploads\/2025\/02\/sdxl-e444f744dd470248a9ec238e3e989d0a.png","width":1536,"height":640},{"@type":"WebSite","@id":"https:\/\/sport-index.fr\/blog\/#website","url":"https:\/\/sport-index.fr\/blog\/","name":"sport-index.fr","description":"Le score de l\u2019analyse sportive.","publisher":{"@id":"https:\/\/sport-index.fr\/blog\/#organization"},"alternateName":"Le score de l\u2019analyse sportive.","potentialAction":[{"@type":"SearchAction","target":{"@type":"EntryPoint","urlTemplate":"https:\/\/sport-index.fr\/blog\/?s={search_term_string}"},"query-input":{"@type":"PropertyValueSpecification","valueRequired":true,"valueName":"search_term_string"}}],"inLanguage":"fr-FR"},{"@type":"Organization","@id":"https:\/\/sport-index.fr\/blog\/#organization","name":"Foretsensations.fr","url":"https:\/\/sport-index.fr\/blog\/","logo":{"@type":"ImageObject","inLanguage":"fr-FR","@id":"https:\/\/sport-index.fr\/blog\/#\/schema\/logo\/image\/","url":"https:\/\/sport-index.fr\/blog\/wp-content\/uploads\/2026\/07\/logo-auto.png","contentUrl":"https:\/\/sport-index.fr\/blog\/wp-content\/uploads\/2026\/07\/logo-auto.png","width":1024,"height":1024,"caption":"Foretsensations.fr"},"image":{"@id":"https:\/\/sport-index.fr\/blog\/#\/schema\/logo\/image\/"}},{"@type":"Person","@id":"https:\/\/sport-index.fr\/blog\/#\/schema\/person\/3c864cdc320801e3db34b663e7e3f816","name":"Axel Lauzier","image":{"@type":"ImageObject","inLanguage":"fr-FR","@id":"https:\/\/sport-index.fr\/blog\/#\/schema\/person\/image\/","url":"https:\/\/sport-index.fr\/blog\/wp-content\/uploads\/2026\/06\/persona_axel-l-96x96.jpg","contentUrl":"https:\/\/sport-index.fr\/blog\/wp-content\/uploads\/2026\/06\/persona_axel-l-96x96.jpg","caption":"Axel Lauzier"},"description":"Le sport rythme mon quotidien depuis l'enfance, et j'en ai fait mon m\u00e9tier d'analyste r\u00e9dactionnel il y a une dizaine d'ann\u00e9es. Je couvre principalement le football, son actualit\u00e9, ses transferts et l'analyse tactique des grandes affiches, mais aussi les disciplines plus confidentielles que j'aime remettre en lumi\u00e8re. Une partie de mon travail porte sur les pronostics et la lecture statistique d'un match : forme des \u00e9quipes, historique des confrontations, compositions, sans jamais vendre de fausse certitude. Je rappelle syst\u00e9matiquement que parier comporte un risque et doit rester un loisir ma\u00eetris\u00e9. Avant de signer une analyse, je v\u00e9rifie mes chiffres, je recoupe les compositions probables et je distingue toujours la donn\u00e9e brute de l'intuition. Mon objectif : offrir une lecture honn\u00eate et argument\u00e9e, pas un ticket gagnant garanti.","sameAs":["https:\/\/axellauzier.fr\/"],"url":"https:\/\/sport-index.fr\/blog\/auteur\/noname\/"}]}},"_links":{"self":[{"href":"https:\/\/sport-index.fr\/blog\/wp-json\/wp\/v2\/posts\/8146","targetHints":{"allow":["GET"]}}],"collection":[{"href":"https:\/\/sport-index.fr\/blog\/wp-json\/wp\/v2\/posts"}],"about":[{"href":"https:\/\/sport-index.fr\/blog\/wp-json\/wp\/v2\/types\/post"}],"author":[{"embeddable":true,"href":"https:\/\/sport-index.fr\/blog\/wp-json\/wp\/v2\/users\/34"}],"replies":[{"embeddable":true,"href":"https:\/\/sport-index.fr\/blog\/wp-json\/wp\/v2\/comments?post=8146"}],"version-history":[{"count":1,"href":"https:\/\/sport-index.fr\/blog\/wp-json\/wp\/v2\/posts\/8146\/revisions"}],"predecessor-version":[{"id":8177,"href":"https:\/\/sport-index.fr\/blog\/wp-json\/wp\/v2\/posts\/8146\/revisions\/8177"}],"wp:featuredmedia":[{"embeddable":true,"href":"https:\/\/sport-index.fr\/blog\/wp-json\/wp\/v2\/media\/10565"}],"wp:attachment":[{"href":"https:\/\/sport-index.fr\/blog\/wp-json\/wp\/v2\/media?parent=8146"}],"wp:term":[{"taxonomy":"category","embeddable":true,"href":"https:\/\/sport-index.fr\/blog\/wp-json\/wp\/v2\/categories?post=8146"},{"taxonomy":"post_tag","embeddable":true,"href":"https:\/\/sport-index.fr\/blog\/wp-json\/wp\/v2\/tags?post=8146"}],"curies":[{"name":"wp","href":"https:\/\/api.w.org\/{rel}","templated":true}]}}