{"id":8151,"date":"2025-02-11T13:09:10","date_gmt":"2025-02-11T12:09:10","guid":{"rendered":"https:\/\/sport-index.fr\/blog\/?p=8151"},"modified":"2025-02-11T10:53:40","modified_gmt":"2025-02-11T09:53:40","slug":"marco-odermatt-triomphe-en-super-g-un-premier-titre-mondial-eclatant","status":"publish","type":"post","link":"https:\/\/sport-index.fr\/blog\/a-la-une\/marco-odermatt-triomphe-en-super-g-un-premier-titre-mondial-eclatant\/","title":{"rendered":"Marco Odermatt triomphe en Super-G : un premier titre mondial \u00e9clatant"},"content":{"rendered":"<p>Marco Odermatt, le prodige suisse, a brillamment remport\u00e9 son premier titre mondial en Super-G, mettant ainsi un terme \u00e0 une qu\u00eate ardente qui a dur\u00e9 plusieurs saisons. Sa performance exceptionnelle a non seulement impressionn\u00e9 les spectateurs, mais a \u00e9galement confirm\u00e9 son statut de force dominante dans ce sport. Avec une course sans faille, Odermatt a su faire la diff\u00e9rence, surpassant ses concurrents et r\u00e9alisant une d\u00e9monstration de ma\u00eetrise technique et d\u2019engagement.<\/p>\n<h2>Une course parfaite et un titre tant convoit\u00e9<\/h2>\n<p>La comp\u00e9tition a commenc\u00e9 avec un suspense palpable, mais il n\u2019a pas fallu longtemps pour que Marco Odermatt impose son autorit\u00e9 sur la piste. D\u00e8s son d\u00e9part, il a montr\u00e9 une intensit\u00e9 remarquable, ma\u00eetrisant chaque virage avec une pr\u00e9cision chirurgicale. Les premiers skieurs avaient d\u00e9j\u00e0 donn\u00e9 le ton, mais c\u2019est lors de son passage que tout le monde a compris qu\u2019un nouveau champion \u00e9tait en train de s\u2019\u00e9crire.<\/p>\n<p>Avec une combinaison de vitesse et de technique, Odermatt a trac\u00e9 un parcours impeccable tout au long de la descente. Sa capacit\u00e9 \u00e0 rester concentr\u00e9, m\u00eame sur les sections les plus techniques, a \u00e9t\u00e9 d\u00e9terminante. \u00ab\u00a0C&rsquo;est un r\u00eave devenu r\u00e9alit\u00e9, et je suis ravi d\u2019avoir enfin obtenu ce titre en Super-G,\u00a0\u00bb a-t-il d\u00e9clar\u00e9 apr\u00e8s sa victoire. Ce sacre marque son troisi\u00e8me titre mondial, apr\u00e8s ceux obtenus en descente et en g\u00e9ant, faisant de lui un skieur aux multiples talents.<\/p>\n<h2>De l&rsquo;espoir pour ses concurrents, mais une amertume pour les Fran\u00e7ais<\/h2>\n<p>Alors que les attentes \u00e9taient grandes pour une domination suisse, la comp\u00e9tition a r\u00e9serv\u00e9 son lot de surprises. Raphael Haaser, ayant termin\u00e9 \u00e0 la seconde place, a r\u00e9alis\u00e9 une course solide, mais il restait \u00e0 une seconde de la performance incroyable d&rsquo;Odermatt. Son engagement et sa technique ont \u00e9t\u00e9 salu\u00e9s, mais il a d\u00fb se contenter de l\u2019argent, tandis que le Norv\u00e9gien Adrian Smiseth Sejersted a compl\u00e9t\u00e9 le podium avec une belle troisi\u00e8me place.<\/p>\n<p>Du c\u00f4t\u00e9 fran\u00e7ais, la d\u00e9ception \u00e9tait palpable. En l&rsquo;absence de plusieurs skieurs bless\u00e9s, les espoirs reposaient sur Nils Allegre, qui n\u2019a pas su se montrer \u00e0 la hauteur. Apr\u00e8s une chute malheureuse, il a termin\u00e9 loin derri\u00e8re, tout comme ses compatriotes qui n\u2019ont pas r\u00e9ussi \u00e0 briller. Les Bleus devront redoubler d&rsquo;efforts lors des prochaines \u00e9preuves pour esp\u00e9rer inverser la tendance.<\/p>\n<h2>Les d\u00e9fis \u00e0 relever pour les skieurs tricolores<\/h2>\n<p>La performance des skieurs fran\u00e7ais a laiss\u00e9 un go\u00fbt amer, surtout apr\u00e8s les attentes qui pesaient sur leurs \u00e9paules. Avec plusieurs absences notables, les chances de m\u00e9dailles \u00e9taient minces, mais cela n\u2019excuse pas les r\u00e9sultats d\u00e9cevants affich\u00e9s. Florian Loriot a \u00e9t\u00e9 le meilleur repr\u00e9sentant fran\u00e7ais, terminant 13e, mais le reste de l\u2019\u00e9quipe a pein\u00e9 \u00e0 se montrer comp\u00e9titif.<\/p>\n<p>Les skieurs fran\u00e7ais doivent maintenant se recentrer et tirer des le\u00e7ons de cette exp\u00e9rience. Ils devront travailler sur leur technique et leur engagement pour les comp\u00e9titions futures. Voici quelques points \u00e0 consid\u00e9rer pour la suite :<\/p>\n<ul>\n<li>Renforcer la pr\u00e9paration physique avant les comp\u00e9titions.<\/li>\n<li>Am\u00e9liorer la gestion mentale lors des \u00e9preuves.<\/li>\n<li>Analyser les performances pour identifier les points \u00e0 travailler.<\/li>\n<li>Encourager une meilleure coh\u00e9sion d&rsquo;\u00e9quipe malgr\u00e9 les absences.<\/li>\n<\/ul>\n<p>Les prochaines comp\u00e9titions offriront aux skieurs fran\u00e7ais l\u2019opportunit\u00e9 de se racheter et de montrer leur potentiel. Marco Odermatt, quant \u00e0 lui, a clairement \u00e9tabli la barre tr\u00e8s haut avec sa victoire \u00e9clatante, et ses rivaux devront redoubler d&rsquo;efforts pour le rattraper. La saison s\u2019annonce palpitante, avec de nouvelles batailles \u00e0 venir sur les pistes de ski du monde entier.<\/p>\n","protected":false},"excerpt":{"rendered":"","protected":false},"author":34,"featured_media":11185,"comment_status":"open","ping_status":"open","sticky":false,"template":"","format":"standard","meta":{"_acf_changed":false,"manual_indexmenow":false,"indexmenow_id_project":0,"footnotes":""},"categories":[1],"tags":[4559,4544,4378,4408,4617],"class_list":["post-8151","post","type-post","status-publish","format-standard","has-post-thumbnail","hentry","category-a-la-une","tag-cyclisme","tag-equipe","tag-performance-durable","tag-resilience","tag-sport","generate-columns","tablet-grid-50","mobile-grid-100","grid-parent","grid-25"],"acf":[],"yoast_head":"<!-- This site is optimized with the Yoast SEO Premium plugin v21.3 (Yoast SEO v26.5) - https:\/\/yoast.com\/wordpress\/plugins\/seo\/ -->\n<title>Marco Odermatt triomphe en Super-G : un premier titre<\/title>\n<meta name=\"description\" content=\"Marco Odermatt, le prodige suisse, a brillamment remport\u00e9 son premier titre mondial en Super-G, mettant ainsi un terme \u00e0 une qu\u00eate ardente qui a dur\u00e9\u2026\" \/>\n<meta name=\"robots\" content=\"index, follow, max-snippet:-1, max-image-preview:large, max-video-preview:-1\" \/>\n<link rel=\"canonical\" href=\"https:\/\/sport-index.fr\/blog\/a-la-une\/marco-odermatt-triomphe-en-super-g-un-premier-titre-mondial-eclatant\/\" \/>\n<meta property=\"og:locale\" content=\"fr_FR\" \/>\n<meta property=\"og:type\" content=\"article\" \/>\n<meta property=\"og:title\" content=\"Marco Odermatt triomphe en Super-G : un premier titre\" \/>\n<meta property=\"og:description\" content=\"Marco Odermatt, le prodige suisse, a brillamment remport\u00e9 son premier titre mondial en Super-G, mettant ainsi un terme \u00e0 une qu\u00eate ardente qui a dur\u00e9\u2026\" \/>\n<meta property=\"og:url\" content=\"https:\/\/sport-index.fr\/blog\/a-la-une\/marco-odermatt-triomphe-en-super-g-un-premier-titre-mondial-eclatant\/\" \/>\n<meta property=\"og:site_name\" content=\"sport-index\" \/>\n<meta name=\"author\" content=\"Axel Lauzier\" \/>\n<meta name=\"twitter:card\" content=\"summary_large_image\" \/>\n<script type=\"application\/ld+json\" class=\"yoast-schema-graph\">{\"@context\":\"https:\/\/schema.org\",\"@graph\":[{\"@type\":\"NewsArticle\",\"@id\":\"https:\/\/sport-index.fr\/blog\/a-la-une\/marco-odermatt-triomphe-en-super-g-un-premier-titre-mondial-eclatant\/#article\",\"isPartOf\":{\"@id\":\"https:\/\/sport-index.fr\/blog\/a-la-une\/marco-odermatt-triomphe-en-super-g-un-premier-titre-mondial-eclatant\/\"},\"author\":{\"name\":\"Axel Lauzier\",\"@id\":\"https:\/\/sport-index.fr\/blog\/#\/schema\/person\/3c864cdc320801e3db34b663e7e3f816\"},\"headline\":\"Marco Odermatt triomphe en Super-G : un premier titre mondial \u00e9clatant\",\"datePublished\":\"2025-02-11T12:09:10+00:00\",\"mainEntityOfPage\":{\"@id\":\"https:\/\/sport-index.fr\/blog\/a-la-une\/marco-odermatt-triomphe-en-super-g-un-premier-titre-mondial-eclatant\/\"},\"wordCount\":640,\"commentCount\":30,\"publisher\":{\"@id\":\"https:\/\/sport-index.fr\/blog\/#organization\"},\"image\":{\"@id\":\"https:\/\/sport-index.fr\/blog\/a-la-une\/marco-odermatt-triomphe-en-super-g-un-premier-titre-mondial-eclatant\/#primaryimage\"},\"thumbnailUrl\":\"https:\/\/sport-index.fr\/blog\/wp-content\/uploads\/2025\/02\/sdxl-05b0e8807f472704fe60956fd134384a.png\",\"keywords\":[\"Cyclisme\",\"\u00c9quipe\",\"Performance Durable\",\"R\u00e9silience\",\"Sport\"],\"articleSection\":[\"\u00c0 la une\"],\"inLanguage\":\"fr-FR\",\"potentialAction\":[{\"@type\":\"CommentAction\",\"name\":\"Comment\",\"target\":[\"https:\/\/sport-index.fr\/blog\/a-la-une\/marco-odermatt-triomphe-en-super-g-un-premier-titre-mondial-eclatant\/#respond\"]}]},{\"@type\":\"WebPage\",\"@id\":\"https:\/\/sport-index.fr\/blog\/a-la-une\/marco-odermatt-triomphe-en-super-g-un-premier-titre-mondial-eclatant\/\",\"url\":\"https:\/\/sport-index.fr\/blog\/a-la-une\/marco-odermatt-triomphe-en-super-g-un-premier-titre-mondial-eclatant\/\",\"name\":\"Marco Odermatt triomphe en Super-G : un premier titre\",\"isPartOf\":{\"@id\":\"https:\/\/sport-index.fr\/blog\/#website\"},\"primaryImageOfPage\":{\"@id\":\"https:\/\/sport-index.fr\/blog\/a-la-une\/marco-odermatt-triomphe-en-super-g-un-premier-titre-mondial-eclatant\/#primaryimage\"},\"image\":{\"@id\":\"https:\/\/sport-index.fr\/blog\/a-la-une\/marco-odermatt-triomphe-en-super-g-un-premier-titre-mondial-eclatant\/#primaryimage\"},\"thumbnailUrl\":\"https:\/\/sport-index.fr\/blog\/wp-content\/uploads\/2025\/02\/sdxl-05b0e8807f472704fe60956fd134384a.png\",\"datePublished\":\"2025-02-11T12:09:10+00:00\",\"description\":\"Marco Odermatt, le prodige suisse, a brillamment remport\u00e9 son premier titre mondial en Super-G, mettant ainsi un terme \u00e0 une qu\u00eate ardente qui a dur\u00e9\u2026\",\"inLanguage\":\"fr-FR\",\"potentialAction\":[{\"@type\":\"ReadAction\",\"target\":[\"https:\/\/sport-index.fr\/blog\/a-la-une\/marco-odermatt-triomphe-en-super-g-un-premier-titre-mondial-eclatant\/\"]}]},{\"@type\":\"ImageObject\",\"inLanguage\":\"fr-FR\",\"@id\":\"https:\/\/sport-index.fr\/blog\/a-la-une\/marco-odermatt-triomphe-en-super-g-un-premier-titre-mondial-eclatant\/#primaryimage\",\"url\":\"https:\/\/sport-index.fr\/blog\/wp-content\/uploads\/2025\/02\/sdxl-05b0e8807f472704fe60956fd134384a.png\",\"contentUrl\":\"https:\/\/sport-index.fr\/blog\/wp-content\/uploads\/2025\/02\/sdxl-05b0e8807f472704fe60956fd134384a.png\",\"width\":1536,\"height\":640},{\"@type\":\"WebSite\",\"@id\":\"https:\/\/sport-index.fr\/blog\/#website\",\"url\":\"https:\/\/sport-index.fr\/blog\/\",\"name\":\"sport-index.fr\",\"description\":\"Le score de l\u2019analyse sportive.\",\"publisher\":{\"@id\":\"https:\/\/sport-index.fr\/blog\/#organization\"},\"alternateName\":\"Le score de l\u2019analyse sportive.\",\"potentialAction\":[{\"@type\":\"SearchAction\",\"target\":{\"@type\":\"EntryPoint\",\"urlTemplate\":\"https:\/\/sport-index.fr\/blog\/?s={search_term_string}\"},\"query-input\":{\"@type\":\"PropertyValueSpecification\",\"valueRequired\":true,\"valueName\":\"search_term_string\"}}],\"inLanguage\":\"fr-FR\"},{\"@type\":\"Organization\",\"@id\":\"https:\/\/sport-index.fr\/blog\/#organization\",\"name\":\"Foretsensations.fr\",\"url\":\"https:\/\/sport-index.fr\/blog\/\",\"logo\":{\"@type\":\"ImageObject\",\"inLanguage\":\"fr-FR\",\"@id\":\"https:\/\/sport-index.fr\/blog\/#\/schema\/logo\/image\/\",\"url\":\"https:\/\/sport-index.fr\/blog\/wp-content\/uploads\/2026\/07\/logo-auto.png\",\"contentUrl\":\"https:\/\/sport-index.fr\/blog\/wp-content\/uploads\/2026\/07\/logo-auto.png\",\"width\":1024,\"height\":1024,\"caption\":\"Foretsensations.fr\"},\"image\":{\"@id\":\"https:\/\/sport-index.fr\/blog\/#\/schema\/logo\/image\/\"}},{\"@type\":\"Person\",\"@id\":\"https:\/\/sport-index.fr\/blog\/#\/schema\/person\/3c864cdc320801e3db34b663e7e3f816\",\"name\":\"Axel Lauzier\",\"image\":{\"@type\":\"ImageObject\",\"inLanguage\":\"fr-FR\",\"@id\":\"https:\/\/sport-index.fr\/blog\/#\/schema\/person\/image\/\",\"url\":\"https:\/\/sport-index.fr\/blog\/wp-content\/uploads\/2026\/06\/persona_axel-l-96x96.jpg\",\"contentUrl\":\"https:\/\/sport-index.fr\/blog\/wp-content\/uploads\/2026\/06\/persona_axel-l-96x96.jpg\",\"caption\":\"Axel Lauzier\"},\"description\":\"Le sport rythme mon quotidien depuis l'enfance, et j'en ai fait mon m\u00e9tier d'analyste r\u00e9dactionnel il y a une dizaine d'ann\u00e9es. Je couvre principalement le football, son actualit\u00e9, ses transferts et l'analyse tactique des grandes affiches, mais aussi les disciplines plus confidentielles que j'aime remettre en lumi\u00e8re. Une partie de mon travail porte sur les pronostics et la lecture statistique d'un match : forme des \u00e9quipes, historique des confrontations, compositions, sans jamais vendre de fausse certitude. Je rappelle syst\u00e9matiquement que parier comporte un risque et doit rester un loisir ma\u00eetris\u00e9. Avant de signer une analyse, je v\u00e9rifie mes chiffres, je recoupe les compositions probables et je distingue toujours la donn\u00e9e brute de l'intuition. Mon objectif : offrir une lecture honn\u00eate et argument\u00e9e, pas un ticket gagnant garanti.\",\"sameAs\":[\"https:\/\/axellauzier.fr\/\"],\"url\":\"https:\/\/sport-index.fr\/blog\/auteur\/noname\/\"}]}<\/script>\n<!-- \/ Yoast SEO Premium plugin. -->","yoast_head_json":{"title":"Marco Odermatt triomphe en Super-G : un premier titre","description":"Marco Odermatt, le prodige suisse, a brillamment remport\u00e9 son premier titre mondial en Super-G, mettant ainsi un terme \u00e0 une qu\u00eate ardente qui a dur\u00e9\u2026","robots":{"index":"index","follow":"follow","max-snippet":"max-snippet:-1","max-image-preview":"max-image-preview:large","max-video-preview":"max-video-preview:-1"},"canonical":"https:\/\/sport-index.fr\/blog\/a-la-une\/marco-odermatt-triomphe-en-super-g-un-premier-titre-mondial-eclatant\/","og_locale":"fr_FR","og_type":"article","og_title":"Marco Odermatt triomphe en Super-G : un premier titre","og_description":"Marco Odermatt, le prodige suisse, a brillamment remport\u00e9 son premier titre mondial en Super-G, mettant ainsi un terme \u00e0 une qu\u00eate ardente qui a dur\u00e9\u2026","og_url":"https:\/\/sport-index.fr\/blog\/a-la-une\/marco-odermatt-triomphe-en-super-g-un-premier-titre-mondial-eclatant\/","og_site_name":"sport-index","author":"Axel Lauzier","twitter_card":"summary_large_image","schema":{"@context":"https:\/\/schema.org","@graph":[{"@type":"NewsArticle","@id":"https:\/\/sport-index.fr\/blog\/a-la-une\/marco-odermatt-triomphe-en-super-g-un-premier-titre-mondial-eclatant\/#article","isPartOf":{"@id":"https:\/\/sport-index.fr\/blog\/a-la-une\/marco-odermatt-triomphe-en-super-g-un-premier-titre-mondial-eclatant\/"},"author":{"name":"Axel Lauzier","@id":"https:\/\/sport-index.fr\/blog\/#\/schema\/person\/3c864cdc320801e3db34b663e7e3f816"},"headline":"Marco Odermatt triomphe en Super-G : un premier titre mondial \u00e9clatant","datePublished":"2025-02-11T12:09:10+00:00","mainEntityOfPage":{"@id":"https:\/\/sport-index.fr\/blog\/a-la-une\/marco-odermatt-triomphe-en-super-g-un-premier-titre-mondial-eclatant\/"},"wordCount":640,"commentCount":30,"publisher":{"@id":"https:\/\/sport-index.fr\/blog\/#organization"},"image":{"@id":"https:\/\/sport-index.fr\/blog\/a-la-une\/marco-odermatt-triomphe-en-super-g-un-premier-titre-mondial-eclatant\/#primaryimage"},"thumbnailUrl":"https:\/\/sport-index.fr\/blog\/wp-content\/uploads\/2025\/02\/sdxl-05b0e8807f472704fe60956fd134384a.png","keywords":["Cyclisme","\u00c9quipe","Performance Durable","R\u00e9silience","Sport"],"articleSection":["\u00c0 la une"],"inLanguage":"fr-FR","potentialAction":[{"@type":"CommentAction","name":"Comment","target":["https:\/\/sport-index.fr\/blog\/a-la-une\/marco-odermatt-triomphe-en-super-g-un-premier-titre-mondial-eclatant\/#respond"]}]},{"@type":"WebPage","@id":"https:\/\/sport-index.fr\/blog\/a-la-une\/marco-odermatt-triomphe-en-super-g-un-premier-titre-mondial-eclatant\/","url":"https:\/\/sport-index.fr\/blog\/a-la-une\/marco-odermatt-triomphe-en-super-g-un-premier-titre-mondial-eclatant\/","name":"Marco Odermatt triomphe en Super-G : un premier titre","isPartOf":{"@id":"https:\/\/sport-index.fr\/blog\/#website"},"primaryImageOfPage":{"@id":"https:\/\/sport-index.fr\/blog\/a-la-une\/marco-odermatt-triomphe-en-super-g-un-premier-titre-mondial-eclatant\/#primaryimage"},"image":{"@id":"https:\/\/sport-index.fr\/blog\/a-la-une\/marco-odermatt-triomphe-en-super-g-un-premier-titre-mondial-eclatant\/#primaryimage"},"thumbnailUrl":"https:\/\/sport-index.fr\/blog\/wp-content\/uploads\/2025\/02\/sdxl-05b0e8807f472704fe60956fd134384a.png","datePublished":"2025-02-11T12:09:10+00:00","description":"Marco Odermatt, le prodige suisse, a brillamment remport\u00e9 son premier titre mondial en Super-G, mettant ainsi un terme \u00e0 une qu\u00eate ardente qui a dur\u00e9\u2026","inLanguage":"fr-FR","potentialAction":[{"@type":"ReadAction","target":["https:\/\/sport-index.fr\/blog\/a-la-une\/marco-odermatt-triomphe-en-super-g-un-premier-titre-mondial-eclatant\/"]}]},{"@type":"ImageObject","inLanguage":"fr-FR","@id":"https:\/\/sport-index.fr\/blog\/a-la-une\/marco-odermatt-triomphe-en-super-g-un-premier-titre-mondial-eclatant\/#primaryimage","url":"https:\/\/sport-index.fr\/blog\/wp-content\/uploads\/2025\/02\/sdxl-05b0e8807f472704fe60956fd134384a.png","contentUrl":"https:\/\/sport-index.fr\/blog\/wp-content\/uploads\/2025\/02\/sdxl-05b0e8807f472704fe60956fd134384a.png","width":1536,"height":640},{"@type":"WebSite","@id":"https:\/\/sport-index.fr\/blog\/#website","url":"https:\/\/sport-index.fr\/blog\/","name":"sport-index.fr","description":"Le score de l\u2019analyse sportive.","publisher":{"@id":"https:\/\/sport-index.fr\/blog\/#organization"},"alternateName":"Le score de l\u2019analyse sportive.","potentialAction":[{"@type":"SearchAction","target":{"@type":"EntryPoint","urlTemplate":"https:\/\/sport-index.fr\/blog\/?s={search_term_string}"},"query-input":{"@type":"PropertyValueSpecification","valueRequired":true,"valueName":"search_term_string"}}],"inLanguage":"fr-FR"},{"@type":"Organization","@id":"https:\/\/sport-index.fr\/blog\/#organization","name":"Foretsensations.fr","url":"https:\/\/sport-index.fr\/blog\/","logo":{"@type":"ImageObject","inLanguage":"fr-FR","@id":"https:\/\/sport-index.fr\/blog\/#\/schema\/logo\/image\/","url":"https:\/\/sport-index.fr\/blog\/wp-content\/uploads\/2026\/07\/logo-auto.png","contentUrl":"https:\/\/sport-index.fr\/blog\/wp-content\/uploads\/2026\/07\/logo-auto.png","width":1024,"height":1024,"caption":"Foretsensations.fr"},"image":{"@id":"https:\/\/sport-index.fr\/blog\/#\/schema\/logo\/image\/"}},{"@type":"Person","@id":"https:\/\/sport-index.fr\/blog\/#\/schema\/person\/3c864cdc320801e3db34b663e7e3f816","name":"Axel Lauzier","image":{"@type":"ImageObject","inLanguage":"fr-FR","@id":"https:\/\/sport-index.fr\/blog\/#\/schema\/person\/image\/","url":"https:\/\/sport-index.fr\/blog\/wp-content\/uploads\/2026\/06\/persona_axel-l-96x96.jpg","contentUrl":"https:\/\/sport-index.fr\/blog\/wp-content\/uploads\/2026\/06\/persona_axel-l-96x96.jpg","caption":"Axel Lauzier"},"description":"Le sport rythme mon quotidien depuis l'enfance, et j'en ai fait mon m\u00e9tier d'analyste r\u00e9dactionnel il y a une dizaine d'ann\u00e9es. Je couvre principalement le football, son actualit\u00e9, ses transferts et l'analyse tactique des grandes affiches, mais aussi les disciplines plus confidentielles que j'aime remettre en lumi\u00e8re. Une partie de mon travail porte sur les pronostics et la lecture statistique d'un match : forme des \u00e9quipes, historique des confrontations, compositions, sans jamais vendre de fausse certitude. Je rappelle syst\u00e9matiquement que parier comporte un risque et doit rester un loisir ma\u00eetris\u00e9. Avant de signer une analyse, je v\u00e9rifie mes chiffres, je recoupe les compositions probables et je distingue toujours la donn\u00e9e brute de l'intuition. Mon objectif : offrir une lecture honn\u00eate et argument\u00e9e, pas un ticket gagnant garanti.","sameAs":["https:\/\/axellauzier.fr\/"],"url":"https:\/\/sport-index.fr\/blog\/auteur\/noname\/"}]}},"_links":{"self":[{"href":"https:\/\/sport-index.fr\/blog\/wp-json\/wp\/v2\/posts\/8151","targetHints":{"allow":["GET"]}}],"collection":[{"href":"https:\/\/sport-index.fr\/blog\/wp-json\/wp\/v2\/posts"}],"about":[{"href":"https:\/\/sport-index.fr\/blog\/wp-json\/wp\/v2\/types\/post"}],"author":[{"embeddable":true,"href":"https:\/\/sport-index.fr\/blog\/wp-json\/wp\/v2\/users\/34"}],"replies":[{"embeddable":true,"href":"https:\/\/sport-index.fr\/blog\/wp-json\/wp\/v2\/comments?post=8151"}],"version-history":[{"count":1,"href":"https:\/\/sport-index.fr\/blog\/wp-json\/wp\/v2\/posts\/8151\/revisions"}],"predecessor-version":[{"id":8183,"href":"https:\/\/sport-index.fr\/blog\/wp-json\/wp\/v2\/posts\/8151\/revisions\/8183"}],"wp:featuredmedia":[{"embeddable":true,"href":"https:\/\/sport-index.fr\/blog\/wp-json\/wp\/v2\/media\/11185"}],"wp:attachment":[{"href":"https:\/\/sport-index.fr\/blog\/wp-json\/wp\/v2\/media?parent=8151"}],"wp:term":[{"taxonomy":"category","embeddable":true,"href":"https:\/\/sport-index.fr\/blog\/wp-json\/wp\/v2\/categories?post=8151"},{"taxonomy":"post_tag","embeddable":true,"href":"https:\/\/sport-index.fr\/blog\/wp-json\/wp\/v2\/tags?post=8151"}],"curies":[{"name":"wp","href":"https:\/\/api.w.org\/{rel}","templated":true}]}}