{"id":8164,"date":"2026-09-02T09:27:27","date_gmt":"2026-09-02T07:27:27","guid":{"rendered":"https:\/\/sport-index.fr\/blog\/?p=8164"},"modified":"2026-09-02T09:27:27","modified_gmt":"2026-09-02T07:27:27","slug":"evita-muzic-et-demi-vollering-des-ambitions-communes-pour-le-cyclisme-feminin","status":"publish","type":"post","link":"https:\/\/sport-index.fr\/blog\/a-la-une\/evita-muzic-et-demi-vollering-des-ambitions-communes-pour-le-cyclisme-feminin\/","title":{"rendered":"Evita Muzic et Demi Vollering : des ambitions communes pour le cyclisme f\u00e9minin"},"content":{"rendered":"<h2>Une arriv\u00e9e qui change la donne pour la FDJ-SUEZ<\/h2>\n<p>Interrog\u00e9e en f\u00e9vrier 2025 dans l&rsquo;\u00e9mission \u00ab Bistrot V\u00e9lo \u00bb (Eurosport) sur l&rsquo;arriv\u00e9e de Demi Vollering au sein de la formation FDJ-SUEZ, Evita Muzic, grimpeuse fran\u00e7aise de 25 ans, s&rsquo;\u00e9tait montr\u00e9e confiante : \u00ab On a les meilleurs moyens et les meilleures filles, on n&rsquo;a pas d&rsquo;excuse. \u00bb<br \/>\nLes deux coureuses \u00e9taient alors bel et bien co\u00e9quipi\u00e8res : Vollering venait de quitter SD Worx, o\u00f9 elle courait depuis 2020, pour rejoindre la FDJ-SUEZ \u00e0 l&rsquo;intersaison 2024-2025 ; Muzic, elle, portait ce maillot depuis plusieurs saisons et avait vu son contrat prolong\u00e9 jusqu&rsquo;\u00e0 fin 2027 d\u00e8s janvier 2024.<\/p>\n<h2>Ce que confirme la source, et ce qu&rsquo;on ne peut pas lui faire dire<\/h2>\n<p>La vid\u00e9o Eurosport dont est tir\u00e9e cette d\u00e9claration ne comporte pas de retranscription int\u00e9grale : au-del\u00e0 de cette phrase et du cadre de l&rsquo;interview, aucun autre propos pr\u00e9cis de Muzic n&rsquo;est disponible. Cet article se limite donc \u00e0 ce qui est \u00e9tabli : l&rsquo;interview a bien eu lieu, elle portait sur l&rsquo;arriv\u00e9e de Vollering, et Muzic y exprimait l&rsquo;espoir d&rsquo;en tirer un b\u00e9n\u00e9fice collectif pour une \u00e9quipe pr\u00e9sent\u00e9e comme l&rsquo;une des plus attendues du peloton f\u00e9minin en 2025.<\/p>\n<h2>Deux palmar\u00e8s distincts, une seule \u00e9quipe<\/h2>\n<ul>\n<li>Demi Vollering (Pays-Bas) : form\u00e9e \u00e0 Parkhotel Valkenburg (2018-2019), pass\u00e9e par SD Worx (2020-2024) o\u00f9 elle a notamment remport\u00e9 le Tour de France Femmes 2023, elle rejoint la FDJ-SUEZ pour la saison 2025.<\/li>\n<li>Evita Muzic (France, 25 ans en 2025) : championne de France sur route 2021, vainqueure d&rsquo;une \u00e9tape du Tour d&rsquo;Italie et d&rsquo;une \u00e9tape du Tour d&rsquo;Espagne f\u00e9minins, ex-championne de France espoirs (2019) et de cyclo-cross cadettes (2014-2015).<\/li>\n<\/ul>\n<h2>Le d\u00e9nouement, dix-huit mois plus tard<\/h2>\n<p>La saison 2025 a en partie confirm\u00e9 les ambitions affich\u00e9es par Muzic pour son \u00e9quipe, port\u00e9e par sa nouvelle recrue :<\/p>\n<ul>\n<li>Demi Vollering a termin\u00e9 <strong>2\u1d49 du Tour de France Femmes 2025<\/strong>, apr\u00e8s avoir remport\u00e9 entre autres le Tour d&rsquo;Espagne f\u00e9minin, les Strade Bianche, le Tour du Pays basque et le Tour de Catalogne, avant de d\u00e9crocher le titre de championne d&rsquo;Europe sur route le 4 octobre 2025 ; elle a ensuite remport\u00e9 le Tour de France Femmes 2026, devenant la premi\u00e8re femme \u00e0 s&rsquo;imposer deux fois sur l&rsquo;\u00e9preuve.<\/li>\n<li>Evita Muzic a termin\u00e9 <strong>10\u1d49 du Tour de France Femmes 2025<\/strong> et 10\u1d49 du Tour d&rsquo;Espagne f\u00e9minin la m\u00eame saison.<\/li>\n<\/ul>\n<p><em>Article publi\u00e9 le 12 f\u00e9vrier 2025, rev\u00e9rifi\u00e9 et compl\u00e9t\u00e9 le 2 septembre 2026.<\/em><\/p>\n","protected":false},"excerpt":{"rendered":"","protected":false},"author":34,"featured_media":11182,"comment_status":"open","ping_status":"open","sticky":false,"template":"","format":"standard","meta":{"_acf_changed":false,"manual_indexmenow":false,"indexmenow_id_project":0,"footnotes":""},"categories":[1],"tags":[4545,4526,4614,4544,4543],"class_list":["post-8164","post","type-post","status-publish","format-standard","has-post-thumbnail","hentry","category-a-la-une","tag-confiance","tag-cyclisme-feminin","tag-encadrement-professionnel","tag-equipe","tag-performance","generate-columns","tablet-grid-50","mobile-grid-100","grid-parent","grid-25"],"acf":[],"yoast_head":"<!-- This site is optimized with the Yoast SEO Premium plugin v21.3 (Yoast SEO v26.5) - https:\/\/yoast.com\/wordpress\/plugins\/seo\/ -->\n<title>Evita Muzic et Demi Vollering : des ambitions communes pour le cyclisme f\u00e9minin<\/title>\n<meta name=\"description\" content=\"Evita Muzic, grimpeuse fran\u00e7aise de la FDJ-SUEZ, se disait confiante en f\u00e9vrier 2025 apr\u00e8s l&#039;arriv\u00e9e de sa co\u00e9quipi\u00e8re Demi Vollering. Dix-huit mois plus tard : les deux r\u00e9sultats, v\u00e9rifi\u00e9s.\" \/>\n<meta name=\"robots\" content=\"index, follow, max-snippet:-1, max-image-preview:large, max-video-preview:-1\" \/>\n<link rel=\"canonical\" href=\"https:\/\/sport-index.fr\/blog\/a-la-une\/evita-muzic-et-demi-vollering-des-ambitions-communes-pour-le-cyclisme-feminin\/\" \/>\n<meta property=\"og:locale\" content=\"fr_FR\" \/>\n<meta property=\"og:type\" content=\"article\" \/>\n<meta property=\"og:title\" content=\"Evita Muzic et Demi Vollering : des ambitions communes pour le cyclisme f\u00e9minin\" \/>\n<meta property=\"og:description\" content=\"Evita Muzic, grimpeuse fran\u00e7aise de la FDJ-SUEZ, se disait confiante en f\u00e9vrier 2025 apr\u00e8s l&#039;arriv\u00e9e de sa co\u00e9quipi\u00e8re Demi Vollering. Dix-huit mois plus tard : les deux r\u00e9sultats, v\u00e9rifi\u00e9s.\" \/>\n<meta property=\"og:url\" content=\"https:\/\/sport-index.fr\/blog\/a-la-une\/evita-muzic-et-demi-vollering-des-ambitions-communes-pour-le-cyclisme-feminin\/\" \/>\n<meta property=\"og:site_name\" content=\"sport-index\" \/>\n<meta name=\"author\" content=\"Axel Lauzier\" \/>\n<meta name=\"twitter:card\" content=\"summary_large_image\" \/>\n<script type=\"application\/ld+json\" class=\"yoast-schema-graph\">{\"@context\":\"https:\/\/schema.org\",\"@graph\":[{\"@type\":\"NewsArticle\",\"@id\":\"https:\/\/sport-index.fr\/blog\/a-la-une\/evita-muzic-et-demi-vollering-des-ambitions-communes-pour-le-cyclisme-feminin\/#article\",\"isPartOf\":{\"@id\":\"https:\/\/sport-index.fr\/blog\/a-la-une\/evita-muzic-et-demi-vollering-des-ambitions-communes-pour-le-cyclisme-feminin\/\"},\"author\":{\"name\":\"Axel Lauzier\",\"@id\":\"https:\/\/sport-index.fr\/blog\/#\/schema\/person\/3c864cdc320801e3db34b663e7e3f816\"},\"headline\":\"Evita Muzic et Demi Vollering : des ambitions communes pour le cyclisme f\u00e9minin\",\"datePublished\":\"2026-09-02T07:27:27+00:00\",\"mainEntityOfPage\":{\"@id\":\"https:\/\/sport-index.fr\/blog\/a-la-une\/evita-muzic-et-demi-vollering-des-ambitions-communes-pour-le-cyclisme-feminin\/\"},\"wordCount\":433,\"commentCount\":20,\"publisher\":{\"@id\":\"https:\/\/sport-index.fr\/blog\/#organization\"},\"image\":{\"@id\":\"https:\/\/sport-index.fr\/blog\/a-la-une\/evita-muzic-et-demi-vollering-des-ambitions-communes-pour-le-cyclisme-feminin\/#primaryimage\"},\"thumbnailUrl\":\"https:\/\/sport-index.fr\/blog\/wp-content\/uploads\/2025\/02\/sdxl-e72f77bc0e3c4308d902466eccb0cb39.png\",\"keywords\":[\"Confiance\",\"Cyclisme F\u00e9minin\",\"Encadrement professionnel\",\"\u00c9quipe\",\"Performance\"],\"articleSection\":[\"\u00c0 la une\"],\"inLanguage\":\"fr-FR\",\"potentialAction\":[{\"@type\":\"CommentAction\",\"name\":\"Comment\",\"target\":[\"https:\/\/sport-index.fr\/blog\/a-la-une\/evita-muzic-et-demi-vollering-des-ambitions-communes-pour-le-cyclisme-feminin\/#respond\"]}]},{\"@type\":\"WebPage\",\"@id\":\"https:\/\/sport-index.fr\/blog\/a-la-une\/evita-muzic-et-demi-vollering-des-ambitions-communes-pour-le-cyclisme-feminin\/\",\"url\":\"https:\/\/sport-index.fr\/blog\/a-la-une\/evita-muzic-et-demi-vollering-des-ambitions-communes-pour-le-cyclisme-feminin\/\",\"name\":\"Evita Muzic et Demi Vollering : des ambitions communes pour le cyclisme f\u00e9minin\",\"isPartOf\":{\"@id\":\"https:\/\/sport-index.fr\/blog\/#website\"},\"primaryImageOfPage\":{\"@id\":\"https:\/\/sport-index.fr\/blog\/a-la-une\/evita-muzic-et-demi-vollering-des-ambitions-communes-pour-le-cyclisme-feminin\/#primaryimage\"},\"image\":{\"@id\":\"https:\/\/sport-index.fr\/blog\/a-la-une\/evita-muzic-et-demi-vollering-des-ambitions-communes-pour-le-cyclisme-feminin\/#primaryimage\"},\"thumbnailUrl\":\"https:\/\/sport-index.fr\/blog\/wp-content\/uploads\/2025\/02\/sdxl-e72f77bc0e3c4308d902466eccb0cb39.png\",\"datePublished\":\"2026-09-02T07:27:27+00:00\",\"description\":\"Evita Muzic, grimpeuse fran\u00e7aise de la FDJ-SUEZ, se disait confiante en f\u00e9vrier 2025 apr\u00e8s l'arriv\u00e9e de sa co\u00e9quipi\u00e8re Demi Vollering. Dix-huit mois plus tard : les deux r\u00e9sultats, v\u00e9rifi\u00e9s.\",\"inLanguage\":\"fr-FR\",\"potentialAction\":[{\"@type\":\"ReadAction\",\"target\":[\"https:\/\/sport-index.fr\/blog\/a-la-une\/evita-muzic-et-demi-vollering-des-ambitions-communes-pour-le-cyclisme-feminin\/\"]}]},{\"@type\":\"ImageObject\",\"inLanguage\":\"fr-FR\",\"@id\":\"https:\/\/sport-index.fr\/blog\/a-la-une\/evita-muzic-et-demi-vollering-des-ambitions-communes-pour-le-cyclisme-feminin\/#primaryimage\",\"url\":\"https:\/\/sport-index.fr\/blog\/wp-content\/uploads\/2025\/02\/sdxl-e72f77bc0e3c4308d902466eccb0cb39.png\",\"contentUrl\":\"https:\/\/sport-index.fr\/blog\/wp-content\/uploads\/2025\/02\/sdxl-e72f77bc0e3c4308d902466eccb0cb39.png\",\"width\":1536,\"height\":640},{\"@type\":\"WebSite\",\"@id\":\"https:\/\/sport-index.fr\/blog\/#website\",\"url\":\"https:\/\/sport-index.fr\/blog\/\",\"name\":\"sport-index.fr\",\"description\":\"Le score de l\u2019analyse sportive.\",\"publisher\":{\"@id\":\"https:\/\/sport-index.fr\/blog\/#organization\"},\"alternateName\":\"Le score de l\u2019analyse sportive.\",\"potentialAction\":[{\"@type\":\"SearchAction\",\"target\":{\"@type\":\"EntryPoint\",\"urlTemplate\":\"https:\/\/sport-index.fr\/blog\/?s={search_term_string}\"},\"query-input\":{\"@type\":\"PropertyValueSpecification\",\"valueRequired\":true,\"valueName\":\"search_term_string\"}}],\"inLanguage\":\"fr-FR\"},{\"@type\":\"Organization\",\"@id\":\"https:\/\/sport-index.fr\/blog\/#organization\",\"name\":\"Foretsensations.fr\",\"url\":\"https:\/\/sport-index.fr\/blog\/\",\"logo\":{\"@type\":\"ImageObject\",\"inLanguage\":\"fr-FR\",\"@id\":\"https:\/\/sport-index.fr\/blog\/#\/schema\/logo\/image\/\",\"url\":\"https:\/\/sport-index.fr\/blog\/wp-content\/uploads\/2026\/07\/logo-auto.png\",\"contentUrl\":\"https:\/\/sport-index.fr\/blog\/wp-content\/uploads\/2026\/07\/logo-auto.png\",\"width\":1024,\"height\":1024,\"caption\":\"Foretsensations.fr\"},\"image\":{\"@id\":\"https:\/\/sport-index.fr\/blog\/#\/schema\/logo\/image\/\"}},{\"@type\":\"Person\",\"@id\":\"https:\/\/sport-index.fr\/blog\/#\/schema\/person\/3c864cdc320801e3db34b663e7e3f816\",\"name\":\"Axel Lauzier\",\"image\":{\"@type\":\"ImageObject\",\"inLanguage\":\"fr-FR\",\"@id\":\"https:\/\/sport-index.fr\/blog\/#\/schema\/person\/image\/\",\"url\":\"https:\/\/sport-index.fr\/blog\/wp-content\/uploads\/2026\/06\/persona_axel-l-96x96.jpg\",\"contentUrl\":\"https:\/\/sport-index.fr\/blog\/wp-content\/uploads\/2026\/06\/persona_axel-l-96x96.jpg\",\"caption\":\"Axel Lauzier\"},\"description\":\"Le sport rythme mon quotidien depuis l'enfance, et j'en ai fait mon m\u00e9tier d'analyste r\u00e9dactionnel il y a une dizaine d'ann\u00e9es. Je couvre principalement le football, son actualit\u00e9, ses transferts et l'analyse tactique des grandes affiches, mais aussi les disciplines plus confidentielles que j'aime remettre en lumi\u00e8re. Une partie de mon travail porte sur les pronostics et la lecture statistique d'un match : forme des \u00e9quipes, historique des confrontations, compositions, sans jamais vendre de fausse certitude. Je rappelle syst\u00e9matiquement que parier comporte un risque et doit rester un loisir ma\u00eetris\u00e9. Avant de signer une analyse, je v\u00e9rifie mes chiffres, je recoupe les compositions probables et je distingue toujours la donn\u00e9e brute de l'intuition. Mon objectif : offrir une lecture honn\u00eate et argument\u00e9e, pas un ticket gagnant garanti.\",\"sameAs\":[\"https:\/\/axellauzier.fr\/\"],\"url\":\"https:\/\/sport-index.fr\/blog\/auteur\/noname\/\"}]}<\/script>\n<!-- \/ Yoast SEO Premium plugin. -->","yoast_head_json":{"title":"Evita Muzic et Demi Vollering : des ambitions communes pour le cyclisme f\u00e9minin","description":"Evita Muzic, grimpeuse fran\u00e7aise de la FDJ-SUEZ, se disait confiante en f\u00e9vrier 2025 apr\u00e8s l'arriv\u00e9e de sa co\u00e9quipi\u00e8re Demi Vollering. Dix-huit mois plus tard : les deux r\u00e9sultats, v\u00e9rifi\u00e9s.","robots":{"index":"index","follow":"follow","max-snippet":"max-snippet:-1","max-image-preview":"max-image-preview:large","max-video-preview":"max-video-preview:-1"},"canonical":"https:\/\/sport-index.fr\/blog\/a-la-une\/evita-muzic-et-demi-vollering-des-ambitions-communes-pour-le-cyclisme-feminin\/","og_locale":"fr_FR","og_type":"article","og_title":"Evita Muzic et Demi Vollering : des ambitions communes pour le cyclisme f\u00e9minin","og_description":"Evita Muzic, grimpeuse fran\u00e7aise de la FDJ-SUEZ, se disait confiante en f\u00e9vrier 2025 apr\u00e8s l'arriv\u00e9e de sa co\u00e9quipi\u00e8re Demi Vollering. Dix-huit mois plus tard : les deux r\u00e9sultats, v\u00e9rifi\u00e9s.","og_url":"https:\/\/sport-index.fr\/blog\/a-la-une\/evita-muzic-et-demi-vollering-des-ambitions-communes-pour-le-cyclisme-feminin\/","og_site_name":"sport-index","author":"Axel Lauzier","twitter_card":"summary_large_image","schema":{"@context":"https:\/\/schema.org","@graph":[{"@type":"NewsArticle","@id":"https:\/\/sport-index.fr\/blog\/a-la-une\/evita-muzic-et-demi-vollering-des-ambitions-communes-pour-le-cyclisme-feminin\/#article","isPartOf":{"@id":"https:\/\/sport-index.fr\/blog\/a-la-une\/evita-muzic-et-demi-vollering-des-ambitions-communes-pour-le-cyclisme-feminin\/"},"author":{"name":"Axel Lauzier","@id":"https:\/\/sport-index.fr\/blog\/#\/schema\/person\/3c864cdc320801e3db34b663e7e3f816"},"headline":"Evita Muzic et Demi Vollering : des ambitions communes pour le cyclisme f\u00e9minin","datePublished":"2026-09-02T07:27:27+00:00","mainEntityOfPage":{"@id":"https:\/\/sport-index.fr\/blog\/a-la-une\/evita-muzic-et-demi-vollering-des-ambitions-communes-pour-le-cyclisme-feminin\/"},"wordCount":433,"commentCount":20,"publisher":{"@id":"https:\/\/sport-index.fr\/blog\/#organization"},"image":{"@id":"https:\/\/sport-index.fr\/blog\/a-la-une\/evita-muzic-et-demi-vollering-des-ambitions-communes-pour-le-cyclisme-feminin\/#primaryimage"},"thumbnailUrl":"https:\/\/sport-index.fr\/blog\/wp-content\/uploads\/2025\/02\/sdxl-e72f77bc0e3c4308d902466eccb0cb39.png","keywords":["Confiance","Cyclisme F\u00e9minin","Encadrement professionnel","\u00c9quipe","Performance"],"articleSection":["\u00c0 la une"],"inLanguage":"fr-FR","potentialAction":[{"@type":"CommentAction","name":"Comment","target":["https:\/\/sport-index.fr\/blog\/a-la-une\/evita-muzic-et-demi-vollering-des-ambitions-communes-pour-le-cyclisme-feminin\/#respond"]}]},{"@type":"WebPage","@id":"https:\/\/sport-index.fr\/blog\/a-la-une\/evita-muzic-et-demi-vollering-des-ambitions-communes-pour-le-cyclisme-feminin\/","url":"https:\/\/sport-index.fr\/blog\/a-la-une\/evita-muzic-et-demi-vollering-des-ambitions-communes-pour-le-cyclisme-feminin\/","name":"Evita Muzic et Demi Vollering : des ambitions communes pour le cyclisme f\u00e9minin","isPartOf":{"@id":"https:\/\/sport-index.fr\/blog\/#website"},"primaryImageOfPage":{"@id":"https:\/\/sport-index.fr\/blog\/a-la-une\/evita-muzic-et-demi-vollering-des-ambitions-communes-pour-le-cyclisme-feminin\/#primaryimage"},"image":{"@id":"https:\/\/sport-index.fr\/blog\/a-la-une\/evita-muzic-et-demi-vollering-des-ambitions-communes-pour-le-cyclisme-feminin\/#primaryimage"},"thumbnailUrl":"https:\/\/sport-index.fr\/blog\/wp-content\/uploads\/2025\/02\/sdxl-e72f77bc0e3c4308d902466eccb0cb39.png","datePublished":"2026-09-02T07:27:27+00:00","description":"Evita Muzic, grimpeuse fran\u00e7aise de la FDJ-SUEZ, se disait confiante en f\u00e9vrier 2025 apr\u00e8s l'arriv\u00e9e de sa co\u00e9quipi\u00e8re Demi Vollering. Dix-huit mois plus tard : les deux r\u00e9sultats, v\u00e9rifi\u00e9s.","inLanguage":"fr-FR","potentialAction":[{"@type":"ReadAction","target":["https:\/\/sport-index.fr\/blog\/a-la-une\/evita-muzic-et-demi-vollering-des-ambitions-communes-pour-le-cyclisme-feminin\/"]}]},{"@type":"ImageObject","inLanguage":"fr-FR","@id":"https:\/\/sport-index.fr\/blog\/a-la-une\/evita-muzic-et-demi-vollering-des-ambitions-communes-pour-le-cyclisme-feminin\/#primaryimage","url":"https:\/\/sport-index.fr\/blog\/wp-content\/uploads\/2025\/02\/sdxl-e72f77bc0e3c4308d902466eccb0cb39.png","contentUrl":"https:\/\/sport-index.fr\/blog\/wp-content\/uploads\/2025\/02\/sdxl-e72f77bc0e3c4308d902466eccb0cb39.png","width":1536,"height":640},{"@type":"WebSite","@id":"https:\/\/sport-index.fr\/blog\/#website","url":"https:\/\/sport-index.fr\/blog\/","name":"sport-index.fr","description":"Le score de l\u2019analyse sportive.","publisher":{"@id":"https:\/\/sport-index.fr\/blog\/#organization"},"alternateName":"Le score de l\u2019analyse sportive.","potentialAction":[{"@type":"SearchAction","target":{"@type":"EntryPoint","urlTemplate":"https:\/\/sport-index.fr\/blog\/?s={search_term_string}"},"query-input":{"@type":"PropertyValueSpecification","valueRequired":true,"valueName":"search_term_string"}}],"inLanguage":"fr-FR"},{"@type":"Organization","@id":"https:\/\/sport-index.fr\/blog\/#organization","name":"Foretsensations.fr","url":"https:\/\/sport-index.fr\/blog\/","logo":{"@type":"ImageObject","inLanguage":"fr-FR","@id":"https:\/\/sport-index.fr\/blog\/#\/schema\/logo\/image\/","url":"https:\/\/sport-index.fr\/blog\/wp-content\/uploads\/2026\/07\/logo-auto.png","contentUrl":"https:\/\/sport-index.fr\/blog\/wp-content\/uploads\/2026\/07\/logo-auto.png","width":1024,"height":1024,"caption":"Foretsensations.fr"},"image":{"@id":"https:\/\/sport-index.fr\/blog\/#\/schema\/logo\/image\/"}},{"@type":"Person","@id":"https:\/\/sport-index.fr\/blog\/#\/schema\/person\/3c864cdc320801e3db34b663e7e3f816","name":"Axel Lauzier","image":{"@type":"ImageObject","inLanguage":"fr-FR","@id":"https:\/\/sport-index.fr\/blog\/#\/schema\/person\/image\/","url":"https:\/\/sport-index.fr\/blog\/wp-content\/uploads\/2026\/06\/persona_axel-l-96x96.jpg","contentUrl":"https:\/\/sport-index.fr\/blog\/wp-content\/uploads\/2026\/06\/persona_axel-l-96x96.jpg","caption":"Axel Lauzier"},"description":"Le sport rythme mon quotidien depuis l'enfance, et j'en ai fait mon m\u00e9tier d'analyste r\u00e9dactionnel il y a une dizaine d'ann\u00e9es. Je couvre principalement le football, son actualit\u00e9, ses transferts et l'analyse tactique des grandes affiches, mais aussi les disciplines plus confidentielles que j'aime remettre en lumi\u00e8re. Une partie de mon travail porte sur les pronostics et la lecture statistique d'un match : forme des \u00e9quipes, historique des confrontations, compositions, sans jamais vendre de fausse certitude. Je rappelle syst\u00e9matiquement que parier comporte un risque et doit rester un loisir ma\u00eetris\u00e9. Avant de signer une analyse, je v\u00e9rifie mes chiffres, je recoupe les compositions probables et je distingue toujours la donn\u00e9e brute de l'intuition. Mon objectif : offrir une lecture honn\u00eate et argument\u00e9e, pas un ticket gagnant garanti.","sameAs":["https:\/\/axellauzier.fr\/"],"url":"https:\/\/sport-index.fr\/blog\/auteur\/noname\/"}]}},"_links":{"self":[{"href":"https:\/\/sport-index.fr\/blog\/wp-json\/wp\/v2\/posts\/8164","targetHints":{"allow":["GET"]}}],"collection":[{"href":"https:\/\/sport-index.fr\/blog\/wp-json\/wp\/v2\/posts"}],"about":[{"href":"https:\/\/sport-index.fr\/blog\/wp-json\/wp\/v2\/types\/post"}],"author":[{"embeddable":true,"href":"https:\/\/sport-index.fr\/blog\/wp-json\/wp\/v2\/users\/34"}],"replies":[{"embeddable":true,"href":"https:\/\/sport-index.fr\/blog\/wp-json\/wp\/v2\/comments?post=8164"}],"version-history":[{"count":2,"href":"https:\/\/sport-index.fr\/blog\/wp-json\/wp\/v2\/posts\/8164\/revisions"}],"predecessor-version":[{"id":18480,"href":"https:\/\/sport-index.fr\/blog\/wp-json\/wp\/v2\/posts\/8164\/revisions\/18480"}],"wp:featuredmedia":[{"embeddable":true,"href":"https:\/\/sport-index.fr\/blog\/wp-json\/wp\/v2\/media\/11182"}],"wp:attachment":[{"href":"https:\/\/sport-index.fr\/blog\/wp-json\/wp\/v2\/media?parent=8164"}],"wp:term":[{"taxonomy":"category","embeddable":true,"href":"https:\/\/sport-index.fr\/blog\/wp-json\/wp\/v2\/categories?post=8164"},{"taxonomy":"post_tag","embeddable":true,"href":"https:\/\/sport-index.fr\/blog\/wp-json\/wp\/v2\/tags?post=8164"}],"curies":[{"name":"wp","href":"https:\/\/api.w.org\/{rel}","templated":true}]}}