{"id":8173,"date":"2025-02-11T18:45:19","date_gmt":"2025-02-11T17:45:19","guid":{"rendered":"https:\/\/sport-index.fr\/blog\/?p=8173"},"modified":"2025-02-11T11:24:57","modified_gmt":"2025-02-11T10:24:57","slug":"la-descente-audacieuse-de-franjo-von-allmen-un-moment-fort-du-ski-alpin","status":"publish","type":"post","link":"https:\/\/sport-index.fr\/blog\/a-la-une\/la-descente-audacieuse-de-franjo-von-allmen-un-moment-fort-du-ski-alpin\/","title":{"rendered":"la descente audacieuse de Franjo Von Allmen : un moment fort du ski alpin"},"content":{"rendered":"<p>Cependant, lors des r\u00e9cents Championnats du monde, Franjo Von Allmen a d\u00e9montr\u00e9 que parfois, il faut prendre des risques pour r\u00e9aliser l&rsquo;impensable. Sa descente audacieuse a captiv\u00e9 le public et a mis en lumi\u00e8re sa capacit\u00e9 \u00e0 g\u00e9rer des situations extr\u00eames tout en maintenant une vitesse impressionnante.<\/p>\n<h2>La performance exceptionnelle de Franjo Von Allmen<\/h2>\n<p>Franjo Von Allmen a su prouver que la prise de risques peut mener \u00e0 des r\u00e9sultats \u00e9blouissants. Ce dimanche-l\u00e0, il a fr\u00f4l\u00e9 le d\u00e9sastre \u00e0 plusieurs reprises, mais il a r\u00e9ussi \u00e0 corriger ses erreurs avec une agilit\u00e9 remarquable. Chaque virage o\u00f9 il semblait sur le point de perdre le contr\u00f4le s&rsquo;est transform\u00e9 en une d\u00e9monstration de ma\u00eetrise technique.<\/p>\n<p>En prenant les commandes de la course, il a d\u00e9montr\u00e9 non seulement sa rapidit\u00e9, mais aussi son intelligence de course. Les spectateurs ont \u00e9t\u00e9 tenus en haleine, t\u00e9moignant d\u2019un athl\u00e8te qui ne recule devant rien pour atteindre les sommets. La vid\u00e9o de sa descente circule d\u00e9j\u00e0, t\u00e9moignant de moments de tension et d&rsquo;excitation inou\u00efs.<\/p>\n<h2>Un parcours sem\u00e9 d&#8217;emb\u00fbches<\/h2>\n<p>Les descentes en ski alpin sont des \u00e9preuves redoutables, et la course de Franjo Von Allmen ne faisait pas exception. \u00c0 chaque tournant, des obstacles inattendus se dressaient sur son chemin, mettant \u00e0 l&rsquo;\u00e9preuve ses comp\u00e9tences. Sa capacit\u00e9 \u00e0 r\u00e9agir rapidement et \u00e0 ajuster sa trajectoire a \u00e9t\u00e9 essentielle pour \u00e9viter les chutes catastrophiques.<\/p>\n<p>Les conditions de la piste \u00e9taient difficiles, ajoutant une couche de complexit\u00e9 \u00e0 la performance. Malgr\u00e9 cela, le skieur suisse a r\u00e9ussi \u00e0 maintenir une vitesse \u00e9lev\u00e9e tout en naviguant habilement dans les passages les plus d\u00e9licats. Les experts en ski ont salu\u00e9 son audace et sa capacit\u00e9 \u00e0 garder son calme sous pression.<\/p>\n<h2>Les le\u00e7ons \u00e0 retenir de cette descente<\/h2>\n<p>La descente de Franjo Von Allmen est une illustration parfaite de ce que signifie \u00eatre un athl\u00e8te de haut niveau. Il a non seulement pris des risques calcul\u00e9s, mais il a \u00e9galement d\u00e9montr\u00e9 l\u2019importance de la pr\u00e9paration mentale. Dans le sport, comme dans la vie, la capacit\u00e9 \u00e0 faire face \u00e0 l&rsquo;incertitude est cruciale pour r\u00e9ussir.<\/p>\n<p>Les jeunes skieurs peuvent tirer de nombreuses le\u00e7ons de cette performance. Il est essentiel de comprendre que prendre des risques peut mener \u00e0 des succ\u00e8s inattendus. Voici quelques points cl\u00e9s \u00e0 retenir : <\/p>\n<ul>\n<li>La pr\u00e9paration physique et mentale est primordiale.<\/li>\n<li>La capacit\u00e9 de r\u00e9action rapide est essentielle sur des pistes difficiles.<\/li>\n<li>Prendre des risques peut ouvrir la voie \u00e0 des opportunit\u00e9s exceptionnelles.<\/li>\n<\/ul>\n<blockquote><p>\u00ab La descente est un art o\u00f9 chaque mouvement compte. Franjo a prouv\u00e9 qu\u2019oser peut mener \u00e0 la victoire. \u00bb<\/p><\/blockquote>\n<p>La performance de Franjo Von Allmen lors des Championnats du monde a red\u00e9fini les attentes en mati\u00e8re de ski alpin. Sa d\u00e9termination et sa capacit\u00e9 \u00e0 surmonter les d\u00e9fis sont une source d&rsquo;inspiration pour tous. En prenant des risques calcul\u00e9s, il a non seulement captiv\u00e9 le public, mais il a \u00e9galement ouvert la voie \u00e0 une nouvelle g\u00e9n\u00e9ration d&rsquo;athl\u00e8tes pr\u00eats \u00e0 d\u00e9fier les limites.<\/p>\n","protected":false},"excerpt":{"rendered":"","protected":false},"author":34,"featured_media":10556,"comment_status":"open","ping_status":"open","sticky":false,"template":"","format":"standard","meta":{"_acf_changed":false,"manual_indexmenow":false,"indexmenow_id_project":0,"footnotes":""},"categories":[1],"tags":[4616,2574,4544,4543,4408],"class_list":["post-8173","post","type-post","status-publish","format-standard","has-post-thumbnail","hentry","category-a-la-une","tag-activites-variees","tag-bien-etre","tag-equipe","tag-performance","tag-resilience","generate-columns","tablet-grid-50","mobile-grid-100","grid-parent","grid-25"],"acf":[],"yoast_head":"<!-- This site is optimized with the Yoast SEO Premium plugin v21.3 (Yoast SEO v26.5) - https:\/\/yoast.com\/wordpress\/plugins\/seo\/ -->\n<title>la descente audacieuse de Franjo Von Allmen : un moment<\/title>\n<meta name=\"description\" content=\"Cependant, lors des r\u00e9cents Championnats du monde, Franjo Von Allmen a d\u00e9montr\u00e9 que parfois, il faut prendre des risques pour r\u00e9aliser l&#039;impensable. Sa\u2026\" \/>\n<meta name=\"robots\" content=\"index, follow, max-snippet:-1, max-image-preview:large, max-video-preview:-1\" \/>\n<link rel=\"canonical\" href=\"https:\/\/sport-index.fr\/blog\/a-la-une\/la-descente-audacieuse-de-franjo-von-allmen-un-moment-fort-du-ski-alpin\/\" \/>\n<meta property=\"og:locale\" content=\"fr_FR\" \/>\n<meta property=\"og:type\" content=\"article\" \/>\n<meta property=\"og:title\" content=\"la descente audacieuse de Franjo Von Allmen : un moment\" \/>\n<meta property=\"og:description\" content=\"Cependant, lors des r\u00e9cents Championnats du monde, Franjo Von Allmen a d\u00e9montr\u00e9 que parfois, il faut prendre des risques pour r\u00e9aliser l&#039;impensable. Sa\u2026\" \/>\n<meta property=\"og:url\" content=\"https:\/\/sport-index.fr\/blog\/a-la-une\/la-descente-audacieuse-de-franjo-von-allmen-un-moment-fort-du-ski-alpin\/\" \/>\n<meta property=\"og:site_name\" content=\"sport-index\" \/>\n<meta name=\"author\" content=\"Axel Lauzier\" \/>\n<meta name=\"twitter:card\" content=\"summary_large_image\" \/>\n<script type=\"application\/ld+json\" class=\"yoast-schema-graph\">{\"@context\":\"https:\/\/schema.org\",\"@graph\":[{\"@type\":\"NewsArticle\",\"@id\":\"https:\/\/sport-index.fr\/blog\/a-la-une\/la-descente-audacieuse-de-franjo-von-allmen-un-moment-fort-du-ski-alpin\/#article\",\"isPartOf\":{\"@id\":\"https:\/\/sport-index.fr\/blog\/a-la-une\/la-descente-audacieuse-de-franjo-von-allmen-un-moment-fort-du-ski-alpin\/\"},\"author\":{\"name\":\"Axel Lauzier\",\"@id\":\"https:\/\/sport-index.fr\/blog\/#\/schema\/person\/3c864cdc320801e3db34b663e7e3f816\"},\"headline\":\"la descente audacieuse de Franjo Von Allmen : un moment fort du ski alpin\",\"datePublished\":\"2025-02-11T17:45:19+00:00\",\"mainEntityOfPage\":{\"@id\":\"https:\/\/sport-index.fr\/blog\/a-la-une\/la-descente-audacieuse-de-franjo-von-allmen-un-moment-fort-du-ski-alpin\/\"},\"wordCount\":536,\"commentCount\":25,\"publisher\":{\"@id\":\"https:\/\/sport-index.fr\/blog\/#organization\"},\"image\":{\"@id\":\"https:\/\/sport-index.fr\/blog\/a-la-une\/la-descente-audacieuse-de-franjo-von-allmen-un-moment-fort-du-ski-alpin\/#primaryimage\"},\"thumbnailUrl\":\"https:\/\/sport-index.fr\/blog\/wp-content\/uploads\/2025\/02\/sdxl-4171dc32ff1076eec510a41234e290fb.png\",\"keywords\":[\"Activit\u00e9s vari\u00e9es\",\"Bien-\u00catre\",\"\u00c9quipe\",\"Performance\",\"R\u00e9silience\"],\"articleSection\":[\"\u00c0 la une\"],\"inLanguage\":\"fr-FR\",\"potentialAction\":[{\"@type\":\"CommentAction\",\"name\":\"Comment\",\"target\":[\"https:\/\/sport-index.fr\/blog\/a-la-une\/la-descente-audacieuse-de-franjo-von-allmen-un-moment-fort-du-ski-alpin\/#respond\"]}]},{\"@type\":\"WebPage\",\"@id\":\"https:\/\/sport-index.fr\/blog\/a-la-une\/la-descente-audacieuse-de-franjo-von-allmen-un-moment-fort-du-ski-alpin\/\",\"url\":\"https:\/\/sport-index.fr\/blog\/a-la-une\/la-descente-audacieuse-de-franjo-von-allmen-un-moment-fort-du-ski-alpin\/\",\"name\":\"la descente audacieuse de Franjo Von Allmen : un moment\",\"isPartOf\":{\"@id\":\"https:\/\/sport-index.fr\/blog\/#website\"},\"primaryImageOfPage\":{\"@id\":\"https:\/\/sport-index.fr\/blog\/a-la-une\/la-descente-audacieuse-de-franjo-von-allmen-un-moment-fort-du-ski-alpin\/#primaryimage\"},\"image\":{\"@id\":\"https:\/\/sport-index.fr\/blog\/a-la-une\/la-descente-audacieuse-de-franjo-von-allmen-un-moment-fort-du-ski-alpin\/#primaryimage\"},\"thumbnailUrl\":\"https:\/\/sport-index.fr\/blog\/wp-content\/uploads\/2025\/02\/sdxl-4171dc32ff1076eec510a41234e290fb.png\",\"datePublished\":\"2025-02-11T17:45:19+00:00\",\"description\":\"Cependant, lors des r\u00e9cents Championnats du monde, Franjo Von Allmen a d\u00e9montr\u00e9 que parfois, il faut prendre des risques pour r\u00e9aliser l'impensable. Sa\u2026\",\"inLanguage\":\"fr-FR\",\"potentialAction\":[{\"@type\":\"ReadAction\",\"target\":[\"https:\/\/sport-index.fr\/blog\/a-la-une\/la-descente-audacieuse-de-franjo-von-allmen-un-moment-fort-du-ski-alpin\/\"]}]},{\"@type\":\"ImageObject\",\"inLanguage\":\"fr-FR\",\"@id\":\"https:\/\/sport-index.fr\/blog\/a-la-une\/la-descente-audacieuse-de-franjo-von-allmen-un-moment-fort-du-ski-alpin\/#primaryimage\",\"url\":\"https:\/\/sport-index.fr\/blog\/wp-content\/uploads\/2025\/02\/sdxl-4171dc32ff1076eec510a41234e290fb.png\",\"contentUrl\":\"https:\/\/sport-index.fr\/blog\/wp-content\/uploads\/2025\/02\/sdxl-4171dc32ff1076eec510a41234e290fb.png\",\"width\":1536,\"height\":640},{\"@type\":\"WebSite\",\"@id\":\"https:\/\/sport-index.fr\/blog\/#website\",\"url\":\"https:\/\/sport-index.fr\/blog\/\",\"name\":\"sport-index.fr\",\"description\":\"Le score de l\u2019analyse sportive.\",\"publisher\":{\"@id\":\"https:\/\/sport-index.fr\/blog\/#organization\"},\"alternateName\":\"Le score de l\u2019analyse sportive.\",\"potentialAction\":[{\"@type\":\"SearchAction\",\"target\":{\"@type\":\"EntryPoint\",\"urlTemplate\":\"https:\/\/sport-index.fr\/blog\/?s={search_term_string}\"},\"query-input\":{\"@type\":\"PropertyValueSpecification\",\"valueRequired\":true,\"valueName\":\"search_term_string\"}}],\"inLanguage\":\"fr-FR\"},{\"@type\":\"Organization\",\"@id\":\"https:\/\/sport-index.fr\/blog\/#organization\",\"name\":\"Foretsensations.fr\",\"url\":\"https:\/\/sport-index.fr\/blog\/\",\"logo\":{\"@type\":\"ImageObject\",\"inLanguage\":\"fr-FR\",\"@id\":\"https:\/\/sport-index.fr\/blog\/#\/schema\/logo\/image\/\",\"url\":\"https:\/\/sport-index.fr\/blog\/wp-content\/uploads\/2026\/07\/logo-auto.png\",\"contentUrl\":\"https:\/\/sport-index.fr\/blog\/wp-content\/uploads\/2026\/07\/logo-auto.png\",\"width\":1024,\"height\":1024,\"caption\":\"Foretsensations.fr\"},\"image\":{\"@id\":\"https:\/\/sport-index.fr\/blog\/#\/schema\/logo\/image\/\"}},{\"@type\":\"Person\",\"@id\":\"https:\/\/sport-index.fr\/blog\/#\/schema\/person\/3c864cdc320801e3db34b663e7e3f816\",\"name\":\"Axel Lauzier\",\"image\":{\"@type\":\"ImageObject\",\"inLanguage\":\"fr-FR\",\"@id\":\"https:\/\/sport-index.fr\/blog\/#\/schema\/person\/image\/\",\"url\":\"https:\/\/sport-index.fr\/blog\/wp-content\/uploads\/2026\/06\/persona_axel-l-96x96.jpg\",\"contentUrl\":\"https:\/\/sport-index.fr\/blog\/wp-content\/uploads\/2026\/06\/persona_axel-l-96x96.jpg\",\"caption\":\"Axel Lauzier\"},\"description\":\"Le sport rythme mon quotidien depuis l'enfance, et j'en ai fait mon m\u00e9tier d'analyste r\u00e9dactionnel il y a une dizaine d'ann\u00e9es. Je couvre principalement le football, son actualit\u00e9, ses transferts et l'analyse tactique des grandes affiches, mais aussi les disciplines plus confidentielles que j'aime remettre en lumi\u00e8re. Une partie de mon travail porte sur les pronostics et la lecture statistique d'un match : forme des \u00e9quipes, historique des confrontations, compositions, sans jamais vendre de fausse certitude. Je rappelle syst\u00e9matiquement que parier comporte un risque et doit rester un loisir ma\u00eetris\u00e9. Avant de signer une analyse, je v\u00e9rifie mes chiffres, je recoupe les compositions probables et je distingue toujours la donn\u00e9e brute de l'intuition. Mon objectif : offrir une lecture honn\u00eate et argument\u00e9e, pas un ticket gagnant garanti.\",\"sameAs\":[\"https:\/\/axellauzier.fr\/\"],\"url\":\"https:\/\/sport-index.fr\/blog\/auteur\/noname\/\"}]}<\/script>\n<!-- \/ Yoast SEO Premium plugin. -->","yoast_head_json":{"title":"la descente audacieuse de Franjo Von Allmen : un moment","description":"Cependant, lors des r\u00e9cents Championnats du monde, Franjo Von Allmen a d\u00e9montr\u00e9 que parfois, il faut prendre des risques pour r\u00e9aliser l'impensable. Sa\u2026","robots":{"index":"index","follow":"follow","max-snippet":"max-snippet:-1","max-image-preview":"max-image-preview:large","max-video-preview":"max-video-preview:-1"},"canonical":"https:\/\/sport-index.fr\/blog\/a-la-une\/la-descente-audacieuse-de-franjo-von-allmen-un-moment-fort-du-ski-alpin\/","og_locale":"fr_FR","og_type":"article","og_title":"la descente audacieuse de Franjo Von Allmen : un moment","og_description":"Cependant, lors des r\u00e9cents Championnats du monde, Franjo Von Allmen a d\u00e9montr\u00e9 que parfois, il faut prendre des risques pour r\u00e9aliser l'impensable. Sa\u2026","og_url":"https:\/\/sport-index.fr\/blog\/a-la-une\/la-descente-audacieuse-de-franjo-von-allmen-un-moment-fort-du-ski-alpin\/","og_site_name":"sport-index","author":"Axel Lauzier","twitter_card":"summary_large_image","schema":{"@context":"https:\/\/schema.org","@graph":[{"@type":"NewsArticle","@id":"https:\/\/sport-index.fr\/blog\/a-la-une\/la-descente-audacieuse-de-franjo-von-allmen-un-moment-fort-du-ski-alpin\/#article","isPartOf":{"@id":"https:\/\/sport-index.fr\/blog\/a-la-une\/la-descente-audacieuse-de-franjo-von-allmen-un-moment-fort-du-ski-alpin\/"},"author":{"name":"Axel Lauzier","@id":"https:\/\/sport-index.fr\/blog\/#\/schema\/person\/3c864cdc320801e3db34b663e7e3f816"},"headline":"la descente audacieuse de Franjo Von Allmen : un moment fort du ski alpin","datePublished":"2025-02-11T17:45:19+00:00","mainEntityOfPage":{"@id":"https:\/\/sport-index.fr\/blog\/a-la-une\/la-descente-audacieuse-de-franjo-von-allmen-un-moment-fort-du-ski-alpin\/"},"wordCount":536,"commentCount":25,"publisher":{"@id":"https:\/\/sport-index.fr\/blog\/#organization"},"image":{"@id":"https:\/\/sport-index.fr\/blog\/a-la-une\/la-descente-audacieuse-de-franjo-von-allmen-un-moment-fort-du-ski-alpin\/#primaryimage"},"thumbnailUrl":"https:\/\/sport-index.fr\/blog\/wp-content\/uploads\/2025\/02\/sdxl-4171dc32ff1076eec510a41234e290fb.png","keywords":["Activit\u00e9s vari\u00e9es","Bien-\u00catre","\u00c9quipe","Performance","R\u00e9silience"],"articleSection":["\u00c0 la une"],"inLanguage":"fr-FR","potentialAction":[{"@type":"CommentAction","name":"Comment","target":["https:\/\/sport-index.fr\/blog\/a-la-une\/la-descente-audacieuse-de-franjo-von-allmen-un-moment-fort-du-ski-alpin\/#respond"]}]},{"@type":"WebPage","@id":"https:\/\/sport-index.fr\/blog\/a-la-une\/la-descente-audacieuse-de-franjo-von-allmen-un-moment-fort-du-ski-alpin\/","url":"https:\/\/sport-index.fr\/blog\/a-la-une\/la-descente-audacieuse-de-franjo-von-allmen-un-moment-fort-du-ski-alpin\/","name":"la descente audacieuse de Franjo Von Allmen : un moment","isPartOf":{"@id":"https:\/\/sport-index.fr\/blog\/#website"},"primaryImageOfPage":{"@id":"https:\/\/sport-index.fr\/blog\/a-la-une\/la-descente-audacieuse-de-franjo-von-allmen-un-moment-fort-du-ski-alpin\/#primaryimage"},"image":{"@id":"https:\/\/sport-index.fr\/blog\/a-la-une\/la-descente-audacieuse-de-franjo-von-allmen-un-moment-fort-du-ski-alpin\/#primaryimage"},"thumbnailUrl":"https:\/\/sport-index.fr\/blog\/wp-content\/uploads\/2025\/02\/sdxl-4171dc32ff1076eec510a41234e290fb.png","datePublished":"2025-02-11T17:45:19+00:00","description":"Cependant, lors des r\u00e9cents Championnats du monde, Franjo Von Allmen a d\u00e9montr\u00e9 que parfois, il faut prendre des risques pour r\u00e9aliser l'impensable. Sa\u2026","inLanguage":"fr-FR","potentialAction":[{"@type":"ReadAction","target":["https:\/\/sport-index.fr\/blog\/a-la-une\/la-descente-audacieuse-de-franjo-von-allmen-un-moment-fort-du-ski-alpin\/"]}]},{"@type":"ImageObject","inLanguage":"fr-FR","@id":"https:\/\/sport-index.fr\/blog\/a-la-une\/la-descente-audacieuse-de-franjo-von-allmen-un-moment-fort-du-ski-alpin\/#primaryimage","url":"https:\/\/sport-index.fr\/blog\/wp-content\/uploads\/2025\/02\/sdxl-4171dc32ff1076eec510a41234e290fb.png","contentUrl":"https:\/\/sport-index.fr\/blog\/wp-content\/uploads\/2025\/02\/sdxl-4171dc32ff1076eec510a41234e290fb.png","width":1536,"height":640},{"@type":"WebSite","@id":"https:\/\/sport-index.fr\/blog\/#website","url":"https:\/\/sport-index.fr\/blog\/","name":"sport-index.fr","description":"Le score de l\u2019analyse sportive.","publisher":{"@id":"https:\/\/sport-index.fr\/blog\/#organization"},"alternateName":"Le score de l\u2019analyse sportive.","potentialAction":[{"@type":"SearchAction","target":{"@type":"EntryPoint","urlTemplate":"https:\/\/sport-index.fr\/blog\/?s={search_term_string}"},"query-input":{"@type":"PropertyValueSpecification","valueRequired":true,"valueName":"search_term_string"}}],"inLanguage":"fr-FR"},{"@type":"Organization","@id":"https:\/\/sport-index.fr\/blog\/#organization","name":"Foretsensations.fr","url":"https:\/\/sport-index.fr\/blog\/","logo":{"@type":"ImageObject","inLanguage":"fr-FR","@id":"https:\/\/sport-index.fr\/blog\/#\/schema\/logo\/image\/","url":"https:\/\/sport-index.fr\/blog\/wp-content\/uploads\/2026\/07\/logo-auto.png","contentUrl":"https:\/\/sport-index.fr\/blog\/wp-content\/uploads\/2026\/07\/logo-auto.png","width":1024,"height":1024,"caption":"Foretsensations.fr"},"image":{"@id":"https:\/\/sport-index.fr\/blog\/#\/schema\/logo\/image\/"}},{"@type":"Person","@id":"https:\/\/sport-index.fr\/blog\/#\/schema\/person\/3c864cdc320801e3db34b663e7e3f816","name":"Axel Lauzier","image":{"@type":"ImageObject","inLanguage":"fr-FR","@id":"https:\/\/sport-index.fr\/blog\/#\/schema\/person\/image\/","url":"https:\/\/sport-index.fr\/blog\/wp-content\/uploads\/2026\/06\/persona_axel-l-96x96.jpg","contentUrl":"https:\/\/sport-index.fr\/blog\/wp-content\/uploads\/2026\/06\/persona_axel-l-96x96.jpg","caption":"Axel Lauzier"},"description":"Le sport rythme mon quotidien depuis l'enfance, et j'en ai fait mon m\u00e9tier d'analyste r\u00e9dactionnel il y a une dizaine d'ann\u00e9es. Je couvre principalement le football, son actualit\u00e9, ses transferts et l'analyse tactique des grandes affiches, mais aussi les disciplines plus confidentielles que j'aime remettre en lumi\u00e8re. Une partie de mon travail porte sur les pronostics et la lecture statistique d'un match : forme des \u00e9quipes, historique des confrontations, compositions, sans jamais vendre de fausse certitude. Je rappelle syst\u00e9matiquement que parier comporte un risque et doit rester un loisir ma\u00eetris\u00e9. Avant de signer une analyse, je v\u00e9rifie mes chiffres, je recoupe les compositions probables et je distingue toujours la donn\u00e9e brute de l'intuition. Mon objectif : offrir une lecture honn\u00eate et argument\u00e9e, pas un ticket gagnant garanti.","sameAs":["https:\/\/axellauzier.fr\/"],"url":"https:\/\/sport-index.fr\/blog\/auteur\/noname\/"}]}},"_links":{"self":[{"href":"https:\/\/sport-index.fr\/blog\/wp-json\/wp\/v2\/posts\/8173","targetHints":{"allow":["GET"]}}],"collection":[{"href":"https:\/\/sport-index.fr\/blog\/wp-json\/wp\/v2\/posts"}],"about":[{"href":"https:\/\/sport-index.fr\/blog\/wp-json\/wp\/v2\/types\/post"}],"author":[{"embeddable":true,"href":"https:\/\/sport-index.fr\/blog\/wp-json\/wp\/v2\/users\/34"}],"replies":[{"embeddable":true,"href":"https:\/\/sport-index.fr\/blog\/wp-json\/wp\/v2\/comments?post=8173"}],"version-history":[{"count":1,"href":"https:\/\/sport-index.fr\/blog\/wp-json\/wp\/v2\/posts\/8173\/revisions"}],"predecessor-version":[{"id":8205,"href":"https:\/\/sport-index.fr\/blog\/wp-json\/wp\/v2\/posts\/8173\/revisions\/8205"}],"wp:featuredmedia":[{"embeddable":true,"href":"https:\/\/sport-index.fr\/blog\/wp-json\/wp\/v2\/media\/10556"}],"wp:attachment":[{"href":"https:\/\/sport-index.fr\/blog\/wp-json\/wp\/v2\/media?parent=8173"}],"wp:term":[{"taxonomy":"category","embeddable":true,"href":"https:\/\/sport-index.fr\/blog\/wp-json\/wp\/v2\/categories?post=8173"},{"taxonomy":"post_tag","embeddable":true,"href":"https:\/\/sport-index.fr\/blog\/wp-json\/wp\/v2\/tags?post=8173"}],"curies":[{"name":"wp","href":"https:\/\/api.w.org\/{rel}","templated":true}]}}