{"id":8185,"date":"2026-05-22T09:44:52","date_gmt":"2026-05-22T07:44:52","guid":{"rendered":"https:\/\/sport-index.fr\/blog\/?p=8185"},"modified":"2026-05-22T09:44:52","modified_gmt":"2026-05-22T07:44:52","slug":"proces-des-ex-joueurs-de-rugby-denis-dreyfus-defend-loick-jammes-face-a-lopinion-publique","status":"publish","type":"post","link":"https:\/\/sport-index.fr\/blog\/a-la-une\/proces-des-ex-joueurs-de-rugby-denis-dreyfus-defend-loick-jammes-face-a-lopinion-publique\/","title":{"rendered":"Proc\u00e8s des ex-joueurs de rugby : Denis Dreyfus d\u00e9fend Lo\u00efck Jammes face \u00e0 l&rsquo;opinion publique"},"content":{"rendered":"<aside style=\"background:#eef1f4;border-left:5px solid #2a3a4a;padding:22px 28px;margin:24px 0;font-family:-apple-system,BlinkMacSystemFont,'Segoe UI',Roboto,sans-serif;\">\n<div style=\"margin:0;font-size:19px;line-height:1.55;color:#2a2a2a;font-weight:500;letter-spacing:-0.005em;\">\n    Condamn\u00e9 \u00e0 quatorze ans de r\u00e9clusion pour viol en r\u00e9union, Lo\u00efck Jammes voit sa demande de mise en libert\u00e9 rejet\u00e9e par la cour d&rsquo;assises de la Gironde. Son avocat, Denis Dreyfus, d\u00e9nonce le poids grandissant de l&rsquo;opinion publique dans une affaire qui doit encore passer par l&rsquo;appel.\n  <\/div>\n<\/aside>\n<h2>Le rejet de la demande de mise en libert\u00e9<\/h2>\n<p>L&rsquo;affaire des ex-joueurs de rugby grenoblois, dont Lo\u00efck Jammes, continue de provoquer des r\u00e9actions vives et des d\u00e9bats passionn\u00e9s bien au-del\u00e0 des pr\u00e9toires. R\u00e9cemment condamn\u00e9 \u00e0 quatorze ans de prison pour viol en r\u00e9union, Jammes a vu sa demande de mise en libert\u00e9 rejet\u00e9e par la cour d&rsquo;assises de la Gironde. Son avocat, Denis Dreyfus, a exprim\u00e9 des r\u00e9serves sur cette d\u00e9cision, soulignant que l&rsquo;opinion publique ne devrait pas influencer le cours de la justice.<br \/>\nDreyfus a rappel\u00e9 que lors de l&rsquo;audience, l&rsquo;avocate g\u00e9n\u00e9rale avait mis en avant le \u00ab trouble \u00e0 l&rsquo;ordre public \u00bb pour justifier le rejet des demandes de mise en libert\u00e9. Selon lui, il est crucial de respecter la pr\u00e9somption d&rsquo;innocence, surtout dans le cadre d&rsquo;un appel, o\u00f9 rien n&rsquo;est d\u00e9finitif. La situation des trois ex-joueurs de rugby m\u00e9rite une attention particuli\u00e8re, et les pr\u00e9jug\u00e9s sociaux ne devraient pas interf\u00e9rer avec l&rsquo;\u00e9quit\u00e9 du proc\u00e8s.<\/p>\n<aside style=\"background:#fafaf7;border:1px solid #e5e5e0;border-radius:8px;padding:24px 26px 26px;margin:28px 0;font-family:-apple-system,BlinkMacSystemFont,'Segoe UI',Roboto,sans-serif;\">\n<div style=\"margin:0 0 18px 0;font-size:11px;font-weight:700;text-transform:uppercase;letter-spacing:2.2px;color:#2a3a4a;\">\u00c0 retenir<\/div>\n<div style=\"display:grid;grid-template-columns:repeat(auto-fit,minmax(240px,1fr));gap:10px;\">\n<div style=\"display:flex;gap:12px;background:#fff;border:1px solid #ebebe5;padding:12px 14px;border-radius:6px;align-items:flex-start;\">\n      <span style=\"flex:0 0 26px;width:26px;height:26px;background:#2a3a4a;color:#fff;border-radius:50%;display:inline-flex;align-items:center;justify-content:center;font-size:12px;font-weight:700;font-family:-apple-system,sans-serif;\">1<\/span><br \/>\n      <span style=\"font-size:14px;line-height:1.5;color:#2a2a2a;\">Trois ex-joueurs de rugby grenoblois condamn\u00e9s pour viol en r\u00e9union, peine de quatorze ans pour Lo\u00efck Jammes.<\/span>\n    <\/div>\n<div style=\"display:flex;gap:12px;background:#fff;border:1px solid #ebebe5;padding:12px 14px;border-radius:6px;align-items:flex-start;\">\n      <span style=\"flex:0 0 26px;width:26px;height:26px;background:#2a3a4a;color:#fff;border-radius:50%;display:inline-flex;align-items:center;justify-content:center;font-size:12px;font-weight:700;font-family:-apple-system,sans-serif;\">2<\/span><br \/>\n      <span style=\"font-size:14px;line-height:1.5;color:#2a2a2a;\">Demande de mise en libert\u00e9 rejet\u00e9e par la cour d&rsquo;assises de la Gironde sur fondement du \u00ab trouble \u00e0 l&rsquo;ordre public \u00bb.<\/span>\n    <\/div>\n<div style=\"display:flex;gap:12px;background:#fff;border:1px solid #ebebe5;padding:12px 14px;border-radius:6px;align-items:flex-start;\">\n      <span style=\"flex:0 0 26px;width:26px;height:26px;background:#2a3a4a;color:#fff;border-radius:50%;display:inline-flex;align-items:center;justify-content:center;font-size:12px;font-weight:700;font-family:-apple-system,sans-serif;\">3<\/span><br \/>\n      <span style=\"font-size:14px;line-height:1.5;color:#2a2a2a;\">Denis Dreyfus, avocat de la d\u00e9fense, d\u00e9nonce l&rsquo;ing\u00e9rence de l&rsquo;opinion publique dans la d\u00e9cision judiciaire.<\/span>\n    <\/div>\n<div style=\"display:flex;gap:12px;background:#fff;border:1px solid #ebebe5;padding:12px 14px;border-radius:6px;align-items:flex-start;\">\n      <span style=\"flex:0 0 26px;width:26px;height:26px;background:#2a3a4a;color:#fff;border-radius:50%;display:inline-flex;align-items:center;justify-content:center;font-size:12px;font-weight:700;font-family:-apple-system,sans-serif;\">4<\/span><br \/>\n      <span style=\"font-size:14px;line-height:1.5;color:#2a2a2a;\">La pr\u00e9somption d&rsquo;innocence reste invocable tant que la proc\u00e9dure d&rsquo;appel n&rsquo;a pas tranch\u00e9.<\/span>\n    <\/div>\n<div style=\"display:flex;gap:12px;background:#fff;border:1px solid #ebebe5;padding:12px 14px;border-radius:6px;align-items:flex-start;\">\n      <span style=\"flex:0 0 26px;width:26px;height:26px;background:#2a3a4a;color:#fff;border-radius:50%;display:inline-flex;align-items:center;justify-content:center;font-size:12px;font-weight:700;font-family:-apple-system,sans-serif;\">5<\/span><br \/>\n      <span style=\"font-size:14px;line-height:1.5;color:#2a2a2a;\">Les trois condamn\u00e9s partagent une cellule ; Jammes travaille en menuiserie au sein de la d\u00e9tention.<\/span>\n    <\/div>\n<\/p><\/div>\n<\/aside>\n<h2>Comprendre la notion de \u00ab trouble \u00e0 l&rsquo;ordre public \u00bb<\/h2>\n<p>La motivation retenue par l&rsquo;avocate g\u00e9n\u00e9rale repose sur un fondement juridique pr\u00e9cis du code de proc\u00e9dure p\u00e9nale, mais dont la port\u00e9e demeure discut\u00e9e. Le \u00ab trouble \u00e0 l&rsquo;ordre public \u00bb est, dans la pratique des juridictions fran\u00e7aises, l&rsquo;un des crit\u00e8res qui peut justifier le maintien en d\u00e9tention provisoire ou le rejet d&rsquo;une demande de lib\u00e9ration. Son interpr\u00e9tation reste cependant l&rsquo;objet de d\u00e9bats entre magistrats et avocats.<br \/>\nPour Denis Dreyfus, l&rsquo;utilisation de cette notion dans le dossier des ex-joueurs grenoblois pose probl\u00e8me. Il consid\u00e8re qu&rsquo;elle ouvre la porte \u00e0 une justice influenc\u00e9e par la pression m\u00e9diatique, au d\u00e9triment du droit \u00e0 un proc\u00e8s \u00e9quitable garanti par la Convention europ\u00e9enne des droits de l&rsquo;homme.<\/p>\n<aside style=\"background:#fff7e0;border-left:4px solid #d4a017;padding:14px 18px;margin:18px 0;border-radius:0 4px 4px 0;font-family:-apple-system,BlinkMacSystemFont,'Segoe UI',Roboto,sans-serif;\">\n  <strong style=\"display:inline-block;color:#7a5e00;font-size:12px;text-transform:uppercase;letter-spacing:1.5px;margin-right:8px;\">&#128161; Bon \u00e0 savoir<\/strong><br \/>\n  <span style=\"font-size:14.5px;line-height:1.55;color:#3a3a3a;\">En droit fran\u00e7ais, l&rsquo;appel d&rsquo;une d\u00e9cision d&rsquo;assises est suspensif quant \u00e0 la culpabilit\u00e9 d\u00e9finitive : la condamnation n&rsquo;est ex\u00e9cutoire qu&rsquo;\u00e0 l&rsquo;issue du nouveau proc\u00e8s devant une cour d&rsquo;assises d&rsquo;appel, qui r\u00e9examine int\u00e9gralement les faits.<\/span><br \/>\n<\/aside>\n<h2>Les implications de l&rsquo;opinion publique<\/h2>\n<p>Le poids de l&rsquo;opinion publique dans les affaires judiciaires soul\u00e8ve des questions fondamentales sur la justice et la pr\u00e9somption d&rsquo;innocence. Dreyfus a averti que faire preuve de sensibilit\u00e9 \u00e0 l&rsquo;\u00e9gard des attentes du public pourrait compromettre la justice. \u00ab On est mal parti si on va par l\u00e0 \u00bb, a-t-il d\u00e9clar\u00e9, insistant sur le fait que les d\u00e9cisions devraient se fonder sur des \u00e9l\u00e9ments factuels et juridiques, et non sur des \u00e9motions.<br \/>\nLes avocats de la d\u00e9fense, comme Dreyfus, doivent naviguer dans un environnement o\u00f9 les m\u00e9dias et le public ont souvent des opinions bien arr\u00eat\u00e9es. Cette dynamique peut avoir un impact significatif sur la perception des accus\u00e9s, mais aussi sur le d\u00e9roulement des proc\u00e8s. C&rsquo;est un d\u00e9fi que la justice moderne doit relever pour garantir un traitement juste et \u00e9quitable de tous les individus, ind\u00e9pendamment de l&rsquo;opinion populaire.<\/p>\n<figure style=\"margin:38px auto;padding:28px 24px;text-align:center;border-top:1px solid #2a2a2a;border-bottom:1px solid #2a2a2a;max-width:640px;position:relative;font-family:Georgia,'Hoefler Text',serif;\">\n<div style=\"position:absolute;top:-20px;left:50%;transform:translateX(-50%);background:#ffffff;padding:0 14px;font-size:48px;line-height:1;color:#2a3a4a;font-family:Georgia,serif;\">&laquo;<\/div>\n<blockquote style=\"margin:0;padding:0;font-size:24px;line-height:1.45;font-style:italic;color:#1a1a1a;letter-spacing:-0.005em;\"><p>\n    Il faut se garder de l&rsquo;opinion publique, car on est mal parti si on va par l\u00e0.<br \/>\n  <\/blockquote><figcaption style=\"margin-top:14px;font-size:12px;text-transform:uppercase;letter-spacing:2px;color:#6a6a6a;font-family:-apple-system,sans-serif;font-style:normal;\">\u2014 Denis Dreyfus, avocat de Lo\u00efck Jammes<\/figcaption><\/figure>\n<h3>Quand le r\u00e9cit m\u00e9diatique pr\u00e9c\u00e8de le jugement<\/h3>\n<p>Le proc\u00e8s des ex-joueurs grenoblois s&rsquo;inscrit dans une s\u00e9rie d&rsquo;affaires sportives \u00e0 fort retentissement o\u00f9 la couverture m\u00e9diatique transforme parfois la salle d&rsquo;audience en chambre d&rsquo;\u00e9cho. Les commentaires sur les r\u00e9seaux sociaux, les \u00e9ditoriaux, les p\u00e9titions et les d\u00e9clarations de personnalit\u00e9s publiques fa\u00e7onnent une narration parall\u00e8le, qui circule plus vite que les pi\u00e8ces du dossier.<br \/>\nPour la d\u00e9fense, le d\u00e9fi consiste \u00e0 plaider \u00e0 la fois devant les juges, devant les jur\u00e9s et, indirectement, devant un tribunal m\u00e9diatique qui ne respecte pas toujours les r\u00e8gles du contradictoire. Dreyfus rappelle qu&rsquo;aucune proc\u00e9dure ne devrait \u00eatre contamin\u00e9e par cette pression diffuse, sous peine de voir s&rsquo;\u00e9roder la confiance dans l&rsquo;institution judiciaire elle-m\u00eame.<\/p>\n<div style=\"display:grid;grid-template-columns:repeat(auto-fit,minmax(260px,1fr));gap:14px;margin:28px 0;font-family:-apple-system,BlinkMacSystemFont,'Segoe UI',Roboto,sans-serif;\">\n<div style=\"background:#fdecec;border:1px solid #f3cccc;border-radius:6px;padding:20px 22px;\">\n<div style=\"display:flex;align-items:center;gap:10px;margin-bottom:14px;padding-bottom:10px;border-bottom:1px solid #f3cccc;\">\n      <span style=\"width:32px;height:32px;background:#c54848;color:#fff;border-radius:50%;display:inline-flex;align-items:center;justify-content:center;font-size:18px;font-weight:700;\">&#10005;<\/span><\/p>\n<h3 style=\"margin:0;font-size:16px;font-weight:700;color:#8a2020;letter-spacing:-0.01em;\">Pression m\u00e9diatique<\/h3>\n<\/p><\/div>\n<ul style=\"margin:0;padding-left:18px;font-size:14px;line-height:1.7;color:#3a3a3a;\">\n<li>D\u00e9cision port\u00e9e par l&rsquo;\u00e9motion collective<\/li>\n<li>Pr\u00e9somption d&rsquo;innocence affaiblie par le r\u00e9cit public<\/li>\n<li>Risque de jurisprudence \u00e0 g\u00e9om\u00e9trie variable<\/li>\n<\/ul><\/div>\n<div style=\"background:#eef1f4;border:1px solid #c8d1da;border-radius:6px;padding:20px 22px;\">\n<div style=\"display:flex;align-items:center;gap:10px;margin-bottom:14px;padding-bottom:10px;border-bottom:1px solid #c8d1da;\">\n      <span style=\"width:32px;height:32px;background:#2a3a4a;color:#fff;border-radius:50%;display:inline-flex;align-items:center;justify-content:center;font-size:18px;font-weight:700;\">&#10003;<\/span><\/p>\n<h3 style=\"margin:0;font-size:16px;font-weight:700;color:#1a2632;letter-spacing:-0.01em;\">Cadre strictement juridique<\/h3>\n<\/p><\/div>\n<ul style=\"margin:0;padding-left:18px;font-size:14px;line-height:1.7;color:#3a3a3a;\">\n<li>D\u00e9cision motiv\u00e9e sur des \u00e9l\u00e9ments factuels du dossier<\/li>\n<li>Respect de la pr\u00e9somption d&rsquo;innocence durant l&rsquo;appel<\/li>\n<li>Lecture homog\u00e8ne des crit\u00e8res de d\u00e9tention<\/li>\n<\/ul><\/div>\n<\/div>\n<h2>Les conditions de d\u00e9tention et le quotidien de Lo\u00efck Jammes<\/h2>\n<p>Concernant les conditions de d\u00e9tention des ex-joueurs, Dreyfus a d\u00e9clar\u00e9 que, malgr\u00e9 la situation difficile, les choses se passent aussi bien que possible. Les trois hommes sont plac\u00e9s ensemble en cellule, ce qui est b\u00e9n\u00e9fique pour leur moral. Jammes, en particulier, a la possibilit\u00e9 de travailler gr\u00e2ce \u00e0 ses comp\u00e9tences en menuiserie, ce qui lui permet de rester occup\u00e9 et de garder une certaine forme de productivit\u00e9.<br \/>\nCette approche est essentielle pour maintenir l&rsquo;espoir et la dignit\u00e9 des personnes incarc\u00e9r\u00e9es. En permettant aux d\u00e9tenus d&rsquo;occuper leur temps de mani\u00e8re constructive, l&rsquo;administration p\u00e9nitentiaire joue un r\u00f4le crucial dans leur bien-\u00eatre psychologique. Cela soul\u00e8ve \u00e9galement des questions sur la r\u00e9habilitation et la mani\u00e8re dont les individus peuvent se pr\u00e9parer \u00e0 une \u00e9ventuelle r\u00e9insertion dans la soci\u00e9t\u00e9.<\/p>\n<aside style=\"background:#e7f1ec;border-left:4px solid #2a5f3f;padding:14px 18px;margin:18px 0;border-radius:0 4px 4px 0;font-family:-apple-system,BlinkMacSystemFont,'Segoe UI',Roboto,sans-serif;\">\n  <strong style=\"display:inline-block;color:#1d4a30;font-size:12px;text-transform:uppercase;letter-spacing:1.5px;margin-right:8px;\">&#10022; Rep\u00e8re<\/strong><br \/>\n  <span style=\"font-size:14.5px;line-height:1.55;color:#3a3a3a;\">Le travail en d\u00e9tention est encadr\u00e9 par le code p\u00e9nitentiaire fran\u00e7ais. Il permet au d\u00e9tenu de percevoir une r\u00e9mun\u00e9ration, de cotiser \u00e0 certains droits sociaux et d&rsquo;alimenter un projet de r\u00e9insertion qui p\u00e8sera lors d&rsquo;une \u00e9ventuelle demande de r\u00e9duction de peine ou de lib\u00e9ration conditionnelle.<\/span><br \/>\n<\/aside>\n<h3>D\u00e9tention provisoire, peine ferme, appel : trois statuts distincts<\/h3>\n<p>Pour bien saisir l&rsquo;enjeu de cette d\u00e9cision, il faut distinguer plusieurs r\u00e9gimes juridiques qui coexistent dans le parcours d&rsquo;un condamn\u00e9 en attente d&rsquo;appel. Chacun correspond \u00e0 un cadre, \u00e0 des droits et \u00e0 des marges d&rsquo;action diff\u00e9rentes pour la d\u00e9fense.<\/p>\n<figure style=\"margin:32px 0;font-family:-apple-system,BlinkMacSystemFont,'Segoe UI',Roboto,sans-serif;\">\n<div style=\"overflow-x:auto;border:1px solid #e5e5e0;border-radius:8px;\">\n<table style=\"width:100%;border-collapse:collapse;font-size:14px;color:#2a2a2a;min-width:500px;\">\n<thead>\n<tr style=\"background:#1a1a1a;color:#fff;\">\n<th style=\"text-align:left;padding:14px 18px;font-weight:700;font-size:12px;text-transform:uppercase;letter-spacing:1.5px;\">Statut<\/th>\n<th style=\"text-align:left;padding:14px 18px;font-weight:700;font-size:12px;text-transform:uppercase;letter-spacing:1.5px;\">Cadre<\/th>\n<th style=\"text-align:left;padding:14px 18px;font-weight:700;font-size:12px;text-transform:uppercase;letter-spacing:1.5px;\">Voie de recours<\/th>\n<\/tr>\n<\/thead>\n<tbody>\n<tr style=\"background:#fff;border-bottom:1px solid #f0ede5;\">\n<td style=\"padding:14px 18px;font-weight:600;\">D\u00e9tention provisoire<\/td>\n<td style=\"padding:14px 18px;color:#4a4a4a;\">Avant tout jugement d\u00e9finitif<\/td>\n<td style=\"padding:14px 18px;color:#6a6a6a;\">Demande de mise en libert\u00e9 \u00e0 tout moment<\/td>\n<\/tr>\n<tr style=\"background:#fafaf7;border-bottom:1px solid #f0ede5;\">\n<td style=\"padding:14px 18px;font-weight:600;\">Condamnation de 1\u02b3\u1d49 instance<\/td>\n<td style=\"padding:14px 18px;color:#4a4a4a;\">Peine prononc\u00e9e par la cour d&rsquo;assises<\/td>\n<td style=\"padding:14px 18px;color:#6a6a6a;\">Appel suspensif sur le fond<\/td>\n<\/tr>\n<tr style=\"background:#fff;border-bottom:1px solid #f0ede5;\">\n<td style=\"padding:14px 18px;font-weight:600;\">En attente d&rsquo;appel<\/td>\n<td style=\"padding:14px 18px;color:#4a4a4a;\">Maintien sous \u00e9crou possible<\/td>\n<td style=\"padding:14px 18px;color:#6a6a6a;\">Demande de mise en libert\u00e9 motiv\u00e9e<\/td>\n<\/tr>\n<tr style=\"background:#fafaf7;\">\n<td style=\"padding:14px 18px;font-weight:600;\">Condamnation d&rsquo;appel<\/td>\n<td style=\"padding:14px 18px;color:#4a4a4a;\">R\u00e9examen complet par une seconde cour d&rsquo;assises<\/td>\n<td style=\"padding:14px 18px;color:#6a6a6a;\">Pourvoi en cassation (droit)<\/td>\n<\/tr>\n<\/tbody>\n<\/table><\/div><figcaption style=\"font-size:11px;color:#7a7a7a;margin-top:8px;text-align:right;letter-spacing:0.3px;\">Tableau synth\u00e9tique \u00e0 valeur p\u00e9dagogique \u2014 ne se substitue pas \u00e0 un conseil juridique.<\/figcaption><\/figure>\n<h2>Une affaire qui interroge la justice et le sport<\/h2>\n<p>Au-del\u00e0 du dossier individuel des trois ex-joueurs, ce proc\u00e8s cristallise des questions plus larges sur la mani\u00e8re dont la soci\u00e9t\u00e9 traite les violences sexuelles attribu\u00e9es \u00e0 des sportifs de haut niveau. La notori\u00e9t\u00e9 sportive complique l&rsquo;\u00e9quation : les accus\u00e9s b\u00e9n\u00e9ficient parfois d&rsquo;un capital de sympathie qui peut peser sur certains t\u00e9moignages, \u00e0 l&rsquo;inverse l&rsquo;exposition m\u00e9diatique peut aussi durcir la lecture du dossier par l&rsquo;opinion.<br \/>\nCette polarisation se retrouve dans les commentaires entourant la d\u00e9cision de la cour d&rsquo;assises de la Gironde. D&rsquo;un c\u00f4t\u00e9, les associations de d\u00e9fense des victimes saluent une fermet\u00e9 n\u00e9cessaire pour reconna\u00eetre la gravit\u00e9 des faits. De l&rsquo;autre, certains observateurs juridiques, comme Dreyfus, alertent sur le risque que la motivation \u00ab trouble \u00e0 l&rsquo;ordre public \u00bb devienne un fourre-tout d\u00e9connect\u00e9 des \u00e9l\u00e9ments propres au dossier.<\/p>\n<aside style=\"background:#fdecec;border-left:4px solid #c54848;padding:14px 18px;margin:18px 0;border-radius:0 4px 4px 0;font-family:-apple-system,BlinkMacSystemFont,'Segoe UI',Roboto,sans-serif;\">\n  <strong style=\"display:inline-block;color:#8a2020;font-size:12px;text-transform:uppercase;letter-spacing:1.5px;margin-right:8px;\">&#9888;&#65039; Attention<\/strong><br \/>\n  <span style=\"font-size:14.5px;line-height:1.55;color:#3a3a3a;\">Pr\u00e9somption d&rsquo;innocence ne signifie pas remise en cause de la parole des victimes. Les deux principes coexistent : seules les voies de recours et l&rsquo;examen contradictoire des preuves permettent de trancher d\u00e9finitivement.<\/span><br \/>\n<\/aside>\n<h3>Ce que l&rsquo;appel pourrait changer<\/h3>\n<p>L&rsquo;appel devant une seconde cour d&rsquo;assises ne sera pas une simple r\u00e9p\u00e9tition du premier proc\u00e8s. Une nouvelle composition de jur\u00e9s, un nouveau pr\u00e9sident, parfois de nouveaux t\u00e9moignages : le dossier sera r\u00e9examin\u00e9 dans son ensemble. La d\u00e9fense peut produire des \u00e9l\u00e9ments in\u00e9dits, demander de nouvelles expertises ou interroger des points laiss\u00e9s en suspens lors du premier jugement.<br \/>\nPour Lo\u00efck Jammes, l&rsquo;enjeu est double. D&rsquo;une part, obtenir un r\u00e9examen aussi neuf que possible des faits qui lui sont reproch\u00e9s. D&rsquo;autre part, sortir d&rsquo;une dynamique o\u00f9 chaque d\u00e9cision interm\u00e9diaire \u2014 comme le rejet r\u00e9cent de sa demande de mise en libert\u00e9 \u2014 semble nourrir une perception d\u00e9j\u00e0 cristallis\u00e9e dans l&rsquo;opinion. Le travail de Dreyfus consistera \u00e0 d\u00e9gager la proc\u00e9dure de cette ombre m\u00e9diatique.<\/p>\n<h2>Une affaire embl\u00e9matique pour la d\u00e9fense p\u00e9nale<\/h2>\n<p>Les enjeux de cette affaire ne se limitent pas seulement aux accusations port\u00e9es contre les ex-joueurs. Ils soul\u00e8vent des questions plus larges sur le syst\u00e8me judiciaire et la mani\u00e8re dont il interagit avec la soci\u00e9t\u00e9. Cela pose la question de la mani\u00e8re dont les d\u00e9cisions judiciaires peuvent \u00eatre influenc\u00e9es par des perceptions ext\u00e9rieures, et comment garantir que chaque individu b\u00e9n\u00e9ficie d&rsquo;un proc\u00e8s \u00e9quitable, sans pr\u00e9jug\u00e9 ni pression externe. La d\u00e9fense de Lo\u00efck Jammes est un rappel de l&rsquo;importance de pr\u00e9server l&rsquo;int\u00e9grit\u00e9 de la justice dans une soci\u00e9t\u00e9 souvent influenc\u00e9e par des \u00e9motions et des opinions publiques.<br \/>\nAu-del\u00e0 du verdict qui sera rendu en appel, ce dossier laissera des traces dans la pratique judiciaire et dans la doctrine. Il pourrait nourrir la r\u00e9flexion sur l&rsquo;encadrement de la notion de \u00ab trouble \u00e0 l&rsquo;ordre public \u00bb et sur les garde-fous n\u00e9cessaires pour que la justice rendue dans le bruit m\u00e9diatique reste fid\u00e8le aux principes fondamentaux du droit p\u00e9nal.<\/p>\n<section style=\"margin:32px 0;font-family:-apple-system,BlinkMacSystemFont,'Segoe UI',Roboto,sans-serif;\">\n<h2 style=\"margin:0 0 18px 0;font-size:22px;font-weight:800;color:#1a1a1a;letter-spacing:-0.01em;\">Questions fr\u00e9quentes<\/h2>\n<div style=\"border-top:1px solid #d4cfc4;\">\n<details style=\"border-bottom:1px solid #d4cfc4;padding:0;\">\n<summary style=\"cursor:pointer;padding:16px 0;font-size:17px;font-weight:700;color:#1a1a1a;list-style:none;display:flex;justify-content:space-between;align-items:center;gap:14px;\">\n        <span>Pourquoi Lo\u00efck Jammes reste-t-il en d\u00e9tention malgr\u00e9 l&rsquo;appel ?<\/span><br \/>\n        <span style=\"font-size:22px;font-weight:300;color:#2a3a4a;line-height:1;\">+<\/span><br \/>\n      <\/summary>\n<div style=\"padding:0 0 16px 0;font-size:15px;line-height:1.7;color:#4a4a4a;\">La cour d&rsquo;assises de la Gironde a rejet\u00e9 sa demande de mise en libert\u00e9 en s&rsquo;appuyant notamment sur la notion de \u00ab trouble \u00e0 l&rsquo;ordre public \u00bb avanc\u00e9e par l&rsquo;avocate g\u00e9n\u00e9rale. Le maintien en d\u00e9tention demeure donc possible le temps que la proc\u00e9dure d&rsquo;appel suive son cours.<\/div>\n<\/details>\n<details style=\"border-bottom:1px solid #d4cfc4;padding:0;\">\n<summary style=\"cursor:pointer;padding:16px 0;font-size:17px;font-weight:700;color:#1a1a1a;list-style:none;display:flex;justify-content:space-between;align-items:center;gap:14px;\">\n        <span>Que reproche Denis Dreyfus \u00e0 la motivation de la cour ?<\/span><br \/>\n        <span style=\"font-size:22px;font-weight:300;color:#2a3a4a;line-height:1;\">+<\/span><br \/>\n      <\/summary>\n<div style=\"padding:0 0 16px 0;font-size:15px;line-height:1.7;color:#4a4a4a;\">Il estime que s&rsquo;appuyer principalement sur le \u00ab trouble \u00e0 l&rsquo;ordre public \u00bb revient \u00e0 laisser l&rsquo;opinion publique peser sur la d\u00e9cision. Selon lui, le juge doit se d\u00e9terminer sur des \u00e9l\u00e9ments factuels du dossier et pr\u00e9server la pr\u00e9somption d&rsquo;innocence tant qu&rsquo;aucun jugement d\u00e9finitif n&rsquo;a \u00e9t\u00e9 rendu.<\/div>\n<\/details>\n<details style=\"border-bottom:1px solid #d4cfc4;padding:0;\">\n<summary style=\"cursor:pointer;padding:16px 0;font-size:17px;font-weight:700;color:#1a1a1a;list-style:none;display:flex;justify-content:space-between;align-items:center;gap:14px;\">\n        <span>L&rsquo;appel peut-il changer la peine de quatorze ans ?<\/span><br \/>\n        <span style=\"font-size:22px;font-weight:300;color:#2a3a4a;line-height:1;\">+<\/span><br \/>\n      <\/summary>\n<div style=\"padding:0 0 16px 0;font-size:15px;line-height:1.7;color:#4a4a4a;\">Oui. Une cour d&rsquo;assises d&rsquo;appel r\u00e9examine int\u00e9gralement les faits, avec un nouveau jury. Elle peut confirmer, all\u00e9ger ou aggraver la peine, ou retenir une qualification diff\u00e9rente des faits. Le proc\u00e8s d&rsquo;appel n&rsquo;est jamais une simple validation du premier jugement.<\/div>\n<\/details>\n<details style=\"border-bottom:1px solid #d4cfc4;padding:0;\">\n<summary style=\"cursor:pointer;padding:16px 0;font-size:17px;font-weight:700;color:#1a1a1a;list-style:none;display:flex;justify-content:space-between;align-items:center;gap:14px;\">\n        <span>Comment se d\u00e9roule la vie quotidienne des trois condamn\u00e9s en d\u00e9tention ?<\/span><br \/>\n        <span style=\"font-size:22px;font-weight:300;color:#2a3a4a;line-height:1;\">+<\/span><br \/>\n      <\/summary>\n<div style=\"padding:0 0 16px 0;font-size:15px;line-height:1.7;color:#4a4a4a;\">Selon les d\u00e9clarations de leur avocat, les trois ex-joueurs sont plac\u00e9s ensemble en cellule, ce qui contribue \u00e0 maintenir leur moral. Lo\u00efck Jammes travaille gr\u00e2ce \u00e0 ses comp\u00e9tences en menuiserie, occupation qui s&rsquo;inscrit aussi dans une logique de r\u00e9insertion encadr\u00e9e par l&rsquo;administration p\u00e9nitentiaire.<\/div>\n<\/details>\n<details style=\"padding:0;\">\n<summary style=\"cursor:pointer;padding:16px 0;font-size:17px;font-weight:700;color:#1a1a1a;list-style:none;display:flex;justify-content:space-between;align-items:center;gap:14px;\">\n        <span>Que signifie \u00ab trouble \u00e0 l&rsquo;ordre public \u00bb dans ce contexte ?<\/span><br \/>\n        <span style=\"font-size:22px;font-weight:300;color:#2a3a4a;line-height:1;\">+<\/span><br \/>\n      <\/summary>\n<div style=\"padding:0 0 16px 0;font-size:15px;line-height:1.7;color:#4a4a4a;\">C&rsquo;est l&rsquo;un des crit\u00e8res du code de proc\u00e9dure p\u00e9nale permettant de justifier le maintien en d\u00e9tention. Son interpr\u00e9tation reste discut\u00e9e : pour la d\u00e9fense, il ne doit pas servir de paravent \u00e0 une lecture \u00e9motionnelle ou m\u00e9diatique du dossier, mais reposer sur des \u00e9l\u00e9ments concrets et objectivables.<\/div>\n<\/details><\/div>\n<\/section>\n","protected":false},"excerpt":{"rendered":"","protected":false},"author":34,"featured_media":10938,"comment_status":"open","ping_status":"open","sticky":false,"template":"","format":"standard","meta":{"_acf_changed":false,"manual_indexmenow":false,"indexmenow_id_project":0,"footnotes":""},"categories":[1],"tags":[2574,4615,4529,5045,4408],"class_list":["post-8185","post","type-post","status-publish","format-standard","has-post-thumbnail","hentry","category-a-la-une","tag-bien-etre","tag-communaute-engagee","tag-egalite-des-chances","tag-presomption-dinnocence","tag-resilience","generate-columns","tablet-grid-50","mobile-grid-100","grid-parent","grid-25"],"acf":[],"yoast_head":"<!-- This site is optimized with the Yoast SEO Premium plugin v21.3 (Yoast SEO v26.5) - https:\/\/yoast.com\/wordpress\/plugins\/seo\/ -->\n<title>Proc\u00e8s des ex-joueurs de rugby : Denis Dreyfus d\u00e9fend Lo\u00efck<\/title>\n<meta name=\"description\" content=\"Condamn\u00e9 \u00e0 quatorze ans de r\u00e9clusion pour viol en r\u00e9union, Lo\u00efck Jammes voit sa demande de mise en libert\u00e9 rejet\u00e9e par la cour d&#039;assises de la Gironde\u2026\" \/>\n<meta name=\"robots\" content=\"index, follow, max-snippet:-1, max-image-preview:large, max-video-preview:-1\" \/>\n<link rel=\"canonical\" href=\"https:\/\/sport-index.fr\/blog\/a-la-une\/proces-des-ex-joueurs-de-rugby-denis-dreyfus-defend-loick-jammes-face-a-lopinion-publique\/\" \/>\n<meta property=\"og:locale\" content=\"fr_FR\" \/>\n<meta property=\"og:type\" content=\"article\" \/>\n<meta property=\"og:title\" content=\"Proc\u00e8s des ex-joueurs de rugby : Denis Dreyfus d\u00e9fend Lo\u00efck\" \/>\n<meta property=\"og:description\" content=\"Condamn\u00e9 \u00e0 quatorze ans de r\u00e9clusion pour viol en r\u00e9union, Lo\u00efck Jammes voit sa demande de mise en libert\u00e9 rejet\u00e9e par la cour d&#039;assises de la Gironde\u2026\" \/>\n<meta property=\"og:url\" content=\"https:\/\/sport-index.fr\/blog\/a-la-une\/proces-des-ex-joueurs-de-rugby-denis-dreyfus-defend-loick-jammes-face-a-lopinion-publique\/\" \/>\n<meta property=\"og:site_name\" content=\"sport-index\" \/>\n<meta name=\"author\" content=\"Axel Lauzier\" \/>\n<meta name=\"twitter:card\" content=\"summary_large_image\" \/>\n<script type=\"application\/ld+json\" class=\"yoast-schema-graph\">{\"@context\":\"https:\/\/schema.org\",\"@graph\":[{\"@type\":\"NewsArticle\",\"@id\":\"https:\/\/sport-index.fr\/blog\/a-la-une\/proces-des-ex-joueurs-de-rugby-denis-dreyfus-defend-loick-jammes-face-a-lopinion-publique\/#article\",\"isPartOf\":{\"@id\":\"https:\/\/sport-index.fr\/blog\/a-la-une\/proces-des-ex-joueurs-de-rugby-denis-dreyfus-defend-loick-jammes-face-a-lopinion-publique\/\"},\"author\":{\"name\":\"Axel Lauzier\",\"@id\":\"https:\/\/sport-index.fr\/blog\/#\/schema\/person\/3c864cdc320801e3db34b663e7e3f816\"},\"headline\":\"Proc\u00e8s des ex-joueurs de rugby : Denis Dreyfus d\u00e9fend Lo\u00efck Jammes face \u00e0 l&rsquo;opinion publique\",\"datePublished\":\"2026-05-22T07:44:52+00:00\",\"mainEntityOfPage\":{\"@id\":\"https:\/\/sport-index.fr\/blog\/a-la-une\/proces-des-ex-joueurs-de-rugby-denis-dreyfus-defend-loick-jammes-face-a-lopinion-publique\/\"},\"wordCount\":2140,\"commentCount\":21,\"publisher\":{\"@id\":\"https:\/\/sport-index.fr\/blog\/#organization\"},\"image\":{\"@id\":\"https:\/\/sport-index.fr\/blog\/a-la-une\/proces-des-ex-joueurs-de-rugby-denis-dreyfus-defend-loick-jammes-face-a-lopinion-publique\/#primaryimage\"},\"thumbnailUrl\":\"https:\/\/sport-index.fr\/blog\/wp-content\/uploads\/2025\/02\/sdxl-bfb66fbf657c02383af5d8922b753be5.png\",\"keywords\":[\"Bien-\u00catre\",\"Communaut\u00e9 engag\u00e9e\",\"\u00c9galit\u00e9 des Chances\",\"Pr\u00e9somption d'Innocence\",\"R\u00e9silience\"],\"articleSection\":[\"\u00c0 la une\"],\"inLanguage\":\"fr-FR\",\"potentialAction\":[{\"@type\":\"CommentAction\",\"name\":\"Comment\",\"target\":[\"https:\/\/sport-index.fr\/blog\/a-la-une\/proces-des-ex-joueurs-de-rugby-denis-dreyfus-defend-loick-jammes-face-a-lopinion-publique\/#respond\"]}]},{\"@type\":\"WebPage\",\"@id\":\"https:\/\/sport-index.fr\/blog\/a-la-une\/proces-des-ex-joueurs-de-rugby-denis-dreyfus-defend-loick-jammes-face-a-lopinion-publique\/\",\"url\":\"https:\/\/sport-index.fr\/blog\/a-la-une\/proces-des-ex-joueurs-de-rugby-denis-dreyfus-defend-loick-jammes-face-a-lopinion-publique\/\",\"name\":\"Proc\u00e8s des ex-joueurs de rugby : Denis Dreyfus d\u00e9fend Lo\u00efck\",\"isPartOf\":{\"@id\":\"https:\/\/sport-index.fr\/blog\/#website\"},\"primaryImageOfPage\":{\"@id\":\"https:\/\/sport-index.fr\/blog\/a-la-une\/proces-des-ex-joueurs-de-rugby-denis-dreyfus-defend-loick-jammes-face-a-lopinion-publique\/#primaryimage\"},\"image\":{\"@id\":\"https:\/\/sport-index.fr\/blog\/a-la-une\/proces-des-ex-joueurs-de-rugby-denis-dreyfus-defend-loick-jammes-face-a-lopinion-publique\/#primaryimage\"},\"thumbnailUrl\":\"https:\/\/sport-index.fr\/blog\/wp-content\/uploads\/2025\/02\/sdxl-bfb66fbf657c02383af5d8922b753be5.png\",\"datePublished\":\"2026-05-22T07:44:52+00:00\",\"description\":\"Condamn\u00e9 \u00e0 quatorze ans de r\u00e9clusion pour viol en r\u00e9union, Lo\u00efck Jammes voit sa demande de mise en libert\u00e9 rejet\u00e9e par la cour d'assises de la Gironde\u2026\",\"inLanguage\":\"fr-FR\",\"potentialAction\":[{\"@type\":\"ReadAction\",\"target\":[\"https:\/\/sport-index.fr\/blog\/a-la-une\/proces-des-ex-joueurs-de-rugby-denis-dreyfus-defend-loick-jammes-face-a-lopinion-publique\/\"]}]},{\"@type\":\"ImageObject\",\"inLanguage\":\"fr-FR\",\"@id\":\"https:\/\/sport-index.fr\/blog\/a-la-une\/proces-des-ex-joueurs-de-rugby-denis-dreyfus-defend-loick-jammes-face-a-lopinion-publique\/#primaryimage\",\"url\":\"https:\/\/sport-index.fr\/blog\/wp-content\/uploads\/2025\/02\/sdxl-bfb66fbf657c02383af5d8922b753be5.png\",\"contentUrl\":\"https:\/\/sport-index.fr\/blog\/wp-content\/uploads\/2025\/02\/sdxl-bfb66fbf657c02383af5d8922b753be5.png\",\"width\":1536,\"height\":640},{\"@type\":\"WebSite\",\"@id\":\"https:\/\/sport-index.fr\/blog\/#website\",\"url\":\"https:\/\/sport-index.fr\/blog\/\",\"name\":\"sport-index.fr\",\"description\":\"Le score de l\u2019analyse sportive.\",\"publisher\":{\"@id\":\"https:\/\/sport-index.fr\/blog\/#organization\"},\"alternateName\":\"Le score de l\u2019analyse sportive.\",\"potentialAction\":[{\"@type\":\"SearchAction\",\"target\":{\"@type\":\"EntryPoint\",\"urlTemplate\":\"https:\/\/sport-index.fr\/blog\/?s={search_term_string}\"},\"query-input\":{\"@type\":\"PropertyValueSpecification\",\"valueRequired\":true,\"valueName\":\"search_term_string\"}}],\"inLanguage\":\"fr-FR\"},{\"@type\":\"Organization\",\"@id\":\"https:\/\/sport-index.fr\/blog\/#organization\",\"name\":\"Foretsensations.fr\",\"url\":\"https:\/\/sport-index.fr\/blog\/\",\"logo\":{\"@type\":\"ImageObject\",\"inLanguage\":\"fr-FR\",\"@id\":\"https:\/\/sport-index.fr\/blog\/#\/schema\/logo\/image\/\",\"url\":\"https:\/\/sport-index.fr\/blog\/wp-content\/uploads\/2026\/07\/logo-auto.png\",\"contentUrl\":\"https:\/\/sport-index.fr\/blog\/wp-content\/uploads\/2026\/07\/logo-auto.png\",\"width\":1024,\"height\":1024,\"caption\":\"Foretsensations.fr\"},\"image\":{\"@id\":\"https:\/\/sport-index.fr\/blog\/#\/schema\/logo\/image\/\"}},{\"@type\":\"Person\",\"@id\":\"https:\/\/sport-index.fr\/blog\/#\/schema\/person\/3c864cdc320801e3db34b663e7e3f816\",\"name\":\"Axel Lauzier\",\"image\":{\"@type\":\"ImageObject\",\"inLanguage\":\"fr-FR\",\"@id\":\"https:\/\/sport-index.fr\/blog\/#\/schema\/person\/image\/\",\"url\":\"https:\/\/sport-index.fr\/blog\/wp-content\/uploads\/2026\/06\/persona_axel-l-96x96.jpg\",\"contentUrl\":\"https:\/\/sport-index.fr\/blog\/wp-content\/uploads\/2026\/06\/persona_axel-l-96x96.jpg\",\"caption\":\"Axel Lauzier\"},\"description\":\"Le sport rythme mon quotidien depuis l'enfance, et j'en ai fait mon m\u00e9tier d'analyste r\u00e9dactionnel il y a une dizaine d'ann\u00e9es. Je couvre principalement le football, son actualit\u00e9, ses transferts et l'analyse tactique des grandes affiches, mais aussi les disciplines plus confidentielles que j'aime remettre en lumi\u00e8re. Une partie de mon travail porte sur les pronostics et la lecture statistique d'un match : forme des \u00e9quipes, historique des confrontations, compositions, sans jamais vendre de fausse certitude. Je rappelle syst\u00e9matiquement que parier comporte un risque et doit rester un loisir ma\u00eetris\u00e9. Avant de signer une analyse, je v\u00e9rifie mes chiffres, je recoupe les compositions probables et je distingue toujours la donn\u00e9e brute de l'intuition. Mon objectif : offrir une lecture honn\u00eate et argument\u00e9e, pas un ticket gagnant garanti.\",\"sameAs\":[\"https:\/\/axellauzier.fr\/\"],\"url\":\"https:\/\/sport-index.fr\/blog\/auteur\/noname\/\"}]}<\/script>\n<!-- \/ Yoast SEO Premium plugin. -->","yoast_head_json":{"title":"Proc\u00e8s des ex-joueurs de rugby : Denis Dreyfus d\u00e9fend Lo\u00efck","description":"Condamn\u00e9 \u00e0 quatorze ans de r\u00e9clusion pour viol en r\u00e9union, Lo\u00efck Jammes voit sa demande de mise en libert\u00e9 rejet\u00e9e par la cour d'assises de la Gironde\u2026","robots":{"index":"index","follow":"follow","max-snippet":"max-snippet:-1","max-image-preview":"max-image-preview:large","max-video-preview":"max-video-preview:-1"},"canonical":"https:\/\/sport-index.fr\/blog\/a-la-une\/proces-des-ex-joueurs-de-rugby-denis-dreyfus-defend-loick-jammes-face-a-lopinion-publique\/","og_locale":"fr_FR","og_type":"article","og_title":"Proc\u00e8s des ex-joueurs de rugby : Denis Dreyfus d\u00e9fend Lo\u00efck","og_description":"Condamn\u00e9 \u00e0 quatorze ans de r\u00e9clusion pour viol en r\u00e9union, Lo\u00efck Jammes voit sa demande de mise en libert\u00e9 rejet\u00e9e par la cour d'assises de la Gironde\u2026","og_url":"https:\/\/sport-index.fr\/blog\/a-la-une\/proces-des-ex-joueurs-de-rugby-denis-dreyfus-defend-loick-jammes-face-a-lopinion-publique\/","og_site_name":"sport-index","author":"Axel Lauzier","twitter_card":"summary_large_image","schema":{"@context":"https:\/\/schema.org","@graph":[{"@type":"NewsArticle","@id":"https:\/\/sport-index.fr\/blog\/a-la-une\/proces-des-ex-joueurs-de-rugby-denis-dreyfus-defend-loick-jammes-face-a-lopinion-publique\/#article","isPartOf":{"@id":"https:\/\/sport-index.fr\/blog\/a-la-une\/proces-des-ex-joueurs-de-rugby-denis-dreyfus-defend-loick-jammes-face-a-lopinion-publique\/"},"author":{"name":"Axel Lauzier","@id":"https:\/\/sport-index.fr\/blog\/#\/schema\/person\/3c864cdc320801e3db34b663e7e3f816"},"headline":"Proc\u00e8s des ex-joueurs de rugby : Denis Dreyfus d\u00e9fend Lo\u00efck Jammes face \u00e0 l&rsquo;opinion publique","datePublished":"2026-05-22T07:44:52+00:00","mainEntityOfPage":{"@id":"https:\/\/sport-index.fr\/blog\/a-la-une\/proces-des-ex-joueurs-de-rugby-denis-dreyfus-defend-loick-jammes-face-a-lopinion-publique\/"},"wordCount":2140,"commentCount":21,"publisher":{"@id":"https:\/\/sport-index.fr\/blog\/#organization"},"image":{"@id":"https:\/\/sport-index.fr\/blog\/a-la-une\/proces-des-ex-joueurs-de-rugby-denis-dreyfus-defend-loick-jammes-face-a-lopinion-publique\/#primaryimage"},"thumbnailUrl":"https:\/\/sport-index.fr\/blog\/wp-content\/uploads\/2025\/02\/sdxl-bfb66fbf657c02383af5d8922b753be5.png","keywords":["Bien-\u00catre","Communaut\u00e9 engag\u00e9e","\u00c9galit\u00e9 des Chances","Pr\u00e9somption d'Innocence","R\u00e9silience"],"articleSection":["\u00c0 la une"],"inLanguage":"fr-FR","potentialAction":[{"@type":"CommentAction","name":"Comment","target":["https:\/\/sport-index.fr\/blog\/a-la-une\/proces-des-ex-joueurs-de-rugby-denis-dreyfus-defend-loick-jammes-face-a-lopinion-publique\/#respond"]}]},{"@type":"WebPage","@id":"https:\/\/sport-index.fr\/blog\/a-la-une\/proces-des-ex-joueurs-de-rugby-denis-dreyfus-defend-loick-jammes-face-a-lopinion-publique\/","url":"https:\/\/sport-index.fr\/blog\/a-la-une\/proces-des-ex-joueurs-de-rugby-denis-dreyfus-defend-loick-jammes-face-a-lopinion-publique\/","name":"Proc\u00e8s des ex-joueurs de rugby : Denis Dreyfus d\u00e9fend Lo\u00efck","isPartOf":{"@id":"https:\/\/sport-index.fr\/blog\/#website"},"primaryImageOfPage":{"@id":"https:\/\/sport-index.fr\/blog\/a-la-une\/proces-des-ex-joueurs-de-rugby-denis-dreyfus-defend-loick-jammes-face-a-lopinion-publique\/#primaryimage"},"image":{"@id":"https:\/\/sport-index.fr\/blog\/a-la-une\/proces-des-ex-joueurs-de-rugby-denis-dreyfus-defend-loick-jammes-face-a-lopinion-publique\/#primaryimage"},"thumbnailUrl":"https:\/\/sport-index.fr\/blog\/wp-content\/uploads\/2025\/02\/sdxl-bfb66fbf657c02383af5d8922b753be5.png","datePublished":"2026-05-22T07:44:52+00:00","description":"Condamn\u00e9 \u00e0 quatorze ans de r\u00e9clusion pour viol en r\u00e9union, Lo\u00efck Jammes voit sa demande de mise en libert\u00e9 rejet\u00e9e par la cour d'assises de la Gironde\u2026","inLanguage":"fr-FR","potentialAction":[{"@type":"ReadAction","target":["https:\/\/sport-index.fr\/blog\/a-la-une\/proces-des-ex-joueurs-de-rugby-denis-dreyfus-defend-loick-jammes-face-a-lopinion-publique\/"]}]},{"@type":"ImageObject","inLanguage":"fr-FR","@id":"https:\/\/sport-index.fr\/blog\/a-la-une\/proces-des-ex-joueurs-de-rugby-denis-dreyfus-defend-loick-jammes-face-a-lopinion-publique\/#primaryimage","url":"https:\/\/sport-index.fr\/blog\/wp-content\/uploads\/2025\/02\/sdxl-bfb66fbf657c02383af5d8922b753be5.png","contentUrl":"https:\/\/sport-index.fr\/blog\/wp-content\/uploads\/2025\/02\/sdxl-bfb66fbf657c02383af5d8922b753be5.png","width":1536,"height":640},{"@type":"WebSite","@id":"https:\/\/sport-index.fr\/blog\/#website","url":"https:\/\/sport-index.fr\/blog\/","name":"sport-index.fr","description":"Le score de l\u2019analyse sportive.","publisher":{"@id":"https:\/\/sport-index.fr\/blog\/#organization"},"alternateName":"Le score de l\u2019analyse sportive.","potentialAction":[{"@type":"SearchAction","target":{"@type":"EntryPoint","urlTemplate":"https:\/\/sport-index.fr\/blog\/?s={search_term_string}"},"query-input":{"@type":"PropertyValueSpecification","valueRequired":true,"valueName":"search_term_string"}}],"inLanguage":"fr-FR"},{"@type":"Organization","@id":"https:\/\/sport-index.fr\/blog\/#organization","name":"Foretsensations.fr","url":"https:\/\/sport-index.fr\/blog\/","logo":{"@type":"ImageObject","inLanguage":"fr-FR","@id":"https:\/\/sport-index.fr\/blog\/#\/schema\/logo\/image\/","url":"https:\/\/sport-index.fr\/blog\/wp-content\/uploads\/2026\/07\/logo-auto.png","contentUrl":"https:\/\/sport-index.fr\/blog\/wp-content\/uploads\/2026\/07\/logo-auto.png","width":1024,"height":1024,"caption":"Foretsensations.fr"},"image":{"@id":"https:\/\/sport-index.fr\/blog\/#\/schema\/logo\/image\/"}},{"@type":"Person","@id":"https:\/\/sport-index.fr\/blog\/#\/schema\/person\/3c864cdc320801e3db34b663e7e3f816","name":"Axel Lauzier","image":{"@type":"ImageObject","inLanguage":"fr-FR","@id":"https:\/\/sport-index.fr\/blog\/#\/schema\/person\/image\/","url":"https:\/\/sport-index.fr\/blog\/wp-content\/uploads\/2026\/06\/persona_axel-l-96x96.jpg","contentUrl":"https:\/\/sport-index.fr\/blog\/wp-content\/uploads\/2026\/06\/persona_axel-l-96x96.jpg","caption":"Axel Lauzier"},"description":"Le sport rythme mon quotidien depuis l'enfance, et j'en ai fait mon m\u00e9tier d'analyste r\u00e9dactionnel il y a une dizaine d'ann\u00e9es. Je couvre principalement le football, son actualit\u00e9, ses transferts et l'analyse tactique des grandes affiches, mais aussi les disciplines plus confidentielles que j'aime remettre en lumi\u00e8re. Une partie de mon travail porte sur les pronostics et la lecture statistique d'un match : forme des \u00e9quipes, historique des confrontations, compositions, sans jamais vendre de fausse certitude. Je rappelle syst\u00e9matiquement que parier comporte un risque et doit rester un loisir ma\u00eetris\u00e9. Avant de signer une analyse, je v\u00e9rifie mes chiffres, je recoupe les compositions probables et je distingue toujours la donn\u00e9e brute de l'intuition. Mon objectif : offrir une lecture honn\u00eate et argument\u00e9e, pas un ticket gagnant garanti.","sameAs":["https:\/\/axellauzier.fr\/"],"url":"https:\/\/sport-index.fr\/blog\/auteur\/noname\/"}]}},"_links":{"self":[{"href":"https:\/\/sport-index.fr\/blog\/wp-json\/wp\/v2\/posts\/8185","targetHints":{"allow":["GET"]}}],"collection":[{"href":"https:\/\/sport-index.fr\/blog\/wp-json\/wp\/v2\/posts"}],"about":[{"href":"https:\/\/sport-index.fr\/blog\/wp-json\/wp\/v2\/types\/post"}],"author":[{"embeddable":true,"href":"https:\/\/sport-index.fr\/blog\/wp-json\/wp\/v2\/users\/34"}],"replies":[{"embeddable":true,"href":"https:\/\/sport-index.fr\/blog\/wp-json\/wp\/v2\/comments?post=8185"}],"version-history":[{"count":2,"href":"https:\/\/sport-index.fr\/blog\/wp-json\/wp\/v2\/posts\/8185\/revisions"}],"predecessor-version":[{"id":18022,"href":"https:\/\/sport-index.fr\/blog\/wp-json\/wp\/v2\/posts\/8185\/revisions\/18022"}],"wp:featuredmedia":[{"embeddable":true,"href":"https:\/\/sport-index.fr\/blog\/wp-json\/wp\/v2\/media\/10938"}],"wp:attachment":[{"href":"https:\/\/sport-index.fr\/blog\/wp-json\/wp\/v2\/media?parent=8185"}],"wp:term":[{"taxonomy":"category","embeddable":true,"href":"https:\/\/sport-index.fr\/blog\/wp-json\/wp\/v2\/categories?post=8185"},{"taxonomy":"post_tag","embeddable":true,"href":"https:\/\/sport-index.fr\/blog\/wp-json\/wp\/v2\/tags?post=8185"}],"curies":[{"name":"wp","href":"https:\/\/api.w.org\/{rel}","templated":true}]}}