{"id":8188,"date":"2025-02-13T08:08:36","date_gmt":"2025-02-13T07:08:36","guid":{"rendered":"https:\/\/sport-index.fr\/blog\/?p=8188"},"modified":"2025-02-11T15:18:01","modified_gmt":"2025-02-11T14:18:01","slug":"clement-verge-lascension-dun-jeune-talent-du-rugby-francais","status":"publish","type":"post","link":"https:\/\/sport-index.fr\/blog\/a-la-une\/clement-verge-lascension-dun-jeune-talent-du-rugby-francais\/","title":{"rendered":"Cl\u00e9ment Verg\u00e9 : l&rsquo;ascension d&rsquo;un jeune talent du rugby fran\u00e7ais"},"content":{"rendered":"<h2>Un parcours prometteur au sein du rugby fran\u00e7ais<\/h2>\n<p>\u00c0 seulement 23 ans, il a d\u00e9j\u00e0 su se faire un nom en int\u00e9grant le groupe \u00e9largi du XV de France. Sa progression fulgurante t\u00e9moigne d&rsquo;un travail acharn\u00e9 et d&rsquo;une passion ind\u00e9fectible pour le rugby.<\/p>\n<p>Son parcours a d\u00e9but\u00e9 d\u00e8s son arriv\u00e9e au Stade toulousain \u00e0 17 ans, apr\u00e8s une exp\u00e9rience formatrice \u00e0 Saint-Girons. C&rsquo;est l\u00e0 qu&rsquo;il a pu se frotter \u00e0 des joueurs adultes, ce qui l&rsquo;a aid\u00e9 \u00e0 se renforcer et \u00e0 d\u00e9velopper son jeu. Aujourd&rsquo;hui, il est pr\u00eat \u00e0 relever les d\u00e9fis qui se pr\u00e9sentent \u00e0 lui, notamment lors des matchs \u00e0 fort enjeu.<\/p>\n<p><iframe loading=\"lazy\" title=\"A Visit from the Goon Squad | Jennifer Egan | Full Audiobook\" width=\"1200\" height=\"675\" src=\"https:\/\/www.youtube.com\/embed\/mOKbCke5Rvo?feature=oembed\" frameborder=\"0\" allow=\"accelerometer; autoplay; clipboard-write; encrypted-media; gyroscope; picture-in-picture; web-share\" referrerpolicy=\"strict-origin-when-cross-origin\" allowfullscreen><\/iframe><\/p>\n<h2>Des ambitions nourries par l&rsquo;exp\u00e9rience<\/h2>\n<p>Verg\u00e9 ne cache pas ses aspirations. Son int\u00e9gration r\u00e9cente au groupe national est une source de motivation suppl\u00e9mentaire. \u00ab\u00a0Maintenant, j\u2019ai envie d\u2019en manger encore plus\u00a0\u00bb, avoue-t-il, soulignant sa d\u00e9termination \u00e0 s&rsquo;imposer comme un pilier de l&rsquo;\u00e9quipe.<\/p>\n<p>Son passage \u00e0 Marcoussis a \u00e9t\u00e9 r\u00e9v\u00e9lateur. Il a pu \u00e9changer avec des joueurs de haut niveau, se frotter \u00e0 l&rsquo;excellence et mesurer le chemin qu&rsquo;il lui reste \u00e0 parcourir. Cette exp\u00e9rience lui a ouvert les yeux sur l&rsquo;importance de la coh\u00e9sion et du respect mutuel au sein d&rsquo;une \u00e9quipe comp\u00e9titive.<\/p>\n<h2>Le go\u00fbt du d\u00e9fi et l&rsquo;amour du jeu<\/h2>\n<p>Cl\u00e9ment Verg\u00e9 est un comp\u00e9titeur dans l&rsquo;\u00e2me. Sa philosophie de jeu repose sur l&rsquo;envie de se mesurer aux meilleurs, qu&rsquo;il consid\u00e8re comme des alli\u00e9s dans sa qu\u00eate de progression. \u00ab\u00a0Je veux me mesurer aux tr\u00e8s bons joueurs qui \u00e9voluent \u00e0 mon poste\u00a0\u00bb, confie-t-il, conscient que chaque match est une opportunit\u00e9 d&rsquo;apprendre et de s&rsquo;am\u00e9liorer.<\/p>\n<p>Il se sent \u00e9galement \u00e0 l&rsquo;aise dans le jeu, combinant puissance et technique. \u00ab\u00a0Quand j\u2019\u00e9tais petit, je jouais centre\u00a0\u00bb, raconte-t-il, \u00e9voquant son go\u00fbt pour le ballon. Cette polyvalence est un atout majeur qui lui permet de s&rsquo;adapter \u00e0 diff\u00e9rentes situations sur le terrain.<\/p>\n<ul>\n<li>Int\u00e9gration au groupe \u00e9largi du XV de France<\/li>\n<li>Exp\u00e9rience enrichissante \u00e0 Marcoussis<\/li>\n<li>Ambitions de se mesurer aux meilleurs joueurs<\/li>\n<li>Passion pour le rugby et le go\u00fbt du d\u00e9fi<\/li>\n<li>Polyvalence \u00e0 travers diff\u00e9rents postes en seconde ligne<\/li>\n<\/ul>\n<blockquote><p>\n\u201cL\u2019\u00e9quipe de France, c\u2019est une tr\u00e8s belle chose. C\u2019est un objectif pour chaque joueur fran\u00e7ais qui \u00e9volue en Top 14.\u201d\n<\/p><\/blockquote>\n<p>En somme, Cl\u00e9ment Verg\u00e9 incarne l&rsquo;avenir du rugby fran\u00e7ais. Son parcours, jalonn\u00e9 de d\u00e9fis et de r\u00e9ussites, est une v\u00e9ritable source d&rsquo;inspiration pour les jeunes joueurs. Avec une mentalit\u00e9 de gagnant et une passion d\u00e9bordante, il est bien parti pour marquer de son empreinte le monde du rugby.<\/p>\n","protected":false},"excerpt":{"rendered":"","protected":false},"author":34,"featured_media":10487,"comment_status":"open","ping_status":"open","sticky":false,"template":"","format":"standard","meta":{"_acf_changed":false,"manual_indexmenow":false,"indexmenow_id_project":0,"footnotes":""},"categories":[1],"tags":[5049,4544,4632,4408,4536],"class_list":["post-8188","post","type-post","status-publish","format-standard","has-post-thumbnail","hentry","category-a-la-une","tag-ambitions","tag-equipe","tag-performance-sportive","tag-resilience","tag-rugby","generate-columns","tablet-grid-50","mobile-grid-100","grid-parent","grid-25"],"acf":[],"yoast_head":"<!-- This site is optimized with the Yoast SEO Premium plugin v21.3 (Yoast SEO v26.5) - https:\/\/yoast.com\/wordpress\/plugins\/seo\/ -->\n<title>Cl\u00e9ment Verg\u00e9 : l&#039;ascension d&#039;un jeune talent du rugby<\/title>\n<meta name=\"description\" content=\"Un parcours prometteur au sein du rugby fran\u00e7ais \u00c0 seulement 23 ans, il a d\u00e9j\u00e0 su se faire un nom en int\u00e9grant le groupe \u00e9largi du XV de France. Sa\u2026\" \/>\n<meta name=\"robots\" content=\"index, follow, max-snippet:-1, max-image-preview:large, max-video-preview:-1\" \/>\n<link rel=\"canonical\" href=\"https:\/\/sport-index.fr\/blog\/a-la-une\/clement-verge-lascension-dun-jeune-talent-du-rugby-francais\/\" \/>\n<meta property=\"og:locale\" content=\"fr_FR\" \/>\n<meta property=\"og:type\" content=\"article\" \/>\n<meta property=\"og:title\" content=\"Cl\u00e9ment Verg\u00e9 : l&#039;ascension d&#039;un jeune talent du rugby\" \/>\n<meta property=\"og:description\" content=\"Un parcours prometteur au sein du rugby fran\u00e7ais \u00c0 seulement 23 ans, il a d\u00e9j\u00e0 su se faire un nom en int\u00e9grant le groupe \u00e9largi du XV de France. Sa\u2026\" \/>\n<meta property=\"og:url\" content=\"https:\/\/sport-index.fr\/blog\/a-la-une\/clement-verge-lascension-dun-jeune-talent-du-rugby-francais\/\" \/>\n<meta property=\"og:site_name\" content=\"sport-index\" \/>\n<meta name=\"author\" content=\"Axel Lauzier\" \/>\n<meta name=\"twitter:card\" content=\"summary_large_image\" \/>\n<script type=\"application\/ld+json\" class=\"yoast-schema-graph\">{\"@context\":\"https:\/\/schema.org\",\"@graph\":[{\"@type\":\"NewsArticle\",\"@id\":\"https:\/\/sport-index.fr\/blog\/a-la-une\/clement-verge-lascension-dun-jeune-talent-du-rugby-francais\/#article\",\"isPartOf\":{\"@id\":\"https:\/\/sport-index.fr\/blog\/a-la-une\/clement-verge-lascension-dun-jeune-talent-du-rugby-francais\/\"},\"author\":{\"name\":\"Axel Lauzier\",\"@id\":\"https:\/\/sport-index.fr\/blog\/#\/schema\/person\/3c864cdc320801e3db34b663e7e3f816\"},\"headline\":\"Cl\u00e9ment Verg\u00e9 : l&rsquo;ascension d&rsquo;un jeune talent du rugby fran\u00e7ais\",\"datePublished\":\"2025-02-13T07:08:36+00:00\",\"mainEntityOfPage\":{\"@id\":\"https:\/\/sport-index.fr\/blog\/a-la-une\/clement-verge-lascension-dun-jeune-talent-du-rugby-francais\/\"},\"wordCount\":480,\"commentCount\":26,\"publisher\":{\"@id\":\"https:\/\/sport-index.fr\/blog\/#organization\"},\"image\":{\"@id\":\"https:\/\/sport-index.fr\/blog\/a-la-une\/clement-verge-lascension-dun-jeune-talent-du-rugby-francais\/#primaryimage\"},\"thumbnailUrl\":\"https:\/\/sport-index.fr\/blog\/wp-content\/uploads\/2025\/02\/sdxl-a40af026b726b04aedb2bcddb64e1b4c.png\",\"keywords\":[\"Ambitions\",\"\u00c9quipe\",\"Performance sportive\",\"R\u00e9silience\",\"Rugby\"],\"articleSection\":[\"\u00c0 la une\"],\"inLanguage\":\"fr-FR\",\"potentialAction\":[{\"@type\":\"CommentAction\",\"name\":\"Comment\",\"target\":[\"https:\/\/sport-index.fr\/blog\/a-la-une\/clement-verge-lascension-dun-jeune-talent-du-rugby-francais\/#respond\"]}]},{\"@type\":\"WebPage\",\"@id\":\"https:\/\/sport-index.fr\/blog\/a-la-une\/clement-verge-lascension-dun-jeune-talent-du-rugby-francais\/\",\"url\":\"https:\/\/sport-index.fr\/blog\/a-la-une\/clement-verge-lascension-dun-jeune-talent-du-rugby-francais\/\",\"name\":\"Cl\u00e9ment Verg\u00e9 : l'ascension d'un jeune talent du rugby\",\"isPartOf\":{\"@id\":\"https:\/\/sport-index.fr\/blog\/#website\"},\"primaryImageOfPage\":{\"@id\":\"https:\/\/sport-index.fr\/blog\/a-la-une\/clement-verge-lascension-dun-jeune-talent-du-rugby-francais\/#primaryimage\"},\"image\":{\"@id\":\"https:\/\/sport-index.fr\/blog\/a-la-une\/clement-verge-lascension-dun-jeune-talent-du-rugby-francais\/#primaryimage\"},\"thumbnailUrl\":\"https:\/\/sport-index.fr\/blog\/wp-content\/uploads\/2025\/02\/sdxl-a40af026b726b04aedb2bcddb64e1b4c.png\",\"datePublished\":\"2025-02-13T07:08:36+00:00\",\"description\":\"Un parcours prometteur au sein du rugby fran\u00e7ais \u00c0 seulement 23 ans, il a d\u00e9j\u00e0 su se faire un nom en int\u00e9grant le groupe \u00e9largi du XV de France. Sa\u2026\",\"inLanguage\":\"fr-FR\",\"potentialAction\":[{\"@type\":\"ReadAction\",\"target\":[\"https:\/\/sport-index.fr\/blog\/a-la-une\/clement-verge-lascension-dun-jeune-talent-du-rugby-francais\/\"]}]},{\"@type\":\"ImageObject\",\"inLanguage\":\"fr-FR\",\"@id\":\"https:\/\/sport-index.fr\/blog\/a-la-une\/clement-verge-lascension-dun-jeune-talent-du-rugby-francais\/#primaryimage\",\"url\":\"https:\/\/sport-index.fr\/blog\/wp-content\/uploads\/2025\/02\/sdxl-a40af026b726b04aedb2bcddb64e1b4c.png\",\"contentUrl\":\"https:\/\/sport-index.fr\/blog\/wp-content\/uploads\/2025\/02\/sdxl-a40af026b726b04aedb2bcddb64e1b4c.png\",\"width\":1536,\"height\":640},{\"@type\":\"WebSite\",\"@id\":\"https:\/\/sport-index.fr\/blog\/#website\",\"url\":\"https:\/\/sport-index.fr\/blog\/\",\"name\":\"sport-index.fr\",\"description\":\"Le score de l\u2019analyse sportive.\",\"publisher\":{\"@id\":\"https:\/\/sport-index.fr\/blog\/#organization\"},\"alternateName\":\"Le score de l\u2019analyse sportive.\",\"potentialAction\":[{\"@type\":\"SearchAction\",\"target\":{\"@type\":\"EntryPoint\",\"urlTemplate\":\"https:\/\/sport-index.fr\/blog\/?s={search_term_string}\"},\"query-input\":{\"@type\":\"PropertyValueSpecification\",\"valueRequired\":true,\"valueName\":\"search_term_string\"}}],\"inLanguage\":\"fr-FR\"},{\"@type\":\"Organization\",\"@id\":\"https:\/\/sport-index.fr\/blog\/#organization\",\"name\":\"Foretsensations.fr\",\"url\":\"https:\/\/sport-index.fr\/blog\/\",\"logo\":{\"@type\":\"ImageObject\",\"inLanguage\":\"fr-FR\",\"@id\":\"https:\/\/sport-index.fr\/blog\/#\/schema\/logo\/image\/\",\"url\":\"https:\/\/sport-index.fr\/blog\/wp-content\/uploads\/2026\/07\/logo-auto.png\",\"contentUrl\":\"https:\/\/sport-index.fr\/blog\/wp-content\/uploads\/2026\/07\/logo-auto.png\",\"width\":1024,\"height\":1024,\"caption\":\"Foretsensations.fr\"},\"image\":{\"@id\":\"https:\/\/sport-index.fr\/blog\/#\/schema\/logo\/image\/\"}},{\"@type\":\"Person\",\"@id\":\"https:\/\/sport-index.fr\/blog\/#\/schema\/person\/3c864cdc320801e3db34b663e7e3f816\",\"name\":\"Axel Lauzier\",\"image\":{\"@type\":\"ImageObject\",\"inLanguage\":\"fr-FR\",\"@id\":\"https:\/\/sport-index.fr\/blog\/#\/schema\/person\/image\/\",\"url\":\"https:\/\/sport-index.fr\/blog\/wp-content\/uploads\/2026\/06\/persona_axel-l-96x96.jpg\",\"contentUrl\":\"https:\/\/sport-index.fr\/blog\/wp-content\/uploads\/2026\/06\/persona_axel-l-96x96.jpg\",\"caption\":\"Axel Lauzier\"},\"description\":\"Le sport rythme mon quotidien depuis l'enfance, et j'en ai fait mon m\u00e9tier d'analyste r\u00e9dactionnel il y a une dizaine d'ann\u00e9es. Je couvre principalement le football, son actualit\u00e9, ses transferts et l'analyse tactique des grandes affiches, mais aussi les disciplines plus confidentielles que j'aime remettre en lumi\u00e8re. Une partie de mon travail porte sur les pronostics et la lecture statistique d'un match : forme des \u00e9quipes, historique des confrontations, compositions, sans jamais vendre de fausse certitude. Je rappelle syst\u00e9matiquement que parier comporte un risque et doit rester un loisir ma\u00eetris\u00e9. Avant de signer une analyse, je v\u00e9rifie mes chiffres, je recoupe les compositions probables et je distingue toujours la donn\u00e9e brute de l'intuition. Mon objectif : offrir une lecture honn\u00eate et argument\u00e9e, pas un ticket gagnant garanti.\",\"sameAs\":[\"https:\/\/axellauzier.fr\/\"],\"url\":\"https:\/\/sport-index.fr\/blog\/auteur\/noname\/\"}]}<\/script>\n<!-- \/ Yoast SEO Premium plugin. -->","yoast_head_json":{"title":"Cl\u00e9ment Verg\u00e9 : l'ascension d'un jeune talent du rugby","description":"Un parcours prometteur au sein du rugby fran\u00e7ais \u00c0 seulement 23 ans, il a d\u00e9j\u00e0 su se faire un nom en int\u00e9grant le groupe \u00e9largi du XV de France. Sa\u2026","robots":{"index":"index","follow":"follow","max-snippet":"max-snippet:-1","max-image-preview":"max-image-preview:large","max-video-preview":"max-video-preview:-1"},"canonical":"https:\/\/sport-index.fr\/blog\/a-la-une\/clement-verge-lascension-dun-jeune-talent-du-rugby-francais\/","og_locale":"fr_FR","og_type":"article","og_title":"Cl\u00e9ment Verg\u00e9 : l'ascension d'un jeune talent du rugby","og_description":"Un parcours prometteur au sein du rugby fran\u00e7ais \u00c0 seulement 23 ans, il a d\u00e9j\u00e0 su se faire un nom en int\u00e9grant le groupe \u00e9largi du XV de France. Sa\u2026","og_url":"https:\/\/sport-index.fr\/blog\/a-la-une\/clement-verge-lascension-dun-jeune-talent-du-rugby-francais\/","og_site_name":"sport-index","author":"Axel Lauzier","twitter_card":"summary_large_image","schema":{"@context":"https:\/\/schema.org","@graph":[{"@type":"NewsArticle","@id":"https:\/\/sport-index.fr\/blog\/a-la-une\/clement-verge-lascension-dun-jeune-talent-du-rugby-francais\/#article","isPartOf":{"@id":"https:\/\/sport-index.fr\/blog\/a-la-une\/clement-verge-lascension-dun-jeune-talent-du-rugby-francais\/"},"author":{"name":"Axel Lauzier","@id":"https:\/\/sport-index.fr\/blog\/#\/schema\/person\/3c864cdc320801e3db34b663e7e3f816"},"headline":"Cl\u00e9ment Verg\u00e9 : l&rsquo;ascension d&rsquo;un jeune talent du rugby fran\u00e7ais","datePublished":"2025-02-13T07:08:36+00:00","mainEntityOfPage":{"@id":"https:\/\/sport-index.fr\/blog\/a-la-une\/clement-verge-lascension-dun-jeune-talent-du-rugby-francais\/"},"wordCount":480,"commentCount":26,"publisher":{"@id":"https:\/\/sport-index.fr\/blog\/#organization"},"image":{"@id":"https:\/\/sport-index.fr\/blog\/a-la-une\/clement-verge-lascension-dun-jeune-talent-du-rugby-francais\/#primaryimage"},"thumbnailUrl":"https:\/\/sport-index.fr\/blog\/wp-content\/uploads\/2025\/02\/sdxl-a40af026b726b04aedb2bcddb64e1b4c.png","keywords":["Ambitions","\u00c9quipe","Performance sportive","R\u00e9silience","Rugby"],"articleSection":["\u00c0 la une"],"inLanguage":"fr-FR","potentialAction":[{"@type":"CommentAction","name":"Comment","target":["https:\/\/sport-index.fr\/blog\/a-la-une\/clement-verge-lascension-dun-jeune-talent-du-rugby-francais\/#respond"]}]},{"@type":"WebPage","@id":"https:\/\/sport-index.fr\/blog\/a-la-une\/clement-verge-lascension-dun-jeune-talent-du-rugby-francais\/","url":"https:\/\/sport-index.fr\/blog\/a-la-une\/clement-verge-lascension-dun-jeune-talent-du-rugby-francais\/","name":"Cl\u00e9ment Verg\u00e9 : l'ascension d'un jeune talent du rugby","isPartOf":{"@id":"https:\/\/sport-index.fr\/blog\/#website"},"primaryImageOfPage":{"@id":"https:\/\/sport-index.fr\/blog\/a-la-une\/clement-verge-lascension-dun-jeune-talent-du-rugby-francais\/#primaryimage"},"image":{"@id":"https:\/\/sport-index.fr\/blog\/a-la-une\/clement-verge-lascension-dun-jeune-talent-du-rugby-francais\/#primaryimage"},"thumbnailUrl":"https:\/\/sport-index.fr\/blog\/wp-content\/uploads\/2025\/02\/sdxl-a40af026b726b04aedb2bcddb64e1b4c.png","datePublished":"2025-02-13T07:08:36+00:00","description":"Un parcours prometteur au sein du rugby fran\u00e7ais \u00c0 seulement 23 ans, il a d\u00e9j\u00e0 su se faire un nom en int\u00e9grant le groupe \u00e9largi du XV de France. Sa\u2026","inLanguage":"fr-FR","potentialAction":[{"@type":"ReadAction","target":["https:\/\/sport-index.fr\/blog\/a-la-une\/clement-verge-lascension-dun-jeune-talent-du-rugby-francais\/"]}]},{"@type":"ImageObject","inLanguage":"fr-FR","@id":"https:\/\/sport-index.fr\/blog\/a-la-une\/clement-verge-lascension-dun-jeune-talent-du-rugby-francais\/#primaryimage","url":"https:\/\/sport-index.fr\/blog\/wp-content\/uploads\/2025\/02\/sdxl-a40af026b726b04aedb2bcddb64e1b4c.png","contentUrl":"https:\/\/sport-index.fr\/blog\/wp-content\/uploads\/2025\/02\/sdxl-a40af026b726b04aedb2bcddb64e1b4c.png","width":1536,"height":640},{"@type":"WebSite","@id":"https:\/\/sport-index.fr\/blog\/#website","url":"https:\/\/sport-index.fr\/blog\/","name":"sport-index.fr","description":"Le score de l\u2019analyse sportive.","publisher":{"@id":"https:\/\/sport-index.fr\/blog\/#organization"},"alternateName":"Le score de l\u2019analyse sportive.","potentialAction":[{"@type":"SearchAction","target":{"@type":"EntryPoint","urlTemplate":"https:\/\/sport-index.fr\/blog\/?s={search_term_string}"},"query-input":{"@type":"PropertyValueSpecification","valueRequired":true,"valueName":"search_term_string"}}],"inLanguage":"fr-FR"},{"@type":"Organization","@id":"https:\/\/sport-index.fr\/blog\/#organization","name":"Foretsensations.fr","url":"https:\/\/sport-index.fr\/blog\/","logo":{"@type":"ImageObject","inLanguage":"fr-FR","@id":"https:\/\/sport-index.fr\/blog\/#\/schema\/logo\/image\/","url":"https:\/\/sport-index.fr\/blog\/wp-content\/uploads\/2026\/07\/logo-auto.png","contentUrl":"https:\/\/sport-index.fr\/blog\/wp-content\/uploads\/2026\/07\/logo-auto.png","width":1024,"height":1024,"caption":"Foretsensations.fr"},"image":{"@id":"https:\/\/sport-index.fr\/blog\/#\/schema\/logo\/image\/"}},{"@type":"Person","@id":"https:\/\/sport-index.fr\/blog\/#\/schema\/person\/3c864cdc320801e3db34b663e7e3f816","name":"Axel Lauzier","image":{"@type":"ImageObject","inLanguage":"fr-FR","@id":"https:\/\/sport-index.fr\/blog\/#\/schema\/person\/image\/","url":"https:\/\/sport-index.fr\/blog\/wp-content\/uploads\/2026\/06\/persona_axel-l-96x96.jpg","contentUrl":"https:\/\/sport-index.fr\/blog\/wp-content\/uploads\/2026\/06\/persona_axel-l-96x96.jpg","caption":"Axel Lauzier"},"description":"Le sport rythme mon quotidien depuis l'enfance, et j'en ai fait mon m\u00e9tier d'analyste r\u00e9dactionnel il y a une dizaine d'ann\u00e9es. Je couvre principalement le football, son actualit\u00e9, ses transferts et l'analyse tactique des grandes affiches, mais aussi les disciplines plus confidentielles que j'aime remettre en lumi\u00e8re. Une partie de mon travail porte sur les pronostics et la lecture statistique d'un match : forme des \u00e9quipes, historique des confrontations, compositions, sans jamais vendre de fausse certitude. Je rappelle syst\u00e9matiquement que parier comporte un risque et doit rester un loisir ma\u00eetris\u00e9. Avant de signer une analyse, je v\u00e9rifie mes chiffres, je recoupe les compositions probables et je distingue toujours la donn\u00e9e brute de l'intuition. Mon objectif : offrir une lecture honn\u00eate et argument\u00e9e, pas un ticket gagnant garanti.","sameAs":["https:\/\/axellauzier.fr\/"],"url":"https:\/\/sport-index.fr\/blog\/auteur\/noname\/"}]}},"_links":{"self":[{"href":"https:\/\/sport-index.fr\/blog\/wp-json\/wp\/v2\/posts\/8188","targetHints":{"allow":["GET"]}}],"collection":[{"href":"https:\/\/sport-index.fr\/blog\/wp-json\/wp\/v2\/posts"}],"about":[{"href":"https:\/\/sport-index.fr\/blog\/wp-json\/wp\/v2\/types\/post"}],"author":[{"embeddable":true,"href":"https:\/\/sport-index.fr\/blog\/wp-json\/wp\/v2\/users\/34"}],"replies":[{"embeddable":true,"href":"https:\/\/sport-index.fr\/blog\/wp-json\/wp\/v2\/comments?post=8188"}],"version-history":[{"count":1,"href":"https:\/\/sport-index.fr\/blog\/wp-json\/wp\/v2\/posts\/8188\/revisions"}],"predecessor-version":[{"id":8347,"href":"https:\/\/sport-index.fr\/blog\/wp-json\/wp\/v2\/posts\/8188\/revisions\/8347"}],"wp:featuredmedia":[{"embeddable":true,"href":"https:\/\/sport-index.fr\/blog\/wp-json\/wp\/v2\/media\/10487"}],"wp:attachment":[{"href":"https:\/\/sport-index.fr\/blog\/wp-json\/wp\/v2\/media?parent=8188"}],"wp:term":[{"taxonomy":"category","embeddable":true,"href":"https:\/\/sport-index.fr\/blog\/wp-json\/wp\/v2\/categories?post=8188"},{"taxonomy":"post_tag","embeddable":true,"href":"https:\/\/sport-index.fr\/blog\/wp-json\/wp\/v2\/tags?post=8188"}],"curies":[{"name":"wp","href":"https:\/\/api.w.org\/{rel}","templated":true}]}}