{"id":8197,"date":"2025-02-13T18:50:57","date_gmt":"2025-02-13T17:50:57","guid":{"rendered":"https:\/\/sport-index.fr\/blog\/?p=8197"},"modified":"2025-02-13T18:50:57","modified_gmt":"2025-02-13T17:50:57","slug":"dominic-mckay-reelu-president-de-lepcr-un-nouvel-elan-pour-le-rugby-europeen","status":"publish","type":"post","link":"https:\/\/sport-index.fr\/blog\/a-la-une\/dominic-mckay-reelu-president-de-lepcr-un-nouvel-elan-pour-le-rugby-europeen\/","title":{"rendered":"Dominic McKay r\u00e9\u00e9lu pr\u00e9sident de l&rsquo;EPCR : un nouvel \u00e9lan pour le rugby europ\u00e9en"},"content":{"rendered":"<h2>Une reconduction b\u00e9n\u00e9fique pour l&rsquo;EPCR<\/h2>\n<p>Dominic McKay, le pr\u00e9sident de l&rsquo;EPCR, a \u00e9t\u00e9 r\u00e9\u00e9lu pour un deuxi\u00e8me mandat de trois ans, jusqu&rsquo;en 2028. Cette d\u00e9cision a \u00e9t\u00e9 prise \u00e0 l&rsquo;unanimit\u00e9 par le Comit\u00e9 directeur et l&rsquo;Assembl\u00e9e g\u00e9n\u00e9rale, qui comprennent des repr\u00e9sentants de six f\u00e9d\u00e9rations et trois ligues. La continuit\u00e9 de sa direction est per\u00e7ue comme un atout majeur pour l&rsquo;avenir du rugby europ\u00e9en.<\/p>\n<p>Sous sa pr\u00e9sidence, l&rsquo;EPCR a connu des transformations significatives, comme le retour au format multi-poules pour les comp\u00e9titions. L&rsquo;int\u00e9gration des clubs sud-africains dans la Champions Cup et la Challenge Cup a \u00e9galement \u00e9largi l&rsquo;horizon de ces tournois. McKay a su naviguer dans un environnement complexe, renfor\u00e7ant ainsi la position de l&rsquo;EPCR sur la sc\u00e8ne internationale.<\/p>\n<h2>Un leader reconnu dans le rugby<\/h2>\n<p>La nomination de Dominic McKay a \u00e9t\u00e9 salu\u00e9e par de nombreux acteurs du rugby, soulignant son impact positif sur la sportivit\u00e9 et la comp\u00e9titivit\u00e9 des championnats. Dans un communiqu\u00e9, l&rsquo;EPCR a d\u00e9clar\u00e9 : <\/p>\n<blockquote><p>\u00ab Dominic a \u00e9t\u00e9 le fer de lance du d\u00e9veloppement de l\u2019EPCR avec la nouvelle \u00e9quipe. Nous tenons \u00e0 saluer tout le travail qu\u2019il a accompli jusqu\u2019\u00e0 pr\u00e9sent. \u00bb<\/p><\/blockquote>\n<p> Son r\u00f4le a \u00e9t\u00e9 d\u00e9terminant pour repositionner l&rsquo;EPCR en tant qu&rsquo;organisation phare du rugby europ\u00e9en.<\/p>\n<p>En plus de son r\u00f4le \u00e0 l&rsquo;EPCR, McKay a r\u00e9cemment \u00e9t\u00e9 nomm\u00e9 directeur g\u00e9n\u00e9ral du Scottish Events Campus. Cette double casquette pourrait enrichir sa vision strat\u00e9gique pour le rugby, en int\u00e9grant des comp\u00e9tences d&rsquo;organisation d&rsquo;\u00e9v\u00e9nements \u00e0 ses responsabilit\u00e9s. Son exp\u00e9rience dans le secteur de l&rsquo;\u00e9v\u00e9nementiel en \u00c9cosse sera sans doute un atout pour l&rsquo;EPCR.<\/p>\n<h2>Les d\u00e9fis \u00e0 venir pour l&rsquo;EPCR<\/h2>\n<p>Malgr\u00e9 ces succ\u00e8s, McKay devra faire face \u00e0 plusieurs d\u00e9fis au cours de son second mandat. La gestion des relations entre les diff\u00e9rentes ligues et f\u00e9d\u00e9rations est un enjeu crucial pour assurer l&rsquo;harmonie au sein de l&rsquo;organisation. De plus, l&rsquo;EPCR doit continuer \u00e0 d\u00e9velopper ses comp\u00e9titions pour attirer un public toujours plus large.<\/p>\n<p>L&rsquo;EPCR a des ambitions \u00e9lev\u00e9es pour les ann\u00e9es \u00e0 venir, notamment en termes de visibilit\u00e9 et de rentabilit\u00e9. L&rsquo;organisation devra \u00e9galement s&rsquo;assurer que les int\u00e9r\u00eats des clubs soient pr\u00e9serv\u00e9s tout en continuant \u00e0 promouvoir le jeu. Les objectifs de McKay incluent le d\u00e9veloppement de partenariats strat\u00e9giques et l&rsquo;augmentation de l&rsquo;engagement des fans.<\/p>\n<ul>\n<li>Renforcer les comp\u00e9titions existantes<\/li>\n<li>D\u00e9velopper de nouveaux partenariats<\/li>\n<li>Accro\u00eetre l&rsquo;engagement des fans<\/li>\n<li>Assurer une bonne gestion des relations entre ligues<\/li>\n<li>Explorer des opportunit\u00e9s d&rsquo;\u00e9v\u00e9nements internationaux<\/li>\n<\/ul>\n<p>En somme, la r\u00e9\u00e9lection de Dominic McKay \u00e0 la pr\u00e9sidence de l&rsquo;EPCR repr\u00e9sente une continuit\u00e9 prometteuse pour le rugby europ\u00e9en. Avec une vision claire et des objectifs ambitieux, il est bien positionn\u00e9 pour mener l&rsquo;EPCR vers de nouveaux sommets, tout en r\u00e9pondant aux d\u00e9fis qui l&rsquo;attendent. Ce nouveau mandat pourrait bien \u00eatre le tremplin pour un avenir radieux pour le rugby \u00e0 l&rsquo;\u00e9chelle continentale.<\/p>\n","protected":false},"excerpt":{"rendered":"","protected":false},"author":34,"featured_media":10470,"comment_status":"open","ping_status":"open","sticky":false,"template":"","format":"standard","meta":{"_acf_changed":false,"manual_indexmenow":false,"indexmenow_id_project":0,"footnotes":""},"categories":[1],"tags":[4615,4529,4839,4378,4536],"class_list":["post-8197","post","type-post","status-publish","format-standard","has-post-thumbnail","hentry","category-a-la-une","tag-communaute-engagee","tag-egalite-des-chances","tag-initiatives","tag-performance-durable","tag-rugby","generate-columns","tablet-grid-50","mobile-grid-100","grid-parent","grid-25"],"acf":[],"yoast_head":"<!-- This site is optimized with the Yoast SEO Premium plugin v21.3 (Yoast SEO v26.5) - https:\/\/yoast.com\/wordpress\/plugins\/seo\/ -->\n<title>Dominic McKay r\u00e9\u00e9lu pr\u00e9sident de l&#039;EPCR : un nouvel \u00e9lan<\/title>\n<meta name=\"description\" content=\"Une reconduction b\u00e9n\u00e9fique pour l&#039;EPCR Dominic McKay, le pr\u00e9sident de l&#039;EPCR, a \u00e9t\u00e9 r\u00e9\u00e9lu pour un deuxi\u00e8me mandat de trois ans, jusqu&#039;en 2028. Cette\u2026\" \/>\n<meta name=\"robots\" content=\"index, follow, max-snippet:-1, max-image-preview:large, max-video-preview:-1\" \/>\n<link rel=\"canonical\" href=\"https:\/\/sport-index.fr\/blog\/a-la-une\/dominic-mckay-reelu-president-de-lepcr-un-nouvel-elan-pour-le-rugby-europeen\/\" \/>\n<meta property=\"og:locale\" content=\"fr_FR\" \/>\n<meta property=\"og:type\" content=\"article\" \/>\n<meta property=\"og:title\" content=\"Dominic McKay r\u00e9\u00e9lu pr\u00e9sident de l&#039;EPCR : un nouvel \u00e9lan\" \/>\n<meta property=\"og:description\" content=\"Une reconduction b\u00e9n\u00e9fique pour l&#039;EPCR Dominic McKay, le pr\u00e9sident de l&#039;EPCR, a \u00e9t\u00e9 r\u00e9\u00e9lu pour un deuxi\u00e8me mandat de trois ans, jusqu&#039;en 2028. Cette\u2026\" \/>\n<meta property=\"og:url\" content=\"https:\/\/sport-index.fr\/blog\/a-la-une\/dominic-mckay-reelu-president-de-lepcr-un-nouvel-elan-pour-le-rugby-europeen\/\" \/>\n<meta property=\"og:site_name\" content=\"sport-index\" \/>\n<meta name=\"author\" content=\"Axel Lauzier\" \/>\n<meta name=\"twitter:card\" content=\"summary_large_image\" \/>\n<script type=\"application\/ld+json\" class=\"yoast-schema-graph\">{\"@context\":\"https:\/\/schema.org\",\"@graph\":[{\"@type\":\"NewsArticle\",\"@id\":\"https:\/\/sport-index.fr\/blog\/a-la-une\/dominic-mckay-reelu-president-de-lepcr-un-nouvel-elan-pour-le-rugby-europeen\/#article\",\"isPartOf\":{\"@id\":\"https:\/\/sport-index.fr\/blog\/a-la-une\/dominic-mckay-reelu-president-de-lepcr-un-nouvel-elan-pour-le-rugby-europeen\/\"},\"author\":{\"name\":\"Axel Lauzier\",\"@id\":\"https:\/\/sport-index.fr\/blog\/#\/schema\/person\/3c864cdc320801e3db34b663e7e3f816\"},\"headline\":\"Dominic McKay r\u00e9\u00e9lu pr\u00e9sident de l&rsquo;EPCR : un nouvel \u00e9lan pour le rugby europ\u00e9en\",\"datePublished\":\"2025-02-13T17:50:57+00:00\",\"mainEntityOfPage\":{\"@id\":\"https:\/\/sport-index.fr\/blog\/a-la-une\/dominic-mckay-reelu-president-de-lepcr-un-nouvel-elan-pour-le-rugby-europeen\/\"},\"wordCount\":557,\"commentCount\":25,\"publisher\":{\"@id\":\"https:\/\/sport-index.fr\/blog\/#organization\"},\"image\":{\"@id\":\"https:\/\/sport-index.fr\/blog\/a-la-une\/dominic-mckay-reelu-president-de-lepcr-un-nouvel-elan-pour-le-rugby-europeen\/#primaryimage\"},\"thumbnailUrl\":\"https:\/\/sport-index.fr\/blog\/wp-content\/uploads\/2025\/02\/sdxl-ea804c3cf47d9e3543e81d1c037a3d69.png\",\"keywords\":[\"Communaut\u00e9 engag\u00e9e\",\"\u00c9galit\u00e9 des Chances\",\"Initiatives\",\"Performance Durable\",\"Rugby\"],\"articleSection\":[\"\u00c0 la une\"],\"inLanguage\":\"fr-FR\",\"potentialAction\":[{\"@type\":\"CommentAction\",\"name\":\"Comment\",\"target\":[\"https:\/\/sport-index.fr\/blog\/a-la-une\/dominic-mckay-reelu-president-de-lepcr-un-nouvel-elan-pour-le-rugby-europeen\/#respond\"]}]},{\"@type\":\"WebPage\",\"@id\":\"https:\/\/sport-index.fr\/blog\/a-la-une\/dominic-mckay-reelu-president-de-lepcr-un-nouvel-elan-pour-le-rugby-europeen\/\",\"url\":\"https:\/\/sport-index.fr\/blog\/a-la-une\/dominic-mckay-reelu-president-de-lepcr-un-nouvel-elan-pour-le-rugby-europeen\/\",\"name\":\"Dominic McKay r\u00e9\u00e9lu pr\u00e9sident de l'EPCR : un nouvel \u00e9lan\",\"isPartOf\":{\"@id\":\"https:\/\/sport-index.fr\/blog\/#website\"},\"primaryImageOfPage\":{\"@id\":\"https:\/\/sport-index.fr\/blog\/a-la-une\/dominic-mckay-reelu-president-de-lepcr-un-nouvel-elan-pour-le-rugby-europeen\/#primaryimage\"},\"image\":{\"@id\":\"https:\/\/sport-index.fr\/blog\/a-la-une\/dominic-mckay-reelu-president-de-lepcr-un-nouvel-elan-pour-le-rugby-europeen\/#primaryimage\"},\"thumbnailUrl\":\"https:\/\/sport-index.fr\/blog\/wp-content\/uploads\/2025\/02\/sdxl-ea804c3cf47d9e3543e81d1c037a3d69.png\",\"datePublished\":\"2025-02-13T17:50:57+00:00\",\"description\":\"Une reconduction b\u00e9n\u00e9fique pour l'EPCR Dominic McKay, le pr\u00e9sident de l'EPCR, a \u00e9t\u00e9 r\u00e9\u00e9lu pour un deuxi\u00e8me mandat de trois ans, jusqu'en 2028. Cette\u2026\",\"inLanguage\":\"fr-FR\",\"potentialAction\":[{\"@type\":\"ReadAction\",\"target\":[\"https:\/\/sport-index.fr\/blog\/a-la-une\/dominic-mckay-reelu-president-de-lepcr-un-nouvel-elan-pour-le-rugby-europeen\/\"]}]},{\"@type\":\"ImageObject\",\"inLanguage\":\"fr-FR\",\"@id\":\"https:\/\/sport-index.fr\/blog\/a-la-une\/dominic-mckay-reelu-president-de-lepcr-un-nouvel-elan-pour-le-rugby-europeen\/#primaryimage\",\"url\":\"https:\/\/sport-index.fr\/blog\/wp-content\/uploads\/2025\/02\/sdxl-ea804c3cf47d9e3543e81d1c037a3d69.png\",\"contentUrl\":\"https:\/\/sport-index.fr\/blog\/wp-content\/uploads\/2025\/02\/sdxl-ea804c3cf47d9e3543e81d1c037a3d69.png\",\"width\":1536,\"height\":640},{\"@type\":\"WebSite\",\"@id\":\"https:\/\/sport-index.fr\/blog\/#website\",\"url\":\"https:\/\/sport-index.fr\/blog\/\",\"name\":\"sport-index.fr\",\"description\":\"Le score de l\u2019analyse sportive.\",\"publisher\":{\"@id\":\"https:\/\/sport-index.fr\/blog\/#organization\"},\"alternateName\":\"Le score de l\u2019analyse sportive.\",\"potentialAction\":[{\"@type\":\"SearchAction\",\"target\":{\"@type\":\"EntryPoint\",\"urlTemplate\":\"https:\/\/sport-index.fr\/blog\/?s={search_term_string}\"},\"query-input\":{\"@type\":\"PropertyValueSpecification\",\"valueRequired\":true,\"valueName\":\"search_term_string\"}}],\"inLanguage\":\"fr-FR\"},{\"@type\":\"Organization\",\"@id\":\"https:\/\/sport-index.fr\/blog\/#organization\",\"name\":\"Foretsensations.fr\",\"url\":\"https:\/\/sport-index.fr\/blog\/\",\"logo\":{\"@type\":\"ImageObject\",\"inLanguage\":\"fr-FR\",\"@id\":\"https:\/\/sport-index.fr\/blog\/#\/schema\/logo\/image\/\",\"url\":\"https:\/\/sport-index.fr\/blog\/wp-content\/uploads\/2026\/07\/logo-auto.png\",\"contentUrl\":\"https:\/\/sport-index.fr\/blog\/wp-content\/uploads\/2026\/07\/logo-auto.png\",\"width\":1024,\"height\":1024,\"caption\":\"Foretsensations.fr\"},\"image\":{\"@id\":\"https:\/\/sport-index.fr\/blog\/#\/schema\/logo\/image\/\"}},{\"@type\":\"Person\",\"@id\":\"https:\/\/sport-index.fr\/blog\/#\/schema\/person\/3c864cdc320801e3db34b663e7e3f816\",\"name\":\"Axel Lauzier\",\"image\":{\"@type\":\"ImageObject\",\"inLanguage\":\"fr-FR\",\"@id\":\"https:\/\/sport-index.fr\/blog\/#\/schema\/person\/image\/\",\"url\":\"https:\/\/sport-index.fr\/blog\/wp-content\/uploads\/2026\/06\/persona_axel-l-96x96.jpg\",\"contentUrl\":\"https:\/\/sport-index.fr\/blog\/wp-content\/uploads\/2026\/06\/persona_axel-l-96x96.jpg\",\"caption\":\"Axel Lauzier\"},\"description\":\"Le sport rythme mon quotidien depuis l'enfance, et j'en ai fait mon m\u00e9tier d'analyste r\u00e9dactionnel il y a une dizaine d'ann\u00e9es. Je couvre principalement le football, son actualit\u00e9, ses transferts et l'analyse tactique des grandes affiches, mais aussi les disciplines plus confidentielles que j'aime remettre en lumi\u00e8re. Une partie de mon travail porte sur les pronostics et la lecture statistique d'un match : forme des \u00e9quipes, historique des confrontations, compositions, sans jamais vendre de fausse certitude. Je rappelle syst\u00e9matiquement que parier comporte un risque et doit rester un loisir ma\u00eetris\u00e9. Avant de signer une analyse, je v\u00e9rifie mes chiffres, je recoupe les compositions probables et je distingue toujours la donn\u00e9e brute de l'intuition. Mon objectif : offrir une lecture honn\u00eate et argument\u00e9e, pas un ticket gagnant garanti.\",\"sameAs\":[\"https:\/\/axellauzier.fr\/\"],\"url\":\"https:\/\/sport-index.fr\/blog\/auteur\/noname\/\"}]}<\/script>\n<!-- \/ Yoast SEO Premium plugin. -->","yoast_head_json":{"title":"Dominic McKay r\u00e9\u00e9lu pr\u00e9sident de l'EPCR : un nouvel \u00e9lan","description":"Une reconduction b\u00e9n\u00e9fique pour l'EPCR Dominic McKay, le pr\u00e9sident de l'EPCR, a \u00e9t\u00e9 r\u00e9\u00e9lu pour un deuxi\u00e8me mandat de trois ans, jusqu'en 2028. Cette\u2026","robots":{"index":"index","follow":"follow","max-snippet":"max-snippet:-1","max-image-preview":"max-image-preview:large","max-video-preview":"max-video-preview:-1"},"canonical":"https:\/\/sport-index.fr\/blog\/a-la-une\/dominic-mckay-reelu-president-de-lepcr-un-nouvel-elan-pour-le-rugby-europeen\/","og_locale":"fr_FR","og_type":"article","og_title":"Dominic McKay r\u00e9\u00e9lu pr\u00e9sident de l'EPCR : un nouvel \u00e9lan","og_description":"Une reconduction b\u00e9n\u00e9fique pour l'EPCR Dominic McKay, le pr\u00e9sident de l'EPCR, a \u00e9t\u00e9 r\u00e9\u00e9lu pour un deuxi\u00e8me mandat de trois ans, jusqu'en 2028. Cette\u2026","og_url":"https:\/\/sport-index.fr\/blog\/a-la-une\/dominic-mckay-reelu-president-de-lepcr-un-nouvel-elan-pour-le-rugby-europeen\/","og_site_name":"sport-index","author":"Axel Lauzier","twitter_card":"summary_large_image","schema":{"@context":"https:\/\/schema.org","@graph":[{"@type":"NewsArticle","@id":"https:\/\/sport-index.fr\/blog\/a-la-une\/dominic-mckay-reelu-president-de-lepcr-un-nouvel-elan-pour-le-rugby-europeen\/#article","isPartOf":{"@id":"https:\/\/sport-index.fr\/blog\/a-la-une\/dominic-mckay-reelu-president-de-lepcr-un-nouvel-elan-pour-le-rugby-europeen\/"},"author":{"name":"Axel Lauzier","@id":"https:\/\/sport-index.fr\/blog\/#\/schema\/person\/3c864cdc320801e3db34b663e7e3f816"},"headline":"Dominic McKay r\u00e9\u00e9lu pr\u00e9sident de l&rsquo;EPCR : un nouvel \u00e9lan pour le rugby europ\u00e9en","datePublished":"2025-02-13T17:50:57+00:00","mainEntityOfPage":{"@id":"https:\/\/sport-index.fr\/blog\/a-la-une\/dominic-mckay-reelu-president-de-lepcr-un-nouvel-elan-pour-le-rugby-europeen\/"},"wordCount":557,"commentCount":25,"publisher":{"@id":"https:\/\/sport-index.fr\/blog\/#organization"},"image":{"@id":"https:\/\/sport-index.fr\/blog\/a-la-une\/dominic-mckay-reelu-president-de-lepcr-un-nouvel-elan-pour-le-rugby-europeen\/#primaryimage"},"thumbnailUrl":"https:\/\/sport-index.fr\/blog\/wp-content\/uploads\/2025\/02\/sdxl-ea804c3cf47d9e3543e81d1c037a3d69.png","keywords":["Communaut\u00e9 engag\u00e9e","\u00c9galit\u00e9 des Chances","Initiatives","Performance Durable","Rugby"],"articleSection":["\u00c0 la une"],"inLanguage":"fr-FR","potentialAction":[{"@type":"CommentAction","name":"Comment","target":["https:\/\/sport-index.fr\/blog\/a-la-une\/dominic-mckay-reelu-president-de-lepcr-un-nouvel-elan-pour-le-rugby-europeen\/#respond"]}]},{"@type":"WebPage","@id":"https:\/\/sport-index.fr\/blog\/a-la-une\/dominic-mckay-reelu-president-de-lepcr-un-nouvel-elan-pour-le-rugby-europeen\/","url":"https:\/\/sport-index.fr\/blog\/a-la-une\/dominic-mckay-reelu-president-de-lepcr-un-nouvel-elan-pour-le-rugby-europeen\/","name":"Dominic McKay r\u00e9\u00e9lu pr\u00e9sident de l'EPCR : un nouvel \u00e9lan","isPartOf":{"@id":"https:\/\/sport-index.fr\/blog\/#website"},"primaryImageOfPage":{"@id":"https:\/\/sport-index.fr\/blog\/a-la-une\/dominic-mckay-reelu-president-de-lepcr-un-nouvel-elan-pour-le-rugby-europeen\/#primaryimage"},"image":{"@id":"https:\/\/sport-index.fr\/blog\/a-la-une\/dominic-mckay-reelu-president-de-lepcr-un-nouvel-elan-pour-le-rugby-europeen\/#primaryimage"},"thumbnailUrl":"https:\/\/sport-index.fr\/blog\/wp-content\/uploads\/2025\/02\/sdxl-ea804c3cf47d9e3543e81d1c037a3d69.png","datePublished":"2025-02-13T17:50:57+00:00","description":"Une reconduction b\u00e9n\u00e9fique pour l'EPCR Dominic McKay, le pr\u00e9sident de l'EPCR, a \u00e9t\u00e9 r\u00e9\u00e9lu pour un deuxi\u00e8me mandat de trois ans, jusqu'en 2028. Cette\u2026","inLanguage":"fr-FR","potentialAction":[{"@type":"ReadAction","target":["https:\/\/sport-index.fr\/blog\/a-la-une\/dominic-mckay-reelu-president-de-lepcr-un-nouvel-elan-pour-le-rugby-europeen\/"]}]},{"@type":"ImageObject","inLanguage":"fr-FR","@id":"https:\/\/sport-index.fr\/blog\/a-la-une\/dominic-mckay-reelu-president-de-lepcr-un-nouvel-elan-pour-le-rugby-europeen\/#primaryimage","url":"https:\/\/sport-index.fr\/blog\/wp-content\/uploads\/2025\/02\/sdxl-ea804c3cf47d9e3543e81d1c037a3d69.png","contentUrl":"https:\/\/sport-index.fr\/blog\/wp-content\/uploads\/2025\/02\/sdxl-ea804c3cf47d9e3543e81d1c037a3d69.png","width":1536,"height":640},{"@type":"WebSite","@id":"https:\/\/sport-index.fr\/blog\/#website","url":"https:\/\/sport-index.fr\/blog\/","name":"sport-index.fr","description":"Le score de l\u2019analyse sportive.","publisher":{"@id":"https:\/\/sport-index.fr\/blog\/#organization"},"alternateName":"Le score de l\u2019analyse sportive.","potentialAction":[{"@type":"SearchAction","target":{"@type":"EntryPoint","urlTemplate":"https:\/\/sport-index.fr\/blog\/?s={search_term_string}"},"query-input":{"@type":"PropertyValueSpecification","valueRequired":true,"valueName":"search_term_string"}}],"inLanguage":"fr-FR"},{"@type":"Organization","@id":"https:\/\/sport-index.fr\/blog\/#organization","name":"Foretsensations.fr","url":"https:\/\/sport-index.fr\/blog\/","logo":{"@type":"ImageObject","inLanguage":"fr-FR","@id":"https:\/\/sport-index.fr\/blog\/#\/schema\/logo\/image\/","url":"https:\/\/sport-index.fr\/blog\/wp-content\/uploads\/2026\/07\/logo-auto.png","contentUrl":"https:\/\/sport-index.fr\/blog\/wp-content\/uploads\/2026\/07\/logo-auto.png","width":1024,"height":1024,"caption":"Foretsensations.fr"},"image":{"@id":"https:\/\/sport-index.fr\/blog\/#\/schema\/logo\/image\/"}},{"@type":"Person","@id":"https:\/\/sport-index.fr\/blog\/#\/schema\/person\/3c864cdc320801e3db34b663e7e3f816","name":"Axel Lauzier","image":{"@type":"ImageObject","inLanguage":"fr-FR","@id":"https:\/\/sport-index.fr\/blog\/#\/schema\/person\/image\/","url":"https:\/\/sport-index.fr\/blog\/wp-content\/uploads\/2026\/06\/persona_axel-l-96x96.jpg","contentUrl":"https:\/\/sport-index.fr\/blog\/wp-content\/uploads\/2026\/06\/persona_axel-l-96x96.jpg","caption":"Axel Lauzier"},"description":"Le sport rythme mon quotidien depuis l'enfance, et j'en ai fait mon m\u00e9tier d'analyste r\u00e9dactionnel il y a une dizaine d'ann\u00e9es. Je couvre principalement le football, son actualit\u00e9, ses transferts et l'analyse tactique des grandes affiches, mais aussi les disciplines plus confidentielles que j'aime remettre en lumi\u00e8re. Une partie de mon travail porte sur les pronostics et la lecture statistique d'un match : forme des \u00e9quipes, historique des confrontations, compositions, sans jamais vendre de fausse certitude. Je rappelle syst\u00e9matiquement que parier comporte un risque et doit rester un loisir ma\u00eetris\u00e9. Avant de signer une analyse, je v\u00e9rifie mes chiffres, je recoupe les compositions probables et je distingue toujours la donn\u00e9e brute de l'intuition. Mon objectif : offrir une lecture honn\u00eate et argument\u00e9e, pas un ticket gagnant garanti.","sameAs":["https:\/\/axellauzier.fr\/"],"url":"https:\/\/sport-index.fr\/blog\/auteur\/noname\/"}]}},"_links":{"self":[{"href":"https:\/\/sport-index.fr\/blog\/wp-json\/wp\/v2\/posts\/8197","targetHints":{"allow":["GET"]}}],"collection":[{"href":"https:\/\/sport-index.fr\/blog\/wp-json\/wp\/v2\/posts"}],"about":[{"href":"https:\/\/sport-index.fr\/blog\/wp-json\/wp\/v2\/types\/post"}],"author":[{"embeddable":true,"href":"https:\/\/sport-index.fr\/blog\/wp-json\/wp\/v2\/users\/34"}],"replies":[{"embeddable":true,"href":"https:\/\/sport-index.fr\/blog\/wp-json\/wp\/v2\/comments?post=8197"}],"version-history":[{"count":1,"href":"https:\/\/sport-index.fr\/blog\/wp-json\/wp\/v2\/posts\/8197\/revisions"}],"predecessor-version":[{"id":8400,"href":"https:\/\/sport-index.fr\/blog\/wp-json\/wp\/v2\/posts\/8197\/revisions\/8400"}],"wp:featuredmedia":[{"embeddable":true,"href":"https:\/\/sport-index.fr\/blog\/wp-json\/wp\/v2\/media\/10470"}],"wp:attachment":[{"href":"https:\/\/sport-index.fr\/blog\/wp-json\/wp\/v2\/media?parent=8197"}],"wp:term":[{"taxonomy":"category","embeddable":true,"href":"https:\/\/sport-index.fr\/blog\/wp-json\/wp\/v2\/categories?post=8197"},{"taxonomy":"post_tag","embeddable":true,"href":"https:\/\/sport-index.fr\/blog\/wp-json\/wp\/v2\/tags?post=8197"}],"curies":[{"name":"wp","href":"https:\/\/api.w.org\/{rel}","templated":true}]}}