{"id":8203,"date":"2025-02-12T13:34:01","date_gmt":"2025-02-12T12:34:01","guid":{"rendered":"https:\/\/sport-index.fr\/blog\/?p=8203"},"modified":"2025-02-12T13:34:01","modified_gmt":"2025-02-12T12:34:01","slug":"lindsey-vonn-se-projette-vers-cortina-des-espoirs-olympiques-revigorants","status":"publish","type":"post","link":"https:\/\/sport-index.fr\/blog\/a-la-une\/lindsey-vonn-se-projette-vers-cortina-des-espoirs-olympiques-revigorants\/","title":{"rendered":"lindsey vonn se projette vers cortina : des espoirs olympiques revigorants"},"content":{"rendered":"<h2>Lindsey Vonn face aux d\u00e9fis des mondiaux<\/h2>\n<p>Lindsey Vonn a r\u00e9cemment particip\u00e9 aux championnats du monde de ski alpin \u00e0 Saalbach, o\u00f9 elle n&rsquo;a pas r\u00e9ussi \u00e0 atteindre les sommets. Les \u00e9preuves de vitesse se sont r\u00e9v\u00e9l\u00e9es \u00eatre particuli\u00e8rement difficiles pour la skieuse am\u00e9ricaine, qui est rentr\u00e9e bredouille. Malgr\u00e9 cette contre-performance, Vonn reste optimiste quant \u00e0 son plan de retour, qui vise \u00e0 la pr\u00e9parer pour les prochains Jeux Olympiques.<\/p>\n<p>La pression est forte sur les athl\u00e8tes lors de grandes comp\u00e9titions, et Lindsey a ressenti cette tension. Elle a d\u00e9clar\u00e9 que la piste de Saalbach n\u2019avait pas \u00e9t\u00e9 \u00e0 son avantage, mais elle en tire des le\u00e7ons pour l\u2019avenir. Son regard est d\u00e9sormais tourn\u00e9 vers les Jeux d&rsquo;hiver de Cortina d&rsquo;Ampezzo, o\u00f9 elle esp\u00e8re retrouver son niveau.<\/p>\n<h2>Un plan de retour bien \u00e9tabli<\/h2>\n<p>Lindsey Vonn est d\u00e9termin\u00e9e \u00e0 suivre son plan de retour \u00e0 la comp\u00e9tition avec rigueur. Chaque \u00e9tape de ce parcours est cruciale pour son succ\u00e8s aux Jeux Olympiques. Elle met l&rsquo;accent sur l&rsquo;importance de la pr\u00e9paration physique et mentale, \u00e9l\u00e9ments cl\u00e9s pour sa performance sur les pistes.<\/p>\n<p>L&rsquo;athl\u00e8te am\u00e9ricaine est consciente que chaque comp\u00e9tition est une occasion d&rsquo;apprendre et de s&rsquo;am\u00e9liorer. Elle a d\u00e9clar\u00e9 : <\/p>\n<blockquote><p>\u201cCette piste n&rsquo;a pas \u00e9t\u00e9 g\u00e9niale pour moi, celle de Cortina le sera beaucoup plus.\u201d<\/p><\/blockquote>\n<p> Cette conviction personnelle est un moteur puissant pour elle et lui permet de rester concentr\u00e9e sur ses objectifs.<\/p>\n<h2>Les attentes pour les Jeux Olympiques<\/h2>\n<p>Les Jeux Olympiques de Cortina d&rsquo;Ampezzo repr\u00e9sentent un moment d\u00e9cisif dans la carri\u00e8re de Lindsey Vonn. Apr\u00e8s avoir connu des succ\u00e8s retentissants, elle aspire \u00e0 briller \u00e0 nouveau sur la sc\u00e8ne mondiale. Les attentes seront \u00e9lev\u00e9es, mais Vonn a d\u00e9montr\u00e9 \u00e0 plusieurs reprises sa capacit\u00e9 \u00e0 surmonter les obstacles.<\/p>\n<p>Pour se pr\u00e9parer, elle suit un programme d&rsquo;entra\u00eenement intensif qui comprend divers aspects de la performance sportive. Voici quelques \u00e9l\u00e9ments cl\u00e9s de sa pr\u00e9paration :<\/p>\n<ul>\n<li>Entra\u00eenements en altitude pour am\u00e9liorer l&rsquo;endurance<\/li>\n<li>Sessions de ski sur diff\u00e9rentes pistes pour s&rsquo;adapter aux conditions<\/li>\n<li>Suivi nutritionnel pour optimiser la performance physique<\/li>\n<li>Travail mental pour renforcer sa confiance en soi<\/li>\n<\/ul>\n<p>Lindsey Vonn est une athl\u00e8te qui sait faire preuve de r\u00e9silience. Elle a d\u00e9j\u00e0 affront\u00e9 des d\u00e9fis dans sa carri\u00e8re, et cette fois ne fera pas exception. Les d\u00e9fis rencontr\u00e9s \u00e0 Saalbach pourraient renforcer sa d\u00e9termination et sa pr\u00e9paration pour les Jeux, o\u00f9 elle compte bien montrer son meilleur visage. <\/p>\n<p>Avec les yeux riv\u00e9s sur Cortina, Vonn prouve que malgr\u00e9 les revers, la passion et la d\u00e9termination peuvent mener \u00e0 de grandes victoires. Les fans de ski alpin attendent avec impatience de voir si elle parviendra \u00e0 r\u00e9aliser ses r\u00eaves olympiques.<\/p>\n","protected":false},"excerpt":{"rendered":"","protected":false},"author":34,"featured_media":10532,"comment_status":"open","ping_status":"open","sticky":false,"template":"","format":"standard","meta":{"_acf_changed":false,"manual_indexmenow":false,"indexmenow_id_project":0,"footnotes":""},"categories":[1],"tags":[5056,4758,4632,4885,4408],"class_list":["post-8203","post","type-post","status-publish","format-standard","has-post-thumbnail","hentry","category-a-la-une","tag-lindsey-vonn","tag-olympique-de-marseille","tag-performance-sportive","tag-preparation-mentale","tag-resilience","generate-columns","tablet-grid-50","mobile-grid-100","grid-parent","grid-25"],"acf":[],"yoast_head":"<!-- This site is optimized with the Yoast SEO Premium plugin v21.3 (Yoast SEO v26.5) - https:\/\/yoast.com\/wordpress\/plugins\/seo\/ -->\n<title>lindsey vonn se projette vers cortina : des espoirs<\/title>\n<meta name=\"description\" content=\"Lindsey Vonn face aux d\u00e9fis des mondiaux Lindsey Vonn a r\u00e9cemment particip\u00e9 aux championnats du monde de ski alpin \u00e0 Saalbach, o\u00f9 elle n&#039;a pas r\u00e9ussi \u00e0\u2026\" \/>\n<meta name=\"robots\" content=\"index, follow, max-snippet:-1, max-image-preview:large, max-video-preview:-1\" \/>\n<link rel=\"canonical\" href=\"https:\/\/sport-index.fr\/blog\/a-la-une\/lindsey-vonn-se-projette-vers-cortina-des-espoirs-olympiques-revigorants\/\" \/>\n<meta property=\"og:locale\" content=\"fr_FR\" \/>\n<meta property=\"og:type\" content=\"article\" \/>\n<meta property=\"og:title\" content=\"lindsey vonn se projette vers cortina : des espoirs\" \/>\n<meta property=\"og:description\" content=\"Lindsey Vonn face aux d\u00e9fis des mondiaux Lindsey Vonn a r\u00e9cemment particip\u00e9 aux championnats du monde de ski alpin \u00e0 Saalbach, o\u00f9 elle n&#039;a pas r\u00e9ussi \u00e0\u2026\" \/>\n<meta property=\"og:url\" content=\"https:\/\/sport-index.fr\/blog\/a-la-une\/lindsey-vonn-se-projette-vers-cortina-des-espoirs-olympiques-revigorants\/\" \/>\n<meta property=\"og:site_name\" content=\"sport-index\" \/>\n<meta name=\"author\" content=\"Axel Lauzier\" \/>\n<meta name=\"twitter:card\" content=\"summary_large_image\" \/>\n<script type=\"application\/ld+json\" class=\"yoast-schema-graph\">{\"@context\":\"https:\/\/schema.org\",\"@graph\":[{\"@type\":\"NewsArticle\",\"@id\":\"https:\/\/sport-index.fr\/blog\/a-la-une\/lindsey-vonn-se-projette-vers-cortina-des-espoirs-olympiques-revigorants\/#article\",\"isPartOf\":{\"@id\":\"https:\/\/sport-index.fr\/blog\/a-la-une\/lindsey-vonn-se-projette-vers-cortina-des-espoirs-olympiques-revigorants\/\"},\"author\":{\"name\":\"Axel Lauzier\",\"@id\":\"https:\/\/sport-index.fr\/blog\/#\/schema\/person\/3c864cdc320801e3db34b663e7e3f816\"},\"headline\":\"lindsey vonn se projette vers cortina : des espoirs olympiques revigorants\",\"datePublished\":\"2025-02-12T12:34:01+00:00\",\"mainEntityOfPage\":{\"@id\":\"https:\/\/sport-index.fr\/blog\/a-la-une\/lindsey-vonn-se-projette-vers-cortina-des-espoirs-olympiques-revigorants\/\"},\"wordCount\":501,\"commentCount\":25,\"publisher\":{\"@id\":\"https:\/\/sport-index.fr\/blog\/#organization\"},\"image\":{\"@id\":\"https:\/\/sport-index.fr\/blog\/a-la-une\/lindsey-vonn-se-projette-vers-cortina-des-espoirs-olympiques-revigorants\/#primaryimage\"},\"thumbnailUrl\":\"https:\/\/sport-index.fr\/blog\/wp-content\/uploads\/2025\/02\/sdxl-a86233add0a51126f495c96178def401.png\",\"keywords\":[\"Lindsey Vonn\",\"Olympique de Marseille\",\"Performance sportive\",\"Pr\u00e9paration Mentale\",\"R\u00e9silience\"],\"articleSection\":[\"\u00c0 la une\"],\"inLanguage\":\"fr-FR\",\"potentialAction\":[{\"@type\":\"CommentAction\",\"name\":\"Comment\",\"target\":[\"https:\/\/sport-index.fr\/blog\/a-la-une\/lindsey-vonn-se-projette-vers-cortina-des-espoirs-olympiques-revigorants\/#respond\"]}]},{\"@type\":\"WebPage\",\"@id\":\"https:\/\/sport-index.fr\/blog\/a-la-une\/lindsey-vonn-se-projette-vers-cortina-des-espoirs-olympiques-revigorants\/\",\"url\":\"https:\/\/sport-index.fr\/blog\/a-la-une\/lindsey-vonn-se-projette-vers-cortina-des-espoirs-olympiques-revigorants\/\",\"name\":\"lindsey vonn se projette vers cortina : des espoirs\",\"isPartOf\":{\"@id\":\"https:\/\/sport-index.fr\/blog\/#website\"},\"primaryImageOfPage\":{\"@id\":\"https:\/\/sport-index.fr\/blog\/a-la-une\/lindsey-vonn-se-projette-vers-cortina-des-espoirs-olympiques-revigorants\/#primaryimage\"},\"image\":{\"@id\":\"https:\/\/sport-index.fr\/blog\/a-la-une\/lindsey-vonn-se-projette-vers-cortina-des-espoirs-olympiques-revigorants\/#primaryimage\"},\"thumbnailUrl\":\"https:\/\/sport-index.fr\/blog\/wp-content\/uploads\/2025\/02\/sdxl-a86233add0a51126f495c96178def401.png\",\"datePublished\":\"2025-02-12T12:34:01+00:00\",\"description\":\"Lindsey Vonn face aux d\u00e9fis des mondiaux Lindsey Vonn a r\u00e9cemment particip\u00e9 aux championnats du monde de ski alpin \u00e0 Saalbach, o\u00f9 elle n'a pas r\u00e9ussi \u00e0\u2026\",\"inLanguage\":\"fr-FR\",\"potentialAction\":[{\"@type\":\"ReadAction\",\"target\":[\"https:\/\/sport-index.fr\/blog\/a-la-une\/lindsey-vonn-se-projette-vers-cortina-des-espoirs-olympiques-revigorants\/\"]}]},{\"@type\":\"ImageObject\",\"inLanguage\":\"fr-FR\",\"@id\":\"https:\/\/sport-index.fr\/blog\/a-la-une\/lindsey-vonn-se-projette-vers-cortina-des-espoirs-olympiques-revigorants\/#primaryimage\",\"url\":\"https:\/\/sport-index.fr\/blog\/wp-content\/uploads\/2025\/02\/sdxl-a86233add0a51126f495c96178def401.png\",\"contentUrl\":\"https:\/\/sport-index.fr\/blog\/wp-content\/uploads\/2025\/02\/sdxl-a86233add0a51126f495c96178def401.png\",\"width\":1536,\"height\":640},{\"@type\":\"WebSite\",\"@id\":\"https:\/\/sport-index.fr\/blog\/#website\",\"url\":\"https:\/\/sport-index.fr\/blog\/\",\"name\":\"sport-index.fr\",\"description\":\"Le score de l\u2019analyse sportive.\",\"publisher\":{\"@id\":\"https:\/\/sport-index.fr\/blog\/#organization\"},\"alternateName\":\"Le score de l\u2019analyse sportive.\",\"potentialAction\":[{\"@type\":\"SearchAction\",\"target\":{\"@type\":\"EntryPoint\",\"urlTemplate\":\"https:\/\/sport-index.fr\/blog\/?s={search_term_string}\"},\"query-input\":{\"@type\":\"PropertyValueSpecification\",\"valueRequired\":true,\"valueName\":\"search_term_string\"}}],\"inLanguage\":\"fr-FR\"},{\"@type\":\"Organization\",\"@id\":\"https:\/\/sport-index.fr\/blog\/#organization\",\"name\":\"Foretsensations.fr\",\"url\":\"https:\/\/sport-index.fr\/blog\/\",\"logo\":{\"@type\":\"ImageObject\",\"inLanguage\":\"fr-FR\",\"@id\":\"https:\/\/sport-index.fr\/blog\/#\/schema\/logo\/image\/\",\"url\":\"https:\/\/sport-index.fr\/blog\/wp-content\/uploads\/2026\/07\/logo-auto.png\",\"contentUrl\":\"https:\/\/sport-index.fr\/blog\/wp-content\/uploads\/2026\/07\/logo-auto.png\",\"width\":1024,\"height\":1024,\"caption\":\"Foretsensations.fr\"},\"image\":{\"@id\":\"https:\/\/sport-index.fr\/blog\/#\/schema\/logo\/image\/\"}},{\"@type\":\"Person\",\"@id\":\"https:\/\/sport-index.fr\/blog\/#\/schema\/person\/3c864cdc320801e3db34b663e7e3f816\",\"name\":\"Axel Lauzier\",\"image\":{\"@type\":\"ImageObject\",\"inLanguage\":\"fr-FR\",\"@id\":\"https:\/\/sport-index.fr\/blog\/#\/schema\/person\/image\/\",\"url\":\"https:\/\/sport-index.fr\/blog\/wp-content\/uploads\/2026\/06\/persona_axel-l-96x96.jpg\",\"contentUrl\":\"https:\/\/sport-index.fr\/blog\/wp-content\/uploads\/2026\/06\/persona_axel-l-96x96.jpg\",\"caption\":\"Axel Lauzier\"},\"description\":\"Le sport rythme mon quotidien depuis l'enfance, et j'en ai fait mon m\u00e9tier d'analyste r\u00e9dactionnel il y a une dizaine d'ann\u00e9es. Je couvre principalement le football, son actualit\u00e9, ses transferts et l'analyse tactique des grandes affiches, mais aussi les disciplines plus confidentielles que j'aime remettre en lumi\u00e8re. Une partie de mon travail porte sur les pronostics et la lecture statistique d'un match : forme des \u00e9quipes, historique des confrontations, compositions, sans jamais vendre de fausse certitude. Je rappelle syst\u00e9matiquement que parier comporte un risque et doit rester un loisir ma\u00eetris\u00e9. Avant de signer une analyse, je v\u00e9rifie mes chiffres, je recoupe les compositions probables et je distingue toujours la donn\u00e9e brute de l'intuition. Mon objectif : offrir une lecture honn\u00eate et argument\u00e9e, pas un ticket gagnant garanti.\",\"sameAs\":[\"https:\/\/axellauzier.fr\/\"],\"url\":\"https:\/\/sport-index.fr\/blog\/auteur\/noname\/\"}]}<\/script>\n<!-- \/ Yoast SEO Premium plugin. -->","yoast_head_json":{"title":"lindsey vonn se projette vers cortina : des espoirs","description":"Lindsey Vonn face aux d\u00e9fis des mondiaux Lindsey Vonn a r\u00e9cemment particip\u00e9 aux championnats du monde de ski alpin \u00e0 Saalbach, o\u00f9 elle n'a pas r\u00e9ussi \u00e0\u2026","robots":{"index":"index","follow":"follow","max-snippet":"max-snippet:-1","max-image-preview":"max-image-preview:large","max-video-preview":"max-video-preview:-1"},"canonical":"https:\/\/sport-index.fr\/blog\/a-la-une\/lindsey-vonn-se-projette-vers-cortina-des-espoirs-olympiques-revigorants\/","og_locale":"fr_FR","og_type":"article","og_title":"lindsey vonn se projette vers cortina : des espoirs","og_description":"Lindsey Vonn face aux d\u00e9fis des mondiaux Lindsey Vonn a r\u00e9cemment particip\u00e9 aux championnats du monde de ski alpin \u00e0 Saalbach, o\u00f9 elle n'a pas r\u00e9ussi \u00e0\u2026","og_url":"https:\/\/sport-index.fr\/blog\/a-la-une\/lindsey-vonn-se-projette-vers-cortina-des-espoirs-olympiques-revigorants\/","og_site_name":"sport-index","author":"Axel Lauzier","twitter_card":"summary_large_image","schema":{"@context":"https:\/\/schema.org","@graph":[{"@type":"NewsArticle","@id":"https:\/\/sport-index.fr\/blog\/a-la-une\/lindsey-vonn-se-projette-vers-cortina-des-espoirs-olympiques-revigorants\/#article","isPartOf":{"@id":"https:\/\/sport-index.fr\/blog\/a-la-une\/lindsey-vonn-se-projette-vers-cortina-des-espoirs-olympiques-revigorants\/"},"author":{"name":"Axel Lauzier","@id":"https:\/\/sport-index.fr\/blog\/#\/schema\/person\/3c864cdc320801e3db34b663e7e3f816"},"headline":"lindsey vonn se projette vers cortina : des espoirs olympiques revigorants","datePublished":"2025-02-12T12:34:01+00:00","mainEntityOfPage":{"@id":"https:\/\/sport-index.fr\/blog\/a-la-une\/lindsey-vonn-se-projette-vers-cortina-des-espoirs-olympiques-revigorants\/"},"wordCount":501,"commentCount":25,"publisher":{"@id":"https:\/\/sport-index.fr\/blog\/#organization"},"image":{"@id":"https:\/\/sport-index.fr\/blog\/a-la-une\/lindsey-vonn-se-projette-vers-cortina-des-espoirs-olympiques-revigorants\/#primaryimage"},"thumbnailUrl":"https:\/\/sport-index.fr\/blog\/wp-content\/uploads\/2025\/02\/sdxl-a86233add0a51126f495c96178def401.png","keywords":["Lindsey Vonn","Olympique de Marseille","Performance sportive","Pr\u00e9paration Mentale","R\u00e9silience"],"articleSection":["\u00c0 la une"],"inLanguage":"fr-FR","potentialAction":[{"@type":"CommentAction","name":"Comment","target":["https:\/\/sport-index.fr\/blog\/a-la-une\/lindsey-vonn-se-projette-vers-cortina-des-espoirs-olympiques-revigorants\/#respond"]}]},{"@type":"WebPage","@id":"https:\/\/sport-index.fr\/blog\/a-la-une\/lindsey-vonn-se-projette-vers-cortina-des-espoirs-olympiques-revigorants\/","url":"https:\/\/sport-index.fr\/blog\/a-la-une\/lindsey-vonn-se-projette-vers-cortina-des-espoirs-olympiques-revigorants\/","name":"lindsey vonn se projette vers cortina : des espoirs","isPartOf":{"@id":"https:\/\/sport-index.fr\/blog\/#website"},"primaryImageOfPage":{"@id":"https:\/\/sport-index.fr\/blog\/a-la-une\/lindsey-vonn-se-projette-vers-cortina-des-espoirs-olympiques-revigorants\/#primaryimage"},"image":{"@id":"https:\/\/sport-index.fr\/blog\/a-la-une\/lindsey-vonn-se-projette-vers-cortina-des-espoirs-olympiques-revigorants\/#primaryimage"},"thumbnailUrl":"https:\/\/sport-index.fr\/blog\/wp-content\/uploads\/2025\/02\/sdxl-a86233add0a51126f495c96178def401.png","datePublished":"2025-02-12T12:34:01+00:00","description":"Lindsey Vonn face aux d\u00e9fis des mondiaux Lindsey Vonn a r\u00e9cemment particip\u00e9 aux championnats du monde de ski alpin \u00e0 Saalbach, o\u00f9 elle n'a pas r\u00e9ussi \u00e0\u2026","inLanguage":"fr-FR","potentialAction":[{"@type":"ReadAction","target":["https:\/\/sport-index.fr\/blog\/a-la-une\/lindsey-vonn-se-projette-vers-cortina-des-espoirs-olympiques-revigorants\/"]}]},{"@type":"ImageObject","inLanguage":"fr-FR","@id":"https:\/\/sport-index.fr\/blog\/a-la-une\/lindsey-vonn-se-projette-vers-cortina-des-espoirs-olympiques-revigorants\/#primaryimage","url":"https:\/\/sport-index.fr\/blog\/wp-content\/uploads\/2025\/02\/sdxl-a86233add0a51126f495c96178def401.png","contentUrl":"https:\/\/sport-index.fr\/blog\/wp-content\/uploads\/2025\/02\/sdxl-a86233add0a51126f495c96178def401.png","width":1536,"height":640},{"@type":"WebSite","@id":"https:\/\/sport-index.fr\/blog\/#website","url":"https:\/\/sport-index.fr\/blog\/","name":"sport-index.fr","description":"Le score de l\u2019analyse sportive.","publisher":{"@id":"https:\/\/sport-index.fr\/blog\/#organization"},"alternateName":"Le score de l\u2019analyse sportive.","potentialAction":[{"@type":"SearchAction","target":{"@type":"EntryPoint","urlTemplate":"https:\/\/sport-index.fr\/blog\/?s={search_term_string}"},"query-input":{"@type":"PropertyValueSpecification","valueRequired":true,"valueName":"search_term_string"}}],"inLanguage":"fr-FR"},{"@type":"Organization","@id":"https:\/\/sport-index.fr\/blog\/#organization","name":"Foretsensations.fr","url":"https:\/\/sport-index.fr\/blog\/","logo":{"@type":"ImageObject","inLanguage":"fr-FR","@id":"https:\/\/sport-index.fr\/blog\/#\/schema\/logo\/image\/","url":"https:\/\/sport-index.fr\/blog\/wp-content\/uploads\/2026\/07\/logo-auto.png","contentUrl":"https:\/\/sport-index.fr\/blog\/wp-content\/uploads\/2026\/07\/logo-auto.png","width":1024,"height":1024,"caption":"Foretsensations.fr"},"image":{"@id":"https:\/\/sport-index.fr\/blog\/#\/schema\/logo\/image\/"}},{"@type":"Person","@id":"https:\/\/sport-index.fr\/blog\/#\/schema\/person\/3c864cdc320801e3db34b663e7e3f816","name":"Axel Lauzier","image":{"@type":"ImageObject","inLanguage":"fr-FR","@id":"https:\/\/sport-index.fr\/blog\/#\/schema\/person\/image\/","url":"https:\/\/sport-index.fr\/blog\/wp-content\/uploads\/2026\/06\/persona_axel-l-96x96.jpg","contentUrl":"https:\/\/sport-index.fr\/blog\/wp-content\/uploads\/2026\/06\/persona_axel-l-96x96.jpg","caption":"Axel Lauzier"},"description":"Le sport rythme mon quotidien depuis l'enfance, et j'en ai fait mon m\u00e9tier d'analyste r\u00e9dactionnel il y a une dizaine d'ann\u00e9es. Je couvre principalement le football, son actualit\u00e9, ses transferts et l'analyse tactique des grandes affiches, mais aussi les disciplines plus confidentielles que j'aime remettre en lumi\u00e8re. Une partie de mon travail porte sur les pronostics et la lecture statistique d'un match : forme des \u00e9quipes, historique des confrontations, compositions, sans jamais vendre de fausse certitude. Je rappelle syst\u00e9matiquement que parier comporte un risque et doit rester un loisir ma\u00eetris\u00e9. Avant de signer une analyse, je v\u00e9rifie mes chiffres, je recoupe les compositions probables et je distingue toujours la donn\u00e9e brute de l'intuition. Mon objectif : offrir une lecture honn\u00eate et argument\u00e9e, pas un ticket gagnant garanti.","sameAs":["https:\/\/axellauzier.fr\/"],"url":"https:\/\/sport-index.fr\/blog\/auteur\/noname\/"}]}},"_links":{"self":[{"href":"https:\/\/sport-index.fr\/blog\/wp-json\/wp\/v2\/posts\/8203","targetHints":{"allow":["GET"]}}],"collection":[{"href":"https:\/\/sport-index.fr\/blog\/wp-json\/wp\/v2\/posts"}],"about":[{"href":"https:\/\/sport-index.fr\/blog\/wp-json\/wp\/v2\/types\/post"}],"author":[{"embeddable":true,"href":"https:\/\/sport-index.fr\/blog\/wp-json\/wp\/v2\/users\/34"}],"replies":[{"embeddable":true,"href":"https:\/\/sport-index.fr\/blog\/wp-json\/wp\/v2\/comments?post=8203"}],"version-history":[{"count":1,"href":"https:\/\/sport-index.fr\/blog\/wp-json\/wp\/v2\/posts\/8203\/revisions"}],"predecessor-version":[{"id":8267,"href":"https:\/\/sport-index.fr\/blog\/wp-json\/wp\/v2\/posts\/8203\/revisions\/8267"}],"wp:featuredmedia":[{"embeddable":true,"href":"https:\/\/sport-index.fr\/blog\/wp-json\/wp\/v2\/media\/10532"}],"wp:attachment":[{"href":"https:\/\/sport-index.fr\/blog\/wp-json\/wp\/v2\/media?parent=8203"}],"wp:term":[{"taxonomy":"category","embeddable":true,"href":"https:\/\/sport-index.fr\/blog\/wp-json\/wp\/v2\/categories?post=8203"},{"taxonomy":"post_tag","embeddable":true,"href":"https:\/\/sport-index.fr\/blog\/wp-json\/wp\/v2\/tags?post=8203"}],"curies":[{"name":"wp","href":"https:\/\/api.w.org\/{rel}","templated":true}]}}