{"id":8216,"date":"2025-02-13T00:09:04","date_gmt":"2025-02-12T23:09:04","guid":{"rendered":"https:\/\/sport-index.fr\/blog\/?p=8216"},"modified":"2025-02-13T00:09:04","modified_gmt":"2025-02-12T23:09:04","slug":"quel-avenir-pour-les-courses-cyclistes-hors-du-world-tour-debat-sur-securite-et-solidarite","status":"publish","type":"post","link":"https:\/\/sport-index.fr\/blog\/a-la-une\/quel-avenir-pour-les-courses-cyclistes-hors-du-world-tour-debat-sur-securite-et-solidarite\/","title":{"rendered":"Quel avenir pour les courses cyclistes hors du World Tour ? D\u00e9bat sur s\u00e9curit\u00e9 et solidarit\u00e9"},"content":{"rendered":"<h2>Les d\u00e9fis croissants des courses cyclistes<\/h2>\n<p>Le cyclisme professionnel est actuellement travers\u00e9 par des tensions manifestes, notamment lors des courses hors du World Tour. R\u00e9cemment, plusieurs \u00e9quipes ont d\u00e9cid\u00e9 de quitter l&rsquo;\u00c9toile de Bess\u00e8ges, mettant en lumi\u00e8re des probl\u00e8mes de s\u00e9curit\u00e9 qui pr\u00e9occupent de plus en plus les coureurs. Ce climat d&rsquo;insatisfaction s&rsquo;est intensifi\u00e9 apr\u00e8s l&rsquo;abandon du Trofeo Andratx &#8211; Pollen\u00e7a, suscitant des interrogations sur l&rsquo;avenir de ces comp\u00e9titions.<\/p>\n<p>Les organisateurs se trouvent d\u00e9sormais sous pression pour garantir non seulement l&rsquo;aspect comp\u00e9titif, mais aussi la s\u00e9curit\u00e9 des participants. La grogne des coureurs refl\u00e8te un besoin urgent de r\u00e9\u00e9valuer les normes de s\u00e9curit\u00e9 mises en place dans ces courses. Cela souligne l&rsquo;importance d&rsquo;une r\u00e9flexion collective sur l&rsquo;avenir des \u00e9preuves qui ne sont pas int\u00e9gr\u00e9es au circuit \u00e9lite.<\/p>\n<h2>La solidarit\u00e9 au c\u0153ur des enjeux<\/h2>\n<p>La solidarit\u00e9 entre les \u00e9quipes et les coureurs devient un th\u00e8me central dans ce d\u00e9bat. Face aux difficult\u00e9s rencontr\u00e9es, une prise de conscience semble \u00e9merger sur la n\u00e9cessit\u00e9 d&rsquo;unir leurs forces pour d\u00e9fendre leurs int\u00e9r\u00eats communs. Les coureurs, en exprimant leurs pr\u00e9occupations, souhaitent \u00e9galement sensibiliser le public \u00e0 ces enjeux cruciaux.<\/p>\n<p>Il est essentiel que les organisateurs et les instances dirigeantes prennent en compte ces revendications pour pr\u00e9server l&rsquo;int\u00e9grit\u00e9 des comp\u00e9titions. De plus, cette solidarit\u00e9 pourrait permettre d&rsquo;initier des changements positifs au sein des structures existantes, favorisant un environnement plus s\u00fbr et \u00e9quitable. <\/p>\n<h2>Vers des courses plus s\u00e9curis\u00e9es et inclusives<\/h2>\n<p>Il devient imp\u00e9ratif d&rsquo;envisager des solutions concr\u00e8tes pour am\u00e9liorer la s\u00e9curit\u00e9 des courses cyclistes. Cela pourrait passer par la mise en place de normes strictes concernant les parcours, les infrastructures et l&rsquo;encadrement des \u00e9v\u00e9nements. Les t\u00e9moignages des coureurs pourraient \u00e9galement servir de base pour une r\u00e9vision des r\u00e8glements en vigueur.<\/p>\n<blockquote><p>\n\u00ab\u00a0La s\u00e9curit\u00e9 des coureurs doit \u00eatre la priorit\u00e9 absolue, sans compromis.\u00a0\u00bb &#8211; Un coureur anonyme.\n<\/p><\/blockquote>\n<p>Pour aborder ces questions de mani\u00e8re constructive, plusieurs points doivent \u00eatre examin\u00e9s :<\/p>\n<ul>\n<li>Renforcement des mesures de s\u00e9curit\u00e9 sur les parcours<\/li>\n<li>Cr\u00e9ation de protocoles clairs en cas d&rsquo;incident<\/li>\n<li>Engagement des \u00e9quipes \u00e0 collaborer pour une meilleure organisation<\/li>\n<li>Promotion d&rsquo;une culture de s\u00e9curit\u00e9 au sein des comp\u00e9titions<\/li>\n<\/ul>\n<p>En somme, l\u2019avenir des courses hors du World Tour d\u00e9pendra de la capacit\u00e9 des acteurs du cyclisme \u00e0 travailler ensemble pour garantir la s\u00e9curit\u00e9 et la solidarit\u00e9. Les \u00e9v\u00e9nements r\u00e9cents ont mis en lumi\u00e8re une n\u00e9cessit\u00e9 de changement qui ne peut plus \u00eatre ignor\u00e9e. Les coureurs, les organisateurs et les instances dirigeantes se doivent d\u2019agir de concert pour red\u00e9finir les standards de ces comp\u00e9titions et assurer un avenir viable pour le cyclisme en dehors des circuits majeurs.<\/p>\n","protected":false},"excerpt":{"rendered":"","protected":false},"author":34,"featured_media":10515,"comment_status":"open","ping_status":"open","sticky":false,"template":"","format":"standard","meta":{"_acf_changed":false,"manual_indexmenow":false,"indexmenow_id_project":0,"footnotes":""},"categories":[1],"tags":[4559,4529,4378,3170,5057],"class_list":["post-8216","post","type-post","status-publish","format-standard","has-post-thumbnail","hentry","category-a-la-une","tag-cyclisme","tag-egalite-des-chances","tag-performance-durable","tag-securite","tag-solidarite","generate-columns","tablet-grid-50","mobile-grid-100","grid-parent","grid-25"],"acf":[],"yoast_head":"<!-- This site is optimized with the Yoast SEO Premium plugin v21.3 (Yoast SEO v26.5) - https:\/\/yoast.com\/wordpress\/plugins\/seo\/ -->\n<title>Quel avenir pour les courses cyclistes hors du World Tour ?<\/title>\n<meta name=\"description\" content=\"Les d\u00e9fis croissants des courses cyclistes Le cyclisme professionnel est actuellement travers\u00e9 par des tensions manifestes, notamment lors des courses\u2026\" \/>\n<meta name=\"robots\" content=\"index, follow, max-snippet:-1, max-image-preview:large, max-video-preview:-1\" \/>\n<link rel=\"canonical\" href=\"https:\/\/sport-index.fr\/blog\/a-la-une\/quel-avenir-pour-les-courses-cyclistes-hors-du-world-tour-debat-sur-securite-et-solidarite\/\" \/>\n<meta property=\"og:locale\" content=\"fr_FR\" \/>\n<meta property=\"og:type\" content=\"article\" \/>\n<meta property=\"og:title\" content=\"Quel avenir pour les courses cyclistes hors du World Tour ?\" \/>\n<meta property=\"og:description\" content=\"Les d\u00e9fis croissants des courses cyclistes Le cyclisme professionnel est actuellement travers\u00e9 par des tensions manifestes, notamment lors des courses\u2026\" \/>\n<meta property=\"og:url\" content=\"https:\/\/sport-index.fr\/blog\/a-la-une\/quel-avenir-pour-les-courses-cyclistes-hors-du-world-tour-debat-sur-securite-et-solidarite\/\" \/>\n<meta property=\"og:site_name\" content=\"sport-index\" \/>\n<meta name=\"author\" content=\"Axel Lauzier\" \/>\n<meta name=\"twitter:card\" content=\"summary_large_image\" \/>\n<script type=\"application\/ld+json\" class=\"yoast-schema-graph\">{\"@context\":\"https:\/\/schema.org\",\"@graph\":[{\"@type\":\"NewsArticle\",\"@id\":\"https:\/\/sport-index.fr\/blog\/a-la-une\/quel-avenir-pour-les-courses-cyclistes-hors-du-world-tour-debat-sur-securite-et-solidarite\/#article\",\"isPartOf\":{\"@id\":\"https:\/\/sport-index.fr\/blog\/a-la-une\/quel-avenir-pour-les-courses-cyclistes-hors-du-world-tour-debat-sur-securite-et-solidarite\/\"},\"author\":{\"name\":\"Axel Lauzier\",\"@id\":\"https:\/\/sport-index.fr\/blog\/#\/schema\/person\/3c864cdc320801e3db34b663e7e3f816\"},\"headline\":\"Quel avenir pour les courses cyclistes hors du World Tour ? D\u00e9bat sur s\u00e9curit\u00e9 et solidarit\u00e9\",\"datePublished\":\"2025-02-12T23:09:04+00:00\",\"mainEntityOfPage\":{\"@id\":\"https:\/\/sport-index.fr\/blog\/a-la-une\/quel-avenir-pour-les-courses-cyclistes-hors-du-world-tour-debat-sur-securite-et-solidarite\/\"},\"wordCount\":511,\"commentCount\":27,\"publisher\":{\"@id\":\"https:\/\/sport-index.fr\/blog\/#organization\"},\"image\":{\"@id\":\"https:\/\/sport-index.fr\/blog\/a-la-une\/quel-avenir-pour-les-courses-cyclistes-hors-du-world-tour-debat-sur-securite-et-solidarite\/#primaryimage\"},\"thumbnailUrl\":\"https:\/\/sport-index.fr\/blog\/wp-content\/uploads\/2025\/02\/sdxl-6d86fd3842fde9afb0c2fc72c780c49a.png\",\"keywords\":[\"Cyclisme\",\"\u00c9galit\u00e9 des Chances\",\"Performance Durable\",\"S\u00e9curit\u00e9\",\"Solidarit\u00e9\"],\"articleSection\":[\"\u00c0 la une\"],\"inLanguage\":\"fr-FR\",\"potentialAction\":[{\"@type\":\"CommentAction\",\"name\":\"Comment\",\"target\":[\"https:\/\/sport-index.fr\/blog\/a-la-une\/quel-avenir-pour-les-courses-cyclistes-hors-du-world-tour-debat-sur-securite-et-solidarite\/#respond\"]}]},{\"@type\":\"WebPage\",\"@id\":\"https:\/\/sport-index.fr\/blog\/a-la-une\/quel-avenir-pour-les-courses-cyclistes-hors-du-world-tour-debat-sur-securite-et-solidarite\/\",\"url\":\"https:\/\/sport-index.fr\/blog\/a-la-une\/quel-avenir-pour-les-courses-cyclistes-hors-du-world-tour-debat-sur-securite-et-solidarite\/\",\"name\":\"Quel avenir pour les courses cyclistes hors du World Tour ?\",\"isPartOf\":{\"@id\":\"https:\/\/sport-index.fr\/blog\/#website\"},\"primaryImageOfPage\":{\"@id\":\"https:\/\/sport-index.fr\/blog\/a-la-une\/quel-avenir-pour-les-courses-cyclistes-hors-du-world-tour-debat-sur-securite-et-solidarite\/#primaryimage\"},\"image\":{\"@id\":\"https:\/\/sport-index.fr\/blog\/a-la-une\/quel-avenir-pour-les-courses-cyclistes-hors-du-world-tour-debat-sur-securite-et-solidarite\/#primaryimage\"},\"thumbnailUrl\":\"https:\/\/sport-index.fr\/blog\/wp-content\/uploads\/2025\/02\/sdxl-6d86fd3842fde9afb0c2fc72c780c49a.png\",\"datePublished\":\"2025-02-12T23:09:04+00:00\",\"description\":\"Les d\u00e9fis croissants des courses cyclistes Le cyclisme professionnel est actuellement travers\u00e9 par des tensions manifestes, notamment lors des courses\u2026\",\"inLanguage\":\"fr-FR\",\"potentialAction\":[{\"@type\":\"ReadAction\",\"target\":[\"https:\/\/sport-index.fr\/blog\/a-la-une\/quel-avenir-pour-les-courses-cyclistes-hors-du-world-tour-debat-sur-securite-et-solidarite\/\"]}]},{\"@type\":\"ImageObject\",\"inLanguage\":\"fr-FR\",\"@id\":\"https:\/\/sport-index.fr\/blog\/a-la-une\/quel-avenir-pour-les-courses-cyclistes-hors-du-world-tour-debat-sur-securite-et-solidarite\/#primaryimage\",\"url\":\"https:\/\/sport-index.fr\/blog\/wp-content\/uploads\/2025\/02\/sdxl-6d86fd3842fde9afb0c2fc72c780c49a.png\",\"contentUrl\":\"https:\/\/sport-index.fr\/blog\/wp-content\/uploads\/2025\/02\/sdxl-6d86fd3842fde9afb0c2fc72c780c49a.png\",\"width\":1536,\"height\":640},{\"@type\":\"WebSite\",\"@id\":\"https:\/\/sport-index.fr\/blog\/#website\",\"url\":\"https:\/\/sport-index.fr\/blog\/\",\"name\":\"sport-index.fr\",\"description\":\"Le score de l\u2019analyse sportive.\",\"publisher\":{\"@id\":\"https:\/\/sport-index.fr\/blog\/#organization\"},\"alternateName\":\"Le score de l\u2019analyse sportive.\",\"potentialAction\":[{\"@type\":\"SearchAction\",\"target\":{\"@type\":\"EntryPoint\",\"urlTemplate\":\"https:\/\/sport-index.fr\/blog\/?s={search_term_string}\"},\"query-input\":{\"@type\":\"PropertyValueSpecification\",\"valueRequired\":true,\"valueName\":\"search_term_string\"}}],\"inLanguage\":\"fr-FR\"},{\"@type\":\"Organization\",\"@id\":\"https:\/\/sport-index.fr\/blog\/#organization\",\"name\":\"Foretsensations.fr\",\"url\":\"https:\/\/sport-index.fr\/blog\/\",\"logo\":{\"@type\":\"ImageObject\",\"inLanguage\":\"fr-FR\",\"@id\":\"https:\/\/sport-index.fr\/blog\/#\/schema\/logo\/image\/\",\"url\":\"https:\/\/sport-index.fr\/blog\/wp-content\/uploads\/2026\/07\/logo-auto.png\",\"contentUrl\":\"https:\/\/sport-index.fr\/blog\/wp-content\/uploads\/2026\/07\/logo-auto.png\",\"width\":1024,\"height\":1024,\"caption\":\"Foretsensations.fr\"},\"image\":{\"@id\":\"https:\/\/sport-index.fr\/blog\/#\/schema\/logo\/image\/\"}},{\"@type\":\"Person\",\"@id\":\"https:\/\/sport-index.fr\/blog\/#\/schema\/person\/3c864cdc320801e3db34b663e7e3f816\",\"name\":\"Axel Lauzier\",\"image\":{\"@type\":\"ImageObject\",\"inLanguage\":\"fr-FR\",\"@id\":\"https:\/\/sport-index.fr\/blog\/#\/schema\/person\/image\/\",\"url\":\"https:\/\/sport-index.fr\/blog\/wp-content\/uploads\/2026\/06\/persona_axel-l-96x96.jpg\",\"contentUrl\":\"https:\/\/sport-index.fr\/blog\/wp-content\/uploads\/2026\/06\/persona_axel-l-96x96.jpg\",\"caption\":\"Axel Lauzier\"},\"description\":\"Le sport rythme mon quotidien depuis l'enfance, et j'en ai fait mon m\u00e9tier d'analyste r\u00e9dactionnel il y a une dizaine d'ann\u00e9es. Je couvre principalement le football, son actualit\u00e9, ses transferts et l'analyse tactique des grandes affiches, mais aussi les disciplines plus confidentielles que j'aime remettre en lumi\u00e8re. Une partie de mon travail porte sur les pronostics et la lecture statistique d'un match : forme des \u00e9quipes, historique des confrontations, compositions, sans jamais vendre de fausse certitude. Je rappelle syst\u00e9matiquement que parier comporte un risque et doit rester un loisir ma\u00eetris\u00e9. Avant de signer une analyse, je v\u00e9rifie mes chiffres, je recoupe les compositions probables et je distingue toujours la donn\u00e9e brute de l'intuition. Mon objectif : offrir une lecture honn\u00eate et argument\u00e9e, pas un ticket gagnant garanti.\",\"sameAs\":[\"https:\/\/axellauzier.fr\/\"],\"url\":\"https:\/\/sport-index.fr\/blog\/auteur\/noname\/\"}]}<\/script>\n<!-- \/ Yoast SEO Premium plugin. -->","yoast_head_json":{"title":"Quel avenir pour les courses cyclistes hors du World Tour ?","description":"Les d\u00e9fis croissants des courses cyclistes Le cyclisme professionnel est actuellement travers\u00e9 par des tensions manifestes, notamment lors des courses\u2026","robots":{"index":"index","follow":"follow","max-snippet":"max-snippet:-1","max-image-preview":"max-image-preview:large","max-video-preview":"max-video-preview:-1"},"canonical":"https:\/\/sport-index.fr\/blog\/a-la-une\/quel-avenir-pour-les-courses-cyclistes-hors-du-world-tour-debat-sur-securite-et-solidarite\/","og_locale":"fr_FR","og_type":"article","og_title":"Quel avenir pour les courses cyclistes hors du World Tour ?","og_description":"Les d\u00e9fis croissants des courses cyclistes Le cyclisme professionnel est actuellement travers\u00e9 par des tensions manifestes, notamment lors des courses\u2026","og_url":"https:\/\/sport-index.fr\/blog\/a-la-une\/quel-avenir-pour-les-courses-cyclistes-hors-du-world-tour-debat-sur-securite-et-solidarite\/","og_site_name":"sport-index","author":"Axel Lauzier","twitter_card":"summary_large_image","schema":{"@context":"https:\/\/schema.org","@graph":[{"@type":"NewsArticle","@id":"https:\/\/sport-index.fr\/blog\/a-la-une\/quel-avenir-pour-les-courses-cyclistes-hors-du-world-tour-debat-sur-securite-et-solidarite\/#article","isPartOf":{"@id":"https:\/\/sport-index.fr\/blog\/a-la-une\/quel-avenir-pour-les-courses-cyclistes-hors-du-world-tour-debat-sur-securite-et-solidarite\/"},"author":{"name":"Axel Lauzier","@id":"https:\/\/sport-index.fr\/blog\/#\/schema\/person\/3c864cdc320801e3db34b663e7e3f816"},"headline":"Quel avenir pour les courses cyclistes hors du World Tour ? D\u00e9bat sur s\u00e9curit\u00e9 et solidarit\u00e9","datePublished":"2025-02-12T23:09:04+00:00","mainEntityOfPage":{"@id":"https:\/\/sport-index.fr\/blog\/a-la-une\/quel-avenir-pour-les-courses-cyclistes-hors-du-world-tour-debat-sur-securite-et-solidarite\/"},"wordCount":511,"commentCount":27,"publisher":{"@id":"https:\/\/sport-index.fr\/blog\/#organization"},"image":{"@id":"https:\/\/sport-index.fr\/blog\/a-la-une\/quel-avenir-pour-les-courses-cyclistes-hors-du-world-tour-debat-sur-securite-et-solidarite\/#primaryimage"},"thumbnailUrl":"https:\/\/sport-index.fr\/blog\/wp-content\/uploads\/2025\/02\/sdxl-6d86fd3842fde9afb0c2fc72c780c49a.png","keywords":["Cyclisme","\u00c9galit\u00e9 des Chances","Performance Durable","S\u00e9curit\u00e9","Solidarit\u00e9"],"articleSection":["\u00c0 la une"],"inLanguage":"fr-FR","potentialAction":[{"@type":"CommentAction","name":"Comment","target":["https:\/\/sport-index.fr\/blog\/a-la-une\/quel-avenir-pour-les-courses-cyclistes-hors-du-world-tour-debat-sur-securite-et-solidarite\/#respond"]}]},{"@type":"WebPage","@id":"https:\/\/sport-index.fr\/blog\/a-la-une\/quel-avenir-pour-les-courses-cyclistes-hors-du-world-tour-debat-sur-securite-et-solidarite\/","url":"https:\/\/sport-index.fr\/blog\/a-la-une\/quel-avenir-pour-les-courses-cyclistes-hors-du-world-tour-debat-sur-securite-et-solidarite\/","name":"Quel avenir pour les courses cyclistes hors du World Tour ?","isPartOf":{"@id":"https:\/\/sport-index.fr\/blog\/#website"},"primaryImageOfPage":{"@id":"https:\/\/sport-index.fr\/blog\/a-la-une\/quel-avenir-pour-les-courses-cyclistes-hors-du-world-tour-debat-sur-securite-et-solidarite\/#primaryimage"},"image":{"@id":"https:\/\/sport-index.fr\/blog\/a-la-une\/quel-avenir-pour-les-courses-cyclistes-hors-du-world-tour-debat-sur-securite-et-solidarite\/#primaryimage"},"thumbnailUrl":"https:\/\/sport-index.fr\/blog\/wp-content\/uploads\/2025\/02\/sdxl-6d86fd3842fde9afb0c2fc72c780c49a.png","datePublished":"2025-02-12T23:09:04+00:00","description":"Les d\u00e9fis croissants des courses cyclistes Le cyclisme professionnel est actuellement travers\u00e9 par des tensions manifestes, notamment lors des courses\u2026","inLanguage":"fr-FR","potentialAction":[{"@type":"ReadAction","target":["https:\/\/sport-index.fr\/blog\/a-la-une\/quel-avenir-pour-les-courses-cyclistes-hors-du-world-tour-debat-sur-securite-et-solidarite\/"]}]},{"@type":"ImageObject","inLanguage":"fr-FR","@id":"https:\/\/sport-index.fr\/blog\/a-la-une\/quel-avenir-pour-les-courses-cyclistes-hors-du-world-tour-debat-sur-securite-et-solidarite\/#primaryimage","url":"https:\/\/sport-index.fr\/blog\/wp-content\/uploads\/2025\/02\/sdxl-6d86fd3842fde9afb0c2fc72c780c49a.png","contentUrl":"https:\/\/sport-index.fr\/blog\/wp-content\/uploads\/2025\/02\/sdxl-6d86fd3842fde9afb0c2fc72c780c49a.png","width":1536,"height":640},{"@type":"WebSite","@id":"https:\/\/sport-index.fr\/blog\/#website","url":"https:\/\/sport-index.fr\/blog\/","name":"sport-index.fr","description":"Le score de l\u2019analyse sportive.","publisher":{"@id":"https:\/\/sport-index.fr\/blog\/#organization"},"alternateName":"Le score de l\u2019analyse sportive.","potentialAction":[{"@type":"SearchAction","target":{"@type":"EntryPoint","urlTemplate":"https:\/\/sport-index.fr\/blog\/?s={search_term_string}"},"query-input":{"@type":"PropertyValueSpecification","valueRequired":true,"valueName":"search_term_string"}}],"inLanguage":"fr-FR"},{"@type":"Organization","@id":"https:\/\/sport-index.fr\/blog\/#organization","name":"Foretsensations.fr","url":"https:\/\/sport-index.fr\/blog\/","logo":{"@type":"ImageObject","inLanguage":"fr-FR","@id":"https:\/\/sport-index.fr\/blog\/#\/schema\/logo\/image\/","url":"https:\/\/sport-index.fr\/blog\/wp-content\/uploads\/2026\/07\/logo-auto.png","contentUrl":"https:\/\/sport-index.fr\/blog\/wp-content\/uploads\/2026\/07\/logo-auto.png","width":1024,"height":1024,"caption":"Foretsensations.fr"},"image":{"@id":"https:\/\/sport-index.fr\/blog\/#\/schema\/logo\/image\/"}},{"@type":"Person","@id":"https:\/\/sport-index.fr\/blog\/#\/schema\/person\/3c864cdc320801e3db34b663e7e3f816","name":"Axel Lauzier","image":{"@type":"ImageObject","inLanguage":"fr-FR","@id":"https:\/\/sport-index.fr\/blog\/#\/schema\/person\/image\/","url":"https:\/\/sport-index.fr\/blog\/wp-content\/uploads\/2026\/06\/persona_axel-l-96x96.jpg","contentUrl":"https:\/\/sport-index.fr\/blog\/wp-content\/uploads\/2026\/06\/persona_axel-l-96x96.jpg","caption":"Axel Lauzier"},"description":"Le sport rythme mon quotidien depuis l'enfance, et j'en ai fait mon m\u00e9tier d'analyste r\u00e9dactionnel il y a une dizaine d'ann\u00e9es. Je couvre principalement le football, son actualit\u00e9, ses transferts et l'analyse tactique des grandes affiches, mais aussi les disciplines plus confidentielles que j'aime remettre en lumi\u00e8re. Une partie de mon travail porte sur les pronostics et la lecture statistique d'un match : forme des \u00e9quipes, historique des confrontations, compositions, sans jamais vendre de fausse certitude. Je rappelle syst\u00e9matiquement que parier comporte un risque et doit rester un loisir ma\u00eetris\u00e9. Avant de signer une analyse, je v\u00e9rifie mes chiffres, je recoupe les compositions probables et je distingue toujours la donn\u00e9e brute de l'intuition. Mon objectif : offrir une lecture honn\u00eate et argument\u00e9e, pas un ticket gagnant garanti.","sameAs":["https:\/\/axellauzier.fr\/"],"url":"https:\/\/sport-index.fr\/blog\/auteur\/noname\/"}]}},"_links":{"self":[{"href":"https:\/\/sport-index.fr\/blog\/wp-json\/wp\/v2\/posts\/8216","targetHints":{"allow":["GET"]}}],"collection":[{"href":"https:\/\/sport-index.fr\/blog\/wp-json\/wp\/v2\/posts"}],"about":[{"href":"https:\/\/sport-index.fr\/blog\/wp-json\/wp\/v2\/types\/post"}],"author":[{"embeddable":true,"href":"https:\/\/sport-index.fr\/blog\/wp-json\/wp\/v2\/users\/34"}],"replies":[{"embeddable":true,"href":"https:\/\/sport-index.fr\/blog\/wp-json\/wp\/v2\/comments?post=8216"}],"version-history":[{"count":1,"href":"https:\/\/sport-index.fr\/blog\/wp-json\/wp\/v2\/posts\/8216\/revisions"}],"predecessor-version":[{"id":8314,"href":"https:\/\/sport-index.fr\/blog\/wp-json\/wp\/v2\/posts\/8216\/revisions\/8314"}],"wp:featuredmedia":[{"embeddable":true,"href":"https:\/\/sport-index.fr\/blog\/wp-json\/wp\/v2\/media\/10515"}],"wp:attachment":[{"href":"https:\/\/sport-index.fr\/blog\/wp-json\/wp\/v2\/media?parent=8216"}],"wp:term":[{"taxonomy":"category","embeddable":true,"href":"https:\/\/sport-index.fr\/blog\/wp-json\/wp\/v2\/categories?post=8216"},{"taxonomy":"post_tag","embeddable":true,"href":"https:\/\/sport-index.fr\/blog\/wp-json\/wp\/v2\/tags?post=8216"}],"curies":[{"name":"wp","href":"https:\/\/api.w.org\/{rel}","templated":true}]}}