{"id":8220,"date":"2025-02-13T00:40:09","date_gmt":"2025-02-12T23:40:09","guid":{"rendered":"https:\/\/sport-index.fr\/blog\/?p=8220"},"modified":"2025-02-12T00:39:18","modified_gmt":"2025-02-11T23:39:18","slug":"avec-letoile-montante-dembele-paris-reve-grand-en-ligue-des-champions","status":"publish","type":"post","link":"https:\/\/sport-index.fr\/blog\/a-la-une\/avec-letoile-montante-dembele-paris-reve-grand-en-ligue-des-champions\/","title":{"rendered":"Avec l&rsquo;\u00e9toile montante Demb\u00e9l\u00e9, Paris r\u00eave grand en Ligue des champions"},"content":{"rendered":"<h2>Le parcours impressionnant de Demb\u00e9l\u00e9<\/h2>\n<p>Lors du barrage aller de la Ligue des champions, il a inscrit deux buts qui ont permis au Paris Saint-Germain de s&rsquo;imposer face \u00e0 Brest sur le score de 3-0. Ce match a mis en lumi\u00e8re un joueur en pleine forme, qui a marqu\u00e9 ses 17e et 18e buts lors de ses 11 derniers matches en toutes comp\u00e9titions confondues.<\/p>\n<p>Son impact sur le jeu du PSG est ind\u00e9niable, et il pose une question cruciale : jusqu&rsquo;o\u00f9 peut aller Paris avec un Demb\u00e9l\u00e9 aussi performant ? Les ambitions du club sont \u00e9lev\u00e9es, et les fans esp\u00e8rent voir leur \u00e9quipe briller sur la sc\u00e8ne europ\u00e9enne. L&rsquo;attaquant fran\u00e7ais devient peu \u00e0 peu un pilier, capable de porter son \u00e9quipe vers les sommets.<\/p>\n<h2>Les ambitions du PSG en Ligue des champions<\/h2>\n<p>Avec un Ousmane Demb\u00e9l\u00e9 en pleine possession de ses moyens, le Paris Saint-Germain nourrit de grandes ambitions en Ligue des champions. Les supporters se demandent si cette \u00e9quipe peut enfin d\u00e9crocher le titre tant convoit\u00e9. La pr\u00e9sence d&rsquo;un joueur capable de changer le cours d&rsquo;un match renforce les espoirs d&rsquo;un parcours victorieux.<\/p>\n<p>Le PSG, fort de ses stars, semble enfin trouver la coh\u00e9sion n\u00e9cessaire pour rivaliser avec les plus grands d&rsquo;Europe. La combinaison de talents et de d\u00e9termination pourrait faire la diff\u00e9rence cette saison. Les \u00e9quipes adverses devront redoubler d&rsquo;efforts pour contenir cette attaque redoutable.<\/p>\n<h2>Le soutien des analystes et des experts<\/h2>\n<p>Les experts du football, tels qu&rsquo;Arthur Merle et Martin Mosnier, soulignent l&rsquo;importance de Demb\u00e9l\u00e9 dans la dynamique actuelle du PSG. Dans leur d\u00e9brief, ils se demandent si ce joueur peut \u00eatre la cl\u00e9 du succ\u00e8s en Ligue des champions. La confiance plac\u00e9e en lui ne cesse de cro\u00eetre, et les analystes voient en lui un leader sur le terrain.<\/p>\n<p>Les discussions autour de son avenir et des strat\u00e9gies du PSG attirent l&rsquo;attention des m\u00e9dias. Demb\u00e9l\u00e9 est devenu un sujet central, et son r\u00f4le dans l&rsquo;\u00e9quipe pourrait \u00eatre d\u00e9terminant pour les ambitions parisiennes. \u00c0 chaque match, il d\u00e9montre qu&rsquo;il peut \u00eatre le h\u00e9ros dont le club a besoin.<\/p>\n<ul>\n<li>Performance exceptionnelle de Demb\u00e9l\u00e9 en Ligue des champions.<\/li>\n<li>Deux buts lors du barrage aller contre Brest.<\/li>\n<li>17e et 18e buts en 11 matches toutes comp\u00e9titions confondues.<\/li>\n<li>Ambitions \u00e9lev\u00e9es du PSG pour cette saison.<\/li>\n<li>Analyse approfondie par des experts du football.<\/li>\n<\/ul>\n<blockquote><p>\n    \u00ab\u00a0Avec Demb\u00e9l\u00e9, le PSG semble avoir trouv\u00e9 la cl\u00e9 pour briller en Europe cette saison.\u00a0\u00bb\n<\/p><\/blockquote>\n<p>La Ligue des champions s&rsquo;annonce passionnante pour le PSG, et Ousmane Demb\u00e9l\u00e9 en est le principal artisan. Les supporters peuvent r\u00eaver d&rsquo;un titre, alors que le joueur d\u00e9montre sa capacit\u00e9 \u00e0 faire la diff\u00e9rence. Avec un tel potentiel, Paris pourrait bien r\u00e9aliser ses ambitions les plus folles cette saison.<\/p>\n","protected":false},"excerpt":{"rendered":"","protected":false},"author":34,"featured_media":10952,"comment_status":"open","ping_status":"open","sticky":false,"template":"","format":"standard","meta":{"_acf_changed":false,"manual_indexmenow":false,"indexmenow_id_project":0,"footnotes":""},"categories":[1],"tags":[4545,4544,5059,5060,4563],"class_list":["post-8220","post","type-post","status-publish","format-standard","has-post-thumbnail","hentry","category-a-la-une","tag-confiance","tag-equipe","tag-ligue-des-champions","tag-paris-saint-germain","tag-performance-athletique","generate-columns","tablet-grid-50","mobile-grid-100","grid-parent","grid-25"],"acf":[],"yoast_head":"<!-- This site is optimized with the Yoast SEO Premium plugin v21.3 (Yoast SEO v26.5) - https:\/\/yoast.com\/wordpress\/plugins\/seo\/ -->\n<title>Avec l&#039;\u00e9toile montante Demb\u00e9l\u00e9, Paris r\u00eave grand en Ligue<\/title>\n<meta name=\"description\" content=\"Le parcours impressionnant de Demb\u00e9l\u00e9 Lors du barrage aller de la Ligue des champions, il a inscrit deux buts qui ont permis au Paris Saint-Germain de\u2026\" \/>\n<meta name=\"robots\" content=\"index, follow, max-snippet:-1, max-image-preview:large, max-video-preview:-1\" \/>\n<link rel=\"canonical\" href=\"https:\/\/sport-index.fr\/blog\/a-la-une\/avec-letoile-montante-dembele-paris-reve-grand-en-ligue-des-champions\/\" \/>\n<meta property=\"og:locale\" content=\"fr_FR\" \/>\n<meta property=\"og:type\" content=\"article\" \/>\n<meta property=\"og:title\" content=\"Avec l&#039;\u00e9toile montante Demb\u00e9l\u00e9, Paris r\u00eave grand en Ligue\" \/>\n<meta property=\"og:description\" content=\"Le parcours impressionnant de Demb\u00e9l\u00e9 Lors du barrage aller de la Ligue des champions, il a inscrit deux buts qui ont permis au Paris Saint-Germain de\u2026\" \/>\n<meta property=\"og:url\" content=\"https:\/\/sport-index.fr\/blog\/a-la-une\/avec-letoile-montante-dembele-paris-reve-grand-en-ligue-des-champions\/\" \/>\n<meta property=\"og:site_name\" content=\"sport-index\" \/>\n<meta name=\"author\" content=\"Axel Lauzier\" \/>\n<meta name=\"twitter:card\" content=\"summary_large_image\" \/>\n<script type=\"application\/ld+json\" class=\"yoast-schema-graph\">{\"@context\":\"https:\/\/schema.org\",\"@graph\":[{\"@type\":\"NewsArticle\",\"@id\":\"https:\/\/sport-index.fr\/blog\/a-la-une\/avec-letoile-montante-dembele-paris-reve-grand-en-ligue-des-champions\/#article\",\"isPartOf\":{\"@id\":\"https:\/\/sport-index.fr\/blog\/a-la-une\/avec-letoile-montante-dembele-paris-reve-grand-en-ligue-des-champions\/\"},\"author\":{\"name\":\"Axel Lauzier\",\"@id\":\"https:\/\/sport-index.fr\/blog\/#\/schema\/person\/3c864cdc320801e3db34b663e7e3f816\"},\"headline\":\"Avec l&rsquo;\u00e9toile montante Demb\u00e9l\u00e9, Paris r\u00eave grand en Ligue des champions\",\"datePublished\":\"2025-02-12T23:40:09+00:00\",\"mainEntityOfPage\":{\"@id\":\"https:\/\/sport-index.fr\/blog\/a-la-une\/avec-letoile-montante-dembele-paris-reve-grand-en-ligue-des-champions\/\"},\"wordCount\":504,\"commentCount\":16,\"publisher\":{\"@id\":\"https:\/\/sport-index.fr\/blog\/#organization\"},\"image\":{\"@id\":\"https:\/\/sport-index.fr\/blog\/a-la-une\/avec-letoile-montante-dembele-paris-reve-grand-en-ligue-des-champions\/#primaryimage\"},\"thumbnailUrl\":\"https:\/\/sport-index.fr\/blog\/wp-content\/uploads\/2025\/02\/sdxl-b25f6c48621c336aad8f0f3de13aa04e.png\",\"keywords\":[\"Confiance\",\"\u00c9quipe\",\"Ligue des champions\",\"Paris Saint-Germain\",\"Performance Athl\u00e9tique\"],\"articleSection\":[\"\u00c0 la une\"],\"inLanguage\":\"fr-FR\",\"potentialAction\":[{\"@type\":\"CommentAction\",\"name\":\"Comment\",\"target\":[\"https:\/\/sport-index.fr\/blog\/a-la-une\/avec-letoile-montante-dembele-paris-reve-grand-en-ligue-des-champions\/#respond\"]}]},{\"@type\":\"WebPage\",\"@id\":\"https:\/\/sport-index.fr\/blog\/a-la-une\/avec-letoile-montante-dembele-paris-reve-grand-en-ligue-des-champions\/\",\"url\":\"https:\/\/sport-index.fr\/blog\/a-la-une\/avec-letoile-montante-dembele-paris-reve-grand-en-ligue-des-champions\/\",\"name\":\"Avec l'\u00e9toile montante Demb\u00e9l\u00e9, Paris r\u00eave grand en Ligue\",\"isPartOf\":{\"@id\":\"https:\/\/sport-index.fr\/blog\/#website\"},\"primaryImageOfPage\":{\"@id\":\"https:\/\/sport-index.fr\/blog\/a-la-une\/avec-letoile-montante-dembele-paris-reve-grand-en-ligue-des-champions\/#primaryimage\"},\"image\":{\"@id\":\"https:\/\/sport-index.fr\/blog\/a-la-une\/avec-letoile-montante-dembele-paris-reve-grand-en-ligue-des-champions\/#primaryimage\"},\"thumbnailUrl\":\"https:\/\/sport-index.fr\/blog\/wp-content\/uploads\/2025\/02\/sdxl-b25f6c48621c336aad8f0f3de13aa04e.png\",\"datePublished\":\"2025-02-12T23:40:09+00:00\",\"description\":\"Le parcours impressionnant de Demb\u00e9l\u00e9 Lors du barrage aller de la Ligue des champions, il a inscrit deux buts qui ont permis au Paris Saint-Germain de\u2026\",\"inLanguage\":\"fr-FR\",\"potentialAction\":[{\"@type\":\"ReadAction\",\"target\":[\"https:\/\/sport-index.fr\/blog\/a-la-une\/avec-letoile-montante-dembele-paris-reve-grand-en-ligue-des-champions\/\"]}]},{\"@type\":\"ImageObject\",\"inLanguage\":\"fr-FR\",\"@id\":\"https:\/\/sport-index.fr\/blog\/a-la-une\/avec-letoile-montante-dembele-paris-reve-grand-en-ligue-des-champions\/#primaryimage\",\"url\":\"https:\/\/sport-index.fr\/blog\/wp-content\/uploads\/2025\/02\/sdxl-b25f6c48621c336aad8f0f3de13aa04e.png\",\"contentUrl\":\"https:\/\/sport-index.fr\/blog\/wp-content\/uploads\/2025\/02\/sdxl-b25f6c48621c336aad8f0f3de13aa04e.png\",\"width\":1536,\"height\":640},{\"@type\":\"WebSite\",\"@id\":\"https:\/\/sport-index.fr\/blog\/#website\",\"url\":\"https:\/\/sport-index.fr\/blog\/\",\"name\":\"sport-index.fr\",\"description\":\"Le score de l\u2019analyse sportive.\",\"publisher\":{\"@id\":\"https:\/\/sport-index.fr\/blog\/#organization\"},\"alternateName\":\"Le score de l\u2019analyse sportive.\",\"potentialAction\":[{\"@type\":\"SearchAction\",\"target\":{\"@type\":\"EntryPoint\",\"urlTemplate\":\"https:\/\/sport-index.fr\/blog\/?s={search_term_string}\"},\"query-input\":{\"@type\":\"PropertyValueSpecification\",\"valueRequired\":true,\"valueName\":\"search_term_string\"}}],\"inLanguage\":\"fr-FR\"},{\"@type\":\"Organization\",\"@id\":\"https:\/\/sport-index.fr\/blog\/#organization\",\"name\":\"Foretsensations.fr\",\"url\":\"https:\/\/sport-index.fr\/blog\/\",\"logo\":{\"@type\":\"ImageObject\",\"inLanguage\":\"fr-FR\",\"@id\":\"https:\/\/sport-index.fr\/blog\/#\/schema\/logo\/image\/\",\"url\":\"https:\/\/sport-index.fr\/blog\/wp-content\/uploads\/2026\/07\/logo-auto.png\",\"contentUrl\":\"https:\/\/sport-index.fr\/blog\/wp-content\/uploads\/2026\/07\/logo-auto.png\",\"width\":1024,\"height\":1024,\"caption\":\"Foretsensations.fr\"},\"image\":{\"@id\":\"https:\/\/sport-index.fr\/blog\/#\/schema\/logo\/image\/\"}},{\"@type\":\"Person\",\"@id\":\"https:\/\/sport-index.fr\/blog\/#\/schema\/person\/3c864cdc320801e3db34b663e7e3f816\",\"name\":\"Axel Lauzier\",\"image\":{\"@type\":\"ImageObject\",\"inLanguage\":\"fr-FR\",\"@id\":\"https:\/\/sport-index.fr\/blog\/#\/schema\/person\/image\/\",\"url\":\"https:\/\/sport-index.fr\/blog\/wp-content\/uploads\/2026\/06\/persona_axel-l-96x96.jpg\",\"contentUrl\":\"https:\/\/sport-index.fr\/blog\/wp-content\/uploads\/2026\/06\/persona_axel-l-96x96.jpg\",\"caption\":\"Axel Lauzier\"},\"description\":\"Le sport rythme mon quotidien depuis l'enfance, et j'en ai fait mon m\u00e9tier d'analyste r\u00e9dactionnel il y a une dizaine d'ann\u00e9es. Je couvre principalement le football, son actualit\u00e9, ses transferts et l'analyse tactique des grandes affiches, mais aussi les disciplines plus confidentielles que j'aime remettre en lumi\u00e8re. Une partie de mon travail porte sur les pronostics et la lecture statistique d'un match : forme des \u00e9quipes, historique des confrontations, compositions, sans jamais vendre de fausse certitude. Je rappelle syst\u00e9matiquement que parier comporte un risque et doit rester un loisir ma\u00eetris\u00e9. Avant de signer une analyse, je v\u00e9rifie mes chiffres, je recoupe les compositions probables et je distingue toujours la donn\u00e9e brute de l'intuition. Mon objectif : offrir une lecture honn\u00eate et argument\u00e9e, pas un ticket gagnant garanti.\",\"sameAs\":[\"https:\/\/axellauzier.fr\/\"],\"url\":\"https:\/\/sport-index.fr\/blog\/auteur\/noname\/\"}]}<\/script>\n<!-- \/ Yoast SEO Premium plugin. -->","yoast_head_json":{"title":"Avec l'\u00e9toile montante Demb\u00e9l\u00e9, Paris r\u00eave grand en Ligue","description":"Le parcours impressionnant de Demb\u00e9l\u00e9 Lors du barrage aller de la Ligue des champions, il a inscrit deux buts qui ont permis au Paris Saint-Germain de\u2026","robots":{"index":"index","follow":"follow","max-snippet":"max-snippet:-1","max-image-preview":"max-image-preview:large","max-video-preview":"max-video-preview:-1"},"canonical":"https:\/\/sport-index.fr\/blog\/a-la-une\/avec-letoile-montante-dembele-paris-reve-grand-en-ligue-des-champions\/","og_locale":"fr_FR","og_type":"article","og_title":"Avec l'\u00e9toile montante Demb\u00e9l\u00e9, Paris r\u00eave grand en Ligue","og_description":"Le parcours impressionnant de Demb\u00e9l\u00e9 Lors du barrage aller de la Ligue des champions, il a inscrit deux buts qui ont permis au Paris Saint-Germain de\u2026","og_url":"https:\/\/sport-index.fr\/blog\/a-la-une\/avec-letoile-montante-dembele-paris-reve-grand-en-ligue-des-champions\/","og_site_name":"sport-index","author":"Axel Lauzier","twitter_card":"summary_large_image","schema":{"@context":"https:\/\/schema.org","@graph":[{"@type":"NewsArticle","@id":"https:\/\/sport-index.fr\/blog\/a-la-une\/avec-letoile-montante-dembele-paris-reve-grand-en-ligue-des-champions\/#article","isPartOf":{"@id":"https:\/\/sport-index.fr\/blog\/a-la-une\/avec-letoile-montante-dembele-paris-reve-grand-en-ligue-des-champions\/"},"author":{"name":"Axel Lauzier","@id":"https:\/\/sport-index.fr\/blog\/#\/schema\/person\/3c864cdc320801e3db34b663e7e3f816"},"headline":"Avec l&rsquo;\u00e9toile montante Demb\u00e9l\u00e9, Paris r\u00eave grand en Ligue des champions","datePublished":"2025-02-12T23:40:09+00:00","mainEntityOfPage":{"@id":"https:\/\/sport-index.fr\/blog\/a-la-une\/avec-letoile-montante-dembele-paris-reve-grand-en-ligue-des-champions\/"},"wordCount":504,"commentCount":16,"publisher":{"@id":"https:\/\/sport-index.fr\/blog\/#organization"},"image":{"@id":"https:\/\/sport-index.fr\/blog\/a-la-une\/avec-letoile-montante-dembele-paris-reve-grand-en-ligue-des-champions\/#primaryimage"},"thumbnailUrl":"https:\/\/sport-index.fr\/blog\/wp-content\/uploads\/2025\/02\/sdxl-b25f6c48621c336aad8f0f3de13aa04e.png","keywords":["Confiance","\u00c9quipe","Ligue des champions","Paris Saint-Germain","Performance Athl\u00e9tique"],"articleSection":["\u00c0 la une"],"inLanguage":"fr-FR","potentialAction":[{"@type":"CommentAction","name":"Comment","target":["https:\/\/sport-index.fr\/blog\/a-la-une\/avec-letoile-montante-dembele-paris-reve-grand-en-ligue-des-champions\/#respond"]}]},{"@type":"WebPage","@id":"https:\/\/sport-index.fr\/blog\/a-la-une\/avec-letoile-montante-dembele-paris-reve-grand-en-ligue-des-champions\/","url":"https:\/\/sport-index.fr\/blog\/a-la-une\/avec-letoile-montante-dembele-paris-reve-grand-en-ligue-des-champions\/","name":"Avec l'\u00e9toile montante Demb\u00e9l\u00e9, Paris r\u00eave grand en Ligue","isPartOf":{"@id":"https:\/\/sport-index.fr\/blog\/#website"},"primaryImageOfPage":{"@id":"https:\/\/sport-index.fr\/blog\/a-la-une\/avec-letoile-montante-dembele-paris-reve-grand-en-ligue-des-champions\/#primaryimage"},"image":{"@id":"https:\/\/sport-index.fr\/blog\/a-la-une\/avec-letoile-montante-dembele-paris-reve-grand-en-ligue-des-champions\/#primaryimage"},"thumbnailUrl":"https:\/\/sport-index.fr\/blog\/wp-content\/uploads\/2025\/02\/sdxl-b25f6c48621c336aad8f0f3de13aa04e.png","datePublished":"2025-02-12T23:40:09+00:00","description":"Le parcours impressionnant de Demb\u00e9l\u00e9 Lors du barrage aller de la Ligue des champions, il a inscrit deux buts qui ont permis au Paris Saint-Germain de\u2026","inLanguage":"fr-FR","potentialAction":[{"@type":"ReadAction","target":["https:\/\/sport-index.fr\/blog\/a-la-une\/avec-letoile-montante-dembele-paris-reve-grand-en-ligue-des-champions\/"]}]},{"@type":"ImageObject","inLanguage":"fr-FR","@id":"https:\/\/sport-index.fr\/blog\/a-la-une\/avec-letoile-montante-dembele-paris-reve-grand-en-ligue-des-champions\/#primaryimage","url":"https:\/\/sport-index.fr\/blog\/wp-content\/uploads\/2025\/02\/sdxl-b25f6c48621c336aad8f0f3de13aa04e.png","contentUrl":"https:\/\/sport-index.fr\/blog\/wp-content\/uploads\/2025\/02\/sdxl-b25f6c48621c336aad8f0f3de13aa04e.png","width":1536,"height":640},{"@type":"WebSite","@id":"https:\/\/sport-index.fr\/blog\/#website","url":"https:\/\/sport-index.fr\/blog\/","name":"sport-index.fr","description":"Le score de l\u2019analyse sportive.","publisher":{"@id":"https:\/\/sport-index.fr\/blog\/#organization"},"alternateName":"Le score de l\u2019analyse sportive.","potentialAction":[{"@type":"SearchAction","target":{"@type":"EntryPoint","urlTemplate":"https:\/\/sport-index.fr\/blog\/?s={search_term_string}"},"query-input":{"@type":"PropertyValueSpecification","valueRequired":true,"valueName":"search_term_string"}}],"inLanguage":"fr-FR"},{"@type":"Organization","@id":"https:\/\/sport-index.fr\/blog\/#organization","name":"Foretsensations.fr","url":"https:\/\/sport-index.fr\/blog\/","logo":{"@type":"ImageObject","inLanguage":"fr-FR","@id":"https:\/\/sport-index.fr\/blog\/#\/schema\/logo\/image\/","url":"https:\/\/sport-index.fr\/blog\/wp-content\/uploads\/2026\/07\/logo-auto.png","contentUrl":"https:\/\/sport-index.fr\/blog\/wp-content\/uploads\/2026\/07\/logo-auto.png","width":1024,"height":1024,"caption":"Foretsensations.fr"},"image":{"@id":"https:\/\/sport-index.fr\/blog\/#\/schema\/logo\/image\/"}},{"@type":"Person","@id":"https:\/\/sport-index.fr\/blog\/#\/schema\/person\/3c864cdc320801e3db34b663e7e3f816","name":"Axel Lauzier","image":{"@type":"ImageObject","inLanguage":"fr-FR","@id":"https:\/\/sport-index.fr\/blog\/#\/schema\/person\/image\/","url":"https:\/\/sport-index.fr\/blog\/wp-content\/uploads\/2026\/06\/persona_axel-l-96x96.jpg","contentUrl":"https:\/\/sport-index.fr\/blog\/wp-content\/uploads\/2026\/06\/persona_axel-l-96x96.jpg","caption":"Axel Lauzier"},"description":"Le sport rythme mon quotidien depuis l'enfance, et j'en ai fait mon m\u00e9tier d'analyste r\u00e9dactionnel il y a une dizaine d'ann\u00e9es. Je couvre principalement le football, son actualit\u00e9, ses transferts et l'analyse tactique des grandes affiches, mais aussi les disciplines plus confidentielles que j'aime remettre en lumi\u00e8re. Une partie de mon travail porte sur les pronostics et la lecture statistique d'un match : forme des \u00e9quipes, historique des confrontations, compositions, sans jamais vendre de fausse certitude. Je rappelle syst\u00e9matiquement que parier comporte un risque et doit rester un loisir ma\u00eetris\u00e9. Avant de signer une analyse, je v\u00e9rifie mes chiffres, je recoupe les compositions probables et je distingue toujours la donn\u00e9e brute de l'intuition. Mon objectif : offrir une lecture honn\u00eate et argument\u00e9e, pas un ticket gagnant garanti.","sameAs":["https:\/\/axellauzier.fr\/"],"url":"https:\/\/sport-index.fr\/blog\/auteur\/noname\/"}]}},"_links":{"self":[{"href":"https:\/\/sport-index.fr\/blog\/wp-json\/wp\/v2\/posts\/8220","targetHints":{"allow":["GET"]}}],"collection":[{"href":"https:\/\/sport-index.fr\/blog\/wp-json\/wp\/v2\/posts"}],"about":[{"href":"https:\/\/sport-index.fr\/blog\/wp-json\/wp\/v2\/types\/post"}],"author":[{"embeddable":true,"href":"https:\/\/sport-index.fr\/blog\/wp-json\/wp\/v2\/users\/34"}],"replies":[{"embeddable":true,"href":"https:\/\/sport-index.fr\/blog\/wp-json\/wp\/v2\/comments?post=8220"}],"version-history":[{"count":1,"href":"https:\/\/sport-index.fr\/blog\/wp-json\/wp\/v2\/posts\/8220\/revisions"}],"predecessor-version":[{"id":8317,"href":"https:\/\/sport-index.fr\/blog\/wp-json\/wp\/v2\/posts\/8220\/revisions\/8317"}],"wp:featuredmedia":[{"embeddable":true,"href":"https:\/\/sport-index.fr\/blog\/wp-json\/wp\/v2\/media\/10952"}],"wp:attachment":[{"href":"https:\/\/sport-index.fr\/blog\/wp-json\/wp\/v2\/media?parent=8220"}],"wp:term":[{"taxonomy":"category","embeddable":true,"href":"https:\/\/sport-index.fr\/blog\/wp-json\/wp\/v2\/categories?post=8220"},{"taxonomy":"post_tag","embeddable":true,"href":"https:\/\/sport-index.fr\/blog\/wp-json\/wp\/v2\/tags?post=8220"}],"curies":[{"name":"wp","href":"https:\/\/api.w.org\/{rel}","templated":true}]}}