{"id":8254,"date":"2025-02-14T01:26:09","date_gmt":"2025-02-14T00:26:09","guid":{"rendered":"https:\/\/sport-index.fr\/blog\/?p=8254"},"modified":"2025-02-12T10:12:25","modified_gmt":"2025-02-12T09:12:25","slug":"facundo-isa-linternational-argentin-pret-a-rejoindre-pau-apres-toulon","status":"publish","type":"post","link":"https:\/\/sport-index.fr\/blog\/a-la-une\/facundo-isa-linternational-argentin-pret-a-rejoindre-pau-apres-toulon\/","title":{"rendered":"Facundo Isa : l&rsquo;international argentin pr\u00eat \u00e0 rejoindre Pau apr\u00e8s Toulon"},"content":{"rendered":"<p>Selon des sources fiables, le joueur de 31 ans est en discussions avanc\u00e9es avec la Section paloise, ce qui pourrait marquer un tournant dans sa carri\u00e8re. Apr\u00e8s une saison solide avec Toulon, o\u00f9 il a brill\u00e9 avec 11 titularisations, Facundo se pr\u00e9pare \u00e0 dire adieu aux Rouge et Noir.<\/p>\n<h2>Un d\u00e9part in\u00e9luctable apr\u00e8s une saison prometteuse<\/h2>\n<p>Facundo Isa a su retrouver son meilleur niveau cette saison, mais il semble qu&rsquo;il soit temps pour lui de quitter le club qui l&rsquo;a accueilli. Bien qu&rsquo;il ait toujours esp\u00e9r\u00e9 prolonger son aventure toulonnaise, les discussions avec le RCT n&rsquo;ont pas avanc\u00e9. En effet, le joueur n&rsquo;a re\u00e7u aucune proposition formelle de la part de Toulon, ce qui l\u2019am\u00e8ne \u00e0 envisager d\u2019autres horizons.<\/p>\n<p>Dans une d\u00e9claration r\u00e9cente, Facundo a partag\u00e9 ses sentiments sur cette situation d\u00e9licate. <\/p>\n<blockquote><p>\u201cChaque match pourrait \u00eatre mon dernier sous le maillot toulonnais. Je vais donner le meilleur de moi-m\u00eame, comme toujours.\u201d<\/p><\/blockquote>\n<p> Cette r\u00e9flexion t\u00e9moigne de son attachement au club et de son d\u00e9sir de terminer sa carri\u00e8re \u00e0 Toulon, mais le manque de communication a ouvert la porte \u00e0 d&rsquo;autres opportunit\u00e9s.<\/p>\n<h2>Pau, une destination attractive pour le troisi\u00e8me ligne<\/h2>\n<p>La Section paloise se positionne comme la destination la plus probable pour Facundo Isa. Le club b\u00e9arnais a d\u00e9j\u00e0 fait une offre ferme, d\u00e9montrant son int\u00e9r\u00eat \u00e0 renforcer son \u00e9quipe avec des joueurs d&rsquo;exp\u00e9rience. Le manager S\u00e9bastien Piqueronies a clairement identifi\u00e9 Isa comme une priorit\u00e9 pour densifier son pack d&rsquo;avants.<\/p>\n<p>Ce recrutement s&rsquo;inscrit dans une strat\u00e9gie plus large de la Section paloise, qui a d\u00e9j\u00e0 accueilli d&rsquo;autres talents internationaux, comme le capitaine argentin Julian Montoya. Cette connexion entre les joueurs argentins pourrait jouer un r\u00f4le cl\u00e9 dans l&rsquo;int\u00e9gration de Facundo \u00e0 Pau, o\u00f9 il pourrait retrouver un environnement familier et stimulant.<\/p>\n<p><iframe loading=\"lazy\" title=\"Rugby Top 14 : Toulon vs La Rochelle - 26 Janvier 2025 | CANAL+\" width=\"1200\" height=\"675\" src=\"https:\/\/www.youtube.com\/embed\/ZiucjO1rpKk?feature=oembed\" frameborder=\"0\" allow=\"accelerometer; autoplay; clipboard-write; encrypted-media; gyroscope; picture-in-picture; web-share\" referrerpolicy=\"strict-origin-when-cross-origin\" allowfullscreen><\/iframe><\/p>\n<h2>Les cons\u00e9quences pour Toulon et le march\u00e9 des transferts<\/h2>\n<p>Le d\u00e9part potentiel de Facundo Isa aura des r\u00e9percussions significatives pour Toulon. Le club a d\u00e9j\u00e0 pris des mesures pour s\u00e9curiser ses arri\u00e8res, notamment en engageant Zach Mercer pour renforcer sa troisi\u00e8me ligne. Cette d\u00e9cision rend difficile l&rsquo;ajout d&rsquo;un autre joueur sans le statut de Joueur Issu de la Formation (JIFF), ce qui complique davantage la situation pour le RCT.<\/p>\n<p>Toulon semble d\u00e9sormais concentr\u00e9 sur d&rsquo;autres priorit\u00e9s, notamment le recrutement d&rsquo;un trois-quarts centre. Avec des changements \u00e0 pr\u00e9voir, les dirigeants devront agir rapidement pour combler les \u00e9ventuels d\u00e9parts, notamment celui de Leicester Fainga\u2019anuku, dont le d\u00e9part a \u00e9t\u00e9 \u00e9voqu\u00e9.<\/p>\n<ul>\n<li>Facundo Isa en contacts avanc\u00e9s avec la Section paloise.<\/li>\n<li>Une saison r\u00e9ussie avec Toulon, mais aucune offre de prolongation.<\/li>\n<li>Le manager de Pau voit en lui une priorit\u00e9 pour renforcer l&rsquo;\u00e9quipe.<\/li>\n<li>Toulon se pr\u00e9pare \u00e0 d&rsquo;autres recrutements apr\u00e8s le d\u00e9part potentiel d&rsquo;Isa.<\/li>\n<\/ul>\n<p>En somme, l&rsquo;avenir de Facundo Isa s&rsquo;annonce passionnant, avec des opportunit\u00e9s qui s&rsquo;ouvrent \u00e0 lui apr\u00e8s une belle carri\u00e8re \u00e0 Toulon. Les fans de rugby attendent avec impatience de voir o\u00f9 il poursuivra son parcours, et la Section paloise pourrait bien \u00eatre le prochain chapitre de son histoire sportive.<\/p>\n","protected":false},"excerpt":{"rendered":"","protected":false},"author":34,"featured_media":10456,"comment_status":"open","ping_status":"open","sticky":false,"template":"","format":"standard","meta":{"_acf_changed":false,"manual_indexmenow":false,"indexmenow_id_project":0,"footnotes":""},"categories":[1],"tags":[5063,4632,4536,5064,5065],"class_list":["post-8254","post","type-post","status-publish","format-standard","has-post-thumbnail","hentry","category-a-la-une","tag-facundo-isa","tag-performance-sportive","tag-rugby","tag-section-paloise","tag-toulon","generate-columns","tablet-grid-50","mobile-grid-100","grid-parent","grid-25"],"acf":[],"yoast_head":"<!-- This site is optimized with the Yoast SEO Premium plugin v21.3 (Yoast SEO v26.5) - https:\/\/yoast.com\/wordpress\/plugins\/seo\/ -->\n<title>Facundo Isa : l&#039;international argentin pr\u00eat \u00e0 rejoindre Pau<\/title>\n<meta name=\"description\" content=\"Selon des sources fiables, le joueur de 31 ans est en discussions avanc\u00e9es avec la Section paloise, ce qui pourrait marquer un tournant dans sa carri\u00e8re\u2026\" \/>\n<meta name=\"robots\" content=\"index, follow, max-snippet:-1, max-image-preview:large, max-video-preview:-1\" \/>\n<link rel=\"canonical\" href=\"https:\/\/sport-index.fr\/blog\/a-la-une\/facundo-isa-linternational-argentin-pret-a-rejoindre-pau-apres-toulon\/\" \/>\n<meta property=\"og:locale\" content=\"fr_FR\" \/>\n<meta property=\"og:type\" content=\"article\" \/>\n<meta property=\"og:title\" content=\"Facundo Isa : l&#039;international argentin pr\u00eat \u00e0 rejoindre Pau\" \/>\n<meta property=\"og:description\" content=\"Selon des sources fiables, le joueur de 31 ans est en discussions avanc\u00e9es avec la Section paloise, ce qui pourrait marquer un tournant dans sa carri\u00e8re\u2026\" \/>\n<meta property=\"og:url\" content=\"https:\/\/sport-index.fr\/blog\/a-la-une\/facundo-isa-linternational-argentin-pret-a-rejoindre-pau-apres-toulon\/\" \/>\n<meta property=\"og:site_name\" content=\"sport-index\" \/>\n<meta name=\"author\" content=\"Axel Lauzier\" \/>\n<meta name=\"twitter:card\" content=\"summary_large_image\" \/>\n<script type=\"application\/ld+json\" class=\"yoast-schema-graph\">{\"@context\":\"https:\/\/schema.org\",\"@graph\":[{\"@type\":\"NewsArticle\",\"@id\":\"https:\/\/sport-index.fr\/blog\/a-la-une\/facundo-isa-linternational-argentin-pret-a-rejoindre-pau-apres-toulon\/#article\",\"isPartOf\":{\"@id\":\"https:\/\/sport-index.fr\/blog\/a-la-une\/facundo-isa-linternational-argentin-pret-a-rejoindre-pau-apres-toulon\/\"},\"author\":{\"name\":\"Axel Lauzier\",\"@id\":\"https:\/\/sport-index.fr\/blog\/#\/schema\/person\/3c864cdc320801e3db34b663e7e3f816\"},\"headline\":\"Facundo Isa : l&rsquo;international argentin pr\u00eat \u00e0 rejoindre Pau apr\u00e8s Toulon\",\"datePublished\":\"2025-02-14T00:26:09+00:00\",\"mainEntityOfPage\":{\"@id\":\"https:\/\/sport-index.fr\/blog\/a-la-une\/facundo-isa-linternational-argentin-pret-a-rejoindre-pau-apres-toulon\/\"},\"wordCount\":570,\"commentCount\":17,\"publisher\":{\"@id\":\"https:\/\/sport-index.fr\/blog\/#organization\"},\"image\":{\"@id\":\"https:\/\/sport-index.fr\/blog\/a-la-une\/facundo-isa-linternational-argentin-pret-a-rejoindre-pau-apres-toulon\/#primaryimage\"},\"thumbnailUrl\":\"https:\/\/sport-index.fr\/blog\/wp-content\/uploads\/2025\/02\/sdxl-a8b64c4b4d35f831f46336ce6f217c5c.png\",\"keywords\":[\"Facundo Isa\",\"Performance sportive\",\"Rugby\",\"Section paloise\",\"Toulon\"],\"articleSection\":[\"\u00c0 la une\"],\"inLanguage\":\"fr-FR\",\"potentialAction\":[{\"@type\":\"CommentAction\",\"name\":\"Comment\",\"target\":[\"https:\/\/sport-index.fr\/blog\/a-la-une\/facundo-isa-linternational-argentin-pret-a-rejoindre-pau-apres-toulon\/#respond\"]}]},{\"@type\":\"WebPage\",\"@id\":\"https:\/\/sport-index.fr\/blog\/a-la-une\/facundo-isa-linternational-argentin-pret-a-rejoindre-pau-apres-toulon\/\",\"url\":\"https:\/\/sport-index.fr\/blog\/a-la-une\/facundo-isa-linternational-argentin-pret-a-rejoindre-pau-apres-toulon\/\",\"name\":\"Facundo Isa : l'international argentin pr\u00eat \u00e0 rejoindre Pau\",\"isPartOf\":{\"@id\":\"https:\/\/sport-index.fr\/blog\/#website\"},\"primaryImageOfPage\":{\"@id\":\"https:\/\/sport-index.fr\/blog\/a-la-une\/facundo-isa-linternational-argentin-pret-a-rejoindre-pau-apres-toulon\/#primaryimage\"},\"image\":{\"@id\":\"https:\/\/sport-index.fr\/blog\/a-la-une\/facundo-isa-linternational-argentin-pret-a-rejoindre-pau-apres-toulon\/#primaryimage\"},\"thumbnailUrl\":\"https:\/\/sport-index.fr\/blog\/wp-content\/uploads\/2025\/02\/sdxl-a8b64c4b4d35f831f46336ce6f217c5c.png\",\"datePublished\":\"2025-02-14T00:26:09+00:00\",\"description\":\"Selon des sources fiables, le joueur de 31 ans est en discussions avanc\u00e9es avec la Section paloise, ce qui pourrait marquer un tournant dans sa carri\u00e8re\u2026\",\"inLanguage\":\"fr-FR\",\"potentialAction\":[{\"@type\":\"ReadAction\",\"target\":[\"https:\/\/sport-index.fr\/blog\/a-la-une\/facundo-isa-linternational-argentin-pret-a-rejoindre-pau-apres-toulon\/\"]}]},{\"@type\":\"ImageObject\",\"inLanguage\":\"fr-FR\",\"@id\":\"https:\/\/sport-index.fr\/blog\/a-la-une\/facundo-isa-linternational-argentin-pret-a-rejoindre-pau-apres-toulon\/#primaryimage\",\"url\":\"https:\/\/sport-index.fr\/blog\/wp-content\/uploads\/2025\/02\/sdxl-a8b64c4b4d35f831f46336ce6f217c5c.png\",\"contentUrl\":\"https:\/\/sport-index.fr\/blog\/wp-content\/uploads\/2025\/02\/sdxl-a8b64c4b4d35f831f46336ce6f217c5c.png\",\"width\":1536,\"height\":640},{\"@type\":\"WebSite\",\"@id\":\"https:\/\/sport-index.fr\/blog\/#website\",\"url\":\"https:\/\/sport-index.fr\/blog\/\",\"name\":\"sport-index.fr\",\"description\":\"Le score de l\u2019analyse sportive.\",\"publisher\":{\"@id\":\"https:\/\/sport-index.fr\/blog\/#organization\"},\"alternateName\":\"Le score de l\u2019analyse sportive.\",\"potentialAction\":[{\"@type\":\"SearchAction\",\"target\":{\"@type\":\"EntryPoint\",\"urlTemplate\":\"https:\/\/sport-index.fr\/blog\/?s={search_term_string}\"},\"query-input\":{\"@type\":\"PropertyValueSpecification\",\"valueRequired\":true,\"valueName\":\"search_term_string\"}}],\"inLanguage\":\"fr-FR\"},{\"@type\":\"Organization\",\"@id\":\"https:\/\/sport-index.fr\/blog\/#organization\",\"name\":\"Foretsensations.fr\",\"url\":\"https:\/\/sport-index.fr\/blog\/\",\"logo\":{\"@type\":\"ImageObject\",\"inLanguage\":\"fr-FR\",\"@id\":\"https:\/\/sport-index.fr\/blog\/#\/schema\/logo\/image\/\",\"url\":\"https:\/\/sport-index.fr\/blog\/wp-content\/uploads\/2026\/07\/logo-auto.png\",\"contentUrl\":\"https:\/\/sport-index.fr\/blog\/wp-content\/uploads\/2026\/07\/logo-auto.png\",\"width\":1024,\"height\":1024,\"caption\":\"Foretsensations.fr\"},\"image\":{\"@id\":\"https:\/\/sport-index.fr\/blog\/#\/schema\/logo\/image\/\"}},{\"@type\":\"Person\",\"@id\":\"https:\/\/sport-index.fr\/blog\/#\/schema\/person\/3c864cdc320801e3db34b663e7e3f816\",\"name\":\"Axel Lauzier\",\"image\":{\"@type\":\"ImageObject\",\"inLanguage\":\"fr-FR\",\"@id\":\"https:\/\/sport-index.fr\/blog\/#\/schema\/person\/image\/\",\"url\":\"https:\/\/sport-index.fr\/blog\/wp-content\/uploads\/2026\/06\/persona_axel-l-96x96.jpg\",\"contentUrl\":\"https:\/\/sport-index.fr\/blog\/wp-content\/uploads\/2026\/06\/persona_axel-l-96x96.jpg\",\"caption\":\"Axel Lauzier\"},\"description\":\"Le sport rythme mon quotidien depuis l'enfance, et j'en ai fait mon m\u00e9tier d'analyste r\u00e9dactionnel il y a une dizaine d'ann\u00e9es. Je couvre principalement le football, son actualit\u00e9, ses transferts et l'analyse tactique des grandes affiches, mais aussi les disciplines plus confidentielles que j'aime remettre en lumi\u00e8re. Une partie de mon travail porte sur les pronostics et la lecture statistique d'un match : forme des \u00e9quipes, historique des confrontations, compositions, sans jamais vendre de fausse certitude. Je rappelle syst\u00e9matiquement que parier comporte un risque et doit rester un loisir ma\u00eetris\u00e9. Avant de signer une analyse, je v\u00e9rifie mes chiffres, je recoupe les compositions probables et je distingue toujours la donn\u00e9e brute de l'intuition. Mon objectif : offrir une lecture honn\u00eate et argument\u00e9e, pas un ticket gagnant garanti.\",\"sameAs\":[\"https:\/\/axellauzier.fr\/\"],\"url\":\"https:\/\/sport-index.fr\/blog\/auteur\/noname\/\"}]}<\/script>\n<!-- \/ Yoast SEO Premium plugin. -->","yoast_head_json":{"title":"Facundo Isa : l'international argentin pr\u00eat \u00e0 rejoindre Pau","description":"Selon des sources fiables, le joueur de 31 ans est en discussions avanc\u00e9es avec la Section paloise, ce qui pourrait marquer un tournant dans sa carri\u00e8re\u2026","robots":{"index":"index","follow":"follow","max-snippet":"max-snippet:-1","max-image-preview":"max-image-preview:large","max-video-preview":"max-video-preview:-1"},"canonical":"https:\/\/sport-index.fr\/blog\/a-la-une\/facundo-isa-linternational-argentin-pret-a-rejoindre-pau-apres-toulon\/","og_locale":"fr_FR","og_type":"article","og_title":"Facundo Isa : l'international argentin pr\u00eat \u00e0 rejoindre Pau","og_description":"Selon des sources fiables, le joueur de 31 ans est en discussions avanc\u00e9es avec la Section paloise, ce qui pourrait marquer un tournant dans sa carri\u00e8re\u2026","og_url":"https:\/\/sport-index.fr\/blog\/a-la-une\/facundo-isa-linternational-argentin-pret-a-rejoindre-pau-apres-toulon\/","og_site_name":"sport-index","author":"Axel Lauzier","twitter_card":"summary_large_image","schema":{"@context":"https:\/\/schema.org","@graph":[{"@type":"NewsArticle","@id":"https:\/\/sport-index.fr\/blog\/a-la-une\/facundo-isa-linternational-argentin-pret-a-rejoindre-pau-apres-toulon\/#article","isPartOf":{"@id":"https:\/\/sport-index.fr\/blog\/a-la-une\/facundo-isa-linternational-argentin-pret-a-rejoindre-pau-apres-toulon\/"},"author":{"name":"Axel Lauzier","@id":"https:\/\/sport-index.fr\/blog\/#\/schema\/person\/3c864cdc320801e3db34b663e7e3f816"},"headline":"Facundo Isa : l&rsquo;international argentin pr\u00eat \u00e0 rejoindre Pau apr\u00e8s Toulon","datePublished":"2025-02-14T00:26:09+00:00","mainEntityOfPage":{"@id":"https:\/\/sport-index.fr\/blog\/a-la-une\/facundo-isa-linternational-argentin-pret-a-rejoindre-pau-apres-toulon\/"},"wordCount":570,"commentCount":17,"publisher":{"@id":"https:\/\/sport-index.fr\/blog\/#organization"},"image":{"@id":"https:\/\/sport-index.fr\/blog\/a-la-une\/facundo-isa-linternational-argentin-pret-a-rejoindre-pau-apres-toulon\/#primaryimage"},"thumbnailUrl":"https:\/\/sport-index.fr\/blog\/wp-content\/uploads\/2025\/02\/sdxl-a8b64c4b4d35f831f46336ce6f217c5c.png","keywords":["Facundo Isa","Performance sportive","Rugby","Section paloise","Toulon"],"articleSection":["\u00c0 la une"],"inLanguage":"fr-FR","potentialAction":[{"@type":"CommentAction","name":"Comment","target":["https:\/\/sport-index.fr\/blog\/a-la-une\/facundo-isa-linternational-argentin-pret-a-rejoindre-pau-apres-toulon\/#respond"]}]},{"@type":"WebPage","@id":"https:\/\/sport-index.fr\/blog\/a-la-une\/facundo-isa-linternational-argentin-pret-a-rejoindre-pau-apres-toulon\/","url":"https:\/\/sport-index.fr\/blog\/a-la-une\/facundo-isa-linternational-argentin-pret-a-rejoindre-pau-apres-toulon\/","name":"Facundo Isa : l'international argentin pr\u00eat \u00e0 rejoindre Pau","isPartOf":{"@id":"https:\/\/sport-index.fr\/blog\/#website"},"primaryImageOfPage":{"@id":"https:\/\/sport-index.fr\/blog\/a-la-une\/facundo-isa-linternational-argentin-pret-a-rejoindre-pau-apres-toulon\/#primaryimage"},"image":{"@id":"https:\/\/sport-index.fr\/blog\/a-la-une\/facundo-isa-linternational-argentin-pret-a-rejoindre-pau-apres-toulon\/#primaryimage"},"thumbnailUrl":"https:\/\/sport-index.fr\/blog\/wp-content\/uploads\/2025\/02\/sdxl-a8b64c4b4d35f831f46336ce6f217c5c.png","datePublished":"2025-02-14T00:26:09+00:00","description":"Selon des sources fiables, le joueur de 31 ans est en discussions avanc\u00e9es avec la Section paloise, ce qui pourrait marquer un tournant dans sa carri\u00e8re\u2026","inLanguage":"fr-FR","potentialAction":[{"@type":"ReadAction","target":["https:\/\/sport-index.fr\/blog\/a-la-une\/facundo-isa-linternational-argentin-pret-a-rejoindre-pau-apres-toulon\/"]}]},{"@type":"ImageObject","inLanguage":"fr-FR","@id":"https:\/\/sport-index.fr\/blog\/a-la-une\/facundo-isa-linternational-argentin-pret-a-rejoindre-pau-apres-toulon\/#primaryimage","url":"https:\/\/sport-index.fr\/blog\/wp-content\/uploads\/2025\/02\/sdxl-a8b64c4b4d35f831f46336ce6f217c5c.png","contentUrl":"https:\/\/sport-index.fr\/blog\/wp-content\/uploads\/2025\/02\/sdxl-a8b64c4b4d35f831f46336ce6f217c5c.png","width":1536,"height":640},{"@type":"WebSite","@id":"https:\/\/sport-index.fr\/blog\/#website","url":"https:\/\/sport-index.fr\/blog\/","name":"sport-index.fr","description":"Le score de l\u2019analyse sportive.","publisher":{"@id":"https:\/\/sport-index.fr\/blog\/#organization"},"alternateName":"Le score de l\u2019analyse sportive.","potentialAction":[{"@type":"SearchAction","target":{"@type":"EntryPoint","urlTemplate":"https:\/\/sport-index.fr\/blog\/?s={search_term_string}"},"query-input":{"@type":"PropertyValueSpecification","valueRequired":true,"valueName":"search_term_string"}}],"inLanguage":"fr-FR"},{"@type":"Organization","@id":"https:\/\/sport-index.fr\/blog\/#organization","name":"Foretsensations.fr","url":"https:\/\/sport-index.fr\/blog\/","logo":{"@type":"ImageObject","inLanguage":"fr-FR","@id":"https:\/\/sport-index.fr\/blog\/#\/schema\/logo\/image\/","url":"https:\/\/sport-index.fr\/blog\/wp-content\/uploads\/2026\/07\/logo-auto.png","contentUrl":"https:\/\/sport-index.fr\/blog\/wp-content\/uploads\/2026\/07\/logo-auto.png","width":1024,"height":1024,"caption":"Foretsensations.fr"},"image":{"@id":"https:\/\/sport-index.fr\/blog\/#\/schema\/logo\/image\/"}},{"@type":"Person","@id":"https:\/\/sport-index.fr\/blog\/#\/schema\/person\/3c864cdc320801e3db34b663e7e3f816","name":"Axel Lauzier","image":{"@type":"ImageObject","inLanguage":"fr-FR","@id":"https:\/\/sport-index.fr\/blog\/#\/schema\/person\/image\/","url":"https:\/\/sport-index.fr\/blog\/wp-content\/uploads\/2026\/06\/persona_axel-l-96x96.jpg","contentUrl":"https:\/\/sport-index.fr\/blog\/wp-content\/uploads\/2026\/06\/persona_axel-l-96x96.jpg","caption":"Axel Lauzier"},"description":"Le sport rythme mon quotidien depuis l'enfance, et j'en ai fait mon m\u00e9tier d'analyste r\u00e9dactionnel il y a une dizaine d'ann\u00e9es. Je couvre principalement le football, son actualit\u00e9, ses transferts et l'analyse tactique des grandes affiches, mais aussi les disciplines plus confidentielles que j'aime remettre en lumi\u00e8re. Une partie de mon travail porte sur les pronostics et la lecture statistique d'un match : forme des \u00e9quipes, historique des confrontations, compositions, sans jamais vendre de fausse certitude. Je rappelle syst\u00e9matiquement que parier comporte un risque et doit rester un loisir ma\u00eetris\u00e9. Avant de signer une analyse, je v\u00e9rifie mes chiffres, je recoupe les compositions probables et je distingue toujours la donn\u00e9e brute de l'intuition. Mon objectif : offrir une lecture honn\u00eate et argument\u00e9e, pas un ticket gagnant garanti.","sameAs":["https:\/\/axellauzier.fr\/"],"url":"https:\/\/sport-index.fr\/blog\/auteur\/noname\/"}]}},"_links":{"self":[{"href":"https:\/\/sport-index.fr\/blog\/wp-json\/wp\/v2\/posts\/8254","targetHints":{"allow":["GET"]}}],"collection":[{"href":"https:\/\/sport-index.fr\/blog\/wp-json\/wp\/v2\/posts"}],"about":[{"href":"https:\/\/sport-index.fr\/blog\/wp-json\/wp\/v2\/types\/post"}],"author":[{"embeddable":true,"href":"https:\/\/sport-index.fr\/blog\/wp-json\/wp\/v2\/users\/34"}],"replies":[{"embeddable":true,"href":"https:\/\/sport-index.fr\/blog\/wp-json\/wp\/v2\/comments?post=8254"}],"version-history":[{"count":1,"href":"https:\/\/sport-index.fr\/blog\/wp-json\/wp\/v2\/posts\/8254\/revisions"}],"predecessor-version":[{"id":8421,"href":"https:\/\/sport-index.fr\/blog\/wp-json\/wp\/v2\/posts\/8254\/revisions\/8421"}],"wp:featuredmedia":[{"embeddable":true,"href":"https:\/\/sport-index.fr\/blog\/wp-json\/wp\/v2\/media\/10456"}],"wp:attachment":[{"href":"https:\/\/sport-index.fr\/blog\/wp-json\/wp\/v2\/media?parent=8254"}],"wp:term":[{"taxonomy":"category","embeddable":true,"href":"https:\/\/sport-index.fr\/blog\/wp-json\/wp\/v2\/categories?post=8254"},{"taxonomy":"post_tag","embeddable":true,"href":"https:\/\/sport-index.fr\/blog\/wp-json\/wp\/v2\/tags?post=8254"}],"curies":[{"name":"wp","href":"https:\/\/api.w.org\/{rel}","templated":true}]}}