{"id":8266,"date":"2025-02-14T06:08:59","date_gmt":"2025-02-14T05:08:59","guid":{"rendered":"https:\/\/sport-index.fr\/blog\/?p=8266"},"modified":"2025-02-14T06:08:59","modified_gmt":"2025-02-14T05:08:59","slug":"matthieu-jalibert-sous-le-feu-des-critiques-ne-le-blamez-pas-pour-la-defaite","status":"publish","type":"post","link":"https:\/\/sport-index.fr\/blog\/a-la-une\/matthieu-jalibert-sous-le-feu-des-critiques-ne-le-blamez-pas-pour-la-defaite\/","title":{"rendered":"Matthieu Jalibert sous le feu des critiques : ne le bl\u00e2mez pas pour la d\u00e9faite"},"content":{"rendered":"<h2>Une d\u00e9faite qui laisse des traces<\/h2>\n<p>La rencontre entre le XV de France et l&rsquo;Angleterre a \u00e9t\u00e9 marqu\u00e9e par une d\u00e9faite am\u00e8re pour les Bleus. Matthieu Jalibert, titulaire \u00e0 l&rsquo;ouverture, a \u00e9t\u00e9 l&rsquo;une des cibles des critiques suite \u00e0 cette contre-performance. Bien que ses statistiques d\u00e9fensives aient \u00e9t\u00e9 jug\u00e9es insuffisantes, il est crucial de garder \u00e0 l&rsquo;esprit que le rugby est un sport collectif o\u00f9 chaque joueur a un r\u00f4le \u00e0 jouer.<\/p>\n<p>Les chiffres, bien qu&rsquo;importants, ne racontent pas l&rsquo;int\u00e9gralit\u00e9 de l&rsquo;histoire. Jalibert a su orchestrer le jeu avec intelligence, offrant des passes pr\u00e9cises \u00e0 ses co\u00e9quipiers tout au long de la premi\u00e8re mi-temps. En r\u00e9alit\u00e9, faire de lui le bouc \u00e9missaire de cette d\u00e9faite semble d\u00e9raisonnable, d&rsquo;autant plus que son \u00e9quipe a connu de nombreux autres manquements sur le terrain.<\/p>\n<h2>Les responsabilit\u00e9s partag\u00e9es dans un sport collectif<\/h2>\n<p>Lorsqu&rsquo;une \u00e9quipe perd, la tentation est grande de d\u00e9signer un coupable. Dans le cas du XV de France, Matthieu Jalibert a \u00e9t\u00e9 mis en avant pour ses lacunes d\u00e9fensives, mais cela occulte la r\u00e9alit\u00e9 d&rsquo;une \u00e9quipe en difficult\u00e9. D&rsquo;autres joueurs ont \u00e9galement rat\u00e9 des plaquages cruciaux, ce qui souligne que le probl\u00e8me ne peut \u00eatre attribu\u00e9 \u00e0 un seul individu.<\/p>\n<p>L&rsquo;entra\u00eeneur Fabien Galthi\u00e9 a effectu\u00e9 des choix tactiques qui ont eu un impact sur la dynamique du jeu. Le remplacement de Jalibert par Nolann Le Garrec a modifi\u00e9 l&rsquo;\u00e9quilibre de l&rsquo;\u00e9quipe, et la r\u00e9organisation qui a suivi n&rsquo;a pas produit les r\u00e9sultats escompt\u00e9s. De nombreux experts s&rsquo;interrogent sur l&rsquo;efficacit\u00e9 de ces d\u00e9cisions dans un contexte aussi comp\u00e9titif.<\/p>\n<h2>Un regard positif sur la performance de Jalibert<\/h2>\n<p>Malgr\u00e9 les critiques, il est important de reconna\u00eetre les aspects positifs de la performance de Matthieu Jalibert. Dans l&rsquo;\u00e9mission \u00ab\u00a0La Troisi\u00e8me Mi-Temps\u00a0\u00bb, des journalistes ont soulign\u00e9 son intelligence de jeu et sa capacit\u00e9 \u00e0 faire vivre le ballon \u00e0 ses co\u00e9quipiers. Sa vision du jeu a permis \u00e0 l&rsquo;\u00e9quipe de cr\u00e9er des occasions, m\u00eame si l&rsquo;issue n&rsquo;a pas \u00e9t\u00e9 favorable.<\/p>\n<p>Il convient de rappeler que le rugby est un sport o\u00f9 l&rsquo;erreur est humaine. La pression des grandes comp\u00e9titions peut entra\u00eener des performances en de\u00e7\u00e0 des attentes. Au lieu de se focaliser sur les \u00e9checs individuels, l&rsquo;\u00e9quipe doit apprendre de cette exp\u00e9rience pour se renforcer et mieux aborder les prochaines rencontres.<\/p>\n<ul>\n<li>Matthieu Jalibert a \u00e9t\u00e9 critiqu\u00e9 pour ses statistiques d\u00e9fensives.<\/li>\n<li>Une d\u00e9faite ne peut pas \u00eatre attribu\u00e9e \u00e0 un seul joueur.<\/li>\n<li>Des choix tactiques de l&rsquo;entra\u00eeneur ont influenc\u00e9 la performance de l&rsquo;\u00e9quipe.<\/li>\n<li>Il est essentiel de voir les aspects positifs malgr\u00e9 les critiques.<\/li>\n<li>Le rugby est un sport d&rsquo;\u00e9quipe o\u00f9 chaque joueur a un r\u00f4le \u00e0 jouer.<\/li>\n<\/ul>\n<blockquote><p>\n\u00ab\u00a0Il ne faut pas lui tomber dessus, il n\u2019y a rien \u00e0 lui reprocher.\u00a0\u00bb \u2013 Un journaliste de \u00ab\u00a0La Troisi\u00e8me Mi-Temps\u00a0\u00bb\n<\/p><\/blockquote>\n<p>Matthieu Jalibert fait face \u00e0 une pression immense en tant qu&rsquo;ouvreur du XV de France. Les attentes sont \u00e9lev\u00e9es, et chaque mouvement sur le terrain est scrut\u00e9 \u00e0 la loupe. Cependant, il est essentiel de soutenir les joueurs dans les moments difficiles et de leur donner la chance de prouver leur valeur. La prochaine rencontre sera une occasion pour Jalibert et son \u00e9quipe de se racheter et de montrer leur v\u00e9ritable potentiel.<\/p>\n","protected":false},"excerpt":{"rendered":"","protected":false},"author":34,"featured_media":10449,"comment_status":"open","ping_status":"open","sticky":false,"template":"","format":"standard","meta":{"_acf_changed":false,"manual_indexmenow":false,"indexmenow_id_project":0,"footnotes":""},"categories":[1],"tags":[4888,4561,5066,4632,4536],"class_list":["post-8266","post","type-post","status-publish","format-standard","has-post-thumbnail","hentry","category-a-la-une","tag-approches-tactiques","tag-gestion-des-talents","tag-matthieu-jalibert","tag-performance-sportive","tag-rugby","generate-columns","tablet-grid-50","mobile-grid-100","grid-parent","grid-25"],"acf":[],"yoast_head":"<!-- This site is optimized with the Yoast SEO Premium plugin v21.3 (Yoast SEO v26.5) - https:\/\/yoast.com\/wordpress\/plugins\/seo\/ -->\n<title>Matthieu Jalibert sous le feu des critiques : ne le bl\u00e2mez<\/title>\n<meta name=\"description\" content=\"Une d\u00e9faite qui laisse des traces La rencontre entre le XV de France et l&#039;Angleterre a \u00e9t\u00e9 marqu\u00e9e par une d\u00e9faite am\u00e8re pour les Bleus. Matthieu\u2026\" \/>\n<meta name=\"robots\" content=\"index, follow, max-snippet:-1, max-image-preview:large, max-video-preview:-1\" \/>\n<link rel=\"canonical\" href=\"https:\/\/sport-index.fr\/blog\/a-la-une\/matthieu-jalibert-sous-le-feu-des-critiques-ne-le-blamez-pas-pour-la-defaite\/\" \/>\n<meta property=\"og:locale\" content=\"fr_FR\" \/>\n<meta property=\"og:type\" content=\"article\" \/>\n<meta property=\"og:title\" content=\"Matthieu Jalibert sous le feu des critiques : ne le bl\u00e2mez\" \/>\n<meta property=\"og:description\" content=\"Une d\u00e9faite qui laisse des traces La rencontre entre le XV de France et l&#039;Angleterre a \u00e9t\u00e9 marqu\u00e9e par une d\u00e9faite am\u00e8re pour les Bleus. Matthieu\u2026\" \/>\n<meta property=\"og:url\" content=\"https:\/\/sport-index.fr\/blog\/a-la-une\/matthieu-jalibert-sous-le-feu-des-critiques-ne-le-blamez-pas-pour-la-defaite\/\" \/>\n<meta property=\"og:site_name\" content=\"sport-index\" \/>\n<meta name=\"author\" content=\"Axel Lauzier\" \/>\n<meta name=\"twitter:card\" content=\"summary_large_image\" \/>\n<script type=\"application\/ld+json\" class=\"yoast-schema-graph\">{\"@context\":\"https:\/\/schema.org\",\"@graph\":[{\"@type\":\"NewsArticle\",\"@id\":\"https:\/\/sport-index.fr\/blog\/a-la-une\/matthieu-jalibert-sous-le-feu-des-critiques-ne-le-blamez-pas-pour-la-defaite\/#article\",\"isPartOf\":{\"@id\":\"https:\/\/sport-index.fr\/blog\/a-la-une\/matthieu-jalibert-sous-le-feu-des-critiques-ne-le-blamez-pas-pour-la-defaite\/\"},\"author\":{\"name\":\"Axel Lauzier\",\"@id\":\"https:\/\/sport-index.fr\/blog\/#\/schema\/person\/3c864cdc320801e3db34b663e7e3f816\"},\"headline\":\"Matthieu Jalibert sous le feu des critiques : ne le bl\u00e2mez pas pour la d\u00e9faite\",\"datePublished\":\"2025-02-14T05:08:59+00:00\",\"mainEntityOfPage\":{\"@id\":\"https:\/\/sport-index.fr\/blog\/a-la-une\/matthieu-jalibert-sous-le-feu-des-critiques-ne-le-blamez-pas-pour-la-defaite\/\"},\"wordCount\":594,\"commentCount\":23,\"publisher\":{\"@id\":\"https:\/\/sport-index.fr\/blog\/#organization\"},\"image\":{\"@id\":\"https:\/\/sport-index.fr\/blog\/a-la-une\/matthieu-jalibert-sous-le-feu-des-critiques-ne-le-blamez-pas-pour-la-defaite\/#primaryimage\"},\"thumbnailUrl\":\"https:\/\/sport-index.fr\/blog\/wp-content\/uploads\/2025\/02\/sdxl-d550b56430223a71b4ec0f040e251e13.png\",\"keywords\":[\"Approches Tactiques\",\"Gestion des Talents\",\"Matthieu Jalibert\",\"Performance sportive\",\"Rugby\"],\"articleSection\":[\"\u00c0 la une\"],\"inLanguage\":\"fr-FR\",\"potentialAction\":[{\"@type\":\"CommentAction\",\"name\":\"Comment\",\"target\":[\"https:\/\/sport-index.fr\/blog\/a-la-une\/matthieu-jalibert-sous-le-feu-des-critiques-ne-le-blamez-pas-pour-la-defaite\/#respond\"]}]},{\"@type\":\"WebPage\",\"@id\":\"https:\/\/sport-index.fr\/blog\/a-la-une\/matthieu-jalibert-sous-le-feu-des-critiques-ne-le-blamez-pas-pour-la-defaite\/\",\"url\":\"https:\/\/sport-index.fr\/blog\/a-la-une\/matthieu-jalibert-sous-le-feu-des-critiques-ne-le-blamez-pas-pour-la-defaite\/\",\"name\":\"Matthieu Jalibert sous le feu des critiques : ne le bl\u00e2mez\",\"isPartOf\":{\"@id\":\"https:\/\/sport-index.fr\/blog\/#website\"},\"primaryImageOfPage\":{\"@id\":\"https:\/\/sport-index.fr\/blog\/a-la-une\/matthieu-jalibert-sous-le-feu-des-critiques-ne-le-blamez-pas-pour-la-defaite\/#primaryimage\"},\"image\":{\"@id\":\"https:\/\/sport-index.fr\/blog\/a-la-une\/matthieu-jalibert-sous-le-feu-des-critiques-ne-le-blamez-pas-pour-la-defaite\/#primaryimage\"},\"thumbnailUrl\":\"https:\/\/sport-index.fr\/blog\/wp-content\/uploads\/2025\/02\/sdxl-d550b56430223a71b4ec0f040e251e13.png\",\"datePublished\":\"2025-02-14T05:08:59+00:00\",\"description\":\"Une d\u00e9faite qui laisse des traces La rencontre entre le XV de France et l'Angleterre a \u00e9t\u00e9 marqu\u00e9e par une d\u00e9faite am\u00e8re pour les Bleus. Matthieu\u2026\",\"inLanguage\":\"fr-FR\",\"potentialAction\":[{\"@type\":\"ReadAction\",\"target\":[\"https:\/\/sport-index.fr\/blog\/a-la-une\/matthieu-jalibert-sous-le-feu-des-critiques-ne-le-blamez-pas-pour-la-defaite\/\"]}]},{\"@type\":\"ImageObject\",\"inLanguage\":\"fr-FR\",\"@id\":\"https:\/\/sport-index.fr\/blog\/a-la-une\/matthieu-jalibert-sous-le-feu-des-critiques-ne-le-blamez-pas-pour-la-defaite\/#primaryimage\",\"url\":\"https:\/\/sport-index.fr\/blog\/wp-content\/uploads\/2025\/02\/sdxl-d550b56430223a71b4ec0f040e251e13.png\",\"contentUrl\":\"https:\/\/sport-index.fr\/blog\/wp-content\/uploads\/2025\/02\/sdxl-d550b56430223a71b4ec0f040e251e13.png\",\"width\":1536,\"height\":640},{\"@type\":\"WebSite\",\"@id\":\"https:\/\/sport-index.fr\/blog\/#website\",\"url\":\"https:\/\/sport-index.fr\/blog\/\",\"name\":\"sport-index.fr\",\"description\":\"Le score de l\u2019analyse sportive.\",\"publisher\":{\"@id\":\"https:\/\/sport-index.fr\/blog\/#organization\"},\"alternateName\":\"Le score de l\u2019analyse sportive.\",\"potentialAction\":[{\"@type\":\"SearchAction\",\"target\":{\"@type\":\"EntryPoint\",\"urlTemplate\":\"https:\/\/sport-index.fr\/blog\/?s={search_term_string}\"},\"query-input\":{\"@type\":\"PropertyValueSpecification\",\"valueRequired\":true,\"valueName\":\"search_term_string\"}}],\"inLanguage\":\"fr-FR\"},{\"@type\":\"Organization\",\"@id\":\"https:\/\/sport-index.fr\/blog\/#organization\",\"name\":\"Foretsensations.fr\",\"url\":\"https:\/\/sport-index.fr\/blog\/\",\"logo\":{\"@type\":\"ImageObject\",\"inLanguage\":\"fr-FR\",\"@id\":\"https:\/\/sport-index.fr\/blog\/#\/schema\/logo\/image\/\",\"url\":\"https:\/\/sport-index.fr\/blog\/wp-content\/uploads\/2026\/07\/logo-auto.png\",\"contentUrl\":\"https:\/\/sport-index.fr\/blog\/wp-content\/uploads\/2026\/07\/logo-auto.png\",\"width\":1024,\"height\":1024,\"caption\":\"Foretsensations.fr\"},\"image\":{\"@id\":\"https:\/\/sport-index.fr\/blog\/#\/schema\/logo\/image\/\"}},{\"@type\":\"Person\",\"@id\":\"https:\/\/sport-index.fr\/blog\/#\/schema\/person\/3c864cdc320801e3db34b663e7e3f816\",\"name\":\"Axel Lauzier\",\"image\":{\"@type\":\"ImageObject\",\"inLanguage\":\"fr-FR\",\"@id\":\"https:\/\/sport-index.fr\/blog\/#\/schema\/person\/image\/\",\"url\":\"https:\/\/sport-index.fr\/blog\/wp-content\/uploads\/2026\/06\/persona_axel-l-96x96.jpg\",\"contentUrl\":\"https:\/\/sport-index.fr\/blog\/wp-content\/uploads\/2026\/06\/persona_axel-l-96x96.jpg\",\"caption\":\"Axel Lauzier\"},\"description\":\"Le sport rythme mon quotidien depuis l'enfance, et j'en ai fait mon m\u00e9tier d'analyste r\u00e9dactionnel il y a une dizaine d'ann\u00e9es. Je couvre principalement le football, son actualit\u00e9, ses transferts et l'analyse tactique des grandes affiches, mais aussi les disciplines plus confidentielles que j'aime remettre en lumi\u00e8re. Une partie de mon travail porte sur les pronostics et la lecture statistique d'un match : forme des \u00e9quipes, historique des confrontations, compositions, sans jamais vendre de fausse certitude. Je rappelle syst\u00e9matiquement que parier comporte un risque et doit rester un loisir ma\u00eetris\u00e9. Avant de signer une analyse, je v\u00e9rifie mes chiffres, je recoupe les compositions probables et je distingue toujours la donn\u00e9e brute de l'intuition. Mon objectif : offrir une lecture honn\u00eate et argument\u00e9e, pas un ticket gagnant garanti.\",\"sameAs\":[\"https:\/\/axellauzier.fr\/\"],\"url\":\"https:\/\/sport-index.fr\/blog\/auteur\/noname\/\"}]}<\/script>\n<!-- \/ Yoast SEO Premium plugin. -->","yoast_head_json":{"title":"Matthieu Jalibert sous le feu des critiques : ne le bl\u00e2mez","description":"Une d\u00e9faite qui laisse des traces La rencontre entre le XV de France et l'Angleterre a \u00e9t\u00e9 marqu\u00e9e par une d\u00e9faite am\u00e8re pour les Bleus. Matthieu\u2026","robots":{"index":"index","follow":"follow","max-snippet":"max-snippet:-1","max-image-preview":"max-image-preview:large","max-video-preview":"max-video-preview:-1"},"canonical":"https:\/\/sport-index.fr\/blog\/a-la-une\/matthieu-jalibert-sous-le-feu-des-critiques-ne-le-blamez-pas-pour-la-defaite\/","og_locale":"fr_FR","og_type":"article","og_title":"Matthieu Jalibert sous le feu des critiques : ne le bl\u00e2mez","og_description":"Une d\u00e9faite qui laisse des traces La rencontre entre le XV de France et l'Angleterre a \u00e9t\u00e9 marqu\u00e9e par une d\u00e9faite am\u00e8re pour les Bleus. Matthieu\u2026","og_url":"https:\/\/sport-index.fr\/blog\/a-la-une\/matthieu-jalibert-sous-le-feu-des-critiques-ne-le-blamez-pas-pour-la-defaite\/","og_site_name":"sport-index","author":"Axel Lauzier","twitter_card":"summary_large_image","schema":{"@context":"https:\/\/schema.org","@graph":[{"@type":"NewsArticle","@id":"https:\/\/sport-index.fr\/blog\/a-la-une\/matthieu-jalibert-sous-le-feu-des-critiques-ne-le-blamez-pas-pour-la-defaite\/#article","isPartOf":{"@id":"https:\/\/sport-index.fr\/blog\/a-la-une\/matthieu-jalibert-sous-le-feu-des-critiques-ne-le-blamez-pas-pour-la-defaite\/"},"author":{"name":"Axel Lauzier","@id":"https:\/\/sport-index.fr\/blog\/#\/schema\/person\/3c864cdc320801e3db34b663e7e3f816"},"headline":"Matthieu Jalibert sous le feu des critiques : ne le bl\u00e2mez pas pour la d\u00e9faite","datePublished":"2025-02-14T05:08:59+00:00","mainEntityOfPage":{"@id":"https:\/\/sport-index.fr\/blog\/a-la-une\/matthieu-jalibert-sous-le-feu-des-critiques-ne-le-blamez-pas-pour-la-defaite\/"},"wordCount":594,"commentCount":23,"publisher":{"@id":"https:\/\/sport-index.fr\/blog\/#organization"},"image":{"@id":"https:\/\/sport-index.fr\/blog\/a-la-une\/matthieu-jalibert-sous-le-feu-des-critiques-ne-le-blamez-pas-pour-la-defaite\/#primaryimage"},"thumbnailUrl":"https:\/\/sport-index.fr\/blog\/wp-content\/uploads\/2025\/02\/sdxl-d550b56430223a71b4ec0f040e251e13.png","keywords":["Approches Tactiques","Gestion des Talents","Matthieu Jalibert","Performance sportive","Rugby"],"articleSection":["\u00c0 la une"],"inLanguage":"fr-FR","potentialAction":[{"@type":"CommentAction","name":"Comment","target":["https:\/\/sport-index.fr\/blog\/a-la-une\/matthieu-jalibert-sous-le-feu-des-critiques-ne-le-blamez-pas-pour-la-defaite\/#respond"]}]},{"@type":"WebPage","@id":"https:\/\/sport-index.fr\/blog\/a-la-une\/matthieu-jalibert-sous-le-feu-des-critiques-ne-le-blamez-pas-pour-la-defaite\/","url":"https:\/\/sport-index.fr\/blog\/a-la-une\/matthieu-jalibert-sous-le-feu-des-critiques-ne-le-blamez-pas-pour-la-defaite\/","name":"Matthieu Jalibert sous le feu des critiques : ne le bl\u00e2mez","isPartOf":{"@id":"https:\/\/sport-index.fr\/blog\/#website"},"primaryImageOfPage":{"@id":"https:\/\/sport-index.fr\/blog\/a-la-une\/matthieu-jalibert-sous-le-feu-des-critiques-ne-le-blamez-pas-pour-la-defaite\/#primaryimage"},"image":{"@id":"https:\/\/sport-index.fr\/blog\/a-la-une\/matthieu-jalibert-sous-le-feu-des-critiques-ne-le-blamez-pas-pour-la-defaite\/#primaryimage"},"thumbnailUrl":"https:\/\/sport-index.fr\/blog\/wp-content\/uploads\/2025\/02\/sdxl-d550b56430223a71b4ec0f040e251e13.png","datePublished":"2025-02-14T05:08:59+00:00","description":"Une d\u00e9faite qui laisse des traces La rencontre entre le XV de France et l'Angleterre a \u00e9t\u00e9 marqu\u00e9e par une d\u00e9faite am\u00e8re pour les Bleus. Matthieu\u2026","inLanguage":"fr-FR","potentialAction":[{"@type":"ReadAction","target":["https:\/\/sport-index.fr\/blog\/a-la-une\/matthieu-jalibert-sous-le-feu-des-critiques-ne-le-blamez-pas-pour-la-defaite\/"]}]},{"@type":"ImageObject","inLanguage":"fr-FR","@id":"https:\/\/sport-index.fr\/blog\/a-la-une\/matthieu-jalibert-sous-le-feu-des-critiques-ne-le-blamez-pas-pour-la-defaite\/#primaryimage","url":"https:\/\/sport-index.fr\/blog\/wp-content\/uploads\/2025\/02\/sdxl-d550b56430223a71b4ec0f040e251e13.png","contentUrl":"https:\/\/sport-index.fr\/blog\/wp-content\/uploads\/2025\/02\/sdxl-d550b56430223a71b4ec0f040e251e13.png","width":1536,"height":640},{"@type":"WebSite","@id":"https:\/\/sport-index.fr\/blog\/#website","url":"https:\/\/sport-index.fr\/blog\/","name":"sport-index.fr","description":"Le score de l\u2019analyse sportive.","publisher":{"@id":"https:\/\/sport-index.fr\/blog\/#organization"},"alternateName":"Le score de l\u2019analyse sportive.","potentialAction":[{"@type":"SearchAction","target":{"@type":"EntryPoint","urlTemplate":"https:\/\/sport-index.fr\/blog\/?s={search_term_string}"},"query-input":{"@type":"PropertyValueSpecification","valueRequired":true,"valueName":"search_term_string"}}],"inLanguage":"fr-FR"},{"@type":"Organization","@id":"https:\/\/sport-index.fr\/blog\/#organization","name":"Foretsensations.fr","url":"https:\/\/sport-index.fr\/blog\/","logo":{"@type":"ImageObject","inLanguage":"fr-FR","@id":"https:\/\/sport-index.fr\/blog\/#\/schema\/logo\/image\/","url":"https:\/\/sport-index.fr\/blog\/wp-content\/uploads\/2026\/07\/logo-auto.png","contentUrl":"https:\/\/sport-index.fr\/blog\/wp-content\/uploads\/2026\/07\/logo-auto.png","width":1024,"height":1024,"caption":"Foretsensations.fr"},"image":{"@id":"https:\/\/sport-index.fr\/blog\/#\/schema\/logo\/image\/"}},{"@type":"Person","@id":"https:\/\/sport-index.fr\/blog\/#\/schema\/person\/3c864cdc320801e3db34b663e7e3f816","name":"Axel Lauzier","image":{"@type":"ImageObject","inLanguage":"fr-FR","@id":"https:\/\/sport-index.fr\/blog\/#\/schema\/person\/image\/","url":"https:\/\/sport-index.fr\/blog\/wp-content\/uploads\/2026\/06\/persona_axel-l-96x96.jpg","contentUrl":"https:\/\/sport-index.fr\/blog\/wp-content\/uploads\/2026\/06\/persona_axel-l-96x96.jpg","caption":"Axel Lauzier"},"description":"Le sport rythme mon quotidien depuis l'enfance, et j'en ai fait mon m\u00e9tier d'analyste r\u00e9dactionnel il y a une dizaine d'ann\u00e9es. Je couvre principalement le football, son actualit\u00e9, ses transferts et l'analyse tactique des grandes affiches, mais aussi les disciplines plus confidentielles que j'aime remettre en lumi\u00e8re. Une partie de mon travail porte sur les pronostics et la lecture statistique d'un match : forme des \u00e9quipes, historique des confrontations, compositions, sans jamais vendre de fausse certitude. Je rappelle syst\u00e9matiquement que parier comporte un risque et doit rester un loisir ma\u00eetris\u00e9. Avant de signer une analyse, je v\u00e9rifie mes chiffres, je recoupe les compositions probables et je distingue toujours la donn\u00e9e brute de l'intuition. Mon objectif : offrir une lecture honn\u00eate et argument\u00e9e, pas un ticket gagnant garanti.","sameAs":["https:\/\/axellauzier.fr\/"],"url":"https:\/\/sport-index.fr\/blog\/auteur\/noname\/"}]}},"_links":{"self":[{"href":"https:\/\/sport-index.fr\/blog\/wp-json\/wp\/v2\/posts\/8266","targetHints":{"allow":["GET"]}}],"collection":[{"href":"https:\/\/sport-index.fr\/blog\/wp-json\/wp\/v2\/posts"}],"about":[{"href":"https:\/\/sport-index.fr\/blog\/wp-json\/wp\/v2\/types\/post"}],"author":[{"embeddable":true,"href":"https:\/\/sport-index.fr\/blog\/wp-json\/wp\/v2\/users\/34"}],"replies":[{"embeddable":true,"href":"https:\/\/sport-index.fr\/blog\/wp-json\/wp\/v2\/comments?post=8266"}],"version-history":[{"count":1,"href":"https:\/\/sport-index.fr\/blog\/wp-json\/wp\/v2\/posts\/8266\/revisions"}],"predecessor-version":[{"id":8434,"href":"https:\/\/sport-index.fr\/blog\/wp-json\/wp\/v2\/posts\/8266\/revisions\/8434"}],"wp:featuredmedia":[{"embeddable":true,"href":"https:\/\/sport-index.fr\/blog\/wp-json\/wp\/v2\/media\/10449"}],"wp:attachment":[{"href":"https:\/\/sport-index.fr\/blog\/wp-json\/wp\/v2\/media?parent=8266"}],"wp:term":[{"taxonomy":"category","embeddable":true,"href":"https:\/\/sport-index.fr\/blog\/wp-json\/wp\/v2\/categories?post=8266"},{"taxonomy":"post_tag","embeddable":true,"href":"https:\/\/sport-index.fr\/blog\/wp-json\/wp\/v2\/tags?post=8266"}],"curies":[{"name":"wp","href":"https:\/\/api.w.org\/{rel}","templated":true}]}}