{"id":8269,"date":"2025-02-13T05:34:34","date_gmt":"2025-02-13T04:34:34","guid":{"rendered":"https:\/\/sport-index.fr\/blog\/?p=8269"},"modified":"2025-02-13T05:34:34","modified_gmt":"2025-02-13T04:34:34","slug":"echec-en-combine-par-equipes-clement-noel-et-nils-allegre-natteignent-pas-le-podium","status":"publish","type":"post","link":"https:\/\/sport-index.fr\/blog\/a-la-une\/echec-en-combine-par-equipes-clement-noel-et-nils-allegre-natteignent-pas-le-podium\/","title":{"rendered":"\u00c9chec en combin\u00e9 par \u00e9quipes : Cl\u00e9ment No\u00ebl et Nils All\u00e8gre n&rsquo;atteignent pas le podium"},"content":{"rendered":"<h2>Une comp\u00e9tition difficile \u00e0 Saalbach<\/h2>\n<p>Le combin\u00e9 par \u00e9quipes qui s&rsquo;est tenu \u00e0 Saalbach a \u00e9t\u00e9 une v\u00e9ritable \u00e9preuve pour le duo fran\u00e7ais compos\u00e9 de Nils All\u00e8gre et de Cl\u00e9ment No\u00ebl. Malgr\u00e9 les attentes plac\u00e9es en eux, ils ont termin\u00e9 \u00e0 la onzi\u00e8me place apr\u00e8s la premi\u00e8re descente. Ce r\u00e9sultat d\u00e9cevant a mis en \u00e9vidence les d\u00e9fis auxquels ils ont d\u00fb faire face, notamment une performance en dessous des standards habituels.<\/p>\n<p>Le champion olympique en titre, Cl\u00e9ment No\u00ebl, a rencontr\u00e9 un obstacle majeur lors de sa course. En enfourchant, il a perdu toutes ses chances de remonter au classement. La pression \u00e9tait palpable, et les deux athl\u00e8tes n&rsquo;ont pas r\u00e9ussi \u00e0 trouver le rythme n\u00e9cessaire pour briller dans cette comp\u00e9tition.<\/p>\n<h2>Les enjeux d&rsquo;une saison de comp\u00e9tition<\/h2>\n<p>Les Mondiaux de ski alpin repr\u00e9sentent un moment crucial pour les athl\u00e8tes, o\u00f9 chaque erreur peut co\u00fbter cher. Pour la France, l&rsquo;absence de m\u00e9dailles lors de cet \u00e9v\u00e9nement est un signal d&rsquo;alarme. Les attentes \u00e9taient \u00e9lev\u00e9es, mais les r\u00e9sultats ne refl\u00e8tent pas le potentiel de ces skieurs talentueux.<\/p>\n<p>L&rsquo;\u00e9quipe fran\u00e7aise, qui a souvent \u00e9t\u00e9 synonyme de succ\u00e8s dans le pass\u00e9, doit maintenant se poser des questions sur sa pr\u00e9paration et ses strat\u00e9gies. La comp\u00e9tition est forte, et les autres nations ont su tirer leur \u00e9pingle du jeu, laissant les Fran\u00e7ais sur le bord de la route. <\/p>\n<h2>Les le\u00e7ons \u00e0 tirer pour l&rsquo;avenir<\/h2>\n<p>Cet \u00e9chec n&rsquo;est pas une fin en soi, mais une occasion d&rsquo;apprendre et de se renforcer. Les athl\u00e8tes doivent analyser leurs performances pour identifier les domaines \u00e0 am\u00e9liorer. Chaque comp\u00e9tition est une opportunit\u00e9 de croissance, et il est essentiel de garder un esprit positif et constructif.<\/p>\n<p>En regardant vers l&rsquo;avenir, le duo doit travailler sur sa coh\u00e9sion et sa strat\u00e9gie pour les prochaines courses. En ski alpin, la d\u00e9termination et la pr\u00e9paration mentale sont aussi cruciales que les comp\u00e9tences techniques. La route vers la r\u00e9demption commence d\u00e8s maintenant.<\/p>\n<blockquote><p>\n\u00ab\u00a0Chaque course est une nouvelle chance d&rsquo;apprendre, et nous ne devons jamais cesser de nous battre.\u00a0\u00bb &#8211; Cl\u00e9ment No\u00ebl\n<\/p><\/blockquote>\n<h2>Points \u00e0 retenir sur la performance fran\u00e7aise<\/h2>\n<p>Voici quelques \u00e9l\u00e9ments cl\u00e9s qui r\u00e9sument la performance de l&rsquo;\u00e9quipe fran\u00e7aise lors du combin\u00e9 par \u00e9quipes :<\/p>\n<ul>\n<li>Cl\u00e9ment No\u00ebl et Nils All\u00e8gre ont termin\u00e9 onzi\u00e8mes.<\/li>\n<li>Cl\u00e9ment No\u00ebl a enfourch\u00e9, compromettant ses chances de podium.<\/li>\n<li>Aucune m\u00e9daille n&rsquo;a \u00e9t\u00e9 remport\u00e9e par la d\u00e9l\u00e9gation fran\u00e7aise.<\/li>\n<li>Les attentes \u00e9taient \u00e9lev\u00e9es, mais le r\u00e9sultat n&rsquo;a pas \u00e9t\u00e9 \u00e0 la hauteur.<\/li>\n<li>Les le\u00e7ons tir\u00e9es de cette comp\u00e9tition seront cruciales pour l&rsquo;avenir.<\/li>\n<\/ul>\n<p>La d\u00e9ception ressentie par les athl\u00e8tes et leurs supporters est palpable, mais il est important de garder espoir. Avec des ajustements strat\u00e9giques et un travail acharn\u00e9, la France peut retrouver son chemin vers le succ\u00e8s sur les pistes de ski alpin.<\/p>\n","protected":false},"excerpt":{"rendered":"","protected":false},"author":34,"featured_media":10507,"comment_status":"open","ping_status":"open","sticky":false,"template":"","format":"standard","meta":{"_acf_changed":false,"manual_indexmenow":false,"indexmenow_id_project":0,"footnotes":""},"categories":[1],"tags":[4544,4632,4885,4408,4591],"class_list":["post-8269","post","type-post","status-publish","format-standard","has-post-thumbnail","hentry","category-a-la-une","tag-equipe","tag-performance-sportive","tag-preparation-mentale","tag-resilience","tag-ski-alpin","generate-columns","tablet-grid-50","mobile-grid-100","grid-parent","grid-25"],"acf":[],"yoast_head":"<!-- This site is optimized with the Yoast SEO Premium plugin v21.3 (Yoast SEO v26.5) - https:\/\/yoast.com\/wordpress\/plugins\/seo\/ -->\n<title>\u00c9chec en combin\u00e9 par \u00e9quipes : Cl\u00e9ment No\u00ebl et Nils All\u00e8gre<\/title>\n<meta name=\"description\" content=\"Une comp\u00e9tition difficile \u00e0 Saalbach Le combin\u00e9 par \u00e9quipes qui s&#039;est tenu \u00e0 Saalbach a \u00e9t\u00e9 une v\u00e9ritable \u00e9preuve pour le duo fran\u00e7ais compos\u00e9 de Nils\u2026\" \/>\n<meta name=\"robots\" content=\"index, follow, max-snippet:-1, max-image-preview:large, max-video-preview:-1\" \/>\n<link rel=\"canonical\" href=\"https:\/\/sport-index.fr\/blog\/a-la-une\/echec-en-combine-par-equipes-clement-noel-et-nils-allegre-natteignent-pas-le-podium\/\" \/>\n<meta property=\"og:locale\" content=\"fr_FR\" \/>\n<meta property=\"og:type\" content=\"article\" \/>\n<meta property=\"og:title\" content=\"\u00c9chec en combin\u00e9 par \u00e9quipes : Cl\u00e9ment No\u00ebl et Nils All\u00e8gre\" \/>\n<meta property=\"og:description\" content=\"Une comp\u00e9tition difficile \u00e0 Saalbach Le combin\u00e9 par \u00e9quipes qui s&#039;est tenu \u00e0 Saalbach a \u00e9t\u00e9 une v\u00e9ritable \u00e9preuve pour le duo fran\u00e7ais compos\u00e9 de Nils\u2026\" \/>\n<meta property=\"og:url\" content=\"https:\/\/sport-index.fr\/blog\/a-la-une\/echec-en-combine-par-equipes-clement-noel-et-nils-allegre-natteignent-pas-le-podium\/\" \/>\n<meta property=\"og:site_name\" content=\"sport-index\" \/>\n<meta name=\"author\" content=\"Axel Lauzier\" \/>\n<meta name=\"twitter:card\" content=\"summary_large_image\" \/>\n<script type=\"application\/ld+json\" class=\"yoast-schema-graph\">{\"@context\":\"https:\/\/schema.org\",\"@graph\":[{\"@type\":\"NewsArticle\",\"@id\":\"https:\/\/sport-index.fr\/blog\/a-la-une\/echec-en-combine-par-equipes-clement-noel-et-nils-allegre-natteignent-pas-le-podium\/#article\",\"isPartOf\":{\"@id\":\"https:\/\/sport-index.fr\/blog\/a-la-une\/echec-en-combine-par-equipes-clement-noel-et-nils-allegre-natteignent-pas-le-podium\/\"},\"author\":{\"name\":\"Axel Lauzier\",\"@id\":\"https:\/\/sport-index.fr\/blog\/#\/schema\/person\/3c864cdc320801e3db34b663e7e3f816\"},\"headline\":\"\u00c9chec en combin\u00e9 par \u00e9quipes : Cl\u00e9ment No\u00ebl et Nils All\u00e8gre n&rsquo;atteignent pas le podium\",\"datePublished\":\"2025-02-13T04:34:34+00:00\",\"mainEntityOfPage\":{\"@id\":\"https:\/\/sport-index.fr\/blog\/a-la-une\/echec-en-combine-par-equipes-clement-noel-et-nils-allegre-natteignent-pas-le-podium\/\"},\"wordCount\":545,\"commentCount\":21,\"publisher\":{\"@id\":\"https:\/\/sport-index.fr\/blog\/#organization\"},\"image\":{\"@id\":\"https:\/\/sport-index.fr\/blog\/a-la-une\/echec-en-combine-par-equipes-clement-noel-et-nils-allegre-natteignent-pas-le-podium\/#primaryimage\"},\"thumbnailUrl\":\"https:\/\/sport-index.fr\/blog\/wp-content\/uploads\/2025\/02\/sdxl-807557dc093b330e61daffd4e3c567a4.png\",\"keywords\":[\"\u00c9quipe\",\"Performance sportive\",\"Pr\u00e9paration Mentale\",\"R\u00e9silience\",\"Ski Alpin\"],\"articleSection\":[\"\u00c0 la une\"],\"inLanguage\":\"fr-FR\",\"potentialAction\":[{\"@type\":\"CommentAction\",\"name\":\"Comment\",\"target\":[\"https:\/\/sport-index.fr\/blog\/a-la-une\/echec-en-combine-par-equipes-clement-noel-et-nils-allegre-natteignent-pas-le-podium\/#respond\"]}]},{\"@type\":\"WebPage\",\"@id\":\"https:\/\/sport-index.fr\/blog\/a-la-une\/echec-en-combine-par-equipes-clement-noel-et-nils-allegre-natteignent-pas-le-podium\/\",\"url\":\"https:\/\/sport-index.fr\/blog\/a-la-une\/echec-en-combine-par-equipes-clement-noel-et-nils-allegre-natteignent-pas-le-podium\/\",\"name\":\"\u00c9chec en combin\u00e9 par \u00e9quipes : Cl\u00e9ment No\u00ebl et Nils All\u00e8gre\",\"isPartOf\":{\"@id\":\"https:\/\/sport-index.fr\/blog\/#website\"},\"primaryImageOfPage\":{\"@id\":\"https:\/\/sport-index.fr\/blog\/a-la-une\/echec-en-combine-par-equipes-clement-noel-et-nils-allegre-natteignent-pas-le-podium\/#primaryimage\"},\"image\":{\"@id\":\"https:\/\/sport-index.fr\/blog\/a-la-une\/echec-en-combine-par-equipes-clement-noel-et-nils-allegre-natteignent-pas-le-podium\/#primaryimage\"},\"thumbnailUrl\":\"https:\/\/sport-index.fr\/blog\/wp-content\/uploads\/2025\/02\/sdxl-807557dc093b330e61daffd4e3c567a4.png\",\"datePublished\":\"2025-02-13T04:34:34+00:00\",\"description\":\"Une comp\u00e9tition difficile \u00e0 Saalbach Le combin\u00e9 par \u00e9quipes qui s'est tenu \u00e0 Saalbach a \u00e9t\u00e9 une v\u00e9ritable \u00e9preuve pour le duo fran\u00e7ais compos\u00e9 de Nils\u2026\",\"inLanguage\":\"fr-FR\",\"potentialAction\":[{\"@type\":\"ReadAction\",\"target\":[\"https:\/\/sport-index.fr\/blog\/a-la-une\/echec-en-combine-par-equipes-clement-noel-et-nils-allegre-natteignent-pas-le-podium\/\"]}]},{\"@type\":\"ImageObject\",\"inLanguage\":\"fr-FR\",\"@id\":\"https:\/\/sport-index.fr\/blog\/a-la-une\/echec-en-combine-par-equipes-clement-noel-et-nils-allegre-natteignent-pas-le-podium\/#primaryimage\",\"url\":\"https:\/\/sport-index.fr\/blog\/wp-content\/uploads\/2025\/02\/sdxl-807557dc093b330e61daffd4e3c567a4.png\",\"contentUrl\":\"https:\/\/sport-index.fr\/blog\/wp-content\/uploads\/2025\/02\/sdxl-807557dc093b330e61daffd4e3c567a4.png\",\"width\":1536,\"height\":640},{\"@type\":\"WebSite\",\"@id\":\"https:\/\/sport-index.fr\/blog\/#website\",\"url\":\"https:\/\/sport-index.fr\/blog\/\",\"name\":\"sport-index.fr\",\"description\":\"Le score de l\u2019analyse sportive.\",\"publisher\":{\"@id\":\"https:\/\/sport-index.fr\/blog\/#organization\"},\"alternateName\":\"Le score de l\u2019analyse sportive.\",\"potentialAction\":[{\"@type\":\"SearchAction\",\"target\":{\"@type\":\"EntryPoint\",\"urlTemplate\":\"https:\/\/sport-index.fr\/blog\/?s={search_term_string}\"},\"query-input\":{\"@type\":\"PropertyValueSpecification\",\"valueRequired\":true,\"valueName\":\"search_term_string\"}}],\"inLanguage\":\"fr-FR\"},{\"@type\":\"Organization\",\"@id\":\"https:\/\/sport-index.fr\/blog\/#organization\",\"name\":\"Foretsensations.fr\",\"url\":\"https:\/\/sport-index.fr\/blog\/\",\"logo\":{\"@type\":\"ImageObject\",\"inLanguage\":\"fr-FR\",\"@id\":\"https:\/\/sport-index.fr\/blog\/#\/schema\/logo\/image\/\",\"url\":\"https:\/\/sport-index.fr\/blog\/wp-content\/uploads\/2026\/07\/logo-auto.png\",\"contentUrl\":\"https:\/\/sport-index.fr\/blog\/wp-content\/uploads\/2026\/07\/logo-auto.png\",\"width\":1024,\"height\":1024,\"caption\":\"Foretsensations.fr\"},\"image\":{\"@id\":\"https:\/\/sport-index.fr\/blog\/#\/schema\/logo\/image\/\"}},{\"@type\":\"Person\",\"@id\":\"https:\/\/sport-index.fr\/blog\/#\/schema\/person\/3c864cdc320801e3db34b663e7e3f816\",\"name\":\"Axel Lauzier\",\"image\":{\"@type\":\"ImageObject\",\"inLanguage\":\"fr-FR\",\"@id\":\"https:\/\/sport-index.fr\/blog\/#\/schema\/person\/image\/\",\"url\":\"https:\/\/sport-index.fr\/blog\/wp-content\/uploads\/2026\/06\/persona_axel-l-96x96.jpg\",\"contentUrl\":\"https:\/\/sport-index.fr\/blog\/wp-content\/uploads\/2026\/06\/persona_axel-l-96x96.jpg\",\"caption\":\"Axel Lauzier\"},\"description\":\"Le sport rythme mon quotidien depuis l'enfance, et j'en ai fait mon m\u00e9tier d'analyste r\u00e9dactionnel il y a une dizaine d'ann\u00e9es. Je couvre principalement le football, son actualit\u00e9, ses transferts et l'analyse tactique des grandes affiches, mais aussi les disciplines plus confidentielles que j'aime remettre en lumi\u00e8re. Une partie de mon travail porte sur les pronostics et la lecture statistique d'un match : forme des \u00e9quipes, historique des confrontations, compositions, sans jamais vendre de fausse certitude. Je rappelle syst\u00e9matiquement que parier comporte un risque et doit rester un loisir ma\u00eetris\u00e9. Avant de signer une analyse, je v\u00e9rifie mes chiffres, je recoupe les compositions probables et je distingue toujours la donn\u00e9e brute de l'intuition. Mon objectif : offrir une lecture honn\u00eate et argument\u00e9e, pas un ticket gagnant garanti.\",\"sameAs\":[\"https:\/\/axellauzier.fr\/\"],\"url\":\"https:\/\/sport-index.fr\/blog\/auteur\/noname\/\"}]}<\/script>\n<!-- \/ Yoast SEO Premium plugin. -->","yoast_head_json":{"title":"\u00c9chec en combin\u00e9 par \u00e9quipes : Cl\u00e9ment No\u00ebl et Nils All\u00e8gre","description":"Une comp\u00e9tition difficile \u00e0 Saalbach Le combin\u00e9 par \u00e9quipes qui s'est tenu \u00e0 Saalbach a \u00e9t\u00e9 une v\u00e9ritable \u00e9preuve pour le duo fran\u00e7ais compos\u00e9 de Nils\u2026","robots":{"index":"index","follow":"follow","max-snippet":"max-snippet:-1","max-image-preview":"max-image-preview:large","max-video-preview":"max-video-preview:-1"},"canonical":"https:\/\/sport-index.fr\/blog\/a-la-une\/echec-en-combine-par-equipes-clement-noel-et-nils-allegre-natteignent-pas-le-podium\/","og_locale":"fr_FR","og_type":"article","og_title":"\u00c9chec en combin\u00e9 par \u00e9quipes : Cl\u00e9ment No\u00ebl et Nils All\u00e8gre","og_description":"Une comp\u00e9tition difficile \u00e0 Saalbach Le combin\u00e9 par \u00e9quipes qui s'est tenu \u00e0 Saalbach a \u00e9t\u00e9 une v\u00e9ritable \u00e9preuve pour le duo fran\u00e7ais compos\u00e9 de Nils\u2026","og_url":"https:\/\/sport-index.fr\/blog\/a-la-une\/echec-en-combine-par-equipes-clement-noel-et-nils-allegre-natteignent-pas-le-podium\/","og_site_name":"sport-index","author":"Axel Lauzier","twitter_card":"summary_large_image","schema":{"@context":"https:\/\/schema.org","@graph":[{"@type":"NewsArticle","@id":"https:\/\/sport-index.fr\/blog\/a-la-une\/echec-en-combine-par-equipes-clement-noel-et-nils-allegre-natteignent-pas-le-podium\/#article","isPartOf":{"@id":"https:\/\/sport-index.fr\/blog\/a-la-une\/echec-en-combine-par-equipes-clement-noel-et-nils-allegre-natteignent-pas-le-podium\/"},"author":{"name":"Axel Lauzier","@id":"https:\/\/sport-index.fr\/blog\/#\/schema\/person\/3c864cdc320801e3db34b663e7e3f816"},"headline":"\u00c9chec en combin\u00e9 par \u00e9quipes : Cl\u00e9ment No\u00ebl et Nils All\u00e8gre n&rsquo;atteignent pas le podium","datePublished":"2025-02-13T04:34:34+00:00","mainEntityOfPage":{"@id":"https:\/\/sport-index.fr\/blog\/a-la-une\/echec-en-combine-par-equipes-clement-noel-et-nils-allegre-natteignent-pas-le-podium\/"},"wordCount":545,"commentCount":21,"publisher":{"@id":"https:\/\/sport-index.fr\/blog\/#organization"},"image":{"@id":"https:\/\/sport-index.fr\/blog\/a-la-une\/echec-en-combine-par-equipes-clement-noel-et-nils-allegre-natteignent-pas-le-podium\/#primaryimage"},"thumbnailUrl":"https:\/\/sport-index.fr\/blog\/wp-content\/uploads\/2025\/02\/sdxl-807557dc093b330e61daffd4e3c567a4.png","keywords":["\u00c9quipe","Performance sportive","Pr\u00e9paration Mentale","R\u00e9silience","Ski Alpin"],"articleSection":["\u00c0 la une"],"inLanguage":"fr-FR","potentialAction":[{"@type":"CommentAction","name":"Comment","target":["https:\/\/sport-index.fr\/blog\/a-la-une\/echec-en-combine-par-equipes-clement-noel-et-nils-allegre-natteignent-pas-le-podium\/#respond"]}]},{"@type":"WebPage","@id":"https:\/\/sport-index.fr\/blog\/a-la-une\/echec-en-combine-par-equipes-clement-noel-et-nils-allegre-natteignent-pas-le-podium\/","url":"https:\/\/sport-index.fr\/blog\/a-la-une\/echec-en-combine-par-equipes-clement-noel-et-nils-allegre-natteignent-pas-le-podium\/","name":"\u00c9chec en combin\u00e9 par \u00e9quipes : Cl\u00e9ment No\u00ebl et Nils All\u00e8gre","isPartOf":{"@id":"https:\/\/sport-index.fr\/blog\/#website"},"primaryImageOfPage":{"@id":"https:\/\/sport-index.fr\/blog\/a-la-une\/echec-en-combine-par-equipes-clement-noel-et-nils-allegre-natteignent-pas-le-podium\/#primaryimage"},"image":{"@id":"https:\/\/sport-index.fr\/blog\/a-la-une\/echec-en-combine-par-equipes-clement-noel-et-nils-allegre-natteignent-pas-le-podium\/#primaryimage"},"thumbnailUrl":"https:\/\/sport-index.fr\/blog\/wp-content\/uploads\/2025\/02\/sdxl-807557dc093b330e61daffd4e3c567a4.png","datePublished":"2025-02-13T04:34:34+00:00","description":"Une comp\u00e9tition difficile \u00e0 Saalbach Le combin\u00e9 par \u00e9quipes qui s'est tenu \u00e0 Saalbach a \u00e9t\u00e9 une v\u00e9ritable \u00e9preuve pour le duo fran\u00e7ais compos\u00e9 de Nils\u2026","inLanguage":"fr-FR","potentialAction":[{"@type":"ReadAction","target":["https:\/\/sport-index.fr\/blog\/a-la-une\/echec-en-combine-par-equipes-clement-noel-et-nils-allegre-natteignent-pas-le-podium\/"]}]},{"@type":"ImageObject","inLanguage":"fr-FR","@id":"https:\/\/sport-index.fr\/blog\/a-la-une\/echec-en-combine-par-equipes-clement-noel-et-nils-allegre-natteignent-pas-le-podium\/#primaryimage","url":"https:\/\/sport-index.fr\/blog\/wp-content\/uploads\/2025\/02\/sdxl-807557dc093b330e61daffd4e3c567a4.png","contentUrl":"https:\/\/sport-index.fr\/blog\/wp-content\/uploads\/2025\/02\/sdxl-807557dc093b330e61daffd4e3c567a4.png","width":1536,"height":640},{"@type":"WebSite","@id":"https:\/\/sport-index.fr\/blog\/#website","url":"https:\/\/sport-index.fr\/blog\/","name":"sport-index.fr","description":"Le score de l\u2019analyse sportive.","publisher":{"@id":"https:\/\/sport-index.fr\/blog\/#organization"},"alternateName":"Le score de l\u2019analyse sportive.","potentialAction":[{"@type":"SearchAction","target":{"@type":"EntryPoint","urlTemplate":"https:\/\/sport-index.fr\/blog\/?s={search_term_string}"},"query-input":{"@type":"PropertyValueSpecification","valueRequired":true,"valueName":"search_term_string"}}],"inLanguage":"fr-FR"},{"@type":"Organization","@id":"https:\/\/sport-index.fr\/blog\/#organization","name":"Foretsensations.fr","url":"https:\/\/sport-index.fr\/blog\/","logo":{"@type":"ImageObject","inLanguage":"fr-FR","@id":"https:\/\/sport-index.fr\/blog\/#\/schema\/logo\/image\/","url":"https:\/\/sport-index.fr\/blog\/wp-content\/uploads\/2026\/07\/logo-auto.png","contentUrl":"https:\/\/sport-index.fr\/blog\/wp-content\/uploads\/2026\/07\/logo-auto.png","width":1024,"height":1024,"caption":"Foretsensations.fr"},"image":{"@id":"https:\/\/sport-index.fr\/blog\/#\/schema\/logo\/image\/"}},{"@type":"Person","@id":"https:\/\/sport-index.fr\/blog\/#\/schema\/person\/3c864cdc320801e3db34b663e7e3f816","name":"Axel Lauzier","image":{"@type":"ImageObject","inLanguage":"fr-FR","@id":"https:\/\/sport-index.fr\/blog\/#\/schema\/person\/image\/","url":"https:\/\/sport-index.fr\/blog\/wp-content\/uploads\/2026\/06\/persona_axel-l-96x96.jpg","contentUrl":"https:\/\/sport-index.fr\/blog\/wp-content\/uploads\/2026\/06\/persona_axel-l-96x96.jpg","caption":"Axel Lauzier"},"description":"Le sport rythme mon quotidien depuis l'enfance, et j'en ai fait mon m\u00e9tier d'analyste r\u00e9dactionnel il y a une dizaine d'ann\u00e9es. Je couvre principalement le football, son actualit\u00e9, ses transferts et l'analyse tactique des grandes affiches, mais aussi les disciplines plus confidentielles que j'aime remettre en lumi\u00e8re. Une partie de mon travail porte sur les pronostics et la lecture statistique d'un match : forme des \u00e9quipes, historique des confrontations, compositions, sans jamais vendre de fausse certitude. Je rappelle syst\u00e9matiquement que parier comporte un risque et doit rester un loisir ma\u00eetris\u00e9. Avant de signer une analyse, je v\u00e9rifie mes chiffres, je recoupe les compositions probables et je distingue toujours la donn\u00e9e brute de l'intuition. Mon objectif : offrir une lecture honn\u00eate et argument\u00e9e, pas un ticket gagnant garanti.","sameAs":["https:\/\/axellauzier.fr\/"],"url":"https:\/\/sport-index.fr\/blog\/auteur\/noname\/"}]}},"_links":{"self":[{"href":"https:\/\/sport-index.fr\/blog\/wp-json\/wp\/v2\/posts\/8269","targetHints":{"allow":["GET"]}}],"collection":[{"href":"https:\/\/sport-index.fr\/blog\/wp-json\/wp\/v2\/posts"}],"about":[{"href":"https:\/\/sport-index.fr\/blog\/wp-json\/wp\/v2\/types\/post"}],"author":[{"embeddable":true,"href":"https:\/\/sport-index.fr\/blog\/wp-json\/wp\/v2\/users\/34"}],"replies":[{"embeddable":true,"href":"https:\/\/sport-index.fr\/blog\/wp-json\/wp\/v2\/comments?post=8269"}],"version-history":[{"count":1,"href":"https:\/\/sport-index.fr\/blog\/wp-json\/wp\/v2\/posts\/8269\/revisions"}],"predecessor-version":[{"id":8328,"href":"https:\/\/sport-index.fr\/blog\/wp-json\/wp\/v2\/posts\/8269\/revisions\/8328"}],"wp:featuredmedia":[{"embeddable":true,"href":"https:\/\/sport-index.fr\/blog\/wp-json\/wp\/v2\/media\/10507"}],"wp:attachment":[{"href":"https:\/\/sport-index.fr\/blog\/wp-json\/wp\/v2\/media?parent=8269"}],"wp:term":[{"taxonomy":"category","embeddable":true,"href":"https:\/\/sport-index.fr\/blog\/wp-json\/wp\/v2\/categories?post=8269"},{"taxonomy":"post_tag","embeddable":true,"href":"https:\/\/sport-index.fr\/blog\/wp-json\/wp\/v2\/tags?post=8269"}],"curies":[{"name":"wp","href":"https:\/\/api.w.org\/{rel}","templated":true}]}}