{"id":8276,"date":"2025-02-13T06:55:08","date_gmt":"2025-02-13T05:55:08","guid":{"rendered":"https:\/\/sport-index.fr\/blog\/?p=8276"},"modified":"2025-02-13T06:55:08","modified_gmt":"2025-02-13T05:55:08","slug":"la-victoire-des-suisses-au-combine-masculin-un-exploit-a-ne-pas-manquer","status":"publish","type":"post","link":"https:\/\/sport-index.fr\/blog\/a-la-une\/la-victoire-des-suisses-au-combine-masculin-un-exploit-a-ne-pas-manquer\/","title":{"rendered":"La victoire des Suisses au combin\u00e9 masculin : un exploit \u00e0 ne pas manquer"},"content":{"rendered":"<h2>Le triomphe des champions suisses<\/h2>\n<p>Le combin\u00e9 par \u00e9quipes masculin a offert une finale palpitante lors des Mondiaux de Saalbach, en Autriche. Les skieurs suisses Franjo von Allmen et Lo\u00efc Meillard ont su tirer leur \u00e9pingle du jeu, remportant la premi\u00e8re place gr\u00e2ce \u00e0 une performance exceptionnelle. Cette victoire marque un moment fort pour le ski alpin suisse, qui continue d&rsquo;impressionner sur la sc\u00e8ne internationale.<\/p>\n<p>Les deux athl\u00e8tes ont su combiner leurs forces, l&rsquo;un excelling en descente et l&rsquo;autre en slalom. Ce m\u00e9lange de comp\u00e9tences a permis \u00e0 l&rsquo;\u00e9quipe suisse de surclasser ses rivales, notamment deux autres duos suisses qui ont termin\u00e9 aux deuxi\u00e8me et troisi\u00e8me places. La comp\u00e9tition a donc \u00e9t\u00e9 un v\u00e9ritable festival de talents, mettant en avant la richesse du ski alpin helv\u00e9tique.<\/p>\n<h2>Un podium 100% suisse<\/h2>\n<p>La course s&rsquo;est termin\u00e9e avec un podium enti\u00e8rement suisse, un fait rare et remarquable. En effet, les duos Alexis Monney &#8211; Tanguy Nef et Stefan Rogentin &#8211; Marc Rochat ont respectivement pris la deuxi\u00e8me et la troisi\u00e8me place. Ce r\u00e9sultat d\u00e9montre non seulement la domination de la Suisse dans ce sport, mais \u00e9galement la profondeur de son r\u00e9servoir de talents.<\/p>\n<p>Le fait que trois \u00e9quipes suisses se soient retrouv\u00e9es sur le podium t\u00e9moigne du travail acharn\u00e9 et de la pr\u00e9paration minutieuse des athl\u00e8tes. Chaque skieur a apport\u00e9 sa propre expertise, rendant la comp\u00e9tition encore plus captivante. Ces r\u00e9sultats sont le fruit d&rsquo;ann\u00e9es de d\u00e9vouement et d&rsquo;entra\u00eenement, et ils renforcent la r\u00e9putation de la Suisse comme une nation phare dans le domaine du ski alpin.<\/p>\n<p><iframe loading=\"lazy\" title=\"SKI ALPIN - LE NOUVEAU CHEF D&#039;OEUVRE DE CYPRIEN SARRAZIN SUR LA STREIF DE KITZB\u00dcHEL\" width=\"1200\" height=\"675\" src=\"https:\/\/www.youtube.com\/embed\/oVbxwH9v0DY?feature=oembed\" frameborder=\"0\" allow=\"accelerometer; autoplay; clipboard-write; encrypted-media; gyroscope; picture-in-picture; web-share\" referrerpolicy=\"strict-origin-when-cross-origin\" allowfullscreen><\/iframe><\/p>\n<h2>Les enjeux des Mondiaux de Saalbach<\/h2>\n<p>Les Mondiaux de ski alpin \u00e0 Saalbach se d\u00e9roulent jusqu&rsquo;\u00e0 dimanche, offrant une plateforme id\u00e9ale pour les athl\u00e8tes. Les comp\u00e9titions attirent l&rsquo;attention des amateurs de ski du monde entier, et la performance des Suisses ne fait qu&rsquo;ajouter \u00e0 l&rsquo;excitation. Les cha\u00eenes Eurosport diffusent ces \u00e9v\u00e9nements, permettant ainsi \u00e0 un large public de suivre les exploits des skieurs.<\/p>\n<p>La victoire de Meillard et Von Allmen est d&rsquo;autant plus significative dans le cadre de ces Mondiaux. Elle inspire non seulement les jeunes skieurs, mais aussi toute une nation qui voit ses athl\u00e8tes briller sur la sc\u00e8ne mondiale. Comme le dit si bien Franjo von Allmen : <\/p>\n<blockquote><p>\u00ab Chaque victoire est le r\u00e9sultat d&rsquo;un travail d&rsquo;\u00e9quipe et d&rsquo;une passion commune pour le ski. \u00bb<\/p><\/blockquote>\n<ul>\n<li>Franjo von Allmen et Lo\u00efc Meillard champions du combin\u00e9 par \u00e9quipes<\/li>\n<li>Deux autres duos suisses sur le podium<\/li>\n<li>Les Mondiaux de Saalbach se poursuivent jusqu&rsquo;\u00e0 dimanche<\/li>\n<li>Diffusion sur Eurosport et plateformes partenaires<\/li>\n<li>Un moment fort pour le ski alpin suisse<\/li>\n<\/ul>\n<p>La victoire au combin\u00e9 par \u00e9quipes masculin n&rsquo;est pas qu&rsquo;une simple performance sportive ; elle incarne l&rsquo;esprit de camaraderie et de comp\u00e9tition qui fait la renomm\u00e9e du ski alpin suisse. Les fans attendent avec impatience de voir comment ces athl\u00e8tes continueront \u00e0 briller lors des prochaines \u00e9preuves. La sc\u00e8ne est d\u00e9sormais pr\u00eate pour d&rsquo;autres moments m\u00e9morables qui, sans aucun doute, marqueront l&rsquo;histoire de ce sport passionnant.<\/p>\n","protected":false},"excerpt":{"rendered":"","protected":false},"author":34,"featured_media":10947,"comment_status":"open","ping_status":"open","sticky":false,"template":"","format":"standard","meta":{"_acf_changed":false,"manual_indexmenow":false,"indexmenow_id_project":0,"footnotes":""},"categories":[1],"tags":[4615,4544,4632,4408,4591],"class_list":["post-8276","post","type-post","status-publish","format-standard","has-post-thumbnail","hentry","category-a-la-une","tag-communaute-engagee","tag-equipe","tag-performance-sportive","tag-resilience","tag-ski-alpin","generate-columns","tablet-grid-50","mobile-grid-100","grid-parent","grid-25"],"acf":[],"yoast_head":"<!-- This site is optimized with the Yoast SEO Premium plugin v21.3 (Yoast SEO v26.5) - https:\/\/yoast.com\/wordpress\/plugins\/seo\/ -->\n<title>La victoire des Suisses au combin\u00e9 masculin : un exploit<\/title>\n<meta name=\"description\" content=\"Le triomphe des champions suisses Le combin\u00e9 par \u00e9quipes masculin a offert une finale palpitante lors des Mondiaux de Saalbach, en Autriche. Les skieurs\u2026\" \/>\n<meta name=\"robots\" content=\"index, follow, max-snippet:-1, max-image-preview:large, max-video-preview:-1\" \/>\n<link rel=\"canonical\" href=\"https:\/\/sport-index.fr\/blog\/a-la-une\/la-victoire-des-suisses-au-combine-masculin-un-exploit-a-ne-pas-manquer\/\" \/>\n<meta property=\"og:locale\" content=\"fr_FR\" \/>\n<meta property=\"og:type\" content=\"article\" \/>\n<meta property=\"og:title\" content=\"La victoire des Suisses au combin\u00e9 masculin : un exploit\" \/>\n<meta property=\"og:description\" content=\"Le triomphe des champions suisses Le combin\u00e9 par \u00e9quipes masculin a offert une finale palpitante lors des Mondiaux de Saalbach, en Autriche. Les skieurs\u2026\" \/>\n<meta property=\"og:url\" content=\"https:\/\/sport-index.fr\/blog\/a-la-une\/la-victoire-des-suisses-au-combine-masculin-un-exploit-a-ne-pas-manquer\/\" \/>\n<meta property=\"og:site_name\" content=\"sport-index\" \/>\n<meta name=\"author\" content=\"Axel Lauzier\" \/>\n<meta name=\"twitter:card\" content=\"summary_large_image\" \/>\n<script type=\"application\/ld+json\" class=\"yoast-schema-graph\">{\"@context\":\"https:\/\/schema.org\",\"@graph\":[{\"@type\":\"NewsArticle\",\"@id\":\"https:\/\/sport-index.fr\/blog\/a-la-une\/la-victoire-des-suisses-au-combine-masculin-un-exploit-a-ne-pas-manquer\/#article\",\"isPartOf\":{\"@id\":\"https:\/\/sport-index.fr\/blog\/a-la-une\/la-victoire-des-suisses-au-combine-masculin-un-exploit-a-ne-pas-manquer\/\"},\"author\":{\"name\":\"Axel Lauzier\",\"@id\":\"https:\/\/sport-index.fr\/blog\/#\/schema\/person\/3c864cdc320801e3db34b663e7e3f816\"},\"headline\":\"La victoire des Suisses au combin\u00e9 masculin : un exploit \u00e0 ne pas manquer\",\"datePublished\":\"2025-02-13T05:55:08+00:00\",\"mainEntityOfPage\":{\"@id\":\"https:\/\/sport-index.fr\/blog\/a-la-une\/la-victoire-des-suisses-au-combine-masculin-un-exploit-a-ne-pas-manquer\/\"},\"wordCount\":559,\"commentCount\":28,\"publisher\":{\"@id\":\"https:\/\/sport-index.fr\/blog\/#organization\"},\"image\":{\"@id\":\"https:\/\/sport-index.fr\/blog\/a-la-une\/la-victoire-des-suisses-au-combine-masculin-un-exploit-a-ne-pas-manquer\/#primaryimage\"},\"thumbnailUrl\":\"https:\/\/sport-index.fr\/blog\/wp-content\/uploads\/2025\/02\/sdxl-439b5e2e3b3e4f1bb96f532a49f234e9.png\",\"keywords\":[\"Communaut\u00e9 engag\u00e9e\",\"\u00c9quipe\",\"Performance sportive\",\"R\u00e9silience\",\"Ski Alpin\"],\"articleSection\":[\"\u00c0 la une\"],\"inLanguage\":\"fr-FR\",\"potentialAction\":[{\"@type\":\"CommentAction\",\"name\":\"Comment\",\"target\":[\"https:\/\/sport-index.fr\/blog\/a-la-une\/la-victoire-des-suisses-au-combine-masculin-un-exploit-a-ne-pas-manquer\/#respond\"]}]},{\"@type\":\"WebPage\",\"@id\":\"https:\/\/sport-index.fr\/blog\/a-la-une\/la-victoire-des-suisses-au-combine-masculin-un-exploit-a-ne-pas-manquer\/\",\"url\":\"https:\/\/sport-index.fr\/blog\/a-la-une\/la-victoire-des-suisses-au-combine-masculin-un-exploit-a-ne-pas-manquer\/\",\"name\":\"La victoire des Suisses au combin\u00e9 masculin : un exploit\",\"isPartOf\":{\"@id\":\"https:\/\/sport-index.fr\/blog\/#website\"},\"primaryImageOfPage\":{\"@id\":\"https:\/\/sport-index.fr\/blog\/a-la-une\/la-victoire-des-suisses-au-combine-masculin-un-exploit-a-ne-pas-manquer\/#primaryimage\"},\"image\":{\"@id\":\"https:\/\/sport-index.fr\/blog\/a-la-une\/la-victoire-des-suisses-au-combine-masculin-un-exploit-a-ne-pas-manquer\/#primaryimage\"},\"thumbnailUrl\":\"https:\/\/sport-index.fr\/blog\/wp-content\/uploads\/2025\/02\/sdxl-439b5e2e3b3e4f1bb96f532a49f234e9.png\",\"datePublished\":\"2025-02-13T05:55:08+00:00\",\"description\":\"Le triomphe des champions suisses Le combin\u00e9 par \u00e9quipes masculin a offert une finale palpitante lors des Mondiaux de Saalbach, en Autriche. Les skieurs\u2026\",\"inLanguage\":\"fr-FR\",\"potentialAction\":[{\"@type\":\"ReadAction\",\"target\":[\"https:\/\/sport-index.fr\/blog\/a-la-une\/la-victoire-des-suisses-au-combine-masculin-un-exploit-a-ne-pas-manquer\/\"]}]},{\"@type\":\"ImageObject\",\"inLanguage\":\"fr-FR\",\"@id\":\"https:\/\/sport-index.fr\/blog\/a-la-une\/la-victoire-des-suisses-au-combine-masculin-un-exploit-a-ne-pas-manquer\/#primaryimage\",\"url\":\"https:\/\/sport-index.fr\/blog\/wp-content\/uploads\/2025\/02\/sdxl-439b5e2e3b3e4f1bb96f532a49f234e9.png\",\"contentUrl\":\"https:\/\/sport-index.fr\/blog\/wp-content\/uploads\/2025\/02\/sdxl-439b5e2e3b3e4f1bb96f532a49f234e9.png\",\"width\":1536,\"height\":640},{\"@type\":\"WebSite\",\"@id\":\"https:\/\/sport-index.fr\/blog\/#website\",\"url\":\"https:\/\/sport-index.fr\/blog\/\",\"name\":\"sport-index.fr\",\"description\":\"Le score de l\u2019analyse sportive.\",\"publisher\":{\"@id\":\"https:\/\/sport-index.fr\/blog\/#organization\"},\"alternateName\":\"Le score de l\u2019analyse sportive.\",\"potentialAction\":[{\"@type\":\"SearchAction\",\"target\":{\"@type\":\"EntryPoint\",\"urlTemplate\":\"https:\/\/sport-index.fr\/blog\/?s={search_term_string}\"},\"query-input\":{\"@type\":\"PropertyValueSpecification\",\"valueRequired\":true,\"valueName\":\"search_term_string\"}}],\"inLanguage\":\"fr-FR\"},{\"@type\":\"Organization\",\"@id\":\"https:\/\/sport-index.fr\/blog\/#organization\",\"name\":\"Foretsensations.fr\",\"url\":\"https:\/\/sport-index.fr\/blog\/\",\"logo\":{\"@type\":\"ImageObject\",\"inLanguage\":\"fr-FR\",\"@id\":\"https:\/\/sport-index.fr\/blog\/#\/schema\/logo\/image\/\",\"url\":\"https:\/\/sport-index.fr\/blog\/wp-content\/uploads\/2026\/07\/logo-auto.png\",\"contentUrl\":\"https:\/\/sport-index.fr\/blog\/wp-content\/uploads\/2026\/07\/logo-auto.png\",\"width\":1024,\"height\":1024,\"caption\":\"Foretsensations.fr\"},\"image\":{\"@id\":\"https:\/\/sport-index.fr\/blog\/#\/schema\/logo\/image\/\"}},{\"@type\":\"Person\",\"@id\":\"https:\/\/sport-index.fr\/blog\/#\/schema\/person\/3c864cdc320801e3db34b663e7e3f816\",\"name\":\"Axel Lauzier\",\"image\":{\"@type\":\"ImageObject\",\"inLanguage\":\"fr-FR\",\"@id\":\"https:\/\/sport-index.fr\/blog\/#\/schema\/person\/image\/\",\"url\":\"https:\/\/sport-index.fr\/blog\/wp-content\/uploads\/2026\/06\/persona_axel-l-96x96.jpg\",\"contentUrl\":\"https:\/\/sport-index.fr\/blog\/wp-content\/uploads\/2026\/06\/persona_axel-l-96x96.jpg\",\"caption\":\"Axel Lauzier\"},\"description\":\"Le sport rythme mon quotidien depuis l'enfance, et j'en ai fait mon m\u00e9tier d'analyste r\u00e9dactionnel il y a une dizaine d'ann\u00e9es. Je couvre principalement le football, son actualit\u00e9, ses transferts et l'analyse tactique des grandes affiches, mais aussi les disciplines plus confidentielles que j'aime remettre en lumi\u00e8re. Une partie de mon travail porte sur les pronostics et la lecture statistique d'un match : forme des \u00e9quipes, historique des confrontations, compositions, sans jamais vendre de fausse certitude. Je rappelle syst\u00e9matiquement que parier comporte un risque et doit rester un loisir ma\u00eetris\u00e9. Avant de signer une analyse, je v\u00e9rifie mes chiffres, je recoupe les compositions probables et je distingue toujours la donn\u00e9e brute de l'intuition. Mon objectif : offrir une lecture honn\u00eate et argument\u00e9e, pas un ticket gagnant garanti.\",\"sameAs\":[\"https:\/\/axellauzier.fr\/\"],\"url\":\"https:\/\/sport-index.fr\/blog\/auteur\/noname\/\"}]}<\/script>\n<!-- \/ Yoast SEO Premium plugin. -->","yoast_head_json":{"title":"La victoire des Suisses au combin\u00e9 masculin : un exploit","description":"Le triomphe des champions suisses Le combin\u00e9 par \u00e9quipes masculin a offert une finale palpitante lors des Mondiaux de Saalbach, en Autriche. Les skieurs\u2026","robots":{"index":"index","follow":"follow","max-snippet":"max-snippet:-1","max-image-preview":"max-image-preview:large","max-video-preview":"max-video-preview:-1"},"canonical":"https:\/\/sport-index.fr\/blog\/a-la-une\/la-victoire-des-suisses-au-combine-masculin-un-exploit-a-ne-pas-manquer\/","og_locale":"fr_FR","og_type":"article","og_title":"La victoire des Suisses au combin\u00e9 masculin : un exploit","og_description":"Le triomphe des champions suisses Le combin\u00e9 par \u00e9quipes masculin a offert une finale palpitante lors des Mondiaux de Saalbach, en Autriche. Les skieurs\u2026","og_url":"https:\/\/sport-index.fr\/blog\/a-la-une\/la-victoire-des-suisses-au-combine-masculin-un-exploit-a-ne-pas-manquer\/","og_site_name":"sport-index","author":"Axel Lauzier","twitter_card":"summary_large_image","schema":{"@context":"https:\/\/schema.org","@graph":[{"@type":"NewsArticle","@id":"https:\/\/sport-index.fr\/blog\/a-la-une\/la-victoire-des-suisses-au-combine-masculin-un-exploit-a-ne-pas-manquer\/#article","isPartOf":{"@id":"https:\/\/sport-index.fr\/blog\/a-la-une\/la-victoire-des-suisses-au-combine-masculin-un-exploit-a-ne-pas-manquer\/"},"author":{"name":"Axel Lauzier","@id":"https:\/\/sport-index.fr\/blog\/#\/schema\/person\/3c864cdc320801e3db34b663e7e3f816"},"headline":"La victoire des Suisses au combin\u00e9 masculin : un exploit \u00e0 ne pas manquer","datePublished":"2025-02-13T05:55:08+00:00","mainEntityOfPage":{"@id":"https:\/\/sport-index.fr\/blog\/a-la-une\/la-victoire-des-suisses-au-combine-masculin-un-exploit-a-ne-pas-manquer\/"},"wordCount":559,"commentCount":28,"publisher":{"@id":"https:\/\/sport-index.fr\/blog\/#organization"},"image":{"@id":"https:\/\/sport-index.fr\/blog\/a-la-une\/la-victoire-des-suisses-au-combine-masculin-un-exploit-a-ne-pas-manquer\/#primaryimage"},"thumbnailUrl":"https:\/\/sport-index.fr\/blog\/wp-content\/uploads\/2025\/02\/sdxl-439b5e2e3b3e4f1bb96f532a49f234e9.png","keywords":["Communaut\u00e9 engag\u00e9e","\u00c9quipe","Performance sportive","R\u00e9silience","Ski Alpin"],"articleSection":["\u00c0 la une"],"inLanguage":"fr-FR","potentialAction":[{"@type":"CommentAction","name":"Comment","target":["https:\/\/sport-index.fr\/blog\/a-la-une\/la-victoire-des-suisses-au-combine-masculin-un-exploit-a-ne-pas-manquer\/#respond"]}]},{"@type":"WebPage","@id":"https:\/\/sport-index.fr\/blog\/a-la-une\/la-victoire-des-suisses-au-combine-masculin-un-exploit-a-ne-pas-manquer\/","url":"https:\/\/sport-index.fr\/blog\/a-la-une\/la-victoire-des-suisses-au-combine-masculin-un-exploit-a-ne-pas-manquer\/","name":"La victoire des Suisses au combin\u00e9 masculin : un exploit","isPartOf":{"@id":"https:\/\/sport-index.fr\/blog\/#website"},"primaryImageOfPage":{"@id":"https:\/\/sport-index.fr\/blog\/a-la-une\/la-victoire-des-suisses-au-combine-masculin-un-exploit-a-ne-pas-manquer\/#primaryimage"},"image":{"@id":"https:\/\/sport-index.fr\/blog\/a-la-une\/la-victoire-des-suisses-au-combine-masculin-un-exploit-a-ne-pas-manquer\/#primaryimage"},"thumbnailUrl":"https:\/\/sport-index.fr\/blog\/wp-content\/uploads\/2025\/02\/sdxl-439b5e2e3b3e4f1bb96f532a49f234e9.png","datePublished":"2025-02-13T05:55:08+00:00","description":"Le triomphe des champions suisses Le combin\u00e9 par \u00e9quipes masculin a offert une finale palpitante lors des Mondiaux de Saalbach, en Autriche. Les skieurs\u2026","inLanguage":"fr-FR","potentialAction":[{"@type":"ReadAction","target":["https:\/\/sport-index.fr\/blog\/a-la-une\/la-victoire-des-suisses-au-combine-masculin-un-exploit-a-ne-pas-manquer\/"]}]},{"@type":"ImageObject","inLanguage":"fr-FR","@id":"https:\/\/sport-index.fr\/blog\/a-la-une\/la-victoire-des-suisses-au-combine-masculin-un-exploit-a-ne-pas-manquer\/#primaryimage","url":"https:\/\/sport-index.fr\/blog\/wp-content\/uploads\/2025\/02\/sdxl-439b5e2e3b3e4f1bb96f532a49f234e9.png","contentUrl":"https:\/\/sport-index.fr\/blog\/wp-content\/uploads\/2025\/02\/sdxl-439b5e2e3b3e4f1bb96f532a49f234e9.png","width":1536,"height":640},{"@type":"WebSite","@id":"https:\/\/sport-index.fr\/blog\/#website","url":"https:\/\/sport-index.fr\/blog\/","name":"sport-index.fr","description":"Le score de l\u2019analyse sportive.","publisher":{"@id":"https:\/\/sport-index.fr\/blog\/#organization"},"alternateName":"Le score de l\u2019analyse sportive.","potentialAction":[{"@type":"SearchAction","target":{"@type":"EntryPoint","urlTemplate":"https:\/\/sport-index.fr\/blog\/?s={search_term_string}"},"query-input":{"@type":"PropertyValueSpecification","valueRequired":true,"valueName":"search_term_string"}}],"inLanguage":"fr-FR"},{"@type":"Organization","@id":"https:\/\/sport-index.fr\/blog\/#organization","name":"Foretsensations.fr","url":"https:\/\/sport-index.fr\/blog\/","logo":{"@type":"ImageObject","inLanguage":"fr-FR","@id":"https:\/\/sport-index.fr\/blog\/#\/schema\/logo\/image\/","url":"https:\/\/sport-index.fr\/blog\/wp-content\/uploads\/2026\/07\/logo-auto.png","contentUrl":"https:\/\/sport-index.fr\/blog\/wp-content\/uploads\/2026\/07\/logo-auto.png","width":1024,"height":1024,"caption":"Foretsensations.fr"},"image":{"@id":"https:\/\/sport-index.fr\/blog\/#\/schema\/logo\/image\/"}},{"@type":"Person","@id":"https:\/\/sport-index.fr\/blog\/#\/schema\/person\/3c864cdc320801e3db34b663e7e3f816","name":"Axel Lauzier","image":{"@type":"ImageObject","inLanguage":"fr-FR","@id":"https:\/\/sport-index.fr\/blog\/#\/schema\/person\/image\/","url":"https:\/\/sport-index.fr\/blog\/wp-content\/uploads\/2026\/06\/persona_axel-l-96x96.jpg","contentUrl":"https:\/\/sport-index.fr\/blog\/wp-content\/uploads\/2026\/06\/persona_axel-l-96x96.jpg","caption":"Axel Lauzier"},"description":"Le sport rythme mon quotidien depuis l'enfance, et j'en ai fait mon m\u00e9tier d'analyste r\u00e9dactionnel il y a une dizaine d'ann\u00e9es. Je couvre principalement le football, son actualit\u00e9, ses transferts et l'analyse tactique des grandes affiches, mais aussi les disciplines plus confidentielles que j'aime remettre en lumi\u00e8re. Une partie de mon travail porte sur les pronostics et la lecture statistique d'un match : forme des \u00e9quipes, historique des confrontations, compositions, sans jamais vendre de fausse certitude. Je rappelle syst\u00e9matiquement que parier comporte un risque et doit rester un loisir ma\u00eetris\u00e9. Avant de signer une analyse, je v\u00e9rifie mes chiffres, je recoupe les compositions probables et je distingue toujours la donn\u00e9e brute de l'intuition. Mon objectif : offrir une lecture honn\u00eate et argument\u00e9e, pas un ticket gagnant garanti.","sameAs":["https:\/\/axellauzier.fr\/"],"url":"https:\/\/sport-index.fr\/blog\/auteur\/noname\/"}]}},"_links":{"self":[{"href":"https:\/\/sport-index.fr\/blog\/wp-json\/wp\/v2\/posts\/8276","targetHints":{"allow":["GET"]}}],"collection":[{"href":"https:\/\/sport-index.fr\/blog\/wp-json\/wp\/v2\/posts"}],"about":[{"href":"https:\/\/sport-index.fr\/blog\/wp-json\/wp\/v2\/types\/post"}],"author":[{"embeddable":true,"href":"https:\/\/sport-index.fr\/blog\/wp-json\/wp\/v2\/users\/34"}],"replies":[{"embeddable":true,"href":"https:\/\/sport-index.fr\/blog\/wp-json\/wp\/v2\/comments?post=8276"}],"version-history":[{"count":1,"href":"https:\/\/sport-index.fr\/blog\/wp-json\/wp\/v2\/posts\/8276\/revisions"}],"predecessor-version":[{"id":8336,"href":"https:\/\/sport-index.fr\/blog\/wp-json\/wp\/v2\/posts\/8276\/revisions\/8336"}],"wp:featuredmedia":[{"embeddable":true,"href":"https:\/\/sport-index.fr\/blog\/wp-json\/wp\/v2\/media\/10947"}],"wp:attachment":[{"href":"https:\/\/sport-index.fr\/blog\/wp-json\/wp\/v2\/media?parent=8276"}],"wp:term":[{"taxonomy":"category","embeddable":true,"href":"https:\/\/sport-index.fr\/blog\/wp-json\/wp\/v2\/categories?post=8276"},{"taxonomy":"post_tag","embeddable":true,"href":"https:\/\/sport-index.fr\/blog\/wp-json\/wp\/v2\/tags?post=8276"}],"curies":[{"name":"wp","href":"https:\/\/api.w.org\/{rel}","templated":true}]}}