{"id":8280,"date":"2025-02-13T07:08:30","date_gmt":"2025-02-13T06:08:30","guid":{"rendered":"https:\/\/sport-index.fr\/blog\/?p=8280"},"modified":"2025-02-12T15:55:30","modified_gmt":"2025-02-12T14:55:30","slug":"victoire-eclatante-des-bleus-au-relais-mixte-la-norvege-a-la-traine-et-un-incident-pour-samuelsson","status":"publish","type":"post","link":"https:\/\/sport-index.fr\/blog\/a-la-une\/victoire-eclatante-des-bleus-au-relais-mixte-la-norvege-a-la-traine-et-un-incident-pour-samuelsson\/","title":{"rendered":"Victoire \u00e9clatante des Bleus au relais mixte, la Norv\u00e8ge \u00e0 la tra\u00eene et un incident pour Samuelsson"},"content":{"rendered":"<p>\u00c9milien Jacquelin, en terminant la course malgr\u00e9 un tour de p\u00e9nalit\u00e9, a permis \u00e0 l&rsquo;\u00e9quipe de France de d\u00e9crocher la m\u00e9daille d&rsquo;or. Ce triomphe a \u00e9t\u00e9 d&rsquo;autant plus significatif que la Norv\u00e8ge, attendue en haut du podium, a d\u00fb se contenter d&rsquo;une d\u00e9ception, tandis que la Su\u00e8de a vu son espoir s&rsquo;effondrer avec la chute de Sebastian Samuelsson.<\/p>\n<h2>Un relais mixte sous tension<\/h2>\n<p>Le relais mixte est toujours un moment palpitant dans le monde du biathlon, et cette ann\u00e9e ne fait pas exception. Chaque \u00e9quipe compose de deux hommes et deux femmes, chaque athl\u00e8te devant effectuer une distance de 6 \u00e0 7,5 km tout en tirant sur des cibles. La comp\u00e9tition de Lenzerheide a tenu toutes ses promesses, avec des rebondissements \u00e0 chaque tour.<\/p>\n<p>Les Fran\u00e7ais, men\u00e9s par Simon Fourcade, ont commenc\u00e9 en force, \u00e9tablissant un rythme qui a mis la pression sur leurs rivaux. Avec des tirs pr\u00e9cis et une strat\u00e9gie bien orchestr\u00e9e, ils ont rapidement pris l&rsquo;avantage, donnant un coup de fouet \u00e0 leurs co\u00e9quipiers en relais. L&rsquo;\u00e9quipe tch\u00e8que et l&rsquo;Allemagne ont \u00e9galement montr\u00e9 d&rsquo;excellentes performances, mais rien ne pouvait stopper les Bleus.<\/p>\n<h2>La chute de Samuelsson : un tournant d\u00e9cisif<\/h2>\n<p>Sebastian Samuelsson, un des favoris de la comp\u00e9tition, a malheureusement connu un moment de malchance qui a co\u00fbt\u00e9 cher \u00e0 son \u00e9quipe. Alors qu\u2019il se battait pour maintenir la Su\u00e8de dans la course, il a gliss\u00e9 et est tomb\u00e9, perdant ainsi un temps pr\u00e9cieux. Ce retournement de situation a non seulement affect\u00e9 ses performances, mais \u00e9galement l&rsquo;\u00e9lan de l&rsquo;\u00e9quipe su\u00e9doise.<\/p>\n<p>Cette chute a \u00e9t\u00e9 d&rsquo;autant plus d\u00e9cevante qu&rsquo;elle a eu lieu \u00e0 un moment crucial de la course. Les Su\u00e9dois, qui esp\u00e9raient une m\u00e9daille, se sont finalement retrouv\u00e9s en dehors du podium. Cette \u00e9preuve rappelle que le biathlon, bien que technique, est aussi un sport impr\u00e9visible o\u00f9 chaque d\u00e9tail compte.<\/p>\n<h2>Un podium bien m\u00e9rit\u00e9 pour les Bleus<\/h2>\n<p>Le quatuor fran\u00e7ais, compos\u00e9 de Simon Fourcade, Lou Jeanmonnot, Justine Braisaz-Bouchet et \u00c9milien Jacquelin, a su faire preuve d&rsquo;une coh\u00e9sion exemplaire. Leur travail d&rsquo;\u00e9quipe et leur d\u00e9termination ont \u00e9t\u00e9 les cl\u00e9s de leur succ\u00e8s, permettant \u00e0 la France de briller sur la sc\u00e8ne internationale. Leurs performances individuelles ont \u00e9galement \u00e9t\u00e9 \u00e0 la hauteur des attentes, chacun apportant sa pierre \u00e0 l&rsquo;\u00e9difice.<\/p>\n<p>Cette victoire r\u00e9sonne comme un symbole de la force du biathlon fran\u00e7ais, qui continue de se faire un nom dans ce sport exigeant. Les athl\u00e8tes fran\u00e7ais ont montr\u00e9 qu&rsquo;ils peuvent rivaliser avec les meilleurs, et leur succ\u00e8s \u00e0 Lenzerheide en est une preuve \u00e9clatante. Leurs exploits sont \u00e0 encourager et \u00e0 suivre de pr\u00e8s dans les prochaines comp\u00e9titions.<\/p>\n<ul>\n<li>\u00c9milien Jacquelin a termin\u00e9 malgr\u00e9 un tour de p\u00e9nalit\u00e9.<\/li>\n<li>La France a remport\u00e9 la m\u00e9daille d&rsquo;or au relais mixte.<\/li>\n<li>La Norv\u00e8ge et la Su\u00e8de ont \u00e9chou\u00e9 au pied du podium.<\/li>\n<li>Simon Fourcade a men\u00e9 le relais avec brio.<\/li>\n<li>La chute de Samuelsson a \u00e9t\u00e9 un moment cl\u00e9 de la course.<\/li>\n<\/ul>\n<blockquote><p>\u00ab Ce fut un moment incroyable de voir notre \u00e9quipe se battre de cette mani\u00e8re. \u00bb &#8211; \u00c9milien Jacquelin<\/p><\/blockquote>\n<p>Le relais mixte de Lenzerheide a donc \u00e9t\u00e9 le th\u00e9\u00e2tre d&rsquo;une bataille passionnante, avec des \u00e9motions fortes et des performances m\u00e9morables. Les Bleus ont prouv\u00e9 qu&rsquo;ils \u00e9taient non seulement l\u00e0 pour participer, mais pour gagner. Ce succ\u00e8s augure d&rsquo;un avenir radieux pour le biathlon fran\u00e7ais, et les regards sont d\u00e9j\u00e0 tourn\u00e9s vers les prochaines comp\u00e9titions.<\/p>\n<p>Cet article met en lumi\u00e8re la victoire des athl\u00e8tes fran\u00e7ais tout en abordant les d\u00e9fis rencontr\u00e9s par leurs concurrents, offrant une perspective compl\u00e8te de l&rsquo;\u00e9v\u00e9nement.<\/p>\n","protected":false},"excerpt":{"rendered":"","protected":false},"author":34,"featured_media":11318,"comment_status":"open","ping_status":"open","sticky":false,"template":"","format":"standard","meta":{"_acf_changed":false,"manual_indexmenow":false,"indexmenow_id_project":0,"footnotes":""},"categories":[1],"tags":[5053,4615,4544,4543,4408],"class_list":["post-8280","post","type-post","status-publish","format-standard","has-post-thumbnail","hentry","category-a-la-une","tag-biathlon","tag-communaute-engagee","tag-equipe","tag-performance","tag-resilience","generate-columns","tablet-grid-50","mobile-grid-100","grid-parent","grid-25"],"acf":[],"yoast_head":"<!-- This site is optimized with the Yoast SEO Premium plugin v21.3 (Yoast SEO v26.5) - https:\/\/yoast.com\/wordpress\/plugins\/seo\/ -->\n<title>Victoire \u00e9clatante des Bleus au relais mixte, la Norv\u00e8ge<\/title>\n<meta name=\"description\" content=\"\u00c9milien Jacquelin, en terminant la course malgr\u00e9 un tour de p\u00e9nalit\u00e9, a permis \u00e0 l&#039;\u00e9quipe de France de d\u00e9crocher la m\u00e9daille d&#039;or. Ce triomphe a \u00e9t\u00e9\u2026\" \/>\n<meta name=\"robots\" content=\"index, follow, max-snippet:-1, max-image-preview:large, max-video-preview:-1\" \/>\n<link rel=\"canonical\" href=\"https:\/\/sport-index.fr\/blog\/a-la-une\/victoire-eclatante-des-bleus-au-relais-mixte-la-norvege-a-la-traine-et-un-incident-pour-samuelsson\/\" \/>\n<meta property=\"og:locale\" content=\"fr_FR\" \/>\n<meta property=\"og:type\" content=\"article\" \/>\n<meta property=\"og:title\" content=\"Victoire \u00e9clatante des Bleus au relais mixte, la Norv\u00e8ge\" \/>\n<meta property=\"og:description\" content=\"\u00c9milien Jacquelin, en terminant la course malgr\u00e9 un tour de p\u00e9nalit\u00e9, a permis \u00e0 l&#039;\u00e9quipe de France de d\u00e9crocher la m\u00e9daille d&#039;or. Ce triomphe a \u00e9t\u00e9\u2026\" \/>\n<meta property=\"og:url\" content=\"https:\/\/sport-index.fr\/blog\/a-la-une\/victoire-eclatante-des-bleus-au-relais-mixte-la-norvege-a-la-traine-et-un-incident-pour-samuelsson\/\" \/>\n<meta property=\"og:site_name\" content=\"sport-index\" \/>\n<meta name=\"author\" content=\"Axel Lauzier\" \/>\n<meta name=\"twitter:card\" content=\"summary_large_image\" \/>\n<script type=\"application\/ld+json\" class=\"yoast-schema-graph\">{\"@context\":\"https:\/\/schema.org\",\"@graph\":[{\"@type\":\"NewsArticle\",\"@id\":\"https:\/\/sport-index.fr\/blog\/a-la-une\/victoire-eclatante-des-bleus-au-relais-mixte-la-norvege-a-la-traine-et-un-incident-pour-samuelsson\/#article\",\"isPartOf\":{\"@id\":\"https:\/\/sport-index.fr\/blog\/a-la-une\/victoire-eclatante-des-bleus-au-relais-mixte-la-norvege-a-la-traine-et-un-incident-pour-samuelsson\/\"},\"author\":{\"name\":\"Axel Lauzier\",\"@id\":\"https:\/\/sport-index.fr\/blog\/#\/schema\/person\/3c864cdc320801e3db34b663e7e3f816\"},\"headline\":\"Victoire \u00e9clatante des Bleus au relais mixte, la Norv\u00e8ge \u00e0 la tra\u00eene et un incident pour Samuelsson\",\"datePublished\":\"2025-02-13T06:08:30+00:00\",\"mainEntityOfPage\":{\"@id\":\"https:\/\/sport-index.fr\/blog\/a-la-une\/victoire-eclatante-des-bleus-au-relais-mixte-la-norvege-a-la-traine-et-un-incident-pour-samuelsson\/\"},\"wordCount\":664,\"commentCount\":29,\"publisher\":{\"@id\":\"https:\/\/sport-index.fr\/blog\/#organization\"},\"image\":{\"@id\":\"https:\/\/sport-index.fr\/blog\/a-la-une\/victoire-eclatante-des-bleus-au-relais-mixte-la-norvege-a-la-traine-et-un-incident-pour-samuelsson\/#primaryimage\"},\"thumbnailUrl\":\"https:\/\/sport-index.fr\/blog\/wp-content\/uploads\/2025\/02\/sdxl-99076dc2c912bf38bbb40fe95e6a1915.png\",\"keywords\":[\"Biathlon\",\"Communaut\u00e9 engag\u00e9e\",\"\u00c9quipe\",\"Performance\",\"R\u00e9silience\"],\"articleSection\":[\"\u00c0 la une\"],\"inLanguage\":\"fr-FR\",\"potentialAction\":[{\"@type\":\"CommentAction\",\"name\":\"Comment\",\"target\":[\"https:\/\/sport-index.fr\/blog\/a-la-une\/victoire-eclatante-des-bleus-au-relais-mixte-la-norvege-a-la-traine-et-un-incident-pour-samuelsson\/#respond\"]}]},{\"@type\":\"WebPage\",\"@id\":\"https:\/\/sport-index.fr\/blog\/a-la-une\/victoire-eclatante-des-bleus-au-relais-mixte-la-norvege-a-la-traine-et-un-incident-pour-samuelsson\/\",\"url\":\"https:\/\/sport-index.fr\/blog\/a-la-une\/victoire-eclatante-des-bleus-au-relais-mixte-la-norvege-a-la-traine-et-un-incident-pour-samuelsson\/\",\"name\":\"Victoire \u00e9clatante des Bleus au relais mixte, la Norv\u00e8ge\",\"isPartOf\":{\"@id\":\"https:\/\/sport-index.fr\/blog\/#website\"},\"primaryImageOfPage\":{\"@id\":\"https:\/\/sport-index.fr\/blog\/a-la-une\/victoire-eclatante-des-bleus-au-relais-mixte-la-norvege-a-la-traine-et-un-incident-pour-samuelsson\/#primaryimage\"},\"image\":{\"@id\":\"https:\/\/sport-index.fr\/blog\/a-la-une\/victoire-eclatante-des-bleus-au-relais-mixte-la-norvege-a-la-traine-et-un-incident-pour-samuelsson\/#primaryimage\"},\"thumbnailUrl\":\"https:\/\/sport-index.fr\/blog\/wp-content\/uploads\/2025\/02\/sdxl-99076dc2c912bf38bbb40fe95e6a1915.png\",\"datePublished\":\"2025-02-13T06:08:30+00:00\",\"description\":\"\u00c9milien Jacquelin, en terminant la course malgr\u00e9 un tour de p\u00e9nalit\u00e9, a permis \u00e0 l'\u00e9quipe de France de d\u00e9crocher la m\u00e9daille d'or. Ce triomphe a \u00e9t\u00e9\u2026\",\"inLanguage\":\"fr-FR\",\"potentialAction\":[{\"@type\":\"ReadAction\",\"target\":[\"https:\/\/sport-index.fr\/blog\/a-la-une\/victoire-eclatante-des-bleus-au-relais-mixte-la-norvege-a-la-traine-et-un-incident-pour-samuelsson\/\"]}]},{\"@type\":\"ImageObject\",\"inLanguage\":\"fr-FR\",\"@id\":\"https:\/\/sport-index.fr\/blog\/a-la-une\/victoire-eclatante-des-bleus-au-relais-mixte-la-norvege-a-la-traine-et-un-incident-pour-samuelsson\/#primaryimage\",\"url\":\"https:\/\/sport-index.fr\/blog\/wp-content\/uploads\/2025\/02\/sdxl-99076dc2c912bf38bbb40fe95e6a1915.png\",\"contentUrl\":\"https:\/\/sport-index.fr\/blog\/wp-content\/uploads\/2025\/02\/sdxl-99076dc2c912bf38bbb40fe95e6a1915.png\",\"width\":1536,\"height\":640},{\"@type\":\"WebSite\",\"@id\":\"https:\/\/sport-index.fr\/blog\/#website\",\"url\":\"https:\/\/sport-index.fr\/blog\/\",\"name\":\"sport-index.fr\",\"description\":\"Le score de l\u2019analyse sportive.\",\"publisher\":{\"@id\":\"https:\/\/sport-index.fr\/blog\/#organization\"},\"alternateName\":\"Le score de l\u2019analyse sportive.\",\"potentialAction\":[{\"@type\":\"SearchAction\",\"target\":{\"@type\":\"EntryPoint\",\"urlTemplate\":\"https:\/\/sport-index.fr\/blog\/?s={search_term_string}\"},\"query-input\":{\"@type\":\"PropertyValueSpecification\",\"valueRequired\":true,\"valueName\":\"search_term_string\"}}],\"inLanguage\":\"fr-FR\"},{\"@type\":\"Organization\",\"@id\":\"https:\/\/sport-index.fr\/blog\/#organization\",\"name\":\"Foretsensations.fr\",\"url\":\"https:\/\/sport-index.fr\/blog\/\",\"logo\":{\"@type\":\"ImageObject\",\"inLanguage\":\"fr-FR\",\"@id\":\"https:\/\/sport-index.fr\/blog\/#\/schema\/logo\/image\/\",\"url\":\"https:\/\/sport-index.fr\/blog\/wp-content\/uploads\/2026\/07\/logo-auto.png\",\"contentUrl\":\"https:\/\/sport-index.fr\/blog\/wp-content\/uploads\/2026\/07\/logo-auto.png\",\"width\":1024,\"height\":1024,\"caption\":\"Foretsensations.fr\"},\"image\":{\"@id\":\"https:\/\/sport-index.fr\/blog\/#\/schema\/logo\/image\/\"}},{\"@type\":\"Person\",\"@id\":\"https:\/\/sport-index.fr\/blog\/#\/schema\/person\/3c864cdc320801e3db34b663e7e3f816\",\"name\":\"Axel Lauzier\",\"image\":{\"@type\":\"ImageObject\",\"inLanguage\":\"fr-FR\",\"@id\":\"https:\/\/sport-index.fr\/blog\/#\/schema\/person\/image\/\",\"url\":\"https:\/\/sport-index.fr\/blog\/wp-content\/uploads\/2026\/06\/persona_axel-l-96x96.jpg\",\"contentUrl\":\"https:\/\/sport-index.fr\/blog\/wp-content\/uploads\/2026\/06\/persona_axel-l-96x96.jpg\",\"caption\":\"Axel Lauzier\"},\"description\":\"Le sport rythme mon quotidien depuis l'enfance, et j'en ai fait mon m\u00e9tier d'analyste r\u00e9dactionnel il y a une dizaine d'ann\u00e9es. Je couvre principalement le football, son actualit\u00e9, ses transferts et l'analyse tactique des grandes affiches, mais aussi les disciplines plus confidentielles que j'aime remettre en lumi\u00e8re. Une partie de mon travail porte sur les pronostics et la lecture statistique d'un match : forme des \u00e9quipes, historique des confrontations, compositions, sans jamais vendre de fausse certitude. Je rappelle syst\u00e9matiquement que parier comporte un risque et doit rester un loisir ma\u00eetris\u00e9. Avant de signer une analyse, je v\u00e9rifie mes chiffres, je recoupe les compositions probables et je distingue toujours la donn\u00e9e brute de l'intuition. Mon objectif : offrir une lecture honn\u00eate et argument\u00e9e, pas un ticket gagnant garanti.\",\"sameAs\":[\"https:\/\/axellauzier.fr\/\"],\"url\":\"https:\/\/sport-index.fr\/blog\/auteur\/noname\/\"}]}<\/script>\n<!-- \/ Yoast SEO Premium plugin. -->","yoast_head_json":{"title":"Victoire \u00e9clatante des Bleus au relais mixte, la Norv\u00e8ge","description":"\u00c9milien Jacquelin, en terminant la course malgr\u00e9 un tour de p\u00e9nalit\u00e9, a permis \u00e0 l'\u00e9quipe de France de d\u00e9crocher la m\u00e9daille d'or. Ce triomphe a \u00e9t\u00e9\u2026","robots":{"index":"index","follow":"follow","max-snippet":"max-snippet:-1","max-image-preview":"max-image-preview:large","max-video-preview":"max-video-preview:-1"},"canonical":"https:\/\/sport-index.fr\/blog\/a-la-une\/victoire-eclatante-des-bleus-au-relais-mixte-la-norvege-a-la-traine-et-un-incident-pour-samuelsson\/","og_locale":"fr_FR","og_type":"article","og_title":"Victoire \u00e9clatante des Bleus au relais mixte, la Norv\u00e8ge","og_description":"\u00c9milien Jacquelin, en terminant la course malgr\u00e9 un tour de p\u00e9nalit\u00e9, a permis \u00e0 l'\u00e9quipe de France de d\u00e9crocher la m\u00e9daille d'or. Ce triomphe a \u00e9t\u00e9\u2026","og_url":"https:\/\/sport-index.fr\/blog\/a-la-une\/victoire-eclatante-des-bleus-au-relais-mixte-la-norvege-a-la-traine-et-un-incident-pour-samuelsson\/","og_site_name":"sport-index","author":"Axel Lauzier","twitter_card":"summary_large_image","schema":{"@context":"https:\/\/schema.org","@graph":[{"@type":"NewsArticle","@id":"https:\/\/sport-index.fr\/blog\/a-la-une\/victoire-eclatante-des-bleus-au-relais-mixte-la-norvege-a-la-traine-et-un-incident-pour-samuelsson\/#article","isPartOf":{"@id":"https:\/\/sport-index.fr\/blog\/a-la-une\/victoire-eclatante-des-bleus-au-relais-mixte-la-norvege-a-la-traine-et-un-incident-pour-samuelsson\/"},"author":{"name":"Axel Lauzier","@id":"https:\/\/sport-index.fr\/blog\/#\/schema\/person\/3c864cdc320801e3db34b663e7e3f816"},"headline":"Victoire \u00e9clatante des Bleus au relais mixte, la Norv\u00e8ge \u00e0 la tra\u00eene et un incident pour Samuelsson","datePublished":"2025-02-13T06:08:30+00:00","mainEntityOfPage":{"@id":"https:\/\/sport-index.fr\/blog\/a-la-une\/victoire-eclatante-des-bleus-au-relais-mixte-la-norvege-a-la-traine-et-un-incident-pour-samuelsson\/"},"wordCount":664,"commentCount":29,"publisher":{"@id":"https:\/\/sport-index.fr\/blog\/#organization"},"image":{"@id":"https:\/\/sport-index.fr\/blog\/a-la-une\/victoire-eclatante-des-bleus-au-relais-mixte-la-norvege-a-la-traine-et-un-incident-pour-samuelsson\/#primaryimage"},"thumbnailUrl":"https:\/\/sport-index.fr\/blog\/wp-content\/uploads\/2025\/02\/sdxl-99076dc2c912bf38bbb40fe95e6a1915.png","keywords":["Biathlon","Communaut\u00e9 engag\u00e9e","\u00c9quipe","Performance","R\u00e9silience"],"articleSection":["\u00c0 la une"],"inLanguage":"fr-FR","potentialAction":[{"@type":"CommentAction","name":"Comment","target":["https:\/\/sport-index.fr\/blog\/a-la-une\/victoire-eclatante-des-bleus-au-relais-mixte-la-norvege-a-la-traine-et-un-incident-pour-samuelsson\/#respond"]}]},{"@type":"WebPage","@id":"https:\/\/sport-index.fr\/blog\/a-la-une\/victoire-eclatante-des-bleus-au-relais-mixte-la-norvege-a-la-traine-et-un-incident-pour-samuelsson\/","url":"https:\/\/sport-index.fr\/blog\/a-la-une\/victoire-eclatante-des-bleus-au-relais-mixte-la-norvege-a-la-traine-et-un-incident-pour-samuelsson\/","name":"Victoire \u00e9clatante des Bleus au relais mixte, la Norv\u00e8ge","isPartOf":{"@id":"https:\/\/sport-index.fr\/blog\/#website"},"primaryImageOfPage":{"@id":"https:\/\/sport-index.fr\/blog\/a-la-une\/victoire-eclatante-des-bleus-au-relais-mixte-la-norvege-a-la-traine-et-un-incident-pour-samuelsson\/#primaryimage"},"image":{"@id":"https:\/\/sport-index.fr\/blog\/a-la-une\/victoire-eclatante-des-bleus-au-relais-mixte-la-norvege-a-la-traine-et-un-incident-pour-samuelsson\/#primaryimage"},"thumbnailUrl":"https:\/\/sport-index.fr\/blog\/wp-content\/uploads\/2025\/02\/sdxl-99076dc2c912bf38bbb40fe95e6a1915.png","datePublished":"2025-02-13T06:08:30+00:00","description":"\u00c9milien Jacquelin, en terminant la course malgr\u00e9 un tour de p\u00e9nalit\u00e9, a permis \u00e0 l'\u00e9quipe de France de d\u00e9crocher la m\u00e9daille d'or. Ce triomphe a \u00e9t\u00e9\u2026","inLanguage":"fr-FR","potentialAction":[{"@type":"ReadAction","target":["https:\/\/sport-index.fr\/blog\/a-la-une\/victoire-eclatante-des-bleus-au-relais-mixte-la-norvege-a-la-traine-et-un-incident-pour-samuelsson\/"]}]},{"@type":"ImageObject","inLanguage":"fr-FR","@id":"https:\/\/sport-index.fr\/blog\/a-la-une\/victoire-eclatante-des-bleus-au-relais-mixte-la-norvege-a-la-traine-et-un-incident-pour-samuelsson\/#primaryimage","url":"https:\/\/sport-index.fr\/blog\/wp-content\/uploads\/2025\/02\/sdxl-99076dc2c912bf38bbb40fe95e6a1915.png","contentUrl":"https:\/\/sport-index.fr\/blog\/wp-content\/uploads\/2025\/02\/sdxl-99076dc2c912bf38bbb40fe95e6a1915.png","width":1536,"height":640},{"@type":"WebSite","@id":"https:\/\/sport-index.fr\/blog\/#website","url":"https:\/\/sport-index.fr\/blog\/","name":"sport-index.fr","description":"Le score de l\u2019analyse sportive.","publisher":{"@id":"https:\/\/sport-index.fr\/blog\/#organization"},"alternateName":"Le score de l\u2019analyse sportive.","potentialAction":[{"@type":"SearchAction","target":{"@type":"EntryPoint","urlTemplate":"https:\/\/sport-index.fr\/blog\/?s={search_term_string}"},"query-input":{"@type":"PropertyValueSpecification","valueRequired":true,"valueName":"search_term_string"}}],"inLanguage":"fr-FR"},{"@type":"Organization","@id":"https:\/\/sport-index.fr\/blog\/#organization","name":"Foretsensations.fr","url":"https:\/\/sport-index.fr\/blog\/","logo":{"@type":"ImageObject","inLanguage":"fr-FR","@id":"https:\/\/sport-index.fr\/blog\/#\/schema\/logo\/image\/","url":"https:\/\/sport-index.fr\/blog\/wp-content\/uploads\/2026\/07\/logo-auto.png","contentUrl":"https:\/\/sport-index.fr\/blog\/wp-content\/uploads\/2026\/07\/logo-auto.png","width":1024,"height":1024,"caption":"Foretsensations.fr"},"image":{"@id":"https:\/\/sport-index.fr\/blog\/#\/schema\/logo\/image\/"}},{"@type":"Person","@id":"https:\/\/sport-index.fr\/blog\/#\/schema\/person\/3c864cdc320801e3db34b663e7e3f816","name":"Axel Lauzier","image":{"@type":"ImageObject","inLanguage":"fr-FR","@id":"https:\/\/sport-index.fr\/blog\/#\/schema\/person\/image\/","url":"https:\/\/sport-index.fr\/blog\/wp-content\/uploads\/2026\/06\/persona_axel-l-96x96.jpg","contentUrl":"https:\/\/sport-index.fr\/blog\/wp-content\/uploads\/2026\/06\/persona_axel-l-96x96.jpg","caption":"Axel Lauzier"},"description":"Le sport rythme mon quotidien depuis l'enfance, et j'en ai fait mon m\u00e9tier d'analyste r\u00e9dactionnel il y a une dizaine d'ann\u00e9es. Je couvre principalement le football, son actualit\u00e9, ses transferts et l'analyse tactique des grandes affiches, mais aussi les disciplines plus confidentielles que j'aime remettre en lumi\u00e8re. Une partie de mon travail porte sur les pronostics et la lecture statistique d'un match : forme des \u00e9quipes, historique des confrontations, compositions, sans jamais vendre de fausse certitude. Je rappelle syst\u00e9matiquement que parier comporte un risque et doit rester un loisir ma\u00eetris\u00e9. Avant de signer une analyse, je v\u00e9rifie mes chiffres, je recoupe les compositions probables et je distingue toujours la donn\u00e9e brute de l'intuition. Mon objectif : offrir une lecture honn\u00eate et argument\u00e9e, pas un ticket gagnant garanti.","sameAs":["https:\/\/axellauzier.fr\/"],"url":"https:\/\/sport-index.fr\/blog\/auteur\/noname\/"}]}},"_links":{"self":[{"href":"https:\/\/sport-index.fr\/blog\/wp-json\/wp\/v2\/posts\/8280","targetHints":{"allow":["GET"]}}],"collection":[{"href":"https:\/\/sport-index.fr\/blog\/wp-json\/wp\/v2\/posts"}],"about":[{"href":"https:\/\/sport-index.fr\/blog\/wp-json\/wp\/v2\/types\/post"}],"author":[{"embeddable":true,"href":"https:\/\/sport-index.fr\/blog\/wp-json\/wp\/v2\/users\/34"}],"replies":[{"embeddable":true,"href":"https:\/\/sport-index.fr\/blog\/wp-json\/wp\/v2\/comments?post=8280"}],"version-history":[{"count":1,"href":"https:\/\/sport-index.fr\/blog\/wp-json\/wp\/v2\/posts\/8280\/revisions"}],"predecessor-version":[{"id":8337,"href":"https:\/\/sport-index.fr\/blog\/wp-json\/wp\/v2\/posts\/8280\/revisions\/8337"}],"wp:featuredmedia":[{"embeddable":true,"href":"https:\/\/sport-index.fr\/blog\/wp-json\/wp\/v2\/media\/11318"}],"wp:attachment":[{"href":"https:\/\/sport-index.fr\/blog\/wp-json\/wp\/v2\/media?parent=8280"}],"wp:term":[{"taxonomy":"category","embeddable":true,"href":"https:\/\/sport-index.fr\/blog\/wp-json\/wp\/v2\/categories?post=8280"},{"taxonomy":"post_tag","embeddable":true,"href":"https:\/\/sport-index.fr\/blog\/wp-json\/wp\/v2\/tags?post=8280"}],"curies":[{"name":"wp","href":"https:\/\/api.w.org\/{rel}","templated":true}]}}