{"id":8286,"date":"2025-02-13T11:27:31","date_gmt":"2025-02-13T10:27:31","guid":{"rendered":"https:\/\/sport-index.fr\/blog\/?p=8286"},"modified":"2025-02-13T11:27:31","modified_gmt":"2025-02-13T10:27:31","slug":"revivez-la-victoire-eclatante-de-la-france-en-relais-mixte-aux-mondiaux-de-lenzerheide","status":"publish","type":"post","link":"https:\/\/sport-index.fr\/blog\/a-la-une\/revivez-la-victoire-eclatante-de-la-france-en-relais-mixte-aux-mondiaux-de-lenzerheide\/","title":{"rendered":"revivez la victoire \u00e9clatante de la France en relais mixte aux Mondiaux de Lenzerheide"},"content":{"rendered":"<h2>Une victoire marquante pour l&rsquo;\u00e9quipe fran\u00e7aise<\/h2>\n<p>La France a brill\u00e9 lors des Mondiaux de Lenzerheide en remportant le relais mixte avec une performance impressionnante. Julia Simon, Lou Jeanmonnot, \u00c9ric Perrot et \u00c9milien Jacquelin ont su faire preuve d\u2019une coh\u00e9sion et d\u2019un talent ind\u00e9niables pour dominer la comp\u00e9tition. Leur victoire, obtenue avec plus d&rsquo;une minute d&rsquo;avance sur leurs concurrents, t\u00e9moigne de leur pr\u00e9paration impeccable et de leur d\u00e9termination.<\/p>\n<p>Malgr\u00e9 quelques incidents, comme une chute de Julia Simon et un tour de p\u00e9nalit\u00e9 pour \u00c9milien Jacquelin, l\u2019\u00e9quipe a su garder son sang-froid. Ces d\u00e9fis n\u2019ont pas emp\u00each\u00e9 les athl\u00e8tes de se concentrer sur leur objectif, montrant ainsi leur mental d\u2019acier. Ce relais mixte est une confirmation de la mont\u00e9e en puissance du biathlon fran\u00e7ais sur la sc\u00e8ne internationale.<\/p>\n<h2>Un podium domin\u00e9 par des nations historiques<\/h2>\n<p>La R\u00e9publique tch\u00e8que a termin\u00e9 \u00e0 la deuxi\u00e8me place, suivie de l&rsquo;Allemagne, consolidant ainsi leur place parmi les meilleures \u00e9quipes de biathlon. Pourtant, des nations r\u00e9put\u00e9es comme la Norv\u00e8ge et la Su\u00e8de, qui ont termin\u00e9 respectivement quatri\u00e8me et cinqui\u00e8me, n\u2019ont pas pu rivaliser avec la d\u00e9termination fran\u00e7aise. Ce classement met en lumi\u00e8re les forces en pr\u00e9sence et la comp\u00e9titivit\u00e9 de ce sport.<\/p>\n<p>Le relais mixte est particuli\u00e8rement appr\u00e9ci\u00e9 pour son m\u00e9lange de strat\u00e9gie et de performance individuelle. Chaque athl\u00e8te doit non seulement exceller dans son propre r\u00f4le, mais aussi collaborer efficacement avec ses co\u00e9quipiers pour atteindre le succ\u00e8s. Ce format a souvent \u00e9t\u00e9 le th\u00e9\u00e2tre de surprises, et cette ann\u00e9e, la France a su capitaliser sur ses forces.<\/p>\n<h2>Un \u00e9v\u00e9nement \u00e0 suivre sur Eurosport<\/h2>\n<p>Les fans de biathlon peuvent revivre les moments forts de cette course gr\u00e2ce aux cha\u00eenes Eurosport, disponibles dans plusieurs offres, y compris Canal+, Prime Video, et Bouygues Telecom. Ces diffusions permettent aux passionn\u00e9s de suivre les exploits de leurs athl\u00e8tes pr\u00e9f\u00e9r\u00e9s tout au long de la saison. Les retransmissions enrichissent l&rsquo;exp\u00e9rience des spectateurs en offrant des analyses et des commentaires en direct.<\/p>\n<p>Les \u00e9v\u00e9nements de biathlon attirent de plus en plus d&rsquo;adeptes, et cette victoire fran\u00e7aise ne fait qu&rsquo;attiser l&rsquo;enthousiasme. Voici quelques points cl\u00e9s \u00e0 retenir concernant cette comp\u00e9tition :<\/p>\n<ul>\n<li>Julia Simon, Lou Jeanmonnot, \u00c9ric Perrot et \u00c9milien Jacquelin ont port\u00e9 la France \u00e0 la victoire.<\/li>\n<li>La R\u00e9publique tch\u00e8que a pris la deuxi\u00e8me place, suivie de l&rsquo;Allemagne.<\/li>\n<li>Des cha\u00eenes comme Eurosport rendent ces \u00e9v\u00e9nements accessibles \u00e0 tous.<\/li>\n<li>Le relais mixte est un format captivant qui teste \u00e0 la fois l&rsquo;individu et l&rsquo;\u00e9quipe.<\/li>\n<\/ul>\n<blockquote><p>\n\u00ab Cette victoire est le fruit d\u2019un travail acharn\u00e9 et d\u2019une strat\u00e9gie bien rod\u00e9e. \u00bb &#8211; \u00c9milien Jacquelin\n<\/p><\/blockquote>\n<p>Le relais mixte aux Mondiaux de Lenzerheide a non seulement \u00e9t\u00e9 une d\u00e9monstration de force, mais il a aussi renforc\u00e9 l&rsquo;unit\u00e9 de l&rsquo;\u00e9quipe fran\u00e7aise. Chaque membre a jou\u00e9 un r\u00f4le crucial, et ensemble, ils ont \u00e9crit une nouvelle page de l\u2019histoire du biathlon fran\u00e7ais. Les supporters peuvent \u00eatre fiers de cette \u00e9quipe qui continue de faire vibrer les c\u0153urs et d&rsquo;inspirer les futurs athl\u00e8tes.<\/p>\n","protected":false},"excerpt":{"rendered":"","protected":false},"author":34,"featured_media":11588,"comment_status":"open","ping_status":"open","sticky":false,"template":"","format":"standard","meta":{"_acf_changed":false,"manual_indexmenow":false,"indexmenow_id_project":0,"footnotes":""},"categories":[1],"tags":[5053,4544,4543,4632,4408],"class_list":["post-8286","post","type-post","status-publish","format-standard","has-post-thumbnail","hentry","category-a-la-une","tag-biathlon","tag-equipe","tag-performance","tag-performance-sportive","tag-resilience","generate-columns","tablet-grid-50","mobile-grid-100","grid-parent","grid-25"],"acf":[],"yoast_head":"<!-- This site is optimized with the Yoast SEO Premium plugin v21.3 (Yoast SEO v26.5) - https:\/\/yoast.com\/wordpress\/plugins\/seo\/ -->\n<title>revivez la victoire \u00e9clatante de la France en relais mixte<\/title>\n<meta name=\"description\" content=\"Une victoire marquante pour l&#039;\u00e9quipe fran\u00e7aise La France a brill\u00e9 lors des Mondiaux de Lenzerheide en remportant le relais mixte avec une performance\u2026\" \/>\n<meta name=\"robots\" content=\"index, follow, max-snippet:-1, max-image-preview:large, max-video-preview:-1\" \/>\n<link rel=\"canonical\" href=\"https:\/\/sport-index.fr\/blog\/a-la-une\/revivez-la-victoire-eclatante-de-la-france-en-relais-mixte-aux-mondiaux-de-lenzerheide\/\" \/>\n<meta property=\"og:locale\" content=\"fr_FR\" \/>\n<meta property=\"og:type\" content=\"article\" \/>\n<meta property=\"og:title\" content=\"revivez la victoire \u00e9clatante de la France en relais mixte\" \/>\n<meta property=\"og:description\" content=\"Une victoire marquante pour l&#039;\u00e9quipe fran\u00e7aise La France a brill\u00e9 lors des Mondiaux de Lenzerheide en remportant le relais mixte avec une performance\u2026\" \/>\n<meta property=\"og:url\" content=\"https:\/\/sport-index.fr\/blog\/a-la-une\/revivez-la-victoire-eclatante-de-la-france-en-relais-mixte-aux-mondiaux-de-lenzerheide\/\" \/>\n<meta property=\"og:site_name\" content=\"sport-index\" \/>\n<meta name=\"author\" content=\"Axel Lauzier\" \/>\n<meta name=\"twitter:card\" content=\"summary_large_image\" \/>\n<script type=\"application\/ld+json\" class=\"yoast-schema-graph\">{\"@context\":\"https:\/\/schema.org\",\"@graph\":[{\"@type\":\"NewsArticle\",\"@id\":\"https:\/\/sport-index.fr\/blog\/a-la-une\/revivez-la-victoire-eclatante-de-la-france-en-relais-mixte-aux-mondiaux-de-lenzerheide\/#article\",\"isPartOf\":{\"@id\":\"https:\/\/sport-index.fr\/blog\/a-la-une\/revivez-la-victoire-eclatante-de-la-france-en-relais-mixte-aux-mondiaux-de-lenzerheide\/\"},\"author\":{\"name\":\"Axel Lauzier\",\"@id\":\"https:\/\/sport-index.fr\/blog\/#\/schema\/person\/3c864cdc320801e3db34b663e7e3f816\"},\"headline\":\"revivez la victoire \u00e9clatante de la France en relais mixte aux Mondiaux de Lenzerheide\",\"datePublished\":\"2025-02-13T10:27:31+00:00\",\"mainEntityOfPage\":{\"@id\":\"https:\/\/sport-index.fr\/blog\/a-la-une\/revivez-la-victoire-eclatante-de-la-france-en-relais-mixte-aux-mondiaux-de-lenzerheide\/\"},\"wordCount\":573,\"commentCount\":14,\"publisher\":{\"@id\":\"https:\/\/sport-index.fr\/blog\/#organization\"},\"image\":{\"@id\":\"https:\/\/sport-index.fr\/blog\/a-la-une\/revivez-la-victoire-eclatante-de-la-france-en-relais-mixte-aux-mondiaux-de-lenzerheide\/#primaryimage\"},\"thumbnailUrl\":\"https:\/\/sport-index.fr\/blog\/wp-content\/uploads\/2025\/03\/sdxl-b0c3dffc8d11111c4eaab0249c1901c3.png\",\"keywords\":[\"Biathlon\",\"\u00c9quipe\",\"Performance\",\"Performance sportive\",\"R\u00e9silience\"],\"articleSection\":[\"\u00c0 la une\"],\"inLanguage\":\"fr-FR\",\"potentialAction\":[{\"@type\":\"CommentAction\",\"name\":\"Comment\",\"target\":[\"https:\/\/sport-index.fr\/blog\/a-la-une\/revivez-la-victoire-eclatante-de-la-france-en-relais-mixte-aux-mondiaux-de-lenzerheide\/#respond\"]}]},{\"@type\":\"WebPage\",\"@id\":\"https:\/\/sport-index.fr\/blog\/a-la-une\/revivez-la-victoire-eclatante-de-la-france-en-relais-mixte-aux-mondiaux-de-lenzerheide\/\",\"url\":\"https:\/\/sport-index.fr\/blog\/a-la-une\/revivez-la-victoire-eclatante-de-la-france-en-relais-mixte-aux-mondiaux-de-lenzerheide\/\",\"name\":\"revivez la victoire \u00e9clatante de la France en relais mixte\",\"isPartOf\":{\"@id\":\"https:\/\/sport-index.fr\/blog\/#website\"},\"primaryImageOfPage\":{\"@id\":\"https:\/\/sport-index.fr\/blog\/a-la-une\/revivez-la-victoire-eclatante-de-la-france-en-relais-mixte-aux-mondiaux-de-lenzerheide\/#primaryimage\"},\"image\":{\"@id\":\"https:\/\/sport-index.fr\/blog\/a-la-une\/revivez-la-victoire-eclatante-de-la-france-en-relais-mixte-aux-mondiaux-de-lenzerheide\/#primaryimage\"},\"thumbnailUrl\":\"https:\/\/sport-index.fr\/blog\/wp-content\/uploads\/2025\/03\/sdxl-b0c3dffc8d11111c4eaab0249c1901c3.png\",\"datePublished\":\"2025-02-13T10:27:31+00:00\",\"description\":\"Une victoire marquante pour l'\u00e9quipe fran\u00e7aise La France a brill\u00e9 lors des Mondiaux de Lenzerheide en remportant le relais mixte avec une performance\u2026\",\"inLanguage\":\"fr-FR\",\"potentialAction\":[{\"@type\":\"ReadAction\",\"target\":[\"https:\/\/sport-index.fr\/blog\/a-la-une\/revivez-la-victoire-eclatante-de-la-france-en-relais-mixte-aux-mondiaux-de-lenzerheide\/\"]}]},{\"@type\":\"ImageObject\",\"inLanguage\":\"fr-FR\",\"@id\":\"https:\/\/sport-index.fr\/blog\/a-la-une\/revivez-la-victoire-eclatante-de-la-france-en-relais-mixte-aux-mondiaux-de-lenzerheide\/#primaryimage\",\"url\":\"https:\/\/sport-index.fr\/blog\/wp-content\/uploads\/2025\/03\/sdxl-b0c3dffc8d11111c4eaab0249c1901c3.png\",\"contentUrl\":\"https:\/\/sport-index.fr\/blog\/wp-content\/uploads\/2025\/03\/sdxl-b0c3dffc8d11111c4eaab0249c1901c3.png\",\"width\":1536,\"height\":640},{\"@type\":\"WebSite\",\"@id\":\"https:\/\/sport-index.fr\/blog\/#website\",\"url\":\"https:\/\/sport-index.fr\/blog\/\",\"name\":\"sport-index.fr\",\"description\":\"Le score de l\u2019analyse sportive.\",\"publisher\":{\"@id\":\"https:\/\/sport-index.fr\/blog\/#organization\"},\"alternateName\":\"Le score de l\u2019analyse sportive.\",\"potentialAction\":[{\"@type\":\"SearchAction\",\"target\":{\"@type\":\"EntryPoint\",\"urlTemplate\":\"https:\/\/sport-index.fr\/blog\/?s={search_term_string}\"},\"query-input\":{\"@type\":\"PropertyValueSpecification\",\"valueRequired\":true,\"valueName\":\"search_term_string\"}}],\"inLanguage\":\"fr-FR\"},{\"@type\":\"Organization\",\"@id\":\"https:\/\/sport-index.fr\/blog\/#organization\",\"name\":\"Foretsensations.fr\",\"url\":\"https:\/\/sport-index.fr\/blog\/\",\"logo\":{\"@type\":\"ImageObject\",\"inLanguage\":\"fr-FR\",\"@id\":\"https:\/\/sport-index.fr\/blog\/#\/schema\/logo\/image\/\",\"url\":\"https:\/\/sport-index.fr\/blog\/wp-content\/uploads\/2026\/07\/logo-auto.png\",\"contentUrl\":\"https:\/\/sport-index.fr\/blog\/wp-content\/uploads\/2026\/07\/logo-auto.png\",\"width\":1024,\"height\":1024,\"caption\":\"Foretsensations.fr\"},\"image\":{\"@id\":\"https:\/\/sport-index.fr\/blog\/#\/schema\/logo\/image\/\"}},{\"@type\":\"Person\",\"@id\":\"https:\/\/sport-index.fr\/blog\/#\/schema\/person\/3c864cdc320801e3db34b663e7e3f816\",\"name\":\"Axel Lauzier\",\"image\":{\"@type\":\"ImageObject\",\"inLanguage\":\"fr-FR\",\"@id\":\"https:\/\/sport-index.fr\/blog\/#\/schema\/person\/image\/\",\"url\":\"https:\/\/sport-index.fr\/blog\/wp-content\/uploads\/2026\/06\/persona_axel-l-96x96.jpg\",\"contentUrl\":\"https:\/\/sport-index.fr\/blog\/wp-content\/uploads\/2026\/06\/persona_axel-l-96x96.jpg\",\"caption\":\"Axel Lauzier\"},\"description\":\"Le sport rythme mon quotidien depuis l'enfance, et j'en ai fait mon m\u00e9tier d'analyste r\u00e9dactionnel il y a une dizaine d'ann\u00e9es. Je couvre principalement le football, son actualit\u00e9, ses transferts et l'analyse tactique des grandes affiches, mais aussi les disciplines plus confidentielles que j'aime remettre en lumi\u00e8re. Une partie de mon travail porte sur les pronostics et la lecture statistique d'un match : forme des \u00e9quipes, historique des confrontations, compositions, sans jamais vendre de fausse certitude. Je rappelle syst\u00e9matiquement que parier comporte un risque et doit rester un loisir ma\u00eetris\u00e9. Avant de signer une analyse, je v\u00e9rifie mes chiffres, je recoupe les compositions probables et je distingue toujours la donn\u00e9e brute de l'intuition. Mon objectif : offrir une lecture honn\u00eate et argument\u00e9e, pas un ticket gagnant garanti.\",\"sameAs\":[\"https:\/\/axellauzier.fr\/\"],\"url\":\"https:\/\/sport-index.fr\/blog\/auteur\/noname\/\"}]}<\/script>\n<!-- \/ Yoast SEO Premium plugin. -->","yoast_head_json":{"title":"revivez la victoire \u00e9clatante de la France en relais mixte","description":"Une victoire marquante pour l'\u00e9quipe fran\u00e7aise La France a brill\u00e9 lors des Mondiaux de Lenzerheide en remportant le relais mixte avec une performance\u2026","robots":{"index":"index","follow":"follow","max-snippet":"max-snippet:-1","max-image-preview":"max-image-preview:large","max-video-preview":"max-video-preview:-1"},"canonical":"https:\/\/sport-index.fr\/blog\/a-la-une\/revivez-la-victoire-eclatante-de-la-france-en-relais-mixte-aux-mondiaux-de-lenzerheide\/","og_locale":"fr_FR","og_type":"article","og_title":"revivez la victoire \u00e9clatante de la France en relais mixte","og_description":"Une victoire marquante pour l'\u00e9quipe fran\u00e7aise La France a brill\u00e9 lors des Mondiaux de Lenzerheide en remportant le relais mixte avec une performance\u2026","og_url":"https:\/\/sport-index.fr\/blog\/a-la-une\/revivez-la-victoire-eclatante-de-la-france-en-relais-mixte-aux-mondiaux-de-lenzerheide\/","og_site_name":"sport-index","author":"Axel Lauzier","twitter_card":"summary_large_image","schema":{"@context":"https:\/\/schema.org","@graph":[{"@type":"NewsArticle","@id":"https:\/\/sport-index.fr\/blog\/a-la-une\/revivez-la-victoire-eclatante-de-la-france-en-relais-mixte-aux-mondiaux-de-lenzerheide\/#article","isPartOf":{"@id":"https:\/\/sport-index.fr\/blog\/a-la-une\/revivez-la-victoire-eclatante-de-la-france-en-relais-mixte-aux-mondiaux-de-lenzerheide\/"},"author":{"name":"Axel Lauzier","@id":"https:\/\/sport-index.fr\/blog\/#\/schema\/person\/3c864cdc320801e3db34b663e7e3f816"},"headline":"revivez la victoire \u00e9clatante de la France en relais mixte aux Mondiaux de Lenzerheide","datePublished":"2025-02-13T10:27:31+00:00","mainEntityOfPage":{"@id":"https:\/\/sport-index.fr\/blog\/a-la-une\/revivez-la-victoire-eclatante-de-la-france-en-relais-mixte-aux-mondiaux-de-lenzerheide\/"},"wordCount":573,"commentCount":14,"publisher":{"@id":"https:\/\/sport-index.fr\/blog\/#organization"},"image":{"@id":"https:\/\/sport-index.fr\/blog\/a-la-une\/revivez-la-victoire-eclatante-de-la-france-en-relais-mixte-aux-mondiaux-de-lenzerheide\/#primaryimage"},"thumbnailUrl":"https:\/\/sport-index.fr\/blog\/wp-content\/uploads\/2025\/03\/sdxl-b0c3dffc8d11111c4eaab0249c1901c3.png","keywords":["Biathlon","\u00c9quipe","Performance","Performance sportive","R\u00e9silience"],"articleSection":["\u00c0 la une"],"inLanguage":"fr-FR","potentialAction":[{"@type":"CommentAction","name":"Comment","target":["https:\/\/sport-index.fr\/blog\/a-la-une\/revivez-la-victoire-eclatante-de-la-france-en-relais-mixte-aux-mondiaux-de-lenzerheide\/#respond"]}]},{"@type":"WebPage","@id":"https:\/\/sport-index.fr\/blog\/a-la-une\/revivez-la-victoire-eclatante-de-la-france-en-relais-mixte-aux-mondiaux-de-lenzerheide\/","url":"https:\/\/sport-index.fr\/blog\/a-la-une\/revivez-la-victoire-eclatante-de-la-france-en-relais-mixte-aux-mondiaux-de-lenzerheide\/","name":"revivez la victoire \u00e9clatante de la France en relais mixte","isPartOf":{"@id":"https:\/\/sport-index.fr\/blog\/#website"},"primaryImageOfPage":{"@id":"https:\/\/sport-index.fr\/blog\/a-la-une\/revivez-la-victoire-eclatante-de-la-france-en-relais-mixte-aux-mondiaux-de-lenzerheide\/#primaryimage"},"image":{"@id":"https:\/\/sport-index.fr\/blog\/a-la-une\/revivez-la-victoire-eclatante-de-la-france-en-relais-mixte-aux-mondiaux-de-lenzerheide\/#primaryimage"},"thumbnailUrl":"https:\/\/sport-index.fr\/blog\/wp-content\/uploads\/2025\/03\/sdxl-b0c3dffc8d11111c4eaab0249c1901c3.png","datePublished":"2025-02-13T10:27:31+00:00","description":"Une victoire marquante pour l'\u00e9quipe fran\u00e7aise La France a brill\u00e9 lors des Mondiaux de Lenzerheide en remportant le relais mixte avec une performance\u2026","inLanguage":"fr-FR","potentialAction":[{"@type":"ReadAction","target":["https:\/\/sport-index.fr\/blog\/a-la-une\/revivez-la-victoire-eclatante-de-la-france-en-relais-mixte-aux-mondiaux-de-lenzerheide\/"]}]},{"@type":"ImageObject","inLanguage":"fr-FR","@id":"https:\/\/sport-index.fr\/blog\/a-la-une\/revivez-la-victoire-eclatante-de-la-france-en-relais-mixte-aux-mondiaux-de-lenzerheide\/#primaryimage","url":"https:\/\/sport-index.fr\/blog\/wp-content\/uploads\/2025\/03\/sdxl-b0c3dffc8d11111c4eaab0249c1901c3.png","contentUrl":"https:\/\/sport-index.fr\/blog\/wp-content\/uploads\/2025\/03\/sdxl-b0c3dffc8d11111c4eaab0249c1901c3.png","width":1536,"height":640},{"@type":"WebSite","@id":"https:\/\/sport-index.fr\/blog\/#website","url":"https:\/\/sport-index.fr\/blog\/","name":"sport-index.fr","description":"Le score de l\u2019analyse sportive.","publisher":{"@id":"https:\/\/sport-index.fr\/blog\/#organization"},"alternateName":"Le score de l\u2019analyse sportive.","potentialAction":[{"@type":"SearchAction","target":{"@type":"EntryPoint","urlTemplate":"https:\/\/sport-index.fr\/blog\/?s={search_term_string}"},"query-input":{"@type":"PropertyValueSpecification","valueRequired":true,"valueName":"search_term_string"}}],"inLanguage":"fr-FR"},{"@type":"Organization","@id":"https:\/\/sport-index.fr\/blog\/#organization","name":"Foretsensations.fr","url":"https:\/\/sport-index.fr\/blog\/","logo":{"@type":"ImageObject","inLanguage":"fr-FR","@id":"https:\/\/sport-index.fr\/blog\/#\/schema\/logo\/image\/","url":"https:\/\/sport-index.fr\/blog\/wp-content\/uploads\/2026\/07\/logo-auto.png","contentUrl":"https:\/\/sport-index.fr\/blog\/wp-content\/uploads\/2026\/07\/logo-auto.png","width":1024,"height":1024,"caption":"Foretsensations.fr"},"image":{"@id":"https:\/\/sport-index.fr\/blog\/#\/schema\/logo\/image\/"}},{"@type":"Person","@id":"https:\/\/sport-index.fr\/blog\/#\/schema\/person\/3c864cdc320801e3db34b663e7e3f816","name":"Axel Lauzier","image":{"@type":"ImageObject","inLanguage":"fr-FR","@id":"https:\/\/sport-index.fr\/blog\/#\/schema\/person\/image\/","url":"https:\/\/sport-index.fr\/blog\/wp-content\/uploads\/2026\/06\/persona_axel-l-96x96.jpg","contentUrl":"https:\/\/sport-index.fr\/blog\/wp-content\/uploads\/2026\/06\/persona_axel-l-96x96.jpg","caption":"Axel Lauzier"},"description":"Le sport rythme mon quotidien depuis l'enfance, et j'en ai fait mon m\u00e9tier d'analyste r\u00e9dactionnel il y a une dizaine d'ann\u00e9es. Je couvre principalement le football, son actualit\u00e9, ses transferts et l'analyse tactique des grandes affiches, mais aussi les disciplines plus confidentielles que j'aime remettre en lumi\u00e8re. Une partie de mon travail porte sur les pronostics et la lecture statistique d'un match : forme des \u00e9quipes, historique des confrontations, compositions, sans jamais vendre de fausse certitude. Je rappelle syst\u00e9matiquement que parier comporte un risque et doit rester un loisir ma\u00eetris\u00e9. Avant de signer une analyse, je v\u00e9rifie mes chiffres, je recoupe les compositions probables et je distingue toujours la donn\u00e9e brute de l'intuition. Mon objectif : offrir une lecture honn\u00eate et argument\u00e9e, pas un ticket gagnant garanti.","sameAs":["https:\/\/axellauzier.fr\/"],"url":"https:\/\/sport-index.fr\/blog\/auteur\/noname\/"}]}},"_links":{"self":[{"href":"https:\/\/sport-index.fr\/blog\/wp-json\/wp\/v2\/posts\/8286","targetHints":{"allow":["GET"]}}],"collection":[{"href":"https:\/\/sport-index.fr\/blog\/wp-json\/wp\/v2\/posts"}],"about":[{"href":"https:\/\/sport-index.fr\/blog\/wp-json\/wp\/v2\/types\/post"}],"author":[{"embeddable":true,"href":"https:\/\/sport-index.fr\/blog\/wp-json\/wp\/v2\/users\/34"}],"replies":[{"embeddable":true,"href":"https:\/\/sport-index.fr\/blog\/wp-json\/wp\/v2\/comments?post=8286"}],"version-history":[{"count":1,"href":"https:\/\/sport-index.fr\/blog\/wp-json\/wp\/v2\/posts\/8286\/revisions"}],"predecessor-version":[{"id":8367,"href":"https:\/\/sport-index.fr\/blog\/wp-json\/wp\/v2\/posts\/8286\/revisions\/8367"}],"wp:featuredmedia":[{"embeddable":true,"href":"https:\/\/sport-index.fr\/blog\/wp-json\/wp\/v2\/media\/11588"}],"wp:attachment":[{"href":"https:\/\/sport-index.fr\/blog\/wp-json\/wp\/v2\/media?parent=8286"}],"wp:term":[{"taxonomy":"category","embeddable":true,"href":"https:\/\/sport-index.fr\/blog\/wp-json\/wp\/v2\/categories?post=8286"},{"taxonomy":"post_tag","embeddable":true,"href":"https:\/\/sport-index.fr\/blog\/wp-json\/wp\/v2\/tags?post=8286"}],"curies":[{"name":"wp","href":"https:\/\/api.w.org\/{rel}","templated":true}]}}