{"id":8287,"date":"2025-02-13T08:47:03","date_gmt":"2025-02-13T07:47:03","guid":{"rendered":"https:\/\/sport-index.fr\/blog\/?p=8287"},"modified":"2025-02-12T17:33:38","modified_gmt":"2025-02-12T16:33:38","slug":"victoire-eclatante-de-loic-meillard-aux-mondiaux-de-saalbach-revivez-son-run-en-video","status":"publish","type":"post","link":"https:\/\/sport-index.fr\/blog\/a-la-une\/victoire-eclatante-de-loic-meillard-aux-mondiaux-de-saalbach-revivez-son-run-en-video\/","title":{"rendered":"victoire \u00e9clatante de lo\u00efc meillard aux mondiaux de saalbach : revivez son run en vid\u00e9o"},"content":{"rendered":"<h2>Lo\u00efc Meillard brille sur la sc\u00e8ne mondiale<\/h2>\n<p>Accompagn\u00e9 de son co\u00e9quipier Franjo von Allmen, il a su s&rsquo;imposer lors de la partie slalom, offrant \u00e0 la Suisse une victoire \u00e9clatante. Ce succ\u00e8s a non seulement renforc\u00e9 sa r\u00e9putation, mais a \u00e9galement mis en avant le talent de l&rsquo;\u00e9quipe suisse dans le ski alpin.<\/p>\n<p>La comp\u00e9tition a \u00e9t\u00e9 marqu\u00e9e par une forte pr\u00e9sence des athl\u00e8tes suisses, qui ont occup\u00e9 les premi\u00e8res places du podium. Outre Meillard et von Allmen, d&rsquo;autres duos helv\u00e8tes, Monney\/Nef et Rogentin\/Rochat, ont \u00e9galement brill\u00e9 en se hissant sur la bo\u00eete. La performance collective de l&rsquo;\u00e9quipe a \u00e9t\u00e9 salu\u00e9e par les experts, soulignant l&rsquo;harmonie et la d\u00e9termination qui r\u00e8gnent au sein de cette \u00e9quipe.<\/p>\n<p><iframe loading=\"lazy\" title=\"The Most Insane Ski Run Ever Imagined - Markus Eder&#039;s The Ultimate Run\" width=\"1200\" height=\"675\" src=\"https:\/\/www.youtube.com\/embed\/fbqHK8i-HdA?feature=oembed\" frameborder=\"0\" allow=\"accelerometer; autoplay; clipboard-write; encrypted-media; gyroscope; picture-in-picture; web-share\" referrerpolicy=\"strict-origin-when-cross-origin\" allowfullscreen><\/iframe><\/p>\n<h2>Un run m\u00e9morable \u00e0 revivre<\/h2>\n<p>Le run de Lo\u00efc Meillard est d\u00e9sormais grav\u00e9 dans la m\u00e9moire des fans de ski alpin. Sa descente a \u00e9t\u00e9 marqu\u00e9e par une technique impeccable et une vitesse impressionnante, le propulsant vers la victoire. Pour ceux qui n&rsquo;ont pas pu assister \u00e0 l&rsquo;\u00e9v\u00e9nement, la vid\u00e9o de son run est disponible et offre un aper\u00e7u de son talent exceptionnel.<\/p>\n<p>Cette victoire n&rsquo;est pas seulement un accomplissement personnel pour Meillard, mais \u00e9galement un moment de fiert\u00e9 pour le ski suisse. Les athl\u00e8tes suisses ont prouv\u00e9 une fois de plus qu&rsquo;ils peuvent rivaliser avec les meilleurs skieurs du monde. Les images de ce run, captur\u00e9es en vid\u00e9o, t\u00e9moignent de la passion et de l&rsquo;engagement de Meillard pour son sport.<\/p>\n<h2>Les temps forts des Mondiaux de Saalbach<\/h2>\n<p>Les Mondiaux de Saalbach ont \u00e9t\u00e9 riches en \u00e9motions et en performances remarquables. La comp\u00e9tition a r\u00e9uni les meilleurs skieurs du monde, offrant des courses palpitantes et des moments inoubliables. Voici quelques-uns des faits marquants de cet \u00e9v\u00e9nement :<\/p>\n<ul>\n<li>Lo\u00efc Meillard remporte le combin\u00e9 par \u00e9quipes, renfor\u00e7ant son statut d&rsquo;athl\u00e8te de classe mondiale.<\/li>\n<li>La Suisse r\u00e9alise un tripl\u00e9 sur le podium avec Monney\/Nef et Rogentin\/Rochat.<\/li>\n<li>Les performances des athl\u00e8tes suisses sont salu\u00e9es par le public et les m\u00e9dias.<\/li>\n<\/ul>\n<blockquote><p>\u00ab Cette victoire est le fruit d&rsquo;un travail d&rsquo;\u00e9quipe et d&rsquo;une pr\u00e9paration rigoureuse. Je suis fier de repr\u00e9senter la Suisse sur la sc\u00e8ne mondiale \u00bb, a d\u00e9clar\u00e9 Lo\u00efc Meillard.<\/p><\/blockquote>\n<p>Avec une telle dynamique, l&rsquo;\u00e9quipe suisse semble bien positionn\u00e9e pour les futures comp\u00e9titions. Les athl\u00e8tes continuent de s&rsquo;entra\u00eener dur, motiv\u00e9s par leurs r\u00e9centes r\u00e9ussites. Les fans de ski alpin peuvent s&rsquo;attendre \u00e0 des performances encore plus impressionnantes dans les ann\u00e9es \u00e0 venir.<\/p>\n","protected":false},"excerpt":{"rendered":"","protected":false},"author":34,"featured_media":10485,"comment_status":"open","ping_status":"open","sticky":false,"template":"","format":"standard","meta":{"_acf_changed":false,"manual_indexmenow":false,"indexmenow_id_project":0,"footnotes":""},"categories":[1],"tags":[4615,4544,4632,4408,4591],"class_list":["post-8287","post","type-post","status-publish","format-standard","has-post-thumbnail","hentry","category-a-la-une","tag-communaute-engagee","tag-equipe","tag-performance-sportive","tag-resilience","tag-ski-alpin","generate-columns","tablet-grid-50","mobile-grid-100","grid-parent","grid-25"],"acf":[],"yoast_head":"<!-- This site is optimized with the Yoast SEO Premium plugin v21.3 (Yoast SEO v26.5) - https:\/\/yoast.com\/wordpress\/plugins\/seo\/ -->\n<title>victoire \u00e9clatante de lo\u00efc meillard aux mondiaux<\/title>\n<meta name=\"description\" content=\"Lo\u00efc Meillard brille sur la sc\u00e8ne mondiale Accompagn\u00e9 de son co\u00e9quipier Franjo von Allmen, il a su s&#039;imposer lors de la partie slalom, offrant \u00e0 la\u2026\" \/>\n<meta name=\"robots\" content=\"index, follow, max-snippet:-1, max-image-preview:large, max-video-preview:-1\" \/>\n<link rel=\"canonical\" href=\"https:\/\/sport-index.fr\/blog\/a-la-une\/victoire-eclatante-de-loic-meillard-aux-mondiaux-de-saalbach-revivez-son-run-en-video\/\" \/>\n<meta property=\"og:locale\" content=\"fr_FR\" \/>\n<meta property=\"og:type\" content=\"article\" \/>\n<meta property=\"og:title\" content=\"victoire \u00e9clatante de lo\u00efc meillard aux mondiaux\" \/>\n<meta property=\"og:description\" content=\"Lo\u00efc Meillard brille sur la sc\u00e8ne mondiale Accompagn\u00e9 de son co\u00e9quipier Franjo von Allmen, il a su s&#039;imposer lors de la partie slalom, offrant \u00e0 la\u2026\" \/>\n<meta property=\"og:url\" content=\"https:\/\/sport-index.fr\/blog\/a-la-une\/victoire-eclatante-de-loic-meillard-aux-mondiaux-de-saalbach-revivez-son-run-en-video\/\" \/>\n<meta property=\"og:site_name\" content=\"sport-index\" \/>\n<meta name=\"author\" content=\"Axel Lauzier\" \/>\n<meta name=\"twitter:card\" content=\"summary_large_image\" \/>\n<script type=\"application\/ld+json\" class=\"yoast-schema-graph\">{\"@context\":\"https:\/\/schema.org\",\"@graph\":[{\"@type\":\"NewsArticle\",\"@id\":\"https:\/\/sport-index.fr\/blog\/a-la-une\/victoire-eclatante-de-loic-meillard-aux-mondiaux-de-saalbach-revivez-son-run-en-video\/#article\",\"isPartOf\":{\"@id\":\"https:\/\/sport-index.fr\/blog\/a-la-une\/victoire-eclatante-de-loic-meillard-aux-mondiaux-de-saalbach-revivez-son-run-en-video\/\"},\"author\":{\"name\":\"Axel Lauzier\",\"@id\":\"https:\/\/sport-index.fr\/blog\/#\/schema\/person\/3c864cdc320801e3db34b663e7e3f816\"},\"headline\":\"victoire \u00e9clatante de lo\u00efc meillard aux mondiaux de saalbach : revivez son run en vid\u00e9o\",\"datePublished\":\"2025-02-13T07:47:03+00:00\",\"mainEntityOfPage\":{\"@id\":\"https:\/\/sport-index.fr\/blog\/a-la-une\/victoire-eclatante-de-loic-meillard-aux-mondiaux-de-saalbach-revivez-son-run-en-video\/\"},\"wordCount\":477,\"commentCount\":21,\"publisher\":{\"@id\":\"https:\/\/sport-index.fr\/blog\/#organization\"},\"image\":{\"@id\":\"https:\/\/sport-index.fr\/blog\/a-la-une\/victoire-eclatante-de-loic-meillard-aux-mondiaux-de-saalbach-revivez-son-run-en-video\/#primaryimage\"},\"thumbnailUrl\":\"https:\/\/sport-index.fr\/blog\/wp-content\/uploads\/2025\/02\/sdxl-c6a4ac36eefa8b8ea18a9fb86337ddbe.png\",\"keywords\":[\"Communaut\u00e9 engag\u00e9e\",\"\u00c9quipe\",\"Performance sportive\",\"R\u00e9silience\",\"Ski Alpin\"],\"articleSection\":[\"\u00c0 la une\"],\"inLanguage\":\"fr-FR\",\"potentialAction\":[{\"@type\":\"CommentAction\",\"name\":\"Comment\",\"target\":[\"https:\/\/sport-index.fr\/blog\/a-la-une\/victoire-eclatante-de-loic-meillard-aux-mondiaux-de-saalbach-revivez-son-run-en-video\/#respond\"]}]},{\"@type\":\"WebPage\",\"@id\":\"https:\/\/sport-index.fr\/blog\/a-la-une\/victoire-eclatante-de-loic-meillard-aux-mondiaux-de-saalbach-revivez-son-run-en-video\/\",\"url\":\"https:\/\/sport-index.fr\/blog\/a-la-une\/victoire-eclatante-de-loic-meillard-aux-mondiaux-de-saalbach-revivez-son-run-en-video\/\",\"name\":\"victoire \u00e9clatante de lo\u00efc meillard aux mondiaux\",\"isPartOf\":{\"@id\":\"https:\/\/sport-index.fr\/blog\/#website\"},\"primaryImageOfPage\":{\"@id\":\"https:\/\/sport-index.fr\/blog\/a-la-une\/victoire-eclatante-de-loic-meillard-aux-mondiaux-de-saalbach-revivez-son-run-en-video\/#primaryimage\"},\"image\":{\"@id\":\"https:\/\/sport-index.fr\/blog\/a-la-une\/victoire-eclatante-de-loic-meillard-aux-mondiaux-de-saalbach-revivez-son-run-en-video\/#primaryimage\"},\"thumbnailUrl\":\"https:\/\/sport-index.fr\/blog\/wp-content\/uploads\/2025\/02\/sdxl-c6a4ac36eefa8b8ea18a9fb86337ddbe.png\",\"datePublished\":\"2025-02-13T07:47:03+00:00\",\"description\":\"Lo\u00efc Meillard brille sur la sc\u00e8ne mondiale Accompagn\u00e9 de son co\u00e9quipier Franjo von Allmen, il a su s'imposer lors de la partie slalom, offrant \u00e0 la\u2026\",\"inLanguage\":\"fr-FR\",\"potentialAction\":[{\"@type\":\"ReadAction\",\"target\":[\"https:\/\/sport-index.fr\/blog\/a-la-une\/victoire-eclatante-de-loic-meillard-aux-mondiaux-de-saalbach-revivez-son-run-en-video\/\"]}]},{\"@type\":\"ImageObject\",\"inLanguage\":\"fr-FR\",\"@id\":\"https:\/\/sport-index.fr\/blog\/a-la-une\/victoire-eclatante-de-loic-meillard-aux-mondiaux-de-saalbach-revivez-son-run-en-video\/#primaryimage\",\"url\":\"https:\/\/sport-index.fr\/blog\/wp-content\/uploads\/2025\/02\/sdxl-c6a4ac36eefa8b8ea18a9fb86337ddbe.png\",\"contentUrl\":\"https:\/\/sport-index.fr\/blog\/wp-content\/uploads\/2025\/02\/sdxl-c6a4ac36eefa8b8ea18a9fb86337ddbe.png\",\"width\":1536,\"height\":640},{\"@type\":\"WebSite\",\"@id\":\"https:\/\/sport-index.fr\/blog\/#website\",\"url\":\"https:\/\/sport-index.fr\/blog\/\",\"name\":\"sport-index.fr\",\"description\":\"Le score de l\u2019analyse sportive.\",\"publisher\":{\"@id\":\"https:\/\/sport-index.fr\/blog\/#organization\"},\"alternateName\":\"Le score de l\u2019analyse sportive.\",\"potentialAction\":[{\"@type\":\"SearchAction\",\"target\":{\"@type\":\"EntryPoint\",\"urlTemplate\":\"https:\/\/sport-index.fr\/blog\/?s={search_term_string}\"},\"query-input\":{\"@type\":\"PropertyValueSpecification\",\"valueRequired\":true,\"valueName\":\"search_term_string\"}}],\"inLanguage\":\"fr-FR\"},{\"@type\":\"Organization\",\"@id\":\"https:\/\/sport-index.fr\/blog\/#organization\",\"name\":\"Foretsensations.fr\",\"url\":\"https:\/\/sport-index.fr\/blog\/\",\"logo\":{\"@type\":\"ImageObject\",\"inLanguage\":\"fr-FR\",\"@id\":\"https:\/\/sport-index.fr\/blog\/#\/schema\/logo\/image\/\",\"url\":\"https:\/\/sport-index.fr\/blog\/wp-content\/uploads\/2026\/07\/logo-auto.png\",\"contentUrl\":\"https:\/\/sport-index.fr\/blog\/wp-content\/uploads\/2026\/07\/logo-auto.png\",\"width\":1024,\"height\":1024,\"caption\":\"Foretsensations.fr\"},\"image\":{\"@id\":\"https:\/\/sport-index.fr\/blog\/#\/schema\/logo\/image\/\"}},{\"@type\":\"Person\",\"@id\":\"https:\/\/sport-index.fr\/blog\/#\/schema\/person\/3c864cdc320801e3db34b663e7e3f816\",\"name\":\"Axel Lauzier\",\"image\":{\"@type\":\"ImageObject\",\"inLanguage\":\"fr-FR\",\"@id\":\"https:\/\/sport-index.fr\/blog\/#\/schema\/person\/image\/\",\"url\":\"https:\/\/sport-index.fr\/blog\/wp-content\/uploads\/2026\/06\/persona_axel-l-96x96.jpg\",\"contentUrl\":\"https:\/\/sport-index.fr\/blog\/wp-content\/uploads\/2026\/06\/persona_axel-l-96x96.jpg\",\"caption\":\"Axel Lauzier\"},\"description\":\"Le sport rythme mon quotidien depuis l'enfance, et j'en ai fait mon m\u00e9tier d'analyste r\u00e9dactionnel il y a une dizaine d'ann\u00e9es. Je couvre principalement le football, son actualit\u00e9, ses transferts et l'analyse tactique des grandes affiches, mais aussi les disciplines plus confidentielles que j'aime remettre en lumi\u00e8re. Une partie de mon travail porte sur les pronostics et la lecture statistique d'un match : forme des \u00e9quipes, historique des confrontations, compositions, sans jamais vendre de fausse certitude. Je rappelle syst\u00e9matiquement que parier comporte un risque et doit rester un loisir ma\u00eetris\u00e9. Avant de signer une analyse, je v\u00e9rifie mes chiffres, je recoupe les compositions probables et je distingue toujours la donn\u00e9e brute de l'intuition. Mon objectif : offrir une lecture honn\u00eate et argument\u00e9e, pas un ticket gagnant garanti.\",\"sameAs\":[\"https:\/\/axellauzier.fr\/\"],\"url\":\"https:\/\/sport-index.fr\/blog\/auteur\/noname\/\"}]}<\/script>\n<!-- \/ Yoast SEO Premium plugin. -->","yoast_head_json":{"title":"victoire \u00e9clatante de lo\u00efc meillard aux mondiaux","description":"Lo\u00efc Meillard brille sur la sc\u00e8ne mondiale Accompagn\u00e9 de son co\u00e9quipier Franjo von Allmen, il a su s'imposer lors de la partie slalom, offrant \u00e0 la\u2026","robots":{"index":"index","follow":"follow","max-snippet":"max-snippet:-1","max-image-preview":"max-image-preview:large","max-video-preview":"max-video-preview:-1"},"canonical":"https:\/\/sport-index.fr\/blog\/a-la-une\/victoire-eclatante-de-loic-meillard-aux-mondiaux-de-saalbach-revivez-son-run-en-video\/","og_locale":"fr_FR","og_type":"article","og_title":"victoire \u00e9clatante de lo\u00efc meillard aux mondiaux","og_description":"Lo\u00efc Meillard brille sur la sc\u00e8ne mondiale Accompagn\u00e9 de son co\u00e9quipier Franjo von Allmen, il a su s'imposer lors de la partie slalom, offrant \u00e0 la\u2026","og_url":"https:\/\/sport-index.fr\/blog\/a-la-une\/victoire-eclatante-de-loic-meillard-aux-mondiaux-de-saalbach-revivez-son-run-en-video\/","og_site_name":"sport-index","author":"Axel Lauzier","twitter_card":"summary_large_image","schema":{"@context":"https:\/\/schema.org","@graph":[{"@type":"NewsArticle","@id":"https:\/\/sport-index.fr\/blog\/a-la-une\/victoire-eclatante-de-loic-meillard-aux-mondiaux-de-saalbach-revivez-son-run-en-video\/#article","isPartOf":{"@id":"https:\/\/sport-index.fr\/blog\/a-la-une\/victoire-eclatante-de-loic-meillard-aux-mondiaux-de-saalbach-revivez-son-run-en-video\/"},"author":{"name":"Axel Lauzier","@id":"https:\/\/sport-index.fr\/blog\/#\/schema\/person\/3c864cdc320801e3db34b663e7e3f816"},"headline":"victoire \u00e9clatante de lo\u00efc meillard aux mondiaux de saalbach : revivez son run en vid\u00e9o","datePublished":"2025-02-13T07:47:03+00:00","mainEntityOfPage":{"@id":"https:\/\/sport-index.fr\/blog\/a-la-une\/victoire-eclatante-de-loic-meillard-aux-mondiaux-de-saalbach-revivez-son-run-en-video\/"},"wordCount":477,"commentCount":21,"publisher":{"@id":"https:\/\/sport-index.fr\/blog\/#organization"},"image":{"@id":"https:\/\/sport-index.fr\/blog\/a-la-une\/victoire-eclatante-de-loic-meillard-aux-mondiaux-de-saalbach-revivez-son-run-en-video\/#primaryimage"},"thumbnailUrl":"https:\/\/sport-index.fr\/blog\/wp-content\/uploads\/2025\/02\/sdxl-c6a4ac36eefa8b8ea18a9fb86337ddbe.png","keywords":["Communaut\u00e9 engag\u00e9e","\u00c9quipe","Performance sportive","R\u00e9silience","Ski Alpin"],"articleSection":["\u00c0 la une"],"inLanguage":"fr-FR","potentialAction":[{"@type":"CommentAction","name":"Comment","target":["https:\/\/sport-index.fr\/blog\/a-la-une\/victoire-eclatante-de-loic-meillard-aux-mondiaux-de-saalbach-revivez-son-run-en-video\/#respond"]}]},{"@type":"WebPage","@id":"https:\/\/sport-index.fr\/blog\/a-la-une\/victoire-eclatante-de-loic-meillard-aux-mondiaux-de-saalbach-revivez-son-run-en-video\/","url":"https:\/\/sport-index.fr\/blog\/a-la-une\/victoire-eclatante-de-loic-meillard-aux-mondiaux-de-saalbach-revivez-son-run-en-video\/","name":"victoire \u00e9clatante de lo\u00efc meillard aux mondiaux","isPartOf":{"@id":"https:\/\/sport-index.fr\/blog\/#website"},"primaryImageOfPage":{"@id":"https:\/\/sport-index.fr\/blog\/a-la-une\/victoire-eclatante-de-loic-meillard-aux-mondiaux-de-saalbach-revivez-son-run-en-video\/#primaryimage"},"image":{"@id":"https:\/\/sport-index.fr\/blog\/a-la-une\/victoire-eclatante-de-loic-meillard-aux-mondiaux-de-saalbach-revivez-son-run-en-video\/#primaryimage"},"thumbnailUrl":"https:\/\/sport-index.fr\/blog\/wp-content\/uploads\/2025\/02\/sdxl-c6a4ac36eefa8b8ea18a9fb86337ddbe.png","datePublished":"2025-02-13T07:47:03+00:00","description":"Lo\u00efc Meillard brille sur la sc\u00e8ne mondiale Accompagn\u00e9 de son co\u00e9quipier Franjo von Allmen, il a su s'imposer lors de la partie slalom, offrant \u00e0 la\u2026","inLanguage":"fr-FR","potentialAction":[{"@type":"ReadAction","target":["https:\/\/sport-index.fr\/blog\/a-la-une\/victoire-eclatante-de-loic-meillard-aux-mondiaux-de-saalbach-revivez-son-run-en-video\/"]}]},{"@type":"ImageObject","inLanguage":"fr-FR","@id":"https:\/\/sport-index.fr\/blog\/a-la-une\/victoire-eclatante-de-loic-meillard-aux-mondiaux-de-saalbach-revivez-son-run-en-video\/#primaryimage","url":"https:\/\/sport-index.fr\/blog\/wp-content\/uploads\/2025\/02\/sdxl-c6a4ac36eefa8b8ea18a9fb86337ddbe.png","contentUrl":"https:\/\/sport-index.fr\/blog\/wp-content\/uploads\/2025\/02\/sdxl-c6a4ac36eefa8b8ea18a9fb86337ddbe.png","width":1536,"height":640},{"@type":"WebSite","@id":"https:\/\/sport-index.fr\/blog\/#website","url":"https:\/\/sport-index.fr\/blog\/","name":"sport-index.fr","description":"Le score de l\u2019analyse sportive.","publisher":{"@id":"https:\/\/sport-index.fr\/blog\/#organization"},"alternateName":"Le score de l\u2019analyse sportive.","potentialAction":[{"@type":"SearchAction","target":{"@type":"EntryPoint","urlTemplate":"https:\/\/sport-index.fr\/blog\/?s={search_term_string}"},"query-input":{"@type":"PropertyValueSpecification","valueRequired":true,"valueName":"search_term_string"}}],"inLanguage":"fr-FR"},{"@type":"Organization","@id":"https:\/\/sport-index.fr\/blog\/#organization","name":"Foretsensations.fr","url":"https:\/\/sport-index.fr\/blog\/","logo":{"@type":"ImageObject","inLanguage":"fr-FR","@id":"https:\/\/sport-index.fr\/blog\/#\/schema\/logo\/image\/","url":"https:\/\/sport-index.fr\/blog\/wp-content\/uploads\/2026\/07\/logo-auto.png","contentUrl":"https:\/\/sport-index.fr\/blog\/wp-content\/uploads\/2026\/07\/logo-auto.png","width":1024,"height":1024,"caption":"Foretsensations.fr"},"image":{"@id":"https:\/\/sport-index.fr\/blog\/#\/schema\/logo\/image\/"}},{"@type":"Person","@id":"https:\/\/sport-index.fr\/blog\/#\/schema\/person\/3c864cdc320801e3db34b663e7e3f816","name":"Axel Lauzier","image":{"@type":"ImageObject","inLanguage":"fr-FR","@id":"https:\/\/sport-index.fr\/blog\/#\/schema\/person\/image\/","url":"https:\/\/sport-index.fr\/blog\/wp-content\/uploads\/2026\/06\/persona_axel-l-96x96.jpg","contentUrl":"https:\/\/sport-index.fr\/blog\/wp-content\/uploads\/2026\/06\/persona_axel-l-96x96.jpg","caption":"Axel Lauzier"},"description":"Le sport rythme mon quotidien depuis l'enfance, et j'en ai fait mon m\u00e9tier d'analyste r\u00e9dactionnel il y a une dizaine d'ann\u00e9es. Je couvre principalement le football, son actualit\u00e9, ses transferts et l'analyse tactique des grandes affiches, mais aussi les disciplines plus confidentielles que j'aime remettre en lumi\u00e8re. Une partie de mon travail porte sur les pronostics et la lecture statistique d'un match : forme des \u00e9quipes, historique des confrontations, compositions, sans jamais vendre de fausse certitude. Je rappelle syst\u00e9matiquement que parier comporte un risque et doit rester un loisir ma\u00eetris\u00e9. Avant de signer une analyse, je v\u00e9rifie mes chiffres, je recoupe les compositions probables et je distingue toujours la donn\u00e9e brute de l'intuition. Mon objectif : offrir une lecture honn\u00eate et argument\u00e9e, pas un ticket gagnant garanti.","sameAs":["https:\/\/axellauzier.fr\/"],"url":"https:\/\/sport-index.fr\/blog\/auteur\/noname\/"}]}},"_links":{"self":[{"href":"https:\/\/sport-index.fr\/blog\/wp-json\/wp\/v2\/posts\/8287","targetHints":{"allow":["GET"]}}],"collection":[{"href":"https:\/\/sport-index.fr\/blog\/wp-json\/wp\/v2\/posts"}],"about":[{"href":"https:\/\/sport-index.fr\/blog\/wp-json\/wp\/v2\/types\/post"}],"author":[{"embeddable":true,"href":"https:\/\/sport-index.fr\/blog\/wp-json\/wp\/v2\/users\/34"}],"replies":[{"embeddable":true,"href":"https:\/\/sport-index.fr\/blog\/wp-json\/wp\/v2\/comments?post=8287"}],"version-history":[{"count":1,"href":"https:\/\/sport-index.fr\/blog\/wp-json\/wp\/v2\/posts\/8287\/revisions"}],"predecessor-version":[{"id":8352,"href":"https:\/\/sport-index.fr\/blog\/wp-json\/wp\/v2\/posts\/8287\/revisions\/8352"}],"wp:featuredmedia":[{"embeddable":true,"href":"https:\/\/sport-index.fr\/blog\/wp-json\/wp\/v2\/media\/10485"}],"wp:attachment":[{"href":"https:\/\/sport-index.fr\/blog\/wp-json\/wp\/v2\/media?parent=8287"}],"wp:term":[{"taxonomy":"category","embeddable":true,"href":"https:\/\/sport-index.fr\/blog\/wp-json\/wp\/v2\/categories?post=8287"},{"taxonomy":"post_tag","embeddable":true,"href":"https:\/\/sport-index.fr\/blog\/wp-json\/wp\/v2\/tags?post=8287"}],"curies":[{"name":"wp","href":"https:\/\/api.w.org\/{rel}","templated":true}]}}