{"id":8288,"date":"2025-02-14T01:35:31","date_gmt":"2025-02-14T00:35:31","guid":{"rendered":"https:\/\/sport-index.fr\/blog\/?p=8288"},"modified":"2025-02-12T17:34:22","modified_gmt":"2025-02-12T16:34:22","slug":"une-victoire-eclatante-le-relais-mixte-francais-brille-aux-mondiaux-de-biathlon","status":"publish","type":"post","link":"https:\/\/sport-index.fr\/blog\/a-la-une\/une-victoire-eclatante-le-relais-mixte-francais-brille-aux-mondiaux-de-biathlon\/","title":{"rendered":"Une victoire \u00e9clatante : le relais mixte fran\u00e7ais brille aux Mondiaux de biathlon"},"content":{"rendered":"<p>Lors du relais mixte inaugural, Julia Simon, Lou Jeanmonnot, Emilien Jacquelin et Eric Perrot ont d\u00e9montr\u00e9 un niveau de comp\u00e9tition remarquable, s\u2019adjugeant la m\u00e9daille d\u2019or avec une avance impressionnante. Cette victoire, c\u00e9l\u00e9br\u00e9e par l\u2019hymne national, la Marseillaise, a suscit\u00e9 une vague d\u2019\u00e9motion et de fiert\u00e9 chez les supporters et les athl\u00e8tes.<\/p>\n<h2>Une performance collective impressionnante<\/h2>\n<p>Les quatre athl\u00e8tes fran\u00e7ais ont chacun apport\u00e9 leur contribution \u00e0 cette victoire m\u00e9morable. En effet, d\u00e8s le d\u00e9but de la course, Julia Simon a \u00e9tabli un rythme soutenu, permettant \u00e0 son \u00e9quipe de prendre une avance qui allait se r\u00e9v\u00e9ler d\u00e9cisive. L\u2019excellence de chaque membre du relais a \u00e9t\u00e9 mise en avant, rendant cette victoire encore plus significative.<\/p>\n<p>Emilien Jacquelin, connu pour sa pr\u00e9cision au tir, a jou\u00e9 un r\u00f4le crucial en maintenant l\u2019avance de l\u2019\u00e9quipe pendant sa portion de la course. Eric Perrot, quant \u00e0 lui, a termin\u00e9 brillamment, consolidant la victoire fran\u00e7aise avec un temps d\u2019avance de plus d\u2019une minute sur la R\u00e9publique tch\u00e8que, qui a pris la deuxi\u00e8me place. Ce relais mixte a non seulement mis en lumi\u00e8re les talents individuels mais a \u00e9galement soulign\u00e9 l\u2019esprit d\u2019\u00e9quipe qui r\u00e8gne au sein de la s\u00e9lection fran\u00e7aise.<\/p>\n<h2>Des \u00e9motions \u00e0 fleur de peau<\/h2>\n<p>Lorsque la Marseillaise a retenti \u00e0 Lenzerheide, les larmes de joie ont inond\u00e9 les visages des athl\u00e8tes et des supporters. Ce moment de c\u00e9l\u00e9bration a marqu\u00e9 l\u2019aboutissement d\u2019un travail acharn\u00e9 et d\u2019une pr\u00e9paration rigoureuse. La fiert\u00e9 nationale \u00e9tait palpable, et chacun a pu ressentir l\u2019adr\u00e9naline et l\u2019\u00e9motion d\u2019une victoire tant attendue.<\/p>\n<p>\u00ab C&rsquo;est un moment incroyable, un r\u00eave devenu r\u00e9alit\u00e9 \u00bb, a d\u00e9clar\u00e9 Lou Jeanmonnot en sortant du podium. Les athl\u00e8tes ont partag\u00e9 leur gratitude envers leurs entra\u00eeneurs et le staff qui les a soutenus tout au long de leur pr\u00e9paration. Cette victoire est le fruit d\u2019un effort collectif, et le relais mixte a permis \u00e0 chacun de briller tout en soutenant ses co\u00e9quipiers.<\/p>\n<p><iframe loading=\"lazy\" title=\"Mondiaux biathlon 2024 - Le replay int\u00e9gral de la victoire des Bleus en relais mixte\" width=\"1200\" height=\"675\" src=\"https:\/\/www.youtube.com\/embed\/WJabiY34Xnk?feature=oembed\" frameborder=\"0\" allow=\"accelerometer; autoplay; clipboard-write; encrypted-media; gyroscope; picture-in-picture; web-share\" referrerpolicy=\"strict-origin-when-cross-origin\" allowfullscreen><\/iframe><\/p>\n<h2>Un avenir prometteur pour le biathlon fran\u00e7ais<\/h2>\n<p>Cette victoire aux Mondiaux de Lenzerheide annonce un avenir radieux pour le biathlon fran\u00e7ais. Les jeunes athl\u00e8tes, inspir\u00e9s par cet exploit, sont motiv\u00e9s pour se d\u00e9passer et poursuivre le travail de leurs a\u00een\u00e9s. Les performances des membres de l\u2019\u00e9quipe nationale t\u00e9moignent d\u2019un potentiel \u00e9norme qui pourrait mener \u00e0 d\u2019autres succ\u00e8s dans les comp\u00e9titions futures.<\/p>\n<p>Les Mondiaux de biathlon 2025 sont une \u00e9tape importante dans le parcours des athl\u00e8tes, mais ils marquent aussi le d\u00e9but d&rsquo;une nouvelle \u00e8re pour le sport en France. Les r\u00e9sultats obtenus \u00e0 Lenzerheide pourraient inciter de nombreux jeunes \u00e0 s&rsquo;initier au biathlon, renfor\u00e7ant ainsi la rel\u00e8ve et l\u2019avenir de cette discipline.<\/p>\n<ul>\n<li>Julia Simon, Lou Jeanmonnot, Emilien Jacquelin et Eric Perrot sur le podium<\/li>\n<li>Victoire avec plus d&rsquo;une minute d&rsquo;avance sur la R\u00e9publique tch\u00e8que<\/li>\n<li>Une Marseillaise \u00e9motive pour c\u00e9l\u00e9brer le succ\u00e8s<\/li>\n<li>Un moment de fiert\u00e9 nationale pour le biathlon fran\u00e7ais<\/li>\n<li>Un futur prometteur pour les jeunes athl\u00e8tes en France<\/li>\n<\/ul>\n<blockquote><p>\n\u00ab C&rsquo;est un moment incroyable, un r\u00eave devenu r\u00e9alit\u00e9 \u00bb, a d\u00e9clar\u00e9 Lou Jeanmonnot.\n<\/p><\/blockquote>\n<p>Au-del\u00e0 de la comp\u00e9tition, cet \u00e9v\u00e9nement a renforc\u00e9 les liens entre les athl\u00e8tes et leurs supporters. La victoire en relais mixte a redonn\u00e9 un souffle d&rsquo;optimisme \u00e0 une discipline qui n\u00e9cessite autant de technique que de pers\u00e9v\u00e9rance. Les Mondiaux de Lenzerheide auront \u00e9t\u00e9 le th\u00e9\u00e2tre d&rsquo;une c\u00e9l\u00e9bration unique, mettant en avant le talent et la passion d&rsquo;une \u00e9quipe unie dans la qu\u00eate de l&rsquo;excellence.<\/p>\n","protected":false},"excerpt":{"rendered":"","protected":false},"author":34,"featured_media":10455,"comment_status":"open","ping_status":"open","sticky":false,"template":"","format":"standard","meta":{"_acf_changed":false,"manual_indexmenow":false,"indexmenow_id_project":0,"footnotes":""},"categories":[1],"tags":[5053,4615,4544,4543,4617],"class_list":["post-8288","post","type-post","status-publish","format-standard","has-post-thumbnail","hentry","category-a-la-une","tag-biathlon","tag-communaute-engagee","tag-equipe","tag-performance","tag-sport","generate-columns","tablet-grid-50","mobile-grid-100","grid-parent","grid-25"],"acf":[],"yoast_head":"<!-- This site is optimized with the Yoast SEO Premium plugin v21.3 (Yoast SEO v26.5) - https:\/\/yoast.com\/wordpress\/plugins\/seo\/ -->\n<title>Une victoire \u00e9clatante : le relais mixte fran\u00e7ais brille<\/title>\n<meta name=\"description\" content=\"Lors du relais mixte inaugural, Julia Simon, Lou Jeanmonnot, Emilien Jacquelin et Eric Perrot ont d\u00e9montr\u00e9 un niveau de comp\u00e9tition remarquable\u2026\" \/>\n<meta name=\"robots\" content=\"index, follow, max-snippet:-1, max-image-preview:large, max-video-preview:-1\" \/>\n<link rel=\"canonical\" href=\"https:\/\/sport-index.fr\/blog\/a-la-une\/une-victoire-eclatante-le-relais-mixte-francais-brille-aux-mondiaux-de-biathlon\/\" \/>\n<meta property=\"og:locale\" content=\"fr_FR\" \/>\n<meta property=\"og:type\" content=\"article\" \/>\n<meta property=\"og:title\" content=\"Une victoire \u00e9clatante : le relais mixte fran\u00e7ais brille\" \/>\n<meta property=\"og:description\" content=\"Lors du relais mixte inaugural, Julia Simon, Lou Jeanmonnot, Emilien Jacquelin et Eric Perrot ont d\u00e9montr\u00e9 un niveau de comp\u00e9tition remarquable\u2026\" \/>\n<meta property=\"og:url\" content=\"https:\/\/sport-index.fr\/blog\/a-la-une\/une-victoire-eclatante-le-relais-mixte-francais-brille-aux-mondiaux-de-biathlon\/\" \/>\n<meta property=\"og:site_name\" content=\"sport-index\" \/>\n<meta name=\"author\" content=\"Axel Lauzier\" \/>\n<meta name=\"twitter:card\" content=\"summary_large_image\" \/>\n<script type=\"application\/ld+json\" class=\"yoast-schema-graph\">{\"@context\":\"https:\/\/schema.org\",\"@graph\":[{\"@type\":\"NewsArticle\",\"@id\":\"https:\/\/sport-index.fr\/blog\/a-la-une\/une-victoire-eclatante-le-relais-mixte-francais-brille-aux-mondiaux-de-biathlon\/#article\",\"isPartOf\":{\"@id\":\"https:\/\/sport-index.fr\/blog\/a-la-une\/une-victoire-eclatante-le-relais-mixte-francais-brille-aux-mondiaux-de-biathlon\/\"},\"author\":{\"name\":\"Axel Lauzier\",\"@id\":\"https:\/\/sport-index.fr\/blog\/#\/schema\/person\/3c864cdc320801e3db34b663e7e3f816\"},\"headline\":\"Une victoire \u00e9clatante : le relais mixte fran\u00e7ais brille aux Mondiaux de biathlon\",\"datePublished\":\"2025-02-14T00:35:31+00:00\",\"mainEntityOfPage\":{\"@id\":\"https:\/\/sport-index.fr\/blog\/a-la-une\/une-victoire-eclatante-le-relais-mixte-francais-brille-aux-mondiaux-de-biathlon\/\"},\"wordCount\":658,\"commentCount\":22,\"publisher\":{\"@id\":\"https:\/\/sport-index.fr\/blog\/#organization\"},\"image\":{\"@id\":\"https:\/\/sport-index.fr\/blog\/a-la-une\/une-victoire-eclatante-le-relais-mixte-francais-brille-aux-mondiaux-de-biathlon\/#primaryimage\"},\"thumbnailUrl\":\"https:\/\/sport-index.fr\/blog\/wp-content\/uploads\/2025\/02\/sdxl-f6e99ce524245e6e81433ac008be2d16.png\",\"keywords\":[\"Biathlon\",\"Communaut\u00e9 engag\u00e9e\",\"\u00c9quipe\",\"Performance\",\"Sport\"],\"articleSection\":[\"\u00c0 la une\"],\"inLanguage\":\"fr-FR\",\"potentialAction\":[{\"@type\":\"CommentAction\",\"name\":\"Comment\",\"target\":[\"https:\/\/sport-index.fr\/blog\/a-la-une\/une-victoire-eclatante-le-relais-mixte-francais-brille-aux-mondiaux-de-biathlon\/#respond\"]}]},{\"@type\":\"WebPage\",\"@id\":\"https:\/\/sport-index.fr\/blog\/a-la-une\/une-victoire-eclatante-le-relais-mixte-francais-brille-aux-mondiaux-de-biathlon\/\",\"url\":\"https:\/\/sport-index.fr\/blog\/a-la-une\/une-victoire-eclatante-le-relais-mixte-francais-brille-aux-mondiaux-de-biathlon\/\",\"name\":\"Une victoire \u00e9clatante : le relais mixte fran\u00e7ais brille\",\"isPartOf\":{\"@id\":\"https:\/\/sport-index.fr\/blog\/#website\"},\"primaryImageOfPage\":{\"@id\":\"https:\/\/sport-index.fr\/blog\/a-la-une\/une-victoire-eclatante-le-relais-mixte-francais-brille-aux-mondiaux-de-biathlon\/#primaryimage\"},\"image\":{\"@id\":\"https:\/\/sport-index.fr\/blog\/a-la-une\/une-victoire-eclatante-le-relais-mixte-francais-brille-aux-mondiaux-de-biathlon\/#primaryimage\"},\"thumbnailUrl\":\"https:\/\/sport-index.fr\/blog\/wp-content\/uploads\/2025\/02\/sdxl-f6e99ce524245e6e81433ac008be2d16.png\",\"datePublished\":\"2025-02-14T00:35:31+00:00\",\"description\":\"Lors du relais mixte inaugural, Julia Simon, Lou Jeanmonnot, Emilien Jacquelin et Eric Perrot ont d\u00e9montr\u00e9 un niveau de comp\u00e9tition remarquable\u2026\",\"inLanguage\":\"fr-FR\",\"potentialAction\":[{\"@type\":\"ReadAction\",\"target\":[\"https:\/\/sport-index.fr\/blog\/a-la-une\/une-victoire-eclatante-le-relais-mixte-francais-brille-aux-mondiaux-de-biathlon\/\"]}]},{\"@type\":\"ImageObject\",\"inLanguage\":\"fr-FR\",\"@id\":\"https:\/\/sport-index.fr\/blog\/a-la-une\/une-victoire-eclatante-le-relais-mixte-francais-brille-aux-mondiaux-de-biathlon\/#primaryimage\",\"url\":\"https:\/\/sport-index.fr\/blog\/wp-content\/uploads\/2025\/02\/sdxl-f6e99ce524245e6e81433ac008be2d16.png\",\"contentUrl\":\"https:\/\/sport-index.fr\/blog\/wp-content\/uploads\/2025\/02\/sdxl-f6e99ce524245e6e81433ac008be2d16.png\",\"width\":1536,\"height\":640},{\"@type\":\"WebSite\",\"@id\":\"https:\/\/sport-index.fr\/blog\/#website\",\"url\":\"https:\/\/sport-index.fr\/blog\/\",\"name\":\"sport-index.fr\",\"description\":\"Le score de l\u2019analyse sportive.\",\"publisher\":{\"@id\":\"https:\/\/sport-index.fr\/blog\/#organization\"},\"alternateName\":\"Le score de l\u2019analyse sportive.\",\"potentialAction\":[{\"@type\":\"SearchAction\",\"target\":{\"@type\":\"EntryPoint\",\"urlTemplate\":\"https:\/\/sport-index.fr\/blog\/?s={search_term_string}\"},\"query-input\":{\"@type\":\"PropertyValueSpecification\",\"valueRequired\":true,\"valueName\":\"search_term_string\"}}],\"inLanguage\":\"fr-FR\"},{\"@type\":\"Organization\",\"@id\":\"https:\/\/sport-index.fr\/blog\/#organization\",\"name\":\"Foretsensations.fr\",\"url\":\"https:\/\/sport-index.fr\/blog\/\",\"logo\":{\"@type\":\"ImageObject\",\"inLanguage\":\"fr-FR\",\"@id\":\"https:\/\/sport-index.fr\/blog\/#\/schema\/logo\/image\/\",\"url\":\"https:\/\/sport-index.fr\/blog\/wp-content\/uploads\/2026\/07\/logo-auto.png\",\"contentUrl\":\"https:\/\/sport-index.fr\/blog\/wp-content\/uploads\/2026\/07\/logo-auto.png\",\"width\":1024,\"height\":1024,\"caption\":\"Foretsensations.fr\"},\"image\":{\"@id\":\"https:\/\/sport-index.fr\/blog\/#\/schema\/logo\/image\/\"}},{\"@type\":\"Person\",\"@id\":\"https:\/\/sport-index.fr\/blog\/#\/schema\/person\/3c864cdc320801e3db34b663e7e3f816\",\"name\":\"Axel Lauzier\",\"image\":{\"@type\":\"ImageObject\",\"inLanguage\":\"fr-FR\",\"@id\":\"https:\/\/sport-index.fr\/blog\/#\/schema\/person\/image\/\",\"url\":\"https:\/\/sport-index.fr\/blog\/wp-content\/uploads\/2026\/06\/persona_axel-l-96x96.jpg\",\"contentUrl\":\"https:\/\/sport-index.fr\/blog\/wp-content\/uploads\/2026\/06\/persona_axel-l-96x96.jpg\",\"caption\":\"Axel Lauzier\"},\"description\":\"Le sport rythme mon quotidien depuis l'enfance, et j'en ai fait mon m\u00e9tier d'analyste r\u00e9dactionnel il y a une dizaine d'ann\u00e9es. Je couvre principalement le football, son actualit\u00e9, ses transferts et l'analyse tactique des grandes affiches, mais aussi les disciplines plus confidentielles que j'aime remettre en lumi\u00e8re. Une partie de mon travail porte sur les pronostics et la lecture statistique d'un match : forme des \u00e9quipes, historique des confrontations, compositions, sans jamais vendre de fausse certitude. Je rappelle syst\u00e9matiquement que parier comporte un risque et doit rester un loisir ma\u00eetris\u00e9. Avant de signer une analyse, je v\u00e9rifie mes chiffres, je recoupe les compositions probables et je distingue toujours la donn\u00e9e brute de l'intuition. Mon objectif : offrir une lecture honn\u00eate et argument\u00e9e, pas un ticket gagnant garanti.\",\"sameAs\":[\"https:\/\/axellauzier.fr\/\"],\"url\":\"https:\/\/sport-index.fr\/blog\/auteur\/noname\/\"}]}<\/script>\n<!-- \/ Yoast SEO Premium plugin. -->","yoast_head_json":{"title":"Une victoire \u00e9clatante : le relais mixte fran\u00e7ais brille","description":"Lors du relais mixte inaugural, Julia Simon, Lou Jeanmonnot, Emilien Jacquelin et Eric Perrot ont d\u00e9montr\u00e9 un niveau de comp\u00e9tition remarquable\u2026","robots":{"index":"index","follow":"follow","max-snippet":"max-snippet:-1","max-image-preview":"max-image-preview:large","max-video-preview":"max-video-preview:-1"},"canonical":"https:\/\/sport-index.fr\/blog\/a-la-une\/une-victoire-eclatante-le-relais-mixte-francais-brille-aux-mondiaux-de-biathlon\/","og_locale":"fr_FR","og_type":"article","og_title":"Une victoire \u00e9clatante : le relais mixte fran\u00e7ais brille","og_description":"Lors du relais mixte inaugural, Julia Simon, Lou Jeanmonnot, Emilien Jacquelin et Eric Perrot ont d\u00e9montr\u00e9 un niveau de comp\u00e9tition remarquable\u2026","og_url":"https:\/\/sport-index.fr\/blog\/a-la-une\/une-victoire-eclatante-le-relais-mixte-francais-brille-aux-mondiaux-de-biathlon\/","og_site_name":"sport-index","author":"Axel Lauzier","twitter_card":"summary_large_image","schema":{"@context":"https:\/\/schema.org","@graph":[{"@type":"NewsArticle","@id":"https:\/\/sport-index.fr\/blog\/a-la-une\/une-victoire-eclatante-le-relais-mixte-francais-brille-aux-mondiaux-de-biathlon\/#article","isPartOf":{"@id":"https:\/\/sport-index.fr\/blog\/a-la-une\/une-victoire-eclatante-le-relais-mixte-francais-brille-aux-mondiaux-de-biathlon\/"},"author":{"name":"Axel Lauzier","@id":"https:\/\/sport-index.fr\/blog\/#\/schema\/person\/3c864cdc320801e3db34b663e7e3f816"},"headline":"Une victoire \u00e9clatante : le relais mixte fran\u00e7ais brille aux Mondiaux de biathlon","datePublished":"2025-02-14T00:35:31+00:00","mainEntityOfPage":{"@id":"https:\/\/sport-index.fr\/blog\/a-la-une\/une-victoire-eclatante-le-relais-mixte-francais-brille-aux-mondiaux-de-biathlon\/"},"wordCount":658,"commentCount":22,"publisher":{"@id":"https:\/\/sport-index.fr\/blog\/#organization"},"image":{"@id":"https:\/\/sport-index.fr\/blog\/a-la-une\/une-victoire-eclatante-le-relais-mixte-francais-brille-aux-mondiaux-de-biathlon\/#primaryimage"},"thumbnailUrl":"https:\/\/sport-index.fr\/blog\/wp-content\/uploads\/2025\/02\/sdxl-f6e99ce524245e6e81433ac008be2d16.png","keywords":["Biathlon","Communaut\u00e9 engag\u00e9e","\u00c9quipe","Performance","Sport"],"articleSection":["\u00c0 la une"],"inLanguage":"fr-FR","potentialAction":[{"@type":"CommentAction","name":"Comment","target":["https:\/\/sport-index.fr\/blog\/a-la-une\/une-victoire-eclatante-le-relais-mixte-francais-brille-aux-mondiaux-de-biathlon\/#respond"]}]},{"@type":"WebPage","@id":"https:\/\/sport-index.fr\/blog\/a-la-une\/une-victoire-eclatante-le-relais-mixte-francais-brille-aux-mondiaux-de-biathlon\/","url":"https:\/\/sport-index.fr\/blog\/a-la-une\/une-victoire-eclatante-le-relais-mixte-francais-brille-aux-mondiaux-de-biathlon\/","name":"Une victoire \u00e9clatante : le relais mixte fran\u00e7ais brille","isPartOf":{"@id":"https:\/\/sport-index.fr\/blog\/#website"},"primaryImageOfPage":{"@id":"https:\/\/sport-index.fr\/blog\/a-la-une\/une-victoire-eclatante-le-relais-mixte-francais-brille-aux-mondiaux-de-biathlon\/#primaryimage"},"image":{"@id":"https:\/\/sport-index.fr\/blog\/a-la-une\/une-victoire-eclatante-le-relais-mixte-francais-brille-aux-mondiaux-de-biathlon\/#primaryimage"},"thumbnailUrl":"https:\/\/sport-index.fr\/blog\/wp-content\/uploads\/2025\/02\/sdxl-f6e99ce524245e6e81433ac008be2d16.png","datePublished":"2025-02-14T00:35:31+00:00","description":"Lors du relais mixte inaugural, Julia Simon, Lou Jeanmonnot, Emilien Jacquelin et Eric Perrot ont d\u00e9montr\u00e9 un niveau de comp\u00e9tition remarquable\u2026","inLanguage":"fr-FR","potentialAction":[{"@type":"ReadAction","target":["https:\/\/sport-index.fr\/blog\/a-la-une\/une-victoire-eclatante-le-relais-mixte-francais-brille-aux-mondiaux-de-biathlon\/"]}]},{"@type":"ImageObject","inLanguage":"fr-FR","@id":"https:\/\/sport-index.fr\/blog\/a-la-une\/une-victoire-eclatante-le-relais-mixte-francais-brille-aux-mondiaux-de-biathlon\/#primaryimage","url":"https:\/\/sport-index.fr\/blog\/wp-content\/uploads\/2025\/02\/sdxl-f6e99ce524245e6e81433ac008be2d16.png","contentUrl":"https:\/\/sport-index.fr\/blog\/wp-content\/uploads\/2025\/02\/sdxl-f6e99ce524245e6e81433ac008be2d16.png","width":1536,"height":640},{"@type":"WebSite","@id":"https:\/\/sport-index.fr\/blog\/#website","url":"https:\/\/sport-index.fr\/blog\/","name":"sport-index.fr","description":"Le score de l\u2019analyse sportive.","publisher":{"@id":"https:\/\/sport-index.fr\/blog\/#organization"},"alternateName":"Le score de l\u2019analyse sportive.","potentialAction":[{"@type":"SearchAction","target":{"@type":"EntryPoint","urlTemplate":"https:\/\/sport-index.fr\/blog\/?s={search_term_string}"},"query-input":{"@type":"PropertyValueSpecification","valueRequired":true,"valueName":"search_term_string"}}],"inLanguage":"fr-FR"},{"@type":"Organization","@id":"https:\/\/sport-index.fr\/blog\/#organization","name":"Foretsensations.fr","url":"https:\/\/sport-index.fr\/blog\/","logo":{"@type":"ImageObject","inLanguage":"fr-FR","@id":"https:\/\/sport-index.fr\/blog\/#\/schema\/logo\/image\/","url":"https:\/\/sport-index.fr\/blog\/wp-content\/uploads\/2026\/07\/logo-auto.png","contentUrl":"https:\/\/sport-index.fr\/blog\/wp-content\/uploads\/2026\/07\/logo-auto.png","width":1024,"height":1024,"caption":"Foretsensations.fr"},"image":{"@id":"https:\/\/sport-index.fr\/blog\/#\/schema\/logo\/image\/"}},{"@type":"Person","@id":"https:\/\/sport-index.fr\/blog\/#\/schema\/person\/3c864cdc320801e3db34b663e7e3f816","name":"Axel Lauzier","image":{"@type":"ImageObject","inLanguage":"fr-FR","@id":"https:\/\/sport-index.fr\/blog\/#\/schema\/person\/image\/","url":"https:\/\/sport-index.fr\/blog\/wp-content\/uploads\/2026\/06\/persona_axel-l-96x96.jpg","contentUrl":"https:\/\/sport-index.fr\/blog\/wp-content\/uploads\/2026\/06\/persona_axel-l-96x96.jpg","caption":"Axel Lauzier"},"description":"Le sport rythme mon quotidien depuis l'enfance, et j'en ai fait mon m\u00e9tier d'analyste r\u00e9dactionnel il y a une dizaine d'ann\u00e9es. Je couvre principalement le football, son actualit\u00e9, ses transferts et l'analyse tactique des grandes affiches, mais aussi les disciplines plus confidentielles que j'aime remettre en lumi\u00e8re. Une partie de mon travail porte sur les pronostics et la lecture statistique d'un match : forme des \u00e9quipes, historique des confrontations, compositions, sans jamais vendre de fausse certitude. Je rappelle syst\u00e9matiquement que parier comporte un risque et doit rester un loisir ma\u00eetris\u00e9. Avant de signer une analyse, je v\u00e9rifie mes chiffres, je recoupe les compositions probables et je distingue toujours la donn\u00e9e brute de l'intuition. Mon objectif : offrir une lecture honn\u00eate et argument\u00e9e, pas un ticket gagnant garanti.","sameAs":["https:\/\/axellauzier.fr\/"],"url":"https:\/\/sport-index.fr\/blog\/auteur\/noname\/"}]}},"_links":{"self":[{"href":"https:\/\/sport-index.fr\/blog\/wp-json\/wp\/v2\/posts\/8288","targetHints":{"allow":["GET"]}}],"collection":[{"href":"https:\/\/sport-index.fr\/blog\/wp-json\/wp\/v2\/posts"}],"about":[{"href":"https:\/\/sport-index.fr\/blog\/wp-json\/wp\/v2\/types\/post"}],"author":[{"embeddable":true,"href":"https:\/\/sport-index.fr\/blog\/wp-json\/wp\/v2\/users\/34"}],"replies":[{"embeddable":true,"href":"https:\/\/sport-index.fr\/blog\/wp-json\/wp\/v2\/comments?post=8288"}],"version-history":[{"count":1,"href":"https:\/\/sport-index.fr\/blog\/wp-json\/wp\/v2\/posts\/8288\/revisions"}],"predecessor-version":[{"id":8422,"href":"https:\/\/sport-index.fr\/blog\/wp-json\/wp\/v2\/posts\/8288\/revisions\/8422"}],"wp:featuredmedia":[{"embeddable":true,"href":"https:\/\/sport-index.fr\/blog\/wp-json\/wp\/v2\/media\/10455"}],"wp:attachment":[{"href":"https:\/\/sport-index.fr\/blog\/wp-json\/wp\/v2\/media?parent=8288"}],"wp:term":[{"taxonomy":"category","embeddable":true,"href":"https:\/\/sport-index.fr\/blog\/wp-json\/wp\/v2\/categories?post=8288"},{"taxonomy":"post_tag","embeddable":true,"href":"https:\/\/sport-index.fr\/blog\/wp-json\/wp\/v2\/tags?post=8288"}],"curies":[{"name":"wp","href":"https:\/\/api.w.org\/{rel}","templated":true}]}}