{"id":8289,"date":"2025-02-13T09:17:33","date_gmt":"2025-02-13T08:17:33","guid":{"rendered":"https:\/\/sport-index.fr\/blog\/?p=8289"},"modified":"2025-02-13T09:17:33","modified_gmt":"2025-02-13T08:17:33","slug":"une-victoire-eclatante-pour-la-suisse-au-combine-par-equipes-masculin-des-mondiaux","status":"publish","type":"post","link":"https:\/\/sport-index.fr\/blog\/a-la-une\/une-victoire-eclatante-pour-la-suisse-au-combine-par-equipes-masculin-des-mondiaux\/","title":{"rendered":"Une victoire \u00e9clatante pour la Suisse au combin\u00e9 par \u00e9quipes masculin des Mondiaux"},"content":{"rendered":"<h2>Un podium enti\u00e8rement suisse<\/h2>\n<p>La comp\u00e9tition de combin\u00e9 par \u00e9quipes masculin aux Mondiaux de Saalbach a \u00e9t\u00e9 marqu\u00e9e par une performance impressionnante de l&rsquo;\u00e9quipe suisse. Franjo von Allmen, en descente, a ouvert la voie avec une prestation solide, tandis que Lo\u00efc Meillard a brillamment conclu en slalom. Cette dynamique a permis \u00e0 la Suisse de s&#8217;emparer des trois premi\u00e8res places, une r\u00e9alisation sans pr\u00e9c\u00e9dent dans cette \u00e9preuve.<\/p>\n<p>Les duos suisses, Alexis Monney &#8211; Tanguy Nef et Stefan Rogentin &#8211; Marc Rochat, ont \u00e9galement fait preuve d\u2019un excellent niveau de performance. Monney et Nef ont termin\u00e9 \u00e0 la deuxi\u00e8me place avec un retard de seulement 27 secondes, tandis que Rogentin et Rochat ont compl\u00e9t\u00e9 le podium \u00e0 43 secondes. Ces r\u00e9sultats illustrent la force et la coh\u00e9sion de l&rsquo;\u00e9quipe suisse dans cette discipline exigeante.<\/p>\n<h2>Une comp\u00e9tition palpitante<\/h2>\n<p>Le combin\u00e9 par \u00e9quipes masculin a \u00e9t\u00e9 un v\u00e9ritable spectacle pour les amateurs de ski alpin. Chaque duo a d\u00fb faire face \u00e0 des conditions de course vari\u00e9es qui ont mis \u00e0 l\u2019\u00e9preuve leurs comp\u00e9tences techniques et leur capacit\u00e9 \u00e0 travailler ensemble. La tension \u00e9tait palpable, chaque descente et chaque virage comptant pour l&rsquo;issue finale de la comp\u00e9tition.<\/p>\n<p>La victoire de la Suisse dans cette \u00e9preuve a suscit\u00e9 l&rsquo;enthousiasme des supporters, qui ont vu leurs athl\u00e8tes briller sur la sc\u00e8ne mondiale. Les cha\u00eenes Eurosport ont retransmis les moments forts de cette journ\u00e9e m\u00e9morable, permettant \u00e0 un large public de vivre cette victoire en direct. Cette couverture m\u00e9diatique a contribu\u00e9 \u00e0 renforcer l&rsquo;engouement autour du ski alpin en Suisse.<\/p>\n<p><iframe loading=\"lazy\" title=\"Seconde guerre mondiale 1939-1945 | L&#039;Histoire nous le dira - S\u00e9rie #3\" width=\"1200\" height=\"675\" src=\"https:\/\/www.youtube.com\/embed\/P8Zgbk5B9go?feature=oembed\" frameborder=\"0\" allow=\"accelerometer; autoplay; clipboard-write; encrypted-media; gyroscope; picture-in-picture; web-share\" referrerpolicy=\"strict-origin-when-cross-origin\" allowfullscreen><\/iframe><\/p>\n<h2>Un avenir prometteur pour le ski alpin suisse<\/h2>\n<p>Avec des performances comme celles de Saalbach, l&rsquo;avenir du ski alpin suisse semble radieux. Les jeunes talents, tels que Monney et Nef, montrent un potentiel exceptionnel qui laisse pr\u00e9sager de belles victoires \u00e0 venir. La f\u00e9d\u00e9ration suisse de ski continue de soutenir ces athl\u00e8tes en leur offrant les ressources n\u00e9cessaires pour exceller.<\/p>\n<p>Il est crucial de continuer \u00e0 encourager cette nouvelle g\u00e9n\u00e9ration de skieurs, car ils repr\u00e9sentent l&rsquo;avenir du ski alpin en Suisse. Leur d\u00e9termination et leur passion pour le sport sont inspirantes et pourraient bien mener \u00e0 d&rsquo;autres succ\u00e8s lors des prochaines comp\u00e9titions internationales. <\/p>\n<blockquote><p>\n\u00ab\u00a0La r\u00e9ussite de notre \u00e9quipe est le fruit d&rsquo;un travail acharn\u00e9 et d&rsquo;une grande solidarit\u00e9.\u00a0\u00bb &#8211; Franjo von Allmen\n<\/p><\/blockquote>\n<ul>\n<li>Franjo von Allmen et Lo\u00efc Meillard, champions du combin\u00e9 par \u00e9quipes masculin.<\/li>\n<li>Alexis Monney et Tanguy Nef, deuxi\u00e8mes avec un retard de 27 secondes.<\/li>\n<li>Stefan Rogentin et Marc Rochat, troisi\u00e8mes \u00e0 43 secondes.<\/li>\n<li>La couverture m\u00e9diatique a renforc\u00e9 l&rsquo;int\u00e9r\u00eat pour le ski alpin suisse.<\/li>\n<li>Des jeunes talents prometteurs \u00e9mergent dans l&rsquo;\u00e9quipe suisse.<\/li>\n<\/ul>\n<p>La victoire de la Suisse au combin\u00e9 par \u00e9quipes masculin des Mondiaux de Saalbach est un moment fort pour le ski alpin helv\u00e9tique. Avec une \u00e9quipe aussi talentueuse et solide, le pays peut esp\u00e9rer continuer \u00e0 briller sur la sc\u00e8ne internationale. Les performances remarquables de ces athl\u00e8tes ne font que confirmer leur place parmi les meilleurs skieurs du monde, et le public attend d\u00e9j\u00e0 avec impatience les prochaines comp\u00e9titions.<\/p>\n","protected":false},"excerpt":{"rendered":"","protected":false},"author":34,"featured_media":11317,"comment_status":"open","ping_status":"open","sticky":false,"template":"","format":"standard","meta":{"_acf_changed":false,"manual_indexmenow":false,"indexmenow_id_project":0,"footnotes":""},"categories":[1],"tags":[2574,4615,4544,4632,4591],"class_list":["post-8289","post","type-post","status-publish","format-standard","has-post-thumbnail","hentry","category-a-la-une","tag-bien-etre","tag-communaute-engagee","tag-equipe","tag-performance-sportive","tag-ski-alpin","generate-columns","tablet-grid-50","mobile-grid-100","grid-parent","grid-25"],"acf":[],"yoast_head":"<!-- This site is optimized with the Yoast SEO Premium plugin v21.3 (Yoast SEO v26.5) - https:\/\/yoast.com\/wordpress\/plugins\/seo\/ -->\n<title>Une victoire \u00e9clatante pour la Suisse au combin\u00e9<\/title>\n<meta name=\"description\" content=\"Un podium enti\u00e8rement suisse La comp\u00e9tition de combin\u00e9 par \u00e9quipes masculin aux Mondiaux de Saalbach a \u00e9t\u00e9 marqu\u00e9e par une performance impressionnante de\u2026\" \/>\n<meta name=\"robots\" content=\"index, follow, max-snippet:-1, max-image-preview:large, max-video-preview:-1\" \/>\n<link rel=\"canonical\" href=\"https:\/\/sport-index.fr\/blog\/a-la-une\/une-victoire-eclatante-pour-la-suisse-au-combine-par-equipes-masculin-des-mondiaux\/\" \/>\n<meta property=\"og:locale\" content=\"fr_FR\" \/>\n<meta property=\"og:type\" content=\"article\" \/>\n<meta property=\"og:title\" content=\"Une victoire \u00e9clatante pour la Suisse au combin\u00e9\" \/>\n<meta property=\"og:description\" content=\"Un podium enti\u00e8rement suisse La comp\u00e9tition de combin\u00e9 par \u00e9quipes masculin aux Mondiaux de Saalbach a \u00e9t\u00e9 marqu\u00e9e par une performance impressionnante de\u2026\" \/>\n<meta property=\"og:url\" content=\"https:\/\/sport-index.fr\/blog\/a-la-une\/une-victoire-eclatante-pour-la-suisse-au-combine-par-equipes-masculin-des-mondiaux\/\" \/>\n<meta property=\"og:site_name\" content=\"sport-index\" \/>\n<meta name=\"author\" content=\"Axel Lauzier\" \/>\n<meta name=\"twitter:card\" content=\"summary_large_image\" \/>\n<script type=\"application\/ld+json\" class=\"yoast-schema-graph\">{\"@context\":\"https:\/\/schema.org\",\"@graph\":[{\"@type\":\"NewsArticle\",\"@id\":\"https:\/\/sport-index.fr\/blog\/a-la-une\/une-victoire-eclatante-pour-la-suisse-au-combine-par-equipes-masculin-des-mondiaux\/#article\",\"isPartOf\":{\"@id\":\"https:\/\/sport-index.fr\/blog\/a-la-une\/une-victoire-eclatante-pour-la-suisse-au-combine-par-equipes-masculin-des-mondiaux\/\"},\"author\":{\"name\":\"Axel Lauzier\",\"@id\":\"https:\/\/sport-index.fr\/blog\/#\/schema\/person\/3c864cdc320801e3db34b663e7e3f816\"},\"headline\":\"Une victoire \u00e9clatante pour la Suisse au combin\u00e9 par \u00e9quipes masculin des Mondiaux\",\"datePublished\":\"2025-02-13T08:17:33+00:00\",\"mainEntityOfPage\":{\"@id\":\"https:\/\/sport-index.fr\/blog\/a-la-une\/une-victoire-eclatante-pour-la-suisse-au-combine-par-equipes-masculin-des-mondiaux\/\"},\"wordCount\":562,\"commentCount\":25,\"publisher\":{\"@id\":\"https:\/\/sport-index.fr\/blog\/#organization\"},\"image\":{\"@id\":\"https:\/\/sport-index.fr\/blog\/a-la-une\/une-victoire-eclatante-pour-la-suisse-au-combine-par-equipes-masculin-des-mondiaux\/#primaryimage\"},\"thumbnailUrl\":\"https:\/\/sport-index.fr\/blog\/wp-content\/uploads\/2025\/02\/sdxl-3af48b7d745b10644a5da88eacb4a8b8.png\",\"keywords\":[\"Bien-\u00catre\",\"Communaut\u00e9 engag\u00e9e\",\"\u00c9quipe\",\"Performance sportive\",\"Ski Alpin\"],\"articleSection\":[\"\u00c0 la une\"],\"inLanguage\":\"fr-FR\",\"potentialAction\":[{\"@type\":\"CommentAction\",\"name\":\"Comment\",\"target\":[\"https:\/\/sport-index.fr\/blog\/a-la-une\/une-victoire-eclatante-pour-la-suisse-au-combine-par-equipes-masculin-des-mondiaux\/#respond\"]}]},{\"@type\":\"WebPage\",\"@id\":\"https:\/\/sport-index.fr\/blog\/a-la-une\/une-victoire-eclatante-pour-la-suisse-au-combine-par-equipes-masculin-des-mondiaux\/\",\"url\":\"https:\/\/sport-index.fr\/blog\/a-la-une\/une-victoire-eclatante-pour-la-suisse-au-combine-par-equipes-masculin-des-mondiaux\/\",\"name\":\"Une victoire \u00e9clatante pour la Suisse au combin\u00e9\",\"isPartOf\":{\"@id\":\"https:\/\/sport-index.fr\/blog\/#website\"},\"primaryImageOfPage\":{\"@id\":\"https:\/\/sport-index.fr\/blog\/a-la-une\/une-victoire-eclatante-pour-la-suisse-au-combine-par-equipes-masculin-des-mondiaux\/#primaryimage\"},\"image\":{\"@id\":\"https:\/\/sport-index.fr\/blog\/a-la-une\/une-victoire-eclatante-pour-la-suisse-au-combine-par-equipes-masculin-des-mondiaux\/#primaryimage\"},\"thumbnailUrl\":\"https:\/\/sport-index.fr\/blog\/wp-content\/uploads\/2025\/02\/sdxl-3af48b7d745b10644a5da88eacb4a8b8.png\",\"datePublished\":\"2025-02-13T08:17:33+00:00\",\"description\":\"Un podium enti\u00e8rement suisse La comp\u00e9tition de combin\u00e9 par \u00e9quipes masculin aux Mondiaux de Saalbach a \u00e9t\u00e9 marqu\u00e9e par une performance impressionnante de\u2026\",\"inLanguage\":\"fr-FR\",\"potentialAction\":[{\"@type\":\"ReadAction\",\"target\":[\"https:\/\/sport-index.fr\/blog\/a-la-une\/une-victoire-eclatante-pour-la-suisse-au-combine-par-equipes-masculin-des-mondiaux\/\"]}]},{\"@type\":\"ImageObject\",\"inLanguage\":\"fr-FR\",\"@id\":\"https:\/\/sport-index.fr\/blog\/a-la-une\/une-victoire-eclatante-pour-la-suisse-au-combine-par-equipes-masculin-des-mondiaux\/#primaryimage\",\"url\":\"https:\/\/sport-index.fr\/blog\/wp-content\/uploads\/2025\/02\/sdxl-3af48b7d745b10644a5da88eacb4a8b8.png\",\"contentUrl\":\"https:\/\/sport-index.fr\/blog\/wp-content\/uploads\/2025\/02\/sdxl-3af48b7d745b10644a5da88eacb4a8b8.png\",\"width\":1536,\"height\":640},{\"@type\":\"WebSite\",\"@id\":\"https:\/\/sport-index.fr\/blog\/#website\",\"url\":\"https:\/\/sport-index.fr\/blog\/\",\"name\":\"sport-index.fr\",\"description\":\"Le score de l\u2019analyse sportive.\",\"publisher\":{\"@id\":\"https:\/\/sport-index.fr\/blog\/#organization\"},\"alternateName\":\"Le score de l\u2019analyse sportive.\",\"potentialAction\":[{\"@type\":\"SearchAction\",\"target\":{\"@type\":\"EntryPoint\",\"urlTemplate\":\"https:\/\/sport-index.fr\/blog\/?s={search_term_string}\"},\"query-input\":{\"@type\":\"PropertyValueSpecification\",\"valueRequired\":true,\"valueName\":\"search_term_string\"}}],\"inLanguage\":\"fr-FR\"},{\"@type\":\"Organization\",\"@id\":\"https:\/\/sport-index.fr\/blog\/#organization\",\"name\":\"Foretsensations.fr\",\"url\":\"https:\/\/sport-index.fr\/blog\/\",\"logo\":{\"@type\":\"ImageObject\",\"inLanguage\":\"fr-FR\",\"@id\":\"https:\/\/sport-index.fr\/blog\/#\/schema\/logo\/image\/\",\"url\":\"https:\/\/sport-index.fr\/blog\/wp-content\/uploads\/2026\/07\/logo-auto.png\",\"contentUrl\":\"https:\/\/sport-index.fr\/blog\/wp-content\/uploads\/2026\/07\/logo-auto.png\",\"width\":1024,\"height\":1024,\"caption\":\"Foretsensations.fr\"},\"image\":{\"@id\":\"https:\/\/sport-index.fr\/blog\/#\/schema\/logo\/image\/\"}},{\"@type\":\"Person\",\"@id\":\"https:\/\/sport-index.fr\/blog\/#\/schema\/person\/3c864cdc320801e3db34b663e7e3f816\",\"name\":\"Axel Lauzier\",\"image\":{\"@type\":\"ImageObject\",\"inLanguage\":\"fr-FR\",\"@id\":\"https:\/\/sport-index.fr\/blog\/#\/schema\/person\/image\/\",\"url\":\"https:\/\/sport-index.fr\/blog\/wp-content\/uploads\/2026\/06\/persona_axel-l-96x96.jpg\",\"contentUrl\":\"https:\/\/sport-index.fr\/blog\/wp-content\/uploads\/2026\/06\/persona_axel-l-96x96.jpg\",\"caption\":\"Axel Lauzier\"},\"description\":\"Le sport rythme mon quotidien depuis l'enfance, et j'en ai fait mon m\u00e9tier d'analyste r\u00e9dactionnel il y a une dizaine d'ann\u00e9es. Je couvre principalement le football, son actualit\u00e9, ses transferts et l'analyse tactique des grandes affiches, mais aussi les disciplines plus confidentielles que j'aime remettre en lumi\u00e8re. Une partie de mon travail porte sur les pronostics et la lecture statistique d'un match : forme des \u00e9quipes, historique des confrontations, compositions, sans jamais vendre de fausse certitude. Je rappelle syst\u00e9matiquement que parier comporte un risque et doit rester un loisir ma\u00eetris\u00e9. Avant de signer une analyse, je v\u00e9rifie mes chiffres, je recoupe les compositions probables et je distingue toujours la donn\u00e9e brute de l'intuition. Mon objectif : offrir une lecture honn\u00eate et argument\u00e9e, pas un ticket gagnant garanti.\",\"sameAs\":[\"https:\/\/axellauzier.fr\/\"],\"url\":\"https:\/\/sport-index.fr\/blog\/auteur\/noname\/\"}]}<\/script>\n<!-- \/ Yoast SEO Premium plugin. -->","yoast_head_json":{"title":"Une victoire \u00e9clatante pour la Suisse au combin\u00e9","description":"Un podium enti\u00e8rement suisse La comp\u00e9tition de combin\u00e9 par \u00e9quipes masculin aux Mondiaux de Saalbach a \u00e9t\u00e9 marqu\u00e9e par une performance impressionnante de\u2026","robots":{"index":"index","follow":"follow","max-snippet":"max-snippet:-1","max-image-preview":"max-image-preview:large","max-video-preview":"max-video-preview:-1"},"canonical":"https:\/\/sport-index.fr\/blog\/a-la-une\/une-victoire-eclatante-pour-la-suisse-au-combine-par-equipes-masculin-des-mondiaux\/","og_locale":"fr_FR","og_type":"article","og_title":"Une victoire \u00e9clatante pour la Suisse au combin\u00e9","og_description":"Un podium enti\u00e8rement suisse La comp\u00e9tition de combin\u00e9 par \u00e9quipes masculin aux Mondiaux de Saalbach a \u00e9t\u00e9 marqu\u00e9e par une performance impressionnante de\u2026","og_url":"https:\/\/sport-index.fr\/blog\/a-la-une\/une-victoire-eclatante-pour-la-suisse-au-combine-par-equipes-masculin-des-mondiaux\/","og_site_name":"sport-index","author":"Axel Lauzier","twitter_card":"summary_large_image","schema":{"@context":"https:\/\/schema.org","@graph":[{"@type":"NewsArticle","@id":"https:\/\/sport-index.fr\/blog\/a-la-une\/une-victoire-eclatante-pour-la-suisse-au-combine-par-equipes-masculin-des-mondiaux\/#article","isPartOf":{"@id":"https:\/\/sport-index.fr\/blog\/a-la-une\/une-victoire-eclatante-pour-la-suisse-au-combine-par-equipes-masculin-des-mondiaux\/"},"author":{"name":"Axel Lauzier","@id":"https:\/\/sport-index.fr\/blog\/#\/schema\/person\/3c864cdc320801e3db34b663e7e3f816"},"headline":"Une victoire \u00e9clatante pour la Suisse au combin\u00e9 par \u00e9quipes masculin des Mondiaux","datePublished":"2025-02-13T08:17:33+00:00","mainEntityOfPage":{"@id":"https:\/\/sport-index.fr\/blog\/a-la-une\/une-victoire-eclatante-pour-la-suisse-au-combine-par-equipes-masculin-des-mondiaux\/"},"wordCount":562,"commentCount":25,"publisher":{"@id":"https:\/\/sport-index.fr\/blog\/#organization"},"image":{"@id":"https:\/\/sport-index.fr\/blog\/a-la-une\/une-victoire-eclatante-pour-la-suisse-au-combine-par-equipes-masculin-des-mondiaux\/#primaryimage"},"thumbnailUrl":"https:\/\/sport-index.fr\/blog\/wp-content\/uploads\/2025\/02\/sdxl-3af48b7d745b10644a5da88eacb4a8b8.png","keywords":["Bien-\u00catre","Communaut\u00e9 engag\u00e9e","\u00c9quipe","Performance sportive","Ski Alpin"],"articleSection":["\u00c0 la une"],"inLanguage":"fr-FR","potentialAction":[{"@type":"CommentAction","name":"Comment","target":["https:\/\/sport-index.fr\/blog\/a-la-une\/une-victoire-eclatante-pour-la-suisse-au-combine-par-equipes-masculin-des-mondiaux\/#respond"]}]},{"@type":"WebPage","@id":"https:\/\/sport-index.fr\/blog\/a-la-une\/une-victoire-eclatante-pour-la-suisse-au-combine-par-equipes-masculin-des-mondiaux\/","url":"https:\/\/sport-index.fr\/blog\/a-la-une\/une-victoire-eclatante-pour-la-suisse-au-combine-par-equipes-masculin-des-mondiaux\/","name":"Une victoire \u00e9clatante pour la Suisse au combin\u00e9","isPartOf":{"@id":"https:\/\/sport-index.fr\/blog\/#website"},"primaryImageOfPage":{"@id":"https:\/\/sport-index.fr\/blog\/a-la-une\/une-victoire-eclatante-pour-la-suisse-au-combine-par-equipes-masculin-des-mondiaux\/#primaryimage"},"image":{"@id":"https:\/\/sport-index.fr\/blog\/a-la-une\/une-victoire-eclatante-pour-la-suisse-au-combine-par-equipes-masculin-des-mondiaux\/#primaryimage"},"thumbnailUrl":"https:\/\/sport-index.fr\/blog\/wp-content\/uploads\/2025\/02\/sdxl-3af48b7d745b10644a5da88eacb4a8b8.png","datePublished":"2025-02-13T08:17:33+00:00","description":"Un podium enti\u00e8rement suisse La comp\u00e9tition de combin\u00e9 par \u00e9quipes masculin aux Mondiaux de Saalbach a \u00e9t\u00e9 marqu\u00e9e par une performance impressionnante de\u2026","inLanguage":"fr-FR","potentialAction":[{"@type":"ReadAction","target":["https:\/\/sport-index.fr\/blog\/a-la-une\/une-victoire-eclatante-pour-la-suisse-au-combine-par-equipes-masculin-des-mondiaux\/"]}]},{"@type":"ImageObject","inLanguage":"fr-FR","@id":"https:\/\/sport-index.fr\/blog\/a-la-une\/une-victoire-eclatante-pour-la-suisse-au-combine-par-equipes-masculin-des-mondiaux\/#primaryimage","url":"https:\/\/sport-index.fr\/blog\/wp-content\/uploads\/2025\/02\/sdxl-3af48b7d745b10644a5da88eacb4a8b8.png","contentUrl":"https:\/\/sport-index.fr\/blog\/wp-content\/uploads\/2025\/02\/sdxl-3af48b7d745b10644a5da88eacb4a8b8.png","width":1536,"height":640},{"@type":"WebSite","@id":"https:\/\/sport-index.fr\/blog\/#website","url":"https:\/\/sport-index.fr\/blog\/","name":"sport-index.fr","description":"Le score de l\u2019analyse sportive.","publisher":{"@id":"https:\/\/sport-index.fr\/blog\/#organization"},"alternateName":"Le score de l\u2019analyse sportive.","potentialAction":[{"@type":"SearchAction","target":{"@type":"EntryPoint","urlTemplate":"https:\/\/sport-index.fr\/blog\/?s={search_term_string}"},"query-input":{"@type":"PropertyValueSpecification","valueRequired":true,"valueName":"search_term_string"}}],"inLanguage":"fr-FR"},{"@type":"Organization","@id":"https:\/\/sport-index.fr\/blog\/#organization","name":"Foretsensations.fr","url":"https:\/\/sport-index.fr\/blog\/","logo":{"@type":"ImageObject","inLanguage":"fr-FR","@id":"https:\/\/sport-index.fr\/blog\/#\/schema\/logo\/image\/","url":"https:\/\/sport-index.fr\/blog\/wp-content\/uploads\/2026\/07\/logo-auto.png","contentUrl":"https:\/\/sport-index.fr\/blog\/wp-content\/uploads\/2026\/07\/logo-auto.png","width":1024,"height":1024,"caption":"Foretsensations.fr"},"image":{"@id":"https:\/\/sport-index.fr\/blog\/#\/schema\/logo\/image\/"}},{"@type":"Person","@id":"https:\/\/sport-index.fr\/blog\/#\/schema\/person\/3c864cdc320801e3db34b663e7e3f816","name":"Axel Lauzier","image":{"@type":"ImageObject","inLanguage":"fr-FR","@id":"https:\/\/sport-index.fr\/blog\/#\/schema\/person\/image\/","url":"https:\/\/sport-index.fr\/blog\/wp-content\/uploads\/2026\/06\/persona_axel-l-96x96.jpg","contentUrl":"https:\/\/sport-index.fr\/blog\/wp-content\/uploads\/2026\/06\/persona_axel-l-96x96.jpg","caption":"Axel Lauzier"},"description":"Le sport rythme mon quotidien depuis l'enfance, et j'en ai fait mon m\u00e9tier d'analyste r\u00e9dactionnel il y a une dizaine d'ann\u00e9es. Je couvre principalement le football, son actualit\u00e9, ses transferts et l'analyse tactique des grandes affiches, mais aussi les disciplines plus confidentielles que j'aime remettre en lumi\u00e8re. Une partie de mon travail porte sur les pronostics et la lecture statistique d'un match : forme des \u00e9quipes, historique des confrontations, compositions, sans jamais vendre de fausse certitude. Je rappelle syst\u00e9matiquement que parier comporte un risque et doit rester un loisir ma\u00eetris\u00e9. Avant de signer une analyse, je v\u00e9rifie mes chiffres, je recoupe les compositions probables et je distingue toujours la donn\u00e9e brute de l'intuition. Mon objectif : offrir une lecture honn\u00eate et argument\u00e9e, pas un ticket gagnant garanti.","sameAs":["https:\/\/axellauzier.fr\/"],"url":"https:\/\/sport-index.fr\/blog\/auteur\/noname\/"}]}},"_links":{"self":[{"href":"https:\/\/sport-index.fr\/blog\/wp-json\/wp\/v2\/posts\/8289","targetHints":{"allow":["GET"]}}],"collection":[{"href":"https:\/\/sport-index.fr\/blog\/wp-json\/wp\/v2\/posts"}],"about":[{"href":"https:\/\/sport-index.fr\/blog\/wp-json\/wp\/v2\/types\/post"}],"author":[{"embeddable":true,"href":"https:\/\/sport-index.fr\/blog\/wp-json\/wp\/v2\/users\/34"}],"replies":[{"embeddable":true,"href":"https:\/\/sport-index.fr\/blog\/wp-json\/wp\/v2\/comments?post=8289"}],"version-history":[{"count":1,"href":"https:\/\/sport-index.fr\/blog\/wp-json\/wp\/v2\/posts\/8289\/revisions"}],"predecessor-version":[{"id":8355,"href":"https:\/\/sport-index.fr\/blog\/wp-json\/wp\/v2\/posts\/8289\/revisions\/8355"}],"wp:featuredmedia":[{"embeddable":true,"href":"https:\/\/sport-index.fr\/blog\/wp-json\/wp\/v2\/media\/11317"}],"wp:attachment":[{"href":"https:\/\/sport-index.fr\/blog\/wp-json\/wp\/v2\/media?parent=8289"}],"wp:term":[{"taxonomy":"category","embeddable":true,"href":"https:\/\/sport-index.fr\/blog\/wp-json\/wp\/v2\/categories?post=8289"},{"taxonomy":"post_tag","embeddable":true,"href":"https:\/\/sport-index.fr\/blog\/wp-json\/wp\/v2\/tags?post=8289"}],"curies":[{"name":"wp","href":"https:\/\/api.w.org\/{rel}","templated":true}]}}