{"id":8291,"date":"2025-02-13T17:49:09","date_gmt":"2025-02-13T16:49:09","guid":{"rendered":"https:\/\/sport-index.fr\/blog\/?p=8291"},"modified":"2025-02-13T17:49:09","modified_gmt":"2025-02-13T16:49:09","slug":"emilien-jacquelin-champion-du-relais-mixte-a-lenzerheide-vise-lexcellence","status":"publish","type":"post","link":"https:\/\/sport-index.fr\/blog\/a-la-une\/emilien-jacquelin-champion-du-relais-mixte-a-lenzerheide-vise-lexcellence\/","title":{"rendered":"Emilien Jacquelin, champion du relais mixte \u00e0 Lenzerheide, vise l&rsquo;excellence"},"content":{"rendered":"<h2>Un titre mondial malgr\u00e9 les d\u00e9fis<\/h2>\n<p>Emilien Jacquelin a r\u00e9alis\u00e9 une performance remarquable lors du relais mixte \u00e0 Lenzerheide. En tant que quatri\u00e8me relayeur, il a pris le d\u00e9part avec une avance confortable de 1 minute et 29 secondes sur ses concurrents. Toutefois, sa course a \u00e9t\u00e9 marqu\u00e9e par un tour de p\u00e9nalit\u00e9 qui a mis en lumi\u00e8re certaines lacunes \u00e0 corriger.<\/p>\n<p>Le skieur fran\u00e7ais de 29 ans a d\u00e9montr\u00e9 ses comp\u00e9tences en ski, mais le tir debout lui a pos\u00e9 probl\u00e8me. Au-del\u00e0 de son titre mondial, il reste conscient des aspects \u00e0 am\u00e9liorer pour les prochaines \u00e9tapes de sa carri\u00e8re. \u00ab\u00a0Il y a des choses \u00e0 rectifier\u00a0\u00bb, a-t-il d\u00e9clar\u00e9, soulignant son d\u00e9sir d&rsquo;\u00e9voluer en tant qu&rsquo;athl\u00e8te.<\/p>\n<h2>Les d\u00e9fis du relais mixte<\/h2>\n<p>Le relais mixte est un format qui combine la vitesse du ski de fond et la pr\u00e9cision du tir. Chaque relayeur doit non seulement exceller sur la neige, mais aussi faire preuve de concentration lors des tirs. La pression est intense, car chaque erreur peut co\u00fbter des pr\u00e9cieuses secondes \u00e0 l&rsquo;\u00e9quipe.<\/p>\n<p>Jacquelin et ses co\u00e9quipiers ont su g\u00e9rer cette pression, mais des erreurs individuelles, comme celle rencontr\u00e9e par le Fran\u00e7ais, peuvent affecter le r\u00e9sultat final. Ce type de course exige non seulement des comp\u00e9tences athl\u00e9tiques, mais aussi une strat\u00e9gie de course bien rod\u00e9e. L&rsquo;analyse des performances pass\u00e9es devient alors essentielle pour progresser.<\/p>\n<h2>Les le\u00e7ons \u00e0 tirer pour l&rsquo;avenir<\/h2>\n<p>Chaque comp\u00e9tition est une occasion d&rsquo;apprendre et de s&rsquo;am\u00e9liorer. Emilien Jacquelin, bien qu&rsquo;heureux de son titre, se concentre sur les points \u00e0 travailler pour le futur. La capacit\u00e9 \u00e0 reconna\u00eetre ses faiblesses est un atout majeur dans le monde du sport.<\/p>\n<p>Pour lui, la route est encore longue, et chaque moment sur le circuit international compte. Il est d\u00e9termin\u00e9 \u00e0 transformer cette exp\u00e9rience en tremplin vers de futures victoires. Voici quelques \u00e9l\u00e9ments cl\u00e9s \u00e0 retenir de sa performance :<\/p>\n<ul>\n<li>Importance de la pr\u00e9paration mentale pour le tir<\/li>\n<li>Technique de ski \u00e0 perfectionner<\/li>\n<li>Travail d&rsquo;\u00e9quipe crucial pour le relais<\/li>\n<li>Gestion de la pression durant les comp\u00e9titions<\/li>\n<li>Analyse des erreurs pour \u00e9viter les r\u00e9p\u00e9titions<\/li>\n<\/ul>\n<p>Emilien Jacquelin a prouv\u00e9 qu&rsquo;il est un athl\u00e8te talentueux, capable de briller sur la sc\u00e8ne mondiale. Son engagement \u00e0 rectifier ses erreurs montre sa d\u00e9termination \u00e0 exceller. Les prochains comp\u00e9titions seront sans doute l&rsquo;occasion pour lui de mettre en pratique les le\u00e7ons apprises \u00e0 Lenzerheide, avec l&rsquo;espoir de revenir encore plus fort et performant.<\/p>\n","protected":false},"excerpt":{"rendered":"","protected":false},"author":34,"featured_media":11314,"comment_status":"open","ping_status":"open","sticky":false,"template":"","format":"standard","meta":{"_acf_changed":false,"manual_indexmenow":false,"indexmenow_id_project":0,"footnotes":""},"categories":[1],"tags":[4544,4561,4632,4885,4591],"class_list":["post-8291","post","type-post","status-publish","format-standard","has-post-thumbnail","hentry","category-a-la-une","tag-equipe","tag-gestion-des-talents","tag-performance-sportive","tag-preparation-mentale","tag-ski-alpin","generate-columns","tablet-grid-50","mobile-grid-100","grid-parent","grid-25"],"acf":[],"yoast_head":"<!-- This site is optimized with the Yoast SEO Premium plugin v21.3 (Yoast SEO v26.5) - https:\/\/yoast.com\/wordpress\/plugins\/seo\/ -->\n<title>Emilien Jacquelin, champion du relais mixte \u00e0 Lenzerheide<\/title>\n<meta name=\"description\" content=\"Un titre mondial malgr\u00e9 les d\u00e9fis Emilien Jacquelin a r\u00e9alis\u00e9 une performance remarquable lors du relais mixte \u00e0 Lenzerheide. En tant que quatri\u00e8me\u2026\" \/>\n<meta name=\"robots\" content=\"index, follow, max-snippet:-1, max-image-preview:large, max-video-preview:-1\" \/>\n<link rel=\"canonical\" href=\"https:\/\/sport-index.fr\/blog\/a-la-une\/emilien-jacquelin-champion-du-relais-mixte-a-lenzerheide-vise-lexcellence\/\" \/>\n<meta property=\"og:locale\" content=\"fr_FR\" \/>\n<meta property=\"og:type\" content=\"article\" \/>\n<meta property=\"og:title\" content=\"Emilien Jacquelin, champion du relais mixte \u00e0 Lenzerheide\" \/>\n<meta property=\"og:description\" content=\"Un titre mondial malgr\u00e9 les d\u00e9fis Emilien Jacquelin a r\u00e9alis\u00e9 une performance remarquable lors du relais mixte \u00e0 Lenzerheide. En tant que quatri\u00e8me\u2026\" \/>\n<meta property=\"og:url\" content=\"https:\/\/sport-index.fr\/blog\/a-la-une\/emilien-jacquelin-champion-du-relais-mixte-a-lenzerheide-vise-lexcellence\/\" \/>\n<meta property=\"og:site_name\" content=\"sport-index\" \/>\n<meta name=\"author\" content=\"Axel Lauzier\" \/>\n<meta name=\"twitter:card\" content=\"summary_large_image\" \/>\n<script type=\"application\/ld+json\" class=\"yoast-schema-graph\">{\"@context\":\"https:\/\/schema.org\",\"@graph\":[{\"@type\":\"NewsArticle\",\"@id\":\"https:\/\/sport-index.fr\/blog\/a-la-une\/emilien-jacquelin-champion-du-relais-mixte-a-lenzerheide-vise-lexcellence\/#article\",\"isPartOf\":{\"@id\":\"https:\/\/sport-index.fr\/blog\/a-la-une\/emilien-jacquelin-champion-du-relais-mixte-a-lenzerheide-vise-lexcellence\/\"},\"author\":{\"name\":\"Axel Lauzier\",\"@id\":\"https:\/\/sport-index.fr\/blog\/#\/schema\/person\/3c864cdc320801e3db34b663e7e3f816\"},\"headline\":\"Emilien Jacquelin, champion du relais mixte \u00e0 Lenzerheide, vise l&rsquo;excellence\",\"datePublished\":\"2025-02-13T16:49:09+00:00\",\"mainEntityOfPage\":{\"@id\":\"https:\/\/sport-index.fr\/blog\/a-la-une\/emilien-jacquelin-champion-du-relais-mixte-a-lenzerheide-vise-lexcellence\/\"},\"wordCount\":447,\"commentCount\":22,\"publisher\":{\"@id\":\"https:\/\/sport-index.fr\/blog\/#organization\"},\"image\":{\"@id\":\"https:\/\/sport-index.fr\/blog\/a-la-une\/emilien-jacquelin-champion-du-relais-mixte-a-lenzerheide-vise-lexcellence\/#primaryimage\"},\"thumbnailUrl\":\"https:\/\/sport-index.fr\/blog\/wp-content\/uploads\/2025\/02\/sdxl-05d4403b4ae4104e801f610f695be207.png\",\"keywords\":[\"\u00c9quipe\",\"Gestion des Talents\",\"Performance sportive\",\"Pr\u00e9paration Mentale\",\"Ski Alpin\"],\"articleSection\":[\"\u00c0 la une\"],\"inLanguage\":\"fr-FR\",\"potentialAction\":[{\"@type\":\"CommentAction\",\"name\":\"Comment\",\"target\":[\"https:\/\/sport-index.fr\/blog\/a-la-une\/emilien-jacquelin-champion-du-relais-mixte-a-lenzerheide-vise-lexcellence\/#respond\"]}]},{\"@type\":\"WebPage\",\"@id\":\"https:\/\/sport-index.fr\/blog\/a-la-une\/emilien-jacquelin-champion-du-relais-mixte-a-lenzerheide-vise-lexcellence\/\",\"url\":\"https:\/\/sport-index.fr\/blog\/a-la-une\/emilien-jacquelin-champion-du-relais-mixte-a-lenzerheide-vise-lexcellence\/\",\"name\":\"Emilien Jacquelin, champion du relais mixte \u00e0 Lenzerheide\",\"isPartOf\":{\"@id\":\"https:\/\/sport-index.fr\/blog\/#website\"},\"primaryImageOfPage\":{\"@id\":\"https:\/\/sport-index.fr\/blog\/a-la-une\/emilien-jacquelin-champion-du-relais-mixte-a-lenzerheide-vise-lexcellence\/#primaryimage\"},\"image\":{\"@id\":\"https:\/\/sport-index.fr\/blog\/a-la-une\/emilien-jacquelin-champion-du-relais-mixte-a-lenzerheide-vise-lexcellence\/#primaryimage\"},\"thumbnailUrl\":\"https:\/\/sport-index.fr\/blog\/wp-content\/uploads\/2025\/02\/sdxl-05d4403b4ae4104e801f610f695be207.png\",\"datePublished\":\"2025-02-13T16:49:09+00:00\",\"description\":\"Un titre mondial malgr\u00e9 les d\u00e9fis Emilien Jacquelin a r\u00e9alis\u00e9 une performance remarquable lors du relais mixte \u00e0 Lenzerheide. En tant que quatri\u00e8me\u2026\",\"inLanguage\":\"fr-FR\",\"potentialAction\":[{\"@type\":\"ReadAction\",\"target\":[\"https:\/\/sport-index.fr\/blog\/a-la-une\/emilien-jacquelin-champion-du-relais-mixte-a-lenzerheide-vise-lexcellence\/\"]}]},{\"@type\":\"ImageObject\",\"inLanguage\":\"fr-FR\",\"@id\":\"https:\/\/sport-index.fr\/blog\/a-la-une\/emilien-jacquelin-champion-du-relais-mixte-a-lenzerheide-vise-lexcellence\/#primaryimage\",\"url\":\"https:\/\/sport-index.fr\/blog\/wp-content\/uploads\/2025\/02\/sdxl-05d4403b4ae4104e801f610f695be207.png\",\"contentUrl\":\"https:\/\/sport-index.fr\/blog\/wp-content\/uploads\/2025\/02\/sdxl-05d4403b4ae4104e801f610f695be207.png\",\"width\":1536,\"height\":640},{\"@type\":\"WebSite\",\"@id\":\"https:\/\/sport-index.fr\/blog\/#website\",\"url\":\"https:\/\/sport-index.fr\/blog\/\",\"name\":\"sport-index.fr\",\"description\":\"Le score de l\u2019analyse sportive.\",\"publisher\":{\"@id\":\"https:\/\/sport-index.fr\/blog\/#organization\"},\"alternateName\":\"Le score de l\u2019analyse sportive.\",\"potentialAction\":[{\"@type\":\"SearchAction\",\"target\":{\"@type\":\"EntryPoint\",\"urlTemplate\":\"https:\/\/sport-index.fr\/blog\/?s={search_term_string}\"},\"query-input\":{\"@type\":\"PropertyValueSpecification\",\"valueRequired\":true,\"valueName\":\"search_term_string\"}}],\"inLanguage\":\"fr-FR\"},{\"@type\":\"Organization\",\"@id\":\"https:\/\/sport-index.fr\/blog\/#organization\",\"name\":\"Foretsensations.fr\",\"url\":\"https:\/\/sport-index.fr\/blog\/\",\"logo\":{\"@type\":\"ImageObject\",\"inLanguage\":\"fr-FR\",\"@id\":\"https:\/\/sport-index.fr\/blog\/#\/schema\/logo\/image\/\",\"url\":\"https:\/\/sport-index.fr\/blog\/wp-content\/uploads\/2026\/07\/logo-auto.png\",\"contentUrl\":\"https:\/\/sport-index.fr\/blog\/wp-content\/uploads\/2026\/07\/logo-auto.png\",\"width\":1024,\"height\":1024,\"caption\":\"Foretsensations.fr\"},\"image\":{\"@id\":\"https:\/\/sport-index.fr\/blog\/#\/schema\/logo\/image\/\"}},{\"@type\":\"Person\",\"@id\":\"https:\/\/sport-index.fr\/blog\/#\/schema\/person\/3c864cdc320801e3db34b663e7e3f816\",\"name\":\"Axel Lauzier\",\"image\":{\"@type\":\"ImageObject\",\"inLanguage\":\"fr-FR\",\"@id\":\"https:\/\/sport-index.fr\/blog\/#\/schema\/person\/image\/\",\"url\":\"https:\/\/sport-index.fr\/blog\/wp-content\/uploads\/2026\/06\/persona_axel-l-96x96.jpg\",\"contentUrl\":\"https:\/\/sport-index.fr\/blog\/wp-content\/uploads\/2026\/06\/persona_axel-l-96x96.jpg\",\"caption\":\"Axel Lauzier\"},\"description\":\"Le sport rythme mon quotidien depuis l'enfance, et j'en ai fait mon m\u00e9tier d'analyste r\u00e9dactionnel il y a une dizaine d'ann\u00e9es. Je couvre principalement le football, son actualit\u00e9, ses transferts et l'analyse tactique des grandes affiches, mais aussi les disciplines plus confidentielles que j'aime remettre en lumi\u00e8re. Une partie de mon travail porte sur les pronostics et la lecture statistique d'un match : forme des \u00e9quipes, historique des confrontations, compositions, sans jamais vendre de fausse certitude. Je rappelle syst\u00e9matiquement que parier comporte un risque et doit rester un loisir ma\u00eetris\u00e9. Avant de signer une analyse, je v\u00e9rifie mes chiffres, je recoupe les compositions probables et je distingue toujours la donn\u00e9e brute de l'intuition. Mon objectif : offrir une lecture honn\u00eate et argument\u00e9e, pas un ticket gagnant garanti.\",\"sameAs\":[\"https:\/\/axellauzier.fr\/\"],\"url\":\"https:\/\/sport-index.fr\/blog\/auteur\/noname\/\"}]}<\/script>\n<!-- \/ Yoast SEO Premium plugin. -->","yoast_head_json":{"title":"Emilien Jacquelin, champion du relais mixte \u00e0 Lenzerheide","description":"Un titre mondial malgr\u00e9 les d\u00e9fis Emilien Jacquelin a r\u00e9alis\u00e9 une performance remarquable lors du relais mixte \u00e0 Lenzerheide. En tant que quatri\u00e8me\u2026","robots":{"index":"index","follow":"follow","max-snippet":"max-snippet:-1","max-image-preview":"max-image-preview:large","max-video-preview":"max-video-preview:-1"},"canonical":"https:\/\/sport-index.fr\/blog\/a-la-une\/emilien-jacquelin-champion-du-relais-mixte-a-lenzerheide-vise-lexcellence\/","og_locale":"fr_FR","og_type":"article","og_title":"Emilien Jacquelin, champion du relais mixte \u00e0 Lenzerheide","og_description":"Un titre mondial malgr\u00e9 les d\u00e9fis Emilien Jacquelin a r\u00e9alis\u00e9 une performance remarquable lors du relais mixte \u00e0 Lenzerheide. En tant que quatri\u00e8me\u2026","og_url":"https:\/\/sport-index.fr\/blog\/a-la-une\/emilien-jacquelin-champion-du-relais-mixte-a-lenzerheide-vise-lexcellence\/","og_site_name":"sport-index","author":"Axel Lauzier","twitter_card":"summary_large_image","schema":{"@context":"https:\/\/schema.org","@graph":[{"@type":"NewsArticle","@id":"https:\/\/sport-index.fr\/blog\/a-la-une\/emilien-jacquelin-champion-du-relais-mixte-a-lenzerheide-vise-lexcellence\/#article","isPartOf":{"@id":"https:\/\/sport-index.fr\/blog\/a-la-une\/emilien-jacquelin-champion-du-relais-mixte-a-lenzerheide-vise-lexcellence\/"},"author":{"name":"Axel Lauzier","@id":"https:\/\/sport-index.fr\/blog\/#\/schema\/person\/3c864cdc320801e3db34b663e7e3f816"},"headline":"Emilien Jacquelin, champion du relais mixte \u00e0 Lenzerheide, vise l&rsquo;excellence","datePublished":"2025-02-13T16:49:09+00:00","mainEntityOfPage":{"@id":"https:\/\/sport-index.fr\/blog\/a-la-une\/emilien-jacquelin-champion-du-relais-mixte-a-lenzerheide-vise-lexcellence\/"},"wordCount":447,"commentCount":22,"publisher":{"@id":"https:\/\/sport-index.fr\/blog\/#organization"},"image":{"@id":"https:\/\/sport-index.fr\/blog\/a-la-une\/emilien-jacquelin-champion-du-relais-mixte-a-lenzerheide-vise-lexcellence\/#primaryimage"},"thumbnailUrl":"https:\/\/sport-index.fr\/blog\/wp-content\/uploads\/2025\/02\/sdxl-05d4403b4ae4104e801f610f695be207.png","keywords":["\u00c9quipe","Gestion des Talents","Performance sportive","Pr\u00e9paration Mentale","Ski Alpin"],"articleSection":["\u00c0 la une"],"inLanguage":"fr-FR","potentialAction":[{"@type":"CommentAction","name":"Comment","target":["https:\/\/sport-index.fr\/blog\/a-la-une\/emilien-jacquelin-champion-du-relais-mixte-a-lenzerheide-vise-lexcellence\/#respond"]}]},{"@type":"WebPage","@id":"https:\/\/sport-index.fr\/blog\/a-la-une\/emilien-jacquelin-champion-du-relais-mixte-a-lenzerheide-vise-lexcellence\/","url":"https:\/\/sport-index.fr\/blog\/a-la-une\/emilien-jacquelin-champion-du-relais-mixte-a-lenzerheide-vise-lexcellence\/","name":"Emilien Jacquelin, champion du relais mixte \u00e0 Lenzerheide","isPartOf":{"@id":"https:\/\/sport-index.fr\/blog\/#website"},"primaryImageOfPage":{"@id":"https:\/\/sport-index.fr\/blog\/a-la-une\/emilien-jacquelin-champion-du-relais-mixte-a-lenzerheide-vise-lexcellence\/#primaryimage"},"image":{"@id":"https:\/\/sport-index.fr\/blog\/a-la-une\/emilien-jacquelin-champion-du-relais-mixte-a-lenzerheide-vise-lexcellence\/#primaryimage"},"thumbnailUrl":"https:\/\/sport-index.fr\/blog\/wp-content\/uploads\/2025\/02\/sdxl-05d4403b4ae4104e801f610f695be207.png","datePublished":"2025-02-13T16:49:09+00:00","description":"Un titre mondial malgr\u00e9 les d\u00e9fis Emilien Jacquelin a r\u00e9alis\u00e9 une performance remarquable lors du relais mixte \u00e0 Lenzerheide. En tant que quatri\u00e8me\u2026","inLanguage":"fr-FR","potentialAction":[{"@type":"ReadAction","target":["https:\/\/sport-index.fr\/blog\/a-la-une\/emilien-jacquelin-champion-du-relais-mixte-a-lenzerheide-vise-lexcellence\/"]}]},{"@type":"ImageObject","inLanguage":"fr-FR","@id":"https:\/\/sport-index.fr\/blog\/a-la-une\/emilien-jacquelin-champion-du-relais-mixte-a-lenzerheide-vise-lexcellence\/#primaryimage","url":"https:\/\/sport-index.fr\/blog\/wp-content\/uploads\/2025\/02\/sdxl-05d4403b4ae4104e801f610f695be207.png","contentUrl":"https:\/\/sport-index.fr\/blog\/wp-content\/uploads\/2025\/02\/sdxl-05d4403b4ae4104e801f610f695be207.png","width":1536,"height":640},{"@type":"WebSite","@id":"https:\/\/sport-index.fr\/blog\/#website","url":"https:\/\/sport-index.fr\/blog\/","name":"sport-index.fr","description":"Le score de l\u2019analyse sportive.","publisher":{"@id":"https:\/\/sport-index.fr\/blog\/#organization"},"alternateName":"Le score de l\u2019analyse sportive.","potentialAction":[{"@type":"SearchAction","target":{"@type":"EntryPoint","urlTemplate":"https:\/\/sport-index.fr\/blog\/?s={search_term_string}"},"query-input":{"@type":"PropertyValueSpecification","valueRequired":true,"valueName":"search_term_string"}}],"inLanguage":"fr-FR"},{"@type":"Organization","@id":"https:\/\/sport-index.fr\/blog\/#organization","name":"Foretsensations.fr","url":"https:\/\/sport-index.fr\/blog\/","logo":{"@type":"ImageObject","inLanguage":"fr-FR","@id":"https:\/\/sport-index.fr\/blog\/#\/schema\/logo\/image\/","url":"https:\/\/sport-index.fr\/blog\/wp-content\/uploads\/2026\/07\/logo-auto.png","contentUrl":"https:\/\/sport-index.fr\/blog\/wp-content\/uploads\/2026\/07\/logo-auto.png","width":1024,"height":1024,"caption":"Foretsensations.fr"},"image":{"@id":"https:\/\/sport-index.fr\/blog\/#\/schema\/logo\/image\/"}},{"@type":"Person","@id":"https:\/\/sport-index.fr\/blog\/#\/schema\/person\/3c864cdc320801e3db34b663e7e3f816","name":"Axel Lauzier","image":{"@type":"ImageObject","inLanguage":"fr-FR","@id":"https:\/\/sport-index.fr\/blog\/#\/schema\/person\/image\/","url":"https:\/\/sport-index.fr\/blog\/wp-content\/uploads\/2026\/06\/persona_axel-l-96x96.jpg","contentUrl":"https:\/\/sport-index.fr\/blog\/wp-content\/uploads\/2026\/06\/persona_axel-l-96x96.jpg","caption":"Axel Lauzier"},"description":"Le sport rythme mon quotidien depuis l'enfance, et j'en ai fait mon m\u00e9tier d'analyste r\u00e9dactionnel il y a une dizaine d'ann\u00e9es. Je couvre principalement le football, son actualit\u00e9, ses transferts et l'analyse tactique des grandes affiches, mais aussi les disciplines plus confidentielles que j'aime remettre en lumi\u00e8re. Une partie de mon travail porte sur les pronostics et la lecture statistique d'un match : forme des \u00e9quipes, historique des confrontations, compositions, sans jamais vendre de fausse certitude. Je rappelle syst\u00e9matiquement que parier comporte un risque et doit rester un loisir ma\u00eetris\u00e9. Avant de signer une analyse, je v\u00e9rifie mes chiffres, je recoupe les compositions probables et je distingue toujours la donn\u00e9e brute de l'intuition. Mon objectif : offrir une lecture honn\u00eate et argument\u00e9e, pas un ticket gagnant garanti.","sameAs":["https:\/\/axellauzier.fr\/"],"url":"https:\/\/sport-index.fr\/blog\/auteur\/noname\/"}]}},"_links":{"self":[{"href":"https:\/\/sport-index.fr\/blog\/wp-json\/wp\/v2\/posts\/8291","targetHints":{"allow":["GET"]}}],"collection":[{"href":"https:\/\/sport-index.fr\/blog\/wp-json\/wp\/v2\/posts"}],"about":[{"href":"https:\/\/sport-index.fr\/blog\/wp-json\/wp\/v2\/types\/post"}],"author":[{"embeddable":true,"href":"https:\/\/sport-index.fr\/blog\/wp-json\/wp\/v2\/users\/34"}],"replies":[{"embeddable":true,"href":"https:\/\/sport-index.fr\/blog\/wp-json\/wp\/v2\/comments?post=8291"}],"version-history":[{"count":1,"href":"https:\/\/sport-index.fr\/blog\/wp-json\/wp\/v2\/posts\/8291\/revisions"}],"predecessor-version":[{"id":8395,"href":"https:\/\/sport-index.fr\/blog\/wp-json\/wp\/v2\/posts\/8291\/revisions\/8395"}],"wp:featuredmedia":[{"embeddable":true,"href":"https:\/\/sport-index.fr\/blog\/wp-json\/wp\/v2\/media\/11314"}],"wp:attachment":[{"href":"https:\/\/sport-index.fr\/blog\/wp-json\/wp\/v2\/media?parent=8291"}],"wp:term":[{"taxonomy":"category","embeddable":true,"href":"https:\/\/sport-index.fr\/blog\/wp-json\/wp\/v2\/categories?post=8291"},{"taxonomy":"post_tag","embeddable":true,"href":"https:\/\/sport-index.fr\/blog\/wp-json\/wp\/v2\/tags?post=8291"}],"curies":[{"name":"wp","href":"https:\/\/api.w.org\/{rel}","templated":true}]}}