{"id":8296,"date":"2025-02-14T22:02:35","date_gmt":"2025-02-14T21:02:35","guid":{"rendered":"https:\/\/sport-index.fr\/blog\/?p=8296"},"modified":"2025-02-12T19:36:01","modified_gmt":"2025-02-12T18:36:01","slug":"le-stade-francais-et-le-paris-fc-une-nouvelle-ere-au-stade-jean-bouin","status":"publish","type":"post","link":"https:\/\/sport-index.fr\/blog\/a-la-une\/le-stade-francais-et-le-paris-fc-une-nouvelle-ere-au-stade-jean-bouin\/","title":{"rendered":"Le Stade fran\u00e7ais et le Paris FC, une nouvelle \u00e8re au Stade Jean-Bouin"},"content":{"rendered":"<h2>Un partenariat inattendu qui \u00e9veille les passions<\/h2>\n<p>\u00c0 partir de la saison 2025-2026, les deux clubs partageront le Stade Jean-Bouin, un lieu embl\u00e9matique qui devrait devenir une v\u00e9ritable plaque tournante du sport dans la capitale. Cette alliance surprenante suscite d\u00e9j\u00e0 un engouement consid\u00e9rable parmi les supporters des deux \u00e9quipes.<\/p>\n<p>Dans un communiqu\u00e9, Hans-Peter Wild, pr\u00e9sident du Stade fran\u00e7ais, a exprim\u00e9 son enthousiasme : \u00ab\u00a0L\u2019arriv\u00e9e d\u2019un club de football parisien augmentera l\u2019attractivit\u00e9 de cette somptueuse ar\u00e8ne.\u00a0\u00bb Ce partenariat n&rsquo;est pas seulement une question de partage d&rsquo;espace, mais aussi un moyen d&rsquo;enrichir l&rsquo;exp\u00e9rience des spectateurs et de cr\u00e9er une dynamique positive autour du sport \u00e0 Paris.<\/p>\n<p><iframe loading=\"lazy\" title=\"Paris FC : Stade Jean-Bouin, Droits TV... l&#039;int\u00e9grale de Ferracci dans l&#039;After Foot\" width=\"1200\" height=\"675\" src=\"https:\/\/www.youtube.com\/embed\/octX5YgsvJQ?feature=oembed\" frameborder=\"0\" allow=\"accelerometer; autoplay; clipboard-write; encrypted-media; gyroscope; picture-in-picture; web-share\" referrerpolicy=\"strict-origin-when-cross-origin\" allowfullscreen><\/iframe><\/p>\n<h2>Les enjeux d&rsquo;une cohabitation sportive<\/h2>\n<p>Le partage du Stade Jean-Bouin repr\u00e9sente des enjeux importants pour les deux clubs. Le Paris FC, qui se positionne actuellement en deuxi\u00e8me place de Ligue 2, esp\u00e8re profiter de cette nouvelle infrastructure pour atteindre ses objectifs de mont\u00e9e en Ligue 1. Pour le Stade fran\u00e7ais, cette collaboration pourrait renforcer son attractivit\u00e9 et sa visibilit\u00e9 \u00e0 l&rsquo;\u00e9chelle nationale.<\/p>\n<p>La transformation de la pelouse du stade en un terrain naturel est l&rsquo;un des d\u00e9fis majeurs de ce projet. Alors que la pelouse synth\u00e9tique actuelle ne r\u00e9pond pas aux exigences des comp\u00e9titions de football professionnel, ce changement devrait permettre d&rsquo;accueillir des matchs de haut niveau et d&rsquo;am\u00e9liorer l&rsquo;exp\u00e9rience des joueurs et des spectateurs.<\/p>\n<h2>Les retomb\u00e9es pour les supporters et la ville<\/h2>\n<p>Les supporters des deux clubs s&rsquo;interrogent sur les cons\u00e9quences de cette cohabitation. Pour beaucoup, c&rsquo;est une occasion r\u00eav\u00e9e de voir des \u00e9v\u00e9nements sportifs vari\u00e9s dans un m\u00eame lieu. Cette initiative vise \u00e9galement \u00e0 renforcer le sentiment de communaut\u00e9 entre les passionn\u00e9s de rugby et de football.<\/p>\n<p>Le maire de Paris et les diff\u00e9rentes institutions sportives ont jou\u00e9 un r\u00f4le cl\u00e9 dans la r\u00e9alisation de ce projet. En facilitant les discussions entre les deux clubs, ils ont permis d&rsquo;envisager un avenir prometteur pour le sport \u00e0 Paris, offrant ainsi aux habitants un acc\u00e8s \u00e0 une diversit\u00e9 d&rsquo;\u00e9v\u00e9nements sportifs.<\/p>\n<ul>\n<li>Partage du Stade Jean-Bouin entre le Stade fran\u00e7ais et le Paris FC<\/li>\n<li>Accord valide jusqu\u2019en 2029<\/li>\n<li>Transformation de la pelouse en naturel pour le football<\/li>\n<li>Pr\u00e9paration d&rsquo;une ambiance sportive enrichie pour les supporters<\/li>\n<li>Collaboration soutenue par la Mairie de Paris et autres autorit\u00e9s<\/li>\n<\/ul>\n<blockquote><p>\n    \u00ab\u00a0Je suis persuad\u00e9 que cette venue du Paris FC cr\u00e9era une \u00e9mulation positive aupr\u00e8s de nos \u00e9quipes.\u00a0\u00bb \u2013 Hans-Peter Wild\n<\/p><\/blockquote>\n<p>En d\u00e9finitive, cette nouvelle \u00e8re au Stade Jean-Bouin est per\u00e7ue comme une opportunit\u00e9 d&rsquo;enrichir le paysage sportif parisien. Les deux clubs redoublent d&rsquo;efforts pour offrir des exp\u00e9riences m\u00e9morables \u00e0 leurs supporters, et cette cohabitation pourrait bien \u00eatre le d\u00e9but d&rsquo;une belle aventure sportive pour le public parisien.<\/p>\n","protected":false},"excerpt":{"rendered":"","protected":false},"author":34,"featured_media":10425,"comment_status":"open","ping_status":"open","sticky":false,"template":"","format":"standard","meta":{"_acf_changed":false,"manual_indexmenow":false,"indexmenow_id_project":0,"footnotes":""},"categories":[1],"tags":[4615,5071,4570,5069,5070],"class_list":["post-8296","post","type-post","status-publish","format-standard","has-post-thumbnail","hentry","category-a-la-une","tag-communaute-engagee","tag-experience-spectateur","tag-ligue-1","tag-partenariat-sportif","tag-stade-jean-bouin","generate-columns","tablet-grid-50","mobile-grid-100","grid-parent","grid-25"],"acf":[],"yoast_head":"<!-- This site is optimized with the Yoast SEO Premium plugin v21.3 (Yoast SEO v26.5) - https:\/\/yoast.com\/wordpress\/plugins\/seo\/ -->\n<title>Le Stade fran\u00e7ais et le Paris FC, une nouvelle \u00e8re au Stade<\/title>\n<meta name=\"description\" content=\"Un partenariat inattendu qui \u00e9veille les passions \u00c0 partir de la saison 2025-2026, les deux clubs partageront le Stade Jean-Bouin, un lieu embl\u00e9matique\u2026\" \/>\n<meta name=\"robots\" content=\"index, follow, max-snippet:-1, max-image-preview:large, max-video-preview:-1\" \/>\n<link rel=\"canonical\" href=\"https:\/\/sport-index.fr\/blog\/a-la-une\/le-stade-francais-et-le-paris-fc-une-nouvelle-ere-au-stade-jean-bouin\/\" \/>\n<meta property=\"og:locale\" content=\"fr_FR\" \/>\n<meta property=\"og:type\" content=\"article\" \/>\n<meta property=\"og:title\" content=\"Le Stade fran\u00e7ais et le Paris FC, une nouvelle \u00e8re au Stade\" \/>\n<meta property=\"og:description\" content=\"Un partenariat inattendu qui \u00e9veille les passions \u00c0 partir de la saison 2025-2026, les deux clubs partageront le Stade Jean-Bouin, un lieu embl\u00e9matique\u2026\" \/>\n<meta property=\"og:url\" content=\"https:\/\/sport-index.fr\/blog\/a-la-une\/le-stade-francais-et-le-paris-fc-une-nouvelle-ere-au-stade-jean-bouin\/\" \/>\n<meta property=\"og:site_name\" content=\"sport-index\" \/>\n<meta name=\"author\" content=\"Axel Lauzier\" \/>\n<meta name=\"twitter:card\" content=\"summary_large_image\" \/>\n<script type=\"application\/ld+json\" class=\"yoast-schema-graph\">{\"@context\":\"https:\/\/schema.org\",\"@graph\":[{\"@type\":\"NewsArticle\",\"@id\":\"https:\/\/sport-index.fr\/blog\/a-la-une\/le-stade-francais-et-le-paris-fc-une-nouvelle-ere-au-stade-jean-bouin\/#article\",\"isPartOf\":{\"@id\":\"https:\/\/sport-index.fr\/blog\/a-la-une\/le-stade-francais-et-le-paris-fc-une-nouvelle-ere-au-stade-jean-bouin\/\"},\"author\":{\"name\":\"Axel Lauzier\",\"@id\":\"https:\/\/sport-index.fr\/blog\/#\/schema\/person\/3c864cdc320801e3db34b663e7e3f816\"},\"headline\":\"Le Stade fran\u00e7ais et le Paris FC, une nouvelle \u00e8re au Stade Jean-Bouin\",\"datePublished\":\"2025-02-14T21:02:35+00:00\",\"mainEntityOfPage\":{\"@id\":\"https:\/\/sport-index.fr\/blog\/a-la-une\/le-stade-francais-et-le-paris-fc-une-nouvelle-ere-au-stade-jean-bouin\/\"},\"wordCount\":507,\"commentCount\":24,\"publisher\":{\"@id\":\"https:\/\/sport-index.fr\/blog\/#organization\"},\"image\":{\"@id\":\"https:\/\/sport-index.fr\/blog\/a-la-une\/le-stade-francais-et-le-paris-fc-une-nouvelle-ere-au-stade-jean-bouin\/#primaryimage\"},\"thumbnailUrl\":\"https:\/\/sport-index.fr\/blog\/wp-content\/uploads\/2025\/02\/sdxl-886d9ebc7467ff2db1b69b055c85b7f4.png\",\"keywords\":[\"Communaut\u00e9 engag\u00e9e\",\"Exp\u00e9rience spectateur\",\"Ligue 1\",\"Partenariat sportif\",\"Stade Jean-Bouin\"],\"articleSection\":[\"\u00c0 la une\"],\"inLanguage\":\"fr-FR\",\"potentialAction\":[{\"@type\":\"CommentAction\",\"name\":\"Comment\",\"target\":[\"https:\/\/sport-index.fr\/blog\/a-la-une\/le-stade-francais-et-le-paris-fc-une-nouvelle-ere-au-stade-jean-bouin\/#respond\"]}]},{\"@type\":\"WebPage\",\"@id\":\"https:\/\/sport-index.fr\/blog\/a-la-une\/le-stade-francais-et-le-paris-fc-une-nouvelle-ere-au-stade-jean-bouin\/\",\"url\":\"https:\/\/sport-index.fr\/blog\/a-la-une\/le-stade-francais-et-le-paris-fc-une-nouvelle-ere-au-stade-jean-bouin\/\",\"name\":\"Le Stade fran\u00e7ais et le Paris FC, une nouvelle \u00e8re au Stade\",\"isPartOf\":{\"@id\":\"https:\/\/sport-index.fr\/blog\/#website\"},\"primaryImageOfPage\":{\"@id\":\"https:\/\/sport-index.fr\/blog\/a-la-une\/le-stade-francais-et-le-paris-fc-une-nouvelle-ere-au-stade-jean-bouin\/#primaryimage\"},\"image\":{\"@id\":\"https:\/\/sport-index.fr\/blog\/a-la-une\/le-stade-francais-et-le-paris-fc-une-nouvelle-ere-au-stade-jean-bouin\/#primaryimage\"},\"thumbnailUrl\":\"https:\/\/sport-index.fr\/blog\/wp-content\/uploads\/2025\/02\/sdxl-886d9ebc7467ff2db1b69b055c85b7f4.png\",\"datePublished\":\"2025-02-14T21:02:35+00:00\",\"description\":\"Un partenariat inattendu qui \u00e9veille les passions \u00c0 partir de la saison 2025-2026, les deux clubs partageront le Stade Jean-Bouin, un lieu embl\u00e9matique\u2026\",\"inLanguage\":\"fr-FR\",\"potentialAction\":[{\"@type\":\"ReadAction\",\"target\":[\"https:\/\/sport-index.fr\/blog\/a-la-une\/le-stade-francais-et-le-paris-fc-une-nouvelle-ere-au-stade-jean-bouin\/\"]}]},{\"@type\":\"ImageObject\",\"inLanguage\":\"fr-FR\",\"@id\":\"https:\/\/sport-index.fr\/blog\/a-la-une\/le-stade-francais-et-le-paris-fc-une-nouvelle-ere-au-stade-jean-bouin\/#primaryimage\",\"url\":\"https:\/\/sport-index.fr\/blog\/wp-content\/uploads\/2025\/02\/sdxl-886d9ebc7467ff2db1b69b055c85b7f4.png\",\"contentUrl\":\"https:\/\/sport-index.fr\/blog\/wp-content\/uploads\/2025\/02\/sdxl-886d9ebc7467ff2db1b69b055c85b7f4.png\",\"width\":1536,\"height\":640},{\"@type\":\"WebSite\",\"@id\":\"https:\/\/sport-index.fr\/blog\/#website\",\"url\":\"https:\/\/sport-index.fr\/blog\/\",\"name\":\"sport-index.fr\",\"description\":\"Le score de l\u2019analyse sportive.\",\"publisher\":{\"@id\":\"https:\/\/sport-index.fr\/blog\/#organization\"},\"alternateName\":\"Le score de l\u2019analyse sportive.\",\"potentialAction\":[{\"@type\":\"SearchAction\",\"target\":{\"@type\":\"EntryPoint\",\"urlTemplate\":\"https:\/\/sport-index.fr\/blog\/?s={search_term_string}\"},\"query-input\":{\"@type\":\"PropertyValueSpecification\",\"valueRequired\":true,\"valueName\":\"search_term_string\"}}],\"inLanguage\":\"fr-FR\"},{\"@type\":\"Organization\",\"@id\":\"https:\/\/sport-index.fr\/blog\/#organization\",\"name\":\"Foretsensations.fr\",\"url\":\"https:\/\/sport-index.fr\/blog\/\",\"logo\":{\"@type\":\"ImageObject\",\"inLanguage\":\"fr-FR\",\"@id\":\"https:\/\/sport-index.fr\/blog\/#\/schema\/logo\/image\/\",\"url\":\"https:\/\/sport-index.fr\/blog\/wp-content\/uploads\/2026\/07\/logo-auto.png\",\"contentUrl\":\"https:\/\/sport-index.fr\/blog\/wp-content\/uploads\/2026\/07\/logo-auto.png\",\"width\":1024,\"height\":1024,\"caption\":\"Foretsensations.fr\"},\"image\":{\"@id\":\"https:\/\/sport-index.fr\/blog\/#\/schema\/logo\/image\/\"}},{\"@type\":\"Person\",\"@id\":\"https:\/\/sport-index.fr\/blog\/#\/schema\/person\/3c864cdc320801e3db34b663e7e3f816\",\"name\":\"Axel Lauzier\",\"image\":{\"@type\":\"ImageObject\",\"inLanguage\":\"fr-FR\",\"@id\":\"https:\/\/sport-index.fr\/blog\/#\/schema\/person\/image\/\",\"url\":\"https:\/\/sport-index.fr\/blog\/wp-content\/uploads\/2026\/06\/persona_axel-l-96x96.jpg\",\"contentUrl\":\"https:\/\/sport-index.fr\/blog\/wp-content\/uploads\/2026\/06\/persona_axel-l-96x96.jpg\",\"caption\":\"Axel Lauzier\"},\"description\":\"Le sport rythme mon quotidien depuis l'enfance, et j'en ai fait mon m\u00e9tier d'analyste r\u00e9dactionnel il y a une dizaine d'ann\u00e9es. Je couvre principalement le football, son actualit\u00e9, ses transferts et l'analyse tactique des grandes affiches, mais aussi les disciplines plus confidentielles que j'aime remettre en lumi\u00e8re. Une partie de mon travail porte sur les pronostics et la lecture statistique d'un match : forme des \u00e9quipes, historique des confrontations, compositions, sans jamais vendre de fausse certitude. Je rappelle syst\u00e9matiquement que parier comporte un risque et doit rester un loisir ma\u00eetris\u00e9. Avant de signer une analyse, je v\u00e9rifie mes chiffres, je recoupe les compositions probables et je distingue toujours la donn\u00e9e brute de l'intuition. Mon objectif : offrir une lecture honn\u00eate et argument\u00e9e, pas un ticket gagnant garanti.\",\"sameAs\":[\"https:\/\/axellauzier.fr\/\"],\"url\":\"https:\/\/sport-index.fr\/blog\/auteur\/noname\/\"}]}<\/script>\n<!-- \/ Yoast SEO Premium plugin. -->","yoast_head_json":{"title":"Le Stade fran\u00e7ais et le Paris FC, une nouvelle \u00e8re au Stade","description":"Un partenariat inattendu qui \u00e9veille les passions \u00c0 partir de la saison 2025-2026, les deux clubs partageront le Stade Jean-Bouin, un lieu embl\u00e9matique\u2026","robots":{"index":"index","follow":"follow","max-snippet":"max-snippet:-1","max-image-preview":"max-image-preview:large","max-video-preview":"max-video-preview:-1"},"canonical":"https:\/\/sport-index.fr\/blog\/a-la-une\/le-stade-francais-et-le-paris-fc-une-nouvelle-ere-au-stade-jean-bouin\/","og_locale":"fr_FR","og_type":"article","og_title":"Le Stade fran\u00e7ais et le Paris FC, une nouvelle \u00e8re au Stade","og_description":"Un partenariat inattendu qui \u00e9veille les passions \u00c0 partir de la saison 2025-2026, les deux clubs partageront le Stade Jean-Bouin, un lieu embl\u00e9matique\u2026","og_url":"https:\/\/sport-index.fr\/blog\/a-la-une\/le-stade-francais-et-le-paris-fc-une-nouvelle-ere-au-stade-jean-bouin\/","og_site_name":"sport-index","author":"Axel Lauzier","twitter_card":"summary_large_image","schema":{"@context":"https:\/\/schema.org","@graph":[{"@type":"NewsArticle","@id":"https:\/\/sport-index.fr\/blog\/a-la-une\/le-stade-francais-et-le-paris-fc-une-nouvelle-ere-au-stade-jean-bouin\/#article","isPartOf":{"@id":"https:\/\/sport-index.fr\/blog\/a-la-une\/le-stade-francais-et-le-paris-fc-une-nouvelle-ere-au-stade-jean-bouin\/"},"author":{"name":"Axel Lauzier","@id":"https:\/\/sport-index.fr\/blog\/#\/schema\/person\/3c864cdc320801e3db34b663e7e3f816"},"headline":"Le Stade fran\u00e7ais et le Paris FC, une nouvelle \u00e8re au Stade Jean-Bouin","datePublished":"2025-02-14T21:02:35+00:00","mainEntityOfPage":{"@id":"https:\/\/sport-index.fr\/blog\/a-la-une\/le-stade-francais-et-le-paris-fc-une-nouvelle-ere-au-stade-jean-bouin\/"},"wordCount":507,"commentCount":24,"publisher":{"@id":"https:\/\/sport-index.fr\/blog\/#organization"},"image":{"@id":"https:\/\/sport-index.fr\/blog\/a-la-une\/le-stade-francais-et-le-paris-fc-une-nouvelle-ere-au-stade-jean-bouin\/#primaryimage"},"thumbnailUrl":"https:\/\/sport-index.fr\/blog\/wp-content\/uploads\/2025\/02\/sdxl-886d9ebc7467ff2db1b69b055c85b7f4.png","keywords":["Communaut\u00e9 engag\u00e9e","Exp\u00e9rience spectateur","Ligue 1","Partenariat sportif","Stade Jean-Bouin"],"articleSection":["\u00c0 la une"],"inLanguage":"fr-FR","potentialAction":[{"@type":"CommentAction","name":"Comment","target":["https:\/\/sport-index.fr\/blog\/a-la-une\/le-stade-francais-et-le-paris-fc-une-nouvelle-ere-au-stade-jean-bouin\/#respond"]}]},{"@type":"WebPage","@id":"https:\/\/sport-index.fr\/blog\/a-la-une\/le-stade-francais-et-le-paris-fc-une-nouvelle-ere-au-stade-jean-bouin\/","url":"https:\/\/sport-index.fr\/blog\/a-la-une\/le-stade-francais-et-le-paris-fc-une-nouvelle-ere-au-stade-jean-bouin\/","name":"Le Stade fran\u00e7ais et le Paris FC, une nouvelle \u00e8re au Stade","isPartOf":{"@id":"https:\/\/sport-index.fr\/blog\/#website"},"primaryImageOfPage":{"@id":"https:\/\/sport-index.fr\/blog\/a-la-une\/le-stade-francais-et-le-paris-fc-une-nouvelle-ere-au-stade-jean-bouin\/#primaryimage"},"image":{"@id":"https:\/\/sport-index.fr\/blog\/a-la-une\/le-stade-francais-et-le-paris-fc-une-nouvelle-ere-au-stade-jean-bouin\/#primaryimage"},"thumbnailUrl":"https:\/\/sport-index.fr\/blog\/wp-content\/uploads\/2025\/02\/sdxl-886d9ebc7467ff2db1b69b055c85b7f4.png","datePublished":"2025-02-14T21:02:35+00:00","description":"Un partenariat inattendu qui \u00e9veille les passions \u00c0 partir de la saison 2025-2026, les deux clubs partageront le Stade Jean-Bouin, un lieu embl\u00e9matique\u2026","inLanguage":"fr-FR","potentialAction":[{"@type":"ReadAction","target":["https:\/\/sport-index.fr\/blog\/a-la-une\/le-stade-francais-et-le-paris-fc-une-nouvelle-ere-au-stade-jean-bouin\/"]}]},{"@type":"ImageObject","inLanguage":"fr-FR","@id":"https:\/\/sport-index.fr\/blog\/a-la-une\/le-stade-francais-et-le-paris-fc-une-nouvelle-ere-au-stade-jean-bouin\/#primaryimage","url":"https:\/\/sport-index.fr\/blog\/wp-content\/uploads\/2025\/02\/sdxl-886d9ebc7467ff2db1b69b055c85b7f4.png","contentUrl":"https:\/\/sport-index.fr\/blog\/wp-content\/uploads\/2025\/02\/sdxl-886d9ebc7467ff2db1b69b055c85b7f4.png","width":1536,"height":640},{"@type":"WebSite","@id":"https:\/\/sport-index.fr\/blog\/#website","url":"https:\/\/sport-index.fr\/blog\/","name":"sport-index.fr","description":"Le score de l\u2019analyse sportive.","publisher":{"@id":"https:\/\/sport-index.fr\/blog\/#organization"},"alternateName":"Le score de l\u2019analyse sportive.","potentialAction":[{"@type":"SearchAction","target":{"@type":"EntryPoint","urlTemplate":"https:\/\/sport-index.fr\/blog\/?s={search_term_string}"},"query-input":{"@type":"PropertyValueSpecification","valueRequired":true,"valueName":"search_term_string"}}],"inLanguage":"fr-FR"},{"@type":"Organization","@id":"https:\/\/sport-index.fr\/blog\/#organization","name":"Foretsensations.fr","url":"https:\/\/sport-index.fr\/blog\/","logo":{"@type":"ImageObject","inLanguage":"fr-FR","@id":"https:\/\/sport-index.fr\/blog\/#\/schema\/logo\/image\/","url":"https:\/\/sport-index.fr\/blog\/wp-content\/uploads\/2026\/07\/logo-auto.png","contentUrl":"https:\/\/sport-index.fr\/blog\/wp-content\/uploads\/2026\/07\/logo-auto.png","width":1024,"height":1024,"caption":"Foretsensations.fr"},"image":{"@id":"https:\/\/sport-index.fr\/blog\/#\/schema\/logo\/image\/"}},{"@type":"Person","@id":"https:\/\/sport-index.fr\/blog\/#\/schema\/person\/3c864cdc320801e3db34b663e7e3f816","name":"Axel Lauzier","image":{"@type":"ImageObject","inLanguage":"fr-FR","@id":"https:\/\/sport-index.fr\/blog\/#\/schema\/person\/image\/","url":"https:\/\/sport-index.fr\/blog\/wp-content\/uploads\/2026\/06\/persona_axel-l-96x96.jpg","contentUrl":"https:\/\/sport-index.fr\/blog\/wp-content\/uploads\/2026\/06\/persona_axel-l-96x96.jpg","caption":"Axel Lauzier"},"description":"Le sport rythme mon quotidien depuis l'enfance, et j'en ai fait mon m\u00e9tier d'analyste r\u00e9dactionnel il y a une dizaine d'ann\u00e9es. Je couvre principalement le football, son actualit\u00e9, ses transferts et l'analyse tactique des grandes affiches, mais aussi les disciplines plus confidentielles que j'aime remettre en lumi\u00e8re. Une partie de mon travail porte sur les pronostics et la lecture statistique d'un match : forme des \u00e9quipes, historique des confrontations, compositions, sans jamais vendre de fausse certitude. Je rappelle syst\u00e9matiquement que parier comporte un risque et doit rester un loisir ma\u00eetris\u00e9. Avant de signer une analyse, je v\u00e9rifie mes chiffres, je recoupe les compositions probables et je distingue toujours la donn\u00e9e brute de l'intuition. Mon objectif : offrir une lecture honn\u00eate et argument\u00e9e, pas un ticket gagnant garanti.","sameAs":["https:\/\/axellauzier.fr\/"],"url":"https:\/\/sport-index.fr\/blog\/auteur\/noname\/"}]}},"_links":{"self":[{"href":"https:\/\/sport-index.fr\/blog\/wp-json\/wp\/v2\/posts\/8296","targetHints":{"allow":["GET"]}}],"collection":[{"href":"https:\/\/sport-index.fr\/blog\/wp-json\/wp\/v2\/posts"}],"about":[{"href":"https:\/\/sport-index.fr\/blog\/wp-json\/wp\/v2\/types\/post"}],"author":[{"embeddable":true,"href":"https:\/\/sport-index.fr\/blog\/wp-json\/wp\/v2\/users\/34"}],"replies":[{"embeddable":true,"href":"https:\/\/sport-index.fr\/blog\/wp-json\/wp\/v2\/comments?post=8296"}],"version-history":[{"count":1,"href":"https:\/\/sport-index.fr\/blog\/wp-json\/wp\/v2\/posts\/8296\/revisions"}],"predecessor-version":[{"id":8686,"href":"https:\/\/sport-index.fr\/blog\/wp-json\/wp\/v2\/posts\/8296\/revisions\/8686"}],"wp:featuredmedia":[{"embeddable":true,"href":"https:\/\/sport-index.fr\/blog\/wp-json\/wp\/v2\/media\/10425"}],"wp:attachment":[{"href":"https:\/\/sport-index.fr\/blog\/wp-json\/wp\/v2\/media?parent=8296"}],"wp:term":[{"taxonomy":"category","embeddable":true,"href":"https:\/\/sport-index.fr\/blog\/wp-json\/wp\/v2\/categories?post=8296"},{"taxonomy":"post_tag","embeddable":true,"href":"https:\/\/sport-index.fr\/blog\/wp-json\/wp\/v2\/tags?post=8296"}],"curies":[{"name":"wp","href":"https:\/\/api.w.org\/{rel}","templated":true}]}}