{"id":8297,"date":"2026-06-16T14:45:21","date_gmt":"2026-06-16T12:45:21","guid":{"rendered":"https:\/\/sport-index.fr\/blog\/?p=8297"},"modified":"2026-06-16T14:45:21","modified_gmt":"2026-06-16T12:45:21","slug":"victoire-suisse-en-combine-par-equipes-aux-mondiaux-de-saalbach-2025-un-exploit-sans-odermatt","status":"publish","type":"post","link":"https:\/\/sport-index.fr\/blog\/a-la-une\/victoire-suisse-en-combine-par-equipes-aux-mondiaux-de-saalbach-2025-un-exploit-sans-odermatt\/","title":{"rendered":"Victoire suisse en combin\u00e9 par \u00e9quipes aux Mondiaux de Saalbach 2025 : un exploit sans Odermatt"},"content":{"rendered":"<link rel=\"stylesheet\" href=\"https:\/\/fonts.googleapis.com\/css2?family=Newsreader:ital,opsz,wght@0,6..72,500..700;1,6..72,500..600&#038;family=Inter:wght@400;500;600&#038;family=JetBrains+Mono:wght@500&#038;display=swap\">\n<style>\n.si-actunews-wrap{font-family:'Inter',-apple-system,sans-serif;color:#1d2129;line-height:1.65;font-size:17px}\n.si-actunews-wrap h2{font-family:'Newsreader',Georgia,serif;font-weight:700;font-size:clamp(24px,3.2vw,34px);line-height:1.18;letter-spacing:-.01em;color:#101418;margin:48px 0 16px}\n.si-actunews-wrap p{margin:0 0 18px}\n.si-actunews-dateline{font-family:'JetBrains Mono',monospace;font-weight:500;font-size:12px;letter-spacing:.08em;text-transform:uppercase;color:#b8232f;margin:0 0 14px}\n.si-actunews-chapo{font-family:'Newsreader',Georgia,serif;font-size:clamp(19px,2.4vw,23px);line-height:1.5;font-style:italic;color:#24303a;border-left:4px solid #b8232f;background:#fbf3f3;padding:18px 22px;border-radius:0 8px 8px 0;margin:0 0 30px}\n.si-actunews-ess{border:1px solid #e6dcdc;border-top:3px solid #b8232f;border-radius:10px;padding:22px 26px;margin:30px 0;background:#fff;box-shadow:0 1px 2px rgba(16,24,40,.05),0 12px 28px -16px rgba(16,24,40,.18);transition:.25s ease}\n.si-actunews-ess:hover{transform:translateY(-3px);box-shadow:0 1px 2px rgba(16,24,40,.06),0 18px 36px -16px rgba(16,24,40,.24)}\n.si-actunews-ess .si-actunews-lab{font-family:'JetBrains Mono',monospace;font-size:11px;letter-spacing:.12em;text-transform:uppercase;color:#b8232f;margin-bottom:12px}\n.si-actunews-ess ul{margin:0;padding:0;list-style:none}\n.si-actunews-ess li{position:relative;padding:8px 0 8px 26px;border-bottom:1px solid #f1ebeb}\n.si-actunews-ess li:last-child{border-bottom:none}\n.si-actunews-ess li:before{content:\"\u203a\";position:absolute;left:6px;top:7px;color:#b8232f;font-weight:700;font-size:18px}\n.si-actunews-ess li b{font-family:'Newsreader',Georgia,serif;font-weight:600}\n.si-actunews-quote{font-family:'Newsreader',Georgia,serif;font-style:italic;font-size:clamp(22px,3vw,30px);line-height:1.35;color:#101418;border-left:4px solid #b8232f;padding:6px 0 6px 24px;margin:36px 0}\n.si-actunews-quote .si-actunews-cite{display:block;font-family:'Inter',sans-serif;font-style:normal;font-size:14px;font-weight:600;color:#6a5658;margin-top:12px}\n.si-actunews-bul{list-style:none;padding:0;margin:18px 0}\n.si-actunews-bul li{position:relative;padding:7px 0 7px 28px}\n.si-actunews-bul li:before{content:\"\u2014\";position:absolute;left:0;top:7px;color:#b8232f;font-weight:700}\n.si-actunews-retenir{border-radius:10px;background:#101418;color:#f3eeee;padding:24px 28px;margin:40px 0;box-shadow:0 12px 28px -16px rgba(16,24,40,.5)}\n.si-actunews-retenir .si-actunews-lab{font-family:'JetBrains Mono',monospace;font-size:11px;letter-spacing:.12em;text-transform:uppercase;color:#f0a8ae;margin-bottom:12px}\n.si-actunews-retenir ul{margin:0;padding:0;list-style:none}\n.si-actunews-retenir li{position:relative;padding:6px 0 6px 24px;line-height:1.5}\n.si-actunews-retenir li:before{content:\"\u2713\";position:absolute;left:0;top:6px;color:#f0a8ae;font-weight:700}\n\/*RENDERFIX2*\/.si-actunews-retenir{color:#eef3f9!important}.si-actunews-retenir p,.si-actunews-retenir li,.si-actunews-retenir strong,.si-actunews-retenir em,.si-actunews-retenir a,.si-actunews-retenir span,.si-actunews-retenir b,.si-actunews-retenir td,.si-actunews-retenir th,.si-actunews-retenir h2,.si-actunews-retenir h3,.si-actunews-retenir h4{color:#eef3f9!important}.si-actunews-retenir strong,.si-actunews-retenir b{color:#ffffff!important}<\/style>\n<div class=\"si-actunews-wrap\">\n<div class=\"si-actunews-dateline\">Ski alpin \u00b7 Saalbach 2025 \u00b7 13 f\u00e9vrier 2025<\/div>\n<div class=\"si-actunews-chapo\">La Suisse a d\u00e9croch\u00e9 un tripl\u00e9 historique lors du combin\u00e9 par \u00e9quipes des Mondiaux de ski alpin de Saalbach 2025, avec Alexis Monney, Tanguy Nef et Marc Rochat sur le podium \u2014 et ce, sans leur star Marco Odermatt, forfait pour l&rsquo;\u00e9preuve.<\/div>\n<div class=\"si-actunews-ess\">\n<div class=\"si-actunews-lab\">L&rsquo;essentiel<\/div>\n<ul>\n<li><b>Quoi<\/b> \u2014 Un tripl\u00e9 suisse en combin\u00e9 par \u00e9quipes aux championnats du monde de ski alpin.<\/li>\n<li><b>Qui<\/b> \u2014 Alexis Monney et Tanguy Nef (argent), Marc Rochat (bronze).<\/li>\n<li><b>Pourquoi \u00e7a compte<\/b> \u2014 Une d\u00e9monstration de force collective r\u00e9alis\u00e9e sans Marco Odermatt, contraint au forfait.<\/li>\n<\/ul>\n<\/div>\n<h2>Un tripl\u00e9 historique pour la Suisse<\/h2>\n<p>Le dernier championnat du monde de ski alpin \u00e0 Saalbach 2025 a \u00e9t\u00e9 marqu\u00e9 par un exploit incroyable de l&rsquo;\u00e9quipe suisse. Alexis Monney, Tanguy Nef et Marc Rochat ont su s&rsquo;imposer avec brio lors de l&rsquo;\u00e9preuve du combin\u00e9 par \u00e9quipes. Ce tripl\u00e9 est d&rsquo;autant plus impressionnant qu&rsquo;il s&rsquo;est r\u00e9alis\u00e9 sans la pr\u00e9sence de leur star, Marco Odermatt, qui a d\u00fb d\u00e9clarer forfait.<\/p>\n<p>Les m\u00e9dailles d&rsquo;argent ont \u00e9t\u00e9 d\u00e9cern\u00e9es \u00e0 Monney et Nef, tandis que Rochat a contribu\u00e9 \u00e0 la r\u00e9colte d&rsquo;une m\u00e9daille de bronze. Les athl\u00e8tes ont partag\u00e9 leur joie lors d&rsquo;une interview apr\u00e8s leur performance, soulignant l&rsquo;importance du travail d&rsquo;\u00e9quipe.<\/p>\n<div class=\"si-actunews-quote\">Marco nous a tous pouss\u00e9s.<span class=\"si-actunews-cite\">\u2014 Alexis Monney<\/span><\/div>\n<p><iframe loading=\"lazy\" title=\"SKI ALPIN - LE NOUVEAU CHEF D&#039;OEUVRE DE CYPRIEN SARRAZIN SUR LA STREIF DE KITZB\u00dcHEL\" width=\"1200\" height=\"675\" src=\"https:\/\/www.youtube.com\/embed\/oVbxwH9v0DY?feature=oembed\" frameborder=\"0\" allow=\"accelerometer; autoplay; clipboard-write; encrypted-media; gyroscope; picture-in-picture; web-share\" referrerpolicy=\"strict-origin-when-cross-origin\" allowfullscreen><\/iframe><\/p>\n<h2>Une performance collective impressionnante<\/h2>\n<p>La victoire de la Suisse en combin\u00e9 par \u00e9quipes ne repose pas uniquement sur les performances individuelles, mais aussi sur une strat\u00e9gie collective bien pens\u00e9e. Les skieurs ont su s&rsquo;entraider et se motiver, faisant preuve d&rsquo;une coh\u00e9sion remarquable. C&rsquo;est cette synergie qui a permis de surmonter l&rsquo;absence de leur leader.<\/p>\n<p>Chaque membre de l&rsquo;\u00e9quipe a apport\u00e9 sa touche personnelle \u00e0 la comp\u00e9tition, rendant la performance encore plus m\u00e9morable. La dynamique de groupe a \u00e9t\u00e9 essentielle, et cela a permis de cr\u00e9er un climat de confiance, crucial pour r\u00e9ussir dans un sport aussi exigeant que le ski alpin. \u00ab\u00a0Nous avons tous travaill\u00e9 dur pour atteindre cet objectif\u00a0\u00bb, a ajout\u00e9 Tanguy Nef.<\/p>\n<h2>Le soutien des fans et des m\u00e9dias<\/h2>\n<p>Le succ\u00e8s des athl\u00e8tes suisses a suscit\u00e9 une vague d&rsquo;enthousiasme parmi les supporters et les m\u00e9dias. Les cha\u00eenes Eurosport ont couvert l&rsquo;\u00e9v\u00e9nement en direct, permettant aux fans de suivre chaque moment de la comp\u00e9tition. L&rsquo;\u00e9mission \u00ab\u00a0Chalet Club\u00a0\u00bb a \u00e9galement donn\u00e9 la parole aux h\u00e9ros du jour, renfor\u00e7ant le lien entre les athl\u00e8tes et leur public.<\/p>\n<p>Le soutien inconditionnel des fans a jou\u00e9 un r\u00f4le crucial dans cette victoire. En encourageant les athl\u00e8tes, ils ont cr\u00e9\u00e9 une atmosph\u00e8re \u00e9lectrisante qui a transcend\u00e9 la comp\u00e9tition. Voici quelques raisons pour lesquelles cet \u00e9v\u00e9nement a \u00e9t\u00e9 si marquant :<\/p>\n<ul class=\"si-actunews-bul\">\n<li>Un tripl\u00e9 in\u00e9dit pour le ski alpin suisse<\/li>\n<li>Une performance collective exceptionnelle<\/li>\n<li>Le soutien des fans et des m\u00e9dias<\/li>\n<li>Une motivation renouvel\u00e9e sans Marco Odermatt<\/li>\n<\/ul>\n<p>Le parcours de cette \u00e9quipe ne fait que commencer. Les Mondiaux de Saalbach 2025 ont prouv\u00e9 que la Suisse continue d&rsquo;\u00eatre une puissance dans le monde du ski alpin, et que la rel\u00e8ve est assur\u00e9e. Les athl\u00e8tes peuvent d\u00e9sormais envisager l&rsquo;avenir avec confiance, forts de cette victoire qui marquera leur carri\u00e8re.<\/p>\n<div class=\"si-actunews-retenir\">\n<div class=\"si-actunews-lab\">\u00c0 retenir<\/div>\n<ul>\n<li>Tripl\u00e9 suisse en combin\u00e9 par \u00e9quipes \u00e0 Saalbach 2025 : argent pour Monney et Nef, bronze pour Rochat.<\/li>\n<li>Performance r\u00e9alis\u00e9e sans Marco Odermatt, forfait.<\/li>\n<li>Couverture en direct sur Eurosport et passage dans l&rsquo;\u00e9mission \u00ab\u00a0Chalet Club\u00a0\u00bb.<\/li>\n<\/ul>\n<\/div>\n<\/div>\n","protected":false},"excerpt":{"rendered":"","protected":false},"author":34,"featured_media":10479,"comment_status":"open","ping_status":"open","sticky":false,"template":"","format":"standard","meta":{"_acf_changed":false,"manual_indexmenow":false,"indexmenow_id_project":0,"footnotes":""},"categories":[1],"tags":[2574,4615,4544,4632,4591],"class_list":["post-8297","post","type-post","status-publish","format-standard","has-post-thumbnail","hentry","category-a-la-une","tag-bien-etre","tag-communaute-engagee","tag-equipe","tag-performance-sportive","tag-ski-alpin","generate-columns","tablet-grid-50","mobile-grid-100","grid-parent","grid-25"],"acf":[],"yoast_head":"<!-- This site is optimized with the Yoast SEO Premium plugin v21.3 (Yoast SEO v26.5) - https:\/\/yoast.com\/wordpress\/plugins\/seo\/ -->\n<title>Victoire suisse en combin\u00e9 par \u00e9quipes aux Mondiaux<\/title>\n<meta name=\"description\" content=\"Ski alpin \u00b7 Saalbach 2025 \u00b7 13 f\u00e9vrier 2025 La Suisse a d\u00e9croch\u00e9 un tripl\u00e9 historique lors du combin\u00e9 par \u00e9quipes des Mondiaux de ski alpin de Saalbach\u2026\" \/>\n<meta name=\"robots\" content=\"index, follow, max-snippet:-1, max-image-preview:large, max-video-preview:-1\" \/>\n<link rel=\"canonical\" href=\"https:\/\/sport-index.fr\/blog\/a-la-une\/victoire-suisse-en-combine-par-equipes-aux-mondiaux-de-saalbach-2025-un-exploit-sans-odermatt\/\" \/>\n<meta property=\"og:locale\" content=\"fr_FR\" \/>\n<meta property=\"og:type\" content=\"article\" \/>\n<meta property=\"og:title\" content=\"Victoire suisse en combin\u00e9 par \u00e9quipes aux Mondiaux\" \/>\n<meta property=\"og:description\" content=\"Ski alpin \u00b7 Saalbach 2025 \u00b7 13 f\u00e9vrier 2025 La Suisse a d\u00e9croch\u00e9 un tripl\u00e9 historique lors du combin\u00e9 par \u00e9quipes des Mondiaux de ski alpin de Saalbach\u2026\" \/>\n<meta property=\"og:url\" content=\"https:\/\/sport-index.fr\/blog\/a-la-une\/victoire-suisse-en-combine-par-equipes-aux-mondiaux-de-saalbach-2025-un-exploit-sans-odermatt\/\" \/>\n<meta property=\"og:site_name\" content=\"sport-index\" \/>\n<meta name=\"author\" content=\"Axel Lauzier\" \/>\n<meta name=\"twitter:card\" content=\"summary_large_image\" \/>\n<script type=\"application\/ld+json\" class=\"yoast-schema-graph\">{\"@context\":\"https:\/\/schema.org\",\"@graph\":[{\"@type\":\"NewsArticle\",\"@id\":\"https:\/\/sport-index.fr\/blog\/a-la-une\/victoire-suisse-en-combine-par-equipes-aux-mondiaux-de-saalbach-2025-un-exploit-sans-odermatt\/#article\",\"isPartOf\":{\"@id\":\"https:\/\/sport-index.fr\/blog\/a-la-une\/victoire-suisse-en-combine-par-equipes-aux-mondiaux-de-saalbach-2025-un-exploit-sans-odermatt\/\"},\"author\":{\"name\":\"Axel Lauzier\",\"@id\":\"https:\/\/sport-index.fr\/blog\/#\/schema\/person\/3c864cdc320801e3db34b663e7e3f816\"},\"headline\":\"Victoire suisse en combin\u00e9 par \u00e9quipes aux Mondiaux de Saalbach 2025 : un exploit sans Odermatt\",\"datePublished\":\"2026-06-16T12:45:21+00:00\",\"mainEntityOfPage\":{\"@id\":\"https:\/\/sport-index.fr\/blog\/a-la-une\/victoire-suisse-en-combine-par-equipes-aux-mondiaux-de-saalbach-2025-un-exploit-sans-odermatt\/\"},\"wordCount\":609,\"commentCount\":23,\"publisher\":{\"@id\":\"https:\/\/sport-index.fr\/blog\/#organization\"},\"image\":{\"@id\":\"https:\/\/sport-index.fr\/blog\/a-la-une\/victoire-suisse-en-combine-par-equipes-aux-mondiaux-de-saalbach-2025-un-exploit-sans-odermatt\/#primaryimage\"},\"thumbnailUrl\":\"https:\/\/sport-index.fr\/blog\/wp-content\/uploads\/2025\/02\/sdxl-9f2409076427db430ec16ebdca3f6490.png\",\"keywords\":[\"Bien-\u00catre\",\"Communaut\u00e9 engag\u00e9e\",\"\u00c9quipe\",\"Performance sportive\",\"Ski Alpin\"],\"articleSection\":[\"\u00c0 la une\"],\"inLanguage\":\"fr-FR\",\"potentialAction\":[{\"@type\":\"CommentAction\",\"name\":\"Comment\",\"target\":[\"https:\/\/sport-index.fr\/blog\/a-la-une\/victoire-suisse-en-combine-par-equipes-aux-mondiaux-de-saalbach-2025-un-exploit-sans-odermatt\/#respond\"]}]},{\"@type\":\"WebPage\",\"@id\":\"https:\/\/sport-index.fr\/blog\/a-la-une\/victoire-suisse-en-combine-par-equipes-aux-mondiaux-de-saalbach-2025-un-exploit-sans-odermatt\/\",\"url\":\"https:\/\/sport-index.fr\/blog\/a-la-une\/victoire-suisse-en-combine-par-equipes-aux-mondiaux-de-saalbach-2025-un-exploit-sans-odermatt\/\",\"name\":\"Victoire suisse en combin\u00e9 par \u00e9quipes aux Mondiaux\",\"isPartOf\":{\"@id\":\"https:\/\/sport-index.fr\/blog\/#website\"},\"primaryImageOfPage\":{\"@id\":\"https:\/\/sport-index.fr\/blog\/a-la-une\/victoire-suisse-en-combine-par-equipes-aux-mondiaux-de-saalbach-2025-un-exploit-sans-odermatt\/#primaryimage\"},\"image\":{\"@id\":\"https:\/\/sport-index.fr\/blog\/a-la-une\/victoire-suisse-en-combine-par-equipes-aux-mondiaux-de-saalbach-2025-un-exploit-sans-odermatt\/#primaryimage\"},\"thumbnailUrl\":\"https:\/\/sport-index.fr\/blog\/wp-content\/uploads\/2025\/02\/sdxl-9f2409076427db430ec16ebdca3f6490.png\",\"datePublished\":\"2026-06-16T12:45:21+00:00\",\"description\":\"Ski alpin \u00b7 Saalbach 2025 \u00b7 13 f\u00e9vrier 2025 La Suisse a d\u00e9croch\u00e9 un tripl\u00e9 historique lors du combin\u00e9 par \u00e9quipes des Mondiaux de ski alpin de Saalbach\u2026\",\"inLanguage\":\"fr-FR\",\"potentialAction\":[{\"@type\":\"ReadAction\",\"target\":[\"https:\/\/sport-index.fr\/blog\/a-la-une\/victoire-suisse-en-combine-par-equipes-aux-mondiaux-de-saalbach-2025-un-exploit-sans-odermatt\/\"]}]},{\"@type\":\"ImageObject\",\"inLanguage\":\"fr-FR\",\"@id\":\"https:\/\/sport-index.fr\/blog\/a-la-une\/victoire-suisse-en-combine-par-equipes-aux-mondiaux-de-saalbach-2025-un-exploit-sans-odermatt\/#primaryimage\",\"url\":\"https:\/\/sport-index.fr\/blog\/wp-content\/uploads\/2025\/02\/sdxl-9f2409076427db430ec16ebdca3f6490.png\",\"contentUrl\":\"https:\/\/sport-index.fr\/blog\/wp-content\/uploads\/2025\/02\/sdxl-9f2409076427db430ec16ebdca3f6490.png\",\"width\":1536,\"height\":640},{\"@type\":\"WebSite\",\"@id\":\"https:\/\/sport-index.fr\/blog\/#website\",\"url\":\"https:\/\/sport-index.fr\/blog\/\",\"name\":\"sport-index.fr\",\"description\":\"Le score de l\u2019analyse sportive.\",\"publisher\":{\"@id\":\"https:\/\/sport-index.fr\/blog\/#organization\"},\"alternateName\":\"Le score de l\u2019analyse sportive.\",\"potentialAction\":[{\"@type\":\"SearchAction\",\"target\":{\"@type\":\"EntryPoint\",\"urlTemplate\":\"https:\/\/sport-index.fr\/blog\/?s={search_term_string}\"},\"query-input\":{\"@type\":\"PropertyValueSpecification\",\"valueRequired\":true,\"valueName\":\"search_term_string\"}}],\"inLanguage\":\"fr-FR\"},{\"@type\":\"Organization\",\"@id\":\"https:\/\/sport-index.fr\/blog\/#organization\",\"name\":\"Foretsensations.fr\",\"url\":\"https:\/\/sport-index.fr\/blog\/\",\"logo\":{\"@type\":\"ImageObject\",\"inLanguage\":\"fr-FR\",\"@id\":\"https:\/\/sport-index.fr\/blog\/#\/schema\/logo\/image\/\",\"url\":\"https:\/\/sport-index.fr\/blog\/wp-content\/uploads\/2026\/07\/logo-auto.png\",\"contentUrl\":\"https:\/\/sport-index.fr\/blog\/wp-content\/uploads\/2026\/07\/logo-auto.png\",\"width\":1024,\"height\":1024,\"caption\":\"Foretsensations.fr\"},\"image\":{\"@id\":\"https:\/\/sport-index.fr\/blog\/#\/schema\/logo\/image\/\"}},{\"@type\":\"Person\",\"@id\":\"https:\/\/sport-index.fr\/blog\/#\/schema\/person\/3c864cdc320801e3db34b663e7e3f816\",\"name\":\"Axel Lauzier\",\"image\":{\"@type\":\"ImageObject\",\"inLanguage\":\"fr-FR\",\"@id\":\"https:\/\/sport-index.fr\/blog\/#\/schema\/person\/image\/\",\"url\":\"https:\/\/sport-index.fr\/blog\/wp-content\/uploads\/2026\/06\/persona_axel-l-96x96.jpg\",\"contentUrl\":\"https:\/\/sport-index.fr\/blog\/wp-content\/uploads\/2026\/06\/persona_axel-l-96x96.jpg\",\"caption\":\"Axel Lauzier\"},\"description\":\"Le sport rythme mon quotidien depuis l'enfance, et j'en ai fait mon m\u00e9tier d'analyste r\u00e9dactionnel il y a une dizaine d'ann\u00e9es. Je couvre principalement le football, son actualit\u00e9, ses transferts et l'analyse tactique des grandes affiches, mais aussi les disciplines plus confidentielles que j'aime remettre en lumi\u00e8re. Une partie de mon travail porte sur les pronostics et la lecture statistique d'un match : forme des \u00e9quipes, historique des confrontations, compositions, sans jamais vendre de fausse certitude. Je rappelle syst\u00e9matiquement que parier comporte un risque et doit rester un loisir ma\u00eetris\u00e9. Avant de signer une analyse, je v\u00e9rifie mes chiffres, je recoupe les compositions probables et je distingue toujours la donn\u00e9e brute de l'intuition. Mon objectif : offrir une lecture honn\u00eate et argument\u00e9e, pas un ticket gagnant garanti.\",\"sameAs\":[\"https:\/\/axellauzier.fr\/\"],\"url\":\"https:\/\/sport-index.fr\/blog\/auteur\/noname\/\"}]}<\/script>\n<!-- \/ Yoast SEO Premium plugin. -->","yoast_head_json":{"title":"Victoire suisse en combin\u00e9 par \u00e9quipes aux Mondiaux","description":"Ski alpin \u00b7 Saalbach 2025 \u00b7 13 f\u00e9vrier 2025 La Suisse a d\u00e9croch\u00e9 un tripl\u00e9 historique lors du combin\u00e9 par \u00e9quipes des Mondiaux de ski alpin de Saalbach\u2026","robots":{"index":"index","follow":"follow","max-snippet":"max-snippet:-1","max-image-preview":"max-image-preview:large","max-video-preview":"max-video-preview:-1"},"canonical":"https:\/\/sport-index.fr\/blog\/a-la-une\/victoire-suisse-en-combine-par-equipes-aux-mondiaux-de-saalbach-2025-un-exploit-sans-odermatt\/","og_locale":"fr_FR","og_type":"article","og_title":"Victoire suisse en combin\u00e9 par \u00e9quipes aux Mondiaux","og_description":"Ski alpin \u00b7 Saalbach 2025 \u00b7 13 f\u00e9vrier 2025 La Suisse a d\u00e9croch\u00e9 un tripl\u00e9 historique lors du combin\u00e9 par \u00e9quipes des Mondiaux de ski alpin de Saalbach\u2026","og_url":"https:\/\/sport-index.fr\/blog\/a-la-une\/victoire-suisse-en-combine-par-equipes-aux-mondiaux-de-saalbach-2025-un-exploit-sans-odermatt\/","og_site_name":"sport-index","author":"Axel Lauzier","twitter_card":"summary_large_image","schema":{"@context":"https:\/\/schema.org","@graph":[{"@type":"NewsArticle","@id":"https:\/\/sport-index.fr\/blog\/a-la-une\/victoire-suisse-en-combine-par-equipes-aux-mondiaux-de-saalbach-2025-un-exploit-sans-odermatt\/#article","isPartOf":{"@id":"https:\/\/sport-index.fr\/blog\/a-la-une\/victoire-suisse-en-combine-par-equipes-aux-mondiaux-de-saalbach-2025-un-exploit-sans-odermatt\/"},"author":{"name":"Axel Lauzier","@id":"https:\/\/sport-index.fr\/blog\/#\/schema\/person\/3c864cdc320801e3db34b663e7e3f816"},"headline":"Victoire suisse en combin\u00e9 par \u00e9quipes aux Mondiaux de Saalbach 2025 : un exploit sans Odermatt","datePublished":"2026-06-16T12:45:21+00:00","mainEntityOfPage":{"@id":"https:\/\/sport-index.fr\/blog\/a-la-une\/victoire-suisse-en-combine-par-equipes-aux-mondiaux-de-saalbach-2025-un-exploit-sans-odermatt\/"},"wordCount":609,"commentCount":23,"publisher":{"@id":"https:\/\/sport-index.fr\/blog\/#organization"},"image":{"@id":"https:\/\/sport-index.fr\/blog\/a-la-une\/victoire-suisse-en-combine-par-equipes-aux-mondiaux-de-saalbach-2025-un-exploit-sans-odermatt\/#primaryimage"},"thumbnailUrl":"https:\/\/sport-index.fr\/blog\/wp-content\/uploads\/2025\/02\/sdxl-9f2409076427db430ec16ebdca3f6490.png","keywords":["Bien-\u00catre","Communaut\u00e9 engag\u00e9e","\u00c9quipe","Performance sportive","Ski Alpin"],"articleSection":["\u00c0 la une"],"inLanguage":"fr-FR","potentialAction":[{"@type":"CommentAction","name":"Comment","target":["https:\/\/sport-index.fr\/blog\/a-la-une\/victoire-suisse-en-combine-par-equipes-aux-mondiaux-de-saalbach-2025-un-exploit-sans-odermatt\/#respond"]}]},{"@type":"WebPage","@id":"https:\/\/sport-index.fr\/blog\/a-la-une\/victoire-suisse-en-combine-par-equipes-aux-mondiaux-de-saalbach-2025-un-exploit-sans-odermatt\/","url":"https:\/\/sport-index.fr\/blog\/a-la-une\/victoire-suisse-en-combine-par-equipes-aux-mondiaux-de-saalbach-2025-un-exploit-sans-odermatt\/","name":"Victoire suisse en combin\u00e9 par \u00e9quipes aux Mondiaux","isPartOf":{"@id":"https:\/\/sport-index.fr\/blog\/#website"},"primaryImageOfPage":{"@id":"https:\/\/sport-index.fr\/blog\/a-la-une\/victoire-suisse-en-combine-par-equipes-aux-mondiaux-de-saalbach-2025-un-exploit-sans-odermatt\/#primaryimage"},"image":{"@id":"https:\/\/sport-index.fr\/blog\/a-la-une\/victoire-suisse-en-combine-par-equipes-aux-mondiaux-de-saalbach-2025-un-exploit-sans-odermatt\/#primaryimage"},"thumbnailUrl":"https:\/\/sport-index.fr\/blog\/wp-content\/uploads\/2025\/02\/sdxl-9f2409076427db430ec16ebdca3f6490.png","datePublished":"2026-06-16T12:45:21+00:00","description":"Ski alpin \u00b7 Saalbach 2025 \u00b7 13 f\u00e9vrier 2025 La Suisse a d\u00e9croch\u00e9 un tripl\u00e9 historique lors du combin\u00e9 par \u00e9quipes des Mondiaux de ski alpin de Saalbach\u2026","inLanguage":"fr-FR","potentialAction":[{"@type":"ReadAction","target":["https:\/\/sport-index.fr\/blog\/a-la-une\/victoire-suisse-en-combine-par-equipes-aux-mondiaux-de-saalbach-2025-un-exploit-sans-odermatt\/"]}]},{"@type":"ImageObject","inLanguage":"fr-FR","@id":"https:\/\/sport-index.fr\/blog\/a-la-une\/victoire-suisse-en-combine-par-equipes-aux-mondiaux-de-saalbach-2025-un-exploit-sans-odermatt\/#primaryimage","url":"https:\/\/sport-index.fr\/blog\/wp-content\/uploads\/2025\/02\/sdxl-9f2409076427db430ec16ebdca3f6490.png","contentUrl":"https:\/\/sport-index.fr\/blog\/wp-content\/uploads\/2025\/02\/sdxl-9f2409076427db430ec16ebdca3f6490.png","width":1536,"height":640},{"@type":"WebSite","@id":"https:\/\/sport-index.fr\/blog\/#website","url":"https:\/\/sport-index.fr\/blog\/","name":"sport-index.fr","description":"Le score de l\u2019analyse sportive.","publisher":{"@id":"https:\/\/sport-index.fr\/blog\/#organization"},"alternateName":"Le score de l\u2019analyse sportive.","potentialAction":[{"@type":"SearchAction","target":{"@type":"EntryPoint","urlTemplate":"https:\/\/sport-index.fr\/blog\/?s={search_term_string}"},"query-input":{"@type":"PropertyValueSpecification","valueRequired":true,"valueName":"search_term_string"}}],"inLanguage":"fr-FR"},{"@type":"Organization","@id":"https:\/\/sport-index.fr\/blog\/#organization","name":"Foretsensations.fr","url":"https:\/\/sport-index.fr\/blog\/","logo":{"@type":"ImageObject","inLanguage":"fr-FR","@id":"https:\/\/sport-index.fr\/blog\/#\/schema\/logo\/image\/","url":"https:\/\/sport-index.fr\/blog\/wp-content\/uploads\/2026\/07\/logo-auto.png","contentUrl":"https:\/\/sport-index.fr\/blog\/wp-content\/uploads\/2026\/07\/logo-auto.png","width":1024,"height":1024,"caption":"Foretsensations.fr"},"image":{"@id":"https:\/\/sport-index.fr\/blog\/#\/schema\/logo\/image\/"}},{"@type":"Person","@id":"https:\/\/sport-index.fr\/blog\/#\/schema\/person\/3c864cdc320801e3db34b663e7e3f816","name":"Axel Lauzier","image":{"@type":"ImageObject","inLanguage":"fr-FR","@id":"https:\/\/sport-index.fr\/blog\/#\/schema\/person\/image\/","url":"https:\/\/sport-index.fr\/blog\/wp-content\/uploads\/2026\/06\/persona_axel-l-96x96.jpg","contentUrl":"https:\/\/sport-index.fr\/blog\/wp-content\/uploads\/2026\/06\/persona_axel-l-96x96.jpg","caption":"Axel Lauzier"},"description":"Le sport rythme mon quotidien depuis l'enfance, et j'en ai fait mon m\u00e9tier d'analyste r\u00e9dactionnel il y a une dizaine d'ann\u00e9es. Je couvre principalement le football, son actualit\u00e9, ses transferts et l'analyse tactique des grandes affiches, mais aussi les disciplines plus confidentielles que j'aime remettre en lumi\u00e8re. Une partie de mon travail porte sur les pronostics et la lecture statistique d'un match : forme des \u00e9quipes, historique des confrontations, compositions, sans jamais vendre de fausse certitude. Je rappelle syst\u00e9matiquement que parier comporte un risque et doit rester un loisir ma\u00eetris\u00e9. Avant de signer une analyse, je v\u00e9rifie mes chiffres, je recoupe les compositions probables et je distingue toujours la donn\u00e9e brute de l'intuition. Mon objectif : offrir une lecture honn\u00eate et argument\u00e9e, pas un ticket gagnant garanti.","sameAs":["https:\/\/axellauzier.fr\/"],"url":"https:\/\/sport-index.fr\/blog\/auteur\/noname\/"}]}},"_links":{"self":[{"href":"https:\/\/sport-index.fr\/blog\/wp-json\/wp\/v2\/posts\/8297","targetHints":{"allow":["GET"]}}],"collection":[{"href":"https:\/\/sport-index.fr\/blog\/wp-json\/wp\/v2\/posts"}],"about":[{"href":"https:\/\/sport-index.fr\/blog\/wp-json\/wp\/v2\/types\/post"}],"author":[{"embeddable":true,"href":"https:\/\/sport-index.fr\/blog\/wp-json\/wp\/v2\/users\/34"}],"replies":[{"embeddable":true,"href":"https:\/\/sport-index.fr\/blog\/wp-json\/wp\/v2\/comments?post=8297"}],"version-history":[{"count":3,"href":"https:\/\/sport-index.fr\/blog\/wp-json\/wp\/v2\/posts\/8297\/revisions"}],"predecessor-version":[{"id":18184,"href":"https:\/\/sport-index.fr\/blog\/wp-json\/wp\/v2\/posts\/8297\/revisions\/18184"}],"wp:featuredmedia":[{"embeddable":true,"href":"https:\/\/sport-index.fr\/blog\/wp-json\/wp\/v2\/media\/10479"}],"wp:attachment":[{"href":"https:\/\/sport-index.fr\/blog\/wp-json\/wp\/v2\/media?parent=8297"}],"wp:term":[{"taxonomy":"category","embeddable":true,"href":"https:\/\/sport-index.fr\/blog\/wp-json\/wp\/v2\/categories?post=8297"},{"taxonomy":"post_tag","embeddable":true,"href":"https:\/\/sport-index.fr\/blog\/wp-json\/wp\/v2\/tags?post=8297"}],"curies":[{"name":"wp","href":"https:\/\/api.w.org\/{rel}","templated":true}]}}