{"id":8298,"date":"2025-02-14T12:59:13","date_gmt":"2025-02-14T11:59:13","guid":{"rendered":"https:\/\/sport-index.fr\/blog\/?p=8298"},"modified":"2025-02-12T20:08:39","modified_gmt":"2025-02-12T19:08:39","slug":"toulon-renforce-son-effectif-avec-larrivee-de-juan-ignacio-brex-pour-la-saison-prochaine","status":"publish","type":"post","link":"https:\/\/sport-index.fr\/blog\/a-la-une\/toulon-renforce-son-effectif-avec-larrivee-de-juan-ignacio-brex-pour-la-saison-prochaine\/","title":{"rendered":"toulon renforce son effectif avec l&rsquo;arriv\u00e9e de juan ignacio brex pour la saison prochaine"},"content":{"rendered":"<h2>Un renfort de taille pour le RCT<\/h2>\n<p>\u00c0 32 ans, avec d\u00e9j\u00e0 43 s\u00e9lections \u00e0 son actif, il repr\u00e9sente un atout majeur pour le club varois, qui cherche \u00e0 solidifier son \u00e9quipe. Sa venue s&rsquo;inscrit dans une volont\u00e9 de renforcer le secteur du centre, en pleine mutation cette ann\u00e9e.<\/p>\n<p>Le RCT a connu des d\u00e9parts significatifs, notamment celui de Leicester Fainga&rsquo;anuku vers les Crusaders. Avec d&rsquo;autres incertitudes concernant Duncan Paia&rsquo;aua et J\u00e9r\u00e9my Sinzelle, les dirigeants toulonnais se devaient d&rsquo;agir rapidement pour assurer une continuit\u00e9 au sein de l\u2019effectif. Brex, qui a brill\u00e9 au Benetton Tr\u00e9vise depuis 2017, apportera son exp\u00e9rience et sa vision du jeu au sein d\u2019une \u00e9quipe en pleine reconstruction.<\/p>\n<h2>Un parcours impressionnant<\/h2>\n<p>Natif de Buenos Aires, Juan Ignacio Brex a su s&rsquo;imposer sur la sc\u00e8ne europ\u00e9enne gr\u00e2ce \u00e0 ses performances remarquables en club. Son exp\u00e9rience en tant que titulaire lors du dernier Tournoi des 6 Nations t\u00e9moigne de son niveau de jeu. En rejoignant Toulon, il va \u00e9galement retrouver des compatriotes, enrichissant ainsi la dimension italienne de l\u2019\u00e9quipe.<\/p>\n<p>Son pass\u00e9 au sein du Benetton Tr\u00e9vise a \u00e9t\u00e9 marqu\u00e9 par des contributions significatives sur le terrain. Sous l\u2019\u00e8re de l\u2019entra\u00eeneur Masi, qui l\u2019a dirig\u00e9, Brex a d\u00e9velopp\u00e9 un jeu dynamique et strat\u00e9gique qui sera sans doute b\u00e9n\u00e9fique pour le RCT. La compl\u00e9mentarit\u00e9 entre son style de jeu et celui des autres joueurs toulonnais pourrait cr\u00e9er des synergies int\u00e9ressantes sur le terrain.<\/p>\n<h2>Les ambitions du RCT pour l&rsquo;avenir<\/h2>\n<p>Le recrutement de Brex n&rsquo;est qu&rsquo;une \u00e9tape dans le projet ambitieux du RCT pour redresser la barre apr\u00e8s une saison compliqu\u00e9e. Les dirigeants ont clairement exprim\u00e9 leur intention de se doter de joueurs de qualit\u00e9 pour rivaliser avec les meilleures \u00e9quipes du Top 14. Les prochaines semaines seront cruciales pour voir comment se dessine l&rsquo;effectif final.<\/p>\n<p>Outre Brex, le club vise d&rsquo;autres renforts, notamment un deuxi\u00e8me joueur au centre ayant le statut de JIFF (Joueur Issu de la Formation Fran\u00e7aise). Les discussions avec Pierre-Louis Barassi du Stade Toulousain sont en cours, et son \u00e9ventuel transfert pourrait apporter une plus-value ind\u00e9niable \u00e0 l&rsquo;\u00e9quipe. Le RCT est d\u00e9termin\u00e9 \u00e0 ne pas laisser passer cette occasion de se renforcer avant le d\u00e9but de la saison.<\/p>\n<blockquote><p>\n  \u00ab\u00a0L&rsquo;arriv\u00e9e de Brex est un signal fort de nos ambitions pour l&rsquo;avenir\u00a0\u00bb, a d\u00e9clar\u00e9 un dirigeant du RCT.\n<\/p><\/blockquote>\n<ul>\n<li>Juan Ignacio Brex rejoint Toulon pour deux ans.<\/li>\n<li>Il a \u00e9t\u00e9 un joueur cl\u00e9 au Benetton Tr\u00e9vise depuis 2017.<\/li>\n<li>Le RCT cherche \u00e0 attirer d&rsquo;autres centres pour compl\u00e9ter son effectif.<\/li>\n<li>Pierre-Louis Barassi est \u00e9galement dans le viseur du club.<\/li>\n<li>Brex apportera son exp\u00e9rience et son savoir-faire au RCT.<\/li>\n<\/ul>\n<p>Le choix de Juan Ignacio Brex par le RCT marque un tournant dans la strat\u00e9gie de recrutement du club. Les supporters peuvent s&rsquo;attendre \u00e0 voir un joueur d\u00e9termin\u00e9 et talentueux sur le terrain, pr\u00eat \u00e0 porter les couleurs toulonnaises avec fiert\u00e9. Dans un contexte o\u00f9 les changements sont nombreux, l&rsquo;arriv\u00e9e de Brex symbolise l&rsquo;envie de rebondir et de renouer avec le succ\u00e8s.<\/p>\n","protected":false},"excerpt":{"rendered":"","protected":false},"author":34,"featured_media":10921,"comment_status":"open","ping_status":"open","sticky":false,"template":"","format":"standard","meta":{"_acf_changed":false,"manual_indexmenow":false,"indexmenow_id_project":0,"footnotes":""},"categories":[1],"tags":[5072,5074,4536,5073,4539],"class_list":["post-8298","post","type-post","status-publish","format-standard","has-post-thumbnail","hentry","category-a-la-une","tag-juan-ignacio-brex","tag-recrutement","tag-rugby","tag-rugby-club-toulonnais","tag-top-14","generate-columns","tablet-grid-50","mobile-grid-100","grid-parent","grid-25"],"acf":[],"yoast_head":"<!-- This site is optimized with the Yoast SEO Premium plugin v21.3 (Yoast SEO v26.5) - https:\/\/yoast.com\/wordpress\/plugins\/seo\/ -->\n<title>toulon renforce son effectif avec l&#039;arriv\u00e9e de juan ignacio<\/title>\n<meta name=\"description\" content=\"Un renfort de taille pour le RCT \u00c0 32 ans, avec d\u00e9j\u00e0 43 s\u00e9lections \u00e0 son actif, il repr\u00e9sente un atout majeur pour le club varois, qui cherche \u00e0\u2026\" \/>\n<meta name=\"robots\" content=\"index, follow, max-snippet:-1, max-image-preview:large, max-video-preview:-1\" \/>\n<link rel=\"canonical\" href=\"https:\/\/sport-index.fr\/blog\/a-la-une\/toulon-renforce-son-effectif-avec-larrivee-de-juan-ignacio-brex-pour-la-saison-prochaine\/\" \/>\n<meta property=\"og:locale\" content=\"fr_FR\" \/>\n<meta property=\"og:type\" content=\"article\" \/>\n<meta property=\"og:title\" content=\"toulon renforce son effectif avec l&#039;arriv\u00e9e de juan ignacio\" \/>\n<meta property=\"og:description\" content=\"Un renfort de taille pour le RCT \u00c0 32 ans, avec d\u00e9j\u00e0 43 s\u00e9lections \u00e0 son actif, il repr\u00e9sente un atout majeur pour le club varois, qui cherche \u00e0\u2026\" \/>\n<meta property=\"og:url\" content=\"https:\/\/sport-index.fr\/blog\/a-la-une\/toulon-renforce-son-effectif-avec-larrivee-de-juan-ignacio-brex-pour-la-saison-prochaine\/\" \/>\n<meta property=\"og:site_name\" content=\"sport-index\" \/>\n<meta name=\"author\" content=\"Axel Lauzier\" \/>\n<meta name=\"twitter:card\" content=\"summary_large_image\" \/>\n<script type=\"application\/ld+json\" class=\"yoast-schema-graph\">{\"@context\":\"https:\/\/schema.org\",\"@graph\":[{\"@type\":\"NewsArticle\",\"@id\":\"https:\/\/sport-index.fr\/blog\/a-la-une\/toulon-renforce-son-effectif-avec-larrivee-de-juan-ignacio-brex-pour-la-saison-prochaine\/#article\",\"isPartOf\":{\"@id\":\"https:\/\/sport-index.fr\/blog\/a-la-une\/toulon-renforce-son-effectif-avec-larrivee-de-juan-ignacio-brex-pour-la-saison-prochaine\/\"},\"author\":{\"name\":\"Axel Lauzier\",\"@id\":\"https:\/\/sport-index.fr\/blog\/#\/schema\/person\/3c864cdc320801e3db34b663e7e3f816\"},\"headline\":\"toulon renforce son effectif avec l&rsquo;arriv\u00e9e de juan ignacio brex pour la saison prochaine\",\"datePublished\":\"2025-02-14T11:59:13+00:00\",\"mainEntityOfPage\":{\"@id\":\"https:\/\/sport-index.fr\/blog\/a-la-une\/toulon-renforce-son-effectif-avec-larrivee-de-juan-ignacio-brex-pour-la-saison-prochaine\/\"},\"wordCount\":554,\"commentCount\":30,\"publisher\":{\"@id\":\"https:\/\/sport-index.fr\/blog\/#organization\"},\"image\":{\"@id\":\"https:\/\/sport-index.fr\/blog\/a-la-une\/toulon-renforce-son-effectif-avec-larrivee-de-juan-ignacio-brex-pour-la-saison-prochaine\/#primaryimage\"},\"thumbnailUrl\":\"https:\/\/sport-index.fr\/blog\/wp-content\/uploads\/2025\/02\/sdxl-8a2bfdd334a9efc8e220f324d1bdf736.png\",\"keywords\":[\"Juan Ignacio Brex\",\"Recrutement\",\"Rugby\",\"Rugby Club Toulonnais\",\"Top 14\"],\"articleSection\":[\"\u00c0 la une\"],\"inLanguage\":\"fr-FR\",\"potentialAction\":[{\"@type\":\"CommentAction\",\"name\":\"Comment\",\"target\":[\"https:\/\/sport-index.fr\/blog\/a-la-une\/toulon-renforce-son-effectif-avec-larrivee-de-juan-ignacio-brex-pour-la-saison-prochaine\/#respond\"]}]},{\"@type\":\"WebPage\",\"@id\":\"https:\/\/sport-index.fr\/blog\/a-la-une\/toulon-renforce-son-effectif-avec-larrivee-de-juan-ignacio-brex-pour-la-saison-prochaine\/\",\"url\":\"https:\/\/sport-index.fr\/blog\/a-la-une\/toulon-renforce-son-effectif-avec-larrivee-de-juan-ignacio-brex-pour-la-saison-prochaine\/\",\"name\":\"toulon renforce son effectif avec l'arriv\u00e9e de juan ignacio\",\"isPartOf\":{\"@id\":\"https:\/\/sport-index.fr\/blog\/#website\"},\"primaryImageOfPage\":{\"@id\":\"https:\/\/sport-index.fr\/blog\/a-la-une\/toulon-renforce-son-effectif-avec-larrivee-de-juan-ignacio-brex-pour-la-saison-prochaine\/#primaryimage\"},\"image\":{\"@id\":\"https:\/\/sport-index.fr\/blog\/a-la-une\/toulon-renforce-son-effectif-avec-larrivee-de-juan-ignacio-brex-pour-la-saison-prochaine\/#primaryimage\"},\"thumbnailUrl\":\"https:\/\/sport-index.fr\/blog\/wp-content\/uploads\/2025\/02\/sdxl-8a2bfdd334a9efc8e220f324d1bdf736.png\",\"datePublished\":\"2025-02-14T11:59:13+00:00\",\"description\":\"Un renfort de taille pour le RCT \u00c0 32 ans, avec d\u00e9j\u00e0 43 s\u00e9lections \u00e0 son actif, il repr\u00e9sente un atout majeur pour le club varois, qui cherche \u00e0\u2026\",\"inLanguage\":\"fr-FR\",\"potentialAction\":[{\"@type\":\"ReadAction\",\"target\":[\"https:\/\/sport-index.fr\/blog\/a-la-une\/toulon-renforce-son-effectif-avec-larrivee-de-juan-ignacio-brex-pour-la-saison-prochaine\/\"]}]},{\"@type\":\"ImageObject\",\"inLanguage\":\"fr-FR\",\"@id\":\"https:\/\/sport-index.fr\/blog\/a-la-une\/toulon-renforce-son-effectif-avec-larrivee-de-juan-ignacio-brex-pour-la-saison-prochaine\/#primaryimage\",\"url\":\"https:\/\/sport-index.fr\/blog\/wp-content\/uploads\/2025\/02\/sdxl-8a2bfdd334a9efc8e220f324d1bdf736.png\",\"contentUrl\":\"https:\/\/sport-index.fr\/blog\/wp-content\/uploads\/2025\/02\/sdxl-8a2bfdd334a9efc8e220f324d1bdf736.png\",\"width\":1536,\"height\":640},{\"@type\":\"WebSite\",\"@id\":\"https:\/\/sport-index.fr\/blog\/#website\",\"url\":\"https:\/\/sport-index.fr\/blog\/\",\"name\":\"sport-index.fr\",\"description\":\"Le score de l\u2019analyse sportive.\",\"publisher\":{\"@id\":\"https:\/\/sport-index.fr\/blog\/#organization\"},\"alternateName\":\"Le score de l\u2019analyse sportive.\",\"potentialAction\":[{\"@type\":\"SearchAction\",\"target\":{\"@type\":\"EntryPoint\",\"urlTemplate\":\"https:\/\/sport-index.fr\/blog\/?s={search_term_string}\"},\"query-input\":{\"@type\":\"PropertyValueSpecification\",\"valueRequired\":true,\"valueName\":\"search_term_string\"}}],\"inLanguage\":\"fr-FR\"},{\"@type\":\"Organization\",\"@id\":\"https:\/\/sport-index.fr\/blog\/#organization\",\"name\":\"Foretsensations.fr\",\"url\":\"https:\/\/sport-index.fr\/blog\/\",\"logo\":{\"@type\":\"ImageObject\",\"inLanguage\":\"fr-FR\",\"@id\":\"https:\/\/sport-index.fr\/blog\/#\/schema\/logo\/image\/\",\"url\":\"https:\/\/sport-index.fr\/blog\/wp-content\/uploads\/2026\/07\/logo-auto.png\",\"contentUrl\":\"https:\/\/sport-index.fr\/blog\/wp-content\/uploads\/2026\/07\/logo-auto.png\",\"width\":1024,\"height\":1024,\"caption\":\"Foretsensations.fr\"},\"image\":{\"@id\":\"https:\/\/sport-index.fr\/blog\/#\/schema\/logo\/image\/\"}},{\"@type\":\"Person\",\"@id\":\"https:\/\/sport-index.fr\/blog\/#\/schema\/person\/3c864cdc320801e3db34b663e7e3f816\",\"name\":\"Axel Lauzier\",\"image\":{\"@type\":\"ImageObject\",\"inLanguage\":\"fr-FR\",\"@id\":\"https:\/\/sport-index.fr\/blog\/#\/schema\/person\/image\/\",\"url\":\"https:\/\/sport-index.fr\/blog\/wp-content\/uploads\/2026\/06\/persona_axel-l-96x96.jpg\",\"contentUrl\":\"https:\/\/sport-index.fr\/blog\/wp-content\/uploads\/2026\/06\/persona_axel-l-96x96.jpg\",\"caption\":\"Axel Lauzier\"},\"description\":\"Le sport rythme mon quotidien depuis l'enfance, et j'en ai fait mon m\u00e9tier d'analyste r\u00e9dactionnel il y a une dizaine d'ann\u00e9es. Je couvre principalement le football, son actualit\u00e9, ses transferts et l'analyse tactique des grandes affiches, mais aussi les disciplines plus confidentielles que j'aime remettre en lumi\u00e8re. Une partie de mon travail porte sur les pronostics et la lecture statistique d'un match : forme des \u00e9quipes, historique des confrontations, compositions, sans jamais vendre de fausse certitude. Je rappelle syst\u00e9matiquement que parier comporte un risque et doit rester un loisir ma\u00eetris\u00e9. Avant de signer une analyse, je v\u00e9rifie mes chiffres, je recoupe les compositions probables et je distingue toujours la donn\u00e9e brute de l'intuition. Mon objectif : offrir une lecture honn\u00eate et argument\u00e9e, pas un ticket gagnant garanti.\",\"sameAs\":[\"https:\/\/axellauzier.fr\/\"],\"url\":\"https:\/\/sport-index.fr\/blog\/auteur\/noname\/\"}]}<\/script>\n<!-- \/ Yoast SEO Premium plugin. -->","yoast_head_json":{"title":"toulon renforce son effectif avec l'arriv\u00e9e de juan ignacio","description":"Un renfort de taille pour le RCT \u00c0 32 ans, avec d\u00e9j\u00e0 43 s\u00e9lections \u00e0 son actif, il repr\u00e9sente un atout majeur pour le club varois, qui cherche \u00e0\u2026","robots":{"index":"index","follow":"follow","max-snippet":"max-snippet:-1","max-image-preview":"max-image-preview:large","max-video-preview":"max-video-preview:-1"},"canonical":"https:\/\/sport-index.fr\/blog\/a-la-une\/toulon-renforce-son-effectif-avec-larrivee-de-juan-ignacio-brex-pour-la-saison-prochaine\/","og_locale":"fr_FR","og_type":"article","og_title":"toulon renforce son effectif avec l'arriv\u00e9e de juan ignacio","og_description":"Un renfort de taille pour le RCT \u00c0 32 ans, avec d\u00e9j\u00e0 43 s\u00e9lections \u00e0 son actif, il repr\u00e9sente un atout majeur pour le club varois, qui cherche \u00e0\u2026","og_url":"https:\/\/sport-index.fr\/blog\/a-la-une\/toulon-renforce-son-effectif-avec-larrivee-de-juan-ignacio-brex-pour-la-saison-prochaine\/","og_site_name":"sport-index","author":"Axel Lauzier","twitter_card":"summary_large_image","schema":{"@context":"https:\/\/schema.org","@graph":[{"@type":"NewsArticle","@id":"https:\/\/sport-index.fr\/blog\/a-la-une\/toulon-renforce-son-effectif-avec-larrivee-de-juan-ignacio-brex-pour-la-saison-prochaine\/#article","isPartOf":{"@id":"https:\/\/sport-index.fr\/blog\/a-la-une\/toulon-renforce-son-effectif-avec-larrivee-de-juan-ignacio-brex-pour-la-saison-prochaine\/"},"author":{"name":"Axel Lauzier","@id":"https:\/\/sport-index.fr\/blog\/#\/schema\/person\/3c864cdc320801e3db34b663e7e3f816"},"headline":"toulon renforce son effectif avec l&rsquo;arriv\u00e9e de juan ignacio brex pour la saison prochaine","datePublished":"2025-02-14T11:59:13+00:00","mainEntityOfPage":{"@id":"https:\/\/sport-index.fr\/blog\/a-la-une\/toulon-renforce-son-effectif-avec-larrivee-de-juan-ignacio-brex-pour-la-saison-prochaine\/"},"wordCount":554,"commentCount":30,"publisher":{"@id":"https:\/\/sport-index.fr\/blog\/#organization"},"image":{"@id":"https:\/\/sport-index.fr\/blog\/a-la-une\/toulon-renforce-son-effectif-avec-larrivee-de-juan-ignacio-brex-pour-la-saison-prochaine\/#primaryimage"},"thumbnailUrl":"https:\/\/sport-index.fr\/blog\/wp-content\/uploads\/2025\/02\/sdxl-8a2bfdd334a9efc8e220f324d1bdf736.png","keywords":["Juan Ignacio Brex","Recrutement","Rugby","Rugby Club Toulonnais","Top 14"],"articleSection":["\u00c0 la une"],"inLanguage":"fr-FR","potentialAction":[{"@type":"CommentAction","name":"Comment","target":["https:\/\/sport-index.fr\/blog\/a-la-une\/toulon-renforce-son-effectif-avec-larrivee-de-juan-ignacio-brex-pour-la-saison-prochaine\/#respond"]}]},{"@type":"WebPage","@id":"https:\/\/sport-index.fr\/blog\/a-la-une\/toulon-renforce-son-effectif-avec-larrivee-de-juan-ignacio-brex-pour-la-saison-prochaine\/","url":"https:\/\/sport-index.fr\/blog\/a-la-une\/toulon-renforce-son-effectif-avec-larrivee-de-juan-ignacio-brex-pour-la-saison-prochaine\/","name":"toulon renforce son effectif avec l'arriv\u00e9e de juan ignacio","isPartOf":{"@id":"https:\/\/sport-index.fr\/blog\/#website"},"primaryImageOfPage":{"@id":"https:\/\/sport-index.fr\/blog\/a-la-une\/toulon-renforce-son-effectif-avec-larrivee-de-juan-ignacio-brex-pour-la-saison-prochaine\/#primaryimage"},"image":{"@id":"https:\/\/sport-index.fr\/blog\/a-la-une\/toulon-renforce-son-effectif-avec-larrivee-de-juan-ignacio-brex-pour-la-saison-prochaine\/#primaryimage"},"thumbnailUrl":"https:\/\/sport-index.fr\/blog\/wp-content\/uploads\/2025\/02\/sdxl-8a2bfdd334a9efc8e220f324d1bdf736.png","datePublished":"2025-02-14T11:59:13+00:00","description":"Un renfort de taille pour le RCT \u00c0 32 ans, avec d\u00e9j\u00e0 43 s\u00e9lections \u00e0 son actif, il repr\u00e9sente un atout majeur pour le club varois, qui cherche \u00e0\u2026","inLanguage":"fr-FR","potentialAction":[{"@type":"ReadAction","target":["https:\/\/sport-index.fr\/blog\/a-la-une\/toulon-renforce-son-effectif-avec-larrivee-de-juan-ignacio-brex-pour-la-saison-prochaine\/"]}]},{"@type":"ImageObject","inLanguage":"fr-FR","@id":"https:\/\/sport-index.fr\/blog\/a-la-une\/toulon-renforce-son-effectif-avec-larrivee-de-juan-ignacio-brex-pour-la-saison-prochaine\/#primaryimage","url":"https:\/\/sport-index.fr\/blog\/wp-content\/uploads\/2025\/02\/sdxl-8a2bfdd334a9efc8e220f324d1bdf736.png","contentUrl":"https:\/\/sport-index.fr\/blog\/wp-content\/uploads\/2025\/02\/sdxl-8a2bfdd334a9efc8e220f324d1bdf736.png","width":1536,"height":640},{"@type":"WebSite","@id":"https:\/\/sport-index.fr\/blog\/#website","url":"https:\/\/sport-index.fr\/blog\/","name":"sport-index.fr","description":"Le score de l\u2019analyse sportive.","publisher":{"@id":"https:\/\/sport-index.fr\/blog\/#organization"},"alternateName":"Le score de l\u2019analyse sportive.","potentialAction":[{"@type":"SearchAction","target":{"@type":"EntryPoint","urlTemplate":"https:\/\/sport-index.fr\/blog\/?s={search_term_string}"},"query-input":{"@type":"PropertyValueSpecification","valueRequired":true,"valueName":"search_term_string"}}],"inLanguage":"fr-FR"},{"@type":"Organization","@id":"https:\/\/sport-index.fr\/blog\/#organization","name":"Foretsensations.fr","url":"https:\/\/sport-index.fr\/blog\/","logo":{"@type":"ImageObject","inLanguage":"fr-FR","@id":"https:\/\/sport-index.fr\/blog\/#\/schema\/logo\/image\/","url":"https:\/\/sport-index.fr\/blog\/wp-content\/uploads\/2026\/07\/logo-auto.png","contentUrl":"https:\/\/sport-index.fr\/blog\/wp-content\/uploads\/2026\/07\/logo-auto.png","width":1024,"height":1024,"caption":"Foretsensations.fr"},"image":{"@id":"https:\/\/sport-index.fr\/blog\/#\/schema\/logo\/image\/"}},{"@type":"Person","@id":"https:\/\/sport-index.fr\/blog\/#\/schema\/person\/3c864cdc320801e3db34b663e7e3f816","name":"Axel Lauzier","image":{"@type":"ImageObject","inLanguage":"fr-FR","@id":"https:\/\/sport-index.fr\/blog\/#\/schema\/person\/image\/","url":"https:\/\/sport-index.fr\/blog\/wp-content\/uploads\/2026\/06\/persona_axel-l-96x96.jpg","contentUrl":"https:\/\/sport-index.fr\/blog\/wp-content\/uploads\/2026\/06\/persona_axel-l-96x96.jpg","caption":"Axel Lauzier"},"description":"Le sport rythme mon quotidien depuis l'enfance, et j'en ai fait mon m\u00e9tier d'analyste r\u00e9dactionnel il y a une dizaine d'ann\u00e9es. Je couvre principalement le football, son actualit\u00e9, ses transferts et l'analyse tactique des grandes affiches, mais aussi les disciplines plus confidentielles que j'aime remettre en lumi\u00e8re. Une partie de mon travail porte sur les pronostics et la lecture statistique d'un match : forme des \u00e9quipes, historique des confrontations, compositions, sans jamais vendre de fausse certitude. Je rappelle syst\u00e9matiquement que parier comporte un risque et doit rester un loisir ma\u00eetris\u00e9. Avant de signer une analyse, je v\u00e9rifie mes chiffres, je recoupe les compositions probables et je distingue toujours la donn\u00e9e brute de l'intuition. Mon objectif : offrir une lecture honn\u00eate et argument\u00e9e, pas un ticket gagnant garanti.","sameAs":["https:\/\/axellauzier.fr\/"],"url":"https:\/\/sport-index.fr\/blog\/auteur\/noname\/"}]}},"_links":{"self":[{"href":"https:\/\/sport-index.fr\/blog\/wp-json\/wp\/v2\/posts\/8298","targetHints":{"allow":["GET"]}}],"collection":[{"href":"https:\/\/sport-index.fr\/blog\/wp-json\/wp\/v2\/posts"}],"about":[{"href":"https:\/\/sport-index.fr\/blog\/wp-json\/wp\/v2\/types\/post"}],"author":[{"embeddable":true,"href":"https:\/\/sport-index.fr\/blog\/wp-json\/wp\/v2\/users\/34"}],"replies":[{"embeddable":true,"href":"https:\/\/sport-index.fr\/blog\/wp-json\/wp\/v2\/comments?post=8298"}],"version-history":[{"count":1,"href":"https:\/\/sport-index.fr\/blog\/wp-json\/wp\/v2\/posts\/8298\/revisions"}],"predecessor-version":[{"id":8499,"href":"https:\/\/sport-index.fr\/blog\/wp-json\/wp\/v2\/posts\/8298\/revisions\/8499"}],"wp:featuredmedia":[{"embeddable":true,"href":"https:\/\/sport-index.fr\/blog\/wp-json\/wp\/v2\/media\/10921"}],"wp:attachment":[{"href":"https:\/\/sport-index.fr\/blog\/wp-json\/wp\/v2\/media?parent=8298"}],"wp:term":[{"taxonomy":"category","embeddable":true,"href":"https:\/\/sport-index.fr\/blog\/wp-json\/wp\/v2\/categories?post=8298"},{"taxonomy":"post_tag","embeddable":true,"href":"https:\/\/sport-index.fr\/blog\/wp-json\/wp\/v2\/tags?post=8298"}],"curies":[{"name":"wp","href":"https:\/\/api.w.org\/{rel}","templated":true}]}}