{"id":8299,"date":"2025-02-14T13:47:13","date_gmt":"2025-02-14T12:47:13","guid":{"rendered":"https:\/\/sport-index.fr\/blog\/?p=8299"},"modified":"2025-02-12T20:09:16","modified_gmt":"2025-02-12T19:09:16","slug":"arthur-retiere-un-nouveau-depart-a-bordeaux-et-des-ambitions-renouvelees","status":"publish","type":"post","link":"https:\/\/sport-index.fr\/blog\/a-la-une\/arthur-retiere-un-nouveau-depart-a-bordeaux-et-des-ambitions-renouvelees\/","title":{"rendered":"Arthur Reti\u00e8re : un nouveau d\u00e9part \u00e0 Bordeaux et des ambitions renouvel\u00e9es"},"content":{"rendered":"<h2>Un changement de cap pour l\u2019ailier bordelais<\/h2>\n<p>Son arriv\u00e9e au club girondin a eu lieu au c\u0153ur de l\u2019\u00e9t\u00e9, un moment d\u00e9licat pour un joueur qui avait des attentes \u00e9lev\u00e9es pour la saison. Reti\u00e8re a su s\u2019adapter rapidement \u00e0 son nouvel environnement, avec des ambitions claires pour l\u2019avenir.<\/p>\n<p>Les premiers mois pass\u00e9s \u00e0 Bordeaux ont \u00e9t\u00e9 marqu\u00e9s par une dynamique de groupe positive. Reti\u00e8re a \u00e9voqu\u00e9 l\u2019importance de l\u2019ambiance au sein de l\u2019\u00e9quipe, qui joue un r\u00f4le crucial dans la performance sur le terrain. Alors qu\u2019il se pr\u00e9pare pour un d\u00e9placement \u00e0 Bayonne, il met l\u2019accent sur la n\u00e9cessit\u00e9 de corriger les erreurs commises lors de la d\u00e9faite pr\u00e9c\u00e9dente contre Lyon.<\/p>\n<h2>Une p\u00e9riode d\u2019adaptation r\u00e9ussie<\/h2>\n<p>Lors de son arriv\u00e9e \u00e0 Bordeaux, Reti\u00e8re a rapidement int\u00e9gr\u00e9 le groupe, favoris\u00e9 par une atmosph\u00e8re accueillante. Le joueur a soulign\u00e9 que cette int\u00e9gration rapide a \u00e9t\u00e9 facilit\u00e9e par le soutien de ses co\u00e9quipiers et du staff. La coh\u00e9sion d&rsquo;\u00e9quipe est essentielle, surtout pour un joueur qui cherche \u00e0 s\u2019imposer dans une ligne d\u2019attaque comp\u00e9titive.<\/p>\n<p>Apr\u00e8s avoir pass\u00e9 des mois difficiles \u00e0 Toulouse, Reti\u00e8re a ressenti un v\u00e9ritable besoin de changer d\u2019air. Ce transfert a \u00e9t\u00e9 motiv\u00e9 par des consid\u00e9rations personnelles et sportives, et il a pu compter sur le soutien de son ancien entra\u00eeneur, Ugo Mola, qui a compris son d\u00e9sir de partir. Cette nouvelle aventure \u00e0 l\u2019UBB semble \u00eatre exactement ce qu\u2019il lui fallait.<\/p>\n<h2>Une ambition collective \u00e0 long terme<\/h2>\n<p>Reti\u00e8re aborde la saison avec des objectifs clairs, tant sur le plan personnel que collectif. Il croit fermement que l&rsquo;UBB a le potentiel pour remporter des titres, m\u00eame si cela prend un peu de temps. Il a d\u00e9clar\u00e9 avec conviction : <\/p>\n<blockquote><p>\u201cJe pense que le club va gagner, si ce n\u2019est pas cette ann\u00e9e, ce sera un peu plus tard.\u201d<\/p><\/blockquote>\n<p>Pour Reti\u00e8re, le rugby est plus qu\u2019un simple sport ; c\u2019est un moyen de se r\u00e9aliser et de s\u2019\u00e9panouir. Son exp\u00e9rience \u00e0 Bordeaux lui a permis de retrouver le go\u00fbt du jeu, renforc\u00e9 par une ambiance conviviale et des rituels d\u2019\u00e9quipe. Chaque match est une nouvelle occasion de prouver que l\u2019UBB est un club en pleine ascension.<\/p>\n<ul>\n<li>Reti\u00e8re a sign\u00e9 \u00e0 Bordeaux en ao\u00fbt, apr\u00e8s un \u00e9t\u00e9 mouvement\u00e9.<\/li>\n<li>Il a ressenti un besoin de changement apr\u00e8s des mois difficiles \u00e0 Toulouse.<\/li>\n<li>La coh\u00e9sion de l\u2019\u00e9quipe est un facteur d\u00e9terminant dans ses performances.<\/li>\n<li>Il se sent soutenu par ses co\u00e9quipiers et le staff de l\u2019UBB.<\/li>\n<li>Reti\u00e8re est convaincu que l\u2019UBB a un bel avenir devant elle.<\/li>\n<\/ul>\n<p>En somme, l\u2019histoire d&rsquo;Arthur Reti\u00e8re est celle d&rsquo;un joueur en qu\u00eate de renouveau et de succ\u00e8s. Son parcours \u00e0 l&rsquo;UBB t\u00e9moigne d&rsquo;un engagement fort et d&rsquo;un d\u00e9sir de contribuer \u00e0 l&rsquo;essor du club. Alors qu&rsquo;il se pr\u00e9pare pour des matchs cruciaux, Reti\u00e8re reste concentr\u00e9 sur ses objectifs, d\u00e9termin\u00e9 \u00e0 apporter sa pierre \u00e0 l&rsquo;\u00e9difice bordelais.<\/p>\n<p>Avec un effectif talentueux et une solide base de supporters, l&rsquo;UBB est sur la bonne voie pour r\u00e9aliser ses ambitions. Reti\u00e8re, avec son style de jeu unique et sa d\u00e9termination, est sans aucun doute un atout pr\u00e9cieux pour l\u2019\u00e9quipe. Les prochains matchs seront d\u00e9terminants pour l&rsquo;ailier et pour l&rsquo;ensemble du club, qui aspire \u00e0 briller sur la sc\u00e8ne nationale.<\/p>\n","protected":false},"excerpt":{"rendered":"","protected":false},"author":34,"featured_media":10432,"comment_status":"open","ping_status":"open","sticky":false,"template":"","format":"standard","meta":{"_acf_changed":false,"manual_indexmenow":false,"indexmenow_id_project":0,"footnotes":""},"categories":[1],"tags":[5075,4585,4544,4543,4536],"class_list":["post-8299","post","type-post","status-publish","format-standard","has-post-thumbnail","hentry","category-a-la-une","tag-ambitions-collectives","tag-cohesion-dequipe","tag-equipe","tag-performance","tag-rugby","generate-columns","tablet-grid-50","mobile-grid-100","grid-parent","grid-25"],"acf":[],"yoast_head":"<!-- This site is optimized with the Yoast SEO Premium plugin v21.3 (Yoast SEO v26.5) - https:\/\/yoast.com\/wordpress\/plugins\/seo\/ -->\n<title>Arthur Reti\u00e8re : un nouveau d\u00e9part \u00e0 Bordeaux<\/title>\n<meta name=\"description\" content=\"Un changement de cap pour l\u2019ailier bordelais Son arriv\u00e9e au club girondin a eu lieu au c\u0153ur de l\u2019\u00e9t\u00e9, un moment d\u00e9licat pour un joueur qui avait des\u2026\" \/>\n<meta name=\"robots\" content=\"index, follow, max-snippet:-1, max-image-preview:large, max-video-preview:-1\" \/>\n<link rel=\"canonical\" href=\"https:\/\/sport-index.fr\/blog\/a-la-une\/arthur-retiere-un-nouveau-depart-a-bordeaux-et-des-ambitions-renouvelees\/\" \/>\n<meta property=\"og:locale\" content=\"fr_FR\" \/>\n<meta property=\"og:type\" content=\"article\" \/>\n<meta property=\"og:title\" content=\"Arthur Reti\u00e8re : un nouveau d\u00e9part \u00e0 Bordeaux\" \/>\n<meta property=\"og:description\" content=\"Un changement de cap pour l\u2019ailier bordelais Son arriv\u00e9e au club girondin a eu lieu au c\u0153ur de l\u2019\u00e9t\u00e9, un moment d\u00e9licat pour un joueur qui avait des\u2026\" \/>\n<meta property=\"og:url\" content=\"https:\/\/sport-index.fr\/blog\/a-la-une\/arthur-retiere-un-nouveau-depart-a-bordeaux-et-des-ambitions-renouvelees\/\" \/>\n<meta property=\"og:site_name\" content=\"sport-index\" \/>\n<meta name=\"author\" content=\"Axel Lauzier\" \/>\n<meta name=\"twitter:card\" content=\"summary_large_image\" \/>\n<script type=\"application\/ld+json\" class=\"yoast-schema-graph\">{\"@context\":\"https:\/\/schema.org\",\"@graph\":[{\"@type\":\"NewsArticle\",\"@id\":\"https:\/\/sport-index.fr\/blog\/a-la-une\/arthur-retiere-un-nouveau-depart-a-bordeaux-et-des-ambitions-renouvelees\/#article\",\"isPartOf\":{\"@id\":\"https:\/\/sport-index.fr\/blog\/a-la-une\/arthur-retiere-un-nouveau-depart-a-bordeaux-et-des-ambitions-renouvelees\/\"},\"author\":{\"name\":\"Axel Lauzier\",\"@id\":\"https:\/\/sport-index.fr\/blog\/#\/schema\/person\/3c864cdc320801e3db34b663e7e3f816\"},\"headline\":\"Arthur Reti\u00e8re : un nouveau d\u00e9part \u00e0 Bordeaux et des ambitions renouvel\u00e9es\",\"datePublished\":\"2025-02-14T12:47:13+00:00\",\"mainEntityOfPage\":{\"@id\":\"https:\/\/sport-index.fr\/blog\/a-la-une\/arthur-retiere-un-nouveau-depart-a-bordeaux-et-des-ambitions-renouvelees\/\"},\"wordCount\":622,\"commentCount\":28,\"publisher\":{\"@id\":\"https:\/\/sport-index.fr\/blog\/#organization\"},\"image\":{\"@id\":\"https:\/\/sport-index.fr\/blog\/a-la-une\/arthur-retiere-un-nouveau-depart-a-bordeaux-et-des-ambitions-renouvelees\/#primaryimage\"},\"thumbnailUrl\":\"https:\/\/sport-index.fr\/blog\/wp-content\/uploads\/2025\/02\/sdxl-ea5872559c1bb47ec155d40a80bebfbd.png\",\"keywords\":[\"Ambitions collectives\",\"Coh\u00e9sion d'\u00c9quipe\",\"\u00c9quipe\",\"Performance\",\"Rugby\"],\"articleSection\":[\"\u00c0 la une\"],\"inLanguage\":\"fr-FR\",\"potentialAction\":[{\"@type\":\"CommentAction\",\"name\":\"Comment\",\"target\":[\"https:\/\/sport-index.fr\/blog\/a-la-une\/arthur-retiere-un-nouveau-depart-a-bordeaux-et-des-ambitions-renouvelees\/#respond\"]}]},{\"@type\":\"WebPage\",\"@id\":\"https:\/\/sport-index.fr\/blog\/a-la-une\/arthur-retiere-un-nouveau-depart-a-bordeaux-et-des-ambitions-renouvelees\/\",\"url\":\"https:\/\/sport-index.fr\/blog\/a-la-une\/arthur-retiere-un-nouveau-depart-a-bordeaux-et-des-ambitions-renouvelees\/\",\"name\":\"Arthur Reti\u00e8re : un nouveau d\u00e9part \u00e0 Bordeaux\",\"isPartOf\":{\"@id\":\"https:\/\/sport-index.fr\/blog\/#website\"},\"primaryImageOfPage\":{\"@id\":\"https:\/\/sport-index.fr\/blog\/a-la-une\/arthur-retiere-un-nouveau-depart-a-bordeaux-et-des-ambitions-renouvelees\/#primaryimage\"},\"image\":{\"@id\":\"https:\/\/sport-index.fr\/blog\/a-la-une\/arthur-retiere-un-nouveau-depart-a-bordeaux-et-des-ambitions-renouvelees\/#primaryimage\"},\"thumbnailUrl\":\"https:\/\/sport-index.fr\/blog\/wp-content\/uploads\/2025\/02\/sdxl-ea5872559c1bb47ec155d40a80bebfbd.png\",\"datePublished\":\"2025-02-14T12:47:13+00:00\",\"description\":\"Un changement de cap pour l\u2019ailier bordelais Son arriv\u00e9e au club girondin a eu lieu au c\u0153ur de l\u2019\u00e9t\u00e9, un moment d\u00e9licat pour un joueur qui avait des\u2026\",\"inLanguage\":\"fr-FR\",\"potentialAction\":[{\"@type\":\"ReadAction\",\"target\":[\"https:\/\/sport-index.fr\/blog\/a-la-une\/arthur-retiere-un-nouveau-depart-a-bordeaux-et-des-ambitions-renouvelees\/\"]}]},{\"@type\":\"ImageObject\",\"inLanguage\":\"fr-FR\",\"@id\":\"https:\/\/sport-index.fr\/blog\/a-la-une\/arthur-retiere-un-nouveau-depart-a-bordeaux-et-des-ambitions-renouvelees\/#primaryimage\",\"url\":\"https:\/\/sport-index.fr\/blog\/wp-content\/uploads\/2025\/02\/sdxl-ea5872559c1bb47ec155d40a80bebfbd.png\",\"contentUrl\":\"https:\/\/sport-index.fr\/blog\/wp-content\/uploads\/2025\/02\/sdxl-ea5872559c1bb47ec155d40a80bebfbd.png\",\"width\":1536,\"height\":640},{\"@type\":\"WebSite\",\"@id\":\"https:\/\/sport-index.fr\/blog\/#website\",\"url\":\"https:\/\/sport-index.fr\/blog\/\",\"name\":\"sport-index.fr\",\"description\":\"Le score de l\u2019analyse sportive.\",\"publisher\":{\"@id\":\"https:\/\/sport-index.fr\/blog\/#organization\"},\"alternateName\":\"Le score de l\u2019analyse sportive.\",\"potentialAction\":[{\"@type\":\"SearchAction\",\"target\":{\"@type\":\"EntryPoint\",\"urlTemplate\":\"https:\/\/sport-index.fr\/blog\/?s={search_term_string}\"},\"query-input\":{\"@type\":\"PropertyValueSpecification\",\"valueRequired\":true,\"valueName\":\"search_term_string\"}}],\"inLanguage\":\"fr-FR\"},{\"@type\":\"Organization\",\"@id\":\"https:\/\/sport-index.fr\/blog\/#organization\",\"name\":\"Foretsensations.fr\",\"url\":\"https:\/\/sport-index.fr\/blog\/\",\"logo\":{\"@type\":\"ImageObject\",\"inLanguage\":\"fr-FR\",\"@id\":\"https:\/\/sport-index.fr\/blog\/#\/schema\/logo\/image\/\",\"url\":\"https:\/\/sport-index.fr\/blog\/wp-content\/uploads\/2026\/07\/logo-auto.png\",\"contentUrl\":\"https:\/\/sport-index.fr\/blog\/wp-content\/uploads\/2026\/07\/logo-auto.png\",\"width\":1024,\"height\":1024,\"caption\":\"Foretsensations.fr\"},\"image\":{\"@id\":\"https:\/\/sport-index.fr\/blog\/#\/schema\/logo\/image\/\"}},{\"@type\":\"Person\",\"@id\":\"https:\/\/sport-index.fr\/blog\/#\/schema\/person\/3c864cdc320801e3db34b663e7e3f816\",\"name\":\"Axel Lauzier\",\"image\":{\"@type\":\"ImageObject\",\"inLanguage\":\"fr-FR\",\"@id\":\"https:\/\/sport-index.fr\/blog\/#\/schema\/person\/image\/\",\"url\":\"https:\/\/sport-index.fr\/blog\/wp-content\/uploads\/2026\/06\/persona_axel-l-96x96.jpg\",\"contentUrl\":\"https:\/\/sport-index.fr\/blog\/wp-content\/uploads\/2026\/06\/persona_axel-l-96x96.jpg\",\"caption\":\"Axel Lauzier\"},\"description\":\"Le sport rythme mon quotidien depuis l'enfance, et j'en ai fait mon m\u00e9tier d'analyste r\u00e9dactionnel il y a une dizaine d'ann\u00e9es. Je couvre principalement le football, son actualit\u00e9, ses transferts et l'analyse tactique des grandes affiches, mais aussi les disciplines plus confidentielles que j'aime remettre en lumi\u00e8re. Une partie de mon travail porte sur les pronostics et la lecture statistique d'un match : forme des \u00e9quipes, historique des confrontations, compositions, sans jamais vendre de fausse certitude. Je rappelle syst\u00e9matiquement que parier comporte un risque et doit rester un loisir ma\u00eetris\u00e9. Avant de signer une analyse, je v\u00e9rifie mes chiffres, je recoupe les compositions probables et je distingue toujours la donn\u00e9e brute de l'intuition. Mon objectif : offrir une lecture honn\u00eate et argument\u00e9e, pas un ticket gagnant garanti.\",\"sameAs\":[\"https:\/\/axellauzier.fr\/\"],\"url\":\"https:\/\/sport-index.fr\/blog\/auteur\/noname\/\"}]}<\/script>\n<!-- \/ Yoast SEO Premium plugin. -->","yoast_head_json":{"title":"Arthur Reti\u00e8re : un nouveau d\u00e9part \u00e0 Bordeaux","description":"Un changement de cap pour l\u2019ailier bordelais Son arriv\u00e9e au club girondin a eu lieu au c\u0153ur de l\u2019\u00e9t\u00e9, un moment d\u00e9licat pour un joueur qui avait des\u2026","robots":{"index":"index","follow":"follow","max-snippet":"max-snippet:-1","max-image-preview":"max-image-preview:large","max-video-preview":"max-video-preview:-1"},"canonical":"https:\/\/sport-index.fr\/blog\/a-la-une\/arthur-retiere-un-nouveau-depart-a-bordeaux-et-des-ambitions-renouvelees\/","og_locale":"fr_FR","og_type":"article","og_title":"Arthur Reti\u00e8re : un nouveau d\u00e9part \u00e0 Bordeaux","og_description":"Un changement de cap pour l\u2019ailier bordelais Son arriv\u00e9e au club girondin a eu lieu au c\u0153ur de l\u2019\u00e9t\u00e9, un moment d\u00e9licat pour un joueur qui avait des\u2026","og_url":"https:\/\/sport-index.fr\/blog\/a-la-une\/arthur-retiere-un-nouveau-depart-a-bordeaux-et-des-ambitions-renouvelees\/","og_site_name":"sport-index","author":"Axel Lauzier","twitter_card":"summary_large_image","schema":{"@context":"https:\/\/schema.org","@graph":[{"@type":"NewsArticle","@id":"https:\/\/sport-index.fr\/blog\/a-la-une\/arthur-retiere-un-nouveau-depart-a-bordeaux-et-des-ambitions-renouvelees\/#article","isPartOf":{"@id":"https:\/\/sport-index.fr\/blog\/a-la-une\/arthur-retiere-un-nouveau-depart-a-bordeaux-et-des-ambitions-renouvelees\/"},"author":{"name":"Axel Lauzier","@id":"https:\/\/sport-index.fr\/blog\/#\/schema\/person\/3c864cdc320801e3db34b663e7e3f816"},"headline":"Arthur Reti\u00e8re : un nouveau d\u00e9part \u00e0 Bordeaux et des ambitions renouvel\u00e9es","datePublished":"2025-02-14T12:47:13+00:00","mainEntityOfPage":{"@id":"https:\/\/sport-index.fr\/blog\/a-la-une\/arthur-retiere-un-nouveau-depart-a-bordeaux-et-des-ambitions-renouvelees\/"},"wordCount":622,"commentCount":28,"publisher":{"@id":"https:\/\/sport-index.fr\/blog\/#organization"},"image":{"@id":"https:\/\/sport-index.fr\/blog\/a-la-une\/arthur-retiere-un-nouveau-depart-a-bordeaux-et-des-ambitions-renouvelees\/#primaryimage"},"thumbnailUrl":"https:\/\/sport-index.fr\/blog\/wp-content\/uploads\/2025\/02\/sdxl-ea5872559c1bb47ec155d40a80bebfbd.png","keywords":["Ambitions collectives","Coh\u00e9sion d'\u00c9quipe","\u00c9quipe","Performance","Rugby"],"articleSection":["\u00c0 la une"],"inLanguage":"fr-FR","potentialAction":[{"@type":"CommentAction","name":"Comment","target":["https:\/\/sport-index.fr\/blog\/a-la-une\/arthur-retiere-un-nouveau-depart-a-bordeaux-et-des-ambitions-renouvelees\/#respond"]}]},{"@type":"WebPage","@id":"https:\/\/sport-index.fr\/blog\/a-la-une\/arthur-retiere-un-nouveau-depart-a-bordeaux-et-des-ambitions-renouvelees\/","url":"https:\/\/sport-index.fr\/blog\/a-la-une\/arthur-retiere-un-nouveau-depart-a-bordeaux-et-des-ambitions-renouvelees\/","name":"Arthur Reti\u00e8re : un nouveau d\u00e9part \u00e0 Bordeaux","isPartOf":{"@id":"https:\/\/sport-index.fr\/blog\/#website"},"primaryImageOfPage":{"@id":"https:\/\/sport-index.fr\/blog\/a-la-une\/arthur-retiere-un-nouveau-depart-a-bordeaux-et-des-ambitions-renouvelees\/#primaryimage"},"image":{"@id":"https:\/\/sport-index.fr\/blog\/a-la-une\/arthur-retiere-un-nouveau-depart-a-bordeaux-et-des-ambitions-renouvelees\/#primaryimage"},"thumbnailUrl":"https:\/\/sport-index.fr\/blog\/wp-content\/uploads\/2025\/02\/sdxl-ea5872559c1bb47ec155d40a80bebfbd.png","datePublished":"2025-02-14T12:47:13+00:00","description":"Un changement de cap pour l\u2019ailier bordelais Son arriv\u00e9e au club girondin a eu lieu au c\u0153ur de l\u2019\u00e9t\u00e9, un moment d\u00e9licat pour un joueur qui avait des\u2026","inLanguage":"fr-FR","potentialAction":[{"@type":"ReadAction","target":["https:\/\/sport-index.fr\/blog\/a-la-une\/arthur-retiere-un-nouveau-depart-a-bordeaux-et-des-ambitions-renouvelees\/"]}]},{"@type":"ImageObject","inLanguage":"fr-FR","@id":"https:\/\/sport-index.fr\/blog\/a-la-une\/arthur-retiere-un-nouveau-depart-a-bordeaux-et-des-ambitions-renouvelees\/#primaryimage","url":"https:\/\/sport-index.fr\/blog\/wp-content\/uploads\/2025\/02\/sdxl-ea5872559c1bb47ec155d40a80bebfbd.png","contentUrl":"https:\/\/sport-index.fr\/blog\/wp-content\/uploads\/2025\/02\/sdxl-ea5872559c1bb47ec155d40a80bebfbd.png","width":1536,"height":640},{"@type":"WebSite","@id":"https:\/\/sport-index.fr\/blog\/#website","url":"https:\/\/sport-index.fr\/blog\/","name":"sport-index.fr","description":"Le score de l\u2019analyse sportive.","publisher":{"@id":"https:\/\/sport-index.fr\/blog\/#organization"},"alternateName":"Le score de l\u2019analyse sportive.","potentialAction":[{"@type":"SearchAction","target":{"@type":"EntryPoint","urlTemplate":"https:\/\/sport-index.fr\/blog\/?s={search_term_string}"},"query-input":{"@type":"PropertyValueSpecification","valueRequired":true,"valueName":"search_term_string"}}],"inLanguage":"fr-FR"},{"@type":"Organization","@id":"https:\/\/sport-index.fr\/blog\/#organization","name":"Foretsensations.fr","url":"https:\/\/sport-index.fr\/blog\/","logo":{"@type":"ImageObject","inLanguage":"fr-FR","@id":"https:\/\/sport-index.fr\/blog\/#\/schema\/logo\/image\/","url":"https:\/\/sport-index.fr\/blog\/wp-content\/uploads\/2026\/07\/logo-auto.png","contentUrl":"https:\/\/sport-index.fr\/blog\/wp-content\/uploads\/2026\/07\/logo-auto.png","width":1024,"height":1024,"caption":"Foretsensations.fr"},"image":{"@id":"https:\/\/sport-index.fr\/blog\/#\/schema\/logo\/image\/"}},{"@type":"Person","@id":"https:\/\/sport-index.fr\/blog\/#\/schema\/person\/3c864cdc320801e3db34b663e7e3f816","name":"Axel Lauzier","image":{"@type":"ImageObject","inLanguage":"fr-FR","@id":"https:\/\/sport-index.fr\/blog\/#\/schema\/person\/image\/","url":"https:\/\/sport-index.fr\/blog\/wp-content\/uploads\/2026\/06\/persona_axel-l-96x96.jpg","contentUrl":"https:\/\/sport-index.fr\/blog\/wp-content\/uploads\/2026\/06\/persona_axel-l-96x96.jpg","caption":"Axel Lauzier"},"description":"Le sport rythme mon quotidien depuis l'enfance, et j'en ai fait mon m\u00e9tier d'analyste r\u00e9dactionnel il y a une dizaine d'ann\u00e9es. Je couvre principalement le football, son actualit\u00e9, ses transferts et l'analyse tactique des grandes affiches, mais aussi les disciplines plus confidentielles que j'aime remettre en lumi\u00e8re. Une partie de mon travail porte sur les pronostics et la lecture statistique d'un match : forme des \u00e9quipes, historique des confrontations, compositions, sans jamais vendre de fausse certitude. Je rappelle syst\u00e9matiquement que parier comporte un risque et doit rester un loisir ma\u00eetris\u00e9. Avant de signer une analyse, je v\u00e9rifie mes chiffres, je recoupe les compositions probables et je distingue toujours la donn\u00e9e brute de l'intuition. Mon objectif : offrir une lecture honn\u00eate et argument\u00e9e, pas un ticket gagnant garanti.","sameAs":["https:\/\/axellauzier.fr\/"],"url":"https:\/\/sport-index.fr\/blog\/auteur\/noname\/"}]}},"_links":{"self":[{"href":"https:\/\/sport-index.fr\/blog\/wp-json\/wp\/v2\/posts\/8299","targetHints":{"allow":["GET"]}}],"collection":[{"href":"https:\/\/sport-index.fr\/blog\/wp-json\/wp\/v2\/posts"}],"about":[{"href":"https:\/\/sport-index.fr\/blog\/wp-json\/wp\/v2\/types\/post"}],"author":[{"embeddable":true,"href":"https:\/\/sport-index.fr\/blog\/wp-json\/wp\/v2\/users\/34"}],"replies":[{"embeddable":true,"href":"https:\/\/sport-index.fr\/blog\/wp-json\/wp\/v2\/comments?post=8299"}],"version-history":[{"count":1,"href":"https:\/\/sport-index.fr\/blog\/wp-json\/wp\/v2\/posts\/8299\/revisions"}],"predecessor-version":[{"id":8501,"href":"https:\/\/sport-index.fr\/blog\/wp-json\/wp\/v2\/posts\/8299\/revisions\/8501"}],"wp:featuredmedia":[{"embeddable":true,"href":"https:\/\/sport-index.fr\/blog\/wp-json\/wp\/v2\/media\/10432"}],"wp:attachment":[{"href":"https:\/\/sport-index.fr\/blog\/wp-json\/wp\/v2\/media?parent=8299"}],"wp:term":[{"taxonomy":"category","embeddable":true,"href":"https:\/\/sport-index.fr\/blog\/wp-json\/wp\/v2\/categories?post=8299"},{"taxonomy":"post_tag","embeddable":true,"href":"https:\/\/sport-index.fr\/blog\/wp-json\/wp\/v2\/tags?post=8299"}],"curies":[{"name":"wp","href":"https:\/\/api.w.org\/{rel}","templated":true}]}}