{"id":8300,"date":"2026-06-16T14:45:30","date_gmt":"2026-06-16T12:45:30","guid":{"rendered":"https:\/\/sport-index.fr\/blog\/?p=8300"},"modified":"2026-06-16T14:45:30","modified_gmt":"2026-06-16T12:45:30","slug":"mikaela-shiffrin-la-vulnerabilite-derriere-la-championne-du-ski-alpin","status":"publish","type":"post","link":"https:\/\/sport-index.fr\/blog\/a-la-une\/mikaela-shiffrin-la-vulnerabilite-derriere-la-championne-du-ski-alpin\/","title":{"rendered":"mikaela shiffrin : la vuln\u00e9rabilit\u00e9 derri\u00e8re la championne du ski alpin"},"content":{"rendered":"<link rel=\"stylesheet\" href=\"https:\/\/fonts.googleapis.com\/css2?family=Fraunces:opsz,wght@9..144,500;9..144,600;9..144,700;9..144,900&#038;family=Inter:wght@400;500;600&#038;family=JetBrains+Mono:wght@500&#038;display=swap\">\n<style>\n.spi-portrait-wrap{font-family:'Inter',-apple-system,BlinkMacSystemFont,sans-serif;color:#1c2733;line-height:1.65;font-size:17px;}\n.spi-portrait-wrap h2{font-family:'Fraunces','Fraunces 144',Georgia,serif;font-weight:700;font-size:clamp(24px,3.2vw,34px);line-height:1.18;letter-spacing:-.01em;color:#10202e;margin:48px 0 14px;}\n.spi-portrait-wrap h3{font-family:'Fraunces','Fraunces 144',Georgia,serif;font-weight:600;font-size:clamp(20px,2.4vw,24px);color:#16344a;margin:28px 0 10px;}\n.spi-portrait-wrap p{margin:0 0 18px;}\n.spi-portrait-kicker{font-family:'JetBrains Mono',monospace;font-size:12.5px;font-weight:500;letter-spacing:.16em;text-transform:uppercase;color:#2f7fb5;margin:0 0 6px;display:block;}\n.spi-portrait-fiche{display:grid;grid-template-columns:repeat(auto-fit,minmax(210px,1fr));gap:14px;margin:26px 0;}\n.spi-portrait-fiche .spi-portrait-cell{background:#f5f9fc;border:1px solid #dbe7f0;border-top:3px solid #2f7fb5;border-radius:10px;padding:18px 20px;transition:.25s ease;}\n.spi-portrait-fiche .spi-portrait-cell:hover{transform:translateY(-3px);box-shadow:0 12px 28px -16px rgba(16,40,60,.32);}\n.spi-portrait-fiche .spi-portrait-lab{font-family:'JetBrains Mono',monospace;font-size:11.5px;letter-spacing:.12em;text-transform:uppercase;color:#5d7488;display:block;margin-bottom:6px;}\n.spi-portrait-fiche .spi-portrait-val{font-family:'Fraunces',Georgia,serif;font-weight:600;font-size:19px;color:#10202e;display:block;line-height:1.3;}\n.spi-portrait-answer{background:#eef6fb;border-left:5px solid #2f7fb5;border-radius:0 10px 10px 0;padding:22px 26px;margin:26px 0;box-shadow:0 1px 2px rgba(16,40,60,.05),0 12px 28px -18px rgba(16,40,60,.2);}\n.spi-portrait-answer .spi-portrait-ahead{font-family:'JetBrains Mono',monospace;font-size:12px;letter-spacing:.16em;text-transform:uppercase;color:#2f7fb5;display:block;margin-bottom:8px;}\n.spi-portrait-answer .spi-portrait-atxt{font-size:18px;color:#15293a;}\n.spi-portrait-quote{margin:38px auto;padding:26px 28px 28px;text-align:center;border-top:1px solid #2f7fb5;border-bottom:1px solid #2f7fb5;max-width:640px;position:relative;}\n.spi-portrait-quote .spi-portrait-qmark{font-family:'Fraunces',Georgia,serif;font-size:60px;line-height:0;color:#2f7fb5;display:block;height:30px;}\n.spi-portrait-quote .spi-portrait-qtxt{font-family:'Fraunces',Georgia,serif;font-style:italic;font-weight:500;font-size:clamp(21px,2.8vw,27px);line-height:1.4;color:#13263a;}\n.spi-portrait-quote .spi-portrait-qby{font-family:'JetBrains Mono',monospace;font-size:12px;letter-spacing:.1em;text-transform:uppercase;color:#5d7488;display:block;margin-top:14px;}\n.spi-portrait-keep{background:#10202e;border-radius:12px;padding:26px 28px;margin:40px 0;color:#dce8f1;}\n.spi-portrait-keep .spi-portrait-keeph{font-family:'Fraunces',Georgia,serif;font-weight:700;font-size:22px;color:#fff;margin-bottom:14px;display:block;}\n.spi-portrait-keep ul{margin:0;padding-left:20px;}\n.spi-portrait-keep li{margin:0 0 9px;line-height:1.55;}\n.spi-portrait-keep li::marker{color:#5fb0e0;}\n.spi-portrait-faq{margin:40px 0;}\n.spi-portrait-faq details{border-bottom:1px solid #dbe7f0;padding:2px 0;}\n.spi-portrait-faq summary{cursor:pointer;list-style:none;font-family:'Fraunces',Georgia,serif;font-weight:600;font-size:19px;color:#10202e;padding:16px 30px 16px 0;position:relative;transition:.2s ease;}\n.spi-portrait-faq summary::-webkit-details-marker{display:none;}\n.spi-portrait-faq summary::after{content:\"+\";position:absolute;right:4px;top:14px;font-family:'JetBrains Mono',monospace;font-size:22px;color:#2f7fb5;transition:.2s ease;}\n.spi-portrait-faq details[open] summary::after{content:\"\u2013\";}\n.spi-portrait-faq summary:hover{color:#2f7fb5;}\n.spi-portrait-faq .spi-portrait-ans{padding:0 0 18px;color:#33485a;}\n\/*RENDERFIX2*\/.spi-portrait-keep{color:#eef3f9!important}.spi-portrait-keep p,.spi-portrait-keep li,.spi-portrait-keep strong,.spi-portrait-keep em,.spi-portrait-keep a,.spi-portrait-keep span,.spi-portrait-keep b,.spi-portrait-keep td,.spi-portrait-keep th,.spi-portrait-keep h2,.spi-portrait-keep h3,.spi-portrait-keep h4{color:#eef3f9!important}.spi-portrait-keep strong,.spi-portrait-keep b{color:#ffffff!important}<\/style>\n<div class=\"spi-portrait-wrap\">\n<p><span class=\"spi-portrait-kicker\">Portrait \u00b7 Ski alpin<\/span>Mikaela Shiffrin, la prodige am\u00e9ricaine du ski, a r\u00e9cemment partag\u00e9 ses sentiments apr\u00e8s un entra\u00eenement de g\u00e9ant, o\u00f9 elle a exprim\u00e9 une vuln\u00e9rabilit\u00e9 inattendue. Ses mots r\u00e9sonnent avec de nombreux amateurs de sport, rappelant que le chemin vers l&rsquo;excellence en <strong>ski alpin<\/strong> n&rsquo;est pas uniquement pav\u00e9 de victoires.<\/p>\n<div class=\"spi-portrait-fiche\">\n<div class=\"spi-portrait-cell\"><span class=\"spi-portrait-lab\">Qui<\/span><span class=\"spi-portrait-val\">Mikaela Shiffrin<\/span><\/div>\n<div class=\"spi-portrait-cell\"><span class=\"spi-portrait-lab\">Discipline<\/span><span class=\"spi-portrait-val\">Ski alpin \u00b7 g\u00e9ant<\/span><\/div>\n<div class=\"spi-portrait-cell\"><span class=\"spi-portrait-lab\">Reconnue pour<\/span><span class=\"spi-portrait-val\">Championne du monde de combin\u00e9 par \u00e9quipes<\/span><\/div>\n<div class=\"spi-portrait-cell\"><span class=\"spi-portrait-lab\">En un mot<\/span><span class=\"spi-portrait-val\">La force derri\u00e8re la vuln\u00e9rabilit\u00e9<\/span><\/div>\n<\/div>\n<div class=\"spi-portrait-answer\">\n  <span class=\"spi-portrait-ahead\">L&rsquo;essentiel<\/span><\/p>\n<div class=\"spi-portrait-atxt\">Au sommet du <strong>ski alpin<\/strong>, Mikaela Shiffrin a os\u00e9 dire qu&rsquo;elle pleurait parfois sans savoir pourquoi \u00e0 la fin d&rsquo;un entra\u00eenement. Loin d&rsquo;\u00eatre un aveu de faiblesse, cette franchise \u00e9claire la pression psychologique qui p\u00e8se sur une championne en pleine r\u00e9habilitation, et la place du soutien dans son retour au plus haut niveau.<\/div>\n<\/div>\n<h2>La pression des attentes<\/h2>\n<p>Au sommet de son sport, Mikaela Shiffrin porte le poids des attentes, tant personnelles que collectives. Elle est non seulement championne, mais aussi un mod\u00e8le pour les jeunes skieurs qui r\u00eavent de suivre ses traces.<\/p>\n<div class=\"spi-portrait-quote\">\n  <span class=\"spi-portrait-qmark\" aria-hidden=\"true\">\u00ab<\/span><br \/>\n  <span class=\"spi-portrait-qtxt\">\u00c0 la fin d&rsquo;un entra\u00eenement de g\u00e9ant, je pleure et je ne sais pas pourquoi.<\/span><br \/>\n  <span class=\"spi-portrait-qby\">\u2014 Mikaela Shiffrin<\/span>\n<\/div>\n<p>Cette pression peut \u00eatre \u00e9crasante. Les athl\u00e8tes de haut niveau sont souvent per\u00e7us comme invincibles, mais ils doivent aussi g\u00e9rer des doutes internes et des peurs. La vuln\u00e9rabilit\u00e9 de Shiffrin rappelle \u00e0 tous que le sport est autant une bataille mentale qu&rsquo;une \u00e9preuve physique.<\/p>\n<h2>Le chemin vers la r\u00e9habilitation<\/h2>\n<p>Apr\u00e8s une chute traumatisante, le retour au sommet est un d\u00e9fi colossal. Shiffrin a travaill\u00e9 dur pour retrouver ses rep\u00e8res, tant sur le plan technique que mental. Chaque s\u00e9ance d&rsquo;entra\u00eenement repr\u00e9sente un pas en avant, mais cela peut aussi raviver des \u00e9motions intenses et parfois d\u00e9routantes.<\/p>\n<p>Ce processus de r\u00e9habilitation demande du temps et beaucoup de soutien. L&rsquo;athl\u00e8te doit trouver un \u00e9quilibre entre la performance et la gestion de ses \u00e9motions. C&rsquo;est une r\u00e9alit\u00e9 que beaucoup de skieurs de haut niveau doivent affronter, illustrant ainsi que la route vers le succ\u00e8s est souvent sem\u00e9e d&#8217;emb\u00fbches.<\/p>\n<h2>Un soutien essentiel<\/h2>\n<p>La communaut\u00e9 du <strong>ski alpin<\/strong>, y compris les entra\u00eeneurs et les co\u00e9quipiers, joue un r\u00f4le crucial dans le soutien aux athl\u00e8tes. Les \u00e9changes entre comp\u00e9titeurs sont souvent une source de motivation et d&rsquo;encouragement. Shiffrin souligne l&rsquo;importance de partager ses luttes, car cela peut aider \u00e0 briser le tabou autour des \u00e9motions dans le sport.<\/p>\n<p>Les fans et les m\u00e9dias doivent \u00e9galement comprendre que derri\u00e8re chaque performance, il y a des histoires de r\u00e9silience et de d\u00e9termination. Les athl\u00e8tes doivent sentir qu&rsquo;ils peuvent exprimer leurs faiblesses sans jugement. Cela pourrait transformer la culture sportive et favoriser un environnement plus sain pour tous.<\/p>\n<div class=\"spi-portrait-keep\">\n  <span class=\"spi-portrait-keeph\">\u00c0 retenir<\/span><\/p>\n<ul>\n<li>Mikaela Shiffrin, championne du monde de combin\u00e9 par \u00e9quipes.<\/li>\n<li>Un retour au haut niveau apr\u00e8s une chute traumatisante.<\/li>\n<li>L&rsquo;importance du soutien communautaire dans le sport.<\/li>\n<li>Les d\u00e9fis \u00e9motionnels propres aux athl\u00e8tes de haut niveau.<\/li>\n<li>Vuln\u00e9rabilit\u00e9 et force ne s&rsquo;opposent pas dans la comp\u00e9tition.<\/li>\n<\/ul>\n<\/div>\n<p>Les propos de Mikaela Shiffrin sont un appel \u00e0 la compr\u00e9hension et \u00e0 l&#8217;empathie envers tous les athl\u00e8tes. Ces moments de faiblesse, loin d&rsquo;\u00eatre des signes de d\u00e9faite, illustrent la force int\u00e9rieure n\u00e9cessaire pour surmonter les d\u00e9fis. En tant que passionn\u00e9s de sport, nous pouvons apprendre de ces exp\u00e9riences et soutenir nos athl\u00e8tes dans leur qu\u00eate de performance et d&rsquo;\u00e9quilibre \u00e9motionnel.<\/p>\n<section class=\"spi-portrait-faq\">\n<h2>Questions fr\u00e9quentes<\/h2>\n<details>\n<summary>Qui est Mikaela Shiffrin ?<\/summary>\n<div class=\"spi-portrait-ans\">C&rsquo;est une skieuse am\u00e9ricaine, prodige du ski alpin et championne du monde de combin\u00e9 par \u00e9quipes, consid\u00e9r\u00e9e comme un mod\u00e8le pour de nombreux jeunes skieurs.<\/div>\n<\/details>\n<details>\n<summary>Pourquoi Mikaela Shiffrin parle-t-elle de vuln\u00e9rabilit\u00e9 ?<\/summary>\n<div class=\"spi-portrait-ans\">Apr\u00e8s un entra\u00eenement de g\u00e9ant, elle a confi\u00e9 pleurer sans toujours savoir pourquoi. Cette franchise met en lumi\u00e8re la pression psychologique de la comp\u00e9tition de haut niveau et le poids des attentes qui p\u00e8sent sur une championne.<\/div>\n<\/details>\n<details>\n<summary>Qu&rsquo;est-ce que sa r\u00e9habilitation apr\u00e8s une chute change pour elle ?<\/summary>\n<div class=\"spi-portrait-ans\">Apr\u00e8s une chute traumatisante, son retour exige un travail technique et mental, s\u00e9ance apr\u00e8s s\u00e9ance. Chaque entra\u00eenement la rapproche du sommet, mais peut aussi raviver des \u00e9motions intenses, ce qui rend le soutien des entra\u00eeneurs et des co\u00e9quipiers essentiel.<\/div>\n<\/details>\n<\/section>\n<\/div>\n","protected":false},"excerpt":{"rendered":"","protected":false},"author":34,"featured_media":10469,"comment_status":"open","ping_status":"open","sticky":false,"template":"","format":"standard","meta":{"_acf_changed":false,"manual_indexmenow":false,"indexmenow_id_project":0,"footnotes":""},"categories":[1],"tags":[4846,4615,4632,4408,4591],"class_list":["post-8300","post","type-post","status-publish","format-standard","has-post-thumbnail","hentry","category-a-la-une","tag-bien-etre-mental","tag-communaute-engagee","tag-performance-sportive","tag-resilience","tag-ski-alpin","generate-columns","tablet-grid-50","mobile-grid-100","grid-parent","grid-25"],"acf":[],"yoast_head":"<!-- This site is optimized with the Yoast SEO Premium plugin v21.3 (Yoast SEO v26.5) - https:\/\/yoast.com\/wordpress\/plugins\/seo\/ -->\n<title>mikaela shiffrin : la vuln\u00e9rabilit\u00e9 derri\u00e8re la championne<\/title>\n<meta name=\"description\" content=\"Portrait \u00b7 Ski alpin Mikaela Shiffrin, la prodige am\u00e9ricaine du ski, a r\u00e9cemment partag\u00e9 ses sentiments apr\u00e8s un entra\u00eenement de g\u00e9ant, o\u00f9 elle a exprim\u00e9\u2026\" \/>\n<meta name=\"robots\" content=\"index, follow, max-snippet:-1, max-image-preview:large, max-video-preview:-1\" \/>\n<link rel=\"canonical\" href=\"https:\/\/sport-index.fr\/blog\/a-la-une\/mikaela-shiffrin-la-vulnerabilite-derriere-la-championne-du-ski-alpin\/\" \/>\n<meta property=\"og:locale\" content=\"fr_FR\" \/>\n<meta property=\"og:type\" content=\"article\" \/>\n<meta property=\"og:title\" content=\"mikaela shiffrin : la vuln\u00e9rabilit\u00e9 derri\u00e8re la championne\" \/>\n<meta property=\"og:description\" content=\"Portrait \u00b7 Ski alpin Mikaela Shiffrin, la prodige am\u00e9ricaine du ski, a r\u00e9cemment partag\u00e9 ses sentiments apr\u00e8s un entra\u00eenement de g\u00e9ant, o\u00f9 elle a exprim\u00e9\u2026\" \/>\n<meta property=\"og:url\" content=\"https:\/\/sport-index.fr\/blog\/a-la-une\/mikaela-shiffrin-la-vulnerabilite-derriere-la-championne-du-ski-alpin\/\" \/>\n<meta property=\"og:site_name\" content=\"sport-index\" \/>\n<meta name=\"author\" content=\"Axel Lauzier\" \/>\n<meta name=\"twitter:card\" content=\"summary_large_image\" \/>\n<script type=\"application\/ld+json\" class=\"yoast-schema-graph\">{\"@context\":\"https:\/\/schema.org\",\"@graph\":[{\"@type\":\"NewsArticle\",\"@id\":\"https:\/\/sport-index.fr\/blog\/a-la-une\/mikaela-shiffrin-la-vulnerabilite-derriere-la-championne-du-ski-alpin\/#article\",\"isPartOf\":{\"@id\":\"https:\/\/sport-index.fr\/blog\/a-la-une\/mikaela-shiffrin-la-vulnerabilite-derriere-la-championne-du-ski-alpin\/\"},\"author\":{\"name\":\"Axel Lauzier\",\"@id\":\"https:\/\/sport-index.fr\/blog\/#\/schema\/person\/3c864cdc320801e3db34b663e7e3f816\"},\"headline\":\"mikaela shiffrin : la vuln\u00e9rabilit\u00e9 derri\u00e8re la championne du ski alpin\",\"datePublished\":\"2026-06-16T12:45:30+00:00\",\"mainEntityOfPage\":{\"@id\":\"https:\/\/sport-index.fr\/blog\/a-la-une\/mikaela-shiffrin-la-vulnerabilite-derriere-la-championne-du-ski-alpin\/\"},\"wordCount\":769,\"commentCount\":20,\"publisher\":{\"@id\":\"https:\/\/sport-index.fr\/blog\/#organization\"},\"image\":{\"@id\":\"https:\/\/sport-index.fr\/blog\/a-la-une\/mikaela-shiffrin-la-vulnerabilite-derriere-la-championne-du-ski-alpin\/#primaryimage\"},\"thumbnailUrl\":\"https:\/\/sport-index.fr\/blog\/wp-content\/uploads\/2025\/02\/sdxl-1c4928b04ceaf60432a3a01edb59c0c2.png\",\"keywords\":[\"Bien-\u00eatre Mental\",\"Communaut\u00e9 engag\u00e9e\",\"Performance sportive\",\"R\u00e9silience\",\"Ski Alpin\"],\"articleSection\":[\"\u00c0 la une\"],\"inLanguage\":\"fr-FR\",\"potentialAction\":[{\"@type\":\"CommentAction\",\"name\":\"Comment\",\"target\":[\"https:\/\/sport-index.fr\/blog\/a-la-une\/mikaela-shiffrin-la-vulnerabilite-derriere-la-championne-du-ski-alpin\/#respond\"]}]},{\"@type\":\"WebPage\",\"@id\":\"https:\/\/sport-index.fr\/blog\/a-la-une\/mikaela-shiffrin-la-vulnerabilite-derriere-la-championne-du-ski-alpin\/\",\"url\":\"https:\/\/sport-index.fr\/blog\/a-la-une\/mikaela-shiffrin-la-vulnerabilite-derriere-la-championne-du-ski-alpin\/\",\"name\":\"mikaela shiffrin : la vuln\u00e9rabilit\u00e9 derri\u00e8re la championne\",\"isPartOf\":{\"@id\":\"https:\/\/sport-index.fr\/blog\/#website\"},\"primaryImageOfPage\":{\"@id\":\"https:\/\/sport-index.fr\/blog\/a-la-une\/mikaela-shiffrin-la-vulnerabilite-derriere-la-championne-du-ski-alpin\/#primaryimage\"},\"image\":{\"@id\":\"https:\/\/sport-index.fr\/blog\/a-la-une\/mikaela-shiffrin-la-vulnerabilite-derriere-la-championne-du-ski-alpin\/#primaryimage\"},\"thumbnailUrl\":\"https:\/\/sport-index.fr\/blog\/wp-content\/uploads\/2025\/02\/sdxl-1c4928b04ceaf60432a3a01edb59c0c2.png\",\"datePublished\":\"2026-06-16T12:45:30+00:00\",\"description\":\"Portrait \u00b7 Ski alpin Mikaela Shiffrin, la prodige am\u00e9ricaine du ski, a r\u00e9cemment partag\u00e9 ses sentiments apr\u00e8s un entra\u00eenement de g\u00e9ant, o\u00f9 elle a exprim\u00e9\u2026\",\"inLanguage\":\"fr-FR\",\"potentialAction\":[{\"@type\":\"ReadAction\",\"target\":[\"https:\/\/sport-index.fr\/blog\/a-la-une\/mikaela-shiffrin-la-vulnerabilite-derriere-la-championne-du-ski-alpin\/\"]}]},{\"@type\":\"ImageObject\",\"inLanguage\":\"fr-FR\",\"@id\":\"https:\/\/sport-index.fr\/blog\/a-la-une\/mikaela-shiffrin-la-vulnerabilite-derriere-la-championne-du-ski-alpin\/#primaryimage\",\"url\":\"https:\/\/sport-index.fr\/blog\/wp-content\/uploads\/2025\/02\/sdxl-1c4928b04ceaf60432a3a01edb59c0c2.png\",\"contentUrl\":\"https:\/\/sport-index.fr\/blog\/wp-content\/uploads\/2025\/02\/sdxl-1c4928b04ceaf60432a3a01edb59c0c2.png\",\"width\":1536,\"height\":640},{\"@type\":\"WebSite\",\"@id\":\"https:\/\/sport-index.fr\/blog\/#website\",\"url\":\"https:\/\/sport-index.fr\/blog\/\",\"name\":\"sport-index.fr\",\"description\":\"Le score de l\u2019analyse sportive.\",\"publisher\":{\"@id\":\"https:\/\/sport-index.fr\/blog\/#organization\"},\"alternateName\":\"Le score de l\u2019analyse sportive.\",\"potentialAction\":[{\"@type\":\"SearchAction\",\"target\":{\"@type\":\"EntryPoint\",\"urlTemplate\":\"https:\/\/sport-index.fr\/blog\/?s={search_term_string}\"},\"query-input\":{\"@type\":\"PropertyValueSpecification\",\"valueRequired\":true,\"valueName\":\"search_term_string\"}}],\"inLanguage\":\"fr-FR\"},{\"@type\":\"Organization\",\"@id\":\"https:\/\/sport-index.fr\/blog\/#organization\",\"name\":\"Foretsensations.fr\",\"url\":\"https:\/\/sport-index.fr\/blog\/\",\"logo\":{\"@type\":\"ImageObject\",\"inLanguage\":\"fr-FR\",\"@id\":\"https:\/\/sport-index.fr\/blog\/#\/schema\/logo\/image\/\",\"url\":\"https:\/\/sport-index.fr\/blog\/wp-content\/uploads\/2026\/07\/logo-auto.png\",\"contentUrl\":\"https:\/\/sport-index.fr\/blog\/wp-content\/uploads\/2026\/07\/logo-auto.png\",\"width\":1024,\"height\":1024,\"caption\":\"Foretsensations.fr\"},\"image\":{\"@id\":\"https:\/\/sport-index.fr\/blog\/#\/schema\/logo\/image\/\"}},{\"@type\":\"Person\",\"@id\":\"https:\/\/sport-index.fr\/blog\/#\/schema\/person\/3c864cdc320801e3db34b663e7e3f816\",\"name\":\"Axel Lauzier\",\"image\":{\"@type\":\"ImageObject\",\"inLanguage\":\"fr-FR\",\"@id\":\"https:\/\/sport-index.fr\/blog\/#\/schema\/person\/image\/\",\"url\":\"https:\/\/sport-index.fr\/blog\/wp-content\/uploads\/2026\/06\/persona_axel-l-96x96.jpg\",\"contentUrl\":\"https:\/\/sport-index.fr\/blog\/wp-content\/uploads\/2026\/06\/persona_axel-l-96x96.jpg\",\"caption\":\"Axel Lauzier\"},\"description\":\"Le sport rythme mon quotidien depuis l'enfance, et j'en ai fait mon m\u00e9tier d'analyste r\u00e9dactionnel il y a une dizaine d'ann\u00e9es. Je couvre principalement le football, son actualit\u00e9, ses transferts et l'analyse tactique des grandes affiches, mais aussi les disciplines plus confidentielles que j'aime remettre en lumi\u00e8re. Une partie de mon travail porte sur les pronostics et la lecture statistique d'un match : forme des \u00e9quipes, historique des confrontations, compositions, sans jamais vendre de fausse certitude. Je rappelle syst\u00e9matiquement que parier comporte un risque et doit rester un loisir ma\u00eetris\u00e9. Avant de signer une analyse, je v\u00e9rifie mes chiffres, je recoupe les compositions probables et je distingue toujours la donn\u00e9e brute de l'intuition. Mon objectif : offrir une lecture honn\u00eate et argument\u00e9e, pas un ticket gagnant garanti.\",\"sameAs\":[\"https:\/\/axellauzier.fr\/\"],\"url\":\"https:\/\/sport-index.fr\/blog\/auteur\/noname\/\"}]}<\/script>\n<!-- \/ Yoast SEO Premium plugin. -->","yoast_head_json":{"title":"mikaela shiffrin : la vuln\u00e9rabilit\u00e9 derri\u00e8re la championne","description":"Portrait \u00b7 Ski alpin Mikaela Shiffrin, la prodige am\u00e9ricaine du ski, a r\u00e9cemment partag\u00e9 ses sentiments apr\u00e8s un entra\u00eenement de g\u00e9ant, o\u00f9 elle a exprim\u00e9\u2026","robots":{"index":"index","follow":"follow","max-snippet":"max-snippet:-1","max-image-preview":"max-image-preview:large","max-video-preview":"max-video-preview:-1"},"canonical":"https:\/\/sport-index.fr\/blog\/a-la-une\/mikaela-shiffrin-la-vulnerabilite-derriere-la-championne-du-ski-alpin\/","og_locale":"fr_FR","og_type":"article","og_title":"mikaela shiffrin : la vuln\u00e9rabilit\u00e9 derri\u00e8re la championne","og_description":"Portrait \u00b7 Ski alpin Mikaela Shiffrin, la prodige am\u00e9ricaine du ski, a r\u00e9cemment partag\u00e9 ses sentiments apr\u00e8s un entra\u00eenement de g\u00e9ant, o\u00f9 elle a exprim\u00e9\u2026","og_url":"https:\/\/sport-index.fr\/blog\/a-la-une\/mikaela-shiffrin-la-vulnerabilite-derriere-la-championne-du-ski-alpin\/","og_site_name":"sport-index","author":"Axel Lauzier","twitter_card":"summary_large_image","schema":{"@context":"https:\/\/schema.org","@graph":[{"@type":"NewsArticle","@id":"https:\/\/sport-index.fr\/blog\/a-la-une\/mikaela-shiffrin-la-vulnerabilite-derriere-la-championne-du-ski-alpin\/#article","isPartOf":{"@id":"https:\/\/sport-index.fr\/blog\/a-la-une\/mikaela-shiffrin-la-vulnerabilite-derriere-la-championne-du-ski-alpin\/"},"author":{"name":"Axel Lauzier","@id":"https:\/\/sport-index.fr\/blog\/#\/schema\/person\/3c864cdc320801e3db34b663e7e3f816"},"headline":"mikaela shiffrin : la vuln\u00e9rabilit\u00e9 derri\u00e8re la championne du ski alpin","datePublished":"2026-06-16T12:45:30+00:00","mainEntityOfPage":{"@id":"https:\/\/sport-index.fr\/blog\/a-la-une\/mikaela-shiffrin-la-vulnerabilite-derriere-la-championne-du-ski-alpin\/"},"wordCount":769,"commentCount":20,"publisher":{"@id":"https:\/\/sport-index.fr\/blog\/#organization"},"image":{"@id":"https:\/\/sport-index.fr\/blog\/a-la-une\/mikaela-shiffrin-la-vulnerabilite-derriere-la-championne-du-ski-alpin\/#primaryimage"},"thumbnailUrl":"https:\/\/sport-index.fr\/blog\/wp-content\/uploads\/2025\/02\/sdxl-1c4928b04ceaf60432a3a01edb59c0c2.png","keywords":["Bien-\u00eatre Mental","Communaut\u00e9 engag\u00e9e","Performance sportive","R\u00e9silience","Ski Alpin"],"articleSection":["\u00c0 la une"],"inLanguage":"fr-FR","potentialAction":[{"@type":"CommentAction","name":"Comment","target":["https:\/\/sport-index.fr\/blog\/a-la-une\/mikaela-shiffrin-la-vulnerabilite-derriere-la-championne-du-ski-alpin\/#respond"]}]},{"@type":"WebPage","@id":"https:\/\/sport-index.fr\/blog\/a-la-une\/mikaela-shiffrin-la-vulnerabilite-derriere-la-championne-du-ski-alpin\/","url":"https:\/\/sport-index.fr\/blog\/a-la-une\/mikaela-shiffrin-la-vulnerabilite-derriere-la-championne-du-ski-alpin\/","name":"mikaela shiffrin : la vuln\u00e9rabilit\u00e9 derri\u00e8re la championne","isPartOf":{"@id":"https:\/\/sport-index.fr\/blog\/#website"},"primaryImageOfPage":{"@id":"https:\/\/sport-index.fr\/blog\/a-la-une\/mikaela-shiffrin-la-vulnerabilite-derriere-la-championne-du-ski-alpin\/#primaryimage"},"image":{"@id":"https:\/\/sport-index.fr\/blog\/a-la-une\/mikaela-shiffrin-la-vulnerabilite-derriere-la-championne-du-ski-alpin\/#primaryimage"},"thumbnailUrl":"https:\/\/sport-index.fr\/blog\/wp-content\/uploads\/2025\/02\/sdxl-1c4928b04ceaf60432a3a01edb59c0c2.png","datePublished":"2026-06-16T12:45:30+00:00","description":"Portrait \u00b7 Ski alpin Mikaela Shiffrin, la prodige am\u00e9ricaine du ski, a r\u00e9cemment partag\u00e9 ses sentiments apr\u00e8s un entra\u00eenement de g\u00e9ant, o\u00f9 elle a exprim\u00e9\u2026","inLanguage":"fr-FR","potentialAction":[{"@type":"ReadAction","target":["https:\/\/sport-index.fr\/blog\/a-la-une\/mikaela-shiffrin-la-vulnerabilite-derriere-la-championne-du-ski-alpin\/"]}]},{"@type":"ImageObject","inLanguage":"fr-FR","@id":"https:\/\/sport-index.fr\/blog\/a-la-une\/mikaela-shiffrin-la-vulnerabilite-derriere-la-championne-du-ski-alpin\/#primaryimage","url":"https:\/\/sport-index.fr\/blog\/wp-content\/uploads\/2025\/02\/sdxl-1c4928b04ceaf60432a3a01edb59c0c2.png","contentUrl":"https:\/\/sport-index.fr\/blog\/wp-content\/uploads\/2025\/02\/sdxl-1c4928b04ceaf60432a3a01edb59c0c2.png","width":1536,"height":640},{"@type":"WebSite","@id":"https:\/\/sport-index.fr\/blog\/#website","url":"https:\/\/sport-index.fr\/blog\/","name":"sport-index.fr","description":"Le score de l\u2019analyse sportive.","publisher":{"@id":"https:\/\/sport-index.fr\/blog\/#organization"},"alternateName":"Le score de l\u2019analyse sportive.","potentialAction":[{"@type":"SearchAction","target":{"@type":"EntryPoint","urlTemplate":"https:\/\/sport-index.fr\/blog\/?s={search_term_string}"},"query-input":{"@type":"PropertyValueSpecification","valueRequired":true,"valueName":"search_term_string"}}],"inLanguage":"fr-FR"},{"@type":"Organization","@id":"https:\/\/sport-index.fr\/blog\/#organization","name":"Foretsensations.fr","url":"https:\/\/sport-index.fr\/blog\/","logo":{"@type":"ImageObject","inLanguage":"fr-FR","@id":"https:\/\/sport-index.fr\/blog\/#\/schema\/logo\/image\/","url":"https:\/\/sport-index.fr\/blog\/wp-content\/uploads\/2026\/07\/logo-auto.png","contentUrl":"https:\/\/sport-index.fr\/blog\/wp-content\/uploads\/2026\/07\/logo-auto.png","width":1024,"height":1024,"caption":"Foretsensations.fr"},"image":{"@id":"https:\/\/sport-index.fr\/blog\/#\/schema\/logo\/image\/"}},{"@type":"Person","@id":"https:\/\/sport-index.fr\/blog\/#\/schema\/person\/3c864cdc320801e3db34b663e7e3f816","name":"Axel Lauzier","image":{"@type":"ImageObject","inLanguage":"fr-FR","@id":"https:\/\/sport-index.fr\/blog\/#\/schema\/person\/image\/","url":"https:\/\/sport-index.fr\/blog\/wp-content\/uploads\/2026\/06\/persona_axel-l-96x96.jpg","contentUrl":"https:\/\/sport-index.fr\/blog\/wp-content\/uploads\/2026\/06\/persona_axel-l-96x96.jpg","caption":"Axel Lauzier"},"description":"Le sport rythme mon quotidien depuis l'enfance, et j'en ai fait mon m\u00e9tier d'analyste r\u00e9dactionnel il y a une dizaine d'ann\u00e9es. Je couvre principalement le football, son actualit\u00e9, ses transferts et l'analyse tactique des grandes affiches, mais aussi les disciplines plus confidentielles que j'aime remettre en lumi\u00e8re. Une partie de mon travail porte sur les pronostics et la lecture statistique d'un match : forme des \u00e9quipes, historique des confrontations, compositions, sans jamais vendre de fausse certitude. Je rappelle syst\u00e9matiquement que parier comporte un risque et doit rester un loisir ma\u00eetris\u00e9. Avant de signer une analyse, je v\u00e9rifie mes chiffres, je recoupe les compositions probables et je distingue toujours la donn\u00e9e brute de l'intuition. Mon objectif : offrir une lecture honn\u00eate et argument\u00e9e, pas un ticket gagnant garanti.","sameAs":["https:\/\/axellauzier.fr\/"],"url":"https:\/\/sport-index.fr\/blog\/auteur\/noname\/"}]}},"_links":{"self":[{"href":"https:\/\/sport-index.fr\/blog\/wp-json\/wp\/v2\/posts\/8300","targetHints":{"allow":["GET"]}}],"collection":[{"href":"https:\/\/sport-index.fr\/blog\/wp-json\/wp\/v2\/posts"}],"about":[{"href":"https:\/\/sport-index.fr\/blog\/wp-json\/wp\/v2\/types\/post"}],"author":[{"embeddable":true,"href":"https:\/\/sport-index.fr\/blog\/wp-json\/wp\/v2\/users\/34"}],"replies":[{"embeddable":true,"href":"https:\/\/sport-index.fr\/blog\/wp-json\/wp\/v2\/comments?post=8300"}],"version-history":[{"count":3,"href":"https:\/\/sport-index.fr\/blog\/wp-json\/wp\/v2\/posts\/8300\/revisions"}],"predecessor-version":[{"id":18185,"href":"https:\/\/sport-index.fr\/blog\/wp-json\/wp\/v2\/posts\/8300\/revisions\/18185"}],"wp:featuredmedia":[{"embeddable":true,"href":"https:\/\/sport-index.fr\/blog\/wp-json\/wp\/v2\/media\/10469"}],"wp:attachment":[{"href":"https:\/\/sport-index.fr\/blog\/wp-json\/wp\/v2\/media?parent=8300"}],"wp:term":[{"taxonomy":"category","embeddable":true,"href":"https:\/\/sport-index.fr\/blog\/wp-json\/wp\/v2\/categories?post=8300"},{"taxonomy":"post_tag","embeddable":true,"href":"https:\/\/sport-index.fr\/blog\/wp-json\/wp\/v2\/tags?post=8300"}],"curies":[{"name":"wp","href":"https:\/\/api.w.org\/{rel}","templated":true}]}}