{"id":8308,"date":"2026-09-01T17:42:14","date_gmt":"2026-09-01T15:42:14","guid":{"rendered":"https:\/\/sport-index.fr\/blog\/?p=8308"},"modified":"2026-09-01T17:43:06","modified_gmt":"2026-09-01T15:43:06","slug":"le-bayern-munich-prend-un-bon-depart-milan-doit-se-ressaisir-apres-sa-defaite","status":"publish","type":"post","link":"https:\/\/sport-index.fr\/blog\/a-la-une\/le-bayern-munich-prend-un-bon-depart-milan-doit-se-ressaisir-apres-sa-defaite\/","title":{"rendered":"Barrages de C1 2025 : le Bayern gagne \u00e0 Glasgow, l&rsquo;AC Milan chute \u00e0 Rotterdam"},"content":{"rendered":"<link rel=\"stylesheet\" href=\"https:\/\/fonts.googleapis.com\/css2?family=Newsreader:ital,opsz,wght@0,6..72,500;0,6..72,700;1,6..72,500&#038;family=Inter:wght@400;500;600&#038;family=JetBrains+Mono:wght@500&#038;display=swap\">\n<style>\n.spi-actu-wrap{--spi-ac:#B3122B;--spi-ink:#141A22;--spi-mut:#5A6472;--spi-line:#E3E7ED;--spi-soft:#FBF6F7;font-family:\"Inter\",system-ui,sans-serif;color:var(--spi-ink);line-height:1.65;font-size:17px}\n.spi-actu-wrap h2{font-family:\"Newsreader\",Georgia,serif;font-weight:700;font-size:clamp(24px,3.2vw,33px);letter-spacing:-.015em;line-height:1.2;margin:48px 0 16px;color:var(--spi-ink)}\n.spi-actu-wrap h3{font-family:\"Newsreader\",Georgia,serif;font-weight:700;font-size:clamp(19px,2.2vw,22px);margin:26px 0 10px}\n.spi-actu-dateline{font-family:\"JetBrains Mono\",ui-monospace,monospace;font-size:12.5px;letter-spacing:.04em;text-transform:uppercase;color:var(--spi-mut);border-top:3px solid var(--spi-ac);padding-top:10px;margin-bottom:22px}\n.spi-actu-dateline b{color:var(--spi-ac);font-weight:500}\n.spi-actu-key{background:var(--spi-soft);border-left:5px solid var(--spi-ac);border-radius:0 12px 12px 0;padding:24px 26px;margin:28px 0;box-shadow:0 1px 2px rgba(16,24,40,.05),0 12px 28px -16px rgba(16,24,40,.18)}\n.spi-actu-key .spi-actu-kick{font-family:\"JetBrains Mono\",monospace;font-size:11.5px;letter-spacing:.09em;text-transform:uppercase;color:var(--spi-ac);margin-bottom:12px}\n.spi-actu-key ul{margin:0;padding-left:20px}\n.spi-actu-key li{margin:8px 0}\n.spi-actu-grid{display:grid;grid-template-columns:repeat(auto-fit,minmax(280px,1fr));gap:22px;margin:30px 0}\n.spi-actu-card{border:1px solid var(--spi-line);border-top:3px solid var(--spi-ac);border-radius:12px;padding:24px;background:#fff;transition:.25s ease}\n.spi-actu-card:hover{transform:translateY(-3px);box-shadow:0 1px 2px rgba(16,24,40,.05),0 14px 30px -16px rgba(16,24,40,.22)}\n.spi-actu-card .spi-actu-kick{font-family:\"JetBrains Mono\",monospace;font-size:11px;letter-spacing:.08em;text-transform:uppercase;color:var(--spi-mut);margin-bottom:8px}\n.spi-actu-score{font-family:\"Newsreader\",Georgia,serif;font-weight:700;font-size:29px;letter-spacing:-.02em;margin:2px 0 10px}\n.spi-actu-txt{font-size:15.5px;color:var(--spi-mut);line-height:1.6}\n.spi-actu-txt b{color:var(--spi-ink);font-weight:600}\n.spi-actu-tblwrap{overflow-x:auto;border:1px solid var(--spi-line);border-radius:12px;margin:28px 0}\n.spi-actu-wrap table{border-collapse:collapse;width:100%;font-size:15.5px;min-width:520px}\n.spi-actu-wrap thead th{background:var(--spi-soft);text-align:left;padding:13px 16px;font-family:\"JetBrains Mono\",monospace;font-size:11.5px;letter-spacing:.07em;text-transform:uppercase;color:var(--spi-ac);border-bottom:1px solid var(--spi-line)}\n.spi-actu-wrap tbody td{padding:13px 16px;border-bottom:1px solid var(--spi-line);vertical-align:top}\n.spi-actu-wrap tbody tr:last-child td{border-bottom:0}\n.spi-actu-wrap tbody tr:nth-child(even){background:#FCFCFD}\n.spi-actu-note{border:1px dashed var(--spi-ac);border-radius:12px;padding:20px 22px;margin:30px 0;background:var(--spi-soft)}\n.spi-actu-note .spi-actu-kick{font-family:\"JetBrains Mono\",monospace;font-size:11.5px;letter-spacing:.09em;text-transform:uppercase;color:var(--spi-ac);margin-bottom:9px}\n.spi-actu-wrap details{border:1px solid var(--spi-line);border-radius:10px;padding:14px 18px;margin:12px 0;transition:.25s ease}\n.spi-actu-wrap details:hover{border-color:var(--spi-ac)}\n.spi-actu-wrap summary{cursor:pointer;font-weight:600;font-size:16.5px;list-style:none}\n.spi-actu-wrap summary::-webkit-details-marker{display:none}\n.spi-actu-wrap summary::before{content:\"\u2192\";color:var(--spi-ac);font-weight:700;margin-right:10px;display:inline-block;transition:transform .2s ease}\n.spi-actu-wrap details[open] summary::before{transform:rotate(90deg)}\n.spi-actu-wrap details .spi-actu-txt{margin-top:10px}\n@media(max-width:640px){.spi-actu-wrap{font-size:16.5px}}\n<\/style>\n<div class=\"spi-actu-wrap\">\n<div class=\"spi-actu-dateline\">Publi\u00e9 le 13 f\u00e9vrier 2025 \u00b7 <b>Faits rev\u00e9rifi\u00e9s et compl\u00e9t\u00e9s le 1<sup>er<\/sup> septembre 2026<\/b><\/div>\n<div class=\"spi-actu-key\">\n<div class=\"spi-actu-kick\">L&rsquo;essentiel<\/div>\n<ul>\n<li><b>Quoi \u00b7<\/b> Deux barrages aller de Ligue des champions 2024-2025 : le Bayern Munich gagne 2-1 au Celtic Park, l&rsquo;AC Milan perd 1-0 \u00e0 Rotterdam contre le Feyenoord.<\/li>\n<li><b>Quand \u00b7<\/b> Le mercredi 12 f\u00e9vrier 2025 \u2014 les deux rencontres le m\u00eame soir.<\/li>\n<li><b>Ce qu&rsquo;on sait aujourd&rsquo;hui \u00b7<\/b> Les retours ont \u00e9t\u00e9 jou\u00e9s le 18 f\u00e9vrier. Le Bayern est pass\u00e9 (3-2 sur les deux matches), <b>l&rsquo;AC Milan a \u00e9t\u00e9 \u00e9limin\u00e9<\/b> par le Feyenoord (2-1 sur les deux matches).<\/li>\n<\/ul>\n<\/div>\n<p>Cet article a \u00e9t\u00e9 \u00e9crit au lendemain des matches aller, alors que les retours n&rsquo;avaient pas encore eu lieu. Il est republi\u00e9 ici <strong>corrig\u00e9 et compl\u00e9t\u00e9<\/strong> : les faits des deux soir\u00e9es de f\u00e9vrier 2025 sont r\u00e9tablis avec leurs buteurs et leurs minutes, et l&rsquo;issue r\u00e9elle de chaque double confrontation est ajout\u00e9e. Pr\u00e9cisons d&#8217;embl\u00e9e l&rsquo;ambigu\u00eft\u00e9 du mot : <strong>\u00ab Milan \u00bb d\u00e9signe ici l&rsquo;AC Milan, le club de football<\/strong> \u2014 ni Jonathan Milan le sprinteur cycliste, ni la ville.<\/p>\n<h2>Un match plein de promesses pour le Bayern<\/h2>\n<p>Au Celtic Park, devant 57 406 spectateurs, le Bayern Munich s&rsquo;est impos\u00e9 2-1 chez le Celtic Glasgow. Michael Olise a ouvert le score \u00e0 la 45<sup>e<\/sup> minute, juste avant la pause, et Harry Kane a doubl\u00e9 la mise d\u00e8s la 49<sup>e<\/sup>, sur une passe d\u00e9cisive de Joshua Kimmich. Le Celtic n&rsquo;a r\u00e9duit l&rsquo;\u00e9cart qu&rsquo;\u00e0 la 79<sup>e<\/sup>, par <strong>Daizen Maeda<\/strong>, servi par Yang Hyun-jun \u2014 un but que la version initiale de cet article passait enti\u00e8rement sous silence.<\/p>\n<p>Ce but de Kane \u00e9tait le septi\u00e8me de sa Ligue des champions 2024-2025 <em>\u00e0 cette date<\/em>. Il n&rsquo;en est pas rest\u00e9 l\u00e0 : l&rsquo;attaquant anglais a termin\u00e9 la campagne europ\u00e9enne avec 11 buts, troisi\u00e8me meilleur buteur de la comp\u00e9tition \u00e0 \u00e9galit\u00e9 avec Robert Lewandowski, derri\u00e8re Serhou Guirassy et Raphinha (13 chacun).<\/p>\n<h2>Une d\u00e9faite qui p\u00e8se lourd pour le Milan AC<\/h2>\n<p>Au Stade Feijenoord de Rotterdam, l&rsquo;AC Milan s&rsquo;est inclin\u00e9 1-0 devant le Feyenoord. Le fait mat\u00e9riel est simple et il manquait \u00e0 la version d&rsquo;origine : <strong>le but est tomb\u00e9 \u00e0 la 3<sup>e<\/sup> minute<\/strong>, inscrit par <strong>Igor Paix\u00e3o<\/strong> sur un service de Gijs Smal. Il n&rsquo;y en a pas eu d&rsquo;autre de la soir\u00e9e. Milan a jou\u00e9 87 minutes \u00e0 courir apr\u00e8s un but encaiss\u00e9 d&rsquo;entr\u00e9e.<\/p>\n<p>Sur cette action, la d\u00e9p\u00eache d&rsquo;Eurosport qui a servi de source \u00e0 cet article jugeait le gardien <strong>Mike Maignan \u00ab fautif \u00bb<\/strong>. C&rsquo;est l&rsquo;appr\u00e9ciation d&rsquo;Eurosport, et elle est rapport\u00e9e ici comme telle : aucune sanction, aucune statistique et aucun communiqu\u00e9 du club ne l&rsquo;\u00e9tablissent comme un fait.<\/p>\n<div class=\"spi-actu-tblwrap\">\n<table>\n<thead>\n<tr>\n<th>Rencontre<\/th>\n<th>Date<\/th>\n<th>Score<\/th>\n<th>Buteurs<\/th>\n<\/tr>\n<\/thead>\n<tbody>\n<tr>\n<td>Celtic \u2013 Bayern Munich <span class=\"spi-actu-txt\">(aller, Celtic Park)<\/span><\/td>\n<td>mer. 12 f\u00e9vr. 2025<\/td>\n<td>1 \u2013 2<\/td>\n<td>Maeda 79<sup>e<\/sup> \u00b7 Olise 45<sup>e<\/sup>, Kane 49<sup>e<\/sup><\/td>\n<\/tr>\n<tr>\n<td>Bayern Munich \u2013 Celtic <span class=\"spi-actu-txt\">(retour, Allianz Arena)<\/span><\/td>\n<td>mar. 18 f\u00e9vr. 2025<\/td>\n<td>1 \u2013 1<\/td>\n<td>Davies 90+4 \u00b7 K\u00fchn 63<sup>e<\/sup><\/td>\n<\/tr>\n<tr>\n<td>Feyenoord \u2013 AC Milan <span class=\"spi-actu-txt\">(aller, Stade Feijenoord)<\/span><\/td>\n<td>mer. 12 f\u00e9vr. 2025<\/td>\n<td>1 \u2013 0<\/td>\n<td>Paix\u00e3o 3<sup>e<\/sup><\/td>\n<\/tr>\n<tr>\n<td>AC Milan \u2013 Feyenoord <span class=\"spi-actu-txt\">(retour, San Siro)<\/span><\/td>\n<td>mar. 18 f\u00e9vr. 2025<\/td>\n<td>1 \u2013 1<\/td>\n<td>Gim\u00e9nez 1<sup>re<\/sup> \u00b7 Carranza 73<sup>e<\/sup><\/td>\n<\/tr>\n<\/tbody>\n<\/table>\n<\/div>\n<p>La vid\u00e9o ci-dessous accompagnait l&rsquo;article d&rsquo;origine. Elle ne porte <strong>pas<\/strong> sur les deux rencontres trait\u00e9es ici : il s&rsquo;agit d&rsquo;une vid\u00e9o de pronostics d&rsquo;avant-match consacr\u00e9e \u00e0 Brest \u2013 Paris SG et \u00e0 Monaco \u2013 Benfica, deux autres barrages des 11 et 12 f\u00e9vrier 2025. Elle est conserv\u00e9e telle quelle, mais son contenu ne documente rien de ce qui pr\u00e9c\u00e8de.<\/p>\n<p><iframe loading=\"lazy\" title=\"Pronostics Foot Champions League Barrages 8\u00e8me de Finale Brest Paris SG Monaco 11 &amp; 12 F\u00e9vrier\" width=\"1200\" height=\"675\" src=\"https:\/\/www.youtube.com\/embed\/JODNeIrO2Ow?feature=oembed\" frameborder=\"0\" allow=\"accelerometer; autoplay; clipboard-write; encrypted-media; gyroscope; picture-in-picture; web-share\" referrerpolicy=\"strict-origin-when-cross-origin\" allowfullscreen><\/iframe><\/p>\n<h2>Ce que les matchs retour ont donn\u00e9<\/h2>\n<p>Les deux retours se sont jou\u00e9s le mardi 18 f\u00e9vrier 2025, et ils n&rsquo;ont pas eu la m\u00eame issue.<\/p>\n<div class=\"spi-actu-grid\">\n<div class=\"spi-actu-card\">\n<div class=\"spi-actu-kick\">Allianz Arena \u00b7 18 f\u00e9vrier 2025<\/div>\n<div class=\"spi-actu-score\">Bayern 1 \u2013 1 Celtic<\/div>\n<div class=\"spi-actu-txt\">Nicolas K\u00fchn a fait passer le Celtic devant \u00e0 la 63<sup>e<\/sup>, sur une passe de Maeda, et les \u00c9cossais ont tenu jusqu&rsquo;au bout du temps additionnel. <b>Alphonso Davies a \u00e9galis\u00e9 \u00e0 la 90+4<\/b> devant 75 000 spectateurs. <b>Le Bayern se qualifie 3-2 sur l&rsquo;ensemble des deux matches<\/b>, \u00e0 quatre minutes de la prolongation.<\/div>\n<\/div>\n<div class=\"spi-actu-card\">\n<div class=\"spi-actu-kick\">San Siro \u00b7 18 f\u00e9vrier 2025<\/div>\n<div class=\"spi-actu-score\">AC Milan 1 \u2013 1 Feyenoord<\/div>\n<div class=\"spi-actu-txt\">Santiago Gim\u00e9nez a marqu\u00e9 d\u00e8s la 1<sup>re<\/sup> minute. Mais <b>Th\u00e9o Hernandez a \u00e9t\u00e9 expuls\u00e9<\/b> (deux avertissements, 44<sup>e<\/sup> et 51<sup>e<\/sup>) et Milan a fini \u00e0 dix ; Juli\u00e1n Carranza a \u00e9galis\u00e9 \u00e0 la 73<sup>e<\/sup>. <b>Le Feyenoord passe 2-1 sur les deux matches : l&rsquo;AC Milan est \u00e9limin\u00e9.<\/b><\/div>\n<\/div>\n<\/div>\n<p>La suite a \u00e9t\u00e9 moins cl\u00e9mente pour les deux qualifi\u00e9s du soir. Le Feyenoord a chut\u00e9 d\u00e8s les huiti\u00e8mes contre l&rsquo;Inter Milan (0-2 puis 1-2, 1-4 au cumul). Le Bayern a \u00e9cart\u00e9 le Bayer Leverkusen en huiti\u00e8mes (3-0 puis 2-0) avant de tomber en quarts, lui aussi face \u00e0 l&rsquo;Inter, sur le fil (1-2 puis 2-2, 3-4 au cumul). La finale s&rsquo;est jou\u00e9e le 31 mai 2025 \u00e0 l&rsquo;Allianz Arena de Munich \u2014 le stade m\u00eame o\u00f9 le Bayern avait \u00e9limin\u00e9 le Celtic trois mois plus t\u00f4t : le Paris Saint-Germain y a battu l&rsquo;Inter 5-0 et remport\u00e9 sa premi\u00e8re Ligue des champions, le plus large \u00e9cart jamais enregistr\u00e9 dans une finale de la comp\u00e9tition.<\/p>\n<h2>\u00c0 retenir<\/h2>\n<div class=\"spi-actu-key\">\n<div class=\"spi-actu-kick\">Le bilan des deux doubles confrontations<\/div>\n<ul>\n<li>Le Bayern Munich a gagn\u00e9 2-1 \u00e0 Glasgow (Olise, Kane ; Maeda pour le Celtic) puis fait 1-1 chez lui : <b>qualifi\u00e9 3-2<\/b>.<\/li>\n<li>L&rsquo;AC Milan a perdu 1-0 \u00e0 Rotterdam (Paix\u00e3o d\u00e8s la 3<sup>e<\/sup> minute) puis conc\u00e9d\u00e9 le nul 1-1 \u00e0 San Siro : <b>\u00e9limin\u00e9 2-1<\/b>.<\/li>\n<li>Harry Kane a termin\u00e9 la campagne \u00e0 <b>11 buts<\/b>, 3<sup>e<\/sup> meilleur buteur de l&rsquo;\u00e9dition.<\/li>\n<li>Aucun des deux qualifi\u00e9s n&rsquo;a atteint le dernier carr\u00e9 : l&rsquo;Inter Milan les a sortis tour \u00e0 tour.<\/li>\n<\/ul>\n<\/div>\n<h2>Questions fr\u00e9quentes<\/h2>\n<details>\n<summary>\u00ab Milan \u00bb, dans ce titre, c&rsquo;est le club ou le coureur cycliste ?<\/summary>\n<div class=\"spi-actu-txt\">C&rsquo;est l&rsquo;<b>AC Milan<\/b>, le club de football engag\u00e9 dans les barrages de la Ligue des champions 2024-2025. Le sprinteur italien Jonathan Milan, souvent cit\u00e9 par ailleurs sur ce site, n&rsquo;a \u00e9videmment aucun rapport avec cette rencontre.<\/div>\n<\/details>\n<details>\n<summary>Qui a marqu\u00e9 le but du Feyenoord contre Milan ?<\/summary>\n<div class=\"spi-actu-txt\">Igor Paix\u00e3o, \u00e0 la <b>3<sup>e<\/sup> minute<\/b> du match aller \u00e0 Rotterdam, sur une passe d\u00e9cisive de Gijs Smal. C&rsquo;est le seul but de la rencontre.<\/div>\n<\/details>\n<details>\n<summary>Le Bayern s&rsquo;est-il qualifi\u00e9 ?<\/summary>\n<div class=\"spi-actu-txt\">Oui, mais de justesse : apr\u00e8s le 2-1 de l&rsquo;aller, le retour \u00e0 Munich s&rsquo;est termin\u00e9 sur un 1-1 arrach\u00e9 par Alphonso Davies \u00e0 la 90+4. <b>Total : 3-2 pour le Bayern.<\/b> Il a ensuite \u00e9t\u00e9 \u00e9limin\u00e9 en quarts de finale par l&rsquo;Inter Milan.<\/div>\n<\/details>\n<details>\n<summary>Mike Maignan \u00e9tait-il vraiment fautif sur le but encaiss\u00e9 ?<\/summary>\n<div class=\"spi-actu-txt\">C&rsquo;est le jugement port\u00e9 par Eurosport dans sa d\u00e9p\u00eache du 12 f\u00e9vrier 2025 (\u00ab avec un Mike Maignan fautif \u00bb). Ce site le rapporte comme une appr\u00e9ciation de presse, pas comme un fait v\u00e9rifi\u00e9.<\/div>\n<\/details>\n<div class=\"spi-actu-note\">\n<div class=\"spi-actu-kick\">Note de v\u00e9rification<\/div>\n<div class=\"spi-actu-txt\">Scores, dates, buteurs, minutes et issues des doubles confrontations ont \u00e9t\u00e9 recoup\u00e9s le 1<sup>er<\/sup> septembre 2026 sur les feuilles de match de la Ligue des champions de l&rsquo;UEFA 2024-2025. La version d&rsquo;origine de cet article, \u00e9crite le 13 f\u00e9vrier 2025 \u00e0 partir d&rsquo;une br\u00e8ve d&rsquo;Eurosport, annon\u00e7ait des matches retour \u00ab \u00e0 venir \u00bb qui se sont jou\u00e9s depuis, et ne nommait aucun buteur adverse. Une phrase attribu\u00e9e \u00e0 \u00ab un analyste sportif \u00bb, dont aucune source ne porte trace, en a \u00e9t\u00e9 retir\u00e9e.<\/div>\n<\/div>\n<\/div>\n","protected":false},"excerpt":{"rendered":"","protected":false},"author":34,"featured_media":10512,"comment_status":"open","ping_status":"open","sticky":false,"template":"","format":"standard","meta":{"_acf_changed":false,"manual_indexmenow":false,"indexmenow_id_project":0,"footnotes":""},"categories":[1],"tags":[5767,5078,5769,5768,5059],"class_list":["post-8308","post","type-post","status-publish","format-standard","has-post-thumbnail","hentry","category-a-la-une","tag-ac-milan","tag-bayern-munich","tag-celtic-glasgow","tag-feyenoord","tag-ligue-des-champions","generate-columns","tablet-grid-50","mobile-grid-100","grid-parent","grid-25"],"acf":[],"yoast_head":"<!-- This site is optimized with the Yoast SEO Premium plugin v21.3 (Yoast SEO v26.5) - https:\/\/yoast.com\/wordpress\/plugins\/seo\/ -->\n<title>Barrages C1 2025 : Bayern-Celtic et Feyenoord-Milan, les scores<\/title>\n<meta name=\"description\" content=\"Barrages aller de C1, 12 f\u00e9vrier 2025 : Celtic 1-2 Bayern (Olise, Kane), Feyenoord 1-0 AC Milan (Paix\u00e3o 3e). Retours du 18 f\u00e9vrier : le Bayern passe 3-2, Milan est \u00e9limin\u00e9 2-1.\" \/>\n<meta name=\"robots\" content=\"index, follow, max-snippet:-1, max-image-preview:large, max-video-preview:-1\" \/>\n<link rel=\"canonical\" href=\"https:\/\/sport-index.fr\/blog\/a-la-une\/le-bayern-munich-prend-un-bon-depart-milan-doit-se-ressaisir-apres-sa-defaite\/\" \/>\n<meta property=\"og:locale\" content=\"fr_FR\" \/>\n<meta property=\"og:type\" content=\"article\" \/>\n<meta property=\"og:title\" content=\"Barrages C1 2025 : Bayern-Celtic et Feyenoord-Milan, les scores\" \/>\n<meta property=\"og:description\" content=\"Barrages aller de C1, 12 f\u00e9vrier 2025 : Celtic 1-2 Bayern (Olise, Kane), Feyenoord 1-0 AC Milan (Paix\u00e3o 3e). Retours du 18 f\u00e9vrier : le Bayern passe 3-2, Milan est \u00e9limin\u00e9 2-1.\" \/>\n<meta property=\"og:url\" content=\"https:\/\/sport-index.fr\/blog\/a-la-une\/le-bayern-munich-prend-un-bon-depart-milan-doit-se-ressaisir-apres-sa-defaite\/\" \/>\n<meta property=\"og:site_name\" content=\"sport-index\" \/>\n<meta name=\"author\" content=\"Axel Lauzier\" \/>\n<meta name=\"twitter:card\" content=\"summary_large_image\" \/>\n<script type=\"application\/ld+json\" class=\"yoast-schema-graph\">{\"@context\":\"https:\/\/schema.org\",\"@graph\":[{\"@type\":\"NewsArticle\",\"@id\":\"https:\/\/sport-index.fr\/blog\/a-la-une\/le-bayern-munich-prend-un-bon-depart-milan-doit-se-ressaisir-apres-sa-defaite\/#article\",\"isPartOf\":{\"@id\":\"https:\/\/sport-index.fr\/blog\/a-la-une\/le-bayern-munich-prend-un-bon-depart-milan-doit-se-ressaisir-apres-sa-defaite\/\"},\"author\":{\"name\":\"Axel Lauzier\",\"@id\":\"https:\/\/sport-index.fr\/blog\/#\/schema\/person\/3c864cdc320801e3db34b663e7e3f816\"},\"headline\":\"Barrages de C1 2025 : le Bayern gagne \u00e0 Glasgow, l&rsquo;AC Milan chute \u00e0 Rotterdam\",\"datePublished\":\"2026-09-01T15:42:14+00:00\",\"dateModified\":\"2026-09-01T15:43:06+00:00\",\"mainEntityOfPage\":{\"@id\":\"https:\/\/sport-index.fr\/blog\/a-la-une\/le-bayern-munich-prend-un-bon-depart-milan-doit-se-ressaisir-apres-sa-defaite\/\"},\"wordCount\":1211,\"commentCount\":19,\"publisher\":{\"@id\":\"https:\/\/sport-index.fr\/blog\/#organization\"},\"image\":{\"@id\":\"https:\/\/sport-index.fr\/blog\/a-la-une\/le-bayern-munich-prend-un-bon-depart-milan-doit-se-ressaisir-apres-sa-defaite\/#primaryimage\"},\"thumbnailUrl\":\"https:\/\/sport-index.fr\/blog\/wp-content\/uploads\/2025\/02\/sdxl-479bb54150738477bb66033f8fd74b8f.png\",\"keywords\":[\"AC Milan\",\"Bayern Munich\",\"Celtic Glasgow\",\"Feyenoord\",\"Ligue des champions\"],\"articleSection\":[\"\u00c0 la une\"],\"inLanguage\":\"fr-FR\",\"potentialAction\":[{\"@type\":\"CommentAction\",\"name\":\"Comment\",\"target\":[\"https:\/\/sport-index.fr\/blog\/a-la-une\/le-bayern-munich-prend-un-bon-depart-milan-doit-se-ressaisir-apres-sa-defaite\/#respond\"]}]},{\"@type\":\"WebPage\",\"@id\":\"https:\/\/sport-index.fr\/blog\/a-la-une\/le-bayern-munich-prend-un-bon-depart-milan-doit-se-ressaisir-apres-sa-defaite\/\",\"url\":\"https:\/\/sport-index.fr\/blog\/a-la-une\/le-bayern-munich-prend-un-bon-depart-milan-doit-se-ressaisir-apres-sa-defaite\/\",\"name\":\"Barrages C1 2025 : Bayern-Celtic et Feyenoord-Milan, les scores\",\"isPartOf\":{\"@id\":\"https:\/\/sport-index.fr\/blog\/#website\"},\"primaryImageOfPage\":{\"@id\":\"https:\/\/sport-index.fr\/blog\/a-la-une\/le-bayern-munich-prend-un-bon-depart-milan-doit-se-ressaisir-apres-sa-defaite\/#primaryimage\"},\"image\":{\"@id\":\"https:\/\/sport-index.fr\/blog\/a-la-une\/le-bayern-munich-prend-un-bon-depart-milan-doit-se-ressaisir-apres-sa-defaite\/#primaryimage\"},\"thumbnailUrl\":\"https:\/\/sport-index.fr\/blog\/wp-content\/uploads\/2025\/02\/sdxl-479bb54150738477bb66033f8fd74b8f.png\",\"datePublished\":\"2026-09-01T15:42:14+00:00\",\"dateModified\":\"2026-09-01T15:43:06+00:00\",\"description\":\"Barrages aller de C1, 12 f\u00e9vrier 2025 : Celtic 1-2 Bayern (Olise, Kane), Feyenoord 1-0 AC Milan (Paix\u00e3o 3e). Retours du 18 f\u00e9vrier : le Bayern passe 3-2, Milan est \u00e9limin\u00e9 2-1.\",\"inLanguage\":\"fr-FR\",\"potentialAction\":[{\"@type\":\"ReadAction\",\"target\":[\"https:\/\/sport-index.fr\/blog\/a-la-une\/le-bayern-munich-prend-un-bon-depart-milan-doit-se-ressaisir-apres-sa-defaite\/\"]}]},{\"@type\":\"ImageObject\",\"inLanguage\":\"fr-FR\",\"@id\":\"https:\/\/sport-index.fr\/blog\/a-la-une\/le-bayern-munich-prend-un-bon-depart-milan-doit-se-ressaisir-apres-sa-defaite\/#primaryimage\",\"url\":\"https:\/\/sport-index.fr\/blog\/wp-content\/uploads\/2025\/02\/sdxl-479bb54150738477bb66033f8fd74b8f.png\",\"contentUrl\":\"https:\/\/sport-index.fr\/blog\/wp-content\/uploads\/2025\/02\/sdxl-479bb54150738477bb66033f8fd74b8f.png\",\"width\":1536,\"height\":640},{\"@type\":\"WebSite\",\"@id\":\"https:\/\/sport-index.fr\/blog\/#website\",\"url\":\"https:\/\/sport-index.fr\/blog\/\",\"name\":\"sport-index.fr\",\"description\":\"Le score de l\u2019analyse sportive.\",\"publisher\":{\"@id\":\"https:\/\/sport-index.fr\/blog\/#organization\"},\"alternateName\":\"Le score de l\u2019analyse sportive.\",\"potentialAction\":[{\"@type\":\"SearchAction\",\"target\":{\"@type\":\"EntryPoint\",\"urlTemplate\":\"https:\/\/sport-index.fr\/blog\/?s={search_term_string}\"},\"query-input\":{\"@type\":\"PropertyValueSpecification\",\"valueRequired\":true,\"valueName\":\"search_term_string\"}}],\"inLanguage\":\"fr-FR\"},{\"@type\":\"Organization\",\"@id\":\"https:\/\/sport-index.fr\/blog\/#organization\",\"name\":\"Foretsensations.fr\",\"url\":\"https:\/\/sport-index.fr\/blog\/\",\"logo\":{\"@type\":\"ImageObject\",\"inLanguage\":\"fr-FR\",\"@id\":\"https:\/\/sport-index.fr\/blog\/#\/schema\/logo\/image\/\",\"url\":\"https:\/\/sport-index.fr\/blog\/wp-content\/uploads\/2026\/07\/logo-auto.png\",\"contentUrl\":\"https:\/\/sport-index.fr\/blog\/wp-content\/uploads\/2026\/07\/logo-auto.png\",\"width\":1024,\"height\":1024,\"caption\":\"Foretsensations.fr\"},\"image\":{\"@id\":\"https:\/\/sport-index.fr\/blog\/#\/schema\/logo\/image\/\"}},{\"@type\":\"Person\",\"@id\":\"https:\/\/sport-index.fr\/blog\/#\/schema\/person\/3c864cdc320801e3db34b663e7e3f816\",\"name\":\"Axel Lauzier\",\"image\":{\"@type\":\"ImageObject\",\"inLanguage\":\"fr-FR\",\"@id\":\"https:\/\/sport-index.fr\/blog\/#\/schema\/person\/image\/\",\"url\":\"https:\/\/sport-index.fr\/blog\/wp-content\/uploads\/2026\/06\/persona_axel-l-96x96.jpg\",\"contentUrl\":\"https:\/\/sport-index.fr\/blog\/wp-content\/uploads\/2026\/06\/persona_axel-l-96x96.jpg\",\"caption\":\"Axel Lauzier\"},\"description\":\"Le sport rythme mon quotidien depuis l'enfance, et j'en ai fait mon m\u00e9tier d'analyste r\u00e9dactionnel il y a une dizaine d'ann\u00e9es. Je couvre principalement le football, son actualit\u00e9, ses transferts et l'analyse tactique des grandes affiches, mais aussi les disciplines plus confidentielles que j'aime remettre en lumi\u00e8re. Une partie de mon travail porte sur les pronostics et la lecture statistique d'un match : forme des \u00e9quipes, historique des confrontations, compositions, sans jamais vendre de fausse certitude. Je rappelle syst\u00e9matiquement que parier comporte un risque et doit rester un loisir ma\u00eetris\u00e9. Avant de signer une analyse, je v\u00e9rifie mes chiffres, je recoupe les compositions probables et je distingue toujours la donn\u00e9e brute de l'intuition. Mon objectif : offrir une lecture honn\u00eate et argument\u00e9e, pas un ticket gagnant garanti.\",\"sameAs\":[\"https:\/\/axellauzier.fr\/\"],\"url\":\"https:\/\/sport-index.fr\/blog\/auteur\/noname\/\"}]}<\/script>\n<!-- \/ Yoast SEO Premium plugin. -->","yoast_head_json":{"title":"Barrages C1 2025 : Bayern-Celtic et Feyenoord-Milan, les scores","description":"Barrages aller de C1, 12 f\u00e9vrier 2025 : Celtic 1-2 Bayern (Olise, Kane), Feyenoord 1-0 AC Milan (Paix\u00e3o 3e). Retours du 18 f\u00e9vrier : le Bayern passe 3-2, Milan est \u00e9limin\u00e9 2-1.","robots":{"index":"index","follow":"follow","max-snippet":"max-snippet:-1","max-image-preview":"max-image-preview:large","max-video-preview":"max-video-preview:-1"},"canonical":"https:\/\/sport-index.fr\/blog\/a-la-une\/le-bayern-munich-prend-un-bon-depart-milan-doit-se-ressaisir-apres-sa-defaite\/","og_locale":"fr_FR","og_type":"article","og_title":"Barrages C1 2025 : Bayern-Celtic et Feyenoord-Milan, les scores","og_description":"Barrages aller de C1, 12 f\u00e9vrier 2025 : Celtic 1-2 Bayern (Olise, Kane), Feyenoord 1-0 AC Milan (Paix\u00e3o 3e). Retours du 18 f\u00e9vrier : le Bayern passe 3-2, Milan est \u00e9limin\u00e9 2-1.","og_url":"https:\/\/sport-index.fr\/blog\/a-la-une\/le-bayern-munich-prend-un-bon-depart-milan-doit-se-ressaisir-apres-sa-defaite\/","og_site_name":"sport-index","author":"Axel Lauzier","twitter_card":"summary_large_image","schema":{"@context":"https:\/\/schema.org","@graph":[{"@type":"NewsArticle","@id":"https:\/\/sport-index.fr\/blog\/a-la-une\/le-bayern-munich-prend-un-bon-depart-milan-doit-se-ressaisir-apres-sa-defaite\/#article","isPartOf":{"@id":"https:\/\/sport-index.fr\/blog\/a-la-une\/le-bayern-munich-prend-un-bon-depart-milan-doit-se-ressaisir-apres-sa-defaite\/"},"author":{"name":"Axel Lauzier","@id":"https:\/\/sport-index.fr\/blog\/#\/schema\/person\/3c864cdc320801e3db34b663e7e3f816"},"headline":"Barrages de C1 2025 : le Bayern gagne \u00e0 Glasgow, l&rsquo;AC Milan chute \u00e0 Rotterdam","datePublished":"2026-09-01T15:42:14+00:00","dateModified":"2026-09-01T15:43:06+00:00","mainEntityOfPage":{"@id":"https:\/\/sport-index.fr\/blog\/a-la-une\/le-bayern-munich-prend-un-bon-depart-milan-doit-se-ressaisir-apres-sa-defaite\/"},"wordCount":1211,"commentCount":19,"publisher":{"@id":"https:\/\/sport-index.fr\/blog\/#organization"},"image":{"@id":"https:\/\/sport-index.fr\/blog\/a-la-une\/le-bayern-munich-prend-un-bon-depart-milan-doit-se-ressaisir-apres-sa-defaite\/#primaryimage"},"thumbnailUrl":"https:\/\/sport-index.fr\/blog\/wp-content\/uploads\/2025\/02\/sdxl-479bb54150738477bb66033f8fd74b8f.png","keywords":["AC Milan","Bayern Munich","Celtic Glasgow","Feyenoord","Ligue des champions"],"articleSection":["\u00c0 la une"],"inLanguage":"fr-FR","potentialAction":[{"@type":"CommentAction","name":"Comment","target":["https:\/\/sport-index.fr\/blog\/a-la-une\/le-bayern-munich-prend-un-bon-depart-milan-doit-se-ressaisir-apres-sa-defaite\/#respond"]}]},{"@type":"WebPage","@id":"https:\/\/sport-index.fr\/blog\/a-la-une\/le-bayern-munich-prend-un-bon-depart-milan-doit-se-ressaisir-apres-sa-defaite\/","url":"https:\/\/sport-index.fr\/blog\/a-la-une\/le-bayern-munich-prend-un-bon-depart-milan-doit-se-ressaisir-apres-sa-defaite\/","name":"Barrages C1 2025 : Bayern-Celtic et Feyenoord-Milan, les scores","isPartOf":{"@id":"https:\/\/sport-index.fr\/blog\/#website"},"primaryImageOfPage":{"@id":"https:\/\/sport-index.fr\/blog\/a-la-une\/le-bayern-munich-prend-un-bon-depart-milan-doit-se-ressaisir-apres-sa-defaite\/#primaryimage"},"image":{"@id":"https:\/\/sport-index.fr\/blog\/a-la-une\/le-bayern-munich-prend-un-bon-depart-milan-doit-se-ressaisir-apres-sa-defaite\/#primaryimage"},"thumbnailUrl":"https:\/\/sport-index.fr\/blog\/wp-content\/uploads\/2025\/02\/sdxl-479bb54150738477bb66033f8fd74b8f.png","datePublished":"2026-09-01T15:42:14+00:00","dateModified":"2026-09-01T15:43:06+00:00","description":"Barrages aller de C1, 12 f\u00e9vrier 2025 : Celtic 1-2 Bayern (Olise, Kane), Feyenoord 1-0 AC Milan (Paix\u00e3o 3e). Retours du 18 f\u00e9vrier : le Bayern passe 3-2, Milan est \u00e9limin\u00e9 2-1.","inLanguage":"fr-FR","potentialAction":[{"@type":"ReadAction","target":["https:\/\/sport-index.fr\/blog\/a-la-une\/le-bayern-munich-prend-un-bon-depart-milan-doit-se-ressaisir-apres-sa-defaite\/"]}]},{"@type":"ImageObject","inLanguage":"fr-FR","@id":"https:\/\/sport-index.fr\/blog\/a-la-une\/le-bayern-munich-prend-un-bon-depart-milan-doit-se-ressaisir-apres-sa-defaite\/#primaryimage","url":"https:\/\/sport-index.fr\/blog\/wp-content\/uploads\/2025\/02\/sdxl-479bb54150738477bb66033f8fd74b8f.png","contentUrl":"https:\/\/sport-index.fr\/blog\/wp-content\/uploads\/2025\/02\/sdxl-479bb54150738477bb66033f8fd74b8f.png","width":1536,"height":640},{"@type":"WebSite","@id":"https:\/\/sport-index.fr\/blog\/#website","url":"https:\/\/sport-index.fr\/blog\/","name":"sport-index.fr","description":"Le score de l\u2019analyse sportive.","publisher":{"@id":"https:\/\/sport-index.fr\/blog\/#organization"},"alternateName":"Le score de l\u2019analyse sportive.","potentialAction":[{"@type":"SearchAction","target":{"@type":"EntryPoint","urlTemplate":"https:\/\/sport-index.fr\/blog\/?s={search_term_string}"},"query-input":{"@type":"PropertyValueSpecification","valueRequired":true,"valueName":"search_term_string"}}],"inLanguage":"fr-FR"},{"@type":"Organization","@id":"https:\/\/sport-index.fr\/blog\/#organization","name":"Foretsensations.fr","url":"https:\/\/sport-index.fr\/blog\/","logo":{"@type":"ImageObject","inLanguage":"fr-FR","@id":"https:\/\/sport-index.fr\/blog\/#\/schema\/logo\/image\/","url":"https:\/\/sport-index.fr\/blog\/wp-content\/uploads\/2026\/07\/logo-auto.png","contentUrl":"https:\/\/sport-index.fr\/blog\/wp-content\/uploads\/2026\/07\/logo-auto.png","width":1024,"height":1024,"caption":"Foretsensations.fr"},"image":{"@id":"https:\/\/sport-index.fr\/blog\/#\/schema\/logo\/image\/"}},{"@type":"Person","@id":"https:\/\/sport-index.fr\/blog\/#\/schema\/person\/3c864cdc320801e3db34b663e7e3f816","name":"Axel Lauzier","image":{"@type":"ImageObject","inLanguage":"fr-FR","@id":"https:\/\/sport-index.fr\/blog\/#\/schema\/person\/image\/","url":"https:\/\/sport-index.fr\/blog\/wp-content\/uploads\/2026\/06\/persona_axel-l-96x96.jpg","contentUrl":"https:\/\/sport-index.fr\/blog\/wp-content\/uploads\/2026\/06\/persona_axel-l-96x96.jpg","caption":"Axel Lauzier"},"description":"Le sport rythme mon quotidien depuis l'enfance, et j'en ai fait mon m\u00e9tier d'analyste r\u00e9dactionnel il y a une dizaine d'ann\u00e9es. Je couvre principalement le football, son actualit\u00e9, ses transferts et l'analyse tactique des grandes affiches, mais aussi les disciplines plus confidentielles que j'aime remettre en lumi\u00e8re. Une partie de mon travail porte sur les pronostics et la lecture statistique d'un match : forme des \u00e9quipes, historique des confrontations, compositions, sans jamais vendre de fausse certitude. Je rappelle syst\u00e9matiquement que parier comporte un risque et doit rester un loisir ma\u00eetris\u00e9. Avant de signer une analyse, je v\u00e9rifie mes chiffres, je recoupe les compositions probables et je distingue toujours la donn\u00e9e brute de l'intuition. Mon objectif : offrir une lecture honn\u00eate et argument\u00e9e, pas un ticket gagnant garanti.","sameAs":["https:\/\/axellauzier.fr\/"],"url":"https:\/\/sport-index.fr\/blog\/auteur\/noname\/"}]}},"_links":{"self":[{"href":"https:\/\/sport-index.fr\/blog\/wp-json\/wp\/v2\/posts\/8308","targetHints":{"allow":["GET"]}}],"collection":[{"href":"https:\/\/sport-index.fr\/blog\/wp-json\/wp\/v2\/posts"}],"about":[{"href":"https:\/\/sport-index.fr\/blog\/wp-json\/wp\/v2\/types\/post"}],"author":[{"embeddable":true,"href":"https:\/\/sport-index.fr\/blog\/wp-json\/wp\/v2\/users\/34"}],"replies":[{"embeddable":true,"href":"https:\/\/sport-index.fr\/blog\/wp-json\/wp\/v2\/comments?post=8308"}],"version-history":[{"count":4,"href":"https:\/\/sport-index.fr\/blog\/wp-json\/wp\/v2\/posts\/8308\/revisions"}],"predecessor-version":[{"id":18367,"href":"https:\/\/sport-index.fr\/blog\/wp-json\/wp\/v2\/posts\/8308\/revisions\/18367"}],"wp:featuredmedia":[{"embeddable":true,"href":"https:\/\/sport-index.fr\/blog\/wp-json\/wp\/v2\/media\/10512"}],"wp:attachment":[{"href":"https:\/\/sport-index.fr\/blog\/wp-json\/wp\/v2\/media?parent=8308"}],"wp:term":[{"taxonomy":"category","embeddable":true,"href":"https:\/\/sport-index.fr\/blog\/wp-json\/wp\/v2\/categories?post=8308"},{"taxonomy":"post_tag","embeddable":true,"href":"https:\/\/sport-index.fr\/blog\/wp-json\/wp\/v2\/tags?post=8308"}],"curies":[{"name":"wp","href":"https:\/\/api.w.org\/{rel}","templated":true}]}}