{"id":8318,"date":"2025-02-13T16:01:08","date_gmt":"2025-02-13T15:01:08","guid":{"rendered":"https:\/\/sport-index.fr\/blog\/?p=8318"},"modified":"2025-02-13T00:47:10","modified_gmt":"2025-02-12T23:47:10","slug":"les-francais-eclatent-au-championnat-deurope-de-vitesse-par-equipes-a-heusden-zolder","status":"publish","type":"post","link":"https:\/\/sport-index.fr\/blog\/a-la-une\/les-francais-eclatent-au-championnat-deurope-de-vitesse-par-equipes-a-heusden-zolder\/","title":{"rendered":"Les Fran\u00e7ais \u00e9clatent au championnat d&rsquo;Europe de vitesse par \u00e9quipes \u00e0 Heusden-Zolder"},"content":{"rendered":"<p>Lors des r\u00e9cents championnats d&rsquo;Europe \u00e0 Heusden-Zolder, les coureurs fran\u00e7ais ont prouv\u00e9 qu&rsquo;ils poss\u00e9daient ces qualit\u00e9s en remportant le titre de champions d&rsquo;Europe de vitesse par \u00e9quipes. Les athl\u00e8tes Timmy Gillion, Rayan Helal et S\u00e9bastien Vigier ont brill\u00e9 en battant les N\u00e9erlandais, champions olympiques en titre, lors d&rsquo;une finale palpitante.<\/p>\n<h2>Une finale sous tension<\/h2>\n<p>Le v\u00e9lodrome de Heusden-Zolder a \u00e9t\u00e9 le th\u00e9\u00e2tre d&rsquo;une finale m\u00e9morable o\u00f9 chaque seconde comptait. Les Fran\u00e7ais, motiv\u00e9s et d\u00e9termin\u00e9s, se sont \u00e9lanc\u00e9s avec l&rsquo;intention de d\u00e9jouer les pronostics. Face \u00e0 eux, les N\u00e9erlandais, avec leur r\u00e9putation d&rsquo;athl\u00e8tes redoutables, ont mis la pression d\u00e8s le d\u00e9part.<\/p>\n<p>Dans un environnement aussi comp\u00e9titif, la gestion du stress est cruciale. Les coureurs fran\u00e7ais ont su garder leur calme, en se concentrant sur leur strat\u00e9gie et en ex\u00e9cutant des man\u0153uvres pr\u00e9cises. Cette ma\u00eetrise a \u00e9t\u00e9 d\u00e9terminante pour leur victoire finale.<\/p>\n<h2>Un travail d&rsquo;\u00e9quipe exemplaire<\/h2>\n<p>Le succ\u00e8s des Fran\u00e7ais s&rsquo;explique \u00e9galement par leur parfaite coordination en tant qu&rsquo;\u00e9quipe. Chacun des membres a jou\u00e9 un r\u00f4le cl\u00e9, avec des relais bien synchronis\u00e9s et une communication fluide. Cette harmonie leur a permis de tirer le meilleur de leurs capacit\u00e9s respectives.<\/p>\n<p>Les entra\u00eenements intensifs et le temps pass\u00e9 ensemble ont renforc\u00e9 leur complicit\u00e9. Dans le cyclisme sur piste, la coh\u00e9sion d&rsquo;\u00e9quipe peut faire la diff\u00e9rence entre la victoire et la d\u00e9faite. Les coureurs fran\u00e7ais ont d\u00e9montr\u00e9 que le travail d&rsquo;\u00e9quipe est une valeur fondamentale pour atteindre les sommets.<\/p>\n<h2>Un exploit \u00e0 savourer<\/h2>\n<p>Cette victoire est bien plus qu&rsquo;un simple titre, c&rsquo;est un moment de fiert\u00e9 pour le cyclisme fran\u00e7ais. En battant des adversaires de renom, les Fran\u00e7ais ont prouv\u00e9 qu&rsquo;ils sont d\u00e9sormais des concurrents s\u00e9rieux sur la sc\u00e8ne internationale. Ce succ\u00e8s pourrait inspirer une nouvelle g\u00e9n\u00e9ration de cyclistes en France.<\/p>\n<p>Les fans de cyclisme peuvent s&rsquo;attendre \u00e0 voir ces athl\u00e8tes briller dans les comp\u00e9titions \u00e0 venir. Cette victoire pourrait \u00e9galement ouvrir la voie \u00e0 d&rsquo;autres succ\u00e8s pour la France dans les disciplines de vitesse. Les attentes sont d\u00e9sormais \u00e9lev\u00e9es pour les prochaines comp\u00e9titions.<\/p>\n<blockquote><p>\nLes champions fran\u00e7ais ont su allier strat\u00e9gie, technique et esprit d&rsquo;\u00e9quipe pour r\u00e9aliser cet exploit.\n<\/p><\/blockquote>\n<ul>\n<li>Timmy Gillion, Rayan Helal et S\u00e9bastien Vigier sont les h\u00e9ros de cette victoire.<\/li>\n<li>Ils ont battu les N\u00e9erlandais, champions olympiques en titre.<\/li>\n<li>Le travail d&rsquo;\u00e9quipe a \u00e9t\u00e9 essentiel pour leur succ\u00e8s.<\/li>\n<li>Cette victoire marque un tournant pour le cyclisme fran\u00e7ais sur la sc\u00e8ne europ\u00e9enne.<\/li>\n<li>Les comp\u00e9titions \u00e0 venir s&rsquo;annoncent prometteuses pour ces athl\u00e8tes.<\/li>\n<\/ul>\n<p>Les cha\u00eenes Eurosport, disponibles sur diff\u00e9rentes plateformes, permettent aux passionn\u00e9s de suivre ces \u00e9v\u00e9nements en direct. Les fans peuvent donc s&rsquo;attendre \u00e0 des moments m\u00e9morables dans le monde du cyclisme sur piste. Les exploits des Fran\u00e7ais \u00e0 Heusden-Zolder resteront grav\u00e9s dans les m\u00e9moires et montreront l&rsquo;importance de la pers\u00e9v\u00e9rance et du travail d&rsquo;\u00e9quipe.<\/p>\n","protected":false},"excerpt":{"rendered":"","protected":false},"author":34,"featured_media":10473,"comment_status":"open","ping_status":"open","sticky":false,"template":"","format":"standard","meta":{"_acf_changed":false,"manual_indexmenow":false,"indexmenow_id_project":0,"footnotes":""},"categories":[1],"tags":[4559,4544,4898,4632,4408],"class_list":["post-8318","post","type-post","status-publish","format-standard","has-post-thumbnail","hentry","category-a-la-une","tag-cyclisme","tag-equipe","tag-gestion-du-stress","tag-performance-sportive","tag-resilience","generate-columns","tablet-grid-50","mobile-grid-100","grid-parent","grid-25"],"acf":[],"yoast_head":"<!-- This site is optimized with the Yoast SEO Premium plugin v21.3 (Yoast SEO v26.5) - https:\/\/yoast.com\/wordpress\/plugins\/seo\/ -->\n<title>Les Fran\u00e7ais \u00e9clatent au championnat d&#039;Europe de vitesse<\/title>\n<meta name=\"description\" content=\"Lors des r\u00e9cents championnats d&#039;Europe \u00e0 Heusden-Zolder, les coureurs fran\u00e7ais ont prouv\u00e9 qu&#039;ils poss\u00e9daient ces qualit\u00e9s en remportant le titre de\u2026\" \/>\n<meta name=\"robots\" content=\"index, follow, max-snippet:-1, max-image-preview:large, max-video-preview:-1\" \/>\n<link rel=\"canonical\" href=\"https:\/\/sport-index.fr\/blog\/a-la-une\/les-francais-eclatent-au-championnat-deurope-de-vitesse-par-equipes-a-heusden-zolder\/\" \/>\n<meta property=\"og:locale\" content=\"fr_FR\" \/>\n<meta property=\"og:type\" content=\"article\" \/>\n<meta property=\"og:title\" content=\"Les Fran\u00e7ais \u00e9clatent au championnat d&#039;Europe de vitesse\" \/>\n<meta property=\"og:description\" content=\"Lors des r\u00e9cents championnats d&#039;Europe \u00e0 Heusden-Zolder, les coureurs fran\u00e7ais ont prouv\u00e9 qu&#039;ils poss\u00e9daient ces qualit\u00e9s en remportant le titre de\u2026\" \/>\n<meta property=\"og:url\" content=\"https:\/\/sport-index.fr\/blog\/a-la-une\/les-francais-eclatent-au-championnat-deurope-de-vitesse-par-equipes-a-heusden-zolder\/\" \/>\n<meta property=\"og:site_name\" content=\"sport-index\" \/>\n<meta name=\"author\" content=\"Axel Lauzier\" \/>\n<meta name=\"twitter:card\" content=\"summary_large_image\" \/>\n<script type=\"application\/ld+json\" class=\"yoast-schema-graph\">{\"@context\":\"https:\/\/schema.org\",\"@graph\":[{\"@type\":\"NewsArticle\",\"@id\":\"https:\/\/sport-index.fr\/blog\/a-la-une\/les-francais-eclatent-au-championnat-deurope-de-vitesse-par-equipes-a-heusden-zolder\/#article\",\"isPartOf\":{\"@id\":\"https:\/\/sport-index.fr\/blog\/a-la-une\/les-francais-eclatent-au-championnat-deurope-de-vitesse-par-equipes-a-heusden-zolder\/\"},\"author\":{\"name\":\"Axel Lauzier\",\"@id\":\"https:\/\/sport-index.fr\/blog\/#\/schema\/person\/3c864cdc320801e3db34b663e7e3f816\"},\"headline\":\"Les Fran\u00e7ais \u00e9clatent au championnat d&rsquo;Europe de vitesse par \u00e9quipes \u00e0 Heusden-Zolder\",\"datePublished\":\"2025-02-13T15:01:08+00:00\",\"mainEntityOfPage\":{\"@id\":\"https:\/\/sport-index.fr\/blog\/a-la-une\/les-francais-eclatent-au-championnat-deurope-de-vitesse-par-equipes-a-heusden-zolder\/\"},\"wordCount\":553,\"commentCount\":29,\"publisher\":{\"@id\":\"https:\/\/sport-index.fr\/blog\/#organization\"},\"image\":{\"@id\":\"https:\/\/sport-index.fr\/blog\/a-la-une\/les-francais-eclatent-au-championnat-deurope-de-vitesse-par-equipes-a-heusden-zolder\/#primaryimage\"},\"thumbnailUrl\":\"https:\/\/sport-index.fr\/blog\/wp-content\/uploads\/2025\/02\/sdxl-e455531c07eac4da2c82b42e01177233.png\",\"keywords\":[\"Cyclisme\",\"\u00c9quipe\",\"Gestion Du Stress\",\"Performance sportive\",\"R\u00e9silience\"],\"articleSection\":[\"\u00c0 la une\"],\"inLanguage\":\"fr-FR\",\"potentialAction\":[{\"@type\":\"CommentAction\",\"name\":\"Comment\",\"target\":[\"https:\/\/sport-index.fr\/blog\/a-la-une\/les-francais-eclatent-au-championnat-deurope-de-vitesse-par-equipes-a-heusden-zolder\/#respond\"]}]},{\"@type\":\"WebPage\",\"@id\":\"https:\/\/sport-index.fr\/blog\/a-la-une\/les-francais-eclatent-au-championnat-deurope-de-vitesse-par-equipes-a-heusden-zolder\/\",\"url\":\"https:\/\/sport-index.fr\/blog\/a-la-une\/les-francais-eclatent-au-championnat-deurope-de-vitesse-par-equipes-a-heusden-zolder\/\",\"name\":\"Les Fran\u00e7ais \u00e9clatent au championnat d'Europe de vitesse\",\"isPartOf\":{\"@id\":\"https:\/\/sport-index.fr\/blog\/#website\"},\"primaryImageOfPage\":{\"@id\":\"https:\/\/sport-index.fr\/blog\/a-la-une\/les-francais-eclatent-au-championnat-deurope-de-vitesse-par-equipes-a-heusden-zolder\/#primaryimage\"},\"image\":{\"@id\":\"https:\/\/sport-index.fr\/blog\/a-la-une\/les-francais-eclatent-au-championnat-deurope-de-vitesse-par-equipes-a-heusden-zolder\/#primaryimage\"},\"thumbnailUrl\":\"https:\/\/sport-index.fr\/blog\/wp-content\/uploads\/2025\/02\/sdxl-e455531c07eac4da2c82b42e01177233.png\",\"datePublished\":\"2025-02-13T15:01:08+00:00\",\"description\":\"Lors des r\u00e9cents championnats d'Europe \u00e0 Heusden-Zolder, les coureurs fran\u00e7ais ont prouv\u00e9 qu'ils poss\u00e9daient ces qualit\u00e9s en remportant le titre de\u2026\",\"inLanguage\":\"fr-FR\",\"potentialAction\":[{\"@type\":\"ReadAction\",\"target\":[\"https:\/\/sport-index.fr\/blog\/a-la-une\/les-francais-eclatent-au-championnat-deurope-de-vitesse-par-equipes-a-heusden-zolder\/\"]}]},{\"@type\":\"ImageObject\",\"inLanguage\":\"fr-FR\",\"@id\":\"https:\/\/sport-index.fr\/blog\/a-la-une\/les-francais-eclatent-au-championnat-deurope-de-vitesse-par-equipes-a-heusden-zolder\/#primaryimage\",\"url\":\"https:\/\/sport-index.fr\/blog\/wp-content\/uploads\/2025\/02\/sdxl-e455531c07eac4da2c82b42e01177233.png\",\"contentUrl\":\"https:\/\/sport-index.fr\/blog\/wp-content\/uploads\/2025\/02\/sdxl-e455531c07eac4da2c82b42e01177233.png\",\"width\":1536,\"height\":640},{\"@type\":\"WebSite\",\"@id\":\"https:\/\/sport-index.fr\/blog\/#website\",\"url\":\"https:\/\/sport-index.fr\/blog\/\",\"name\":\"sport-index.fr\",\"description\":\"Le score de l\u2019analyse sportive.\",\"publisher\":{\"@id\":\"https:\/\/sport-index.fr\/blog\/#organization\"},\"alternateName\":\"Le score de l\u2019analyse sportive.\",\"potentialAction\":[{\"@type\":\"SearchAction\",\"target\":{\"@type\":\"EntryPoint\",\"urlTemplate\":\"https:\/\/sport-index.fr\/blog\/?s={search_term_string}\"},\"query-input\":{\"@type\":\"PropertyValueSpecification\",\"valueRequired\":true,\"valueName\":\"search_term_string\"}}],\"inLanguage\":\"fr-FR\"},{\"@type\":\"Organization\",\"@id\":\"https:\/\/sport-index.fr\/blog\/#organization\",\"name\":\"Foretsensations.fr\",\"url\":\"https:\/\/sport-index.fr\/blog\/\",\"logo\":{\"@type\":\"ImageObject\",\"inLanguage\":\"fr-FR\",\"@id\":\"https:\/\/sport-index.fr\/blog\/#\/schema\/logo\/image\/\",\"url\":\"https:\/\/sport-index.fr\/blog\/wp-content\/uploads\/2026\/07\/logo-auto.png\",\"contentUrl\":\"https:\/\/sport-index.fr\/blog\/wp-content\/uploads\/2026\/07\/logo-auto.png\",\"width\":1024,\"height\":1024,\"caption\":\"Foretsensations.fr\"},\"image\":{\"@id\":\"https:\/\/sport-index.fr\/blog\/#\/schema\/logo\/image\/\"}},{\"@type\":\"Person\",\"@id\":\"https:\/\/sport-index.fr\/blog\/#\/schema\/person\/3c864cdc320801e3db34b663e7e3f816\",\"name\":\"Axel Lauzier\",\"image\":{\"@type\":\"ImageObject\",\"inLanguage\":\"fr-FR\",\"@id\":\"https:\/\/sport-index.fr\/blog\/#\/schema\/person\/image\/\",\"url\":\"https:\/\/sport-index.fr\/blog\/wp-content\/uploads\/2026\/06\/persona_axel-l-96x96.jpg\",\"contentUrl\":\"https:\/\/sport-index.fr\/blog\/wp-content\/uploads\/2026\/06\/persona_axel-l-96x96.jpg\",\"caption\":\"Axel Lauzier\"},\"description\":\"Le sport rythme mon quotidien depuis l'enfance, et j'en ai fait mon m\u00e9tier d'analyste r\u00e9dactionnel il y a une dizaine d'ann\u00e9es. Je couvre principalement le football, son actualit\u00e9, ses transferts et l'analyse tactique des grandes affiches, mais aussi les disciplines plus confidentielles que j'aime remettre en lumi\u00e8re. Une partie de mon travail porte sur les pronostics et la lecture statistique d'un match : forme des \u00e9quipes, historique des confrontations, compositions, sans jamais vendre de fausse certitude. Je rappelle syst\u00e9matiquement que parier comporte un risque et doit rester un loisir ma\u00eetris\u00e9. Avant de signer une analyse, je v\u00e9rifie mes chiffres, je recoupe les compositions probables et je distingue toujours la donn\u00e9e brute de l'intuition. Mon objectif : offrir une lecture honn\u00eate et argument\u00e9e, pas un ticket gagnant garanti.\",\"sameAs\":[\"https:\/\/axellauzier.fr\/\"],\"url\":\"https:\/\/sport-index.fr\/blog\/auteur\/noname\/\"}]}<\/script>\n<!-- \/ Yoast SEO Premium plugin. -->","yoast_head_json":{"title":"Les Fran\u00e7ais \u00e9clatent au championnat d'Europe de vitesse","description":"Lors des r\u00e9cents championnats d'Europe \u00e0 Heusden-Zolder, les coureurs fran\u00e7ais ont prouv\u00e9 qu'ils poss\u00e9daient ces qualit\u00e9s en remportant le titre de\u2026","robots":{"index":"index","follow":"follow","max-snippet":"max-snippet:-1","max-image-preview":"max-image-preview:large","max-video-preview":"max-video-preview:-1"},"canonical":"https:\/\/sport-index.fr\/blog\/a-la-une\/les-francais-eclatent-au-championnat-deurope-de-vitesse-par-equipes-a-heusden-zolder\/","og_locale":"fr_FR","og_type":"article","og_title":"Les Fran\u00e7ais \u00e9clatent au championnat d'Europe de vitesse","og_description":"Lors des r\u00e9cents championnats d'Europe \u00e0 Heusden-Zolder, les coureurs fran\u00e7ais ont prouv\u00e9 qu'ils poss\u00e9daient ces qualit\u00e9s en remportant le titre de\u2026","og_url":"https:\/\/sport-index.fr\/blog\/a-la-une\/les-francais-eclatent-au-championnat-deurope-de-vitesse-par-equipes-a-heusden-zolder\/","og_site_name":"sport-index","author":"Axel Lauzier","twitter_card":"summary_large_image","schema":{"@context":"https:\/\/schema.org","@graph":[{"@type":"NewsArticle","@id":"https:\/\/sport-index.fr\/blog\/a-la-une\/les-francais-eclatent-au-championnat-deurope-de-vitesse-par-equipes-a-heusden-zolder\/#article","isPartOf":{"@id":"https:\/\/sport-index.fr\/blog\/a-la-une\/les-francais-eclatent-au-championnat-deurope-de-vitesse-par-equipes-a-heusden-zolder\/"},"author":{"name":"Axel Lauzier","@id":"https:\/\/sport-index.fr\/blog\/#\/schema\/person\/3c864cdc320801e3db34b663e7e3f816"},"headline":"Les Fran\u00e7ais \u00e9clatent au championnat d&rsquo;Europe de vitesse par \u00e9quipes \u00e0 Heusden-Zolder","datePublished":"2025-02-13T15:01:08+00:00","mainEntityOfPage":{"@id":"https:\/\/sport-index.fr\/blog\/a-la-une\/les-francais-eclatent-au-championnat-deurope-de-vitesse-par-equipes-a-heusden-zolder\/"},"wordCount":553,"commentCount":29,"publisher":{"@id":"https:\/\/sport-index.fr\/blog\/#organization"},"image":{"@id":"https:\/\/sport-index.fr\/blog\/a-la-une\/les-francais-eclatent-au-championnat-deurope-de-vitesse-par-equipes-a-heusden-zolder\/#primaryimage"},"thumbnailUrl":"https:\/\/sport-index.fr\/blog\/wp-content\/uploads\/2025\/02\/sdxl-e455531c07eac4da2c82b42e01177233.png","keywords":["Cyclisme","\u00c9quipe","Gestion Du Stress","Performance sportive","R\u00e9silience"],"articleSection":["\u00c0 la une"],"inLanguage":"fr-FR","potentialAction":[{"@type":"CommentAction","name":"Comment","target":["https:\/\/sport-index.fr\/blog\/a-la-une\/les-francais-eclatent-au-championnat-deurope-de-vitesse-par-equipes-a-heusden-zolder\/#respond"]}]},{"@type":"WebPage","@id":"https:\/\/sport-index.fr\/blog\/a-la-une\/les-francais-eclatent-au-championnat-deurope-de-vitesse-par-equipes-a-heusden-zolder\/","url":"https:\/\/sport-index.fr\/blog\/a-la-une\/les-francais-eclatent-au-championnat-deurope-de-vitesse-par-equipes-a-heusden-zolder\/","name":"Les Fran\u00e7ais \u00e9clatent au championnat d'Europe de vitesse","isPartOf":{"@id":"https:\/\/sport-index.fr\/blog\/#website"},"primaryImageOfPage":{"@id":"https:\/\/sport-index.fr\/blog\/a-la-une\/les-francais-eclatent-au-championnat-deurope-de-vitesse-par-equipes-a-heusden-zolder\/#primaryimage"},"image":{"@id":"https:\/\/sport-index.fr\/blog\/a-la-une\/les-francais-eclatent-au-championnat-deurope-de-vitesse-par-equipes-a-heusden-zolder\/#primaryimage"},"thumbnailUrl":"https:\/\/sport-index.fr\/blog\/wp-content\/uploads\/2025\/02\/sdxl-e455531c07eac4da2c82b42e01177233.png","datePublished":"2025-02-13T15:01:08+00:00","description":"Lors des r\u00e9cents championnats d'Europe \u00e0 Heusden-Zolder, les coureurs fran\u00e7ais ont prouv\u00e9 qu'ils poss\u00e9daient ces qualit\u00e9s en remportant le titre de\u2026","inLanguage":"fr-FR","potentialAction":[{"@type":"ReadAction","target":["https:\/\/sport-index.fr\/blog\/a-la-une\/les-francais-eclatent-au-championnat-deurope-de-vitesse-par-equipes-a-heusden-zolder\/"]}]},{"@type":"ImageObject","inLanguage":"fr-FR","@id":"https:\/\/sport-index.fr\/blog\/a-la-une\/les-francais-eclatent-au-championnat-deurope-de-vitesse-par-equipes-a-heusden-zolder\/#primaryimage","url":"https:\/\/sport-index.fr\/blog\/wp-content\/uploads\/2025\/02\/sdxl-e455531c07eac4da2c82b42e01177233.png","contentUrl":"https:\/\/sport-index.fr\/blog\/wp-content\/uploads\/2025\/02\/sdxl-e455531c07eac4da2c82b42e01177233.png","width":1536,"height":640},{"@type":"WebSite","@id":"https:\/\/sport-index.fr\/blog\/#website","url":"https:\/\/sport-index.fr\/blog\/","name":"sport-index.fr","description":"Le score de l\u2019analyse sportive.","publisher":{"@id":"https:\/\/sport-index.fr\/blog\/#organization"},"alternateName":"Le score de l\u2019analyse sportive.","potentialAction":[{"@type":"SearchAction","target":{"@type":"EntryPoint","urlTemplate":"https:\/\/sport-index.fr\/blog\/?s={search_term_string}"},"query-input":{"@type":"PropertyValueSpecification","valueRequired":true,"valueName":"search_term_string"}}],"inLanguage":"fr-FR"},{"@type":"Organization","@id":"https:\/\/sport-index.fr\/blog\/#organization","name":"Foretsensations.fr","url":"https:\/\/sport-index.fr\/blog\/","logo":{"@type":"ImageObject","inLanguage":"fr-FR","@id":"https:\/\/sport-index.fr\/blog\/#\/schema\/logo\/image\/","url":"https:\/\/sport-index.fr\/blog\/wp-content\/uploads\/2026\/07\/logo-auto.png","contentUrl":"https:\/\/sport-index.fr\/blog\/wp-content\/uploads\/2026\/07\/logo-auto.png","width":1024,"height":1024,"caption":"Foretsensations.fr"},"image":{"@id":"https:\/\/sport-index.fr\/blog\/#\/schema\/logo\/image\/"}},{"@type":"Person","@id":"https:\/\/sport-index.fr\/blog\/#\/schema\/person\/3c864cdc320801e3db34b663e7e3f816","name":"Axel Lauzier","image":{"@type":"ImageObject","inLanguage":"fr-FR","@id":"https:\/\/sport-index.fr\/blog\/#\/schema\/person\/image\/","url":"https:\/\/sport-index.fr\/blog\/wp-content\/uploads\/2026\/06\/persona_axel-l-96x96.jpg","contentUrl":"https:\/\/sport-index.fr\/blog\/wp-content\/uploads\/2026\/06\/persona_axel-l-96x96.jpg","caption":"Axel Lauzier"},"description":"Le sport rythme mon quotidien depuis l'enfance, et j'en ai fait mon m\u00e9tier d'analyste r\u00e9dactionnel il y a une dizaine d'ann\u00e9es. Je couvre principalement le football, son actualit\u00e9, ses transferts et l'analyse tactique des grandes affiches, mais aussi les disciplines plus confidentielles que j'aime remettre en lumi\u00e8re. Une partie de mon travail porte sur les pronostics et la lecture statistique d'un match : forme des \u00e9quipes, historique des confrontations, compositions, sans jamais vendre de fausse certitude. Je rappelle syst\u00e9matiquement que parier comporte un risque et doit rester un loisir ma\u00eetris\u00e9. Avant de signer une analyse, je v\u00e9rifie mes chiffres, je recoupe les compositions probables et je distingue toujours la donn\u00e9e brute de l'intuition. Mon objectif : offrir une lecture honn\u00eate et argument\u00e9e, pas un ticket gagnant garanti.","sameAs":["https:\/\/axellauzier.fr\/"],"url":"https:\/\/sport-index.fr\/blog\/auteur\/noname\/"}]}},"_links":{"self":[{"href":"https:\/\/sport-index.fr\/blog\/wp-json\/wp\/v2\/posts\/8318","targetHints":{"allow":["GET"]}}],"collection":[{"href":"https:\/\/sport-index.fr\/blog\/wp-json\/wp\/v2\/posts"}],"about":[{"href":"https:\/\/sport-index.fr\/blog\/wp-json\/wp\/v2\/types\/post"}],"author":[{"embeddable":true,"href":"https:\/\/sport-index.fr\/blog\/wp-json\/wp\/v2\/users\/34"}],"replies":[{"embeddable":true,"href":"https:\/\/sport-index.fr\/blog\/wp-json\/wp\/v2\/comments?post=8318"}],"version-history":[{"count":1,"href":"https:\/\/sport-index.fr\/blog\/wp-json\/wp\/v2\/posts\/8318\/revisions"}],"predecessor-version":[{"id":8387,"href":"https:\/\/sport-index.fr\/blog\/wp-json\/wp\/v2\/posts\/8318\/revisions\/8387"}],"wp:featuredmedia":[{"embeddable":true,"href":"https:\/\/sport-index.fr\/blog\/wp-json\/wp\/v2\/media\/10473"}],"wp:attachment":[{"href":"https:\/\/sport-index.fr\/blog\/wp-json\/wp\/v2\/media?parent=8318"}],"wp:term":[{"taxonomy":"category","embeddable":true,"href":"https:\/\/sport-index.fr\/blog\/wp-json\/wp\/v2\/categories?post=8318"},{"taxonomy":"post_tag","embeddable":true,"href":"https:\/\/sport-index.fr\/blog\/wp-json\/wp\/v2\/tags?post=8318"}],"curies":[{"name":"wp","href":"https:\/\/api.w.org\/{rel}","templated":true}]}}