{"id":8369,"date":"2026-05-19T14:37:51","date_gmt":"2026-05-19T12:37:51","guid":{"rendered":"https:\/\/sport-index.fr\/blog\/?p=8369"},"modified":"2026-05-19T14:37:51","modified_gmt":"2026-05-19T12:37:51","slug":"les-mondiaux-de-saalbach-marta-bassino-face-a-un-defi-imprevu-lors-du-geant-dames","status":"publish","type":"post","link":"https:\/\/sport-index.fr\/blog\/a-la-une\/les-mondiaux-de-saalbach-marta-bassino-face-a-un-defi-imprevu-lors-du-geant-dames\/","title":{"rendered":"Les mondiaux de Saalbach : Marta Bassino face \u00e0 un d\u00e9fi impr\u00e9vu lors du g\u00e9ant dames"},"content":{"rendered":"<div style=\"background:linear-gradient(135deg,#f4f9f6 0%,#ffffff 100%);border-left:4px solid #2a5f3f;padding:22px 26px;margin:0 0 28px;border-radius:6px;\">\n<div style=\"display:flex;flex-wrap:wrap;gap:14px;align-items:center;font-size:12px;letter-spacing:1.5px;text-transform:uppercase;color:#2a5f3f;font-weight:700;\">\n<span>Ski alpin<\/span><span style=\"color:#bbb;\">\u2022<\/span><span>Mondiaux 2025<\/span><span style=\"color:#bbb;\">\u2022<\/span><span>Saalbach-Hinterglemm<\/span><span style=\"color:#bbb;\">\u2022<\/span><span>G\u00e9ant dames<\/span>\n<\/div>\n<p style=\"margin:14px 0 0;font-size:18px;line-height:1.6;color:#243024;\"><strong>Marta Bassino<\/strong> arrivait aux Championnats du monde de <strong>Saalbach<\/strong> avec un statut d&rsquo;ex-num\u00e9ro un mondial de la sp\u00e9cialit\u00e9. La premi\u00e8re manche du g\u00e9ant dames a pourtant vir\u00e9 au cauchemar : une faute technique pr\u00e9coce, l&rsquo;\u00e9limination, et une question lancinante sur la forme de l&rsquo;Italienne \u00e0 mi-saison.<\/p>\n<\/div>\n<h2>Marta Bassino et son parcours en dents de scie<\/h2>\n<p>Marta Bassino, ancienne laur\u00e9ate de la Coupe du monde de g\u00e9ant, se pr\u00e9sentait aux Championnats du monde avec de grandes ambitions. Malheureusement, elle a rencontr\u00e9 des difficult\u00e9s lors de la premi\u00e8re manche \u00e0 Saalbach, ce qui a mis en lumi\u00e8re son manque de rythme. Une erreur technique, souvent fatale dans cette discipline, a conduit \u00e0 son \u00e9limination pr\u00e9matur\u00e9e.<\/p>\n<p>Les attentes \u00e9taient \u00e9lev\u00e9es pour la skieuse italienne, qui avait r\u00e9cemment fait preuve de potentiel lors de ses pr\u00e9c\u00e9dentes comp\u00e9titions. Cette chute inattendue a suscit\u00e9 des interrogations sur sa pr\u00e9paration et son \u00e9tat de forme. Les comp\u00e9titions de ski alpin sont impitoyables, et chaque erreur peut avoir des cons\u00e9quences dramatiques sur le classement.<\/p>\n<div style=\"display:grid;grid-template-columns:repeat(auto-fit,minmax(180px,1fr));gap:14px;margin:30px 0;\">\n<div style=\"background:#ffffff;border:1px solid #e3ede6;border-top:3px solid #2a5f3f;padding:18px;border-radius:8px;text-align:center;\">\n<div style=\"font-size:32px;font-weight:800;color:#2a5f3f;line-height:1;\">2021<\/div>\n<div style=\"font-size:12px;color:#5a6b5e;margin-top:6px;text-transform:uppercase;letter-spacing:1px;\">Globe de g\u00e9ant<\/div>\n<\/div>\n<div style=\"background:#ffffff;border:1px solid #e3ede6;border-top:3px solid #2a5f3f;padding:18px;border-radius:8px;text-align:center;\">\n<div style=\"font-size:32px;font-weight:800;color:#2a5f3f;line-height:1;\">28<span style=\"font-size:18px;\">ans<\/span><\/div>\n<div style=\"font-size:12px;color:#5a6b5e;margin-top:6px;text-transform:uppercase;letter-spacing:1px;\">\u00c2ge au d\u00e9part<\/div>\n<\/div>\n<div style=\"background:#ffffff;border:1px solid #e3ede6;border-top:3px solid #2a5f3f;padding:18px;border-radius:8px;text-align:center;\">\n<div style=\"font-size:32px;font-weight:800;color:#2a5f3f;line-height:1;\">1<span style=\"font-size:18px;\">re<\/span><\/div>\n<div style=\"font-size:12px;color:#5a6b5e;margin-top:6px;text-transform:uppercase;letter-spacing:1px;\">Manche fatale<\/div>\n<\/div>\n<div style=\"background:#ffffff;border:1px solid #e3ede6;border-top:3px solid #2a5f3f;padding:18px;border-radius:8px;text-align:center;\">\n<div style=\"font-size:32px;font-weight:800;color:#2a5f3f;line-height:1;\">DNF<\/div>\n<div style=\"font-size:12px;color:#5a6b5e;margin-top:6px;text-transform:uppercase;letter-spacing:1px;\">Verdict Saalbach<\/div>\n<\/div>\n<\/div>\n<div style=\"background:#fafcfb;border:1px solid #e3ede6;border-radius:8px;padding:24px;margin:28px 0;\">\n<div style=\"font-size:11px;letter-spacing:2px;text-transform:uppercase;color:#2a5f3f;font-weight:700;margin-bottom:10px;\">Le contexte sportif<\/div>\n<p style=\"margin:0;line-height:1.7;color:#2a3328;\">\u00c0 l&rsquo;aube du g\u00e9ant de Saalbach, Bassino restait sur une saison de Coupe du monde en demi-teinte, avec peu de top-10 et une lecture des trac\u00e9s moins tranch\u00e9e qu&rsquo;\u00e0 son apog\u00e9e. La piste autrichienne du Zw\u00f6lferkogel, exigeante dans sa partie sup\u00e9rieure et roulante en bas, ne pardonnait aucune approximation. Les vibrations dans les encha\u00eenements rapides ont rapidement r\u00e9v\u00e9l\u00e9 le manque de fluidit\u00e9 de l&rsquo;Italienne.<\/p>\n<\/div>\n<h2>Les enjeux des Championnats du monde de ski alpin<\/h2>\n<p>Les Championnats du monde de ski alpin repr\u00e9sentent le summum de la comp\u00e9tition pour les skieurs. Avec des athl\u00e8tes venant des quatre coins du globe, la pression est palpable et chaque course est un test ultime de comp\u00e9tence et de r\u00e9silience. Les participants doivent constamment jongler entre la technique, la vitesse et la strat\u00e9gie pour obtenir un bon r\u00e9sultat.<\/p>\n<p>Pour les spectateurs, ces \u00e9v\u00e9nements sont une v\u00e9ritable c\u00e9l\u00e9bration du sport. Ils offrent une occasion unique de voir les meilleurs skieurs en action, mais aussi de ressentir l&rsquo;adr\u00e9naline et l&rsquo;\u00e9motion qui accompagnent chaque descente. La chute de Bassino a rappel\u00e9 que, malgr\u00e9 les comp\u00e9tences impressionnantes des athl\u00e8tes, le ski alpin peut \u00eatre impr\u00e9visible.<\/p>\n<div style=\"background:#ffffff;border:1px solid #e3ede6;border-radius:8px;overflow:hidden;margin:28px 0;\">\n<div style=\"background:#2a5f3f;color:#ffffff;padding:14px 22px;font-size:13px;letter-spacing:2px;text-transform:uppercase;font-weight:700;\">Anatomie d&rsquo;une \u00e9limination<\/div>\n<div style=\"display:grid;grid-template-columns:repeat(auto-fit,minmax(220px,1fr));gap:0;\">\n<div style=\"padding:20px;border-right:1px solid #e3ede6;\">\n<div style=\"font-size:11px;letter-spacing:1.5px;text-transform:uppercase;color:#2a5f3f;font-weight:700;margin-bottom:6px;\">Phase 1 \u2014 D\u00e9part<\/div>\n<div style=\"font-size:14px;line-height:1.6;color:#2a3328;\">\u00c9lancement propre dans le portillon, premi\u00e8res portes en appui correct mais sans la signature a\u00e9rienne qui caract\u00e9risait la championne de 2021.<\/div>\n<\/div>\n<div style=\"padding:20px;border-right:1px solid #e3ede6;\">\n<div style=\"font-size:11px;letter-spacing:1.5px;text-transform:uppercase;color:#2a5f3f;font-weight:700;margin-bottom:6px;\">Phase 2 \u2014 Mur<\/div>\n<div style=\"font-size:14px;line-height:1.6;color:#2a3328;\">Le trac\u00e9 s&rsquo;acc\u00e9l\u00e8re, la ligne se r\u00e9tr\u00e9cit, les appuis carrent sur le ski ext\u00e9rieur. Bassino sort d&rsquo;un quart de virage en retard sur la porte suivante.<\/div>\n<\/div>\n<div style=\"padding:20px;\">\n<div style=\"font-size:11px;letter-spacing:1.5px;text-transform:uppercase;color:#c0392b;font-weight:700;margin-bottom:6px;\">Phase 3 \u2014 Faute<\/div>\n<div style=\"font-size:14px;line-height:1.6;color:#2a3328;\">Bascule \u00e0 l&rsquo;int\u00e9rieur, ski ext\u00e9rieur qui d\u00e9croche, impossible de raccrocher la porte suivante : DNF, le rideau tombe d\u00e8s la premi\u00e8re manche.<\/div>\n<\/div>\n<\/div>\n<\/div>\n<h2>Les le\u00e7ons \u00e0 tirer de cette comp\u00e9tition<\/h2>\n<p>L&rsquo;\u00e9limination de Marta Bassino soul\u00e8ve plusieurs questions sur la pr\u00e9paration mentale et technique des athl\u00e8tes. Les skieurs doivent non seulement ma\u00eetriser leur technique, mais aussi apprendre \u00e0 g\u00e9rer la pression des comp\u00e9titions majeures. Une erreur, aussi petite soit-elle, peut co\u00fbter une place sur le podium.<\/p>\n<p>Il est essentiel que les athl\u00e8tes tirent des enseignements de chaque exp\u00e9rience, qu&rsquo;elle soit positive ou n\u00e9gative. La pers\u00e9v\u00e9rance et la capacit\u00e9 \u00e0 rebondir apr\u00e8s un \u00e9chec sont des qualit\u00e9s indispensables dans le monde du sport de haut niveau. Comme le dit si bien Marta Bassino :<\/p>\n<div style=\"background:linear-gradient(135deg,#2a5f3f 0%,#1f4730 100%);color:#ffffff;padding:32px 28px;margin:28px 0;border-radius:8px;position:relative;\">\n<div style=\"position:absolute;top:8px;left:18px;font-family:Georgia,serif;font-size:80px;line-height:1;opacity:0.25;\">\u00ab\u00a0<\/div>\n<blockquote style=\"margin:0;padding:0 0 0 50px;font-family:Georgia,serif;font-size:22px;line-height:1.5;font-style:italic;border:none;\"><p>Chaque course est une nouvelle opportunit\u00e9 d&rsquo;apprendre et de grandir.<\/p><\/blockquote>\n<div style=\"margin:14px 0 0 50px;font-size:12px;letter-spacing:2px;text-transform:uppercase;opacity:0.8;\">\u2014 Marta Bassino<\/div>\n<\/div>\n<ul>\n<li>Importance de la pr\u00e9paration mentale<\/li>\n<li>Gestion de la pression lors des comp\u00e9titions<\/li>\n<li>Analyse des erreurs pour progresser<\/li>\n<li>R\u00f4le des entra\u00eeneurs dans la formation des athl\u00e8tes<\/li>\n<li>Impact des conditions de course sur la performance<\/li>\n<\/ul>\n<h2>Saalbach 2025 : un rendez-vous \u00e0 plusieurs visages<\/h2>\n<div style=\"display:grid;grid-template-columns:repeat(auto-fit,minmax(240px,1fr));gap:18px;margin:24px 0 28px;\">\n<div style=\"background:#ffffff;border:1px solid #e3ede6;padding:22px;border-radius:8px;\">\n<div style=\"display:inline-block;background:#2a5f3f;color:#fff;font-size:11px;letter-spacing:1.5px;text-transform:uppercase;font-weight:700;padding:4px 10px;border-radius:4px;margin-bottom:10px;\">Le site<\/div>\n<h3 style=\"margin:0 0 8px;font-size:16px;color:#1a2c1e;\">Zw\u00f6lferkogel<\/h3>\n<p style=\"margin:0;font-size:14px;line-height:1.6;color:#3d4a3e;\">Piste autrichienne mythique qui accueille r\u00e9guli\u00e8rement le cirque blanc en Coupe du monde. Profil polyvalent, mur sup\u00e9rieur exigeant, partie basse tactique pour la lecture des changements de rythme.<\/p>\n<\/div>\n<div style=\"background:#ffffff;border:1px solid #e3ede6;padding:22px;border-radius:8px;\">\n<div style=\"display:inline-block;background:#2a5f3f;color:#fff;font-size:11px;letter-spacing:1.5px;text-transform:uppercase;font-weight:700;padding:4px 10px;border-radius:4px;margin-bottom:10px;\">La discipline<\/div>\n<h3 style=\"margin:0 0 8px;font-size:16px;color:#1a2c1e;\">Slalom g\u00e9ant<\/h3>\n<p style=\"margin:0;font-size:14px;line-height:1.6;color:#3d4a3e;\">Deux manches, addition des temps. Espacement plus large qu&rsquo;en slalom, virages plus amples, vitesses \u00e9lev\u00e9es : la discipline reine pour les techniciennes qui savent dompter les courbes longues.<\/p>\n<\/div>\n<div style=\"background:#ffffff;border:1px solid #e3ede6;padding:22px;border-radius:8px;\">\n<div style=\"display:inline-block;background:#2a5f3f;color:#fff;font-size:11px;letter-spacing:1.5px;text-transform:uppercase;font-weight:700;padding:4px 10px;border-radius:4px;margin-bottom:10px;\">L&rsquo;athl\u00e8te<\/div>\n<h3 style=\"margin:0 0 8px;font-size:16px;color:#1a2c1e;\">Marta Bassino<\/h3>\n<p style=\"margin:0;font-size:14px;line-height:1.6;color:#3d4a3e;\">Pi\u00e9montaise n\u00e9e \u00e0 Borgo San Dalmazzo. Petit globe de g\u00e9ant 2020-2021, m\u00e9daille d&rsquo;or mondiale en super-G \u00e0 Courchevel 2023. Profil technicien, lecture fine, transition d&rsquo;appuis tr\u00e8s propre quand le rythme est trouv\u00e9.<\/p>\n<\/div>\n<\/div>\n<div style=\"background:#f4f9f6;border-left:3px solid #2a5f3f;padding:22px 26px;margin:28px 0;border-radius:0 8px 8px 0;\">\n<div style=\"font-size:11px;letter-spacing:2px;text-transform:uppercase;color:#2a5f3f;font-weight:700;margin-bottom:12px;\">D\u00e9cryptage technique<\/div>\n<p style=\"margin:0 0 12px;font-size:15px;line-height:1.7;color:#2a3328;\">Une \u00e9limination en g\u00e9ant ne se r\u00e9sume jamais \u00e0 un seul geste. Trois familles de causes se combinent presque toujours dans la chute d&rsquo;une cadre comme Bassino :<\/p>\n<div style=\"display:grid;grid-template-columns:repeat(auto-fit,minmax(160px,1fr));gap:14px;margin-top:6px;\">\n<div style=\"background:#ffffff;padding:14px;border-radius:6px;\">\n<div style=\"font-size:13px;font-weight:700;color:#2a5f3f;margin-bottom:4px;\">Mat\u00e9riel<\/div>\n<div style=\"font-size:13px;color:#3d4a3e;line-height:1.5;\">Choix du fart, duret\u00e9 de la semelle, courbe du ski : un setup mal cal\u00e9 sur la neige du jour p\u00e9nalise les appuis.<\/div>\n<\/div>\n<div style=\"background:#ffffff;padding:14px;border-radius:6px;\">\n<div style=\"font-size:13px;font-weight:700;color:#2a5f3f;margin-bottom:4px;\">Lecture du trac\u00e9<\/div>\n<div style=\"font-size:13px;color:#3d4a3e;line-height:1.5;\">Reconna\u00eetre la ligne id\u00e9ale dans une inspection limit\u00e9e demande une m\u00e9moire visuelle et un instinct entretenus par la r\u00e9p\u00e9tition.<\/div>\n<\/div>\n<div style=\"background:#ffffff;padding:14px;border-radius:6px;\">\n<div style=\"font-size:13px;font-weight:700;color:#2a5f3f;margin-bottom:4px;\">\u00c9tat de forme<\/div>\n<div style=\"font-size:13px;color:#3d4a3e;line-height:1.5;\">La gestuelle se d\u00e9grade d\u00e8s que la confiance vacille : l&rsquo;athl\u00e8te bascule sur l&rsquo;arri\u00e8re, attaque tard, sort de l&rsquo;axe.<\/div>\n<\/div>\n<\/div>\n<\/div>\n<h2>Un signal d&rsquo;alarme pour la Squadra Azzurra<\/h2>\n<div style=\"display:grid;grid-template-columns:repeat(auto-fit,minmax(260px,1fr));gap:0;margin:24px 0 28px;border:1px solid #e3ede6;border-radius:8px;overflow:hidden;\">\n<div style=\"padding:22px;background:#ffffff;border-right:1px solid #e3ede6;\">\n<div style=\"font-size:11px;letter-spacing:2px;text-transform:uppercase;color:#2a5f3f;font-weight:700;margin-bottom:10px;\">C\u00f4t\u00e9 Italie<\/div>\n<p style=\"margin:0;font-size:14px;line-height:1.65;color:#2a3328;\">La f\u00e9d\u00e9ration italienne, qui mise gros sur Cortina 2026 \u00e0 domicile, attendait beaucoup de cette r\u00e9p\u00e9tition g\u00e9n\u00e9rale alpine. La sortie pr\u00e9coce de Bassino oblige le staff \u00e0 recalibrer la hi\u00e9rarchie interne et \u00e0 donner davantage de minutes \u00e0 la jeune garde.<\/p>\n<\/div>\n<div style=\"padding:22px;background:#fafcfb;\">\n<div style=\"font-size:11px;letter-spacing:2px;text-transform:uppercase;color:#2a5f3f;font-weight:700;margin-bottom:10px;\">C\u00f4t\u00e9 Bassino<\/div>\n<p style=\"margin:0;font-size:14px;line-height:1.65;color:#2a3328;\">L&rsquo;enjeu est double : remettre la machine en marche avant la fin de saison de Coupe du monde et pr\u00e9server le capital de confiance, indispensable pour aborder l&rsquo;ann\u00e9e olympique avec un dossard de leader plut\u00f4t que d&rsquo;outsider.<\/p>\n<\/div>\n<\/div>\n<h2>Foire aux questions sur le g\u00e9ant de Saalbach<\/h2>\n<div style=\"margin:20px 0;\">\n<div style=\"background:#ffffff;border:1px solid #e3ede6;border-radius:8px;padding:18px 22px;margin-bottom:10px;\">\n<div style=\"font-weight:700;color:#1a2c1e;margin-bottom:6px;\">Pourquoi le g\u00e9ant est-il consid\u00e9r\u00e9 comme la discipline reine de la technique ?<\/div>\n<div style=\"font-size:14px;line-height:1.65;color:#3d4a3e;\">Le slalom g\u00e9ant combine vitesse, longueur de courbe et lecture du terrain. Il s\u00e9pare les pures techniciennes des pures vitesseuses, et reste l&rsquo;un des meilleurs indicateurs du niveau global d&rsquo;une skieuse polyvalente.<\/div>\n<\/div>\n<div style=\"background:#ffffff;border:1px solid #e3ede6;border-radius:8px;padding:18px 22px;margin-bottom:10px;\">\n<div style=\"font-weight:700;color:#1a2c1e;margin-bottom:6px;\">Que repr\u00e9sente Saalbach dans le calendrier mondial ?<\/div>\n<div style=\"font-size:14px;line-height:1.65;color:#3d4a3e;\">Saalbach-Hinterglemm a accueilli les finales de la Coupe du monde en 1991 et 2024 avant d&rsquo;organiser ces Championnats du monde. La station autrichienne est reconnue pour la qualit\u00e9 de sa neige et la fiabilit\u00e9 de son organisation.<\/div>\n<\/div>\n<div style=\"background:#ffffff;border:1px solid #e3ede6;border-radius:8px;padding:18px 22px;margin-bottom:10px;\">\n<div style=\"font-weight:700;color:#1a2c1e;margin-bottom:6px;\">Comment une faute en premi\u00e8re manche est-elle \u00e9liminatoire ?<\/div>\n<div style=\"font-size:14px;line-height:1.65;color:#3d4a3e;\">Toute porte manqu\u00e9e ou enfourch\u00e9e entra\u00eene la disqualification imm\u00e9diate (DNF). Sans temps en manche 1, l&rsquo;athl\u00e8te ne peut tout simplement pas se pr\u00e9senter au d\u00e9part de la manche 2.<\/div>\n<\/div>\n<div style=\"background:#ffffff;border:1px solid #e3ede6;border-radius:8px;padding:18px 22px;\">\n<div style=\"font-weight:700;color:#1a2c1e;margin-bottom:6px;\">Bassino peut-elle rebondir d&rsquo;ici Cortina 2026 ?<\/div>\n<div style=\"font-size:14px;line-height:1.65;color:#3d4a3e;\">Son palmar\u00e8s, son exp\u00e9rience et la dynamique d&rsquo;un calendrier olympique \u00e0 domicile plaident pour un retour offensif. Tout d\u00e9pendra de la qualit\u00e9 du travail technique men\u00e9 entre Saalbach et l&rsquo;\u00e9t\u00e9 pr\u00e9c\u00e9dant l&rsquo;\u00e9ch\u00e9ance.<\/div>\n<\/div>\n<\/div>\n<p>Les Championnats du monde de ski alpin \u00e0 Saalbach sont un rappel que le sport, malgr\u00e9 sa beaut\u00e9, peut \u00eatre impitoyable. Les athl\u00e8tes comme Marta Bassino doivent naviguer \u00e0 travers des d\u00e9fis constants pour atteindre le sommet de leur discipline. C&rsquo;est cette combinaison de passion, de d\u00e9termination et de r\u00e9silience qui fait la grandeur du ski alpin.<\/p>\n<div style=\"background:#1a2c1e;color:#ffffff;padding:26px;margin:30px 0 0;border-radius:8px;text-align:center;\">\n<div style=\"font-size:11px;letter-spacing:3px;text-transform:uppercase;color:#9bc4a8;font-weight:700;margin-bottom:10px;\">\u00c0 retenir<\/div>\n<p style=\"margin:0;font-size:16px;line-height:1.65;\">Une faute, une porte manqu\u00e9e, et la saison d&rsquo;une favorite bascule. Marta Bassino quitte Saalbach sans m\u00e9daille mais avec une exp\u00e9rience \u00e0 dig\u00e9rer \u2014 exactement ce dont elle aura besoin pour relancer sa course vers <strong style=\"color:#9bc4a8;\">Milano-Cortina 2026<\/strong>.<\/p>\n<\/div>\n","protected":false},"excerpt":{"rendered":"","protected":false},"author":34,"featured_media":10922,"comment_status":"open","ping_status":"open","sticky":false,"template":"","format":"standard","meta":{"_acf_changed":false,"manual_indexmenow":false,"indexmenow_id_project":0,"footnotes":""},"categories":[1],"tags":[4707,4632,4885,4408,4591],"class_list":["post-8369","post","type-post","status-publish","format-standard","has-post-thumbnail","hentry","category-a-la-une","tag-gestion-de-la-pression","tag-performance-sportive","tag-preparation-mentale","tag-resilience","tag-ski-alpin","generate-columns","tablet-grid-50","mobile-grid-100","grid-parent","grid-25"],"acf":[],"yoast_head":"<!-- This site is optimized with the Yoast SEO Premium plugin v21.3 (Yoast SEO v26.5) - https:\/\/yoast.com\/wordpress\/plugins\/seo\/ -->\n<title>Les mondiaux de Saalbach : Marta Bassino face \u00e0 un d\u00e9fi<\/title>\n<meta name=\"description\" content=\"Ski alpin \u2022 Mondiaux 2025 \u2022 Saalbach-Hinterglemm \u2022 G\u00e9ant dames Marta Bassino arrivait aux Championnats du monde de Saalbach avec un statut d&#039;ex-num\u00e9ro un\u2026\" \/>\n<meta name=\"robots\" content=\"index, follow, max-snippet:-1, max-image-preview:large, max-video-preview:-1\" \/>\n<link rel=\"canonical\" href=\"https:\/\/sport-index.fr\/blog\/a-la-une\/les-mondiaux-de-saalbach-marta-bassino-face-a-un-defi-imprevu-lors-du-geant-dames\/\" \/>\n<meta property=\"og:locale\" content=\"fr_FR\" \/>\n<meta property=\"og:type\" content=\"article\" \/>\n<meta property=\"og:title\" content=\"Les mondiaux de Saalbach : Marta Bassino face \u00e0 un d\u00e9fi\" \/>\n<meta property=\"og:description\" content=\"Ski alpin \u2022 Mondiaux 2025 \u2022 Saalbach-Hinterglemm \u2022 G\u00e9ant dames Marta Bassino arrivait aux Championnats du monde de Saalbach avec un statut d&#039;ex-num\u00e9ro un\u2026\" \/>\n<meta property=\"og:url\" content=\"https:\/\/sport-index.fr\/blog\/a-la-une\/les-mondiaux-de-saalbach-marta-bassino-face-a-un-defi-imprevu-lors-du-geant-dames\/\" \/>\n<meta property=\"og:site_name\" content=\"sport-index\" \/>\n<meta name=\"author\" content=\"Axel Lauzier\" \/>\n<meta name=\"twitter:card\" content=\"summary_large_image\" \/>\n<script type=\"application\/ld+json\" class=\"yoast-schema-graph\">{\"@context\":\"https:\/\/schema.org\",\"@graph\":[{\"@type\":\"NewsArticle\",\"@id\":\"https:\/\/sport-index.fr\/blog\/a-la-une\/les-mondiaux-de-saalbach-marta-bassino-face-a-un-defi-imprevu-lors-du-geant-dames\/#article\",\"isPartOf\":{\"@id\":\"https:\/\/sport-index.fr\/blog\/a-la-une\/les-mondiaux-de-saalbach-marta-bassino-face-a-un-defi-imprevu-lors-du-geant-dames\/\"},\"author\":{\"name\":\"Axel Lauzier\",\"@id\":\"https:\/\/sport-index.fr\/blog\/#\/schema\/person\/3c864cdc320801e3db34b663e7e3f816\"},\"headline\":\"Les mondiaux de Saalbach : Marta Bassino face \u00e0 un d\u00e9fi impr\u00e9vu lors du g\u00e9ant dames\",\"datePublished\":\"2026-05-19T12:37:51+00:00\",\"mainEntityOfPage\":{\"@id\":\"https:\/\/sport-index.fr\/blog\/a-la-une\/les-mondiaux-de-saalbach-marta-bassino-face-a-un-defi-imprevu-lors-du-geant-dames\/\"},\"wordCount\":1318,\"commentCount\":20,\"publisher\":{\"@id\":\"https:\/\/sport-index.fr\/blog\/#organization\"},\"image\":{\"@id\":\"https:\/\/sport-index.fr\/blog\/a-la-une\/les-mondiaux-de-saalbach-marta-bassino-face-a-un-defi-imprevu-lors-du-geant-dames\/#primaryimage\"},\"thumbnailUrl\":\"https:\/\/sport-index.fr\/blog\/wp-content\/uploads\/2025\/02\/sdxl-8decc0928cd70b619e30c426208a3a99.png\",\"keywords\":[\"Gestion de la Pression\",\"Performance sportive\",\"Pr\u00e9paration Mentale\",\"R\u00e9silience\",\"Ski Alpin\"],\"articleSection\":[\"\u00c0 la une\"],\"inLanguage\":\"fr-FR\",\"potentialAction\":[{\"@type\":\"CommentAction\",\"name\":\"Comment\",\"target\":[\"https:\/\/sport-index.fr\/blog\/a-la-une\/les-mondiaux-de-saalbach-marta-bassino-face-a-un-defi-imprevu-lors-du-geant-dames\/#respond\"]}]},{\"@type\":\"WebPage\",\"@id\":\"https:\/\/sport-index.fr\/blog\/a-la-une\/les-mondiaux-de-saalbach-marta-bassino-face-a-un-defi-imprevu-lors-du-geant-dames\/\",\"url\":\"https:\/\/sport-index.fr\/blog\/a-la-une\/les-mondiaux-de-saalbach-marta-bassino-face-a-un-defi-imprevu-lors-du-geant-dames\/\",\"name\":\"Les mondiaux de Saalbach : Marta Bassino face \u00e0 un d\u00e9fi\",\"isPartOf\":{\"@id\":\"https:\/\/sport-index.fr\/blog\/#website\"},\"primaryImageOfPage\":{\"@id\":\"https:\/\/sport-index.fr\/blog\/a-la-une\/les-mondiaux-de-saalbach-marta-bassino-face-a-un-defi-imprevu-lors-du-geant-dames\/#primaryimage\"},\"image\":{\"@id\":\"https:\/\/sport-index.fr\/blog\/a-la-une\/les-mondiaux-de-saalbach-marta-bassino-face-a-un-defi-imprevu-lors-du-geant-dames\/#primaryimage\"},\"thumbnailUrl\":\"https:\/\/sport-index.fr\/blog\/wp-content\/uploads\/2025\/02\/sdxl-8decc0928cd70b619e30c426208a3a99.png\",\"datePublished\":\"2026-05-19T12:37:51+00:00\",\"description\":\"Ski alpin \u2022 Mondiaux 2025 \u2022 Saalbach-Hinterglemm \u2022 G\u00e9ant dames Marta Bassino arrivait aux Championnats du monde de Saalbach avec un statut d'ex-num\u00e9ro un\u2026\",\"inLanguage\":\"fr-FR\",\"potentialAction\":[{\"@type\":\"ReadAction\",\"target\":[\"https:\/\/sport-index.fr\/blog\/a-la-une\/les-mondiaux-de-saalbach-marta-bassino-face-a-un-defi-imprevu-lors-du-geant-dames\/\"]}]},{\"@type\":\"ImageObject\",\"inLanguage\":\"fr-FR\",\"@id\":\"https:\/\/sport-index.fr\/blog\/a-la-une\/les-mondiaux-de-saalbach-marta-bassino-face-a-un-defi-imprevu-lors-du-geant-dames\/#primaryimage\",\"url\":\"https:\/\/sport-index.fr\/blog\/wp-content\/uploads\/2025\/02\/sdxl-8decc0928cd70b619e30c426208a3a99.png\",\"contentUrl\":\"https:\/\/sport-index.fr\/blog\/wp-content\/uploads\/2025\/02\/sdxl-8decc0928cd70b619e30c426208a3a99.png\",\"width\":1536,\"height\":640},{\"@type\":\"WebSite\",\"@id\":\"https:\/\/sport-index.fr\/blog\/#website\",\"url\":\"https:\/\/sport-index.fr\/blog\/\",\"name\":\"sport-index.fr\",\"description\":\"Le score de l\u2019analyse sportive.\",\"publisher\":{\"@id\":\"https:\/\/sport-index.fr\/blog\/#organization\"},\"alternateName\":\"Le score de l\u2019analyse sportive.\",\"potentialAction\":[{\"@type\":\"SearchAction\",\"target\":{\"@type\":\"EntryPoint\",\"urlTemplate\":\"https:\/\/sport-index.fr\/blog\/?s={search_term_string}\"},\"query-input\":{\"@type\":\"PropertyValueSpecification\",\"valueRequired\":true,\"valueName\":\"search_term_string\"}}],\"inLanguage\":\"fr-FR\"},{\"@type\":\"Organization\",\"@id\":\"https:\/\/sport-index.fr\/blog\/#organization\",\"name\":\"Foretsensations.fr\",\"url\":\"https:\/\/sport-index.fr\/blog\/\",\"logo\":{\"@type\":\"ImageObject\",\"inLanguage\":\"fr-FR\",\"@id\":\"https:\/\/sport-index.fr\/blog\/#\/schema\/logo\/image\/\",\"url\":\"https:\/\/sport-index.fr\/blog\/wp-content\/uploads\/2026\/07\/logo-auto.png\",\"contentUrl\":\"https:\/\/sport-index.fr\/blog\/wp-content\/uploads\/2026\/07\/logo-auto.png\",\"width\":1024,\"height\":1024,\"caption\":\"Foretsensations.fr\"},\"image\":{\"@id\":\"https:\/\/sport-index.fr\/blog\/#\/schema\/logo\/image\/\"}},{\"@type\":\"Person\",\"@id\":\"https:\/\/sport-index.fr\/blog\/#\/schema\/person\/3c864cdc320801e3db34b663e7e3f816\",\"name\":\"Axel Lauzier\",\"image\":{\"@type\":\"ImageObject\",\"inLanguage\":\"fr-FR\",\"@id\":\"https:\/\/sport-index.fr\/blog\/#\/schema\/person\/image\/\",\"url\":\"https:\/\/sport-index.fr\/blog\/wp-content\/uploads\/2026\/06\/persona_axel-l-96x96.jpg\",\"contentUrl\":\"https:\/\/sport-index.fr\/blog\/wp-content\/uploads\/2026\/06\/persona_axel-l-96x96.jpg\",\"caption\":\"Axel Lauzier\"},\"description\":\"Le sport rythme mon quotidien depuis l'enfance, et j'en ai fait mon m\u00e9tier d'analyste r\u00e9dactionnel il y a une dizaine d'ann\u00e9es. Je couvre principalement le football, son actualit\u00e9, ses transferts et l'analyse tactique des grandes affiches, mais aussi les disciplines plus confidentielles que j'aime remettre en lumi\u00e8re. Une partie de mon travail porte sur les pronostics et la lecture statistique d'un match : forme des \u00e9quipes, historique des confrontations, compositions, sans jamais vendre de fausse certitude. Je rappelle syst\u00e9matiquement que parier comporte un risque et doit rester un loisir ma\u00eetris\u00e9. Avant de signer une analyse, je v\u00e9rifie mes chiffres, je recoupe les compositions probables et je distingue toujours la donn\u00e9e brute de l'intuition. Mon objectif : offrir une lecture honn\u00eate et argument\u00e9e, pas un ticket gagnant garanti.\",\"sameAs\":[\"https:\/\/axellauzier.fr\/\"],\"url\":\"https:\/\/sport-index.fr\/blog\/auteur\/noname\/\"}]}<\/script>\n<!-- \/ Yoast SEO Premium plugin. -->","yoast_head_json":{"title":"Les mondiaux de Saalbach : Marta Bassino face \u00e0 un d\u00e9fi","description":"Ski alpin \u2022 Mondiaux 2025 \u2022 Saalbach-Hinterglemm \u2022 G\u00e9ant dames Marta Bassino arrivait aux Championnats du monde de Saalbach avec un statut d'ex-num\u00e9ro un\u2026","robots":{"index":"index","follow":"follow","max-snippet":"max-snippet:-1","max-image-preview":"max-image-preview:large","max-video-preview":"max-video-preview:-1"},"canonical":"https:\/\/sport-index.fr\/blog\/a-la-une\/les-mondiaux-de-saalbach-marta-bassino-face-a-un-defi-imprevu-lors-du-geant-dames\/","og_locale":"fr_FR","og_type":"article","og_title":"Les mondiaux de Saalbach : Marta Bassino face \u00e0 un d\u00e9fi","og_description":"Ski alpin \u2022 Mondiaux 2025 \u2022 Saalbach-Hinterglemm \u2022 G\u00e9ant dames Marta Bassino arrivait aux Championnats du monde de Saalbach avec un statut d'ex-num\u00e9ro un\u2026","og_url":"https:\/\/sport-index.fr\/blog\/a-la-une\/les-mondiaux-de-saalbach-marta-bassino-face-a-un-defi-imprevu-lors-du-geant-dames\/","og_site_name":"sport-index","author":"Axel Lauzier","twitter_card":"summary_large_image","schema":{"@context":"https:\/\/schema.org","@graph":[{"@type":"NewsArticle","@id":"https:\/\/sport-index.fr\/blog\/a-la-une\/les-mondiaux-de-saalbach-marta-bassino-face-a-un-defi-imprevu-lors-du-geant-dames\/#article","isPartOf":{"@id":"https:\/\/sport-index.fr\/blog\/a-la-une\/les-mondiaux-de-saalbach-marta-bassino-face-a-un-defi-imprevu-lors-du-geant-dames\/"},"author":{"name":"Axel Lauzier","@id":"https:\/\/sport-index.fr\/blog\/#\/schema\/person\/3c864cdc320801e3db34b663e7e3f816"},"headline":"Les mondiaux de Saalbach : Marta Bassino face \u00e0 un d\u00e9fi impr\u00e9vu lors du g\u00e9ant dames","datePublished":"2026-05-19T12:37:51+00:00","mainEntityOfPage":{"@id":"https:\/\/sport-index.fr\/blog\/a-la-une\/les-mondiaux-de-saalbach-marta-bassino-face-a-un-defi-imprevu-lors-du-geant-dames\/"},"wordCount":1318,"commentCount":20,"publisher":{"@id":"https:\/\/sport-index.fr\/blog\/#organization"},"image":{"@id":"https:\/\/sport-index.fr\/blog\/a-la-une\/les-mondiaux-de-saalbach-marta-bassino-face-a-un-defi-imprevu-lors-du-geant-dames\/#primaryimage"},"thumbnailUrl":"https:\/\/sport-index.fr\/blog\/wp-content\/uploads\/2025\/02\/sdxl-8decc0928cd70b619e30c426208a3a99.png","keywords":["Gestion de la Pression","Performance sportive","Pr\u00e9paration Mentale","R\u00e9silience","Ski Alpin"],"articleSection":["\u00c0 la une"],"inLanguage":"fr-FR","potentialAction":[{"@type":"CommentAction","name":"Comment","target":["https:\/\/sport-index.fr\/blog\/a-la-une\/les-mondiaux-de-saalbach-marta-bassino-face-a-un-defi-imprevu-lors-du-geant-dames\/#respond"]}]},{"@type":"WebPage","@id":"https:\/\/sport-index.fr\/blog\/a-la-une\/les-mondiaux-de-saalbach-marta-bassino-face-a-un-defi-imprevu-lors-du-geant-dames\/","url":"https:\/\/sport-index.fr\/blog\/a-la-une\/les-mondiaux-de-saalbach-marta-bassino-face-a-un-defi-imprevu-lors-du-geant-dames\/","name":"Les mondiaux de Saalbach : Marta Bassino face \u00e0 un d\u00e9fi","isPartOf":{"@id":"https:\/\/sport-index.fr\/blog\/#website"},"primaryImageOfPage":{"@id":"https:\/\/sport-index.fr\/blog\/a-la-une\/les-mondiaux-de-saalbach-marta-bassino-face-a-un-defi-imprevu-lors-du-geant-dames\/#primaryimage"},"image":{"@id":"https:\/\/sport-index.fr\/blog\/a-la-une\/les-mondiaux-de-saalbach-marta-bassino-face-a-un-defi-imprevu-lors-du-geant-dames\/#primaryimage"},"thumbnailUrl":"https:\/\/sport-index.fr\/blog\/wp-content\/uploads\/2025\/02\/sdxl-8decc0928cd70b619e30c426208a3a99.png","datePublished":"2026-05-19T12:37:51+00:00","description":"Ski alpin \u2022 Mondiaux 2025 \u2022 Saalbach-Hinterglemm \u2022 G\u00e9ant dames Marta Bassino arrivait aux Championnats du monde de Saalbach avec un statut d'ex-num\u00e9ro un\u2026","inLanguage":"fr-FR","potentialAction":[{"@type":"ReadAction","target":["https:\/\/sport-index.fr\/blog\/a-la-une\/les-mondiaux-de-saalbach-marta-bassino-face-a-un-defi-imprevu-lors-du-geant-dames\/"]}]},{"@type":"ImageObject","inLanguage":"fr-FR","@id":"https:\/\/sport-index.fr\/blog\/a-la-une\/les-mondiaux-de-saalbach-marta-bassino-face-a-un-defi-imprevu-lors-du-geant-dames\/#primaryimage","url":"https:\/\/sport-index.fr\/blog\/wp-content\/uploads\/2025\/02\/sdxl-8decc0928cd70b619e30c426208a3a99.png","contentUrl":"https:\/\/sport-index.fr\/blog\/wp-content\/uploads\/2025\/02\/sdxl-8decc0928cd70b619e30c426208a3a99.png","width":1536,"height":640},{"@type":"WebSite","@id":"https:\/\/sport-index.fr\/blog\/#website","url":"https:\/\/sport-index.fr\/blog\/","name":"sport-index.fr","description":"Le score de l\u2019analyse sportive.","publisher":{"@id":"https:\/\/sport-index.fr\/blog\/#organization"},"alternateName":"Le score de l\u2019analyse sportive.","potentialAction":[{"@type":"SearchAction","target":{"@type":"EntryPoint","urlTemplate":"https:\/\/sport-index.fr\/blog\/?s={search_term_string}"},"query-input":{"@type":"PropertyValueSpecification","valueRequired":true,"valueName":"search_term_string"}}],"inLanguage":"fr-FR"},{"@type":"Organization","@id":"https:\/\/sport-index.fr\/blog\/#organization","name":"Foretsensations.fr","url":"https:\/\/sport-index.fr\/blog\/","logo":{"@type":"ImageObject","inLanguage":"fr-FR","@id":"https:\/\/sport-index.fr\/blog\/#\/schema\/logo\/image\/","url":"https:\/\/sport-index.fr\/blog\/wp-content\/uploads\/2026\/07\/logo-auto.png","contentUrl":"https:\/\/sport-index.fr\/blog\/wp-content\/uploads\/2026\/07\/logo-auto.png","width":1024,"height":1024,"caption":"Foretsensations.fr"},"image":{"@id":"https:\/\/sport-index.fr\/blog\/#\/schema\/logo\/image\/"}},{"@type":"Person","@id":"https:\/\/sport-index.fr\/blog\/#\/schema\/person\/3c864cdc320801e3db34b663e7e3f816","name":"Axel Lauzier","image":{"@type":"ImageObject","inLanguage":"fr-FR","@id":"https:\/\/sport-index.fr\/blog\/#\/schema\/person\/image\/","url":"https:\/\/sport-index.fr\/blog\/wp-content\/uploads\/2026\/06\/persona_axel-l-96x96.jpg","contentUrl":"https:\/\/sport-index.fr\/blog\/wp-content\/uploads\/2026\/06\/persona_axel-l-96x96.jpg","caption":"Axel Lauzier"},"description":"Le sport rythme mon quotidien depuis l'enfance, et j'en ai fait mon m\u00e9tier d'analyste r\u00e9dactionnel il y a une dizaine d'ann\u00e9es. Je couvre principalement le football, son actualit\u00e9, ses transferts et l'analyse tactique des grandes affiches, mais aussi les disciplines plus confidentielles que j'aime remettre en lumi\u00e8re. Une partie de mon travail porte sur les pronostics et la lecture statistique d'un match : forme des \u00e9quipes, historique des confrontations, compositions, sans jamais vendre de fausse certitude. Je rappelle syst\u00e9matiquement que parier comporte un risque et doit rester un loisir ma\u00eetris\u00e9. Avant de signer une analyse, je v\u00e9rifie mes chiffres, je recoupe les compositions probables et je distingue toujours la donn\u00e9e brute de l'intuition. Mon objectif : offrir une lecture honn\u00eate et argument\u00e9e, pas un ticket gagnant garanti.","sameAs":["https:\/\/axellauzier.fr\/"],"url":"https:\/\/sport-index.fr\/blog\/auteur\/noname\/"}]}},"_links":{"self":[{"href":"https:\/\/sport-index.fr\/blog\/wp-json\/wp\/v2\/posts\/8369","targetHints":{"allow":["GET"]}}],"collection":[{"href":"https:\/\/sport-index.fr\/blog\/wp-json\/wp\/v2\/posts"}],"about":[{"href":"https:\/\/sport-index.fr\/blog\/wp-json\/wp\/v2\/types\/post"}],"author":[{"embeddable":true,"href":"https:\/\/sport-index.fr\/blog\/wp-json\/wp\/v2\/users\/34"}],"replies":[{"embeddable":true,"href":"https:\/\/sport-index.fr\/blog\/wp-json\/wp\/v2\/comments?post=8369"}],"version-history":[{"count":2,"href":"https:\/\/sport-index.fr\/blog\/wp-json\/wp\/v2\/posts\/8369\/revisions"}],"predecessor-version":[{"id":18003,"href":"https:\/\/sport-index.fr\/blog\/wp-json\/wp\/v2\/posts\/8369\/revisions\/18003"}],"wp:featuredmedia":[{"embeddable":true,"href":"https:\/\/sport-index.fr\/blog\/wp-json\/wp\/v2\/media\/10922"}],"wp:attachment":[{"href":"https:\/\/sport-index.fr\/blog\/wp-json\/wp\/v2\/media?parent=8369"}],"wp:term":[{"taxonomy":"category","embeddable":true,"href":"https:\/\/sport-index.fr\/blog\/wp-json\/wp\/v2\/categories?post=8369"},{"taxonomy":"post_tag","embeddable":true,"href":"https:\/\/sport-index.fr\/blog\/wp-json\/wp\/v2\/tags?post=8369"}],"curies":[{"name":"wp","href":"https:\/\/api.w.org\/{rel}","templated":true}]}}