{"id":8371,"date":"2025-02-14T09:55:20","date_gmt":"2025-02-14T08:55:20","guid":{"rendered":"https:\/\/sport-index.fr\/blog\/?p=8371"},"modified":"2025-02-14T09:55:20","modified_gmt":"2025-02-14T08:55:20","slug":"federica-brignone-eblouit-le-monde-du-ski-alpin-avec-un-geant-memorable-a-saalbach","status":"publish","type":"post","link":"https:\/\/sport-index.fr\/blog\/a-la-une\/federica-brignone-eblouit-le-monde-du-ski-alpin-avec-un-geant-memorable-a-saalbach\/","title":{"rendered":"federica brignone \u00e9blouit le monde du ski alpin avec un g\u00e9ant m\u00e9morable \u00e0 saalbach"},"content":{"rendered":"<h2>Federica Brignone, une performance \u00e9clatante<\/h2>\n<p>Federica Brignone a captiv\u00e9 le public lors des championnats du monde de ski alpin \u00e0 Saalbach avec une premi\u00e8re manche impressionnante en slalom g\u00e9ant. Son run, marqu\u00e9 par une ma\u00eetrise exceptionnelle, a surpris m\u00eame les plus sceptiques. L\u2019Italienne a r\u00e9ussi \u00e0 distancer ses concurrentes, notamment la N\u00e9o-Z\u00e9landaise Alice Robinson, qui a termin\u00e9 \u00e0 0&Prime;67 de son temps.<\/p>\n<p>Cette performance a \u00e9t\u00e9 d\u00e9crite par les experts comme un v\u00e9ritable \u00ab num\u00e9ro d&rsquo;\u00e9quilibriste \u00bb, mais Brignone a montr\u00e9 qu&rsquo;elle \u00e9tait en totale ma\u00eetrise de son art. Son contr\u00f4le sur chaque virage et sa vitesse fulgurante en ont fait une des grandes favorites de cette comp\u00e9tition. Les amateurs de ski alpin ont \u00e9t\u00e9 t\u00e9moins d&rsquo;une d\u00e9monstration de talent qui restera grav\u00e9e dans les m\u00e9moires.<\/p>\n<h2>Les enjeux des championnats du monde<\/h2>\n<p>Les championnats du monde de ski alpin \u00e0 Saalbach ne sont pas seulement une simple comp\u00e9tition, ils repr\u00e9sentent le sommet de la discipline. Les athl\u00e8tes viennent du monde entier pour se mesurer et prouver leur valeur sur la sc\u00e8ne internationale. Pour Brignone, ces championnats sont l&rsquo;occasion de briller et de consolider sa r\u00e9putation dans ce sport exigeant.<\/p>\n<p>L\u2019\u00e9dition de cette ann\u00e9e est particuli\u00e8rement comp\u00e9titive, avec des athl\u00e8tes de haut niveau pr\u00eats \u00e0 tout donner. La pression est \u00e9norme, mais Brignone semble l&rsquo;avoir bien g\u00e9r\u00e9e. Son approche strat\u00e9gique et son exp\u00e9rience sur des pistes similaires lui conf\u00e8rent un avantage non n\u00e9gligeable dans cette bataille pour la m\u00e9daille d&rsquo;or.<\/p>\n<h2>Un avenir prometteur pour le ski alpin<\/h2>\n<p>Federica Brignone incarne l\u2019avenir du ski alpin, avec son style unique et son incroyable d\u00e9termination. Sa victoire potentielle \u00e0 Saalbach pourrait inspirer une nouvelle g\u00e9n\u00e9ration de skieurs. En montrant que la passion et le travail acharn\u00e9 portent leurs fruits, elle motive les jeunes talents \u00e0 poursuivre leurs r\u00eaves.<\/p>\n<p>Il est crucial de soutenir les athl\u00e8tes comme Brignone, qui repr\u00e9sentent non seulement leurs pays, mais \u00e9galement l&rsquo;esprit du ski alpin. Leurs succ\u00e8s ouvrent la voie \u00e0 davantage de reconnaissance pour ce sport. La communaut\u00e9 du ski alpin a besoin de figures embl\u00e9matiques pour attirer l&rsquo;attention et encourager les jeunes \u00e0 s&rsquo;engager dans cette discipline passionnante.<\/p>\n<ul>\n<li>Performance exceptionnelle de Brignone \u00e0 Saalbach<\/li>\n<li>Comp\u00e9tition intense avec des athl\u00e8tes de classe mondiale<\/li>\n<li>Importance de soutenir les jeunes talents du ski alpin<\/li>\n<li>Brignone comme mod\u00e8le pour la prochaine g\u00e9n\u00e9ration<\/li>\n<li>Un avenir radieux pour le ski alpin avec des championnats captivants<\/li>\n<\/ul>\n<blockquote><p>\n\u00ab On a cru \u00e0 un num\u00e9ro d&rsquo;\u00e9quilibriste risqu\u00e9, il n&rsquo;en \u00e9tait rien \u00bb, a d\u00e9clar\u00e9 un expert du ski.\n<\/p><\/blockquote>\n<p>Federica Brignone continue de briller dans l&rsquo;univers du ski alpin, prouvant que la passion et la comp\u00e9tence peuvent mener \u00e0 des performances stratosph\u00e9riques. Sa premi\u00e8re manche \u00e0 Saalbach est un exemple parfait de ce que le ski alpin peut offrir en termes de spectacle et d&rsquo;\u00e9motion. Les fans du monde entier attendent avec impatience ses prochaines performances, esp\u00e9rant qu&rsquo;elle continuera \u00e0 \u00e9lever le niveau et \u00e0 inspirer les g\u00e9n\u00e9rations futures.<\/p>\n","protected":false},"excerpt":{"rendered":"","protected":false},"author":34,"featured_media":10439,"comment_status":"open","ping_status":"open","sticky":false,"template":"","format":"standard","meta":{"_acf_changed":false,"manual_indexmenow":false,"indexmenow_id_project":0,"footnotes":""},"categories":[1],"tags":[4615,4527,4561,4632,4591],"class_list":["post-8371","post","type-post","status-publish","format-standard","has-post-thumbnail","hentry","category-a-la-une","tag-communaute-engagee","tag-demi-vollering","tag-gestion-des-talents","tag-performance-sportive","tag-ski-alpin","generate-columns","tablet-grid-50","mobile-grid-100","grid-parent","grid-25"],"acf":[],"yoast_head":"<!-- This site is optimized with the Yoast SEO Premium plugin v21.3 (Yoast SEO v26.5) - https:\/\/yoast.com\/wordpress\/plugins\/seo\/ -->\n<title>federica brignone \u00e9blouit le monde du ski alpin<\/title>\n<meta name=\"description\" content=\"Federica Brignone, une performance \u00e9clatante Federica Brignone a captiv\u00e9 le public lors des championnats du monde de ski alpin \u00e0 Saalbach avec une\u2026\" \/>\n<meta name=\"robots\" content=\"index, follow, max-snippet:-1, max-image-preview:large, max-video-preview:-1\" \/>\n<link rel=\"canonical\" href=\"https:\/\/sport-index.fr\/blog\/a-la-une\/federica-brignone-eblouit-le-monde-du-ski-alpin-avec-un-geant-memorable-a-saalbach\/\" \/>\n<meta property=\"og:locale\" content=\"fr_FR\" \/>\n<meta property=\"og:type\" content=\"article\" \/>\n<meta property=\"og:title\" content=\"federica brignone \u00e9blouit le monde du ski alpin\" \/>\n<meta property=\"og:description\" content=\"Federica Brignone, une performance \u00e9clatante Federica Brignone a captiv\u00e9 le public lors des championnats du monde de ski alpin \u00e0 Saalbach avec une\u2026\" \/>\n<meta property=\"og:url\" content=\"https:\/\/sport-index.fr\/blog\/a-la-une\/federica-brignone-eblouit-le-monde-du-ski-alpin-avec-un-geant-memorable-a-saalbach\/\" \/>\n<meta property=\"og:site_name\" content=\"sport-index\" \/>\n<meta name=\"author\" content=\"Axel Lauzier\" \/>\n<meta name=\"twitter:card\" content=\"summary_large_image\" \/>\n<script type=\"application\/ld+json\" class=\"yoast-schema-graph\">{\"@context\":\"https:\/\/schema.org\",\"@graph\":[{\"@type\":\"NewsArticle\",\"@id\":\"https:\/\/sport-index.fr\/blog\/a-la-une\/federica-brignone-eblouit-le-monde-du-ski-alpin-avec-un-geant-memorable-a-saalbach\/#article\",\"isPartOf\":{\"@id\":\"https:\/\/sport-index.fr\/blog\/a-la-une\/federica-brignone-eblouit-le-monde-du-ski-alpin-avec-un-geant-memorable-a-saalbach\/\"},\"author\":{\"name\":\"Axel Lauzier\",\"@id\":\"https:\/\/sport-index.fr\/blog\/#\/schema\/person\/3c864cdc320801e3db34b663e7e3f816\"},\"headline\":\"federica brignone \u00e9blouit le monde du ski alpin avec un g\u00e9ant m\u00e9morable \u00e0 saalbach\",\"datePublished\":\"2025-02-14T08:55:20+00:00\",\"mainEntityOfPage\":{\"@id\":\"https:\/\/sport-index.fr\/blog\/a-la-une\/federica-brignone-eblouit-le-monde-du-ski-alpin-avec-un-geant-memorable-a-saalbach\/\"},\"wordCount\":548,\"commentCount\":31,\"publisher\":{\"@id\":\"https:\/\/sport-index.fr\/blog\/#organization\"},\"image\":{\"@id\":\"https:\/\/sport-index.fr\/blog\/a-la-une\/federica-brignone-eblouit-le-monde-du-ski-alpin-avec-un-geant-memorable-a-saalbach\/#primaryimage\"},\"thumbnailUrl\":\"https:\/\/sport-index.fr\/blog\/wp-content\/uploads\/2025\/02\/sdxl-fa74782127636c921938bbbb7a1ef228.png\",\"keywords\":[\"Communaut\u00e9 engag\u00e9e\",\"Demi Vollering\",\"Gestion des Talents\",\"Performance sportive\",\"Ski Alpin\"],\"articleSection\":[\"\u00c0 la une\"],\"inLanguage\":\"fr-FR\",\"potentialAction\":[{\"@type\":\"CommentAction\",\"name\":\"Comment\",\"target\":[\"https:\/\/sport-index.fr\/blog\/a-la-une\/federica-brignone-eblouit-le-monde-du-ski-alpin-avec-un-geant-memorable-a-saalbach\/#respond\"]}]},{\"@type\":\"WebPage\",\"@id\":\"https:\/\/sport-index.fr\/blog\/a-la-une\/federica-brignone-eblouit-le-monde-du-ski-alpin-avec-un-geant-memorable-a-saalbach\/\",\"url\":\"https:\/\/sport-index.fr\/blog\/a-la-une\/federica-brignone-eblouit-le-monde-du-ski-alpin-avec-un-geant-memorable-a-saalbach\/\",\"name\":\"federica brignone \u00e9blouit le monde du ski alpin\",\"isPartOf\":{\"@id\":\"https:\/\/sport-index.fr\/blog\/#website\"},\"primaryImageOfPage\":{\"@id\":\"https:\/\/sport-index.fr\/blog\/a-la-une\/federica-brignone-eblouit-le-monde-du-ski-alpin-avec-un-geant-memorable-a-saalbach\/#primaryimage\"},\"image\":{\"@id\":\"https:\/\/sport-index.fr\/blog\/a-la-une\/federica-brignone-eblouit-le-monde-du-ski-alpin-avec-un-geant-memorable-a-saalbach\/#primaryimage\"},\"thumbnailUrl\":\"https:\/\/sport-index.fr\/blog\/wp-content\/uploads\/2025\/02\/sdxl-fa74782127636c921938bbbb7a1ef228.png\",\"datePublished\":\"2025-02-14T08:55:20+00:00\",\"description\":\"Federica Brignone, une performance \u00e9clatante Federica Brignone a captiv\u00e9 le public lors des championnats du monde de ski alpin \u00e0 Saalbach avec une\u2026\",\"inLanguage\":\"fr-FR\",\"potentialAction\":[{\"@type\":\"ReadAction\",\"target\":[\"https:\/\/sport-index.fr\/blog\/a-la-une\/federica-brignone-eblouit-le-monde-du-ski-alpin-avec-un-geant-memorable-a-saalbach\/\"]}]},{\"@type\":\"ImageObject\",\"inLanguage\":\"fr-FR\",\"@id\":\"https:\/\/sport-index.fr\/blog\/a-la-une\/federica-brignone-eblouit-le-monde-du-ski-alpin-avec-un-geant-memorable-a-saalbach\/#primaryimage\",\"url\":\"https:\/\/sport-index.fr\/blog\/wp-content\/uploads\/2025\/02\/sdxl-fa74782127636c921938bbbb7a1ef228.png\",\"contentUrl\":\"https:\/\/sport-index.fr\/blog\/wp-content\/uploads\/2025\/02\/sdxl-fa74782127636c921938bbbb7a1ef228.png\",\"width\":1536,\"height\":640},{\"@type\":\"WebSite\",\"@id\":\"https:\/\/sport-index.fr\/blog\/#website\",\"url\":\"https:\/\/sport-index.fr\/blog\/\",\"name\":\"sport-index.fr\",\"description\":\"Le score de l\u2019analyse sportive.\",\"publisher\":{\"@id\":\"https:\/\/sport-index.fr\/blog\/#organization\"},\"alternateName\":\"Le score de l\u2019analyse sportive.\",\"potentialAction\":[{\"@type\":\"SearchAction\",\"target\":{\"@type\":\"EntryPoint\",\"urlTemplate\":\"https:\/\/sport-index.fr\/blog\/?s={search_term_string}\"},\"query-input\":{\"@type\":\"PropertyValueSpecification\",\"valueRequired\":true,\"valueName\":\"search_term_string\"}}],\"inLanguage\":\"fr-FR\"},{\"@type\":\"Organization\",\"@id\":\"https:\/\/sport-index.fr\/blog\/#organization\",\"name\":\"Foretsensations.fr\",\"url\":\"https:\/\/sport-index.fr\/blog\/\",\"logo\":{\"@type\":\"ImageObject\",\"inLanguage\":\"fr-FR\",\"@id\":\"https:\/\/sport-index.fr\/blog\/#\/schema\/logo\/image\/\",\"url\":\"https:\/\/sport-index.fr\/blog\/wp-content\/uploads\/2026\/07\/logo-auto.png\",\"contentUrl\":\"https:\/\/sport-index.fr\/blog\/wp-content\/uploads\/2026\/07\/logo-auto.png\",\"width\":1024,\"height\":1024,\"caption\":\"Foretsensations.fr\"},\"image\":{\"@id\":\"https:\/\/sport-index.fr\/blog\/#\/schema\/logo\/image\/\"}},{\"@type\":\"Person\",\"@id\":\"https:\/\/sport-index.fr\/blog\/#\/schema\/person\/3c864cdc320801e3db34b663e7e3f816\",\"name\":\"Axel Lauzier\",\"image\":{\"@type\":\"ImageObject\",\"inLanguage\":\"fr-FR\",\"@id\":\"https:\/\/sport-index.fr\/blog\/#\/schema\/person\/image\/\",\"url\":\"https:\/\/sport-index.fr\/blog\/wp-content\/uploads\/2026\/06\/persona_axel-l-96x96.jpg\",\"contentUrl\":\"https:\/\/sport-index.fr\/blog\/wp-content\/uploads\/2026\/06\/persona_axel-l-96x96.jpg\",\"caption\":\"Axel Lauzier\"},\"description\":\"Le sport rythme mon quotidien depuis l'enfance, et j'en ai fait mon m\u00e9tier d'analyste r\u00e9dactionnel il y a une dizaine d'ann\u00e9es. Je couvre principalement le football, son actualit\u00e9, ses transferts et l'analyse tactique des grandes affiches, mais aussi les disciplines plus confidentielles que j'aime remettre en lumi\u00e8re. Une partie de mon travail porte sur les pronostics et la lecture statistique d'un match : forme des \u00e9quipes, historique des confrontations, compositions, sans jamais vendre de fausse certitude. Je rappelle syst\u00e9matiquement que parier comporte un risque et doit rester un loisir ma\u00eetris\u00e9. Avant de signer une analyse, je v\u00e9rifie mes chiffres, je recoupe les compositions probables et je distingue toujours la donn\u00e9e brute de l'intuition. Mon objectif : offrir une lecture honn\u00eate et argument\u00e9e, pas un ticket gagnant garanti.\",\"sameAs\":[\"https:\/\/axellauzier.fr\/\"],\"url\":\"https:\/\/sport-index.fr\/blog\/auteur\/noname\/\"}]}<\/script>\n<!-- \/ Yoast SEO Premium plugin. -->","yoast_head_json":{"title":"federica brignone \u00e9blouit le monde du ski alpin","description":"Federica Brignone, une performance \u00e9clatante Federica Brignone a captiv\u00e9 le public lors des championnats du monde de ski alpin \u00e0 Saalbach avec une\u2026","robots":{"index":"index","follow":"follow","max-snippet":"max-snippet:-1","max-image-preview":"max-image-preview:large","max-video-preview":"max-video-preview:-1"},"canonical":"https:\/\/sport-index.fr\/blog\/a-la-une\/federica-brignone-eblouit-le-monde-du-ski-alpin-avec-un-geant-memorable-a-saalbach\/","og_locale":"fr_FR","og_type":"article","og_title":"federica brignone \u00e9blouit le monde du ski alpin","og_description":"Federica Brignone, une performance \u00e9clatante Federica Brignone a captiv\u00e9 le public lors des championnats du monde de ski alpin \u00e0 Saalbach avec une\u2026","og_url":"https:\/\/sport-index.fr\/blog\/a-la-une\/federica-brignone-eblouit-le-monde-du-ski-alpin-avec-un-geant-memorable-a-saalbach\/","og_site_name":"sport-index","author":"Axel Lauzier","twitter_card":"summary_large_image","schema":{"@context":"https:\/\/schema.org","@graph":[{"@type":"NewsArticle","@id":"https:\/\/sport-index.fr\/blog\/a-la-une\/federica-brignone-eblouit-le-monde-du-ski-alpin-avec-un-geant-memorable-a-saalbach\/#article","isPartOf":{"@id":"https:\/\/sport-index.fr\/blog\/a-la-une\/federica-brignone-eblouit-le-monde-du-ski-alpin-avec-un-geant-memorable-a-saalbach\/"},"author":{"name":"Axel Lauzier","@id":"https:\/\/sport-index.fr\/blog\/#\/schema\/person\/3c864cdc320801e3db34b663e7e3f816"},"headline":"federica brignone \u00e9blouit le monde du ski alpin avec un g\u00e9ant m\u00e9morable \u00e0 saalbach","datePublished":"2025-02-14T08:55:20+00:00","mainEntityOfPage":{"@id":"https:\/\/sport-index.fr\/blog\/a-la-une\/federica-brignone-eblouit-le-monde-du-ski-alpin-avec-un-geant-memorable-a-saalbach\/"},"wordCount":548,"commentCount":31,"publisher":{"@id":"https:\/\/sport-index.fr\/blog\/#organization"},"image":{"@id":"https:\/\/sport-index.fr\/blog\/a-la-une\/federica-brignone-eblouit-le-monde-du-ski-alpin-avec-un-geant-memorable-a-saalbach\/#primaryimage"},"thumbnailUrl":"https:\/\/sport-index.fr\/blog\/wp-content\/uploads\/2025\/02\/sdxl-fa74782127636c921938bbbb7a1ef228.png","keywords":["Communaut\u00e9 engag\u00e9e","Demi Vollering","Gestion des Talents","Performance sportive","Ski Alpin"],"articleSection":["\u00c0 la une"],"inLanguage":"fr-FR","potentialAction":[{"@type":"CommentAction","name":"Comment","target":["https:\/\/sport-index.fr\/blog\/a-la-une\/federica-brignone-eblouit-le-monde-du-ski-alpin-avec-un-geant-memorable-a-saalbach\/#respond"]}]},{"@type":"WebPage","@id":"https:\/\/sport-index.fr\/blog\/a-la-une\/federica-brignone-eblouit-le-monde-du-ski-alpin-avec-un-geant-memorable-a-saalbach\/","url":"https:\/\/sport-index.fr\/blog\/a-la-une\/federica-brignone-eblouit-le-monde-du-ski-alpin-avec-un-geant-memorable-a-saalbach\/","name":"federica brignone \u00e9blouit le monde du ski alpin","isPartOf":{"@id":"https:\/\/sport-index.fr\/blog\/#website"},"primaryImageOfPage":{"@id":"https:\/\/sport-index.fr\/blog\/a-la-une\/federica-brignone-eblouit-le-monde-du-ski-alpin-avec-un-geant-memorable-a-saalbach\/#primaryimage"},"image":{"@id":"https:\/\/sport-index.fr\/blog\/a-la-une\/federica-brignone-eblouit-le-monde-du-ski-alpin-avec-un-geant-memorable-a-saalbach\/#primaryimage"},"thumbnailUrl":"https:\/\/sport-index.fr\/blog\/wp-content\/uploads\/2025\/02\/sdxl-fa74782127636c921938bbbb7a1ef228.png","datePublished":"2025-02-14T08:55:20+00:00","description":"Federica Brignone, une performance \u00e9clatante Federica Brignone a captiv\u00e9 le public lors des championnats du monde de ski alpin \u00e0 Saalbach avec une\u2026","inLanguage":"fr-FR","potentialAction":[{"@type":"ReadAction","target":["https:\/\/sport-index.fr\/blog\/a-la-une\/federica-brignone-eblouit-le-monde-du-ski-alpin-avec-un-geant-memorable-a-saalbach\/"]}]},{"@type":"ImageObject","inLanguage":"fr-FR","@id":"https:\/\/sport-index.fr\/blog\/a-la-une\/federica-brignone-eblouit-le-monde-du-ski-alpin-avec-un-geant-memorable-a-saalbach\/#primaryimage","url":"https:\/\/sport-index.fr\/blog\/wp-content\/uploads\/2025\/02\/sdxl-fa74782127636c921938bbbb7a1ef228.png","contentUrl":"https:\/\/sport-index.fr\/blog\/wp-content\/uploads\/2025\/02\/sdxl-fa74782127636c921938bbbb7a1ef228.png","width":1536,"height":640},{"@type":"WebSite","@id":"https:\/\/sport-index.fr\/blog\/#website","url":"https:\/\/sport-index.fr\/blog\/","name":"sport-index.fr","description":"Le score de l\u2019analyse sportive.","publisher":{"@id":"https:\/\/sport-index.fr\/blog\/#organization"},"alternateName":"Le score de l\u2019analyse sportive.","potentialAction":[{"@type":"SearchAction","target":{"@type":"EntryPoint","urlTemplate":"https:\/\/sport-index.fr\/blog\/?s={search_term_string}"},"query-input":{"@type":"PropertyValueSpecification","valueRequired":true,"valueName":"search_term_string"}}],"inLanguage":"fr-FR"},{"@type":"Organization","@id":"https:\/\/sport-index.fr\/blog\/#organization","name":"Foretsensations.fr","url":"https:\/\/sport-index.fr\/blog\/","logo":{"@type":"ImageObject","inLanguage":"fr-FR","@id":"https:\/\/sport-index.fr\/blog\/#\/schema\/logo\/image\/","url":"https:\/\/sport-index.fr\/blog\/wp-content\/uploads\/2026\/07\/logo-auto.png","contentUrl":"https:\/\/sport-index.fr\/blog\/wp-content\/uploads\/2026\/07\/logo-auto.png","width":1024,"height":1024,"caption":"Foretsensations.fr"},"image":{"@id":"https:\/\/sport-index.fr\/blog\/#\/schema\/logo\/image\/"}},{"@type":"Person","@id":"https:\/\/sport-index.fr\/blog\/#\/schema\/person\/3c864cdc320801e3db34b663e7e3f816","name":"Axel Lauzier","image":{"@type":"ImageObject","inLanguage":"fr-FR","@id":"https:\/\/sport-index.fr\/blog\/#\/schema\/person\/image\/","url":"https:\/\/sport-index.fr\/blog\/wp-content\/uploads\/2026\/06\/persona_axel-l-96x96.jpg","contentUrl":"https:\/\/sport-index.fr\/blog\/wp-content\/uploads\/2026\/06\/persona_axel-l-96x96.jpg","caption":"Axel Lauzier"},"description":"Le sport rythme mon quotidien depuis l'enfance, et j'en ai fait mon m\u00e9tier d'analyste r\u00e9dactionnel il y a une dizaine d'ann\u00e9es. Je couvre principalement le football, son actualit\u00e9, ses transferts et l'analyse tactique des grandes affiches, mais aussi les disciplines plus confidentielles que j'aime remettre en lumi\u00e8re. Une partie de mon travail porte sur les pronostics et la lecture statistique d'un match : forme des \u00e9quipes, historique des confrontations, compositions, sans jamais vendre de fausse certitude. Je rappelle syst\u00e9matiquement que parier comporte un risque et doit rester un loisir ma\u00eetris\u00e9. Avant de signer une analyse, je v\u00e9rifie mes chiffres, je recoupe les compositions probables et je distingue toujours la donn\u00e9e brute de l'intuition. Mon objectif : offrir une lecture honn\u00eate et argument\u00e9e, pas un ticket gagnant garanti.","sameAs":["https:\/\/axellauzier.fr\/"],"url":"https:\/\/sport-index.fr\/blog\/auteur\/noname\/"}]}},"_links":{"self":[{"href":"https:\/\/sport-index.fr\/blog\/wp-json\/wp\/v2\/posts\/8371","targetHints":{"allow":["GET"]}}],"collection":[{"href":"https:\/\/sport-index.fr\/blog\/wp-json\/wp\/v2\/posts"}],"about":[{"href":"https:\/\/sport-index.fr\/blog\/wp-json\/wp\/v2\/types\/post"}],"author":[{"embeddable":true,"href":"https:\/\/sport-index.fr\/blog\/wp-json\/wp\/v2\/users\/34"}],"replies":[{"embeddable":true,"href":"https:\/\/sport-index.fr\/blog\/wp-json\/wp\/v2\/comments?post=8371"}],"version-history":[{"count":1,"href":"https:\/\/sport-index.fr\/blog\/wp-json\/wp\/v2\/posts\/8371\/revisions"}],"predecessor-version":[{"id":8458,"href":"https:\/\/sport-index.fr\/blog\/wp-json\/wp\/v2\/posts\/8371\/revisions\/8458"}],"wp:featuredmedia":[{"embeddable":true,"href":"https:\/\/sport-index.fr\/blog\/wp-json\/wp\/v2\/media\/10439"}],"wp:attachment":[{"href":"https:\/\/sport-index.fr\/blog\/wp-json\/wp\/v2\/media?parent=8371"}],"wp:term":[{"taxonomy":"category","embeddable":true,"href":"https:\/\/sport-index.fr\/blog\/wp-json\/wp\/v2\/categories?post=8371"},{"taxonomy":"post_tag","embeddable":true,"href":"https:\/\/sport-index.fr\/blog\/wp-json\/wp\/v2\/tags?post=8371"}],"curies":[{"name":"wp","href":"https:\/\/api.w.org\/{rel}","templated":true}]}}