{"id":8379,"date":"2025-02-15T05:24:45","date_gmt":"2025-02-15T04:24:45","guid":{"rendered":"https:\/\/sport-index.fr\/blog\/?p=8379"},"modified":"2025-02-15T05:24:45","modified_gmt":"2025-02-15T04:24:45","slug":"tevita-tatafu-absent-contre-bordeaux-une-decision-reflechie-pour-laviron-bayonnais","status":"publish","type":"post","link":"https:\/\/sport-index.fr\/blog\/a-la-une\/tevita-tatafu-absent-contre-bordeaux-une-decision-reflechie-pour-laviron-bayonnais\/","title":{"rendered":"Tevita Tatafu absent contre Bordeaux : une d\u00e9cision r\u00e9fl\u00e9chie pour l&rsquo;Aviron Bayonnais"},"content":{"rendered":"<h2>Une absence qui p\u00e8se sur l&rsquo;\u00e9quipe<\/h2>\n<p>Tevita Tatafu, pilier droit embl\u00e9matique de l&rsquo;Aviron Bayonnais, ne foulera pas la pelouse de Jean Dauger ce week-end face \u00e0 l&rsquo;Union Bordeaux-B\u00e8gles. Cette d\u00e9cision, annonc\u00e9e par le manager Gr\u00e9gory Patat, fait suite \u00e0 une blessure persistante au genou qui l&#8217;emp\u00eache de s&rsquo;entra\u00eener correctement. L&rsquo;absence de Tatafu, un joueur cl\u00e9, pourrait avoir des r\u00e9percussions sur la dynamique de l\u2019\u00e9quipe.<\/p>\n<p>La blessure de Tatafu soul\u00e8ve des inqui\u00e9tudes parmi les supporters et les co\u00e9quipiers. Son exp\u00e9rience et sa force physique sont des atouts majeurs dans la m\u00eal\u00e9e, et son absence n\u00e9cessitera des ajustements tactiques. Les fans esp\u00e8rent que cette d\u00e9cision, bien que difficile, permettra \u00e0 Tatafu de revenir en pleine forme pour les prochains matchs.<\/p>\n<h2>Une gestion prudente de la blessure<\/h2>\n<p>Gr\u00e9gory Patat a soulign\u00e9 l&rsquo;importance de g\u00e9rer la situation avec prudence. Lors d&rsquo;une conf\u00e9rence de presse, il a d\u00e9clar\u00e9 : <\/p>\n<blockquote><p>\u201cTevita va bien, il a une inflammation au niveau du genou, mais nous avons pris le parti d\u2019\u00eatre bienveillants et patients avec lui.\u201d<\/p><\/blockquote>\n<p> Cette approche montre que l\u2019Aviron Bayonnais privil\u00e9gie la sant\u00e9 de ses joueurs sur le court terme.<\/p>\n<p>Le staff technique a pris la d\u00e9cision de ne pas pr\u00e9cipiter le retour de Tatafu, conscient des risques que cela pourrait engendrer. En le mettant au repos, ils esp\u00e8rent qu&rsquo;il pourra participer pleinement aux entra\u00eenements la semaine prochaine. Cette strat\u00e9gie vise \u00e0 \u00e9viter une aggravation de la blessure, garantissant ainsi une pr\u00e9sence durable sur le terrain.<\/p>\n<h2>Un contexte sportif tendu<\/h2>\n<p>La situation de Tevita Tatafu s&rsquo;inscrit dans un contexte sportif plus large, marqu\u00e9 par des tensions entre l&rsquo;Aviron Bayonnais et l&rsquo;Union Bordeaux-B\u00e8gles. R\u00e9cemment, il a \u00e9t\u00e9 rapport\u00e9 que l&rsquo;UBB envisageait des poursuites judiciaires contre Tatafu, suite \u00e0 son choix de prolonger son contrat avec Bayonne jusqu&rsquo;en 2030. Cela a aliment\u00e9 les rumeurs et les sp\u00e9culations sur ses intentions.<\/p>\n<p>Cette situation d\u00e9licate pourrait \u00e9galement affecter les performances des deux \u00e9quipes sur le terrain. L&rsquo;Aviron Bayonnais doit faire face \u00e0 des adversaires redoutables, et l&rsquo;absence de Tatafu pourrait s&rsquo;av\u00e9rer d\u00e9terminante. Les enjeux sont \u00e9lev\u00e9s, et chaque match compte dans la lutte pour le maintien ou l&rsquo;accession \u00e0 de meilleures positions.<\/p>\n<ul>\n<li>Tevita Tatafu est un pilier droit reconnu pour sa puissance.<\/li>\n<li>Son absence pourrait d\u00e9s\u00e9quilibrer la m\u00eal\u00e9e bayonnaise.<\/li>\n<li>Le manager Gr\u00e9gory Patat privil\u00e9gie la sant\u00e9 \u00e0 court terme du joueur.<\/li>\n<li>Les tensions entre Bayonne et Bordeaux ajoutent une dimension suppl\u00e9mentaire \u00e0 cette situation.<\/li>\n<li>Les supporters esp\u00e8rent son retour rapide sur le terrain pour les prochaines rencontres.<\/li>\n<\/ul>\n<p>La situation actuelle de Tevita Tatafu soul\u00e8ve des questions essentielles sur la gestion des blessures dans le sport de haut niveau. Les clubs doivent souvent jongler entre la n\u00e9cessit\u00e9 de performances imm\u00e9diates et la sant\u00e9 \u00e0 long terme de leurs joueurs. L\u2019Aviron Bayonnais semble avoir opt\u00e9 pour la prudence, une d\u00e9cision qui, esp\u00e9rons-le, portera ses fruits. Le retour de Tatafu est attendu avec impatience, tant par son \u00e9quipe que par ses fans fid\u00e8les.<\/p>\n","protected":false},"excerpt":{"rendered":"","protected":false},"author":34,"featured_media":10414,"comment_status":"open","ping_status":"open","sticky":false,"template":"","format":"standard","meta":{"_acf_changed":false,"manual_indexmenow":false,"indexmenow_id_project":0,"footnotes":""},"categories":[1],"tags":[4545,4544,4561,4543,4536],"class_list":["post-8379","post","type-post","status-publish","format-standard","has-post-thumbnail","hentry","category-a-la-une","tag-confiance","tag-equipe","tag-gestion-des-talents","tag-performance","tag-rugby","generate-columns","tablet-grid-50","mobile-grid-100","grid-parent","grid-25"],"acf":[],"yoast_head":"<!-- This site is optimized with the Yoast SEO Premium plugin v21.3 (Yoast SEO v26.5) - https:\/\/yoast.com\/wordpress\/plugins\/seo\/ -->\n<title>Tevita Tatafu absent contre Bordeaux : une d\u00e9cision<\/title>\n<meta name=\"description\" content=\"Une absence qui p\u00e8se sur l&#039;\u00e9quipe Tevita Tatafu, pilier droit embl\u00e9matique de l&#039;Aviron Bayonnais, ne foulera pas la pelouse de Jean Dauger ce week-end\u2026\" \/>\n<meta name=\"robots\" content=\"index, follow, max-snippet:-1, max-image-preview:large, max-video-preview:-1\" \/>\n<link rel=\"canonical\" href=\"https:\/\/sport-index.fr\/blog\/a-la-une\/tevita-tatafu-absent-contre-bordeaux-une-decision-reflechie-pour-laviron-bayonnais\/\" \/>\n<meta property=\"og:locale\" content=\"fr_FR\" \/>\n<meta property=\"og:type\" content=\"article\" \/>\n<meta property=\"og:title\" content=\"Tevita Tatafu absent contre Bordeaux : une d\u00e9cision\" \/>\n<meta property=\"og:description\" content=\"Une absence qui p\u00e8se sur l&#039;\u00e9quipe Tevita Tatafu, pilier droit embl\u00e9matique de l&#039;Aviron Bayonnais, ne foulera pas la pelouse de Jean Dauger ce week-end\u2026\" \/>\n<meta property=\"og:url\" content=\"https:\/\/sport-index.fr\/blog\/a-la-une\/tevita-tatafu-absent-contre-bordeaux-une-decision-reflechie-pour-laviron-bayonnais\/\" \/>\n<meta property=\"og:site_name\" content=\"sport-index\" \/>\n<meta name=\"author\" content=\"Axel Lauzier\" \/>\n<meta name=\"twitter:card\" content=\"summary_large_image\" \/>\n<script type=\"application\/ld+json\" class=\"yoast-schema-graph\">{\"@context\":\"https:\/\/schema.org\",\"@graph\":[{\"@type\":\"NewsArticle\",\"@id\":\"https:\/\/sport-index.fr\/blog\/a-la-une\/tevita-tatafu-absent-contre-bordeaux-une-decision-reflechie-pour-laviron-bayonnais\/#article\",\"isPartOf\":{\"@id\":\"https:\/\/sport-index.fr\/blog\/a-la-une\/tevita-tatafu-absent-contre-bordeaux-une-decision-reflechie-pour-laviron-bayonnais\/\"},\"author\":{\"name\":\"Axel Lauzier\",\"@id\":\"https:\/\/sport-index.fr\/blog\/#\/schema\/person\/3c864cdc320801e3db34b663e7e3f816\"},\"headline\":\"Tevita Tatafu absent contre Bordeaux : une d\u00e9cision r\u00e9fl\u00e9chie pour l&rsquo;Aviron Bayonnais\",\"datePublished\":\"2025-02-15T04:24:45+00:00\",\"mainEntityOfPage\":{\"@id\":\"https:\/\/sport-index.fr\/blog\/a-la-une\/tevita-tatafu-absent-contre-bordeaux-une-decision-reflechie-pour-laviron-bayonnais\/\"},\"wordCount\":554,\"commentCount\":24,\"publisher\":{\"@id\":\"https:\/\/sport-index.fr\/blog\/#organization\"},\"image\":{\"@id\":\"https:\/\/sport-index.fr\/blog\/a-la-une\/tevita-tatafu-absent-contre-bordeaux-une-decision-reflechie-pour-laviron-bayonnais\/#primaryimage\"},\"thumbnailUrl\":\"https:\/\/sport-index.fr\/blog\/wp-content\/uploads\/2025\/02\/sdxl-5e3b2f38a5a72fc64c51bd2d2322cd71.png\",\"keywords\":[\"Confiance\",\"\u00c9quipe\",\"Gestion des Talents\",\"Performance\",\"Rugby\"],\"articleSection\":[\"\u00c0 la une\"],\"inLanguage\":\"fr-FR\",\"potentialAction\":[{\"@type\":\"CommentAction\",\"name\":\"Comment\",\"target\":[\"https:\/\/sport-index.fr\/blog\/a-la-une\/tevita-tatafu-absent-contre-bordeaux-une-decision-reflechie-pour-laviron-bayonnais\/#respond\"]}]},{\"@type\":\"WebPage\",\"@id\":\"https:\/\/sport-index.fr\/blog\/a-la-une\/tevita-tatafu-absent-contre-bordeaux-une-decision-reflechie-pour-laviron-bayonnais\/\",\"url\":\"https:\/\/sport-index.fr\/blog\/a-la-une\/tevita-tatafu-absent-contre-bordeaux-une-decision-reflechie-pour-laviron-bayonnais\/\",\"name\":\"Tevita Tatafu absent contre Bordeaux : une d\u00e9cision\",\"isPartOf\":{\"@id\":\"https:\/\/sport-index.fr\/blog\/#website\"},\"primaryImageOfPage\":{\"@id\":\"https:\/\/sport-index.fr\/blog\/a-la-une\/tevita-tatafu-absent-contre-bordeaux-une-decision-reflechie-pour-laviron-bayonnais\/#primaryimage\"},\"image\":{\"@id\":\"https:\/\/sport-index.fr\/blog\/a-la-une\/tevita-tatafu-absent-contre-bordeaux-une-decision-reflechie-pour-laviron-bayonnais\/#primaryimage\"},\"thumbnailUrl\":\"https:\/\/sport-index.fr\/blog\/wp-content\/uploads\/2025\/02\/sdxl-5e3b2f38a5a72fc64c51bd2d2322cd71.png\",\"datePublished\":\"2025-02-15T04:24:45+00:00\",\"description\":\"Une absence qui p\u00e8se sur l'\u00e9quipe Tevita Tatafu, pilier droit embl\u00e9matique de l'Aviron Bayonnais, ne foulera pas la pelouse de Jean Dauger ce week-end\u2026\",\"inLanguage\":\"fr-FR\",\"potentialAction\":[{\"@type\":\"ReadAction\",\"target\":[\"https:\/\/sport-index.fr\/blog\/a-la-une\/tevita-tatafu-absent-contre-bordeaux-une-decision-reflechie-pour-laviron-bayonnais\/\"]}]},{\"@type\":\"ImageObject\",\"inLanguage\":\"fr-FR\",\"@id\":\"https:\/\/sport-index.fr\/blog\/a-la-une\/tevita-tatafu-absent-contre-bordeaux-une-decision-reflechie-pour-laviron-bayonnais\/#primaryimage\",\"url\":\"https:\/\/sport-index.fr\/blog\/wp-content\/uploads\/2025\/02\/sdxl-5e3b2f38a5a72fc64c51bd2d2322cd71.png\",\"contentUrl\":\"https:\/\/sport-index.fr\/blog\/wp-content\/uploads\/2025\/02\/sdxl-5e3b2f38a5a72fc64c51bd2d2322cd71.png\",\"width\":1536,\"height\":640},{\"@type\":\"WebSite\",\"@id\":\"https:\/\/sport-index.fr\/blog\/#website\",\"url\":\"https:\/\/sport-index.fr\/blog\/\",\"name\":\"sport-index.fr\",\"description\":\"Le score de l\u2019analyse sportive.\",\"publisher\":{\"@id\":\"https:\/\/sport-index.fr\/blog\/#organization\"},\"alternateName\":\"Le score de l\u2019analyse sportive.\",\"potentialAction\":[{\"@type\":\"SearchAction\",\"target\":{\"@type\":\"EntryPoint\",\"urlTemplate\":\"https:\/\/sport-index.fr\/blog\/?s={search_term_string}\"},\"query-input\":{\"@type\":\"PropertyValueSpecification\",\"valueRequired\":true,\"valueName\":\"search_term_string\"}}],\"inLanguage\":\"fr-FR\"},{\"@type\":\"Organization\",\"@id\":\"https:\/\/sport-index.fr\/blog\/#organization\",\"name\":\"Foretsensations.fr\",\"url\":\"https:\/\/sport-index.fr\/blog\/\",\"logo\":{\"@type\":\"ImageObject\",\"inLanguage\":\"fr-FR\",\"@id\":\"https:\/\/sport-index.fr\/blog\/#\/schema\/logo\/image\/\",\"url\":\"https:\/\/sport-index.fr\/blog\/wp-content\/uploads\/2026\/07\/logo-auto.png\",\"contentUrl\":\"https:\/\/sport-index.fr\/blog\/wp-content\/uploads\/2026\/07\/logo-auto.png\",\"width\":1024,\"height\":1024,\"caption\":\"Foretsensations.fr\"},\"image\":{\"@id\":\"https:\/\/sport-index.fr\/blog\/#\/schema\/logo\/image\/\"}},{\"@type\":\"Person\",\"@id\":\"https:\/\/sport-index.fr\/blog\/#\/schema\/person\/3c864cdc320801e3db34b663e7e3f816\",\"name\":\"Axel Lauzier\",\"image\":{\"@type\":\"ImageObject\",\"inLanguage\":\"fr-FR\",\"@id\":\"https:\/\/sport-index.fr\/blog\/#\/schema\/person\/image\/\",\"url\":\"https:\/\/sport-index.fr\/blog\/wp-content\/uploads\/2026\/06\/persona_axel-l-96x96.jpg\",\"contentUrl\":\"https:\/\/sport-index.fr\/blog\/wp-content\/uploads\/2026\/06\/persona_axel-l-96x96.jpg\",\"caption\":\"Axel Lauzier\"},\"description\":\"Le sport rythme mon quotidien depuis l'enfance, et j'en ai fait mon m\u00e9tier d'analyste r\u00e9dactionnel il y a une dizaine d'ann\u00e9es. Je couvre principalement le football, son actualit\u00e9, ses transferts et l'analyse tactique des grandes affiches, mais aussi les disciplines plus confidentielles que j'aime remettre en lumi\u00e8re. Une partie de mon travail porte sur les pronostics et la lecture statistique d'un match : forme des \u00e9quipes, historique des confrontations, compositions, sans jamais vendre de fausse certitude. Je rappelle syst\u00e9matiquement que parier comporte un risque et doit rester un loisir ma\u00eetris\u00e9. Avant de signer une analyse, je v\u00e9rifie mes chiffres, je recoupe les compositions probables et je distingue toujours la donn\u00e9e brute de l'intuition. Mon objectif : offrir une lecture honn\u00eate et argument\u00e9e, pas un ticket gagnant garanti.\",\"sameAs\":[\"https:\/\/axellauzier.fr\/\"],\"url\":\"https:\/\/sport-index.fr\/blog\/auteur\/noname\/\"}]}<\/script>\n<!-- \/ Yoast SEO Premium plugin. -->","yoast_head_json":{"title":"Tevita Tatafu absent contre Bordeaux : une d\u00e9cision","description":"Une absence qui p\u00e8se sur l'\u00e9quipe Tevita Tatafu, pilier droit embl\u00e9matique de l'Aviron Bayonnais, ne foulera pas la pelouse de Jean Dauger ce week-end\u2026","robots":{"index":"index","follow":"follow","max-snippet":"max-snippet:-1","max-image-preview":"max-image-preview:large","max-video-preview":"max-video-preview:-1"},"canonical":"https:\/\/sport-index.fr\/blog\/a-la-une\/tevita-tatafu-absent-contre-bordeaux-une-decision-reflechie-pour-laviron-bayonnais\/","og_locale":"fr_FR","og_type":"article","og_title":"Tevita Tatafu absent contre Bordeaux : une d\u00e9cision","og_description":"Une absence qui p\u00e8se sur l'\u00e9quipe Tevita Tatafu, pilier droit embl\u00e9matique de l'Aviron Bayonnais, ne foulera pas la pelouse de Jean Dauger ce week-end\u2026","og_url":"https:\/\/sport-index.fr\/blog\/a-la-une\/tevita-tatafu-absent-contre-bordeaux-une-decision-reflechie-pour-laviron-bayonnais\/","og_site_name":"sport-index","author":"Axel Lauzier","twitter_card":"summary_large_image","schema":{"@context":"https:\/\/schema.org","@graph":[{"@type":"NewsArticle","@id":"https:\/\/sport-index.fr\/blog\/a-la-une\/tevita-tatafu-absent-contre-bordeaux-une-decision-reflechie-pour-laviron-bayonnais\/#article","isPartOf":{"@id":"https:\/\/sport-index.fr\/blog\/a-la-une\/tevita-tatafu-absent-contre-bordeaux-une-decision-reflechie-pour-laviron-bayonnais\/"},"author":{"name":"Axel Lauzier","@id":"https:\/\/sport-index.fr\/blog\/#\/schema\/person\/3c864cdc320801e3db34b663e7e3f816"},"headline":"Tevita Tatafu absent contre Bordeaux : une d\u00e9cision r\u00e9fl\u00e9chie pour l&rsquo;Aviron Bayonnais","datePublished":"2025-02-15T04:24:45+00:00","mainEntityOfPage":{"@id":"https:\/\/sport-index.fr\/blog\/a-la-une\/tevita-tatafu-absent-contre-bordeaux-une-decision-reflechie-pour-laviron-bayonnais\/"},"wordCount":554,"commentCount":24,"publisher":{"@id":"https:\/\/sport-index.fr\/blog\/#organization"},"image":{"@id":"https:\/\/sport-index.fr\/blog\/a-la-une\/tevita-tatafu-absent-contre-bordeaux-une-decision-reflechie-pour-laviron-bayonnais\/#primaryimage"},"thumbnailUrl":"https:\/\/sport-index.fr\/blog\/wp-content\/uploads\/2025\/02\/sdxl-5e3b2f38a5a72fc64c51bd2d2322cd71.png","keywords":["Confiance","\u00c9quipe","Gestion des Talents","Performance","Rugby"],"articleSection":["\u00c0 la une"],"inLanguage":"fr-FR","potentialAction":[{"@type":"CommentAction","name":"Comment","target":["https:\/\/sport-index.fr\/blog\/a-la-une\/tevita-tatafu-absent-contre-bordeaux-une-decision-reflechie-pour-laviron-bayonnais\/#respond"]}]},{"@type":"WebPage","@id":"https:\/\/sport-index.fr\/blog\/a-la-une\/tevita-tatafu-absent-contre-bordeaux-une-decision-reflechie-pour-laviron-bayonnais\/","url":"https:\/\/sport-index.fr\/blog\/a-la-une\/tevita-tatafu-absent-contre-bordeaux-une-decision-reflechie-pour-laviron-bayonnais\/","name":"Tevita Tatafu absent contre Bordeaux : une d\u00e9cision","isPartOf":{"@id":"https:\/\/sport-index.fr\/blog\/#website"},"primaryImageOfPage":{"@id":"https:\/\/sport-index.fr\/blog\/a-la-une\/tevita-tatafu-absent-contre-bordeaux-une-decision-reflechie-pour-laviron-bayonnais\/#primaryimage"},"image":{"@id":"https:\/\/sport-index.fr\/blog\/a-la-une\/tevita-tatafu-absent-contre-bordeaux-une-decision-reflechie-pour-laviron-bayonnais\/#primaryimage"},"thumbnailUrl":"https:\/\/sport-index.fr\/blog\/wp-content\/uploads\/2025\/02\/sdxl-5e3b2f38a5a72fc64c51bd2d2322cd71.png","datePublished":"2025-02-15T04:24:45+00:00","description":"Une absence qui p\u00e8se sur l'\u00e9quipe Tevita Tatafu, pilier droit embl\u00e9matique de l'Aviron Bayonnais, ne foulera pas la pelouse de Jean Dauger ce week-end\u2026","inLanguage":"fr-FR","potentialAction":[{"@type":"ReadAction","target":["https:\/\/sport-index.fr\/blog\/a-la-une\/tevita-tatafu-absent-contre-bordeaux-une-decision-reflechie-pour-laviron-bayonnais\/"]}]},{"@type":"ImageObject","inLanguage":"fr-FR","@id":"https:\/\/sport-index.fr\/blog\/a-la-une\/tevita-tatafu-absent-contre-bordeaux-une-decision-reflechie-pour-laviron-bayonnais\/#primaryimage","url":"https:\/\/sport-index.fr\/blog\/wp-content\/uploads\/2025\/02\/sdxl-5e3b2f38a5a72fc64c51bd2d2322cd71.png","contentUrl":"https:\/\/sport-index.fr\/blog\/wp-content\/uploads\/2025\/02\/sdxl-5e3b2f38a5a72fc64c51bd2d2322cd71.png","width":1536,"height":640},{"@type":"WebSite","@id":"https:\/\/sport-index.fr\/blog\/#website","url":"https:\/\/sport-index.fr\/blog\/","name":"sport-index.fr","description":"Le score de l\u2019analyse sportive.","publisher":{"@id":"https:\/\/sport-index.fr\/blog\/#organization"},"alternateName":"Le score de l\u2019analyse sportive.","potentialAction":[{"@type":"SearchAction","target":{"@type":"EntryPoint","urlTemplate":"https:\/\/sport-index.fr\/blog\/?s={search_term_string}"},"query-input":{"@type":"PropertyValueSpecification","valueRequired":true,"valueName":"search_term_string"}}],"inLanguage":"fr-FR"},{"@type":"Organization","@id":"https:\/\/sport-index.fr\/blog\/#organization","name":"Foretsensations.fr","url":"https:\/\/sport-index.fr\/blog\/","logo":{"@type":"ImageObject","inLanguage":"fr-FR","@id":"https:\/\/sport-index.fr\/blog\/#\/schema\/logo\/image\/","url":"https:\/\/sport-index.fr\/blog\/wp-content\/uploads\/2026\/07\/logo-auto.png","contentUrl":"https:\/\/sport-index.fr\/blog\/wp-content\/uploads\/2026\/07\/logo-auto.png","width":1024,"height":1024,"caption":"Foretsensations.fr"},"image":{"@id":"https:\/\/sport-index.fr\/blog\/#\/schema\/logo\/image\/"}},{"@type":"Person","@id":"https:\/\/sport-index.fr\/blog\/#\/schema\/person\/3c864cdc320801e3db34b663e7e3f816","name":"Axel Lauzier","image":{"@type":"ImageObject","inLanguage":"fr-FR","@id":"https:\/\/sport-index.fr\/blog\/#\/schema\/person\/image\/","url":"https:\/\/sport-index.fr\/blog\/wp-content\/uploads\/2026\/06\/persona_axel-l-96x96.jpg","contentUrl":"https:\/\/sport-index.fr\/blog\/wp-content\/uploads\/2026\/06\/persona_axel-l-96x96.jpg","caption":"Axel Lauzier"},"description":"Le sport rythme mon quotidien depuis l'enfance, et j'en ai fait mon m\u00e9tier d'analyste r\u00e9dactionnel il y a une dizaine d'ann\u00e9es. Je couvre principalement le football, son actualit\u00e9, ses transferts et l'analyse tactique des grandes affiches, mais aussi les disciplines plus confidentielles que j'aime remettre en lumi\u00e8re. Une partie de mon travail porte sur les pronostics et la lecture statistique d'un match : forme des \u00e9quipes, historique des confrontations, compositions, sans jamais vendre de fausse certitude. Je rappelle syst\u00e9matiquement que parier comporte un risque et doit rester un loisir ma\u00eetris\u00e9. Avant de signer une analyse, je v\u00e9rifie mes chiffres, je recoupe les compositions probables et je distingue toujours la donn\u00e9e brute de l'intuition. Mon objectif : offrir une lecture honn\u00eate et argument\u00e9e, pas un ticket gagnant garanti.","sameAs":["https:\/\/axellauzier.fr\/"],"url":"https:\/\/sport-index.fr\/blog\/auteur\/noname\/"}]}},"_links":{"self":[{"href":"https:\/\/sport-index.fr\/blog\/wp-json\/wp\/v2\/posts\/8379","targetHints":{"allow":["GET"]}}],"collection":[{"href":"https:\/\/sport-index.fr\/blog\/wp-json\/wp\/v2\/posts"}],"about":[{"href":"https:\/\/sport-index.fr\/blog\/wp-json\/wp\/v2\/types\/post"}],"author":[{"embeddable":true,"href":"https:\/\/sport-index.fr\/blog\/wp-json\/wp\/v2\/users\/34"}],"replies":[{"embeddable":true,"href":"https:\/\/sport-index.fr\/blog\/wp-json\/wp\/v2\/comments?post=8379"}],"version-history":[{"count":1,"href":"https:\/\/sport-index.fr\/blog\/wp-json\/wp\/v2\/posts\/8379\/revisions"}],"predecessor-version":[{"id":8737,"href":"https:\/\/sport-index.fr\/blog\/wp-json\/wp\/v2\/posts\/8379\/revisions\/8737"}],"wp:featuredmedia":[{"embeddable":true,"href":"https:\/\/sport-index.fr\/blog\/wp-json\/wp\/v2\/media\/10414"}],"wp:attachment":[{"href":"https:\/\/sport-index.fr\/blog\/wp-json\/wp\/v2\/media?parent=8379"}],"wp:term":[{"taxonomy":"category","embeddable":true,"href":"https:\/\/sport-index.fr\/blog\/wp-json\/wp\/v2\/categories?post=8379"},{"taxonomy":"post_tag","embeddable":true,"href":"https:\/\/sport-index.fr\/blog\/wp-json\/wp\/v2\/tags?post=8379"}],"curies":[{"name":"wp","href":"https:\/\/api.w.org\/{rel}","templated":true}]}}