{"id":8391,"date":"2026-06-16T14:45:43","date_gmt":"2026-06-16T12:45:43","guid":{"rendered":"https:\/\/sport-index.fr\/blog\/?p=8391"},"modified":"2026-06-16T14:45:43","modified_gmt":"2026-06-16T12:45:43","slug":"federica-brignone-decroche-enfin-lor-au-slalom-geant-des-mondiaux-de-saalbach","status":"publish","type":"post","link":"https:\/\/sport-index.fr\/blog\/a-la-une\/federica-brignone-decroche-enfin-lor-au-slalom-geant-des-mondiaux-de-saalbach\/","title":{"rendered":"Federica Brignone d\u00e9croche enfin l&rsquo;or au slalom g\u00e9ant des Mondiaux de Saalbach"},"content":{"rendered":"<link rel=\"stylesheet\" href=\"https:\/\/fonts.googleapis.com\/css2?family=Newsreader:ital,opsz,wght@0,6..72,500;0,6..72,600;0,6..72,700;1,6..72,500;1,6..72,600&#038;family=Inter:wght@400;500;600&#038;family=JetBrains+Mono:wght@500&#038;display=swap\">\n<style>\n.sportidx-actu-news-wrap{font-family:\"Inter\",-apple-system,BlinkMacSystemFont,sans-serif;color:#1a1d22;line-height:1.65;font-size:17px;max-width:760px;margin:0 auto}\n.sportidx-actu-news-wrap h2{font-family:\"Newsreader\",Georgia,serif;font-weight:700;font-size:clamp(24px,3.2vw,33px);line-height:1.2;letter-spacing:-.01em;color:#0f1115;margin:48px 0 16px}\n.sportidx-actu-news-wrap h3{font-family:\"Newsreader\",Georgia,serif;font-weight:600;font-size:clamp(19px,2.2vw,22px);color:#0f1115;margin:26px 0 10px}\n.sportidx-actu-news-wrap p{margin:0 0 18px}\n.sportidx-actu-news-dateline{font-family:\"JetBrains Mono\",monospace;font-weight:500;font-size:12.5px;letter-spacing:.08em;text-transform:uppercase;color:#b22222;display:inline-block;border-bottom:2px solid #b22222;padding-bottom:4px;margin-bottom:18px}\n.sportidx-actu-news-lead{font-family:\"Newsreader\",Georgia,serif;font-size:clamp(20px,2.6vw,23px);line-height:1.45;color:#2b2f36;margin:0 0 30px}\n.sportidx-actu-news-ess{background:#fbf3f2;border-left:5px solid #b22222;border-radius:0 12px 12px 0;padding:22px 26px;margin:30px 0 40px;box-shadow:0 1px 2px rgba(16,24,40,.05),0 14px 30px -18px rgba(178,34,34,.35)}\n.sportidx-actu-news-ess .sportidx-actu-news-kicker{font-family:\"JetBrains Mono\",monospace;font-weight:500;font-size:12px;letter-spacing:.1em;text-transform:uppercase;color:#b22222;margin-bottom:14px}\n.sportidx-actu-news-ess ul{list-style:none;margin:0;padding:0}\n.sportidx-actu-news-ess li{position:relative;padding-left:26px;margin:0 0 12px;font-size:16.5px}\n.sportidx-actu-news-ess li:last-child{margin-bottom:0}\n.sportidx-actu-news-ess li::before{content:\"\u203a\";position:absolute;left:4px;top:-1px;color:#b22222;font-weight:700;font-size:19px;line-height:1}\n.sportidx-actu-news-ess li b{color:#0f1115}\n.sportidx-actu-news-quote{font-family:\"Newsreader\",Georgia,serif;font-style:italic;font-weight:500;font-size:clamp(21px,2.8vw,26px);line-height:1.4;color:#1a1d22;border:0;margin:38px 0;padding:8px 0 8px 28px;position:relative;border-left:4px solid #b22222}\n.sportidx-actu-news-quote::before{content:\"\u201c\";position:absolute;left:8px;top:-14px;font-size:46px;color:#b22222;opacity:.35;font-family:\"Newsreader\",Georgia,serif}\n.sportidx-actu-news-quote cite{display:block;font-style:normal;font-family:\"JetBrains Mono\",monospace;font-size:12.5px;letter-spacing:.04em;color:#6b7280;margin-top:12px}\n.sportidx-actu-news-wrap ul.sportidx-actu-news-points{list-style:none;padding:0;margin:24px 0;display:grid;gap:12px}\n.sportidx-actu-news-wrap ul.sportidx-actu-news-points li{background:#fff;border:1px solid #e6e8ec;border-top:3px solid #b22222;border-radius:10px;padding:14px 18px;font-size:16.5px;transition:.25s ease;box-shadow:0 1px 2px rgba(16,24,40,.04)}\n.sportidx-actu-news-wrap ul.sportidx-actu-news-points li:hover{transform:translateY(-3px);box-shadow:0 1px 2px rgba(16,24,40,.05),0 14px 28px -16px rgba(16,24,40,.22)}\n.sportidx-actu-news-faq{margin:40px 0 10px}\n.sportidx-actu-news-faq details{border:1px solid #e6e8ec;border-left:3px solid #b22222;border-radius:10px;padding:0;margin-bottom:12px;background:#fff;transition:.25s ease;box-shadow:0 1px 2px rgba(16,24,40,.04)}\n.sportidx-actu-news-faq details:hover{box-shadow:0 1px 2px rgba(16,24,40,.05),0 14px 28px -16px rgba(16,24,40,.2)}\n.sportidx-actu-news-faq summary{cursor:pointer;font-family:\"Newsreader\",Georgia,serif;font-weight:600;font-size:18px;color:#0f1115;padding:16px 20px;list-style:none}\n.sportidx-actu-news-faq summary::-webkit-details-marker{display:none}\n.sportidx-actu-news-faq summary::before{content:\"+\";color:#b22222;font-weight:700;margin-right:10px}\n.sportidx-actu-news-faq details[open] summary::before{content:\"\u2013\"}\n.sportidx-actu-news-faq .sportidx-actu-news-ans{padding:0 20px 18px;font-size:16.5px;color:#2b2f36}\n<\/style>\n<div class=\"sportidx-actu-news-wrap\">\n<span class=\"sportidx-actu-news-dateline\">Ski alpin \u00b7 Mondiaux de Saalbach \u00b7 F\u00e9vrier 2025<\/span><\/p>\n<p class=\"sportidx-actu-news-lead\">\u00c0 34 ans, Federica Brignone a d\u00e9croch\u00e9 l&rsquo;or au slalom g\u00e9ant des Mondiaux de Saalbach, signant l&rsquo;aboutissement d&rsquo;un r\u00eave nourri depuis l&rsquo;enfance et l&rsquo;une des plus belles performances de sa carri\u00e8re.<\/p>\n<div class=\"sportidx-actu-news-ess\">\n<div class=\"sportidx-actu-news-kicker\">L&rsquo;essentiel<\/div>\n<ul>\n<li><b>Quoi \u2014<\/b> M\u00e9daille d&rsquo;or au slalom g\u00e9ant des Championnats du monde de ski alpin.<\/li>\n<li><b>Qui \u00b7 O\u00f9 \u2014<\/b> L&rsquo;Italienne Federica Brignone, 34 ans, aux Mondiaux de Saalbach.<\/li>\n<li><b>Pourquoi \u00e7a compte \u2014<\/b> Un titre mondial qui survient quatorze ans apr\u00e8s sa premi\u00e8re m\u00e9daille mondiale.<\/li>\n<\/ul>\n<\/div>\n<h2>Federica Brignone : une r\u00e9ussite attendue<\/h2>\n<p>Federica Brignone a r\u00e9alis\u00e9 un exploit m\u00e9morable en remportant la m\u00e9daille d&rsquo;or au slalom g\u00e9ant lors des Mondiaux de Saalbach. \u00c0 34 ans, cette victoire repr\u00e9sente l&rsquo;aboutissement d&rsquo;un r\u00eave qu&rsquo;elle nourrit depuis son enfance. La skieuse italienne a su allier talent et d\u00e9termination, signant une performance impressionnante qui restera grav\u00e9e dans l&rsquo;histoire du ski alpin.<\/p>\n<p>En dominant les deux manches de la comp\u00e9tition, Brignone a fait preuve d&rsquo;une ma\u00eetrise technique et d&rsquo;une concentration sans faille. Elle a surpass\u00e9 ses adversaires, notamment la N\u00e9o-z\u00e9landaise Alice Robinson et l&rsquo;Am\u00e9ricaine Paula Moltzan, avec une avance significative. Ce triomphe est d&rsquo;autant plus \u00e9mouvant qu&rsquo;il survient quatorze ans apr\u00e8s sa premi\u00e8re m\u00e9daille mondiale, soulignant sa pers\u00e9v\u00e9rance dans un sport exigeant.<\/p>\n<p><iframe loading=\"lazy\" title=\"Ski - D\u00e9cryptage : Les secrets du virage de g\u00e9ant\" width=\"1200\" height=\"675\" src=\"https:\/\/www.youtube.com\/embed\/qZZziPlDjEs?feature=oembed\" frameborder=\"0\" allow=\"accelerometer; autoplay; clipboard-write; encrypted-media; gyroscope; picture-in-picture; web-share\" referrerpolicy=\"strict-origin-when-cross-origin\" allowfullscreen><\/iframe><\/p>\n<h2>Un parcours sem\u00e9 d&#8217;emb\u00fbches<\/h2>\n<p>La route vers cette m\u00e9daille d&rsquo;or n&rsquo;a pas \u00e9t\u00e9 facile pour Federica Brignone. Elle a d\u00fb faire face \u00e0 des d\u00e9fis tant sur le plan physique que mental au cours de sa carri\u00e8re. Des blessures et des p\u00e9riodes de doute ont souvent mis \u00e0 l&rsquo;\u00e9preuve sa volont\u00e9 et sa passion pour le ski alpin.<\/p>\n<p>Malgr\u00e9 ces obstacles, Brignone a su se relever \u00e0 chaque fois, prouvant ainsi sa r\u00e9silience. Sa pr\u00e9paration minutieuse et sa capacit\u00e9 \u00e0 rester concentr\u00e9e sous pression ont jou\u00e9 un r\u00f4le crucial lors de cette comp\u00e9tition.<\/p>\n<blockquote class=\"sportidx-actu-news-quote\"><p>\nChaque \u00e9chec m&rsquo;a appris \u00e0 me battre encore plus fort et \u00e0 croire en mes capacit\u00e9s.<br \/>\n<cite>\u2014 Federica Brignone, en interview<\/cite>\n<\/p><\/blockquote>\n<h2>Les moments forts de la comp\u00e9tition<\/h2>\n<p>Le slalom g\u00e9ant des Mondiaux de Saalbach a offert un spectacle captivant aux amateurs de ski. Plusieurs moments forts ont marqu\u00e9 cette comp\u00e9tition, notamment la d\u00e9termination de Brignone \u00e0 chaque passage sur la piste. Sa technique impeccable et sa vitesse ont \u00e9t\u00e9 des \u00e9l\u00e9ments cl\u00e9s qui lui ont permis de s&rsquo;imposer.<\/p>\n<p>Les spectateurs ont \u00e9t\u00e9 tenus en haleine tout au long de la course, admirant les performances des concurrentes. La joie et l&rsquo;\u00e9motion de Brignone \u00e0 l&rsquo;issue de sa victoire ont touch\u00e9 le public, faisant de ce moment un souvenir inoubliable. Voici quelques points saillants de la course :<\/p>\n<ul class=\"sportidx-actu-news-points\">\n<li>Brignone a domin\u00e9 les deux manches avec assurance.<\/li>\n<li>Elle a \u00e9tabli un \u00e9cart impressionnant sur ses rivales.<\/li>\n<li>La m\u00e9daille d&rsquo;or a \u00e9t\u00e9 accueillie avec des cris de joie par ses supporters.<\/li>\n<li>Son parcours aux Mondiaux a \u00e9t\u00e9 salu\u00e9 par la presse sportive internationale.<\/li>\n<li>Les c\u00e9l\u00e9brations ont mis en avant l&rsquo;esprit d&rsquo;\u00e9quipe et la camaraderie entre skieuses.<\/li>\n<\/ul>\n<p>Federica Brignone a prouv\u00e9 \u00e0 tous qu&rsquo;elle m\u00e9rite sa place parmi les grandes du ski alpin. Sa victoire au slalom g\u00e9ant aux Mondiaux de Saalbach est un symbole de pers\u00e9v\u00e9rance et de passion. Les fans de ski alpin peuvent se r\u00e9jouir de voir une athl\u00e8te aussi inspirante continuer \u00e0 briller sur la sc\u00e8ne internationale.<\/p>\n<h2>Ce qu&rsquo;il faut retenir<\/h2>\n<ul class=\"sportidx-actu-news-points\">\n<li>Federica Brignone d\u00e9croche l&rsquo;or du slalom g\u00e9ant aux Mondiaux de Saalbach, \u00e0 34 ans.<\/li>\n<li>Elle devance la N\u00e9o-z\u00e9landaise Alice Robinson et l&rsquo;Am\u00e9ricaine Paula Moltzan.<\/li>\n<li>Le titre arrive quatorze ans apr\u00e8s sa premi\u00e8re m\u00e9daille mondiale.<\/li>\n<\/ul>\n<div class=\"sportidx-actu-news-faq\">\n<details>\n<summary>Quelle \u00e9preuve Federica Brignone a-t-elle remport\u00e9e \u00e0 Saalbach ?<\/summary>\n<div class=\"sportidx-actu-news-ans\">Federica Brignone a remport\u00e9 la m\u00e9daille d&rsquo;or du slalom g\u00e9ant des Mondiaux de ski alpin de Saalbach, en dominant les deux manches de la comp\u00e9tition.<\/div>\n<\/details>\n<details>\n<summary>Quel \u00e2ge avait-elle au moment de ce titre mondial ?<\/summary>\n<div class=\"sportidx-actu-news-ans\">La skieuse italienne avait 34 ans lors de cette victoire, pr\u00e9sent\u00e9e comme l&rsquo;aboutissement d&rsquo;un r\u00eave nourri depuis son enfance.<\/div>\n<\/details>\n<details>\n<summary>Qui figuraient parmi ses principales adversaires ?<\/summary>\n<div class=\"sportidx-actu-news-ans\">Elle a notamment devanc\u00e9 la N\u00e9o-z\u00e9landaise Alice Robinson et l&rsquo;Am\u00e9ricaine Paula Moltzan, avec une avance significative.<\/div>\n<\/details>\n<\/div>\n<\/div>\n","protected":false},"excerpt":{"rendered":"","protected":false},"author":34,"featured_media":10451,"comment_status":"open","ping_status":"open","sticky":false,"template":"","format":"standard","meta":{"_acf_changed":false,"manual_indexmenow":false,"indexmenow_id_project":0,"footnotes":""},"categories":[1],"tags":[2574,4563,4632,4408,4591],"class_list":["post-8391","post","type-post","status-publish","format-standard","has-post-thumbnail","hentry","category-a-la-une","tag-bien-etre","tag-performance-athletique","tag-performance-sportive","tag-resilience","tag-ski-alpin","generate-columns","tablet-grid-50","mobile-grid-100","grid-parent","grid-25"],"acf":[],"yoast_head":"<!-- This site is optimized with the Yoast SEO Premium plugin v21.3 (Yoast SEO v26.5) - https:\/\/yoast.com\/wordpress\/plugins\/seo\/ -->\n<title>Federica Brignone d\u00e9croche enfin l&#039;or au slalom g\u00e9ant<\/title>\n<meta name=\"description\" content=\"Ski alpin \u00b7 Mondiaux de Saalbach \u00b7 F\u00e9vrier 2025 \u00c0 34 ans, Federica Brignone a d\u00e9croch\u00e9 l&#039;or au slalom g\u00e9ant des Mondiaux de Saalbach, signant\u2026\" \/>\n<meta name=\"robots\" content=\"index, follow, max-snippet:-1, max-image-preview:large, max-video-preview:-1\" \/>\n<link rel=\"canonical\" href=\"https:\/\/sport-index.fr\/blog\/a-la-une\/federica-brignone-decroche-enfin-lor-au-slalom-geant-des-mondiaux-de-saalbach\/\" \/>\n<meta property=\"og:locale\" content=\"fr_FR\" \/>\n<meta property=\"og:type\" content=\"article\" \/>\n<meta property=\"og:title\" content=\"Federica Brignone d\u00e9croche enfin l&#039;or au slalom g\u00e9ant\" \/>\n<meta property=\"og:description\" content=\"Ski alpin \u00b7 Mondiaux de Saalbach \u00b7 F\u00e9vrier 2025 \u00c0 34 ans, Federica Brignone a d\u00e9croch\u00e9 l&#039;or au slalom g\u00e9ant des Mondiaux de Saalbach, signant\u2026\" \/>\n<meta property=\"og:url\" content=\"https:\/\/sport-index.fr\/blog\/a-la-une\/federica-brignone-decroche-enfin-lor-au-slalom-geant-des-mondiaux-de-saalbach\/\" \/>\n<meta property=\"og:site_name\" content=\"sport-index\" \/>\n<meta name=\"author\" content=\"Axel Lauzier\" \/>\n<meta name=\"twitter:card\" content=\"summary_large_image\" \/>\n<script type=\"application\/ld+json\" class=\"yoast-schema-graph\">{\"@context\":\"https:\/\/schema.org\",\"@graph\":[{\"@type\":\"NewsArticle\",\"@id\":\"https:\/\/sport-index.fr\/blog\/a-la-une\/federica-brignone-decroche-enfin-lor-au-slalom-geant-des-mondiaux-de-saalbach\/#article\",\"isPartOf\":{\"@id\":\"https:\/\/sport-index.fr\/blog\/a-la-une\/federica-brignone-decroche-enfin-lor-au-slalom-geant-des-mondiaux-de-saalbach\/\"},\"author\":{\"name\":\"Axel Lauzier\",\"@id\":\"https:\/\/sport-index.fr\/blog\/#\/schema\/person\/3c864cdc320801e3db34b663e7e3f816\"},\"headline\":\"Federica Brignone d\u00e9croche enfin l&rsquo;or au slalom g\u00e9ant des Mondiaux de Saalbach\",\"datePublished\":\"2026-06-16T12:45:43+00:00\",\"mainEntityOfPage\":{\"@id\":\"https:\/\/sport-index.fr\/blog\/a-la-une\/federica-brignone-decroche-enfin-lor-au-slalom-geant-des-mondiaux-de-saalbach\/\"},\"wordCount\":756,\"commentCount\":23,\"publisher\":{\"@id\":\"https:\/\/sport-index.fr\/blog\/#organization\"},\"image\":{\"@id\":\"https:\/\/sport-index.fr\/blog\/a-la-une\/federica-brignone-decroche-enfin-lor-au-slalom-geant-des-mondiaux-de-saalbach\/#primaryimage\"},\"thumbnailUrl\":\"https:\/\/sport-index.fr\/blog\/wp-content\/uploads\/2025\/02\/sdxl-48be17814ded412568cfb740a4f517d1.png\",\"keywords\":[\"Bien-\u00catre\",\"Performance Athl\u00e9tique\",\"Performance sportive\",\"R\u00e9silience\",\"Ski Alpin\"],\"articleSection\":[\"\u00c0 la une\"],\"inLanguage\":\"fr-FR\",\"potentialAction\":[{\"@type\":\"CommentAction\",\"name\":\"Comment\",\"target\":[\"https:\/\/sport-index.fr\/blog\/a-la-une\/federica-brignone-decroche-enfin-lor-au-slalom-geant-des-mondiaux-de-saalbach\/#respond\"]}]},{\"@type\":\"WebPage\",\"@id\":\"https:\/\/sport-index.fr\/blog\/a-la-une\/federica-brignone-decroche-enfin-lor-au-slalom-geant-des-mondiaux-de-saalbach\/\",\"url\":\"https:\/\/sport-index.fr\/blog\/a-la-une\/federica-brignone-decroche-enfin-lor-au-slalom-geant-des-mondiaux-de-saalbach\/\",\"name\":\"Federica Brignone d\u00e9croche enfin l'or au slalom g\u00e9ant\",\"isPartOf\":{\"@id\":\"https:\/\/sport-index.fr\/blog\/#website\"},\"primaryImageOfPage\":{\"@id\":\"https:\/\/sport-index.fr\/blog\/a-la-une\/federica-brignone-decroche-enfin-lor-au-slalom-geant-des-mondiaux-de-saalbach\/#primaryimage\"},\"image\":{\"@id\":\"https:\/\/sport-index.fr\/blog\/a-la-une\/federica-brignone-decroche-enfin-lor-au-slalom-geant-des-mondiaux-de-saalbach\/#primaryimage\"},\"thumbnailUrl\":\"https:\/\/sport-index.fr\/blog\/wp-content\/uploads\/2025\/02\/sdxl-48be17814ded412568cfb740a4f517d1.png\",\"datePublished\":\"2026-06-16T12:45:43+00:00\",\"description\":\"Ski alpin \u00b7 Mondiaux de Saalbach \u00b7 F\u00e9vrier 2025 \u00c0 34 ans, Federica Brignone a d\u00e9croch\u00e9 l'or au slalom g\u00e9ant des Mondiaux de Saalbach, signant\u2026\",\"inLanguage\":\"fr-FR\",\"potentialAction\":[{\"@type\":\"ReadAction\",\"target\":[\"https:\/\/sport-index.fr\/blog\/a-la-une\/federica-brignone-decroche-enfin-lor-au-slalom-geant-des-mondiaux-de-saalbach\/\"]}]},{\"@type\":\"ImageObject\",\"inLanguage\":\"fr-FR\",\"@id\":\"https:\/\/sport-index.fr\/blog\/a-la-une\/federica-brignone-decroche-enfin-lor-au-slalom-geant-des-mondiaux-de-saalbach\/#primaryimage\",\"url\":\"https:\/\/sport-index.fr\/blog\/wp-content\/uploads\/2025\/02\/sdxl-48be17814ded412568cfb740a4f517d1.png\",\"contentUrl\":\"https:\/\/sport-index.fr\/blog\/wp-content\/uploads\/2025\/02\/sdxl-48be17814ded412568cfb740a4f517d1.png\",\"width\":1536,\"height\":640},{\"@type\":\"WebSite\",\"@id\":\"https:\/\/sport-index.fr\/blog\/#website\",\"url\":\"https:\/\/sport-index.fr\/blog\/\",\"name\":\"sport-index.fr\",\"description\":\"Le score de l\u2019analyse sportive.\",\"publisher\":{\"@id\":\"https:\/\/sport-index.fr\/blog\/#organization\"},\"alternateName\":\"Le score de l\u2019analyse sportive.\",\"potentialAction\":[{\"@type\":\"SearchAction\",\"target\":{\"@type\":\"EntryPoint\",\"urlTemplate\":\"https:\/\/sport-index.fr\/blog\/?s={search_term_string}\"},\"query-input\":{\"@type\":\"PropertyValueSpecification\",\"valueRequired\":true,\"valueName\":\"search_term_string\"}}],\"inLanguage\":\"fr-FR\"},{\"@type\":\"Organization\",\"@id\":\"https:\/\/sport-index.fr\/blog\/#organization\",\"name\":\"Foretsensations.fr\",\"url\":\"https:\/\/sport-index.fr\/blog\/\",\"logo\":{\"@type\":\"ImageObject\",\"inLanguage\":\"fr-FR\",\"@id\":\"https:\/\/sport-index.fr\/blog\/#\/schema\/logo\/image\/\",\"url\":\"https:\/\/sport-index.fr\/blog\/wp-content\/uploads\/2026\/07\/logo-auto.png\",\"contentUrl\":\"https:\/\/sport-index.fr\/blog\/wp-content\/uploads\/2026\/07\/logo-auto.png\",\"width\":1024,\"height\":1024,\"caption\":\"Foretsensations.fr\"},\"image\":{\"@id\":\"https:\/\/sport-index.fr\/blog\/#\/schema\/logo\/image\/\"}},{\"@type\":\"Person\",\"@id\":\"https:\/\/sport-index.fr\/blog\/#\/schema\/person\/3c864cdc320801e3db34b663e7e3f816\",\"name\":\"Axel Lauzier\",\"image\":{\"@type\":\"ImageObject\",\"inLanguage\":\"fr-FR\",\"@id\":\"https:\/\/sport-index.fr\/blog\/#\/schema\/person\/image\/\",\"url\":\"https:\/\/sport-index.fr\/blog\/wp-content\/uploads\/2026\/06\/persona_axel-l-96x96.jpg\",\"contentUrl\":\"https:\/\/sport-index.fr\/blog\/wp-content\/uploads\/2026\/06\/persona_axel-l-96x96.jpg\",\"caption\":\"Axel Lauzier\"},\"description\":\"Le sport rythme mon quotidien depuis l'enfance, et j'en ai fait mon m\u00e9tier d'analyste r\u00e9dactionnel il y a une dizaine d'ann\u00e9es. Je couvre principalement le football, son actualit\u00e9, ses transferts et l'analyse tactique des grandes affiches, mais aussi les disciplines plus confidentielles que j'aime remettre en lumi\u00e8re. Une partie de mon travail porte sur les pronostics et la lecture statistique d'un match : forme des \u00e9quipes, historique des confrontations, compositions, sans jamais vendre de fausse certitude. Je rappelle syst\u00e9matiquement que parier comporte un risque et doit rester un loisir ma\u00eetris\u00e9. Avant de signer une analyse, je v\u00e9rifie mes chiffres, je recoupe les compositions probables et je distingue toujours la donn\u00e9e brute de l'intuition. Mon objectif : offrir une lecture honn\u00eate et argument\u00e9e, pas un ticket gagnant garanti.\",\"sameAs\":[\"https:\/\/axellauzier.fr\/\"],\"url\":\"https:\/\/sport-index.fr\/blog\/auteur\/noname\/\"}]}<\/script>\n<!-- \/ Yoast SEO Premium plugin. -->","yoast_head_json":{"title":"Federica Brignone d\u00e9croche enfin l'or au slalom g\u00e9ant","description":"Ski alpin \u00b7 Mondiaux de Saalbach \u00b7 F\u00e9vrier 2025 \u00c0 34 ans, Federica Brignone a d\u00e9croch\u00e9 l'or au slalom g\u00e9ant des Mondiaux de Saalbach, signant\u2026","robots":{"index":"index","follow":"follow","max-snippet":"max-snippet:-1","max-image-preview":"max-image-preview:large","max-video-preview":"max-video-preview:-1"},"canonical":"https:\/\/sport-index.fr\/blog\/a-la-une\/federica-brignone-decroche-enfin-lor-au-slalom-geant-des-mondiaux-de-saalbach\/","og_locale":"fr_FR","og_type":"article","og_title":"Federica Brignone d\u00e9croche enfin l'or au slalom g\u00e9ant","og_description":"Ski alpin \u00b7 Mondiaux de Saalbach \u00b7 F\u00e9vrier 2025 \u00c0 34 ans, Federica Brignone a d\u00e9croch\u00e9 l'or au slalom g\u00e9ant des Mondiaux de Saalbach, signant\u2026","og_url":"https:\/\/sport-index.fr\/blog\/a-la-une\/federica-brignone-decroche-enfin-lor-au-slalom-geant-des-mondiaux-de-saalbach\/","og_site_name":"sport-index","author":"Axel Lauzier","twitter_card":"summary_large_image","schema":{"@context":"https:\/\/schema.org","@graph":[{"@type":"NewsArticle","@id":"https:\/\/sport-index.fr\/blog\/a-la-une\/federica-brignone-decroche-enfin-lor-au-slalom-geant-des-mondiaux-de-saalbach\/#article","isPartOf":{"@id":"https:\/\/sport-index.fr\/blog\/a-la-une\/federica-brignone-decroche-enfin-lor-au-slalom-geant-des-mondiaux-de-saalbach\/"},"author":{"name":"Axel Lauzier","@id":"https:\/\/sport-index.fr\/blog\/#\/schema\/person\/3c864cdc320801e3db34b663e7e3f816"},"headline":"Federica Brignone d\u00e9croche enfin l&rsquo;or au slalom g\u00e9ant des Mondiaux de Saalbach","datePublished":"2026-06-16T12:45:43+00:00","mainEntityOfPage":{"@id":"https:\/\/sport-index.fr\/blog\/a-la-une\/federica-brignone-decroche-enfin-lor-au-slalom-geant-des-mondiaux-de-saalbach\/"},"wordCount":756,"commentCount":23,"publisher":{"@id":"https:\/\/sport-index.fr\/blog\/#organization"},"image":{"@id":"https:\/\/sport-index.fr\/blog\/a-la-une\/federica-brignone-decroche-enfin-lor-au-slalom-geant-des-mondiaux-de-saalbach\/#primaryimage"},"thumbnailUrl":"https:\/\/sport-index.fr\/blog\/wp-content\/uploads\/2025\/02\/sdxl-48be17814ded412568cfb740a4f517d1.png","keywords":["Bien-\u00catre","Performance Athl\u00e9tique","Performance sportive","R\u00e9silience","Ski Alpin"],"articleSection":["\u00c0 la une"],"inLanguage":"fr-FR","potentialAction":[{"@type":"CommentAction","name":"Comment","target":["https:\/\/sport-index.fr\/blog\/a-la-une\/federica-brignone-decroche-enfin-lor-au-slalom-geant-des-mondiaux-de-saalbach\/#respond"]}]},{"@type":"WebPage","@id":"https:\/\/sport-index.fr\/blog\/a-la-une\/federica-brignone-decroche-enfin-lor-au-slalom-geant-des-mondiaux-de-saalbach\/","url":"https:\/\/sport-index.fr\/blog\/a-la-une\/federica-brignone-decroche-enfin-lor-au-slalom-geant-des-mondiaux-de-saalbach\/","name":"Federica Brignone d\u00e9croche enfin l'or au slalom g\u00e9ant","isPartOf":{"@id":"https:\/\/sport-index.fr\/blog\/#website"},"primaryImageOfPage":{"@id":"https:\/\/sport-index.fr\/blog\/a-la-une\/federica-brignone-decroche-enfin-lor-au-slalom-geant-des-mondiaux-de-saalbach\/#primaryimage"},"image":{"@id":"https:\/\/sport-index.fr\/blog\/a-la-une\/federica-brignone-decroche-enfin-lor-au-slalom-geant-des-mondiaux-de-saalbach\/#primaryimage"},"thumbnailUrl":"https:\/\/sport-index.fr\/blog\/wp-content\/uploads\/2025\/02\/sdxl-48be17814ded412568cfb740a4f517d1.png","datePublished":"2026-06-16T12:45:43+00:00","description":"Ski alpin \u00b7 Mondiaux de Saalbach \u00b7 F\u00e9vrier 2025 \u00c0 34 ans, Federica Brignone a d\u00e9croch\u00e9 l'or au slalom g\u00e9ant des Mondiaux de Saalbach, signant\u2026","inLanguage":"fr-FR","potentialAction":[{"@type":"ReadAction","target":["https:\/\/sport-index.fr\/blog\/a-la-une\/federica-brignone-decroche-enfin-lor-au-slalom-geant-des-mondiaux-de-saalbach\/"]}]},{"@type":"ImageObject","inLanguage":"fr-FR","@id":"https:\/\/sport-index.fr\/blog\/a-la-une\/federica-brignone-decroche-enfin-lor-au-slalom-geant-des-mondiaux-de-saalbach\/#primaryimage","url":"https:\/\/sport-index.fr\/blog\/wp-content\/uploads\/2025\/02\/sdxl-48be17814ded412568cfb740a4f517d1.png","contentUrl":"https:\/\/sport-index.fr\/blog\/wp-content\/uploads\/2025\/02\/sdxl-48be17814ded412568cfb740a4f517d1.png","width":1536,"height":640},{"@type":"WebSite","@id":"https:\/\/sport-index.fr\/blog\/#website","url":"https:\/\/sport-index.fr\/blog\/","name":"sport-index.fr","description":"Le score de l\u2019analyse sportive.","publisher":{"@id":"https:\/\/sport-index.fr\/blog\/#organization"},"alternateName":"Le score de l\u2019analyse sportive.","potentialAction":[{"@type":"SearchAction","target":{"@type":"EntryPoint","urlTemplate":"https:\/\/sport-index.fr\/blog\/?s={search_term_string}"},"query-input":{"@type":"PropertyValueSpecification","valueRequired":true,"valueName":"search_term_string"}}],"inLanguage":"fr-FR"},{"@type":"Organization","@id":"https:\/\/sport-index.fr\/blog\/#organization","name":"Foretsensations.fr","url":"https:\/\/sport-index.fr\/blog\/","logo":{"@type":"ImageObject","inLanguage":"fr-FR","@id":"https:\/\/sport-index.fr\/blog\/#\/schema\/logo\/image\/","url":"https:\/\/sport-index.fr\/blog\/wp-content\/uploads\/2026\/07\/logo-auto.png","contentUrl":"https:\/\/sport-index.fr\/blog\/wp-content\/uploads\/2026\/07\/logo-auto.png","width":1024,"height":1024,"caption":"Foretsensations.fr"},"image":{"@id":"https:\/\/sport-index.fr\/blog\/#\/schema\/logo\/image\/"}},{"@type":"Person","@id":"https:\/\/sport-index.fr\/blog\/#\/schema\/person\/3c864cdc320801e3db34b663e7e3f816","name":"Axel Lauzier","image":{"@type":"ImageObject","inLanguage":"fr-FR","@id":"https:\/\/sport-index.fr\/blog\/#\/schema\/person\/image\/","url":"https:\/\/sport-index.fr\/blog\/wp-content\/uploads\/2026\/06\/persona_axel-l-96x96.jpg","contentUrl":"https:\/\/sport-index.fr\/blog\/wp-content\/uploads\/2026\/06\/persona_axel-l-96x96.jpg","caption":"Axel Lauzier"},"description":"Le sport rythme mon quotidien depuis l'enfance, et j'en ai fait mon m\u00e9tier d'analyste r\u00e9dactionnel il y a une dizaine d'ann\u00e9es. Je couvre principalement le football, son actualit\u00e9, ses transferts et l'analyse tactique des grandes affiches, mais aussi les disciplines plus confidentielles que j'aime remettre en lumi\u00e8re. Une partie de mon travail porte sur les pronostics et la lecture statistique d'un match : forme des \u00e9quipes, historique des confrontations, compositions, sans jamais vendre de fausse certitude. Je rappelle syst\u00e9matiquement que parier comporte un risque et doit rester un loisir ma\u00eetris\u00e9. Avant de signer une analyse, je v\u00e9rifie mes chiffres, je recoupe les compositions probables et je distingue toujours la donn\u00e9e brute de l'intuition. Mon objectif : offrir une lecture honn\u00eate et argument\u00e9e, pas un ticket gagnant garanti.","sameAs":["https:\/\/axellauzier.fr\/"],"url":"https:\/\/sport-index.fr\/blog\/auteur\/noname\/"}]}},"_links":{"self":[{"href":"https:\/\/sport-index.fr\/blog\/wp-json\/wp\/v2\/posts\/8391","targetHints":{"allow":["GET"]}}],"collection":[{"href":"https:\/\/sport-index.fr\/blog\/wp-json\/wp\/v2\/posts"}],"about":[{"href":"https:\/\/sport-index.fr\/blog\/wp-json\/wp\/v2\/types\/post"}],"author":[{"embeddable":true,"href":"https:\/\/sport-index.fr\/blog\/wp-json\/wp\/v2\/users\/34"}],"replies":[{"embeddable":true,"href":"https:\/\/sport-index.fr\/blog\/wp-json\/wp\/v2\/comments?post=8391"}],"version-history":[{"count":3,"href":"https:\/\/sport-index.fr\/blog\/wp-json\/wp\/v2\/posts\/8391\/revisions"}],"predecessor-version":[{"id":18186,"href":"https:\/\/sport-index.fr\/blog\/wp-json\/wp\/v2\/posts\/8391\/revisions\/18186"}],"wp:featuredmedia":[{"embeddable":true,"href":"https:\/\/sport-index.fr\/blog\/wp-json\/wp\/v2\/media\/10451"}],"wp:attachment":[{"href":"https:\/\/sport-index.fr\/blog\/wp-json\/wp\/v2\/media?parent=8391"}],"wp:term":[{"taxonomy":"category","embeddable":true,"href":"https:\/\/sport-index.fr\/blog\/wp-json\/wp\/v2\/categories?post=8391"},{"taxonomy":"post_tag","embeddable":true,"href":"https:\/\/sport-index.fr\/blog\/wp-json\/wp\/v2\/tags?post=8391"}],"curies":[{"name":"wp","href":"https:\/\/api.w.org\/{rel}","templated":true}]}}