{"id":8399,"date":"2025-02-14T02:01:43","date_gmt":"2025-02-14T01:01:43","guid":{"rendered":"https:\/\/sport-index.fr\/blog\/?p=8399"},"modified":"2025-02-13T18:48:09","modified_gmt":"2025-02-13T17:48:09","slug":"la-defaite-cruelle-de-la-france-face-a-lallemagne-les-emotions-de-vincent-gerard","status":"publish","type":"post","link":"https:\/\/sport-index.fr\/blog\/a-la-une\/la-defaite-cruelle-de-la-france-face-a-lallemagne-les-emotions-de-vincent-gerard\/","title":{"rendered":"la d\u00e9faite cruelle de la france face \u00e0 l&rsquo;allemagne : les \u00e9motions de vincent g\u00e9rard"},"content":{"rendered":"<h2>Un souvenir amer des JO 2024<\/h2>\n<p>L&rsquo;\u00e9limination face \u00e0 l&rsquo;Allemagne, survenue en quart de finale, reste grav\u00e9e dans sa m\u00e9moire. Ce match se solde par une d\u00e9faite de 34-35 apr\u00e8s prolongation, une issue difficile \u00e0 accepter pour lui et ses co\u00e9quipiers.<\/p>\n<p>Dans une r\u00e9cente interview, G\u00e9rard confie : <\/p>\n<blockquote><p>\u00ab\u00a0Des fois, je me r\u00e9veille et je me dis : c&rsquo;est pas possible\u2026 Qu&rsquo;est-ce qui s&rsquo;est pass\u00e9 ?\u00a0\u00bb<\/p><\/blockquote>\n<p> Ces mots traduisent la douleur d&rsquo;un athl\u00e8te qui a consacr\u00e9 sa vie \u00e0 ce sport. La cicatrice de cette d\u00e9faite ne se refermera jamais compl\u00e8tement, et il doit d\u00e9sormais apprendre \u00e0 vivre avec cette r\u00e9alit\u00e9.<\/p>\n<p><iframe loading=\"lazy\" title=\"Le Baron LE ROY DE BOISEAUMARI\u00c9 : \u00abClaude Camous Raconte\u00bb H\u00e9ros de la Grande Guerre, P\u00e8re des A.O.C.\" width=\"1200\" height=\"675\" src=\"https:\/\/www.youtube.com\/embed\/4l_-2D6Grrc?feature=oembed\" frameborder=\"0\" allow=\"accelerometer; autoplay; clipboard-write; encrypted-media; gyroscope; picture-in-picture; web-share\" referrerpolicy=\"strict-origin-when-cross-origin\" allowfullscreen><\/iframe><\/p>\n<h2>Le soutien mutuel au sein de l&rsquo;\u00e9quipe<\/h2>\n<p>Malgr\u00e9 la d\u00e9ception, Vincent G\u00e9rard souligne l&rsquo;importance du soutien entre les joueurs. Apr\u00e8s l&rsquo;\u00e9galisation de l&rsquo;Allemagne \u00e0 la derni\u00e8re seconde, il a pris le temps de r\u00e9conforter Dika Mem, auteur d&rsquo;une erreur fatidique. G\u00e9rard lui a rappel\u00e9 que sa performance durant tout le tournoi avait \u00e9t\u00e9 cruciale pour atteindre les quarts de finale.<\/p>\n<p>Il est essentiel de comprendre que les \u00e9checs font partie int\u00e9grante du sport. G\u00e9rard rappelle que \u00ab\u00a0seules les personnes qui ne font rien ne rencontrent jamais d&rsquo;\u00e9chec\u00a0\u00bb. Son message de solidarit\u00e9 envers Mem est un exemple de la force que l&rsquo;on peut puiser dans la camaraderie, m\u00eame dans les moments les plus sombres.<\/p>\n<h2>Des souvenirs au-del\u00e0 de la d\u00e9ception<\/h2>\n<p>Les JO de Paris 2024 ont \u00e9t\u00e9 marqu\u00e9s par un engouement populaire sans pr\u00e9c\u00e9dent. Vincent G\u00e9rard se rem\u00e9more la ferveur du public qui soutenait l&rsquo;\u00e9quipe, offrant un cadre chaleureux et enthousiaste. Malgr\u00e9 la d\u00e9ception de ne pas avoir d\u00e9croch\u00e9 de m\u00e9daille, les souvenirs de ces moments de joie restent grav\u00e9s dans son esprit.<\/p>\n<p>Il raconte une anecdote touchante sur l&rsquo;accueil qu&rsquo;ils ont re\u00e7u lors de leur entr\u00e9e au village olympique. \u00ab\u00a0On voyait vraiment une \u00e9norme ferveur\u00a0\u00bb, d\u00e9clare-t-il, traduisant l&rsquo;enthousiasme du public fran\u00e7ais. Ce soutien et cette ambiance festive sont des \u00e9l\u00e9ments pr\u00e9cieux qui resteront en m\u00e9moire, m\u00eame face \u00e0 la cruaut\u00e9 de la comp\u00e9tition.<\/p>\n<ul>\n<li>Un parcours olympique riche en \u00e9motions<\/li>\n<li>La solidarit\u00e9 entre joueurs face \u00e0 l&rsquo;adversit\u00e9<\/li>\n<li>L&rsquo;importance du soutien du public<\/li>\n<li>Les souvenirs marquants de l&rsquo;\u00e9v\u00e9nement<\/li>\n<\/ul>\n<h2>Une nouvelle vie apr\u00e8s le handball<\/h2>\n<p>Depuis son d\u00e9part du monde professionnel, Vincent G\u00e9rard doit s&rsquo;adapter \u00e0 une nouvelle vie. Il \u00e9voque la difficult\u00e9 de se retrouver sans entra\u00eenements et sans la routine de la comp\u00e9tition. Ce vide peut \u00eatre d\u00e9stabilisant, mais il a d\u00e9cid\u00e9 de se consacrer \u00e0 d&rsquo;autres passions, comme le golf, tout en poursuivant son engagement en tant que pr\u00e9sident du syndicat des joueurs.<\/p>\n<p>Son r\u00f4le au sein du syndicat lui permet de rester actif dans le monde du handball, en soutenant les athl\u00e8tes et en participant \u00e0 des initiatives importantes. \u00ab\u00a0Il faut trouver de quoi passer le temps\u00a0\u00bb, explique-t-il, tout en cherchant \u00e0 rendre service \u00e0 la communaut\u00e9 des joueurs. Ainsi, m\u00eame apr\u00e8s sa carri\u00e8re, G\u00e9rard continue de contribuer au d\u00e9veloppement du handball en France.<\/p>\n<h2>Le regard tourn\u00e9 vers l&rsquo;avenir<\/h2>\n<p>Vincent G\u00e9rard garde un \u0153il attentif sur l&rsquo;\u00e9quipe de France, m\u00eame apr\u00e8s son d\u00e9part. Il a suivi avec int\u00e9r\u00eat le dernier Mondial, o\u00f9 les Bleus ont r\u00e9ussi \u00e0 d\u00e9crocher une m\u00e9daille de bronze. Cette performance t\u00e9moigne de la r\u00e9silience et du talent de l&rsquo;\u00e9quipe, malgr\u00e9 la pression et les attentes \u00e9lev\u00e9es.<\/p>\n<p>Pour G\u00e9rard, cette m\u00e9daille symbolise bien plus qu&rsquo;un simple morceau de m\u00e9tal. Elle repr\u00e9sente le travail acharn\u00e9 des joueurs et leur capacit\u00e9 \u00e0 surmonter les \u00e9preuves. \u00ab\u00a0C&rsquo;est tout sauf anodin\u00a0\u00bb, souligne-t-il, en insistant sur l&rsquo;importance de soutenir une \u00e9quipe en renouveau, pr\u00eate \u00e0 relever de nouveaux d\u00e9fis.<\/p>\n","protected":false},"excerpt":{"rendered":"","protected":false},"author":34,"featured_media":10931,"comment_status":"open","ping_status":"open","sticky":false,"template":"","format":"standard","meta":{"_acf_changed":false,"manual_indexmenow":false,"indexmenow_id_project":0,"footnotes":""},"categories":[1],"tags":[4840,4545,4544,4632,4408],"class_list":["post-8399","post","type-post","status-publish","format-standard","has-post-thumbnail","hentry","category-a-la-une","tag-changement-social","tag-confiance","tag-equipe","tag-performance-sportive","tag-resilience","generate-columns","tablet-grid-50","mobile-grid-100","grid-parent","grid-25"],"acf":[],"yoast_head":"<!-- This site is optimized with the Yoast SEO Premium plugin v21.3 (Yoast SEO v26.5) - https:\/\/yoast.com\/wordpress\/plugins\/seo\/ -->\n<title>la d\u00e9faite cruelle de la france face \u00e0 l&#039;allemagne<\/title>\n<meta name=\"description\" content=\"Un souvenir amer des JO 2024 L&#039;\u00e9limination face \u00e0 l&#039;Allemagne, survenue en quart de finale, reste grav\u00e9e dans sa m\u00e9moire. Ce match se solde par une\u2026\" \/>\n<meta name=\"robots\" content=\"index, follow, max-snippet:-1, max-image-preview:large, max-video-preview:-1\" \/>\n<link rel=\"canonical\" href=\"https:\/\/sport-index.fr\/blog\/a-la-une\/la-defaite-cruelle-de-la-france-face-a-lallemagne-les-emotions-de-vincent-gerard\/\" \/>\n<meta property=\"og:locale\" content=\"fr_FR\" \/>\n<meta property=\"og:type\" content=\"article\" \/>\n<meta property=\"og:title\" content=\"la d\u00e9faite cruelle de la france face \u00e0 l&#039;allemagne\" \/>\n<meta property=\"og:description\" content=\"Un souvenir amer des JO 2024 L&#039;\u00e9limination face \u00e0 l&#039;Allemagne, survenue en quart de finale, reste grav\u00e9e dans sa m\u00e9moire. Ce match se solde par une\u2026\" \/>\n<meta property=\"og:url\" content=\"https:\/\/sport-index.fr\/blog\/a-la-une\/la-defaite-cruelle-de-la-france-face-a-lallemagne-les-emotions-de-vincent-gerard\/\" \/>\n<meta property=\"og:site_name\" content=\"sport-index\" \/>\n<meta name=\"author\" content=\"Axel Lauzier\" \/>\n<meta name=\"twitter:card\" content=\"summary_large_image\" \/>\n<script type=\"application\/ld+json\" class=\"yoast-schema-graph\">{\"@context\":\"https:\/\/schema.org\",\"@graph\":[{\"@type\":\"NewsArticle\",\"@id\":\"https:\/\/sport-index.fr\/blog\/a-la-une\/la-defaite-cruelle-de-la-france-face-a-lallemagne-les-emotions-de-vincent-gerard\/#article\",\"isPartOf\":{\"@id\":\"https:\/\/sport-index.fr\/blog\/a-la-une\/la-defaite-cruelle-de-la-france-face-a-lallemagne-les-emotions-de-vincent-gerard\/\"},\"author\":{\"name\":\"Axel Lauzier\",\"@id\":\"https:\/\/sport-index.fr\/blog\/#\/schema\/person\/3c864cdc320801e3db34b663e7e3f816\"},\"headline\":\"la d\u00e9faite cruelle de la france face \u00e0 l&rsquo;allemagne : les \u00e9motions de vincent g\u00e9rard\",\"datePublished\":\"2025-02-14T01:01:43+00:00\",\"mainEntityOfPage\":{\"@id\":\"https:\/\/sport-index.fr\/blog\/a-la-une\/la-defaite-cruelle-de-la-france-face-a-lallemagne-les-emotions-de-vincent-gerard\/\"},\"wordCount\":685,\"commentCount\":22,\"publisher\":{\"@id\":\"https:\/\/sport-index.fr\/blog\/#organization\"},\"image\":{\"@id\":\"https:\/\/sport-index.fr\/blog\/a-la-une\/la-defaite-cruelle-de-la-france-face-a-lallemagne-les-emotions-de-vincent-gerard\/#primaryimage\"},\"thumbnailUrl\":\"https:\/\/sport-index.fr\/blog\/wp-content\/uploads\/2025\/02\/sdxl-24363006e9174321198660c4635cd832.png\",\"keywords\":[\"Changement Social\",\"Confiance\",\"\u00c9quipe\",\"Performance sportive\",\"R\u00e9silience\"],\"articleSection\":[\"\u00c0 la une\"],\"inLanguage\":\"fr-FR\",\"potentialAction\":[{\"@type\":\"CommentAction\",\"name\":\"Comment\",\"target\":[\"https:\/\/sport-index.fr\/blog\/a-la-une\/la-defaite-cruelle-de-la-france-face-a-lallemagne-les-emotions-de-vincent-gerard\/#respond\"]}]},{\"@type\":\"WebPage\",\"@id\":\"https:\/\/sport-index.fr\/blog\/a-la-une\/la-defaite-cruelle-de-la-france-face-a-lallemagne-les-emotions-de-vincent-gerard\/\",\"url\":\"https:\/\/sport-index.fr\/blog\/a-la-une\/la-defaite-cruelle-de-la-france-face-a-lallemagne-les-emotions-de-vincent-gerard\/\",\"name\":\"la d\u00e9faite cruelle de la france face \u00e0 l'allemagne\",\"isPartOf\":{\"@id\":\"https:\/\/sport-index.fr\/blog\/#website\"},\"primaryImageOfPage\":{\"@id\":\"https:\/\/sport-index.fr\/blog\/a-la-une\/la-defaite-cruelle-de-la-france-face-a-lallemagne-les-emotions-de-vincent-gerard\/#primaryimage\"},\"image\":{\"@id\":\"https:\/\/sport-index.fr\/blog\/a-la-une\/la-defaite-cruelle-de-la-france-face-a-lallemagne-les-emotions-de-vincent-gerard\/#primaryimage\"},\"thumbnailUrl\":\"https:\/\/sport-index.fr\/blog\/wp-content\/uploads\/2025\/02\/sdxl-24363006e9174321198660c4635cd832.png\",\"datePublished\":\"2025-02-14T01:01:43+00:00\",\"description\":\"Un souvenir amer des JO 2024 L'\u00e9limination face \u00e0 l'Allemagne, survenue en quart de finale, reste grav\u00e9e dans sa m\u00e9moire. Ce match se solde par une\u2026\",\"inLanguage\":\"fr-FR\",\"potentialAction\":[{\"@type\":\"ReadAction\",\"target\":[\"https:\/\/sport-index.fr\/blog\/a-la-une\/la-defaite-cruelle-de-la-france-face-a-lallemagne-les-emotions-de-vincent-gerard\/\"]}]},{\"@type\":\"ImageObject\",\"inLanguage\":\"fr-FR\",\"@id\":\"https:\/\/sport-index.fr\/blog\/a-la-une\/la-defaite-cruelle-de-la-france-face-a-lallemagne-les-emotions-de-vincent-gerard\/#primaryimage\",\"url\":\"https:\/\/sport-index.fr\/blog\/wp-content\/uploads\/2025\/02\/sdxl-24363006e9174321198660c4635cd832.png\",\"contentUrl\":\"https:\/\/sport-index.fr\/blog\/wp-content\/uploads\/2025\/02\/sdxl-24363006e9174321198660c4635cd832.png\",\"width\":1536,\"height\":640},{\"@type\":\"WebSite\",\"@id\":\"https:\/\/sport-index.fr\/blog\/#website\",\"url\":\"https:\/\/sport-index.fr\/blog\/\",\"name\":\"sport-index.fr\",\"description\":\"Le score de l\u2019analyse sportive.\",\"publisher\":{\"@id\":\"https:\/\/sport-index.fr\/blog\/#organization\"},\"alternateName\":\"Le score de l\u2019analyse sportive.\",\"potentialAction\":[{\"@type\":\"SearchAction\",\"target\":{\"@type\":\"EntryPoint\",\"urlTemplate\":\"https:\/\/sport-index.fr\/blog\/?s={search_term_string}\"},\"query-input\":{\"@type\":\"PropertyValueSpecification\",\"valueRequired\":true,\"valueName\":\"search_term_string\"}}],\"inLanguage\":\"fr-FR\"},{\"@type\":\"Organization\",\"@id\":\"https:\/\/sport-index.fr\/blog\/#organization\",\"name\":\"Foretsensations.fr\",\"url\":\"https:\/\/sport-index.fr\/blog\/\",\"logo\":{\"@type\":\"ImageObject\",\"inLanguage\":\"fr-FR\",\"@id\":\"https:\/\/sport-index.fr\/blog\/#\/schema\/logo\/image\/\",\"url\":\"https:\/\/sport-index.fr\/blog\/wp-content\/uploads\/2026\/07\/logo-auto.png\",\"contentUrl\":\"https:\/\/sport-index.fr\/blog\/wp-content\/uploads\/2026\/07\/logo-auto.png\",\"width\":1024,\"height\":1024,\"caption\":\"Foretsensations.fr\"},\"image\":{\"@id\":\"https:\/\/sport-index.fr\/blog\/#\/schema\/logo\/image\/\"}},{\"@type\":\"Person\",\"@id\":\"https:\/\/sport-index.fr\/blog\/#\/schema\/person\/3c864cdc320801e3db34b663e7e3f816\",\"name\":\"Axel Lauzier\",\"image\":{\"@type\":\"ImageObject\",\"inLanguage\":\"fr-FR\",\"@id\":\"https:\/\/sport-index.fr\/blog\/#\/schema\/person\/image\/\",\"url\":\"https:\/\/sport-index.fr\/blog\/wp-content\/uploads\/2026\/06\/persona_axel-l-96x96.jpg\",\"contentUrl\":\"https:\/\/sport-index.fr\/blog\/wp-content\/uploads\/2026\/06\/persona_axel-l-96x96.jpg\",\"caption\":\"Axel Lauzier\"},\"description\":\"Le sport rythme mon quotidien depuis l'enfance, et j'en ai fait mon m\u00e9tier d'analyste r\u00e9dactionnel il y a une dizaine d'ann\u00e9es. Je couvre principalement le football, son actualit\u00e9, ses transferts et l'analyse tactique des grandes affiches, mais aussi les disciplines plus confidentielles que j'aime remettre en lumi\u00e8re. Une partie de mon travail porte sur les pronostics et la lecture statistique d'un match : forme des \u00e9quipes, historique des confrontations, compositions, sans jamais vendre de fausse certitude. Je rappelle syst\u00e9matiquement que parier comporte un risque et doit rester un loisir ma\u00eetris\u00e9. Avant de signer une analyse, je v\u00e9rifie mes chiffres, je recoupe les compositions probables et je distingue toujours la donn\u00e9e brute de l'intuition. Mon objectif : offrir une lecture honn\u00eate et argument\u00e9e, pas un ticket gagnant garanti.\",\"sameAs\":[\"https:\/\/axellauzier.fr\/\"],\"url\":\"https:\/\/sport-index.fr\/blog\/auteur\/noname\/\"}]}<\/script>\n<!-- \/ Yoast SEO Premium plugin. -->","yoast_head_json":{"title":"la d\u00e9faite cruelle de la france face \u00e0 l'allemagne","description":"Un souvenir amer des JO 2024 L'\u00e9limination face \u00e0 l'Allemagne, survenue en quart de finale, reste grav\u00e9e dans sa m\u00e9moire. Ce match se solde par une\u2026","robots":{"index":"index","follow":"follow","max-snippet":"max-snippet:-1","max-image-preview":"max-image-preview:large","max-video-preview":"max-video-preview:-1"},"canonical":"https:\/\/sport-index.fr\/blog\/a-la-une\/la-defaite-cruelle-de-la-france-face-a-lallemagne-les-emotions-de-vincent-gerard\/","og_locale":"fr_FR","og_type":"article","og_title":"la d\u00e9faite cruelle de la france face \u00e0 l'allemagne","og_description":"Un souvenir amer des JO 2024 L'\u00e9limination face \u00e0 l'Allemagne, survenue en quart de finale, reste grav\u00e9e dans sa m\u00e9moire. Ce match se solde par une\u2026","og_url":"https:\/\/sport-index.fr\/blog\/a-la-une\/la-defaite-cruelle-de-la-france-face-a-lallemagne-les-emotions-de-vincent-gerard\/","og_site_name":"sport-index","author":"Axel Lauzier","twitter_card":"summary_large_image","schema":{"@context":"https:\/\/schema.org","@graph":[{"@type":"NewsArticle","@id":"https:\/\/sport-index.fr\/blog\/a-la-une\/la-defaite-cruelle-de-la-france-face-a-lallemagne-les-emotions-de-vincent-gerard\/#article","isPartOf":{"@id":"https:\/\/sport-index.fr\/blog\/a-la-une\/la-defaite-cruelle-de-la-france-face-a-lallemagne-les-emotions-de-vincent-gerard\/"},"author":{"name":"Axel Lauzier","@id":"https:\/\/sport-index.fr\/blog\/#\/schema\/person\/3c864cdc320801e3db34b663e7e3f816"},"headline":"la d\u00e9faite cruelle de la france face \u00e0 l&rsquo;allemagne : les \u00e9motions de vincent g\u00e9rard","datePublished":"2025-02-14T01:01:43+00:00","mainEntityOfPage":{"@id":"https:\/\/sport-index.fr\/blog\/a-la-une\/la-defaite-cruelle-de-la-france-face-a-lallemagne-les-emotions-de-vincent-gerard\/"},"wordCount":685,"commentCount":22,"publisher":{"@id":"https:\/\/sport-index.fr\/blog\/#organization"},"image":{"@id":"https:\/\/sport-index.fr\/blog\/a-la-une\/la-defaite-cruelle-de-la-france-face-a-lallemagne-les-emotions-de-vincent-gerard\/#primaryimage"},"thumbnailUrl":"https:\/\/sport-index.fr\/blog\/wp-content\/uploads\/2025\/02\/sdxl-24363006e9174321198660c4635cd832.png","keywords":["Changement Social","Confiance","\u00c9quipe","Performance sportive","R\u00e9silience"],"articleSection":["\u00c0 la une"],"inLanguage":"fr-FR","potentialAction":[{"@type":"CommentAction","name":"Comment","target":["https:\/\/sport-index.fr\/blog\/a-la-une\/la-defaite-cruelle-de-la-france-face-a-lallemagne-les-emotions-de-vincent-gerard\/#respond"]}]},{"@type":"WebPage","@id":"https:\/\/sport-index.fr\/blog\/a-la-une\/la-defaite-cruelle-de-la-france-face-a-lallemagne-les-emotions-de-vincent-gerard\/","url":"https:\/\/sport-index.fr\/blog\/a-la-une\/la-defaite-cruelle-de-la-france-face-a-lallemagne-les-emotions-de-vincent-gerard\/","name":"la d\u00e9faite cruelle de la france face \u00e0 l'allemagne","isPartOf":{"@id":"https:\/\/sport-index.fr\/blog\/#website"},"primaryImageOfPage":{"@id":"https:\/\/sport-index.fr\/blog\/a-la-une\/la-defaite-cruelle-de-la-france-face-a-lallemagne-les-emotions-de-vincent-gerard\/#primaryimage"},"image":{"@id":"https:\/\/sport-index.fr\/blog\/a-la-une\/la-defaite-cruelle-de-la-france-face-a-lallemagne-les-emotions-de-vincent-gerard\/#primaryimage"},"thumbnailUrl":"https:\/\/sport-index.fr\/blog\/wp-content\/uploads\/2025\/02\/sdxl-24363006e9174321198660c4635cd832.png","datePublished":"2025-02-14T01:01:43+00:00","description":"Un souvenir amer des JO 2024 L'\u00e9limination face \u00e0 l'Allemagne, survenue en quart de finale, reste grav\u00e9e dans sa m\u00e9moire. Ce match se solde par une\u2026","inLanguage":"fr-FR","potentialAction":[{"@type":"ReadAction","target":["https:\/\/sport-index.fr\/blog\/a-la-une\/la-defaite-cruelle-de-la-france-face-a-lallemagne-les-emotions-de-vincent-gerard\/"]}]},{"@type":"ImageObject","inLanguage":"fr-FR","@id":"https:\/\/sport-index.fr\/blog\/a-la-une\/la-defaite-cruelle-de-la-france-face-a-lallemagne-les-emotions-de-vincent-gerard\/#primaryimage","url":"https:\/\/sport-index.fr\/blog\/wp-content\/uploads\/2025\/02\/sdxl-24363006e9174321198660c4635cd832.png","contentUrl":"https:\/\/sport-index.fr\/blog\/wp-content\/uploads\/2025\/02\/sdxl-24363006e9174321198660c4635cd832.png","width":1536,"height":640},{"@type":"WebSite","@id":"https:\/\/sport-index.fr\/blog\/#website","url":"https:\/\/sport-index.fr\/blog\/","name":"sport-index.fr","description":"Le score de l\u2019analyse sportive.","publisher":{"@id":"https:\/\/sport-index.fr\/blog\/#organization"},"alternateName":"Le score de l\u2019analyse sportive.","potentialAction":[{"@type":"SearchAction","target":{"@type":"EntryPoint","urlTemplate":"https:\/\/sport-index.fr\/blog\/?s={search_term_string}"},"query-input":{"@type":"PropertyValueSpecification","valueRequired":true,"valueName":"search_term_string"}}],"inLanguage":"fr-FR"},{"@type":"Organization","@id":"https:\/\/sport-index.fr\/blog\/#organization","name":"Foretsensations.fr","url":"https:\/\/sport-index.fr\/blog\/","logo":{"@type":"ImageObject","inLanguage":"fr-FR","@id":"https:\/\/sport-index.fr\/blog\/#\/schema\/logo\/image\/","url":"https:\/\/sport-index.fr\/blog\/wp-content\/uploads\/2026\/07\/logo-auto.png","contentUrl":"https:\/\/sport-index.fr\/blog\/wp-content\/uploads\/2026\/07\/logo-auto.png","width":1024,"height":1024,"caption":"Foretsensations.fr"},"image":{"@id":"https:\/\/sport-index.fr\/blog\/#\/schema\/logo\/image\/"}},{"@type":"Person","@id":"https:\/\/sport-index.fr\/blog\/#\/schema\/person\/3c864cdc320801e3db34b663e7e3f816","name":"Axel Lauzier","image":{"@type":"ImageObject","inLanguage":"fr-FR","@id":"https:\/\/sport-index.fr\/blog\/#\/schema\/person\/image\/","url":"https:\/\/sport-index.fr\/blog\/wp-content\/uploads\/2026\/06\/persona_axel-l-96x96.jpg","contentUrl":"https:\/\/sport-index.fr\/blog\/wp-content\/uploads\/2026\/06\/persona_axel-l-96x96.jpg","caption":"Axel Lauzier"},"description":"Le sport rythme mon quotidien depuis l'enfance, et j'en ai fait mon m\u00e9tier d'analyste r\u00e9dactionnel il y a une dizaine d'ann\u00e9es. Je couvre principalement le football, son actualit\u00e9, ses transferts et l'analyse tactique des grandes affiches, mais aussi les disciplines plus confidentielles que j'aime remettre en lumi\u00e8re. Une partie de mon travail porte sur les pronostics et la lecture statistique d'un match : forme des \u00e9quipes, historique des confrontations, compositions, sans jamais vendre de fausse certitude. Je rappelle syst\u00e9matiquement que parier comporte un risque et doit rester un loisir ma\u00eetris\u00e9. Avant de signer une analyse, je v\u00e9rifie mes chiffres, je recoupe les compositions probables et je distingue toujours la donn\u00e9e brute de l'intuition. Mon objectif : offrir une lecture honn\u00eate et argument\u00e9e, pas un ticket gagnant garanti.","sameAs":["https:\/\/axellauzier.fr\/"],"url":"https:\/\/sport-index.fr\/blog\/auteur\/noname\/"}]}},"_links":{"self":[{"href":"https:\/\/sport-index.fr\/blog\/wp-json\/wp\/v2\/posts\/8399","targetHints":{"allow":["GET"]}}],"collection":[{"href":"https:\/\/sport-index.fr\/blog\/wp-json\/wp\/v2\/posts"}],"about":[{"href":"https:\/\/sport-index.fr\/blog\/wp-json\/wp\/v2\/types\/post"}],"author":[{"embeddable":true,"href":"https:\/\/sport-index.fr\/blog\/wp-json\/wp\/v2\/users\/34"}],"replies":[{"embeddable":true,"href":"https:\/\/sport-index.fr\/blog\/wp-json\/wp\/v2\/comments?post=8399"}],"version-history":[{"count":1,"href":"https:\/\/sport-index.fr\/blog\/wp-json\/wp\/v2\/posts\/8399\/revisions"}],"predecessor-version":[{"id":8424,"href":"https:\/\/sport-index.fr\/blog\/wp-json\/wp\/v2\/posts\/8399\/revisions\/8424"}],"wp:featuredmedia":[{"embeddable":true,"href":"https:\/\/sport-index.fr\/blog\/wp-json\/wp\/v2\/media\/10931"}],"wp:attachment":[{"href":"https:\/\/sport-index.fr\/blog\/wp-json\/wp\/v2\/media?parent=8399"}],"wp:term":[{"taxonomy":"category","embeddable":true,"href":"https:\/\/sport-index.fr\/blog\/wp-json\/wp\/v2\/categories?post=8399"},{"taxonomy":"post_tag","embeddable":true,"href":"https:\/\/sport-index.fr\/blog\/wp-json\/wp\/v2\/tags?post=8399"}],"curies":[{"name":"wp","href":"https:\/\/api.w.org\/{rel}","templated":true}]}}