{"id":8478,"date":"2025-02-15T02:11:16","date_gmt":"2025-02-15T01:11:16","guid":{"rendered":"https:\/\/sport-index.fr\/blog\/?p=8478"},"modified":"2025-02-14T10:57:38","modified_gmt":"2025-02-14T09:57:38","slug":"stefan-brennsteiner-face-a-un-defi-inattendu-lors-du-geant-de-saalbach","status":"publish","type":"post","link":"https:\/\/sport-index.fr\/blog\/a-la-une\/stefan-brennsteiner-face-a-un-defi-inattendu-lors-du-geant-de-saalbach\/","title":{"rendered":"Stefan Brennsteiner face \u00e0 un d\u00e9fi inattendu lors du g\u00e9ant de Saalbach"},"content":{"rendered":"<h2>Un incident malheureux sur les pistes<\/h2>\n<p>En pleine premi\u00e8re manche du g\u00e9ant, l&rsquo;Autrichien de 33 ans a perdu un ski, rendant sa course quasiment impossible. Cet incident a non seulement affect\u00e9 sa performance, mais a \u00e9galement captiv\u00e9 l&rsquo;attention des spectateurs et des commentateurs.<\/p>\n<p>Ce moment de tension a \u00e9t\u00e9 domin\u00e9 par la performance impressionnante du Norv\u00e9gien Timon Haugan, qui a termin\u00e9 cette manche en t\u00eate. La perte d&rsquo;un ski est un probl\u00e8me mat\u00e9riel qui peut arriver \u00e0 n&rsquo;importe quel comp\u00e9titeur, mais il est particuli\u00e8rement d\u00e9vastateur dans des \u00e9preuves aussi serr\u00e9es. Les athl\u00e8tes doivent constamment faire face \u00e0 des conditions impr\u00e9visibles sur les pistes, et cet incident en est la preuve.<\/p>\n<h2>Les cons\u00e9quences d&rsquo;un incident sur la performance<\/h2>\n<p>Perdre un ski dans une comp\u00e9tition de ce niveau peut avoir des r\u00e9percussions significatives. Non seulement cela compromet les chances de succ\u00e8s imm\u00e9diates, mais cela peut \u00e9galement affecter la confiance des athl\u00e8tes pour les courses \u00e0 venir. Brennsteiner, qui avait de grandes attentes cette saison, doit maintenant faire face \u00e0 une remise en question de sa strat\u00e9gie.<\/p>\n<p>Les commentaires des experts sur cet incident soulignent l&rsquo;importance d&rsquo;une pr\u00e9paration minutieuse et d&rsquo;une gestion ad\u00e9quate du mat\u00e9riel. Chaque d\u00e9tail compte lors de ces comp\u00e9titions de haut niveau, et un petit probl\u00e8me peut mener \u00e0 des r\u00e9sultats d\u00e9cevants. L&rsquo;adr\u00e9naline de la comp\u00e9tition rend ces erreurs encore plus visibles et impactantes.<\/p>\n<h2>Suivez la suite des \u00e9v\u00e9nements<\/h2>\n<p>Le deuxi\u00e8me passage du g\u00e9ant \u00e0 Saalbach est pr\u00e9vu pour 13h15, offrant une nouvelle chance aux comp\u00e9titeurs de briller. Pour les amateurs de ski, cet \u00e9v\u00e9nement est \u00e0 ne pas manquer, surtout apr\u00e8s un incident aussi captivant. Les cha\u00eenes Eurosport couvriront cette manche en direct, permettant aux fans de suivre l&rsquo;\u00e9volution de la course en temps r\u00e9el.<\/p>\n<p>Il est essentiel de garder un \u0153il sur Brennsteiner lors de son prochain passage. La mani\u00e8re dont il g\u00e9rera ce revers pourrait d\u00e9finir son \u00e9tat d&rsquo;esprit pour le reste de la saison. Le ski alpin est autant une question de technique que de mental, et chaque athl\u00e8te doit faire face \u00e0 ses propres d\u00e9fis sur les pistes.<\/p>\n<ul>\n<li>Stefan Brennsteiner a perdu un ski lors de la premi\u00e8re manche.<\/li>\n<li>Le Norv\u00e9gien Timon Haugan a domin\u00e9 cette manche.<\/li>\n<li>Le deuxi\u00e8me passage du g\u00e9ant est pr\u00e9vu \u00e0 13h15.<\/li>\n<li>Les cha\u00eenes Eurosport diffuseront la course en direct.<\/li>\n<li>L&rsquo;importance de la pr\u00e9paration et du mat\u00e9riel est mise en avant.<\/li>\n<\/ul>\n<blockquote><p>\n\u00ab\u00a0La perte d&rsquo;un ski peut sembler anodine, mais dans le monde du ski alpin, chaque d\u00e9tail peut faire la diff\u00e9rence entre la victoire et l&rsquo;\u00e9chec.\u00a0\u00bb\n<\/p><\/blockquote>\n<p>L&rsquo;incident survenu lors des Mondiaux de Saalbach rappelle que le ski alpin est un sport impr\u00e9visible. Les athl\u00e8tes comme Brennsteiner doivent constamment naviguer entre pr\u00e9paration rigoureuse et gestion des al\u00e9as. Les fans attendent avec impatience de voir comment il rebondira apr\u00e8s ce moment difficile.<\/p>\n","protected":false},"excerpt":{"rendered":"","protected":false},"author":34,"featured_media":10417,"comment_status":"open","ping_status":"open","sticky":false,"template":"","format":"standard","meta":{"_acf_changed":false,"manual_indexmenow":false,"indexmenow_id_project":0,"footnotes":""},"categories":[1],"tags":[4745,4545,4543,4885,4591],"class_list":["post-8478","post","type-post","status-publish","format-standard","has-post-thumbnail","hentry","category-a-la-une","tag-competition","tag-confiance","tag-performance","tag-preparation-mentale","tag-ski-alpin","generate-columns","tablet-grid-50","mobile-grid-100","grid-parent","grid-25"],"acf":[],"yoast_head":"<!-- This site is optimized with the Yoast SEO Premium plugin v21.3 (Yoast SEO v26.5) - https:\/\/yoast.com\/wordpress\/plugins\/seo\/ -->\n<title>Stefan Brennsteiner face \u00e0 un d\u00e9fi inattendu lors du g\u00e9ant<\/title>\n<meta name=\"description\" content=\"Un incident malheureux sur les pistes En pleine premi\u00e8re manche du g\u00e9ant, l&#039;Autrichien de 33 ans a perdu un ski, rendant sa course quasiment impossible\u2026\" \/>\n<meta name=\"robots\" content=\"index, follow, max-snippet:-1, max-image-preview:large, max-video-preview:-1\" \/>\n<link rel=\"canonical\" href=\"https:\/\/sport-index.fr\/blog\/a-la-une\/stefan-brennsteiner-face-a-un-defi-inattendu-lors-du-geant-de-saalbach\/\" \/>\n<meta property=\"og:locale\" content=\"fr_FR\" \/>\n<meta property=\"og:type\" content=\"article\" \/>\n<meta property=\"og:title\" content=\"Stefan Brennsteiner face \u00e0 un d\u00e9fi inattendu lors du g\u00e9ant\" \/>\n<meta property=\"og:description\" content=\"Un incident malheureux sur les pistes En pleine premi\u00e8re manche du g\u00e9ant, l&#039;Autrichien de 33 ans a perdu un ski, rendant sa course quasiment impossible\u2026\" \/>\n<meta property=\"og:url\" content=\"https:\/\/sport-index.fr\/blog\/a-la-une\/stefan-brennsteiner-face-a-un-defi-inattendu-lors-du-geant-de-saalbach\/\" \/>\n<meta property=\"og:site_name\" content=\"sport-index\" \/>\n<meta name=\"author\" content=\"Axel Lauzier\" \/>\n<meta name=\"twitter:card\" content=\"summary_large_image\" \/>\n<script type=\"application\/ld+json\" class=\"yoast-schema-graph\">{\"@context\":\"https:\/\/schema.org\",\"@graph\":[{\"@type\":\"NewsArticle\",\"@id\":\"https:\/\/sport-index.fr\/blog\/a-la-une\/stefan-brennsteiner-face-a-un-defi-inattendu-lors-du-geant-de-saalbach\/#article\",\"isPartOf\":{\"@id\":\"https:\/\/sport-index.fr\/blog\/a-la-une\/stefan-brennsteiner-face-a-un-defi-inattendu-lors-du-geant-de-saalbach\/\"},\"author\":{\"name\":\"Axel Lauzier\",\"@id\":\"https:\/\/sport-index.fr\/blog\/#\/schema\/person\/3c864cdc320801e3db34b663e7e3f816\"},\"headline\":\"Stefan Brennsteiner face \u00e0 un d\u00e9fi inattendu lors du g\u00e9ant de Saalbach\",\"datePublished\":\"2025-02-15T01:11:16+00:00\",\"mainEntityOfPage\":{\"@id\":\"https:\/\/sport-index.fr\/blog\/a-la-une\/stefan-brennsteiner-face-a-un-defi-inattendu-lors-du-geant-de-saalbach\/\"},\"wordCount\":535,\"commentCount\":19,\"publisher\":{\"@id\":\"https:\/\/sport-index.fr\/blog\/#organization\"},\"image\":{\"@id\":\"https:\/\/sport-index.fr\/blog\/a-la-une\/stefan-brennsteiner-face-a-un-defi-inattendu-lors-du-geant-de-saalbach\/#primaryimage\"},\"thumbnailUrl\":\"https:\/\/sport-index.fr\/blog\/wp-content\/uploads\/2025\/02\/sdxl-ff89601a9317f6ca6752e10566676cce.png\",\"keywords\":[\"Comp\u00e9tition\",\"Confiance\",\"Performance\",\"Pr\u00e9paration Mentale\",\"Ski Alpin\"],\"articleSection\":[\"\u00c0 la une\"],\"inLanguage\":\"fr-FR\",\"potentialAction\":[{\"@type\":\"CommentAction\",\"name\":\"Comment\",\"target\":[\"https:\/\/sport-index.fr\/blog\/a-la-une\/stefan-brennsteiner-face-a-un-defi-inattendu-lors-du-geant-de-saalbach\/#respond\"]}]},{\"@type\":\"WebPage\",\"@id\":\"https:\/\/sport-index.fr\/blog\/a-la-une\/stefan-brennsteiner-face-a-un-defi-inattendu-lors-du-geant-de-saalbach\/\",\"url\":\"https:\/\/sport-index.fr\/blog\/a-la-une\/stefan-brennsteiner-face-a-un-defi-inattendu-lors-du-geant-de-saalbach\/\",\"name\":\"Stefan Brennsteiner face \u00e0 un d\u00e9fi inattendu lors du g\u00e9ant\",\"isPartOf\":{\"@id\":\"https:\/\/sport-index.fr\/blog\/#website\"},\"primaryImageOfPage\":{\"@id\":\"https:\/\/sport-index.fr\/blog\/a-la-une\/stefan-brennsteiner-face-a-un-defi-inattendu-lors-du-geant-de-saalbach\/#primaryimage\"},\"image\":{\"@id\":\"https:\/\/sport-index.fr\/blog\/a-la-une\/stefan-brennsteiner-face-a-un-defi-inattendu-lors-du-geant-de-saalbach\/#primaryimage\"},\"thumbnailUrl\":\"https:\/\/sport-index.fr\/blog\/wp-content\/uploads\/2025\/02\/sdxl-ff89601a9317f6ca6752e10566676cce.png\",\"datePublished\":\"2025-02-15T01:11:16+00:00\",\"description\":\"Un incident malheureux sur les pistes En pleine premi\u00e8re manche du g\u00e9ant, l'Autrichien de 33 ans a perdu un ski, rendant sa course quasiment impossible\u2026\",\"inLanguage\":\"fr-FR\",\"potentialAction\":[{\"@type\":\"ReadAction\",\"target\":[\"https:\/\/sport-index.fr\/blog\/a-la-une\/stefan-brennsteiner-face-a-un-defi-inattendu-lors-du-geant-de-saalbach\/\"]}]},{\"@type\":\"ImageObject\",\"inLanguage\":\"fr-FR\",\"@id\":\"https:\/\/sport-index.fr\/blog\/a-la-une\/stefan-brennsteiner-face-a-un-defi-inattendu-lors-du-geant-de-saalbach\/#primaryimage\",\"url\":\"https:\/\/sport-index.fr\/blog\/wp-content\/uploads\/2025\/02\/sdxl-ff89601a9317f6ca6752e10566676cce.png\",\"contentUrl\":\"https:\/\/sport-index.fr\/blog\/wp-content\/uploads\/2025\/02\/sdxl-ff89601a9317f6ca6752e10566676cce.png\",\"width\":1536,\"height\":640},{\"@type\":\"WebSite\",\"@id\":\"https:\/\/sport-index.fr\/blog\/#website\",\"url\":\"https:\/\/sport-index.fr\/blog\/\",\"name\":\"sport-index.fr\",\"description\":\"Le score de l\u2019analyse sportive.\",\"publisher\":{\"@id\":\"https:\/\/sport-index.fr\/blog\/#organization\"},\"alternateName\":\"Le score de l\u2019analyse sportive.\",\"potentialAction\":[{\"@type\":\"SearchAction\",\"target\":{\"@type\":\"EntryPoint\",\"urlTemplate\":\"https:\/\/sport-index.fr\/blog\/?s={search_term_string}\"},\"query-input\":{\"@type\":\"PropertyValueSpecification\",\"valueRequired\":true,\"valueName\":\"search_term_string\"}}],\"inLanguage\":\"fr-FR\"},{\"@type\":\"Organization\",\"@id\":\"https:\/\/sport-index.fr\/blog\/#organization\",\"name\":\"Foretsensations.fr\",\"url\":\"https:\/\/sport-index.fr\/blog\/\",\"logo\":{\"@type\":\"ImageObject\",\"inLanguage\":\"fr-FR\",\"@id\":\"https:\/\/sport-index.fr\/blog\/#\/schema\/logo\/image\/\",\"url\":\"https:\/\/sport-index.fr\/blog\/wp-content\/uploads\/2026\/07\/logo-auto.png\",\"contentUrl\":\"https:\/\/sport-index.fr\/blog\/wp-content\/uploads\/2026\/07\/logo-auto.png\",\"width\":1024,\"height\":1024,\"caption\":\"Foretsensations.fr\"},\"image\":{\"@id\":\"https:\/\/sport-index.fr\/blog\/#\/schema\/logo\/image\/\"}},{\"@type\":\"Person\",\"@id\":\"https:\/\/sport-index.fr\/blog\/#\/schema\/person\/3c864cdc320801e3db34b663e7e3f816\",\"name\":\"Axel Lauzier\",\"image\":{\"@type\":\"ImageObject\",\"inLanguage\":\"fr-FR\",\"@id\":\"https:\/\/sport-index.fr\/blog\/#\/schema\/person\/image\/\",\"url\":\"https:\/\/sport-index.fr\/blog\/wp-content\/uploads\/2026\/06\/persona_axel-l-96x96.jpg\",\"contentUrl\":\"https:\/\/sport-index.fr\/blog\/wp-content\/uploads\/2026\/06\/persona_axel-l-96x96.jpg\",\"caption\":\"Axel Lauzier\"},\"description\":\"Le sport rythme mon quotidien depuis l'enfance, et j'en ai fait mon m\u00e9tier d'analyste r\u00e9dactionnel il y a une dizaine d'ann\u00e9es. Je couvre principalement le football, son actualit\u00e9, ses transferts et l'analyse tactique des grandes affiches, mais aussi les disciplines plus confidentielles que j'aime remettre en lumi\u00e8re. Une partie de mon travail porte sur les pronostics et la lecture statistique d'un match : forme des \u00e9quipes, historique des confrontations, compositions, sans jamais vendre de fausse certitude. Je rappelle syst\u00e9matiquement que parier comporte un risque et doit rester un loisir ma\u00eetris\u00e9. Avant de signer une analyse, je v\u00e9rifie mes chiffres, je recoupe les compositions probables et je distingue toujours la donn\u00e9e brute de l'intuition. Mon objectif : offrir une lecture honn\u00eate et argument\u00e9e, pas un ticket gagnant garanti.\",\"sameAs\":[\"https:\/\/axellauzier.fr\/\"],\"url\":\"https:\/\/sport-index.fr\/blog\/auteur\/noname\/\"}]}<\/script>\n<!-- \/ Yoast SEO Premium plugin. -->","yoast_head_json":{"title":"Stefan Brennsteiner face \u00e0 un d\u00e9fi inattendu lors du g\u00e9ant","description":"Un incident malheureux sur les pistes En pleine premi\u00e8re manche du g\u00e9ant, l'Autrichien de 33 ans a perdu un ski, rendant sa course quasiment impossible\u2026","robots":{"index":"index","follow":"follow","max-snippet":"max-snippet:-1","max-image-preview":"max-image-preview:large","max-video-preview":"max-video-preview:-1"},"canonical":"https:\/\/sport-index.fr\/blog\/a-la-une\/stefan-brennsteiner-face-a-un-defi-inattendu-lors-du-geant-de-saalbach\/","og_locale":"fr_FR","og_type":"article","og_title":"Stefan Brennsteiner face \u00e0 un d\u00e9fi inattendu lors du g\u00e9ant","og_description":"Un incident malheureux sur les pistes En pleine premi\u00e8re manche du g\u00e9ant, l'Autrichien de 33 ans a perdu un ski, rendant sa course quasiment impossible\u2026","og_url":"https:\/\/sport-index.fr\/blog\/a-la-une\/stefan-brennsteiner-face-a-un-defi-inattendu-lors-du-geant-de-saalbach\/","og_site_name":"sport-index","author":"Axel Lauzier","twitter_card":"summary_large_image","schema":{"@context":"https:\/\/schema.org","@graph":[{"@type":"NewsArticle","@id":"https:\/\/sport-index.fr\/blog\/a-la-une\/stefan-brennsteiner-face-a-un-defi-inattendu-lors-du-geant-de-saalbach\/#article","isPartOf":{"@id":"https:\/\/sport-index.fr\/blog\/a-la-une\/stefan-brennsteiner-face-a-un-defi-inattendu-lors-du-geant-de-saalbach\/"},"author":{"name":"Axel Lauzier","@id":"https:\/\/sport-index.fr\/blog\/#\/schema\/person\/3c864cdc320801e3db34b663e7e3f816"},"headline":"Stefan Brennsteiner face \u00e0 un d\u00e9fi inattendu lors du g\u00e9ant de Saalbach","datePublished":"2025-02-15T01:11:16+00:00","mainEntityOfPage":{"@id":"https:\/\/sport-index.fr\/blog\/a-la-une\/stefan-brennsteiner-face-a-un-defi-inattendu-lors-du-geant-de-saalbach\/"},"wordCount":535,"commentCount":19,"publisher":{"@id":"https:\/\/sport-index.fr\/blog\/#organization"},"image":{"@id":"https:\/\/sport-index.fr\/blog\/a-la-une\/stefan-brennsteiner-face-a-un-defi-inattendu-lors-du-geant-de-saalbach\/#primaryimage"},"thumbnailUrl":"https:\/\/sport-index.fr\/blog\/wp-content\/uploads\/2025\/02\/sdxl-ff89601a9317f6ca6752e10566676cce.png","keywords":["Comp\u00e9tition","Confiance","Performance","Pr\u00e9paration Mentale","Ski Alpin"],"articleSection":["\u00c0 la une"],"inLanguage":"fr-FR","potentialAction":[{"@type":"CommentAction","name":"Comment","target":["https:\/\/sport-index.fr\/blog\/a-la-une\/stefan-brennsteiner-face-a-un-defi-inattendu-lors-du-geant-de-saalbach\/#respond"]}]},{"@type":"WebPage","@id":"https:\/\/sport-index.fr\/blog\/a-la-une\/stefan-brennsteiner-face-a-un-defi-inattendu-lors-du-geant-de-saalbach\/","url":"https:\/\/sport-index.fr\/blog\/a-la-une\/stefan-brennsteiner-face-a-un-defi-inattendu-lors-du-geant-de-saalbach\/","name":"Stefan Brennsteiner face \u00e0 un d\u00e9fi inattendu lors du g\u00e9ant","isPartOf":{"@id":"https:\/\/sport-index.fr\/blog\/#website"},"primaryImageOfPage":{"@id":"https:\/\/sport-index.fr\/blog\/a-la-une\/stefan-brennsteiner-face-a-un-defi-inattendu-lors-du-geant-de-saalbach\/#primaryimage"},"image":{"@id":"https:\/\/sport-index.fr\/blog\/a-la-une\/stefan-brennsteiner-face-a-un-defi-inattendu-lors-du-geant-de-saalbach\/#primaryimage"},"thumbnailUrl":"https:\/\/sport-index.fr\/blog\/wp-content\/uploads\/2025\/02\/sdxl-ff89601a9317f6ca6752e10566676cce.png","datePublished":"2025-02-15T01:11:16+00:00","description":"Un incident malheureux sur les pistes En pleine premi\u00e8re manche du g\u00e9ant, l'Autrichien de 33 ans a perdu un ski, rendant sa course quasiment impossible\u2026","inLanguage":"fr-FR","potentialAction":[{"@type":"ReadAction","target":["https:\/\/sport-index.fr\/blog\/a-la-une\/stefan-brennsteiner-face-a-un-defi-inattendu-lors-du-geant-de-saalbach\/"]}]},{"@type":"ImageObject","inLanguage":"fr-FR","@id":"https:\/\/sport-index.fr\/blog\/a-la-une\/stefan-brennsteiner-face-a-un-defi-inattendu-lors-du-geant-de-saalbach\/#primaryimage","url":"https:\/\/sport-index.fr\/blog\/wp-content\/uploads\/2025\/02\/sdxl-ff89601a9317f6ca6752e10566676cce.png","contentUrl":"https:\/\/sport-index.fr\/blog\/wp-content\/uploads\/2025\/02\/sdxl-ff89601a9317f6ca6752e10566676cce.png","width":1536,"height":640},{"@type":"WebSite","@id":"https:\/\/sport-index.fr\/blog\/#website","url":"https:\/\/sport-index.fr\/blog\/","name":"sport-index.fr","description":"Le score de l\u2019analyse sportive.","publisher":{"@id":"https:\/\/sport-index.fr\/blog\/#organization"},"alternateName":"Le score de l\u2019analyse sportive.","potentialAction":[{"@type":"SearchAction","target":{"@type":"EntryPoint","urlTemplate":"https:\/\/sport-index.fr\/blog\/?s={search_term_string}"},"query-input":{"@type":"PropertyValueSpecification","valueRequired":true,"valueName":"search_term_string"}}],"inLanguage":"fr-FR"},{"@type":"Organization","@id":"https:\/\/sport-index.fr\/blog\/#organization","name":"Foretsensations.fr","url":"https:\/\/sport-index.fr\/blog\/","logo":{"@type":"ImageObject","inLanguage":"fr-FR","@id":"https:\/\/sport-index.fr\/blog\/#\/schema\/logo\/image\/","url":"https:\/\/sport-index.fr\/blog\/wp-content\/uploads\/2026\/07\/logo-auto.png","contentUrl":"https:\/\/sport-index.fr\/blog\/wp-content\/uploads\/2026\/07\/logo-auto.png","width":1024,"height":1024,"caption":"Foretsensations.fr"},"image":{"@id":"https:\/\/sport-index.fr\/blog\/#\/schema\/logo\/image\/"}},{"@type":"Person","@id":"https:\/\/sport-index.fr\/blog\/#\/schema\/person\/3c864cdc320801e3db34b663e7e3f816","name":"Axel Lauzier","image":{"@type":"ImageObject","inLanguage":"fr-FR","@id":"https:\/\/sport-index.fr\/blog\/#\/schema\/person\/image\/","url":"https:\/\/sport-index.fr\/blog\/wp-content\/uploads\/2026\/06\/persona_axel-l-96x96.jpg","contentUrl":"https:\/\/sport-index.fr\/blog\/wp-content\/uploads\/2026\/06\/persona_axel-l-96x96.jpg","caption":"Axel Lauzier"},"description":"Le sport rythme mon quotidien depuis l'enfance, et j'en ai fait mon m\u00e9tier d'analyste r\u00e9dactionnel il y a une dizaine d'ann\u00e9es. Je couvre principalement le football, son actualit\u00e9, ses transferts et l'analyse tactique des grandes affiches, mais aussi les disciplines plus confidentielles que j'aime remettre en lumi\u00e8re. Une partie de mon travail porte sur les pronostics et la lecture statistique d'un match : forme des \u00e9quipes, historique des confrontations, compositions, sans jamais vendre de fausse certitude. Je rappelle syst\u00e9matiquement que parier comporte un risque et doit rester un loisir ma\u00eetris\u00e9. Avant de signer une analyse, je v\u00e9rifie mes chiffres, je recoupe les compositions probables et je distingue toujours la donn\u00e9e brute de l'intuition. Mon objectif : offrir une lecture honn\u00eate et argument\u00e9e, pas un ticket gagnant garanti.","sameAs":["https:\/\/axellauzier.fr\/"],"url":"https:\/\/sport-index.fr\/blog\/auteur\/noname\/"}]}},"_links":{"self":[{"href":"https:\/\/sport-index.fr\/blog\/wp-json\/wp\/v2\/posts\/8478","targetHints":{"allow":["GET"]}}],"collection":[{"href":"https:\/\/sport-index.fr\/blog\/wp-json\/wp\/v2\/posts"}],"about":[{"href":"https:\/\/sport-index.fr\/blog\/wp-json\/wp\/v2\/types\/post"}],"author":[{"embeddable":true,"href":"https:\/\/sport-index.fr\/blog\/wp-json\/wp\/v2\/users\/34"}],"replies":[{"embeddable":true,"href":"https:\/\/sport-index.fr\/blog\/wp-json\/wp\/v2\/comments?post=8478"}],"version-history":[{"count":1,"href":"https:\/\/sport-index.fr\/blog\/wp-json\/wp\/v2\/posts\/8478\/revisions"}],"predecessor-version":[{"id":8726,"href":"https:\/\/sport-index.fr\/blog\/wp-json\/wp\/v2\/posts\/8478\/revisions\/8726"}],"wp:featuredmedia":[{"embeddable":true,"href":"https:\/\/sport-index.fr\/blog\/wp-json\/wp\/v2\/media\/10417"}],"wp:attachment":[{"href":"https:\/\/sport-index.fr\/blog\/wp-json\/wp\/v2\/media?parent=8478"}],"wp:term":[{"taxonomy":"category","embeddable":true,"href":"https:\/\/sport-index.fr\/blog\/wp-json\/wp\/v2\/categories?post=8478"},{"taxonomy":"post_tag","embeddable":true,"href":"https:\/\/sport-index.fr\/blog\/wp-json\/wp\/v2\/tags?post=8478"}],"curies":[{"name":"wp","href":"https:\/\/api.w.org\/{rel}","templated":true}]}}