{"id":8495,"date":"2025-02-16T03:30:44","date_gmt":"2025-02-16T02:30:44","guid":{"rendered":"https:\/\/sport-index.fr\/blog\/?p=8495"},"modified":"2025-02-14T13:04:29","modified_gmt":"2025-02-14T12:04:29","slug":"6-nations-2025-le-xv-de-france-se-prepare-pour-litalie-sans-meafou-ni-colombe","status":"publish","type":"post","link":"https:\/\/sport-index.fr\/blog\/a-la-une\/6-nations-2025-le-xv-de-france-se-prepare-pour-litalie-sans-meafou-ni-colombe\/","title":{"rendered":"6 Nations 2025 : le XV de France se pr\u00e9pare pour l&rsquo;Italie sans Meafou ni Colombe"},"content":{"rendered":"<p>Le s\u00e9lectionneur Fabien Galthi\u00e9 a r\u00e9v\u00e9l\u00e9 la liste des 42 joueurs convoqu\u00e9s, marqu\u00e9e par des retours significatifs et des absences notables. Alors que Thibaud Flament et Ga\u00ebl Fickou font leur r\u00e9apparition, Emmanuel Meafou et Georges-Henri Colombe ne seront pas de la f\u00eate, ce qui soul\u00e8ve des questions sur la strat\u00e9gie de l&rsquo;\u00e9quipe avant ce duel crucial \u00e0 Rome.<\/p>\n<h2>Des retours encourageants pour le XV de France<\/h2>\n<p>Le retour de Ga\u00ebl Fickou est sans doute l&rsquo;une des meilleures nouvelles pour le XV de France. Apr\u00e8s avoir souffert d&rsquo;une fracture au pouce, il a manqu\u00e9 les deux premiers matchs du tournoi. Son exp\u00e9rience et ses comp\u00e9tences sur le terrain seront essentielles pour renforcer le milieu de terrain fran\u00e7ais contre l&rsquo;Italie.<\/p>\n<p>Thibaud Flament, \u00e9galement de retour, apporte une dimension physique et technique \u00e0 la ligne de touche. Bien qu&rsquo;il ait \u00e9t\u00e9 absent en raison d&rsquo;une blessure au mollet, son retour est attendu avec impatience par les fans. La combinaison de ces deux joueurs pourrait s&rsquo;av\u00e9rer d\u00e9cisive pour le succ\u00e8s de l&rsquo;\u00e9quipe.<\/p>\n<h2>Des absences qui p\u00e8sent lourd<\/h2>\n<p>Malgr\u00e9 ces retours, les absences de Meafou et Colombe laissent un vide dans l&rsquo;\u00e9quipe. Emmanuel Meafou, reconnu pour sa puissance et sa pr\u00e9sence en m\u00eal\u00e9e, manquera \u00e0 l&rsquo;\u00e9quipe, et la raison de son absence reste floue. Cela pourrait poser un d\u00e9fi strat\u00e9gique pour Galthi\u00e9, qui devra adapter son plan de jeu en cons\u00e9quence.<img decoding=\"async\" width=\"1024\" height=\"576\" src=\"https:\/\/sport-index.fr\/blog\/wp-content\/uploads\/2025\/02\/stability-6-nations-2025-le-xv-de-france-se-prepare-pour-litalie-sans-meafou-ni-colombe-1.png\" class=\"aligncenter\" alt=\"Illustration d\u00e9taill\u00e9e sur 6 Nations 2025 : le XV de France se pr\u00e9pare pour l&#039;Italie sans Meafou ni Colombe\" title=\"6 Nations 2025 : le XV de France se pr\u00e9pare pour l&#039;Italie sans Meafou ni Colombe\" loading=\"lazy\" \/><\/p>\n<p>Georges-Henri Colombe, qui a \u00e9t\u00e9 rempla\u00e7ant lors des deux premiers matchs, ne sera pas l\u00e0 pour apporter son soutien. Son absence laisse une opportunit\u00e9 pour d&rsquo;autres joueurs, mais cela soul\u00e8ve des inqui\u00e9tudes quant \u00e0 la profondeur de l&rsquo;\u00e9quipe. Les choix faits par Galthi\u00e9 face \u00e0 ces d\u00e9fis seront scrut\u00e9s de pr\u00e8s.<\/p>\n<h2>La liste des 42 joueurs pour le match contre l&rsquo;Italie<\/h2>\n<p>Le groupe des 42 joueurs s\u00e9lectionn\u00e9s par Fabien Galthi\u00e9 pour pr\u00e9parer le match contre l&rsquo;Italie est un m\u00e9lange de jeunes talents et de joueurs exp\u00e9riment\u00e9s. Une attention particuli\u00e8re a \u00e9t\u00e9 port\u00e9e \u00e0 l&rsquo;\u00e9quilibre entre puissance et rapidit\u00e9, essentiel dans le rugby moderne. Voici la liste des joueurs convoqu\u00e9s :<\/p>\n<ul>\n<li>Esteban Abadie (Toulon)<\/li>\n<li>Dorian Aldegheri (Toulouse)<\/li>\n<li>Gregory Alldritt (La Rochelle)<\/li>\n<li>Uini Atonio (La Rochelle)<\/li>\n<li>Hugo Auradou (Pau)<\/li>\n<li>Cyril Baille (Toulouse)<\/li>\n<li>Paul Boudehent (La Rochelle)<\/li>\n<li>Joshua Brennan (Toulouse)<\/li>\n<li>Dylan Cretin (Lyon)<\/li>\n<li>Fran\u00e7ois Cros (Toulouse)<\/li>\n<li>Sipili Falatea (UBB)<\/li>\n<li>Thibaud Flament (Toulouse)<\/li>\n<li>Marko Gazzotti (UBB)<\/li>\n<li>Jean-Baptiste Gros (Toulon)<\/li>\n<li>Micka\u00ebl Guillard (Lyon)<\/li>\n<li>Oscar Jegou (La Rochelle)<\/li>\n<li>Anthony Jelonch (Toulouse)<\/li>\n<li>Maxime Lamothe (UBB)<\/li>\n<li>Julien Marchand (Toulouse)<\/li>\n<li>Peato Mauvaka (Toulouse)<\/li>\n<li>Lenni Nouchi (Montpellier)<\/li>\n<li>Alexandre Roumat (Toulouse)<\/li>\n<li>Rabah Slimani (Leinster)<\/li>\n<li>Romain Taofifenua (Racing 92)<\/li>\n<li>Reda Wardi (La Rochelle)<\/li>\n<li>Theo Attissogbe (Pau)<\/li>\n<li>Pierre-Louis Barassi (Toulouse)<\/li>\n<li>L\u00e9o Barr\u00e9 (Stade fran\u00e7ais)<\/li>\n<li>Louis Bielle-Biarrey (UBB)<\/li>\n<li>Nicolas Depoortere (UBB)<\/li>\n<li>Antoine Dupont (Toulouse)<\/li>\n<li>Ga\u00ebl Fickou (Racing 92)<\/li>\n<li>Emilien Gailleton (Pau)<\/li>\n<li>Matthieu Jalibert (UBB)<\/li>\n<li>Louis Le Brun (Castres)<\/li>\n<li>Nolann Le Garrec (Racing 92)<\/li>\n<li>Maxime Lucu (UBB)<\/li>\n<li>Yoram Moefana (UBB)<\/li>\n<li>Damian Penaud (UBB)<\/li>\n<li>Thomas Ramos (Toulouse)<\/li>\n<li>Gabin Villi\u00e8re (Toulon)<\/li>\n<\/ul>\n<blockquote>\n<p>\u00ab\u00a0Nous devons nous adapter rapidement aux absences et tirer le meilleur parti de notre effectif disponible.\u00a0\u00bb &#8211; Fabien Galthi\u00e9<\/p>\n<\/blockquote>\n<p>Alors que le XV de France se pr\u00e9pare \u00e0 affronter l&rsquo;Italie, tous les yeux seront riv\u00e9s sur la capacit\u00e9 de l&rsquo;\u00e9quipe \u00e0 surmonter ces d\u00e9fis. L&rsquo;excitation pour ce match promet d&rsquo;\u00eatre \u00e0 son comble, et les supporters esp\u00e8rent voir une performance \u00e0 la hauteur des attentes.<\/p>\n","protected":false},"excerpt":{"rendered":"","protected":false},"author":34,"featured_media":8496,"comment_status":"open","ping_status":"open","sticky":false,"template":"","format":"standard","meta":{"_acf_changed":false,"manual_indexmenow":false,"indexmenow_id_project":0,"footnotes":""},"categories":[1],"tags":[4561,4632,4536,4556,4554],"class_list":["post-8495","post","type-post","status-publish","format-standard","has-post-thumbnail","hentry","category-a-la-une","tag-gestion-des-talents","tag-performance-sportive","tag-rugby","tag-tournoi-des-6-nations","tag-xv-de-france","generate-columns","tablet-grid-50","mobile-grid-100","grid-parent","grid-25"],"acf":[],"yoast_head":"<!-- This site is optimized with the Yoast SEO Premium plugin v21.3 (Yoast SEO v26.5) - https:\/\/yoast.com\/wordpress\/plugins\/seo\/ -->\n<title>6 Nations 2025 : le XV de France se pr\u00e9pare pour l&#039;Italie<\/title>\n<meta name=\"description\" content=\"Le s\u00e9lectionneur Fabien Galthi\u00e9 a r\u00e9v\u00e9l\u00e9 la liste des 42 joueurs convoqu\u00e9s, marqu\u00e9e par des retours significatifs et des absences notables. Alors que\u2026\" \/>\n<meta name=\"robots\" content=\"index, follow, max-snippet:-1, max-image-preview:large, max-video-preview:-1\" \/>\n<link rel=\"canonical\" href=\"https:\/\/sport-index.fr\/blog\/a-la-une\/6-nations-2025-le-xv-de-france-se-prepare-pour-litalie-sans-meafou-ni-colombe\/\" \/>\n<meta property=\"og:locale\" content=\"fr_FR\" \/>\n<meta property=\"og:type\" content=\"article\" \/>\n<meta property=\"og:title\" content=\"6 Nations 2025 : le XV de France se pr\u00e9pare pour l&#039;Italie\" \/>\n<meta property=\"og:description\" content=\"Le s\u00e9lectionneur Fabien Galthi\u00e9 a r\u00e9v\u00e9l\u00e9 la liste des 42 joueurs convoqu\u00e9s, marqu\u00e9e par des retours significatifs et des absences notables. Alors que\u2026\" \/>\n<meta property=\"og:url\" content=\"https:\/\/sport-index.fr\/blog\/a-la-une\/6-nations-2025-le-xv-de-france-se-prepare-pour-litalie-sans-meafou-ni-colombe\/\" \/>\n<meta property=\"og:site_name\" content=\"sport-index\" \/>\n<meta property=\"og:image\" content=\"https:\/\/sport-index.fr\/blog\/wp-content\/uploads\/2025\/02\/stability-6-nations-2025-le-xv-de-france-se-prepare-pour-litalie-sans-meafou-ni-colombe.png\" \/>\n\t<meta property=\"og:image:width\" content=\"1024\" \/>\n\t<meta property=\"og:image:height\" content=\"576\" \/>\n\t<meta property=\"og:image:type\" content=\"image\/png\" \/>\n<meta name=\"author\" content=\"Axel Lauzier\" \/>\n<meta name=\"twitter:card\" content=\"summary_large_image\" \/>\n<script type=\"application\/ld+json\" class=\"yoast-schema-graph\">{\"@context\":\"https:\/\/schema.org\",\"@graph\":[{\"@type\":\"NewsArticle\",\"@id\":\"https:\/\/sport-index.fr\/blog\/a-la-une\/6-nations-2025-le-xv-de-france-se-prepare-pour-litalie-sans-meafou-ni-colombe\/#article\",\"isPartOf\":{\"@id\":\"https:\/\/sport-index.fr\/blog\/a-la-une\/6-nations-2025-le-xv-de-france-se-prepare-pour-litalie-sans-meafou-ni-colombe\/\"},\"author\":{\"name\":\"Axel Lauzier\",\"@id\":\"https:\/\/sport-index.fr\/blog\/#\/schema\/person\/3c864cdc320801e3db34b663e7e3f816\"},\"headline\":\"6 Nations 2025 : le XV de France se pr\u00e9pare pour l&rsquo;Italie sans Meafou ni Colombe\",\"datePublished\":\"2025-02-16T02:30:44+00:00\",\"mainEntityOfPage\":{\"@id\":\"https:\/\/sport-index.fr\/blog\/a-la-une\/6-nations-2025-le-xv-de-france-se-prepare-pour-litalie-sans-meafou-ni-colombe\/\"},\"wordCount\":602,\"commentCount\":25,\"publisher\":{\"@id\":\"https:\/\/sport-index.fr\/blog\/#organization\"},\"image\":{\"@id\":\"https:\/\/sport-index.fr\/blog\/a-la-une\/6-nations-2025-le-xv-de-france-se-prepare-pour-litalie-sans-meafou-ni-colombe\/#primaryimage\"},\"thumbnailUrl\":\"https:\/\/sport-index.fr\/blog\/wp-content\/uploads\/2025\/02\/stability-6-nations-2025-le-xv-de-france-se-prepare-pour-litalie-sans-meafou-ni-colombe.png\",\"keywords\":[\"Gestion des Talents\",\"Performance sportive\",\"Rugby\",\"Tournoi des 6 Nations\",\"XV de France\"],\"articleSection\":[\"\u00c0 la une\"],\"inLanguage\":\"fr-FR\",\"potentialAction\":[{\"@type\":\"CommentAction\",\"name\":\"Comment\",\"target\":[\"https:\/\/sport-index.fr\/blog\/a-la-une\/6-nations-2025-le-xv-de-france-se-prepare-pour-litalie-sans-meafou-ni-colombe\/#respond\"]}]},{\"@type\":\"WebPage\",\"@id\":\"https:\/\/sport-index.fr\/blog\/a-la-une\/6-nations-2025-le-xv-de-france-se-prepare-pour-litalie-sans-meafou-ni-colombe\/\",\"url\":\"https:\/\/sport-index.fr\/blog\/a-la-une\/6-nations-2025-le-xv-de-france-se-prepare-pour-litalie-sans-meafou-ni-colombe\/\",\"name\":\"6 Nations 2025 : le XV de France se pr\u00e9pare pour l'Italie\",\"isPartOf\":{\"@id\":\"https:\/\/sport-index.fr\/blog\/#website\"},\"primaryImageOfPage\":{\"@id\":\"https:\/\/sport-index.fr\/blog\/a-la-une\/6-nations-2025-le-xv-de-france-se-prepare-pour-litalie-sans-meafou-ni-colombe\/#primaryimage\"},\"image\":{\"@id\":\"https:\/\/sport-index.fr\/blog\/a-la-une\/6-nations-2025-le-xv-de-france-se-prepare-pour-litalie-sans-meafou-ni-colombe\/#primaryimage\"},\"thumbnailUrl\":\"https:\/\/sport-index.fr\/blog\/wp-content\/uploads\/2025\/02\/stability-6-nations-2025-le-xv-de-france-se-prepare-pour-litalie-sans-meafou-ni-colombe.png\",\"datePublished\":\"2025-02-16T02:30:44+00:00\",\"description\":\"Le s\u00e9lectionneur Fabien Galthi\u00e9 a r\u00e9v\u00e9l\u00e9 la liste des 42 joueurs convoqu\u00e9s, marqu\u00e9e par des retours significatifs et des absences notables. Alors que\u2026\",\"inLanguage\":\"fr-FR\",\"potentialAction\":[{\"@type\":\"ReadAction\",\"target\":[\"https:\/\/sport-index.fr\/blog\/a-la-une\/6-nations-2025-le-xv-de-france-se-prepare-pour-litalie-sans-meafou-ni-colombe\/\"]}]},{\"@type\":\"ImageObject\",\"inLanguage\":\"fr-FR\",\"@id\":\"https:\/\/sport-index.fr\/blog\/a-la-une\/6-nations-2025-le-xv-de-france-se-prepare-pour-litalie-sans-meafou-ni-colombe\/#primaryimage\",\"url\":\"https:\/\/sport-index.fr\/blog\/wp-content\/uploads\/2025\/02\/stability-6-nations-2025-le-xv-de-france-se-prepare-pour-litalie-sans-meafou-ni-colombe.png\",\"contentUrl\":\"https:\/\/sport-index.fr\/blog\/wp-content\/uploads\/2025\/02\/stability-6-nations-2025-le-xv-de-france-se-prepare-pour-litalie-sans-meafou-ni-colombe.png\",\"width\":1024,\"height\":576},{\"@type\":\"WebSite\",\"@id\":\"https:\/\/sport-index.fr\/blog\/#website\",\"url\":\"https:\/\/sport-index.fr\/blog\/\",\"name\":\"sport-index.fr\",\"description\":\"Le score de l\u2019analyse sportive.\",\"publisher\":{\"@id\":\"https:\/\/sport-index.fr\/blog\/#organization\"},\"alternateName\":\"Le score de l\u2019analyse sportive.\",\"potentialAction\":[{\"@type\":\"SearchAction\",\"target\":{\"@type\":\"EntryPoint\",\"urlTemplate\":\"https:\/\/sport-index.fr\/blog\/?s={search_term_string}\"},\"query-input\":{\"@type\":\"PropertyValueSpecification\",\"valueRequired\":true,\"valueName\":\"search_term_string\"}}],\"inLanguage\":\"fr-FR\"},{\"@type\":\"Organization\",\"@id\":\"https:\/\/sport-index.fr\/blog\/#organization\",\"name\":\"Foretsensations.fr\",\"url\":\"https:\/\/sport-index.fr\/blog\/\",\"logo\":{\"@type\":\"ImageObject\",\"inLanguage\":\"fr-FR\",\"@id\":\"https:\/\/sport-index.fr\/blog\/#\/schema\/logo\/image\/\",\"url\":\"https:\/\/sport-index.fr\/blog\/wp-content\/uploads\/2026\/07\/logo-auto.png\",\"contentUrl\":\"https:\/\/sport-index.fr\/blog\/wp-content\/uploads\/2026\/07\/logo-auto.png\",\"width\":1024,\"height\":1024,\"caption\":\"Foretsensations.fr\"},\"image\":{\"@id\":\"https:\/\/sport-index.fr\/blog\/#\/schema\/logo\/image\/\"}},{\"@type\":\"Person\",\"@id\":\"https:\/\/sport-index.fr\/blog\/#\/schema\/person\/3c864cdc320801e3db34b663e7e3f816\",\"name\":\"Axel Lauzier\",\"image\":{\"@type\":\"ImageObject\",\"inLanguage\":\"fr-FR\",\"@id\":\"https:\/\/sport-index.fr\/blog\/#\/schema\/person\/image\/\",\"url\":\"https:\/\/sport-index.fr\/blog\/wp-content\/uploads\/2026\/06\/persona_axel-l-96x96.jpg\",\"contentUrl\":\"https:\/\/sport-index.fr\/blog\/wp-content\/uploads\/2026\/06\/persona_axel-l-96x96.jpg\",\"caption\":\"Axel Lauzier\"},\"description\":\"Le sport rythme mon quotidien depuis l'enfance, et j'en ai fait mon m\u00e9tier d'analyste r\u00e9dactionnel il y a une dizaine d'ann\u00e9es. Je couvre principalement le football, son actualit\u00e9, ses transferts et l'analyse tactique des grandes affiches, mais aussi les disciplines plus confidentielles que j'aime remettre en lumi\u00e8re. Une partie de mon travail porte sur les pronostics et la lecture statistique d'un match : forme des \u00e9quipes, historique des confrontations, compositions, sans jamais vendre de fausse certitude. Je rappelle syst\u00e9matiquement que parier comporte un risque et doit rester un loisir ma\u00eetris\u00e9. Avant de signer une analyse, je v\u00e9rifie mes chiffres, je recoupe les compositions probables et je distingue toujours la donn\u00e9e brute de l'intuition. Mon objectif : offrir une lecture honn\u00eate et argument\u00e9e, pas un ticket gagnant garanti.\",\"sameAs\":[\"https:\/\/axellauzier.fr\/\"],\"url\":\"https:\/\/sport-index.fr\/blog\/auteur\/noname\/\"}]}<\/script>\n<!-- \/ Yoast SEO Premium plugin. -->","yoast_head_json":{"title":"6 Nations 2025 : le XV de France se pr\u00e9pare pour l'Italie","description":"Le s\u00e9lectionneur Fabien Galthi\u00e9 a r\u00e9v\u00e9l\u00e9 la liste des 42 joueurs convoqu\u00e9s, marqu\u00e9e par des retours significatifs et des absences notables. Alors que\u2026","robots":{"index":"index","follow":"follow","max-snippet":"max-snippet:-1","max-image-preview":"max-image-preview:large","max-video-preview":"max-video-preview:-1"},"canonical":"https:\/\/sport-index.fr\/blog\/a-la-une\/6-nations-2025-le-xv-de-france-se-prepare-pour-litalie-sans-meafou-ni-colombe\/","og_locale":"fr_FR","og_type":"article","og_title":"6 Nations 2025 : le XV de France se pr\u00e9pare pour l'Italie","og_description":"Le s\u00e9lectionneur Fabien Galthi\u00e9 a r\u00e9v\u00e9l\u00e9 la liste des 42 joueurs convoqu\u00e9s, marqu\u00e9e par des retours significatifs et des absences notables. Alors que\u2026","og_url":"https:\/\/sport-index.fr\/blog\/a-la-une\/6-nations-2025-le-xv-de-france-se-prepare-pour-litalie-sans-meafou-ni-colombe\/","og_site_name":"sport-index","og_image":[{"width":1024,"height":576,"url":"https:\/\/sport-index.fr\/blog\/wp-content\/uploads\/2025\/02\/stability-6-nations-2025-le-xv-de-france-se-prepare-pour-litalie-sans-meafou-ni-colombe.png","type":"image\/png"}],"author":"Axel Lauzier","twitter_card":"summary_large_image","schema":{"@context":"https:\/\/schema.org","@graph":[{"@type":"NewsArticle","@id":"https:\/\/sport-index.fr\/blog\/a-la-une\/6-nations-2025-le-xv-de-france-se-prepare-pour-litalie-sans-meafou-ni-colombe\/#article","isPartOf":{"@id":"https:\/\/sport-index.fr\/blog\/a-la-une\/6-nations-2025-le-xv-de-france-se-prepare-pour-litalie-sans-meafou-ni-colombe\/"},"author":{"name":"Axel Lauzier","@id":"https:\/\/sport-index.fr\/blog\/#\/schema\/person\/3c864cdc320801e3db34b663e7e3f816"},"headline":"6 Nations 2025 : le XV de France se pr\u00e9pare pour l&rsquo;Italie sans Meafou ni Colombe","datePublished":"2025-02-16T02:30:44+00:00","mainEntityOfPage":{"@id":"https:\/\/sport-index.fr\/blog\/a-la-une\/6-nations-2025-le-xv-de-france-se-prepare-pour-litalie-sans-meafou-ni-colombe\/"},"wordCount":602,"commentCount":25,"publisher":{"@id":"https:\/\/sport-index.fr\/blog\/#organization"},"image":{"@id":"https:\/\/sport-index.fr\/blog\/a-la-une\/6-nations-2025-le-xv-de-france-se-prepare-pour-litalie-sans-meafou-ni-colombe\/#primaryimage"},"thumbnailUrl":"https:\/\/sport-index.fr\/blog\/wp-content\/uploads\/2025\/02\/stability-6-nations-2025-le-xv-de-france-se-prepare-pour-litalie-sans-meafou-ni-colombe.png","keywords":["Gestion des Talents","Performance sportive","Rugby","Tournoi des 6 Nations","XV de France"],"articleSection":["\u00c0 la une"],"inLanguage":"fr-FR","potentialAction":[{"@type":"CommentAction","name":"Comment","target":["https:\/\/sport-index.fr\/blog\/a-la-une\/6-nations-2025-le-xv-de-france-se-prepare-pour-litalie-sans-meafou-ni-colombe\/#respond"]}]},{"@type":"WebPage","@id":"https:\/\/sport-index.fr\/blog\/a-la-une\/6-nations-2025-le-xv-de-france-se-prepare-pour-litalie-sans-meafou-ni-colombe\/","url":"https:\/\/sport-index.fr\/blog\/a-la-une\/6-nations-2025-le-xv-de-france-se-prepare-pour-litalie-sans-meafou-ni-colombe\/","name":"6 Nations 2025 : le XV de France se pr\u00e9pare pour l'Italie","isPartOf":{"@id":"https:\/\/sport-index.fr\/blog\/#website"},"primaryImageOfPage":{"@id":"https:\/\/sport-index.fr\/blog\/a-la-une\/6-nations-2025-le-xv-de-france-se-prepare-pour-litalie-sans-meafou-ni-colombe\/#primaryimage"},"image":{"@id":"https:\/\/sport-index.fr\/blog\/a-la-une\/6-nations-2025-le-xv-de-france-se-prepare-pour-litalie-sans-meafou-ni-colombe\/#primaryimage"},"thumbnailUrl":"https:\/\/sport-index.fr\/blog\/wp-content\/uploads\/2025\/02\/stability-6-nations-2025-le-xv-de-france-se-prepare-pour-litalie-sans-meafou-ni-colombe.png","datePublished":"2025-02-16T02:30:44+00:00","description":"Le s\u00e9lectionneur Fabien Galthi\u00e9 a r\u00e9v\u00e9l\u00e9 la liste des 42 joueurs convoqu\u00e9s, marqu\u00e9e par des retours significatifs et des absences notables. Alors que\u2026","inLanguage":"fr-FR","potentialAction":[{"@type":"ReadAction","target":["https:\/\/sport-index.fr\/blog\/a-la-une\/6-nations-2025-le-xv-de-france-se-prepare-pour-litalie-sans-meafou-ni-colombe\/"]}]},{"@type":"ImageObject","inLanguage":"fr-FR","@id":"https:\/\/sport-index.fr\/blog\/a-la-une\/6-nations-2025-le-xv-de-france-se-prepare-pour-litalie-sans-meafou-ni-colombe\/#primaryimage","url":"https:\/\/sport-index.fr\/blog\/wp-content\/uploads\/2025\/02\/stability-6-nations-2025-le-xv-de-france-se-prepare-pour-litalie-sans-meafou-ni-colombe.png","contentUrl":"https:\/\/sport-index.fr\/blog\/wp-content\/uploads\/2025\/02\/stability-6-nations-2025-le-xv-de-france-se-prepare-pour-litalie-sans-meafou-ni-colombe.png","width":1024,"height":576},{"@type":"WebSite","@id":"https:\/\/sport-index.fr\/blog\/#website","url":"https:\/\/sport-index.fr\/blog\/","name":"sport-index.fr","description":"Le score de l\u2019analyse sportive.","publisher":{"@id":"https:\/\/sport-index.fr\/blog\/#organization"},"alternateName":"Le score de l\u2019analyse sportive.","potentialAction":[{"@type":"SearchAction","target":{"@type":"EntryPoint","urlTemplate":"https:\/\/sport-index.fr\/blog\/?s={search_term_string}"},"query-input":{"@type":"PropertyValueSpecification","valueRequired":true,"valueName":"search_term_string"}}],"inLanguage":"fr-FR"},{"@type":"Organization","@id":"https:\/\/sport-index.fr\/blog\/#organization","name":"Foretsensations.fr","url":"https:\/\/sport-index.fr\/blog\/","logo":{"@type":"ImageObject","inLanguage":"fr-FR","@id":"https:\/\/sport-index.fr\/blog\/#\/schema\/logo\/image\/","url":"https:\/\/sport-index.fr\/blog\/wp-content\/uploads\/2026\/07\/logo-auto.png","contentUrl":"https:\/\/sport-index.fr\/blog\/wp-content\/uploads\/2026\/07\/logo-auto.png","width":1024,"height":1024,"caption":"Foretsensations.fr"},"image":{"@id":"https:\/\/sport-index.fr\/blog\/#\/schema\/logo\/image\/"}},{"@type":"Person","@id":"https:\/\/sport-index.fr\/blog\/#\/schema\/person\/3c864cdc320801e3db34b663e7e3f816","name":"Axel Lauzier","image":{"@type":"ImageObject","inLanguage":"fr-FR","@id":"https:\/\/sport-index.fr\/blog\/#\/schema\/person\/image\/","url":"https:\/\/sport-index.fr\/blog\/wp-content\/uploads\/2026\/06\/persona_axel-l-96x96.jpg","contentUrl":"https:\/\/sport-index.fr\/blog\/wp-content\/uploads\/2026\/06\/persona_axel-l-96x96.jpg","caption":"Axel Lauzier"},"description":"Le sport rythme mon quotidien depuis l'enfance, et j'en ai fait mon m\u00e9tier d'analyste r\u00e9dactionnel il y a une dizaine d'ann\u00e9es. Je couvre principalement le football, son actualit\u00e9, ses transferts et l'analyse tactique des grandes affiches, mais aussi les disciplines plus confidentielles que j'aime remettre en lumi\u00e8re. Une partie de mon travail porte sur les pronostics et la lecture statistique d'un match : forme des \u00e9quipes, historique des confrontations, compositions, sans jamais vendre de fausse certitude. Je rappelle syst\u00e9matiquement que parier comporte un risque et doit rester un loisir ma\u00eetris\u00e9. Avant de signer une analyse, je v\u00e9rifie mes chiffres, je recoupe les compositions probables et je distingue toujours la donn\u00e9e brute de l'intuition. Mon objectif : offrir une lecture honn\u00eate et argument\u00e9e, pas un ticket gagnant garanti.","sameAs":["https:\/\/axellauzier.fr\/"],"url":"https:\/\/sport-index.fr\/blog\/auteur\/noname\/"}]}},"_links":{"self":[{"href":"https:\/\/sport-index.fr\/blog\/wp-json\/wp\/v2\/posts\/8495","targetHints":{"allow":["GET"]}}],"collection":[{"href":"https:\/\/sport-index.fr\/blog\/wp-json\/wp\/v2\/posts"}],"about":[{"href":"https:\/\/sport-index.fr\/blog\/wp-json\/wp\/v2\/types\/post"}],"author":[{"embeddable":true,"href":"https:\/\/sport-index.fr\/blog\/wp-json\/wp\/v2\/users\/34"}],"replies":[{"embeddable":true,"href":"https:\/\/sport-index.fr\/blog\/wp-json\/wp\/v2\/comments?post=8495"}],"version-history":[{"count":2,"href":"https:\/\/sport-index.fr\/blog\/wp-json\/wp\/v2\/posts\/8495\/revisions"}],"predecessor-version":[{"id":8996,"href":"https:\/\/sport-index.fr\/blog\/wp-json\/wp\/v2\/posts\/8495\/revisions\/8996"}],"wp:featuredmedia":[{"embeddable":true,"href":"https:\/\/sport-index.fr\/blog\/wp-json\/wp\/v2\/media\/8496"}],"wp:attachment":[{"href":"https:\/\/sport-index.fr\/blog\/wp-json\/wp\/v2\/media?parent=8495"}],"wp:term":[{"taxonomy":"category","embeddable":true,"href":"https:\/\/sport-index.fr\/blog\/wp-json\/wp\/v2\/categories?post=8495"},{"taxonomy":"post_tag","embeddable":true,"href":"https:\/\/sport-index.fr\/blog\/wp-json\/wp\/v2\/tags?post=8495"}],"curies":[{"name":"wp","href":"https:\/\/api.w.org\/{rel}","templated":true}]}}