{"id":8518,"date":"2025-02-16T07:18:59","date_gmt":"2025-02-16T06:18:59","guid":{"rendered":"https:\/\/sport-index.fr\/blog\/?p=8518"},"modified":"2025-02-14T15:16:48","modified_gmt":"2025-02-14T14:16:48","slug":"melvyn-jaminet-sexprime-sur-ses-propos-je-ne-suis-pas-raciste-et-je-ne-le-serai-jamais","status":"publish","type":"post","link":"https:\/\/sport-index.fr\/blog\/a-la-une\/melvyn-jaminet-sexprime-sur-ses-propos-je-ne-suis-pas-raciste-et-je-ne-le-serai-jamais\/","title":{"rendered":"Melvyn Jaminet s&rsquo;exprime sur ses propos : \u00ab\u00a0Je ne suis pas raciste et je ne le serai jamais"},"content":{"rendered":"<h2>Un incident malheureux \u00e0 Mendoza<\/h2>\n<p>Dans la nuit du 6 au 7 juillet, apr\u00e8s une victoire significative du XV de France contre l\u2019Argentine, Melvyn Jaminet s\u2019est retrouv\u00e9 au c\u0153ur d&rsquo;une controverse. Alors qu\u2019il c\u00e9l\u00e9brait avec ses co\u00e9quipiers, l\u2019arri\u00e8re des Bleus a partag\u00e9 une vid\u00e9o jug\u00e9e raciste sur les r\u00e9seaux sociaux. Cette publication a rapidement provoqu\u00e9 une onde de choc, touchant non seulement le joueur mais aussi son \u00e9quipe et la f\u00e9d\u00e9ration.<\/p>\n<p>Jaminet a reconnu avoir perdu le contr\u00f4le en raison de l\u2019alcool et de la fatigue. Il a exprim\u00e9 ses regrets et a pris conscience des r\u00e9percussions de ses actes, tant sur sa carri\u00e8re que sur sa famille. \u00c0 l\u2019occasion d\u2019une interview, il a essay\u00e9 de clarifier la situation, affirmant que ses intentions n\u2019\u00e9taient pas de blesser qui que ce soit.<\/p>\n<h2>Des excuses et une prise de conscience<\/h2>\n<p>L\u2019arri\u00e8re a d\u00e9clar\u00e9 qu&rsquo;il souhaitait s&rsquo;excuser aupr\u00e8s de sa famille, de ses co\u00e9quipiers et de tous ceux qui avaient \u00e9t\u00e9 bless\u00e9s par ses propos. Il a expliqu\u00e9 que la vid\u00e9o \u00e9tait destin\u00e9e \u00e0 un groupe d\u2019amis dans un cadre priv\u00e9 et qu&rsquo;il ne cherchait pas \u00e0 l&rsquo;exposer au grand public. Ce malentendu a cependant eu des cons\u00e9quences graves sur sa r\u00e9putation.<\/p>\n<p>Dans ses d\u00e9clarations, Jaminet a mentionn\u00e9 qu&rsquo;il n&rsquo;\u00e9tait pas raciste et a insist\u00e9 sur le fait que ceux qui le connaissent savent qu&rsquo;il respecte toutes les cultures. Il a avou\u00e9 que le moment de la publication de la vid\u00e9o a \u00e9t\u00e9 un tournant dans sa vie, provoquant une vague de messages et d&rsquo;inqui\u00e9tudes.<\/p>\n<h2>Le retour \u00e0 la comp\u00e9tition et les d\u00e9fis \u00e0 venir<\/h2>\n<p>Apr\u00e8s une suspension de plusieurs mois, Jaminet se pr\u00e9pare \u00e0 faire son retour sur le terrain. Il a \u00e9t\u00e9 confront\u00e9 \u00e0 des d\u00e9fis, notamment des r\u00e9actions n\u00e9gatives de la part du public et des menaces dirig\u00e9es vers sa famille. Malgr\u00e9 tout, il a travaill\u00e9 dur pour rester en forme et a suivi un programme d\u2019entra\u00eenement adapt\u00e9.<\/p>\n<p>Concernant le soutien de ses co\u00e9quipiers, Jaminet a r\u00e9v\u00e9l\u00e9 avoir eu des \u00e9changes sinc\u00e8res avec eux pour clarifier la situation. Il a exprim\u00e9 son espoir de regagner la confiance de ses partenaires et de la direction du rugby fran\u00e7ais. \u00ab\u00a0Je suis pr\u00eat \u00e0 d\u00e9fendre \u00e0 nouveau les couleurs toulonnaises\u00a0\u00bb, a-t-il d\u00e9clar\u00e9 avec d\u00e9termination.<\/p>\n<ul>\n<li>Un incident survenu apr\u00e8s une victoire du XV de France<\/li>\n<li>Des excuses publiques exprim\u00e9es par Jaminet<\/li>\n<li>Une suspension de plusieurs mois avant son retour<\/li>\n<li>La volont\u00e9 de regagner la confiance de l\u2019\u00e9quipe et des supporters<\/li>\n<li>Un engagement \u00e0 lutter contre le racisme et \u00e0 promouvoir le respect<\/li>\n<\/ul>\n<blockquote><p>\n\u00ab\u00a0Je ne suis pas et ne serai jamais raciste. Ce ne sont ni mes valeurs ni l&rsquo;\u00e9ducation que mes parents m\u2019ont donn\u00e9e.\u00a0\u00bb &#8211; Melvyn Jaminet\n<\/p><\/blockquote>\n<p>Cet \u00e9pisode a non seulement affect\u00e9 Melvyn Jaminet sur le plan personnel, mais il a \u00e9galement soulev\u00e9 des questions plus larges sur la responsabilit\u00e9 des athl\u00e8tes et leur comportement sur les r\u00e9seaux sociaux. La prise de conscience de Jaminet et son d\u00e9sir de se racheter sont des \u00e9tapes importantes pour lui et pour l\u2019\u00e9quipe. Les prochaines semaines seront cruciales pour d\u00e9terminer comment il sera accueilli par le public et ses co\u00e9quipiers.<\/p>\n<p>Le monde du rugby est souvent impitoyable, et le retour sur le terrain de Jaminet sera scrut\u00e9 de pr\u00e8s. Les supporters et les critiques se demanderont s&rsquo;il a r\u00e9ellement appris de ses erreurs et s&rsquo;il peut redevenir une figure respect\u00e9e du sport. Sa d\u00e9termination \u00e0 s&rsquo;am\u00e9liorer et \u00e0 d\u00e9fendre ses valeurs sera mise \u00e0 l&rsquo;\u00e9preuve, et il devra prouver qu&rsquo;il m\u00e9rite une seconde chance.<img decoding=\"async\" width=\"1024\" height=\"576\" src=\"https:\/\/sport-index.fr\/blog\/wp-content\/uploads\/2025\/02\/stability-melvyn-jaminet-sexprime-sur-ses-propos-je-ne-suis-pas-raciste-et-je-ne-le-serai-jamais-1.png\" class=\"aligncenter\" alt=\"Illustration d\u00e9taill\u00e9e sur Melvyn Jaminet s&#039;exprime sur ses propos : &quot;Je ne suis pas raciste et je ne le serai jamais\" title=\"Melvyn Jaminet s&#039;exprime sur ses propos : &quot;Je ne suis pas raciste et je ne le serai jamais\" loading=\"lazy\" \/><\/p>\n","protected":false},"excerpt":{"rendered":"","protected":false},"author":34,"featured_media":8519,"comment_status":"open","ping_status":"open","sticky":false,"template":"","format":"standard","meta":{"_acf_changed":false,"manual_indexmenow":false,"indexmenow_id_project":0,"footnotes":""},"categories":[1],"tags":[4618,4840,4545,4632,4554],"class_list":["post-8518","post","type-post","status-publish","format-standard","has-post-thumbnail","hentry","category-a-la-une","tag-camaraderie","tag-changement-social","tag-confiance","tag-performance-sportive","tag-xv-de-france","generate-columns","tablet-grid-50","mobile-grid-100","grid-parent","grid-25"],"acf":[],"yoast_head":"<!-- This site is optimized with the Yoast SEO Premium plugin v21.3 (Yoast SEO v26.5) - https:\/\/yoast.com\/wordpress\/plugins\/seo\/ -->\n<title>Melvyn Jaminet s&#039;exprime sur ses propos : &quot;Je ne suis pas<\/title>\n<meta name=\"description\" content=\"Un incident malheureux \u00e0 Mendoza Dans la nuit du 6 au 7 juillet, apr\u00e8s une victoire significative du XV de France contre l\u2019Argentine, Melvyn Jaminet\u2026\" \/>\n<meta name=\"robots\" content=\"index, follow, max-snippet:-1, max-image-preview:large, max-video-preview:-1\" \/>\n<link rel=\"canonical\" href=\"https:\/\/sport-index.fr\/blog\/a-la-une\/melvyn-jaminet-sexprime-sur-ses-propos-je-ne-suis-pas-raciste-et-je-ne-le-serai-jamais\/\" \/>\n<meta property=\"og:locale\" content=\"fr_FR\" \/>\n<meta property=\"og:type\" content=\"article\" \/>\n<meta property=\"og:title\" content=\"Melvyn Jaminet s&#039;exprime sur ses propos : &quot;Je ne suis pas\" \/>\n<meta property=\"og:description\" content=\"Un incident malheureux \u00e0 Mendoza Dans la nuit du 6 au 7 juillet, apr\u00e8s une victoire significative du XV de France contre l\u2019Argentine, Melvyn Jaminet\u2026\" \/>\n<meta property=\"og:url\" content=\"https:\/\/sport-index.fr\/blog\/a-la-une\/melvyn-jaminet-sexprime-sur-ses-propos-je-ne-suis-pas-raciste-et-je-ne-le-serai-jamais\/\" \/>\n<meta property=\"og:site_name\" content=\"sport-index\" \/>\n<meta property=\"og:image\" content=\"https:\/\/sport-index.fr\/blog\/wp-content\/uploads\/2025\/02\/stability-melvyn-jaminet-sexprime-sur-ses-propos-je-ne-suis-pas-raciste-et-je-ne-le-serai-jamais.png\" \/>\n\t<meta property=\"og:image:width\" content=\"1024\" \/>\n\t<meta property=\"og:image:height\" content=\"576\" \/>\n\t<meta property=\"og:image:type\" content=\"image\/png\" \/>\n<meta name=\"author\" content=\"Axel Lauzier\" \/>\n<meta name=\"twitter:card\" content=\"summary_large_image\" \/>\n<script type=\"application\/ld+json\" class=\"yoast-schema-graph\">{\"@context\":\"https:\/\/schema.org\",\"@graph\":[{\"@type\":\"NewsArticle\",\"@id\":\"https:\/\/sport-index.fr\/blog\/a-la-une\/melvyn-jaminet-sexprime-sur-ses-propos-je-ne-suis-pas-raciste-et-je-ne-le-serai-jamais\/#article\",\"isPartOf\":{\"@id\":\"https:\/\/sport-index.fr\/blog\/a-la-une\/melvyn-jaminet-sexprime-sur-ses-propos-je-ne-suis-pas-raciste-et-je-ne-le-serai-jamais\/\"},\"author\":{\"name\":\"Axel Lauzier\",\"@id\":\"https:\/\/sport-index.fr\/blog\/#\/schema\/person\/3c864cdc320801e3db34b663e7e3f816\"},\"headline\":\"Melvyn Jaminet s&rsquo;exprime sur ses propos : \u00ab\u00a0Je ne suis pas raciste et je ne le serai jamais\",\"datePublished\":\"2025-02-16T06:18:59+00:00\",\"mainEntityOfPage\":{\"@id\":\"https:\/\/sport-index.fr\/blog\/a-la-une\/melvyn-jaminet-sexprime-sur-ses-propos-je-ne-suis-pas-raciste-et-je-ne-le-serai-jamais\/\"},\"wordCount\":667,\"commentCount\":18,\"publisher\":{\"@id\":\"https:\/\/sport-index.fr\/blog\/#organization\"},\"image\":{\"@id\":\"https:\/\/sport-index.fr\/blog\/a-la-une\/melvyn-jaminet-sexprime-sur-ses-propos-je-ne-suis-pas-raciste-et-je-ne-le-serai-jamais\/#primaryimage\"},\"thumbnailUrl\":\"https:\/\/sport-index.fr\/blog\/wp-content\/uploads\/2025\/02\/stability-melvyn-jaminet-sexprime-sur-ses-propos-je-ne-suis-pas-raciste-et-je-ne-le-serai-jamais.png\",\"keywords\":[\"Camaraderie\",\"Changement Social\",\"Confiance\",\"Performance sportive\",\"XV de France\"],\"articleSection\":[\"\u00c0 la une\"],\"inLanguage\":\"fr-FR\",\"potentialAction\":[{\"@type\":\"CommentAction\",\"name\":\"Comment\",\"target\":[\"https:\/\/sport-index.fr\/blog\/a-la-une\/melvyn-jaminet-sexprime-sur-ses-propos-je-ne-suis-pas-raciste-et-je-ne-le-serai-jamais\/#respond\"]}]},{\"@type\":\"WebPage\",\"@id\":\"https:\/\/sport-index.fr\/blog\/a-la-une\/melvyn-jaminet-sexprime-sur-ses-propos-je-ne-suis-pas-raciste-et-je-ne-le-serai-jamais\/\",\"url\":\"https:\/\/sport-index.fr\/blog\/a-la-une\/melvyn-jaminet-sexprime-sur-ses-propos-je-ne-suis-pas-raciste-et-je-ne-le-serai-jamais\/\",\"name\":\"Melvyn Jaminet s'exprime sur ses propos : \\\"Je ne suis pas\",\"isPartOf\":{\"@id\":\"https:\/\/sport-index.fr\/blog\/#website\"},\"primaryImageOfPage\":{\"@id\":\"https:\/\/sport-index.fr\/blog\/a-la-une\/melvyn-jaminet-sexprime-sur-ses-propos-je-ne-suis-pas-raciste-et-je-ne-le-serai-jamais\/#primaryimage\"},\"image\":{\"@id\":\"https:\/\/sport-index.fr\/blog\/a-la-une\/melvyn-jaminet-sexprime-sur-ses-propos-je-ne-suis-pas-raciste-et-je-ne-le-serai-jamais\/#primaryimage\"},\"thumbnailUrl\":\"https:\/\/sport-index.fr\/blog\/wp-content\/uploads\/2025\/02\/stability-melvyn-jaminet-sexprime-sur-ses-propos-je-ne-suis-pas-raciste-et-je-ne-le-serai-jamais.png\",\"datePublished\":\"2025-02-16T06:18:59+00:00\",\"description\":\"Un incident malheureux \u00e0 Mendoza Dans la nuit du 6 au 7 juillet, apr\u00e8s une victoire significative du XV de France contre l\u2019Argentine, Melvyn Jaminet\u2026\",\"inLanguage\":\"fr-FR\",\"potentialAction\":[{\"@type\":\"ReadAction\",\"target\":[\"https:\/\/sport-index.fr\/blog\/a-la-une\/melvyn-jaminet-sexprime-sur-ses-propos-je-ne-suis-pas-raciste-et-je-ne-le-serai-jamais\/\"]}]},{\"@type\":\"ImageObject\",\"inLanguage\":\"fr-FR\",\"@id\":\"https:\/\/sport-index.fr\/blog\/a-la-une\/melvyn-jaminet-sexprime-sur-ses-propos-je-ne-suis-pas-raciste-et-je-ne-le-serai-jamais\/#primaryimage\",\"url\":\"https:\/\/sport-index.fr\/blog\/wp-content\/uploads\/2025\/02\/stability-melvyn-jaminet-sexprime-sur-ses-propos-je-ne-suis-pas-raciste-et-je-ne-le-serai-jamais.png\",\"contentUrl\":\"https:\/\/sport-index.fr\/blog\/wp-content\/uploads\/2025\/02\/stability-melvyn-jaminet-sexprime-sur-ses-propos-je-ne-suis-pas-raciste-et-je-ne-le-serai-jamais.png\",\"width\":1024,\"height\":576},{\"@type\":\"WebSite\",\"@id\":\"https:\/\/sport-index.fr\/blog\/#website\",\"url\":\"https:\/\/sport-index.fr\/blog\/\",\"name\":\"sport-index.fr\",\"description\":\"Le score de l\u2019analyse sportive.\",\"publisher\":{\"@id\":\"https:\/\/sport-index.fr\/blog\/#organization\"},\"alternateName\":\"Le score de l\u2019analyse sportive.\",\"potentialAction\":[{\"@type\":\"SearchAction\",\"target\":{\"@type\":\"EntryPoint\",\"urlTemplate\":\"https:\/\/sport-index.fr\/blog\/?s={search_term_string}\"},\"query-input\":{\"@type\":\"PropertyValueSpecification\",\"valueRequired\":true,\"valueName\":\"search_term_string\"}}],\"inLanguage\":\"fr-FR\"},{\"@type\":\"Organization\",\"@id\":\"https:\/\/sport-index.fr\/blog\/#organization\",\"name\":\"Foretsensations.fr\",\"url\":\"https:\/\/sport-index.fr\/blog\/\",\"logo\":{\"@type\":\"ImageObject\",\"inLanguage\":\"fr-FR\",\"@id\":\"https:\/\/sport-index.fr\/blog\/#\/schema\/logo\/image\/\",\"url\":\"https:\/\/sport-index.fr\/blog\/wp-content\/uploads\/2026\/07\/logo-auto.png\",\"contentUrl\":\"https:\/\/sport-index.fr\/blog\/wp-content\/uploads\/2026\/07\/logo-auto.png\",\"width\":1024,\"height\":1024,\"caption\":\"Foretsensations.fr\"},\"image\":{\"@id\":\"https:\/\/sport-index.fr\/blog\/#\/schema\/logo\/image\/\"}},{\"@type\":\"Person\",\"@id\":\"https:\/\/sport-index.fr\/blog\/#\/schema\/person\/3c864cdc320801e3db34b663e7e3f816\",\"name\":\"Axel Lauzier\",\"image\":{\"@type\":\"ImageObject\",\"inLanguage\":\"fr-FR\",\"@id\":\"https:\/\/sport-index.fr\/blog\/#\/schema\/person\/image\/\",\"url\":\"https:\/\/sport-index.fr\/blog\/wp-content\/uploads\/2026\/06\/persona_axel-l-96x96.jpg\",\"contentUrl\":\"https:\/\/sport-index.fr\/blog\/wp-content\/uploads\/2026\/06\/persona_axel-l-96x96.jpg\",\"caption\":\"Axel Lauzier\"},\"description\":\"Le sport rythme mon quotidien depuis l'enfance, et j'en ai fait mon m\u00e9tier d'analyste r\u00e9dactionnel il y a une dizaine d'ann\u00e9es. Je couvre principalement le football, son actualit\u00e9, ses transferts et l'analyse tactique des grandes affiches, mais aussi les disciplines plus confidentielles que j'aime remettre en lumi\u00e8re. Une partie de mon travail porte sur les pronostics et la lecture statistique d'un match : forme des \u00e9quipes, historique des confrontations, compositions, sans jamais vendre de fausse certitude. Je rappelle syst\u00e9matiquement que parier comporte un risque et doit rester un loisir ma\u00eetris\u00e9. Avant de signer une analyse, je v\u00e9rifie mes chiffres, je recoupe les compositions probables et je distingue toujours la donn\u00e9e brute de l'intuition. Mon objectif : offrir une lecture honn\u00eate et argument\u00e9e, pas un ticket gagnant garanti.\",\"sameAs\":[\"https:\/\/axellauzier.fr\/\"],\"url\":\"https:\/\/sport-index.fr\/blog\/auteur\/noname\/\"}]}<\/script>\n<!-- \/ Yoast SEO Premium plugin. -->","yoast_head_json":{"title":"Melvyn Jaminet s'exprime sur ses propos : \"Je ne suis pas","description":"Un incident malheureux \u00e0 Mendoza Dans la nuit du 6 au 7 juillet, apr\u00e8s une victoire significative du XV de France contre l\u2019Argentine, Melvyn Jaminet\u2026","robots":{"index":"index","follow":"follow","max-snippet":"max-snippet:-1","max-image-preview":"max-image-preview:large","max-video-preview":"max-video-preview:-1"},"canonical":"https:\/\/sport-index.fr\/blog\/a-la-une\/melvyn-jaminet-sexprime-sur-ses-propos-je-ne-suis-pas-raciste-et-je-ne-le-serai-jamais\/","og_locale":"fr_FR","og_type":"article","og_title":"Melvyn Jaminet s'exprime sur ses propos : \"Je ne suis pas","og_description":"Un incident malheureux \u00e0 Mendoza Dans la nuit du 6 au 7 juillet, apr\u00e8s une victoire significative du XV de France contre l\u2019Argentine, Melvyn Jaminet\u2026","og_url":"https:\/\/sport-index.fr\/blog\/a-la-une\/melvyn-jaminet-sexprime-sur-ses-propos-je-ne-suis-pas-raciste-et-je-ne-le-serai-jamais\/","og_site_name":"sport-index","og_image":[{"width":1024,"height":576,"url":"https:\/\/sport-index.fr\/blog\/wp-content\/uploads\/2025\/02\/stability-melvyn-jaminet-sexprime-sur-ses-propos-je-ne-suis-pas-raciste-et-je-ne-le-serai-jamais.png","type":"image\/png"}],"author":"Axel Lauzier","twitter_card":"summary_large_image","schema":{"@context":"https:\/\/schema.org","@graph":[{"@type":"NewsArticle","@id":"https:\/\/sport-index.fr\/blog\/a-la-une\/melvyn-jaminet-sexprime-sur-ses-propos-je-ne-suis-pas-raciste-et-je-ne-le-serai-jamais\/#article","isPartOf":{"@id":"https:\/\/sport-index.fr\/blog\/a-la-une\/melvyn-jaminet-sexprime-sur-ses-propos-je-ne-suis-pas-raciste-et-je-ne-le-serai-jamais\/"},"author":{"name":"Axel Lauzier","@id":"https:\/\/sport-index.fr\/blog\/#\/schema\/person\/3c864cdc320801e3db34b663e7e3f816"},"headline":"Melvyn Jaminet s&rsquo;exprime sur ses propos : \u00ab\u00a0Je ne suis pas raciste et je ne le serai jamais","datePublished":"2025-02-16T06:18:59+00:00","mainEntityOfPage":{"@id":"https:\/\/sport-index.fr\/blog\/a-la-une\/melvyn-jaminet-sexprime-sur-ses-propos-je-ne-suis-pas-raciste-et-je-ne-le-serai-jamais\/"},"wordCount":667,"commentCount":18,"publisher":{"@id":"https:\/\/sport-index.fr\/blog\/#organization"},"image":{"@id":"https:\/\/sport-index.fr\/blog\/a-la-une\/melvyn-jaminet-sexprime-sur-ses-propos-je-ne-suis-pas-raciste-et-je-ne-le-serai-jamais\/#primaryimage"},"thumbnailUrl":"https:\/\/sport-index.fr\/blog\/wp-content\/uploads\/2025\/02\/stability-melvyn-jaminet-sexprime-sur-ses-propos-je-ne-suis-pas-raciste-et-je-ne-le-serai-jamais.png","keywords":["Camaraderie","Changement Social","Confiance","Performance sportive","XV de France"],"articleSection":["\u00c0 la une"],"inLanguage":"fr-FR","potentialAction":[{"@type":"CommentAction","name":"Comment","target":["https:\/\/sport-index.fr\/blog\/a-la-une\/melvyn-jaminet-sexprime-sur-ses-propos-je-ne-suis-pas-raciste-et-je-ne-le-serai-jamais\/#respond"]}]},{"@type":"WebPage","@id":"https:\/\/sport-index.fr\/blog\/a-la-une\/melvyn-jaminet-sexprime-sur-ses-propos-je-ne-suis-pas-raciste-et-je-ne-le-serai-jamais\/","url":"https:\/\/sport-index.fr\/blog\/a-la-une\/melvyn-jaminet-sexprime-sur-ses-propos-je-ne-suis-pas-raciste-et-je-ne-le-serai-jamais\/","name":"Melvyn Jaminet s'exprime sur ses propos : \"Je ne suis pas","isPartOf":{"@id":"https:\/\/sport-index.fr\/blog\/#website"},"primaryImageOfPage":{"@id":"https:\/\/sport-index.fr\/blog\/a-la-une\/melvyn-jaminet-sexprime-sur-ses-propos-je-ne-suis-pas-raciste-et-je-ne-le-serai-jamais\/#primaryimage"},"image":{"@id":"https:\/\/sport-index.fr\/blog\/a-la-une\/melvyn-jaminet-sexprime-sur-ses-propos-je-ne-suis-pas-raciste-et-je-ne-le-serai-jamais\/#primaryimage"},"thumbnailUrl":"https:\/\/sport-index.fr\/blog\/wp-content\/uploads\/2025\/02\/stability-melvyn-jaminet-sexprime-sur-ses-propos-je-ne-suis-pas-raciste-et-je-ne-le-serai-jamais.png","datePublished":"2025-02-16T06:18:59+00:00","description":"Un incident malheureux \u00e0 Mendoza Dans la nuit du 6 au 7 juillet, apr\u00e8s une victoire significative du XV de France contre l\u2019Argentine, Melvyn Jaminet\u2026","inLanguage":"fr-FR","potentialAction":[{"@type":"ReadAction","target":["https:\/\/sport-index.fr\/blog\/a-la-une\/melvyn-jaminet-sexprime-sur-ses-propos-je-ne-suis-pas-raciste-et-je-ne-le-serai-jamais\/"]}]},{"@type":"ImageObject","inLanguage":"fr-FR","@id":"https:\/\/sport-index.fr\/blog\/a-la-une\/melvyn-jaminet-sexprime-sur-ses-propos-je-ne-suis-pas-raciste-et-je-ne-le-serai-jamais\/#primaryimage","url":"https:\/\/sport-index.fr\/blog\/wp-content\/uploads\/2025\/02\/stability-melvyn-jaminet-sexprime-sur-ses-propos-je-ne-suis-pas-raciste-et-je-ne-le-serai-jamais.png","contentUrl":"https:\/\/sport-index.fr\/blog\/wp-content\/uploads\/2025\/02\/stability-melvyn-jaminet-sexprime-sur-ses-propos-je-ne-suis-pas-raciste-et-je-ne-le-serai-jamais.png","width":1024,"height":576},{"@type":"WebSite","@id":"https:\/\/sport-index.fr\/blog\/#website","url":"https:\/\/sport-index.fr\/blog\/","name":"sport-index.fr","description":"Le score de l\u2019analyse sportive.","publisher":{"@id":"https:\/\/sport-index.fr\/blog\/#organization"},"alternateName":"Le score de l\u2019analyse sportive.","potentialAction":[{"@type":"SearchAction","target":{"@type":"EntryPoint","urlTemplate":"https:\/\/sport-index.fr\/blog\/?s={search_term_string}"},"query-input":{"@type":"PropertyValueSpecification","valueRequired":true,"valueName":"search_term_string"}}],"inLanguage":"fr-FR"},{"@type":"Organization","@id":"https:\/\/sport-index.fr\/blog\/#organization","name":"Foretsensations.fr","url":"https:\/\/sport-index.fr\/blog\/","logo":{"@type":"ImageObject","inLanguage":"fr-FR","@id":"https:\/\/sport-index.fr\/blog\/#\/schema\/logo\/image\/","url":"https:\/\/sport-index.fr\/blog\/wp-content\/uploads\/2026\/07\/logo-auto.png","contentUrl":"https:\/\/sport-index.fr\/blog\/wp-content\/uploads\/2026\/07\/logo-auto.png","width":1024,"height":1024,"caption":"Foretsensations.fr"},"image":{"@id":"https:\/\/sport-index.fr\/blog\/#\/schema\/logo\/image\/"}},{"@type":"Person","@id":"https:\/\/sport-index.fr\/blog\/#\/schema\/person\/3c864cdc320801e3db34b663e7e3f816","name":"Axel Lauzier","image":{"@type":"ImageObject","inLanguage":"fr-FR","@id":"https:\/\/sport-index.fr\/blog\/#\/schema\/person\/image\/","url":"https:\/\/sport-index.fr\/blog\/wp-content\/uploads\/2026\/06\/persona_axel-l-96x96.jpg","contentUrl":"https:\/\/sport-index.fr\/blog\/wp-content\/uploads\/2026\/06\/persona_axel-l-96x96.jpg","caption":"Axel Lauzier"},"description":"Le sport rythme mon quotidien depuis l'enfance, et j'en ai fait mon m\u00e9tier d'analyste r\u00e9dactionnel il y a une dizaine d'ann\u00e9es. Je couvre principalement le football, son actualit\u00e9, ses transferts et l'analyse tactique des grandes affiches, mais aussi les disciplines plus confidentielles que j'aime remettre en lumi\u00e8re. Une partie de mon travail porte sur les pronostics et la lecture statistique d'un match : forme des \u00e9quipes, historique des confrontations, compositions, sans jamais vendre de fausse certitude. Je rappelle syst\u00e9matiquement que parier comporte un risque et doit rester un loisir ma\u00eetris\u00e9. Avant de signer une analyse, je v\u00e9rifie mes chiffres, je recoupe les compositions probables et je distingue toujours la donn\u00e9e brute de l'intuition. Mon objectif : offrir une lecture honn\u00eate et argument\u00e9e, pas un ticket gagnant garanti.","sameAs":["https:\/\/axellauzier.fr\/"],"url":"https:\/\/sport-index.fr\/blog\/auteur\/noname\/"}]}},"_links":{"self":[{"href":"https:\/\/sport-index.fr\/blog\/wp-json\/wp\/v2\/posts\/8518","targetHints":{"allow":["GET"]}}],"collection":[{"href":"https:\/\/sport-index.fr\/blog\/wp-json\/wp\/v2\/posts"}],"about":[{"href":"https:\/\/sport-index.fr\/blog\/wp-json\/wp\/v2\/types\/post"}],"author":[{"embeddable":true,"href":"https:\/\/sport-index.fr\/blog\/wp-json\/wp\/v2\/users\/34"}],"replies":[{"embeddable":true,"href":"https:\/\/sport-index.fr\/blog\/wp-json\/wp\/v2\/comments?post=8518"}],"version-history":[{"count":1,"href":"https:\/\/sport-index.fr\/blog\/wp-json\/wp\/v2\/posts\/8518\/revisions"}],"predecessor-version":[{"id":8521,"href":"https:\/\/sport-index.fr\/blog\/wp-json\/wp\/v2\/posts\/8518\/revisions\/8521"}],"wp:featuredmedia":[{"embeddable":true,"href":"https:\/\/sport-index.fr\/blog\/wp-json\/wp\/v2\/media\/8519"}],"wp:attachment":[{"href":"https:\/\/sport-index.fr\/blog\/wp-json\/wp\/v2\/media?parent=8518"}],"wp:term":[{"taxonomy":"category","embeddable":true,"href":"https:\/\/sport-index.fr\/blog\/wp-json\/wp\/v2\/categories?post=8518"},{"taxonomy":"post_tag","embeddable":true,"href":"https:\/\/sport-index.fr\/blog\/wp-json\/wp\/v2\/tags?post=8518"}],"curies":[{"name":"wp","href":"https:\/\/api.w.org\/{rel}","templated":true}]}}