{"id":8540,"date":"2025-02-15T17:46:41","date_gmt":"2025-02-15T16:46:41","guid":{"rendered":"https:\/\/sport-index.fr\/blog\/?p=8540"},"modified":"2025-02-14T16:57:36","modified_gmt":"2025-02-14T15:57:36","slug":"sam-bennett-triomphe-a-la-premiere-etape-du-tour-de-la-provence-un-sprint-eclatant","status":"publish","type":"post","link":"https:\/\/sport-index.fr\/blog\/a-la-une\/sam-bennett-triomphe-a-la-premiere-etape-du-tour-de-la-provence-un-sprint-eclatant\/","title":{"rendered":"sam bennett triomphe \u00e0 la premi\u00e8re \u00e9tape du tour de la provence : un sprint \u00e9clatant"},"content":{"rendered":"<p>Sam Bennett, coureur de l&rsquo;\u00e9quipe Decathlon AG2R La Mondiale, a d\u00e9montr\u00e9 ses capacit\u00e9s exceptionnelles en s&rsquo;imposant au sprint \u00e0 Saint-Victoret. Ce parcours de 175 kilom\u00e8tres a vu Bennett devancer des concurrents redoutables comme Lukas Kubis et Valentin Ferron, ce qui le place en t\u00eate du classement g\u00e9n\u00e9ral.<\/p>\n<h2>Un sprint d\u00e9cisif \u00e0 Saint-Victoret<\/h2>\n<p>La premi\u00e8re \u00e9tape du Tour de la Provence a \u00e9t\u00e9 marqu\u00e9e par un sprint final palpitant. Sam Bennett a su g\u00e9rer son effort jusqu&rsquo;\u00e0 la derni\u00e8re ligne droite, faisant preuve d&rsquo;une ma\u00eetrise tactique remarquable. La lutte pour la premi\u00e8re place a \u00e9t\u00e9 \u00e2pre, mais Bennett a su tirer parti de son exp\u00e9rience pour franchir la ligne d&rsquo;arriv\u00e9e en premier.<\/p>\n<p>Les autres coureurs n&rsquo;ont pas d\u00e9m\u00e9rit\u00e9, avec Lukas Kubis et Valentin Ferron qui ont montr\u00e9 des signes de d\u00e9termination tout au long de la course. Malgr\u00e9 leurs efforts, ils n&rsquo;ont pas pu rivaliser avec la vitesse impressionnante de Bennett. Ce dernier est d\u00e9sormais le premier leader du classement g\u00e9n\u00e9ral, une position qui pourrait lui donner un avantage psychologique pour les \u00e9tapes \u00e0 venir.<\/p>\n<h2>Un parcours \u00e0 d\u00e9fis multiples<\/h2>\n<p>Le parcours de 175 kilom\u00e8tres a pr\u00e9sent\u00e9 plusieurs d\u00e9fis, allant des c\u00f4tes abruptes aux sections techniques. Les coureurs ont d\u00fb faire preuve de r\u00e9silience et de strat\u00e9gie pour naviguer \u00e0 travers les diff\u00e9rentes conditions de route. Bennett a su s&rsquo;adapter \u00e0 ces d\u00e9fis, un atout qui a probablement contribu\u00e9 \u00e0 son succ\u00e8s.<img decoding=\"async\" width=\"1024\" height=\"576\" src=\"https:\/\/sport-index.fr\/blog\/wp-content\/uploads\/2025\/02\/stability-sam-bennett-triomphe-a-la-premiere-etape-du-tour-de-la-provence-un-sprint-eclatant-1.png\" class=\"aligncenter\" alt=\"Illustration d\u00e9taill\u00e9e sur sam bennett triomphe \u00e0 la premi\u00e8re \u00e9tape du tour de la provence : un sprint \u00e9clatant\" title=\"sam bennett triomphe \u00e0 la premi\u00e8re \u00e9tape du tour de la provence : un sprint \u00e9clatant\" loading=\"lazy\" \/><\/p>\n<p>La diversit\u00e9 du parcours a permis aux coureurs de tester leurs limites, tout en offrant aux spectateurs un spectacle captivant. Les \u00e9quipes ont d\u00fb prendre des d\u00e9cisions strat\u00e9giques concernant le positionnement de leurs coureurs pour maximiser leurs chances de succ\u00e8s. L&rsquo;ex\u00e9cution parfaite de l&rsquo;\u00e9quipe Decathlon AG2R La Mondiale a \u00e9t\u00e9 un facteur cl\u00e9 dans la victoire de Bennett.<\/p>\n<p><iframe loading=\"lazy\" title=\"Chasse-Patate #4 : Paris-Nice et Tirreno-Adriatico, les premiers grands rendez-vous de la saison\" width=\"1200\" height=\"675\" src=\"https:\/\/www.youtube.com\/embed\/UxF45aIFv9o?feature=oembed\" frameborder=\"0\" allow=\"accelerometer; autoplay; clipboard-write; encrypted-media; gyroscope; picture-in-picture; web-share\" referrerpolicy=\"strict-origin-when-cross-origin\" allowfullscreen><\/iframe><\/p>\n<h2>Les implications de cette victoire<\/h2>\n<p>La victoire de Sam Bennett au Tour de la Provence est un signal fort pour ses concurrents. En devenant le premier leader, il met la pression sur les autres \u00e9quipes pour qu&rsquo;elles ajustent leurs strat\u00e9gies. Sa performance pourrait \u00e9galement galvaniser son \u00e9quipe, leur offrant un \u00e9lan de confiance dans les \u00e9tapes \u00e0 venir.<\/p>\n<p>Cette \u00e9tape marque le d\u00e9but d&rsquo;une comp\u00e9tition intense, o\u00f9 chaque coureur doit rester vigilant. Les prochaines \u00e9tapes promettent d&rsquo;\u00eatre tout aussi disput\u00e9es, avec des parcours qui testeront encore davantage les capacit\u00e9s des cyclistes. Les fans de cyclisme peuvent s&rsquo;attendre \u00e0 des r\u00e9v\u00e9lations passionnantes dans les jours suivants.<\/p>\n<blockquote><p>\n  \u00ab\u00a0La force mentale est tout aussi importante que la force physique dans ce sport.\u00a0\u00bb &#8211; Sam Bennett\n<\/p><\/blockquote>\n<ul>\n<li>Sam Bennett remporte la premi\u00e8re \u00e9tape du Tour de la Provence.<\/li>\n<li>Le parcours de 175 kilom\u00e8tres a \u00e9t\u00e9 un v\u00e9ritable d\u00e9fi.<\/li>\n<li>Les coureurs doivent s&rsquo;adapter aux diff\u00e9rentes conditions de route.<\/li>\n<li>Bennett devient le premier leader du classement g\u00e9n\u00e9ral.<\/li>\n<li>Les prochaines \u00e9tapes s&rsquo;annoncent aussi disput\u00e9es.<\/li>\n<\/ul>\n<p>Avec ce d\u00e9but prometteur, le Tour de la Provence s&rsquo;annonce captivant, et tous les regards sont d\u00e9sormais tourn\u00e9s vers les performances des coureurs dans les \u00e9tapes \u00e0 venir. Sam Bennett, avec sa victoire \u00e9clatante, a non seulement remport\u00e9 une \u00e9tape, mais a \u00e9galement pos\u00e9 sa candidature pour le titre final. Les cyclistes doivent se pr\u00e9parer \u00e0 relever la barre, car la comp\u00e9tition ne fait que commencer.<\/p>\n","protected":false},"excerpt":{"rendered":"","protected":false},"author":34,"featured_media":8541,"comment_status":"open","ping_status":"open","sticky":false,"template":"","format":"standard","meta":{"_acf_changed":false,"manual_indexmenow":false,"indexmenow_id_project":0,"footnotes":""},"categories":[1],"tags":[4745,4559,4544,4543,4408],"class_list":["post-8540","post","type-post","status-publish","format-standard","has-post-thumbnail","hentry","category-a-la-une","tag-competition","tag-cyclisme","tag-equipe","tag-performance","tag-resilience","generate-columns","tablet-grid-50","mobile-grid-100","grid-parent","grid-25"],"acf":[],"yoast_head":"<!-- This site is optimized with the Yoast SEO Premium plugin v21.3 (Yoast SEO v26.5) - https:\/\/yoast.com\/wordpress\/plugins\/seo\/ -->\n<title>sam bennett triomphe \u00e0 la premi\u00e8re \u00e9tape du tour<\/title>\n<meta name=\"description\" content=\"Sam Bennett, coureur de l&#039;\u00e9quipe Decathlon AG2R La Mondiale, a d\u00e9montr\u00e9 ses capacit\u00e9s exceptionnelles en s&#039;imposant au sprint \u00e0 Saint-Victoret. Ce\u2026\" \/>\n<meta name=\"robots\" content=\"index, follow, max-snippet:-1, max-image-preview:large, max-video-preview:-1\" \/>\n<link rel=\"canonical\" href=\"https:\/\/sport-index.fr\/blog\/a-la-une\/sam-bennett-triomphe-a-la-premiere-etape-du-tour-de-la-provence-un-sprint-eclatant\/\" \/>\n<meta property=\"og:locale\" content=\"fr_FR\" \/>\n<meta property=\"og:type\" content=\"article\" \/>\n<meta property=\"og:title\" content=\"sam bennett triomphe \u00e0 la premi\u00e8re \u00e9tape du tour\" \/>\n<meta property=\"og:description\" content=\"Sam Bennett, coureur de l&#039;\u00e9quipe Decathlon AG2R La Mondiale, a d\u00e9montr\u00e9 ses capacit\u00e9s exceptionnelles en s&#039;imposant au sprint \u00e0 Saint-Victoret. Ce\u2026\" \/>\n<meta property=\"og:url\" content=\"https:\/\/sport-index.fr\/blog\/a-la-une\/sam-bennett-triomphe-a-la-premiere-etape-du-tour-de-la-provence-un-sprint-eclatant\/\" \/>\n<meta property=\"og:site_name\" content=\"sport-index\" \/>\n<meta property=\"og:image\" content=\"https:\/\/sport-index.fr\/blog\/wp-content\/uploads\/2025\/02\/stability-sam-bennett-triomphe-a-la-premiere-etape-du-tour-de-la-provence-un-sprint-eclatant.png\" \/>\n\t<meta property=\"og:image:width\" content=\"1024\" \/>\n\t<meta property=\"og:image:height\" content=\"576\" \/>\n\t<meta property=\"og:image:type\" content=\"image\/png\" \/>\n<meta name=\"author\" content=\"Axel Lauzier\" \/>\n<meta name=\"twitter:card\" content=\"summary_large_image\" \/>\n<script type=\"application\/ld+json\" class=\"yoast-schema-graph\">{\"@context\":\"https:\/\/schema.org\",\"@graph\":[{\"@type\":\"NewsArticle\",\"@id\":\"https:\/\/sport-index.fr\/blog\/a-la-une\/sam-bennett-triomphe-a-la-premiere-etape-du-tour-de-la-provence-un-sprint-eclatant\/#article\",\"isPartOf\":{\"@id\":\"https:\/\/sport-index.fr\/blog\/a-la-une\/sam-bennett-triomphe-a-la-premiere-etape-du-tour-de-la-provence-un-sprint-eclatant\/\"},\"author\":{\"name\":\"Axel Lauzier\",\"@id\":\"https:\/\/sport-index.fr\/blog\/#\/schema\/person\/3c864cdc320801e3db34b663e7e3f816\"},\"headline\":\"sam bennett triomphe \u00e0 la premi\u00e8re \u00e9tape du tour de la provence : un sprint \u00e9clatant\",\"datePublished\":\"2025-02-15T16:46:41+00:00\",\"mainEntityOfPage\":{\"@id\":\"https:\/\/sport-index.fr\/blog\/a-la-une\/sam-bennett-triomphe-a-la-premiere-etape-du-tour-de-la-provence-un-sprint-eclatant\/\"},\"wordCount\":601,\"commentCount\":22,\"publisher\":{\"@id\":\"https:\/\/sport-index.fr\/blog\/#organization\"},\"image\":{\"@id\":\"https:\/\/sport-index.fr\/blog\/a-la-une\/sam-bennett-triomphe-a-la-premiere-etape-du-tour-de-la-provence-un-sprint-eclatant\/#primaryimage\"},\"thumbnailUrl\":\"https:\/\/sport-index.fr\/blog\/wp-content\/uploads\/2025\/02\/stability-sam-bennett-triomphe-a-la-premiere-etape-du-tour-de-la-provence-un-sprint-eclatant.png\",\"keywords\":[\"Comp\u00e9tition\",\"Cyclisme\",\"\u00c9quipe\",\"Performance\",\"R\u00e9silience\"],\"articleSection\":[\"\u00c0 la une\"],\"inLanguage\":\"fr-FR\",\"potentialAction\":[{\"@type\":\"CommentAction\",\"name\":\"Comment\",\"target\":[\"https:\/\/sport-index.fr\/blog\/a-la-une\/sam-bennett-triomphe-a-la-premiere-etape-du-tour-de-la-provence-un-sprint-eclatant\/#respond\"]}]},{\"@type\":\"WebPage\",\"@id\":\"https:\/\/sport-index.fr\/blog\/a-la-une\/sam-bennett-triomphe-a-la-premiere-etape-du-tour-de-la-provence-un-sprint-eclatant\/\",\"url\":\"https:\/\/sport-index.fr\/blog\/a-la-une\/sam-bennett-triomphe-a-la-premiere-etape-du-tour-de-la-provence-un-sprint-eclatant\/\",\"name\":\"sam bennett triomphe \u00e0 la premi\u00e8re \u00e9tape du tour\",\"isPartOf\":{\"@id\":\"https:\/\/sport-index.fr\/blog\/#website\"},\"primaryImageOfPage\":{\"@id\":\"https:\/\/sport-index.fr\/blog\/a-la-une\/sam-bennett-triomphe-a-la-premiere-etape-du-tour-de-la-provence-un-sprint-eclatant\/#primaryimage\"},\"image\":{\"@id\":\"https:\/\/sport-index.fr\/blog\/a-la-une\/sam-bennett-triomphe-a-la-premiere-etape-du-tour-de-la-provence-un-sprint-eclatant\/#primaryimage\"},\"thumbnailUrl\":\"https:\/\/sport-index.fr\/blog\/wp-content\/uploads\/2025\/02\/stability-sam-bennett-triomphe-a-la-premiere-etape-du-tour-de-la-provence-un-sprint-eclatant.png\",\"datePublished\":\"2025-02-15T16:46:41+00:00\",\"description\":\"Sam Bennett, coureur de l'\u00e9quipe Decathlon AG2R La Mondiale, a d\u00e9montr\u00e9 ses capacit\u00e9s exceptionnelles en s'imposant au sprint \u00e0 Saint-Victoret. Ce\u2026\",\"inLanguage\":\"fr-FR\",\"potentialAction\":[{\"@type\":\"ReadAction\",\"target\":[\"https:\/\/sport-index.fr\/blog\/a-la-une\/sam-bennett-triomphe-a-la-premiere-etape-du-tour-de-la-provence-un-sprint-eclatant\/\"]}]},{\"@type\":\"ImageObject\",\"inLanguage\":\"fr-FR\",\"@id\":\"https:\/\/sport-index.fr\/blog\/a-la-une\/sam-bennett-triomphe-a-la-premiere-etape-du-tour-de-la-provence-un-sprint-eclatant\/#primaryimage\",\"url\":\"https:\/\/sport-index.fr\/blog\/wp-content\/uploads\/2025\/02\/stability-sam-bennett-triomphe-a-la-premiere-etape-du-tour-de-la-provence-un-sprint-eclatant.png\",\"contentUrl\":\"https:\/\/sport-index.fr\/blog\/wp-content\/uploads\/2025\/02\/stability-sam-bennett-triomphe-a-la-premiere-etape-du-tour-de-la-provence-un-sprint-eclatant.png\",\"width\":1024,\"height\":576},{\"@type\":\"WebSite\",\"@id\":\"https:\/\/sport-index.fr\/blog\/#website\",\"url\":\"https:\/\/sport-index.fr\/blog\/\",\"name\":\"sport-index.fr\",\"description\":\"Le score de l\u2019analyse sportive.\",\"publisher\":{\"@id\":\"https:\/\/sport-index.fr\/blog\/#organization\"},\"alternateName\":\"Le score de l\u2019analyse sportive.\",\"potentialAction\":[{\"@type\":\"SearchAction\",\"target\":{\"@type\":\"EntryPoint\",\"urlTemplate\":\"https:\/\/sport-index.fr\/blog\/?s={search_term_string}\"},\"query-input\":{\"@type\":\"PropertyValueSpecification\",\"valueRequired\":true,\"valueName\":\"search_term_string\"}}],\"inLanguage\":\"fr-FR\"},{\"@type\":\"Organization\",\"@id\":\"https:\/\/sport-index.fr\/blog\/#organization\",\"name\":\"Foretsensations.fr\",\"url\":\"https:\/\/sport-index.fr\/blog\/\",\"logo\":{\"@type\":\"ImageObject\",\"inLanguage\":\"fr-FR\",\"@id\":\"https:\/\/sport-index.fr\/blog\/#\/schema\/logo\/image\/\",\"url\":\"https:\/\/sport-index.fr\/blog\/wp-content\/uploads\/2026\/07\/logo-auto.png\",\"contentUrl\":\"https:\/\/sport-index.fr\/blog\/wp-content\/uploads\/2026\/07\/logo-auto.png\",\"width\":1024,\"height\":1024,\"caption\":\"Foretsensations.fr\"},\"image\":{\"@id\":\"https:\/\/sport-index.fr\/blog\/#\/schema\/logo\/image\/\"}},{\"@type\":\"Person\",\"@id\":\"https:\/\/sport-index.fr\/blog\/#\/schema\/person\/3c864cdc320801e3db34b663e7e3f816\",\"name\":\"Axel Lauzier\",\"image\":{\"@type\":\"ImageObject\",\"inLanguage\":\"fr-FR\",\"@id\":\"https:\/\/sport-index.fr\/blog\/#\/schema\/person\/image\/\",\"url\":\"https:\/\/sport-index.fr\/blog\/wp-content\/uploads\/2026\/06\/persona_axel-l-96x96.jpg\",\"contentUrl\":\"https:\/\/sport-index.fr\/blog\/wp-content\/uploads\/2026\/06\/persona_axel-l-96x96.jpg\",\"caption\":\"Axel Lauzier\"},\"description\":\"Le sport rythme mon quotidien depuis l'enfance, et j'en ai fait mon m\u00e9tier d'analyste r\u00e9dactionnel il y a une dizaine d'ann\u00e9es. Je couvre principalement le football, son actualit\u00e9, ses transferts et l'analyse tactique des grandes affiches, mais aussi les disciplines plus confidentielles que j'aime remettre en lumi\u00e8re. Une partie de mon travail porte sur les pronostics et la lecture statistique d'un match : forme des \u00e9quipes, historique des confrontations, compositions, sans jamais vendre de fausse certitude. Je rappelle syst\u00e9matiquement que parier comporte un risque et doit rester un loisir ma\u00eetris\u00e9. Avant de signer une analyse, je v\u00e9rifie mes chiffres, je recoupe les compositions probables et je distingue toujours la donn\u00e9e brute de l'intuition. Mon objectif : offrir une lecture honn\u00eate et argument\u00e9e, pas un ticket gagnant garanti.\",\"sameAs\":[\"https:\/\/axellauzier.fr\/\"],\"url\":\"https:\/\/sport-index.fr\/blog\/auteur\/noname\/\"}]}<\/script>\n<!-- \/ Yoast SEO Premium plugin. -->","yoast_head_json":{"title":"sam bennett triomphe \u00e0 la premi\u00e8re \u00e9tape du tour","description":"Sam Bennett, coureur de l'\u00e9quipe Decathlon AG2R La Mondiale, a d\u00e9montr\u00e9 ses capacit\u00e9s exceptionnelles en s'imposant au sprint \u00e0 Saint-Victoret. Ce\u2026","robots":{"index":"index","follow":"follow","max-snippet":"max-snippet:-1","max-image-preview":"max-image-preview:large","max-video-preview":"max-video-preview:-1"},"canonical":"https:\/\/sport-index.fr\/blog\/a-la-une\/sam-bennett-triomphe-a-la-premiere-etape-du-tour-de-la-provence-un-sprint-eclatant\/","og_locale":"fr_FR","og_type":"article","og_title":"sam bennett triomphe \u00e0 la premi\u00e8re \u00e9tape du tour","og_description":"Sam Bennett, coureur de l'\u00e9quipe Decathlon AG2R La Mondiale, a d\u00e9montr\u00e9 ses capacit\u00e9s exceptionnelles en s'imposant au sprint \u00e0 Saint-Victoret. Ce\u2026","og_url":"https:\/\/sport-index.fr\/blog\/a-la-une\/sam-bennett-triomphe-a-la-premiere-etape-du-tour-de-la-provence-un-sprint-eclatant\/","og_site_name":"sport-index","og_image":[{"width":1024,"height":576,"url":"https:\/\/sport-index.fr\/blog\/wp-content\/uploads\/2025\/02\/stability-sam-bennett-triomphe-a-la-premiere-etape-du-tour-de-la-provence-un-sprint-eclatant.png","type":"image\/png"}],"author":"Axel Lauzier","twitter_card":"summary_large_image","schema":{"@context":"https:\/\/schema.org","@graph":[{"@type":"NewsArticle","@id":"https:\/\/sport-index.fr\/blog\/a-la-une\/sam-bennett-triomphe-a-la-premiere-etape-du-tour-de-la-provence-un-sprint-eclatant\/#article","isPartOf":{"@id":"https:\/\/sport-index.fr\/blog\/a-la-une\/sam-bennett-triomphe-a-la-premiere-etape-du-tour-de-la-provence-un-sprint-eclatant\/"},"author":{"name":"Axel Lauzier","@id":"https:\/\/sport-index.fr\/blog\/#\/schema\/person\/3c864cdc320801e3db34b663e7e3f816"},"headline":"sam bennett triomphe \u00e0 la premi\u00e8re \u00e9tape du tour de la provence : un sprint \u00e9clatant","datePublished":"2025-02-15T16:46:41+00:00","mainEntityOfPage":{"@id":"https:\/\/sport-index.fr\/blog\/a-la-une\/sam-bennett-triomphe-a-la-premiere-etape-du-tour-de-la-provence-un-sprint-eclatant\/"},"wordCount":601,"commentCount":22,"publisher":{"@id":"https:\/\/sport-index.fr\/blog\/#organization"},"image":{"@id":"https:\/\/sport-index.fr\/blog\/a-la-une\/sam-bennett-triomphe-a-la-premiere-etape-du-tour-de-la-provence-un-sprint-eclatant\/#primaryimage"},"thumbnailUrl":"https:\/\/sport-index.fr\/blog\/wp-content\/uploads\/2025\/02\/stability-sam-bennett-triomphe-a-la-premiere-etape-du-tour-de-la-provence-un-sprint-eclatant.png","keywords":["Comp\u00e9tition","Cyclisme","\u00c9quipe","Performance","R\u00e9silience"],"articleSection":["\u00c0 la une"],"inLanguage":"fr-FR","potentialAction":[{"@type":"CommentAction","name":"Comment","target":["https:\/\/sport-index.fr\/blog\/a-la-une\/sam-bennett-triomphe-a-la-premiere-etape-du-tour-de-la-provence-un-sprint-eclatant\/#respond"]}]},{"@type":"WebPage","@id":"https:\/\/sport-index.fr\/blog\/a-la-une\/sam-bennett-triomphe-a-la-premiere-etape-du-tour-de-la-provence-un-sprint-eclatant\/","url":"https:\/\/sport-index.fr\/blog\/a-la-une\/sam-bennett-triomphe-a-la-premiere-etape-du-tour-de-la-provence-un-sprint-eclatant\/","name":"sam bennett triomphe \u00e0 la premi\u00e8re \u00e9tape du tour","isPartOf":{"@id":"https:\/\/sport-index.fr\/blog\/#website"},"primaryImageOfPage":{"@id":"https:\/\/sport-index.fr\/blog\/a-la-une\/sam-bennett-triomphe-a-la-premiere-etape-du-tour-de-la-provence-un-sprint-eclatant\/#primaryimage"},"image":{"@id":"https:\/\/sport-index.fr\/blog\/a-la-une\/sam-bennett-triomphe-a-la-premiere-etape-du-tour-de-la-provence-un-sprint-eclatant\/#primaryimage"},"thumbnailUrl":"https:\/\/sport-index.fr\/blog\/wp-content\/uploads\/2025\/02\/stability-sam-bennett-triomphe-a-la-premiere-etape-du-tour-de-la-provence-un-sprint-eclatant.png","datePublished":"2025-02-15T16:46:41+00:00","description":"Sam Bennett, coureur de l'\u00e9quipe Decathlon AG2R La Mondiale, a d\u00e9montr\u00e9 ses capacit\u00e9s exceptionnelles en s'imposant au sprint \u00e0 Saint-Victoret. Ce\u2026","inLanguage":"fr-FR","potentialAction":[{"@type":"ReadAction","target":["https:\/\/sport-index.fr\/blog\/a-la-une\/sam-bennett-triomphe-a-la-premiere-etape-du-tour-de-la-provence-un-sprint-eclatant\/"]}]},{"@type":"ImageObject","inLanguage":"fr-FR","@id":"https:\/\/sport-index.fr\/blog\/a-la-une\/sam-bennett-triomphe-a-la-premiere-etape-du-tour-de-la-provence-un-sprint-eclatant\/#primaryimage","url":"https:\/\/sport-index.fr\/blog\/wp-content\/uploads\/2025\/02\/stability-sam-bennett-triomphe-a-la-premiere-etape-du-tour-de-la-provence-un-sprint-eclatant.png","contentUrl":"https:\/\/sport-index.fr\/blog\/wp-content\/uploads\/2025\/02\/stability-sam-bennett-triomphe-a-la-premiere-etape-du-tour-de-la-provence-un-sprint-eclatant.png","width":1024,"height":576},{"@type":"WebSite","@id":"https:\/\/sport-index.fr\/blog\/#website","url":"https:\/\/sport-index.fr\/blog\/","name":"sport-index.fr","description":"Le score de l\u2019analyse sportive.","publisher":{"@id":"https:\/\/sport-index.fr\/blog\/#organization"},"alternateName":"Le score de l\u2019analyse sportive.","potentialAction":[{"@type":"SearchAction","target":{"@type":"EntryPoint","urlTemplate":"https:\/\/sport-index.fr\/blog\/?s={search_term_string}"},"query-input":{"@type":"PropertyValueSpecification","valueRequired":true,"valueName":"search_term_string"}}],"inLanguage":"fr-FR"},{"@type":"Organization","@id":"https:\/\/sport-index.fr\/blog\/#organization","name":"Foretsensations.fr","url":"https:\/\/sport-index.fr\/blog\/","logo":{"@type":"ImageObject","inLanguage":"fr-FR","@id":"https:\/\/sport-index.fr\/blog\/#\/schema\/logo\/image\/","url":"https:\/\/sport-index.fr\/blog\/wp-content\/uploads\/2026\/07\/logo-auto.png","contentUrl":"https:\/\/sport-index.fr\/blog\/wp-content\/uploads\/2026\/07\/logo-auto.png","width":1024,"height":1024,"caption":"Foretsensations.fr"},"image":{"@id":"https:\/\/sport-index.fr\/blog\/#\/schema\/logo\/image\/"}},{"@type":"Person","@id":"https:\/\/sport-index.fr\/blog\/#\/schema\/person\/3c864cdc320801e3db34b663e7e3f816","name":"Axel Lauzier","image":{"@type":"ImageObject","inLanguage":"fr-FR","@id":"https:\/\/sport-index.fr\/blog\/#\/schema\/person\/image\/","url":"https:\/\/sport-index.fr\/blog\/wp-content\/uploads\/2026\/06\/persona_axel-l-96x96.jpg","contentUrl":"https:\/\/sport-index.fr\/blog\/wp-content\/uploads\/2026\/06\/persona_axel-l-96x96.jpg","caption":"Axel Lauzier"},"description":"Le sport rythme mon quotidien depuis l'enfance, et j'en ai fait mon m\u00e9tier d'analyste r\u00e9dactionnel il y a une dizaine d'ann\u00e9es. Je couvre principalement le football, son actualit\u00e9, ses transferts et l'analyse tactique des grandes affiches, mais aussi les disciplines plus confidentielles que j'aime remettre en lumi\u00e8re. Une partie de mon travail porte sur les pronostics et la lecture statistique d'un match : forme des \u00e9quipes, historique des confrontations, compositions, sans jamais vendre de fausse certitude. Je rappelle syst\u00e9matiquement que parier comporte un risque et doit rester un loisir ma\u00eetris\u00e9. Avant de signer une analyse, je v\u00e9rifie mes chiffres, je recoupe les compositions probables et je distingue toujours la donn\u00e9e brute de l'intuition. Mon objectif : offrir une lecture honn\u00eate et argument\u00e9e, pas un ticket gagnant garanti.","sameAs":["https:\/\/axellauzier.fr\/"],"url":"https:\/\/sport-index.fr\/blog\/auteur\/noname\/"}]}},"_links":{"self":[{"href":"https:\/\/sport-index.fr\/blog\/wp-json\/wp\/v2\/posts\/8540","targetHints":{"allow":["GET"]}}],"collection":[{"href":"https:\/\/sport-index.fr\/blog\/wp-json\/wp\/v2\/posts"}],"about":[{"href":"https:\/\/sport-index.fr\/blog\/wp-json\/wp\/v2\/types\/post"}],"author":[{"embeddable":true,"href":"https:\/\/sport-index.fr\/blog\/wp-json\/wp\/v2\/users\/34"}],"replies":[{"embeddable":true,"href":"https:\/\/sport-index.fr\/blog\/wp-json\/wp\/v2\/comments?post=8540"}],"version-history":[{"count":2,"href":"https:\/\/sport-index.fr\/blog\/wp-json\/wp\/v2\/posts\/8540\/revisions"}],"predecessor-version":[{"id":8891,"href":"https:\/\/sport-index.fr\/blog\/wp-json\/wp\/v2\/posts\/8540\/revisions\/8891"}],"wp:featuredmedia":[{"embeddable":true,"href":"https:\/\/sport-index.fr\/blog\/wp-json\/wp\/v2\/media\/8541"}],"wp:attachment":[{"href":"https:\/\/sport-index.fr\/blog\/wp-json\/wp\/v2\/media?parent=8540"}],"wp:term":[{"taxonomy":"category","embeddable":true,"href":"https:\/\/sport-index.fr\/blog\/wp-json\/wp\/v2\/categories?post=8540"},{"taxonomy":"post_tag","embeddable":true,"href":"https:\/\/sport-index.fr\/blog\/wp-json\/wp\/v2\/tags?post=8540"}],"curies":[{"name":"wp","href":"https:\/\/api.w.org\/{rel}","templated":true}]}}