{"id":8544,"date":"2025-02-16T13:47:08","date_gmt":"2025-02-16T12:47:08","guid":{"rendered":"https:\/\/sport-index.fr\/blog\/?p=8544"},"modified":"2025-02-14T16:58:22","modified_gmt":"2025-02-14T15:58:22","slug":"prison-ferme-et-amende-record-rocky-elsom-face-a-la-justice-pour-abus-de-biens-sociaux","status":"publish","type":"post","link":"https:\/\/sport-index.fr\/blog\/a-la-une\/prison-ferme-et-amende-record-rocky-elsom-face-a-la-justice-pour-abus-de-biens-sociaux\/","title":{"rendered":"Prison ferme et amende record : Rocky Elsom face \u00e0 la justice pour abus de biens sociaux"},"content":{"rendered":"<h2>Rocky Elsom, un ancien sportif en plein tourbillon judiciaire<\/h2>\n<p>L&rsquo;ancien rugbyman Rocky Elsom, connu pour ses performances sur le terrain, est maintenant au c\u0153ur d&rsquo;une affaire judiciaire qui suscite l&rsquo;attention. Les accusations de faux, d&rsquo;usage de faux et d&rsquo;abus de biens sociaux ont conduit le Minist\u00e8re public \u00e0 requ\u00e9rir une peine s\u00e9v\u00e8re de trois ans d&#8217;emprisonnement. De plus, une amende de 630 000 euros a \u00e9t\u00e9 demand\u00e9e, illustrant la gravit\u00e9 des charges retenues contre lui.<\/p>\n<p>Le tribunal de Narbonne a programm\u00e9 le verdict pour le 14 mars prochain. Cette affaire, qui a d\u00e9but\u00e9 il y a plusieurs mois, a pris une tournure inattendue, laissant les fans et les observateurs du monde du rugby perplexes. L&rsquo;absence d&rsquo;Elsom lors du proc\u00e8s renforce le myst\u00e8re qui l&rsquo;entoure, amplifiant les sp\u00e9culations sur son statut actuel.<\/p>\n<h2>Des accusations lourdes et des cons\u00e9quences graves<\/h2>\n<p>Les r\u00e9v\u00e9lations concernant Rocky Elsom sont alarmantes. En tant qu&rsquo;ancien pr\u00e9sident du club de rugby de Narbonne, il se retrouve \u00e0 r\u00e9pondre de ses actes dans une affaire qui a secou\u00e9 la communaut\u00e9 sportive. Les faits reproch\u00e9s, qui remontent \u00e0 son mandat, soul\u00e8vent des questions sur la gestion des fonds et la responsabilit\u00e9 des dirigeants dans le milieu sportif.<\/p>\n<p>La somme de 630 000 euros demand\u00e9e en amende est significative et souligne l&rsquo;ampleur des malversations pr\u00e9sum\u00e9es. Les instances judiciaires prennent ce genre d&rsquo;affaires tr\u00e8s au s\u00e9rieux, car elles touchent \u00e0 l&rsquo;int\u00e9grit\u00e9 du sport et \u00e0 la confiance du public envers ses dirigeants. La d\u00e9cision qui sera rendue en mars pourrait avoir des r\u00e9percussions sur d&rsquo;autres cas similaires dans le domaine du rugby.<\/p>\n<h2>Un fugitif en cavale : o\u00f9 se cache Rocky Elsom ?<\/h2>\n<p>Actuellement, Rocky Elsom est introuvable. Selon les informations, il aurait fui en dehors de l&rsquo;Irlande, ce qui complique encore davantage la situation. Son avocat, Me Yann Le Bras, l&rsquo;a repr\u00e9sent\u00e9 lors du proc\u00e8s, mais l&rsquo;absence de son client soul\u00e8ve des interrogations sur sa volont\u00e9 d&rsquo;affronter les accusations.<\/p>\n<p>Dans une interview accord\u00e9e \u00e0 un m\u00e9dia australien, Elsom a exprim\u00e9 son d\u00e9sir d&rsquo;un nouveau jugement, \u00e9voquant son m\u00e9contentement quant \u00e0 l&rsquo;absence d&rsquo;informations sur le verdict initial. Cette fuite et son statut de fugitif ajoutent une couche de complexit\u00e9 \u00e0 l&rsquo;affaire, rendant la situation encore plus pr\u00e9occupante pour ses partisans et le monde du rugby.<\/p>\n<blockquote><p>\n\u00ab\u00a0Il est regrettable de voir un ancien joueur de haut niveau se retrouver dans une telle situation. Cela soul\u00e8ve des interrogations sur la responsabilit\u00e9 des dirigeants dans le sport.\u00a0\u00bb &#8211; Un observateur du milieu sportif.\n<\/p><\/blockquote>\n<h2>Principaux \u00e9l\u00e9ments de l&rsquo;affaire Rocky Elsom<\/h2>\n<p>Les faits entourant cette affaire sont nombreux et complexes. Voici un aper\u00e7u des points cl\u00e9s :<\/p>\n<ul>\n<li>Accusations de faux et d&rsquo;abus de biens sociaux.<\/li>\n<li>Demande d&rsquo;une peine de trois ans de prison et d&rsquo;une amende de 630 000 euros.<\/li>\n<li>Absence de Rocky Elsom lors du proc\u00e8s, alors qu&rsquo;il est en cavale.<\/li>\n<li>Verdict pr\u00e9vu pour le 14 mars \u00e0 8h30.<\/li>\n<li>Repr\u00e9sentation l\u00e9gale par Me Yann Le Bras.<\/li>\n<\/ul>\n<p>L&rsquo;affaire Rocky Elsom est un rappel douloureux des d\u00e9fis auxquels le sport professionnel est confront\u00e9, notamment en mati\u00e8re de transparence et d&rsquo;int\u00e9grit\u00e9. Les prochains mois seront cruciaux pour d\u00e9terminer l&rsquo;issue de cette saga judiciaire et ses implications pour ceux qui aspirent \u00e0 des r\u00f4les de leadership dans le sport.<br \/>\n<img decoding=\"async\" width=\"1024\" height=\"576\" src=\"https:\/\/sport-index.fr\/blog\/wp-content\/uploads\/2025\/02\/stability-prison-ferme-et-amende-record-rocky-elsom-face-a-la-justice-pour-abus-de-biens-sociaux-1.png\" class=\"aligncenter\" alt=\"Illustration d\u00e9taill\u00e9e sur Prison ferme et amende record : Rocky Elsom face \u00e0 la justice pour abus de biens sociaux\" title=\"Prison ferme et amende record : Rocky Elsom face \u00e0 la justice pour abus de biens sociaux\" loading=\"lazy\" \/><\/p>\n","protected":false},"excerpt":{"rendered":"","protected":false},"author":34,"featured_media":8545,"comment_status":"open","ping_status":"open","sticky":false,"template":"","format":"standard","meta":{"_acf_changed":false,"manual_indexmenow":false,"indexmenow_id_project":0,"footnotes":""},"categories":[1],"tags":[4840,4545,4561,4543,4536],"class_list":["post-8544","post","type-post","status-publish","format-standard","has-post-thumbnail","hentry","category-a-la-une","tag-changement-social","tag-confiance","tag-gestion-des-talents","tag-performance","tag-rugby","generate-columns","tablet-grid-50","mobile-grid-100","grid-parent","grid-25"],"acf":[],"yoast_head":"<!-- This site is optimized with the Yoast SEO Premium plugin v21.3 (Yoast SEO v26.5) - https:\/\/yoast.com\/wordpress\/plugins\/seo\/ -->\n<title>Prison ferme et amende record : Rocky Elsom face<\/title>\n<meta name=\"description\" content=\"Rocky Elsom, un ancien sportif en plein tourbillon judiciaire L&#039;ancien rugbyman Rocky Elsom, connu pour ses performances sur le terrain, est maintenant\u2026\" \/>\n<meta name=\"robots\" content=\"index, follow, max-snippet:-1, max-image-preview:large, max-video-preview:-1\" \/>\n<link rel=\"canonical\" href=\"https:\/\/sport-index.fr\/blog\/a-la-une\/prison-ferme-et-amende-record-rocky-elsom-face-a-la-justice-pour-abus-de-biens-sociaux\/\" \/>\n<meta property=\"og:locale\" content=\"fr_FR\" \/>\n<meta property=\"og:type\" content=\"article\" \/>\n<meta property=\"og:title\" content=\"Prison ferme et amende record : Rocky Elsom face\" \/>\n<meta property=\"og:description\" content=\"Rocky Elsom, un ancien sportif en plein tourbillon judiciaire L&#039;ancien rugbyman Rocky Elsom, connu pour ses performances sur le terrain, est maintenant\u2026\" \/>\n<meta property=\"og:url\" content=\"https:\/\/sport-index.fr\/blog\/a-la-une\/prison-ferme-et-amende-record-rocky-elsom-face-a-la-justice-pour-abus-de-biens-sociaux\/\" \/>\n<meta property=\"og:site_name\" content=\"sport-index\" \/>\n<meta property=\"og:image\" content=\"https:\/\/sport-index.fr\/blog\/wp-content\/uploads\/2025\/02\/stability-prison-ferme-et-amende-record-rocky-elsom-face-a-la-justice-pour-abus-de-biens-sociaux.png\" \/>\n\t<meta property=\"og:image:width\" content=\"1024\" \/>\n\t<meta property=\"og:image:height\" content=\"576\" \/>\n\t<meta property=\"og:image:type\" content=\"image\/png\" \/>\n<meta name=\"author\" content=\"Axel Lauzier\" \/>\n<meta name=\"twitter:card\" content=\"summary_large_image\" \/>\n<script type=\"application\/ld+json\" class=\"yoast-schema-graph\">{\"@context\":\"https:\/\/schema.org\",\"@graph\":[{\"@type\":\"NewsArticle\",\"@id\":\"https:\/\/sport-index.fr\/blog\/a-la-une\/prison-ferme-et-amende-record-rocky-elsom-face-a-la-justice-pour-abus-de-biens-sociaux\/#article\",\"isPartOf\":{\"@id\":\"https:\/\/sport-index.fr\/blog\/a-la-une\/prison-ferme-et-amende-record-rocky-elsom-face-a-la-justice-pour-abus-de-biens-sociaux\/\"},\"author\":{\"name\":\"Axel Lauzier\",\"@id\":\"https:\/\/sport-index.fr\/blog\/#\/schema\/person\/3c864cdc320801e3db34b663e7e3f816\"},\"headline\":\"Prison ferme et amende record : Rocky Elsom face \u00e0 la justice pour abus de biens sociaux\",\"datePublished\":\"2025-02-16T12:47:08+00:00\",\"mainEntityOfPage\":{\"@id\":\"https:\/\/sport-index.fr\/blog\/a-la-une\/prison-ferme-et-amende-record-rocky-elsom-face-a-la-justice-pour-abus-de-biens-sociaux\/\"},\"wordCount\":599,\"commentCount\":21,\"publisher\":{\"@id\":\"https:\/\/sport-index.fr\/blog\/#organization\"},\"image\":{\"@id\":\"https:\/\/sport-index.fr\/blog\/a-la-une\/prison-ferme-et-amende-record-rocky-elsom-face-a-la-justice-pour-abus-de-biens-sociaux\/#primaryimage\"},\"thumbnailUrl\":\"https:\/\/sport-index.fr\/blog\/wp-content\/uploads\/2025\/02\/stability-prison-ferme-et-amende-record-rocky-elsom-face-a-la-justice-pour-abus-de-biens-sociaux.png\",\"keywords\":[\"Changement Social\",\"Confiance\",\"Gestion des Talents\",\"Performance\",\"Rugby\"],\"articleSection\":[\"\u00c0 la une\"],\"inLanguage\":\"fr-FR\",\"potentialAction\":[{\"@type\":\"CommentAction\",\"name\":\"Comment\",\"target\":[\"https:\/\/sport-index.fr\/blog\/a-la-une\/prison-ferme-et-amende-record-rocky-elsom-face-a-la-justice-pour-abus-de-biens-sociaux\/#respond\"]}]},{\"@type\":\"WebPage\",\"@id\":\"https:\/\/sport-index.fr\/blog\/a-la-une\/prison-ferme-et-amende-record-rocky-elsom-face-a-la-justice-pour-abus-de-biens-sociaux\/\",\"url\":\"https:\/\/sport-index.fr\/blog\/a-la-une\/prison-ferme-et-amende-record-rocky-elsom-face-a-la-justice-pour-abus-de-biens-sociaux\/\",\"name\":\"Prison ferme et amende record : Rocky Elsom face\",\"isPartOf\":{\"@id\":\"https:\/\/sport-index.fr\/blog\/#website\"},\"primaryImageOfPage\":{\"@id\":\"https:\/\/sport-index.fr\/blog\/a-la-une\/prison-ferme-et-amende-record-rocky-elsom-face-a-la-justice-pour-abus-de-biens-sociaux\/#primaryimage\"},\"image\":{\"@id\":\"https:\/\/sport-index.fr\/blog\/a-la-une\/prison-ferme-et-amende-record-rocky-elsom-face-a-la-justice-pour-abus-de-biens-sociaux\/#primaryimage\"},\"thumbnailUrl\":\"https:\/\/sport-index.fr\/blog\/wp-content\/uploads\/2025\/02\/stability-prison-ferme-et-amende-record-rocky-elsom-face-a-la-justice-pour-abus-de-biens-sociaux.png\",\"datePublished\":\"2025-02-16T12:47:08+00:00\",\"description\":\"Rocky Elsom, un ancien sportif en plein tourbillon judiciaire L'ancien rugbyman Rocky Elsom, connu pour ses performances sur le terrain, est maintenant\u2026\",\"inLanguage\":\"fr-FR\",\"potentialAction\":[{\"@type\":\"ReadAction\",\"target\":[\"https:\/\/sport-index.fr\/blog\/a-la-une\/prison-ferme-et-amende-record-rocky-elsom-face-a-la-justice-pour-abus-de-biens-sociaux\/\"]}]},{\"@type\":\"ImageObject\",\"inLanguage\":\"fr-FR\",\"@id\":\"https:\/\/sport-index.fr\/blog\/a-la-une\/prison-ferme-et-amende-record-rocky-elsom-face-a-la-justice-pour-abus-de-biens-sociaux\/#primaryimage\",\"url\":\"https:\/\/sport-index.fr\/blog\/wp-content\/uploads\/2025\/02\/stability-prison-ferme-et-amende-record-rocky-elsom-face-a-la-justice-pour-abus-de-biens-sociaux.png\",\"contentUrl\":\"https:\/\/sport-index.fr\/blog\/wp-content\/uploads\/2025\/02\/stability-prison-ferme-et-amende-record-rocky-elsom-face-a-la-justice-pour-abus-de-biens-sociaux.png\",\"width\":1024,\"height\":576},{\"@type\":\"WebSite\",\"@id\":\"https:\/\/sport-index.fr\/blog\/#website\",\"url\":\"https:\/\/sport-index.fr\/blog\/\",\"name\":\"sport-index.fr\",\"description\":\"Le score de l\u2019analyse sportive.\",\"publisher\":{\"@id\":\"https:\/\/sport-index.fr\/blog\/#organization\"},\"alternateName\":\"Le score de l\u2019analyse sportive.\",\"potentialAction\":[{\"@type\":\"SearchAction\",\"target\":{\"@type\":\"EntryPoint\",\"urlTemplate\":\"https:\/\/sport-index.fr\/blog\/?s={search_term_string}\"},\"query-input\":{\"@type\":\"PropertyValueSpecification\",\"valueRequired\":true,\"valueName\":\"search_term_string\"}}],\"inLanguage\":\"fr-FR\"},{\"@type\":\"Organization\",\"@id\":\"https:\/\/sport-index.fr\/blog\/#organization\",\"name\":\"Foretsensations.fr\",\"url\":\"https:\/\/sport-index.fr\/blog\/\",\"logo\":{\"@type\":\"ImageObject\",\"inLanguage\":\"fr-FR\",\"@id\":\"https:\/\/sport-index.fr\/blog\/#\/schema\/logo\/image\/\",\"url\":\"https:\/\/sport-index.fr\/blog\/wp-content\/uploads\/2026\/07\/logo-auto.png\",\"contentUrl\":\"https:\/\/sport-index.fr\/blog\/wp-content\/uploads\/2026\/07\/logo-auto.png\",\"width\":1024,\"height\":1024,\"caption\":\"Foretsensations.fr\"},\"image\":{\"@id\":\"https:\/\/sport-index.fr\/blog\/#\/schema\/logo\/image\/\"}},{\"@type\":\"Person\",\"@id\":\"https:\/\/sport-index.fr\/blog\/#\/schema\/person\/3c864cdc320801e3db34b663e7e3f816\",\"name\":\"Axel Lauzier\",\"image\":{\"@type\":\"ImageObject\",\"inLanguage\":\"fr-FR\",\"@id\":\"https:\/\/sport-index.fr\/blog\/#\/schema\/person\/image\/\",\"url\":\"https:\/\/sport-index.fr\/blog\/wp-content\/uploads\/2026\/06\/persona_axel-l-96x96.jpg\",\"contentUrl\":\"https:\/\/sport-index.fr\/blog\/wp-content\/uploads\/2026\/06\/persona_axel-l-96x96.jpg\",\"caption\":\"Axel Lauzier\"},\"description\":\"Le sport rythme mon quotidien depuis l'enfance, et j'en ai fait mon m\u00e9tier d'analyste r\u00e9dactionnel il y a une dizaine d'ann\u00e9es. Je couvre principalement le football, son actualit\u00e9, ses transferts et l'analyse tactique des grandes affiches, mais aussi les disciplines plus confidentielles que j'aime remettre en lumi\u00e8re. Une partie de mon travail porte sur les pronostics et la lecture statistique d'un match : forme des \u00e9quipes, historique des confrontations, compositions, sans jamais vendre de fausse certitude. Je rappelle syst\u00e9matiquement que parier comporte un risque et doit rester un loisir ma\u00eetris\u00e9. Avant de signer une analyse, je v\u00e9rifie mes chiffres, je recoupe les compositions probables et je distingue toujours la donn\u00e9e brute de l'intuition. Mon objectif : offrir une lecture honn\u00eate et argument\u00e9e, pas un ticket gagnant garanti.\",\"sameAs\":[\"https:\/\/axellauzier.fr\/\"],\"url\":\"https:\/\/sport-index.fr\/blog\/auteur\/noname\/\"}]}<\/script>\n<!-- \/ Yoast SEO Premium plugin. -->","yoast_head_json":{"title":"Prison ferme et amende record : Rocky Elsom face","description":"Rocky Elsom, un ancien sportif en plein tourbillon judiciaire L'ancien rugbyman Rocky Elsom, connu pour ses performances sur le terrain, est maintenant\u2026","robots":{"index":"index","follow":"follow","max-snippet":"max-snippet:-1","max-image-preview":"max-image-preview:large","max-video-preview":"max-video-preview:-1"},"canonical":"https:\/\/sport-index.fr\/blog\/a-la-une\/prison-ferme-et-amende-record-rocky-elsom-face-a-la-justice-pour-abus-de-biens-sociaux\/","og_locale":"fr_FR","og_type":"article","og_title":"Prison ferme et amende record : Rocky Elsom face","og_description":"Rocky Elsom, un ancien sportif en plein tourbillon judiciaire L'ancien rugbyman Rocky Elsom, connu pour ses performances sur le terrain, est maintenant\u2026","og_url":"https:\/\/sport-index.fr\/blog\/a-la-une\/prison-ferme-et-amende-record-rocky-elsom-face-a-la-justice-pour-abus-de-biens-sociaux\/","og_site_name":"sport-index","og_image":[{"width":1024,"height":576,"url":"https:\/\/sport-index.fr\/blog\/wp-content\/uploads\/2025\/02\/stability-prison-ferme-et-amende-record-rocky-elsom-face-a-la-justice-pour-abus-de-biens-sociaux.png","type":"image\/png"}],"author":"Axel Lauzier","twitter_card":"summary_large_image","schema":{"@context":"https:\/\/schema.org","@graph":[{"@type":"NewsArticle","@id":"https:\/\/sport-index.fr\/blog\/a-la-une\/prison-ferme-et-amende-record-rocky-elsom-face-a-la-justice-pour-abus-de-biens-sociaux\/#article","isPartOf":{"@id":"https:\/\/sport-index.fr\/blog\/a-la-une\/prison-ferme-et-amende-record-rocky-elsom-face-a-la-justice-pour-abus-de-biens-sociaux\/"},"author":{"name":"Axel Lauzier","@id":"https:\/\/sport-index.fr\/blog\/#\/schema\/person\/3c864cdc320801e3db34b663e7e3f816"},"headline":"Prison ferme et amende record : Rocky Elsom face \u00e0 la justice pour abus de biens sociaux","datePublished":"2025-02-16T12:47:08+00:00","mainEntityOfPage":{"@id":"https:\/\/sport-index.fr\/blog\/a-la-une\/prison-ferme-et-amende-record-rocky-elsom-face-a-la-justice-pour-abus-de-biens-sociaux\/"},"wordCount":599,"commentCount":21,"publisher":{"@id":"https:\/\/sport-index.fr\/blog\/#organization"},"image":{"@id":"https:\/\/sport-index.fr\/blog\/a-la-une\/prison-ferme-et-amende-record-rocky-elsom-face-a-la-justice-pour-abus-de-biens-sociaux\/#primaryimage"},"thumbnailUrl":"https:\/\/sport-index.fr\/blog\/wp-content\/uploads\/2025\/02\/stability-prison-ferme-et-amende-record-rocky-elsom-face-a-la-justice-pour-abus-de-biens-sociaux.png","keywords":["Changement Social","Confiance","Gestion des Talents","Performance","Rugby"],"articleSection":["\u00c0 la une"],"inLanguage":"fr-FR","potentialAction":[{"@type":"CommentAction","name":"Comment","target":["https:\/\/sport-index.fr\/blog\/a-la-une\/prison-ferme-et-amende-record-rocky-elsom-face-a-la-justice-pour-abus-de-biens-sociaux\/#respond"]}]},{"@type":"WebPage","@id":"https:\/\/sport-index.fr\/blog\/a-la-une\/prison-ferme-et-amende-record-rocky-elsom-face-a-la-justice-pour-abus-de-biens-sociaux\/","url":"https:\/\/sport-index.fr\/blog\/a-la-une\/prison-ferme-et-amende-record-rocky-elsom-face-a-la-justice-pour-abus-de-biens-sociaux\/","name":"Prison ferme et amende record : Rocky Elsom face","isPartOf":{"@id":"https:\/\/sport-index.fr\/blog\/#website"},"primaryImageOfPage":{"@id":"https:\/\/sport-index.fr\/blog\/a-la-une\/prison-ferme-et-amende-record-rocky-elsom-face-a-la-justice-pour-abus-de-biens-sociaux\/#primaryimage"},"image":{"@id":"https:\/\/sport-index.fr\/blog\/a-la-une\/prison-ferme-et-amende-record-rocky-elsom-face-a-la-justice-pour-abus-de-biens-sociaux\/#primaryimage"},"thumbnailUrl":"https:\/\/sport-index.fr\/blog\/wp-content\/uploads\/2025\/02\/stability-prison-ferme-et-amende-record-rocky-elsom-face-a-la-justice-pour-abus-de-biens-sociaux.png","datePublished":"2025-02-16T12:47:08+00:00","description":"Rocky Elsom, un ancien sportif en plein tourbillon judiciaire L'ancien rugbyman Rocky Elsom, connu pour ses performances sur le terrain, est maintenant\u2026","inLanguage":"fr-FR","potentialAction":[{"@type":"ReadAction","target":["https:\/\/sport-index.fr\/blog\/a-la-une\/prison-ferme-et-amende-record-rocky-elsom-face-a-la-justice-pour-abus-de-biens-sociaux\/"]}]},{"@type":"ImageObject","inLanguage":"fr-FR","@id":"https:\/\/sport-index.fr\/blog\/a-la-une\/prison-ferme-et-amende-record-rocky-elsom-face-a-la-justice-pour-abus-de-biens-sociaux\/#primaryimage","url":"https:\/\/sport-index.fr\/blog\/wp-content\/uploads\/2025\/02\/stability-prison-ferme-et-amende-record-rocky-elsom-face-a-la-justice-pour-abus-de-biens-sociaux.png","contentUrl":"https:\/\/sport-index.fr\/blog\/wp-content\/uploads\/2025\/02\/stability-prison-ferme-et-amende-record-rocky-elsom-face-a-la-justice-pour-abus-de-biens-sociaux.png","width":1024,"height":576},{"@type":"WebSite","@id":"https:\/\/sport-index.fr\/blog\/#website","url":"https:\/\/sport-index.fr\/blog\/","name":"sport-index.fr","description":"Le score de l\u2019analyse sportive.","publisher":{"@id":"https:\/\/sport-index.fr\/blog\/#organization"},"alternateName":"Le score de l\u2019analyse sportive.","potentialAction":[{"@type":"SearchAction","target":{"@type":"EntryPoint","urlTemplate":"https:\/\/sport-index.fr\/blog\/?s={search_term_string}"},"query-input":{"@type":"PropertyValueSpecification","valueRequired":true,"valueName":"search_term_string"}}],"inLanguage":"fr-FR"},{"@type":"Organization","@id":"https:\/\/sport-index.fr\/blog\/#organization","name":"Foretsensations.fr","url":"https:\/\/sport-index.fr\/blog\/","logo":{"@type":"ImageObject","inLanguage":"fr-FR","@id":"https:\/\/sport-index.fr\/blog\/#\/schema\/logo\/image\/","url":"https:\/\/sport-index.fr\/blog\/wp-content\/uploads\/2026\/07\/logo-auto.png","contentUrl":"https:\/\/sport-index.fr\/blog\/wp-content\/uploads\/2026\/07\/logo-auto.png","width":1024,"height":1024,"caption":"Foretsensations.fr"},"image":{"@id":"https:\/\/sport-index.fr\/blog\/#\/schema\/logo\/image\/"}},{"@type":"Person","@id":"https:\/\/sport-index.fr\/blog\/#\/schema\/person\/3c864cdc320801e3db34b663e7e3f816","name":"Axel Lauzier","image":{"@type":"ImageObject","inLanguage":"fr-FR","@id":"https:\/\/sport-index.fr\/blog\/#\/schema\/person\/image\/","url":"https:\/\/sport-index.fr\/blog\/wp-content\/uploads\/2026\/06\/persona_axel-l-96x96.jpg","contentUrl":"https:\/\/sport-index.fr\/blog\/wp-content\/uploads\/2026\/06\/persona_axel-l-96x96.jpg","caption":"Axel Lauzier"},"description":"Le sport rythme mon quotidien depuis l'enfance, et j'en ai fait mon m\u00e9tier d'analyste r\u00e9dactionnel il y a une dizaine d'ann\u00e9es. Je couvre principalement le football, son actualit\u00e9, ses transferts et l'analyse tactique des grandes affiches, mais aussi les disciplines plus confidentielles que j'aime remettre en lumi\u00e8re. Une partie de mon travail porte sur les pronostics et la lecture statistique d'un match : forme des \u00e9quipes, historique des confrontations, compositions, sans jamais vendre de fausse certitude. Je rappelle syst\u00e9matiquement que parier comporte un risque et doit rester un loisir ma\u00eetris\u00e9. Avant de signer une analyse, je v\u00e9rifie mes chiffres, je recoupe les compositions probables et je distingue toujours la donn\u00e9e brute de l'intuition. Mon objectif : offrir une lecture honn\u00eate et argument\u00e9e, pas un ticket gagnant garanti.","sameAs":["https:\/\/axellauzier.fr\/"],"url":"https:\/\/sport-index.fr\/blog\/auteur\/noname\/"}]}},"_links":{"self":[{"href":"https:\/\/sport-index.fr\/blog\/wp-json\/wp\/v2\/posts\/8544","targetHints":{"allow":["GET"]}}],"collection":[{"href":"https:\/\/sport-index.fr\/blog\/wp-json\/wp\/v2\/posts"}],"about":[{"href":"https:\/\/sport-index.fr\/blog\/wp-json\/wp\/v2\/types\/post"}],"author":[{"embeddable":true,"href":"https:\/\/sport-index.fr\/blog\/wp-json\/wp\/v2\/users\/34"}],"replies":[{"embeddable":true,"href":"https:\/\/sport-index.fr\/blog\/wp-json\/wp\/v2\/comments?post=8544"}],"version-history":[{"count":1,"href":"https:\/\/sport-index.fr\/blog\/wp-json\/wp\/v2\/posts\/8544\/revisions"}],"predecessor-version":[{"id":8547,"href":"https:\/\/sport-index.fr\/blog\/wp-json\/wp\/v2\/posts\/8544\/revisions\/8547"}],"wp:featuredmedia":[{"embeddable":true,"href":"https:\/\/sport-index.fr\/blog\/wp-json\/wp\/v2\/media\/8545"}],"wp:attachment":[{"href":"https:\/\/sport-index.fr\/blog\/wp-json\/wp\/v2\/media?parent=8544"}],"wp:term":[{"taxonomy":"category","embeddable":true,"href":"https:\/\/sport-index.fr\/blog\/wp-json\/wp\/v2\/categories?post=8544"},{"taxonomy":"post_tag","embeddable":true,"href":"https:\/\/sport-index.fr\/blog\/wp-json\/wp\/v2\/tags?post=8544"}],"curies":[{"name":"wp","href":"https:\/\/api.w.org\/{rel}","templated":true}]}}