{"id":8696,"date":"2025-02-17T01:59:15","date_gmt":"2025-02-17T00:59:15","guid":{"rendered":"https:\/\/sport-index.fr\/blog\/?p=8696"},"modified":"2025-02-14T22:45:43","modified_gmt":"2025-02-14T21:45:43","slug":"pro-d2-le-staff-du-fcg-sengage-jusquen-2028-pour-un-avenir-prometteur","status":"publish","type":"post","link":"https:\/\/sport-index.fr\/blog\/a-la-une\/pro-d2-le-staff-du-fcg-sengage-jusquen-2028-pour-un-avenir-prometteur\/","title":{"rendered":"Pro D2 : le staff du FCG s&rsquo;engage jusqu&rsquo;en 2028 pour un avenir prometteur"},"content":{"rendered":"<h2>Un avenir radieux pour le FCG<\/h2>\n<p>Le FC Grenoble Rugby (FCG) vient de marquer un tournant d\u00e9cisif dans son histoire. Apr\u00e8s une victoire \u00e9clatante contre Aurillac, les dirigeants du club ont annonc\u00e9 la prolongation de leur staff technique jusqu&rsquo;en 2028. Cette d\u00e9cision renforce l\u2019engagement du club vers l\u2019excellence et la mont\u00e9e en puissance en Pro D2, avec des ambitions claires pour le Top 14.<\/p>\n<p>Cette annonce, faite par le pr\u00e9sident Patrick Goffi, intervient dans un contexte o\u00f9 la continuit\u00e9 est essentielle. Le FCG, en t\u00eate du championnat, mise sur la stabilit\u00e9 et la coh\u00e9sion de son \u00e9quipe technique. La prolongation du directeur du rugby Aubin Hueber et de ses entra\u00eeneurs, Nicolas Nadau et Patrick P\u00e9zery, t\u00e9moigne de la confiance plac\u00e9e en eux pour mener le club vers de nouveaux sommets.<\/p>\n<h2>Une vision partag\u00e9e pour l&rsquo;avenir<\/h2>\n<p>Aubin Hueber, le directeur du rugby, a exprim\u00e9 sa satisfaction face \u00e0 cette prolongation. \u00ab\u00a0La continuit\u00e9 dans un staff, un club, c\u2019est tr\u00e8s important\u00a0\u00bb, a-t-il d\u00e9clar\u00e9. Cette vision commune entre les entra\u00eeneurs et la direction du club est essentielle pour maintenir une dynamique positive et un projet sportif coh\u00e9rent sur le long terme.<\/p>\n<p>Les entra\u00eeneurs ont \u00e9galement soulign\u00e9 l&rsquo;importance de leur collaboration. Patrick P\u00e9zery a mentionn\u00e9 qu&rsquo;il existe une v\u00e9ritable adh\u00e9sion au projet, avec une volont\u00e9 collective de continuer sur la lanc\u00e9e des succ\u00e8s r\u00e9cents. \u00ab\u00a0On a envie de voir ce qu\u2019il y a derri\u00e8re, et le meilleur reste \u00e0 venir\u00a0\u00bb, a-t-il affirm\u00e9, t\u00e9moignant d&rsquo;une ambition partag\u00e9e par tout le club.<\/p>\n<h2>Les jeunes talents au c\u0153ur du projet<\/h2>\n<p>Dans le cadre de cette strat\u00e9gie de continuit\u00e9, le FCG a \u00e9galement pris des mesures pour assurer l&rsquo;avenir en renfor\u00e7ant son effectif avec de jeunes talents. Quatre joueurs prometteurs, dont Victor Guillaumond, Max Cl\u00e9ment, Hugo Trouilloud et Th\u00e9o Lavoine, ont \u00e9galement prolong\u00e9 leur contrat. Ils ont tous \u00e9t\u00e9 des acteurs cl\u00e9s lors du dernier match contre Aurillac.<\/p>\n<p>Cette volont\u00e9 d&rsquo;investir dans la jeunesse montre que le FCG ne se contente pas de b\u00e2tir une \u00e9quipe comp\u00e9titive \u00e0 court terme, mais envisage \u00e9galement un avenir durable. En associant exp\u00e9rience et jeunes joueurs, le club aspire \u00e0 cr\u00e9er une synergie qui pourrait le propulser vers les sommets du rugby fran\u00e7ais.<\/p>\n<blockquote><p>\n\u00ab\u00a0Tout le club \u0153uvre et m\u00e9rite d\u2019aller l\u00e0-haut, de toucher \u00e0 \u00e7a. On en r\u00eave tous.\u00a0\u00bb &#8211; Nicolas Nadau\n<\/p><\/blockquote>\n<ul>\n<li>Prolongation jusqu&rsquo;en 2028 pour le staff technique<\/li>\n<li>Confiance renouvel\u00e9e dans les jeunes talents<\/li>\n<li>Ambitions claires pour le Top 14<\/li>\n<li>Une dynamique d&rsquo;\u00e9quipe solide et coh\u00e9rente<\/li>\n<li>Une vision partag\u00e9e entre dirigeants et entra\u00eeneurs<\/li>\n<\/ul>\n<p>La d\u00e9cision de prolonger le staff technique du FCG jusqu&rsquo;en 2028 repr\u00e9sente un v\u00e9ritable message d&rsquo;espoir et de confiance pour les supporters. Alors que le club navigue avec succ\u00e8s en Pro D2, cette stabilit\u00e9 est cruciale pour b\u00e2tir une \u00e9quipe capable de rivaliser avec les meilleures formations du pays. Les dirigeants ont compris que pour r\u00e9aliser leurs ambitions, chaque \u00e9l\u00e9ment, du staff aux joueurs, doit \u00eatre align\u00e9 sur un m\u00eame objectif.<\/p>\n<p>Les prochaines saisons s&rsquo;annoncent donc palpitantes pour le club is\u00e9rois. Avec un staff engag\u00e9, des joueurs prometteurs et une direction qui soutient une vision \u00e0 long terme, le FCG se positionne comme un pr\u00e9tendant s\u00e9rieux pour les titres \u00e0 venir. Les supporters peuvent s&rsquo;attendre \u00e0 vivre des moments m\u00e9morables et \u00e0 voir leur \u00e9quipe briller sur la sc\u00e8ne nationale.<img decoding=\"async\" width=\"1024\" height=\"576\" src=\"https:\/\/sport-index.fr\/blog\/wp-content\/uploads\/2025\/02\/stability-pro-d2-le-staff-du-fcg-sengage-jusquen-2028-pour-un-avenir-prometteur-1.png\" class=\"aligncenter\" alt=\"Illustration d\u00e9taill\u00e9e sur Pro D2 : le staff du FCG s&#039;engage jusqu&#039;en 2028 pour un avenir prometteur\" title=\"Pro D2 : le staff du FCG s&#039;engage jusqu&#039;en 2028 pour un avenir prometteur\" loading=\"lazy\" \/><\/p>\n","protected":false},"excerpt":{"rendered":"","protected":false},"author":34,"featured_media":8697,"comment_status":"open","ping_status":"open","sticky":false,"template":"","format":"standard","meta":{"_acf_changed":false,"manual_indexmenow":false,"indexmenow_id_project":0,"footnotes":""},"categories":[1],"tags":[5113,4561,4378,4560,4536],"class_list":["post-8696","post","type-post","status-publish","format-standard","has-post-thumbnail","hentry","category-a-la-une","tag-fcg","tag-gestion-des-talents","tag-performance-durable","tag-projet-sportif","tag-rugby","generate-columns","tablet-grid-50","mobile-grid-100","grid-parent","grid-25"],"acf":[],"yoast_head":"<!-- This site is optimized with the Yoast SEO Premium plugin v21.3 (Yoast SEO v26.5) - https:\/\/yoast.com\/wordpress\/plugins\/seo\/ -->\n<title>Pro D2 : le staff du FCG s&#039;engage jusqu&#039;en 2028<\/title>\n<meta name=\"description\" content=\"Un avenir radieux pour le FCG Le FC Grenoble Rugby (FCG) vient de marquer un tournant d\u00e9cisif dans son histoire. Apr\u00e8s une victoire \u00e9clatante contre\u2026\" \/>\n<meta name=\"robots\" content=\"index, follow, max-snippet:-1, max-image-preview:large, max-video-preview:-1\" \/>\n<link rel=\"canonical\" href=\"https:\/\/sport-index.fr\/blog\/a-la-une\/pro-d2-le-staff-du-fcg-sengage-jusquen-2028-pour-un-avenir-prometteur\/\" \/>\n<meta property=\"og:locale\" content=\"fr_FR\" \/>\n<meta property=\"og:type\" content=\"article\" \/>\n<meta property=\"og:title\" content=\"Pro D2 : le staff du FCG s&#039;engage jusqu&#039;en 2028\" \/>\n<meta property=\"og:description\" content=\"Un avenir radieux pour le FCG Le FC Grenoble Rugby (FCG) vient de marquer un tournant d\u00e9cisif dans son histoire. Apr\u00e8s une victoire \u00e9clatante contre\u2026\" \/>\n<meta property=\"og:url\" content=\"https:\/\/sport-index.fr\/blog\/a-la-une\/pro-d2-le-staff-du-fcg-sengage-jusquen-2028-pour-un-avenir-prometteur\/\" \/>\n<meta property=\"og:site_name\" content=\"sport-index\" \/>\n<meta property=\"og:image\" content=\"https:\/\/sport-index.fr\/blog\/wp-content\/uploads\/2025\/02\/stability-pro-d2-le-staff-du-fcg-sengage-jusquen-2028-pour-un-avenir-prometteur.png\" \/>\n\t<meta property=\"og:image:width\" content=\"1024\" \/>\n\t<meta property=\"og:image:height\" content=\"576\" \/>\n\t<meta property=\"og:image:type\" content=\"image\/png\" \/>\n<meta name=\"author\" content=\"Axel Lauzier\" \/>\n<meta name=\"twitter:card\" content=\"summary_large_image\" \/>\n<script type=\"application\/ld+json\" class=\"yoast-schema-graph\">{\"@context\":\"https:\/\/schema.org\",\"@graph\":[{\"@type\":\"NewsArticle\",\"@id\":\"https:\/\/sport-index.fr\/blog\/a-la-une\/pro-d2-le-staff-du-fcg-sengage-jusquen-2028-pour-un-avenir-prometteur\/#article\",\"isPartOf\":{\"@id\":\"https:\/\/sport-index.fr\/blog\/a-la-une\/pro-d2-le-staff-du-fcg-sengage-jusquen-2028-pour-un-avenir-prometteur\/\"},\"author\":{\"name\":\"Axel Lauzier\",\"@id\":\"https:\/\/sport-index.fr\/blog\/#\/schema\/person\/3c864cdc320801e3db34b663e7e3f816\"},\"headline\":\"Pro D2 : le staff du FCG s&rsquo;engage jusqu&rsquo;en 2028 pour un avenir prometteur\",\"datePublished\":\"2025-02-17T00:59:15+00:00\",\"mainEntityOfPage\":{\"@id\":\"https:\/\/sport-index.fr\/blog\/a-la-une\/pro-d2-le-staff-du-fcg-sengage-jusquen-2028-pour-un-avenir-prometteur\/\"},\"wordCount\":617,\"commentCount\":23,\"publisher\":{\"@id\":\"https:\/\/sport-index.fr\/blog\/#organization\"},\"image\":{\"@id\":\"https:\/\/sport-index.fr\/blog\/a-la-une\/pro-d2-le-staff-du-fcg-sengage-jusquen-2028-pour-un-avenir-prometteur\/#primaryimage\"},\"thumbnailUrl\":\"https:\/\/sport-index.fr\/blog\/wp-content\/uploads\/2025\/02\/stability-pro-d2-le-staff-du-fcg-sengage-jusquen-2028-pour-un-avenir-prometteur.png\",\"keywords\":[\"FCG\",\"Gestion des Talents\",\"Performance Durable\",\"Projet Sportif\",\"Rugby\"],\"articleSection\":[\"\u00c0 la une\"],\"inLanguage\":\"fr-FR\",\"potentialAction\":[{\"@type\":\"CommentAction\",\"name\":\"Comment\",\"target\":[\"https:\/\/sport-index.fr\/blog\/a-la-une\/pro-d2-le-staff-du-fcg-sengage-jusquen-2028-pour-un-avenir-prometteur\/#respond\"]}]},{\"@type\":\"WebPage\",\"@id\":\"https:\/\/sport-index.fr\/blog\/a-la-une\/pro-d2-le-staff-du-fcg-sengage-jusquen-2028-pour-un-avenir-prometteur\/\",\"url\":\"https:\/\/sport-index.fr\/blog\/a-la-une\/pro-d2-le-staff-du-fcg-sengage-jusquen-2028-pour-un-avenir-prometteur\/\",\"name\":\"Pro D2 : le staff du FCG s'engage jusqu'en 2028\",\"isPartOf\":{\"@id\":\"https:\/\/sport-index.fr\/blog\/#website\"},\"primaryImageOfPage\":{\"@id\":\"https:\/\/sport-index.fr\/blog\/a-la-une\/pro-d2-le-staff-du-fcg-sengage-jusquen-2028-pour-un-avenir-prometteur\/#primaryimage\"},\"image\":{\"@id\":\"https:\/\/sport-index.fr\/blog\/a-la-une\/pro-d2-le-staff-du-fcg-sengage-jusquen-2028-pour-un-avenir-prometteur\/#primaryimage\"},\"thumbnailUrl\":\"https:\/\/sport-index.fr\/blog\/wp-content\/uploads\/2025\/02\/stability-pro-d2-le-staff-du-fcg-sengage-jusquen-2028-pour-un-avenir-prometteur.png\",\"datePublished\":\"2025-02-17T00:59:15+00:00\",\"description\":\"Un avenir radieux pour le FCG Le FC Grenoble Rugby (FCG) vient de marquer un tournant d\u00e9cisif dans son histoire. Apr\u00e8s une victoire \u00e9clatante contre\u2026\",\"inLanguage\":\"fr-FR\",\"potentialAction\":[{\"@type\":\"ReadAction\",\"target\":[\"https:\/\/sport-index.fr\/blog\/a-la-une\/pro-d2-le-staff-du-fcg-sengage-jusquen-2028-pour-un-avenir-prometteur\/\"]}]},{\"@type\":\"ImageObject\",\"inLanguage\":\"fr-FR\",\"@id\":\"https:\/\/sport-index.fr\/blog\/a-la-une\/pro-d2-le-staff-du-fcg-sengage-jusquen-2028-pour-un-avenir-prometteur\/#primaryimage\",\"url\":\"https:\/\/sport-index.fr\/blog\/wp-content\/uploads\/2025\/02\/stability-pro-d2-le-staff-du-fcg-sengage-jusquen-2028-pour-un-avenir-prometteur.png\",\"contentUrl\":\"https:\/\/sport-index.fr\/blog\/wp-content\/uploads\/2025\/02\/stability-pro-d2-le-staff-du-fcg-sengage-jusquen-2028-pour-un-avenir-prometteur.png\",\"width\":1024,\"height\":576},{\"@type\":\"WebSite\",\"@id\":\"https:\/\/sport-index.fr\/blog\/#website\",\"url\":\"https:\/\/sport-index.fr\/blog\/\",\"name\":\"sport-index.fr\",\"description\":\"Le score de l\u2019analyse sportive.\",\"publisher\":{\"@id\":\"https:\/\/sport-index.fr\/blog\/#organization\"},\"alternateName\":\"Le score de l\u2019analyse sportive.\",\"potentialAction\":[{\"@type\":\"SearchAction\",\"target\":{\"@type\":\"EntryPoint\",\"urlTemplate\":\"https:\/\/sport-index.fr\/blog\/?s={search_term_string}\"},\"query-input\":{\"@type\":\"PropertyValueSpecification\",\"valueRequired\":true,\"valueName\":\"search_term_string\"}}],\"inLanguage\":\"fr-FR\"},{\"@type\":\"Organization\",\"@id\":\"https:\/\/sport-index.fr\/blog\/#organization\",\"name\":\"Foretsensations.fr\",\"url\":\"https:\/\/sport-index.fr\/blog\/\",\"logo\":{\"@type\":\"ImageObject\",\"inLanguage\":\"fr-FR\",\"@id\":\"https:\/\/sport-index.fr\/blog\/#\/schema\/logo\/image\/\",\"url\":\"https:\/\/sport-index.fr\/blog\/wp-content\/uploads\/2026\/07\/logo-auto.png\",\"contentUrl\":\"https:\/\/sport-index.fr\/blog\/wp-content\/uploads\/2026\/07\/logo-auto.png\",\"width\":1024,\"height\":1024,\"caption\":\"Foretsensations.fr\"},\"image\":{\"@id\":\"https:\/\/sport-index.fr\/blog\/#\/schema\/logo\/image\/\"}},{\"@type\":\"Person\",\"@id\":\"https:\/\/sport-index.fr\/blog\/#\/schema\/person\/3c864cdc320801e3db34b663e7e3f816\",\"name\":\"Axel Lauzier\",\"image\":{\"@type\":\"ImageObject\",\"inLanguage\":\"fr-FR\",\"@id\":\"https:\/\/sport-index.fr\/blog\/#\/schema\/person\/image\/\",\"url\":\"https:\/\/sport-index.fr\/blog\/wp-content\/uploads\/2026\/06\/persona_axel-l-96x96.jpg\",\"contentUrl\":\"https:\/\/sport-index.fr\/blog\/wp-content\/uploads\/2026\/06\/persona_axel-l-96x96.jpg\",\"caption\":\"Axel Lauzier\"},\"description\":\"Le sport rythme mon quotidien depuis l'enfance, et j'en ai fait mon m\u00e9tier d'analyste r\u00e9dactionnel il y a une dizaine d'ann\u00e9es. Je couvre principalement le football, son actualit\u00e9, ses transferts et l'analyse tactique des grandes affiches, mais aussi les disciplines plus confidentielles que j'aime remettre en lumi\u00e8re. Une partie de mon travail porte sur les pronostics et la lecture statistique d'un match : forme des \u00e9quipes, historique des confrontations, compositions, sans jamais vendre de fausse certitude. Je rappelle syst\u00e9matiquement que parier comporte un risque et doit rester un loisir ma\u00eetris\u00e9. Avant de signer une analyse, je v\u00e9rifie mes chiffres, je recoupe les compositions probables et je distingue toujours la donn\u00e9e brute de l'intuition. Mon objectif : offrir une lecture honn\u00eate et argument\u00e9e, pas un ticket gagnant garanti.\",\"sameAs\":[\"https:\/\/axellauzier.fr\/\"],\"url\":\"https:\/\/sport-index.fr\/blog\/auteur\/noname\/\"}]}<\/script>\n<!-- \/ Yoast SEO Premium plugin. -->","yoast_head_json":{"title":"Pro D2 : le staff du FCG s'engage jusqu'en 2028","description":"Un avenir radieux pour le FCG Le FC Grenoble Rugby (FCG) vient de marquer un tournant d\u00e9cisif dans son histoire. Apr\u00e8s une victoire \u00e9clatante contre\u2026","robots":{"index":"index","follow":"follow","max-snippet":"max-snippet:-1","max-image-preview":"max-image-preview:large","max-video-preview":"max-video-preview:-1"},"canonical":"https:\/\/sport-index.fr\/blog\/a-la-une\/pro-d2-le-staff-du-fcg-sengage-jusquen-2028-pour-un-avenir-prometteur\/","og_locale":"fr_FR","og_type":"article","og_title":"Pro D2 : le staff du FCG s'engage jusqu'en 2028","og_description":"Un avenir radieux pour le FCG Le FC Grenoble Rugby (FCG) vient de marquer un tournant d\u00e9cisif dans son histoire. Apr\u00e8s une victoire \u00e9clatante contre\u2026","og_url":"https:\/\/sport-index.fr\/blog\/a-la-une\/pro-d2-le-staff-du-fcg-sengage-jusquen-2028-pour-un-avenir-prometteur\/","og_site_name":"sport-index","og_image":[{"width":1024,"height":576,"url":"https:\/\/sport-index.fr\/blog\/wp-content\/uploads\/2025\/02\/stability-pro-d2-le-staff-du-fcg-sengage-jusquen-2028-pour-un-avenir-prometteur.png","type":"image\/png"}],"author":"Axel Lauzier","twitter_card":"summary_large_image","schema":{"@context":"https:\/\/schema.org","@graph":[{"@type":"NewsArticle","@id":"https:\/\/sport-index.fr\/blog\/a-la-une\/pro-d2-le-staff-du-fcg-sengage-jusquen-2028-pour-un-avenir-prometteur\/#article","isPartOf":{"@id":"https:\/\/sport-index.fr\/blog\/a-la-une\/pro-d2-le-staff-du-fcg-sengage-jusquen-2028-pour-un-avenir-prometteur\/"},"author":{"name":"Axel Lauzier","@id":"https:\/\/sport-index.fr\/blog\/#\/schema\/person\/3c864cdc320801e3db34b663e7e3f816"},"headline":"Pro D2 : le staff du FCG s&rsquo;engage jusqu&rsquo;en 2028 pour un avenir prometteur","datePublished":"2025-02-17T00:59:15+00:00","mainEntityOfPage":{"@id":"https:\/\/sport-index.fr\/blog\/a-la-une\/pro-d2-le-staff-du-fcg-sengage-jusquen-2028-pour-un-avenir-prometteur\/"},"wordCount":617,"commentCount":23,"publisher":{"@id":"https:\/\/sport-index.fr\/blog\/#organization"},"image":{"@id":"https:\/\/sport-index.fr\/blog\/a-la-une\/pro-d2-le-staff-du-fcg-sengage-jusquen-2028-pour-un-avenir-prometteur\/#primaryimage"},"thumbnailUrl":"https:\/\/sport-index.fr\/blog\/wp-content\/uploads\/2025\/02\/stability-pro-d2-le-staff-du-fcg-sengage-jusquen-2028-pour-un-avenir-prometteur.png","keywords":["FCG","Gestion des Talents","Performance Durable","Projet Sportif","Rugby"],"articleSection":["\u00c0 la une"],"inLanguage":"fr-FR","potentialAction":[{"@type":"CommentAction","name":"Comment","target":["https:\/\/sport-index.fr\/blog\/a-la-une\/pro-d2-le-staff-du-fcg-sengage-jusquen-2028-pour-un-avenir-prometteur\/#respond"]}]},{"@type":"WebPage","@id":"https:\/\/sport-index.fr\/blog\/a-la-une\/pro-d2-le-staff-du-fcg-sengage-jusquen-2028-pour-un-avenir-prometteur\/","url":"https:\/\/sport-index.fr\/blog\/a-la-une\/pro-d2-le-staff-du-fcg-sengage-jusquen-2028-pour-un-avenir-prometteur\/","name":"Pro D2 : le staff du FCG s'engage jusqu'en 2028","isPartOf":{"@id":"https:\/\/sport-index.fr\/blog\/#website"},"primaryImageOfPage":{"@id":"https:\/\/sport-index.fr\/blog\/a-la-une\/pro-d2-le-staff-du-fcg-sengage-jusquen-2028-pour-un-avenir-prometteur\/#primaryimage"},"image":{"@id":"https:\/\/sport-index.fr\/blog\/a-la-une\/pro-d2-le-staff-du-fcg-sengage-jusquen-2028-pour-un-avenir-prometteur\/#primaryimage"},"thumbnailUrl":"https:\/\/sport-index.fr\/blog\/wp-content\/uploads\/2025\/02\/stability-pro-d2-le-staff-du-fcg-sengage-jusquen-2028-pour-un-avenir-prometteur.png","datePublished":"2025-02-17T00:59:15+00:00","description":"Un avenir radieux pour le FCG Le FC Grenoble Rugby (FCG) vient de marquer un tournant d\u00e9cisif dans son histoire. Apr\u00e8s une victoire \u00e9clatante contre\u2026","inLanguage":"fr-FR","potentialAction":[{"@type":"ReadAction","target":["https:\/\/sport-index.fr\/blog\/a-la-une\/pro-d2-le-staff-du-fcg-sengage-jusquen-2028-pour-un-avenir-prometteur\/"]}]},{"@type":"ImageObject","inLanguage":"fr-FR","@id":"https:\/\/sport-index.fr\/blog\/a-la-une\/pro-d2-le-staff-du-fcg-sengage-jusquen-2028-pour-un-avenir-prometteur\/#primaryimage","url":"https:\/\/sport-index.fr\/blog\/wp-content\/uploads\/2025\/02\/stability-pro-d2-le-staff-du-fcg-sengage-jusquen-2028-pour-un-avenir-prometteur.png","contentUrl":"https:\/\/sport-index.fr\/blog\/wp-content\/uploads\/2025\/02\/stability-pro-d2-le-staff-du-fcg-sengage-jusquen-2028-pour-un-avenir-prometteur.png","width":1024,"height":576},{"@type":"WebSite","@id":"https:\/\/sport-index.fr\/blog\/#website","url":"https:\/\/sport-index.fr\/blog\/","name":"sport-index.fr","description":"Le score de l\u2019analyse sportive.","publisher":{"@id":"https:\/\/sport-index.fr\/blog\/#organization"},"alternateName":"Le score de l\u2019analyse sportive.","potentialAction":[{"@type":"SearchAction","target":{"@type":"EntryPoint","urlTemplate":"https:\/\/sport-index.fr\/blog\/?s={search_term_string}"},"query-input":{"@type":"PropertyValueSpecification","valueRequired":true,"valueName":"search_term_string"}}],"inLanguage":"fr-FR"},{"@type":"Organization","@id":"https:\/\/sport-index.fr\/blog\/#organization","name":"Foretsensations.fr","url":"https:\/\/sport-index.fr\/blog\/","logo":{"@type":"ImageObject","inLanguage":"fr-FR","@id":"https:\/\/sport-index.fr\/blog\/#\/schema\/logo\/image\/","url":"https:\/\/sport-index.fr\/blog\/wp-content\/uploads\/2026\/07\/logo-auto.png","contentUrl":"https:\/\/sport-index.fr\/blog\/wp-content\/uploads\/2026\/07\/logo-auto.png","width":1024,"height":1024,"caption":"Foretsensations.fr"},"image":{"@id":"https:\/\/sport-index.fr\/blog\/#\/schema\/logo\/image\/"}},{"@type":"Person","@id":"https:\/\/sport-index.fr\/blog\/#\/schema\/person\/3c864cdc320801e3db34b663e7e3f816","name":"Axel Lauzier","image":{"@type":"ImageObject","inLanguage":"fr-FR","@id":"https:\/\/sport-index.fr\/blog\/#\/schema\/person\/image\/","url":"https:\/\/sport-index.fr\/blog\/wp-content\/uploads\/2026\/06\/persona_axel-l-96x96.jpg","contentUrl":"https:\/\/sport-index.fr\/blog\/wp-content\/uploads\/2026\/06\/persona_axel-l-96x96.jpg","caption":"Axel Lauzier"},"description":"Le sport rythme mon quotidien depuis l'enfance, et j'en ai fait mon m\u00e9tier d'analyste r\u00e9dactionnel il y a une dizaine d'ann\u00e9es. Je couvre principalement le football, son actualit\u00e9, ses transferts et l'analyse tactique des grandes affiches, mais aussi les disciplines plus confidentielles que j'aime remettre en lumi\u00e8re. Une partie de mon travail porte sur les pronostics et la lecture statistique d'un match : forme des \u00e9quipes, historique des confrontations, compositions, sans jamais vendre de fausse certitude. Je rappelle syst\u00e9matiquement que parier comporte un risque et doit rester un loisir ma\u00eetris\u00e9. Avant de signer une analyse, je v\u00e9rifie mes chiffres, je recoupe les compositions probables et je distingue toujours la donn\u00e9e brute de l'intuition. Mon objectif : offrir une lecture honn\u00eate et argument\u00e9e, pas un ticket gagnant garanti.","sameAs":["https:\/\/axellauzier.fr\/"],"url":"https:\/\/sport-index.fr\/blog\/auteur\/noname\/"}]}},"_links":{"self":[{"href":"https:\/\/sport-index.fr\/blog\/wp-json\/wp\/v2\/posts\/8696","targetHints":{"allow":["GET"]}}],"collection":[{"href":"https:\/\/sport-index.fr\/blog\/wp-json\/wp\/v2\/posts"}],"about":[{"href":"https:\/\/sport-index.fr\/blog\/wp-json\/wp\/v2\/types\/post"}],"author":[{"embeddable":true,"href":"https:\/\/sport-index.fr\/blog\/wp-json\/wp\/v2\/users\/34"}],"replies":[{"embeddable":true,"href":"https:\/\/sport-index.fr\/blog\/wp-json\/wp\/v2\/comments?post=8696"}],"version-history":[{"count":1,"href":"https:\/\/sport-index.fr\/blog\/wp-json\/wp\/v2\/posts\/8696\/revisions"}],"predecessor-version":[{"id":8699,"href":"https:\/\/sport-index.fr\/blog\/wp-json\/wp\/v2\/posts\/8696\/revisions\/8699"}],"wp:featuredmedia":[{"embeddable":true,"href":"https:\/\/sport-index.fr\/blog\/wp-json\/wp\/v2\/media\/8697"}],"wp:attachment":[{"href":"https:\/\/sport-index.fr\/blog\/wp-json\/wp\/v2\/media?parent=8696"}],"wp:term":[{"taxonomy":"category","embeddable":true,"href":"https:\/\/sport-index.fr\/blog\/wp-json\/wp\/v2\/categories?post=8696"},{"taxonomy":"post_tag","embeddable":true,"href":"https:\/\/sport-index.fr\/blog\/wp-json\/wp\/v2\/tags?post=8696"}],"curies":[{"name":"wp","href":"https:\/\/api.w.org\/{rel}","templated":true}]}}