{"id":8714,"date":"2026-09-02T09:52:01","date_gmt":"2026-09-02T07:52:01","guid":{"rendered":"https:\/\/sport-index.fr\/blog\/?p=8714"},"modified":"2026-09-02T09:52:01","modified_gmt":"2026-09-02T07:52:01","slug":"manchester-city-et-pep-guardiola-lheure-de-la-separation-a-t-elle-sonne","status":"publish","type":"post","link":"https:\/\/sport-index.fr\/blog\/a-la-une\/manchester-city-et-pep-guardiola-lheure-de-la-separation-a-t-elle-sonne\/","title":{"rendered":"Manchester City et Pep Guardiola : l&rsquo;heure de la s\u00e9paration a-t-elle sonn\u00e9 ?"},"content":{"rendered":"<p>Alors que Pep Guardiola a longtemps \u00e9t\u00e9 consid\u00e9r\u00e9 comme un entra\u00eeneur de g\u00e9nie, des questions ont \u00e9merg\u00e9, \u00e0 la mi-f\u00e9vrier 2025, sur sa capacit\u00e9 \u00e0 redresser une saison alors tr\u00e8s compliqu\u00e9e pour Manchester City. Ses succ\u00e8s pass\u00e9s lui accordaient une certaine protection, mais son club venait pourtant, trois mois plus t\u00f4t, de renouveler officiellement sa confiance en lui.<\/p>\n<h2>Les d\u00e9fis de Guardiola cette saison<\/h2>\n<p>D\u00e9but f\u00e9vrier 2025, Manchester City traversait l&rsquo;une des passes les plus difficiles de l&rsquo;\u00e8re Guardiola : cinq d\u00e9faites cons\u00e9cutives en comp\u00e9tition, une premi\u00e8re sous sa direction, et une seule victoire lors des treize matches pr\u00e9c\u00e9dents, toutes comp\u00e9titions confondues. Malgr\u00e9 un effectif de qualit\u00e9, l&rsquo;\u00e9quipe ne parvenait pas \u00e0 retrouver le jeu fluide qui a fait sa renomm\u00e9e. Les strat\u00e9gies mises en place par Guardiola semblaient \u00eatre en d\u00e9calage avec les performances sur le terrain.<\/p>\n<p>Les critiques s&rsquo;intensifiaient, mettant en lumi\u00e8re un manque d&rsquo;adaptabilit\u00e9 face \u00e0 des adversaires de plus en plus incisifs. Guardiola, souvent salu\u00e9 pour sa capacit\u00e9 \u00e0 innover, devait alors faire face \u00e0 des doutes quant \u00e0 sa vision tactique.<\/p>\n<p><iframe loading=\"lazy\" title=\"Le Pire Rencard | Film Complet en Fran\u00e7ais | Com\u00e9die\" width=\"1200\" height=\"675\" src=\"https:\/\/www.youtube.com\/embed\/FPYCFiWuzRI?feature=oembed\" frameborder=\"0\" allow=\"accelerometer; autoplay; clipboard-write; encrypted-media; gyroscope; picture-in-picture; web-share\" referrerpolicy=\"strict-origin-when-cross-origin\" allowfullscreen><\/iframe><\/p>\n<h2>Le d\u00e9bat lanc\u00e9 par Eurosport<\/h2>\n<p>C&rsquo;est dans ce contexte qu&rsquo;Eurosport a consacr\u00e9, le 14 f\u00e9vrier 2025, un d\u00e9bat de son \u00e9mission \u00ab Stream Team \u00bb \u00e0 la question de l&rsquo;avenir de Pep Guardiola sur le banc de Manchester City. Les journalistes Martin Mosnier et Cyril Morin y rappelaient que le club avait d\u00e9j\u00e0 essuy\u00e9 12 d\u00e9faites cette saison, et que l&rsquo;entra\u00eeneur espagnol, s&rsquo;il restait prot\u00e9g\u00e9 par son aura et ses accomplissements pass\u00e9s, semblait manquer de solutions imm\u00e9diates pour sortir son groupe du doute.<img decoding=\"async\" width=\"1024\" height=\"576\" src=\"https:\/\/sport-index.fr\/blog\/wp-content\/uploads\/2025\/02\/stability-manchester-city-et-pep-guardiola-lheure-de-la-separation-a-t-elle-sonne-1.png\" class=\"aligncenter\" alt=\"Illustration d\u00e9taill\u00e9e sur Manchester City et Pep Guardiola : l&#039;heure de la s\u00e9paration a-t-elle sonn\u00e9 ?\" title=\"Manchester City et Pep Guardiola : l&#039;heure de la s\u00e9paration a-t-elle sonn\u00e9 ?\" loading=\"lazy\" \/><\/p>\n<p>Le contraste avec les succ\u00e8s pass\u00e9s \u00e9tait frappant. Les joueurs, qui semblaient autrefois port\u00e9s par la philosophie de Guardiola, paraissaient \u00e0 ce moment-l\u00e0 h\u00e9sitants et d\u00e9sorient\u00e9s.<\/p>\n<h2>Une confiance renouvel\u00e9e trois mois plus t\u00f4t<\/h2>\n<p>Le d\u00e9bat survenait pourtant apr\u00e8s un signal fort en sens inverse : le 21 novembre 2024, Manchester City avait officialis\u00e9 la prolongation du contrat de Pep Guardiola jusqu&rsquo;en 2027, pour deux ann\u00e9es suppl\u00e9mentaires. La crise sportive de janvier-f\u00e9vrier 2025 s&rsquo;inscrivait donc dans un projet que le club venait tout juste de reconduire, pas dans une remise en cause de l&rsquo;entra\u00eeneur par sa direction.<\/p>\n<p>Lors de son d\u00e9bat, Eurosport envisageait qu&rsquo;un changement d&rsquo;entra\u00eeneur puisse, en th\u00e9orie, apporter une dynamique nouvelle au sein du groupe \u2014 une hypoth\u00e8se que la prolongation de contrat rendait toutefois peu probable \u00e0 court terme.<\/p>\n<blockquote><p>\n    \u00ab Aujourd&rsquo;hui, il est prisonnier de son groupe \u00bb, soulignait le d\u00e9bat consacr\u00e9 par Eurosport (\u00e9mission Stream Team, 14 f\u00e9vrier 2025, journalistes Martin Mosnier et Cyril Morin) aux difficult\u00e9s travers\u00e9es par Pep Guardiola.\n<\/p><\/blockquote>\n<ul>\n<li>Manchester City avait subi 12 d\u00e9faites cette saison, au moment du d\u00e9bat Eurosport du 14 f\u00e9vrier 2025.<\/li>\n<li>Les performances de l&rsquo;\u00e9quipe \u00e9taient alors en de\u00e7\u00e0 des attentes.<\/li>\n<li>Guardiola restait prot\u00e9g\u00e9 par ses succ\u00e8s pass\u00e9s mais faisait face \u00e0 des critiques croissantes.<\/li>\n<li>Le club avait pourtant prolong\u00e9 son contrat jusqu&rsquo;en 2027 trois mois plus t\u00f4t, le 21 novembre 2024.<\/li>\n<\/ul>\n<h2>Ce qu&rsquo;il s&rsquo;est pass\u00e9 depuis<\/h2>\n<p>Manchester City a finalement redress\u00e9 la fin de sa saison 2024-2025, port\u00e9e par une s\u00e9rie de dix matches sans d\u00e9faite, pour terminer 3<sup>e<\/sup> de Premier League avec 71 points \u2014 son plus faible total depuis 2015-2016, mais suffisant pour se qualifier en Ligue des champions.<\/p>\n<p>Pep Guardiola est rest\u00e9 en poste toute la saison 2025-2026. Le 22 mai 2026, il a annonc\u00e9 son d\u00e9part du club d&rsquo;un commun accord, apr\u00e8s dix ann\u00e9es \u00e0 sa t\u00eate, expliquant vouloir laisser la place \u00e0 une nouvelle \u00e9nergie et assurant quitter Manchester City en toute confiance pour son avenir. Le club lui a rendu hommage lors d&rsquo;une \u00e9mouvante derni\u00e8re \u00e0 l&rsquo;Etihad Stadium (d\u00e9faite 1-2 contre Aston Villa le 24 mai 2026) et a annonc\u00e9 lui d\u00e9dier une statue et une tribune du stade. Guardiola occupe d\u00e9sormais le r\u00f4le d&rsquo;ambassadeur mondial du City Football Group.<\/p>\n<p><em>Article publi\u00e9 le 15 f\u00e9vrier 2025, rev\u00e9rifi\u00e9 et compl\u00e9t\u00e9 le 2 septembre 2026.<\/em><\/p>\n<p>La question pos\u00e9e par le d\u00e9bat Eurosport de f\u00e9vrier 2025 \u2014 la s\u00e9paration entre Manchester City et Pep Guardiola \u2014 n&rsquo;a donc pas eu lieu dans l&rsquo;urgence de cette crise sportive : elle s&rsquo;est r\u00e9gl\u00e9e quinze mois plus tard, \u00e0 l&rsquo;amiable, au terme d&rsquo;une d\u00e9cennie de collaboration.<\/p>\n","protected":false},"excerpt":{"rendered":"","protected":false},"author":34,"featured_media":8715,"comment_status":"open","ping_status":"open","sticky":false,"template":"","format":"standard","meta":{"_acf_changed":false,"manual_indexmenow":false,"indexmenow_id_project":0,"footnotes":""},"categories":[1],"tags":[4596,4785,4732,5061],"class_list":["post-8714","post","type-post","status-publish","format-standard","has-post-thumbnail","hentry","category-a-la-une","tag-changement-dentraineur","tag-entraineurs","tag-football","tag-pep-guardiola","generate-columns","tablet-grid-50","mobile-grid-100","grid-parent","grid-25"],"acf":[],"yoast_head":"<!-- This site is optimized with the Yoast SEO Premium plugin v21.3 (Yoast SEO v26.5) - https:\/\/yoast.com\/wordpress\/plugins\/seo\/ -->\n<title>Manchester City et Pep Guardiola : l&#039;heure de la s\u00e9paration a-t-elle sonn\u00e9 ?<\/title>\n<meta name=\"description\" content=\"F\u00e9vrier 2025 : Manchester City en crise, Guardiola critiqu\u00e9 trois mois apr\u00e8s avoir prolong\u00e9 son contrat jusqu&#039;en 2027. Le point, mis \u00e0 jour en 2026.\" \/>\n<meta name=\"robots\" content=\"index, follow, max-snippet:-1, max-image-preview:large, max-video-preview:-1\" \/>\n<link rel=\"canonical\" href=\"https:\/\/sport-index.fr\/blog\/a-la-une\/manchester-city-et-pep-guardiola-lheure-de-la-separation-a-t-elle-sonne\/\" \/>\n<meta property=\"og:locale\" content=\"fr_FR\" \/>\n<meta property=\"og:type\" content=\"article\" \/>\n<meta property=\"og:title\" content=\"Manchester City et Pep Guardiola : l&#039;heure de la s\u00e9paration a-t-elle sonn\u00e9 ?\" \/>\n<meta property=\"og:description\" content=\"F\u00e9vrier 2025 : Manchester City en crise, Guardiola critiqu\u00e9 trois mois apr\u00e8s avoir prolong\u00e9 son contrat jusqu&#039;en 2027. Le point, mis \u00e0 jour en 2026.\" \/>\n<meta property=\"og:url\" content=\"https:\/\/sport-index.fr\/blog\/a-la-une\/manchester-city-et-pep-guardiola-lheure-de-la-separation-a-t-elle-sonne\/\" \/>\n<meta property=\"og:site_name\" content=\"sport-index\" \/>\n<meta property=\"og:image\" content=\"https:\/\/sport-index.fr\/blog\/wp-content\/uploads\/2025\/02\/stability-manchester-city-et-pep-guardiola-lheure-de-la-separation-a-t-elle-sonne.png\" \/>\n\t<meta property=\"og:image:width\" content=\"1024\" \/>\n\t<meta property=\"og:image:height\" content=\"576\" \/>\n\t<meta property=\"og:image:type\" content=\"image\/png\" \/>\n<meta name=\"author\" content=\"Axel Lauzier\" \/>\n<meta name=\"twitter:card\" content=\"summary_large_image\" \/>\n<script type=\"application\/ld+json\" class=\"yoast-schema-graph\">{\"@context\":\"https:\/\/schema.org\",\"@graph\":[{\"@type\":\"NewsArticle\",\"@id\":\"https:\/\/sport-index.fr\/blog\/a-la-une\/manchester-city-et-pep-guardiola-lheure-de-la-separation-a-t-elle-sonne\/#article\",\"isPartOf\":{\"@id\":\"https:\/\/sport-index.fr\/blog\/a-la-une\/manchester-city-et-pep-guardiola-lheure-de-la-separation-a-t-elle-sonne\/\"},\"author\":{\"name\":\"Axel Lauzier\",\"@id\":\"https:\/\/sport-index.fr\/blog\/#\/schema\/person\/3c864cdc320801e3db34b663e7e3f816\"},\"headline\":\"Manchester City et Pep Guardiola : l&rsquo;heure de la s\u00e9paration a-t-elle sonn\u00e9 ?\",\"datePublished\":\"2026-09-02T07:52:01+00:00\",\"mainEntityOfPage\":{\"@id\":\"https:\/\/sport-index.fr\/blog\/a-la-une\/manchester-city-et-pep-guardiola-lheure-de-la-separation-a-t-elle-sonne\/\"},\"wordCount\":762,\"commentCount\":22,\"publisher\":{\"@id\":\"https:\/\/sport-index.fr\/blog\/#organization\"},\"image\":{\"@id\":\"https:\/\/sport-index.fr\/blog\/a-la-une\/manchester-city-et-pep-guardiola-lheure-de-la-separation-a-t-elle-sonne\/#primaryimage\"},\"thumbnailUrl\":\"https:\/\/sport-index.fr\/blog\/wp-content\/uploads\/2025\/02\/stability-manchester-city-et-pep-guardiola-lheure-de-la-separation-a-t-elle-sonne.png\",\"keywords\":[\"Changement d'entra\u00eeneur\",\"Entra\u00eeneurs\",\"Football\",\"Pep Guardiola\"],\"articleSection\":[\"\u00c0 la une\"],\"inLanguage\":\"fr-FR\",\"potentialAction\":[{\"@type\":\"CommentAction\",\"name\":\"Comment\",\"target\":[\"https:\/\/sport-index.fr\/blog\/a-la-une\/manchester-city-et-pep-guardiola-lheure-de-la-separation-a-t-elle-sonne\/#respond\"]}]},{\"@type\":\"WebPage\",\"@id\":\"https:\/\/sport-index.fr\/blog\/a-la-une\/manchester-city-et-pep-guardiola-lheure-de-la-separation-a-t-elle-sonne\/\",\"url\":\"https:\/\/sport-index.fr\/blog\/a-la-une\/manchester-city-et-pep-guardiola-lheure-de-la-separation-a-t-elle-sonne\/\",\"name\":\"Manchester City et Pep Guardiola : l'heure de la s\u00e9paration a-t-elle sonn\u00e9 ?\",\"isPartOf\":{\"@id\":\"https:\/\/sport-index.fr\/blog\/#website\"},\"primaryImageOfPage\":{\"@id\":\"https:\/\/sport-index.fr\/blog\/a-la-une\/manchester-city-et-pep-guardiola-lheure-de-la-separation-a-t-elle-sonne\/#primaryimage\"},\"image\":{\"@id\":\"https:\/\/sport-index.fr\/blog\/a-la-une\/manchester-city-et-pep-guardiola-lheure-de-la-separation-a-t-elle-sonne\/#primaryimage\"},\"thumbnailUrl\":\"https:\/\/sport-index.fr\/blog\/wp-content\/uploads\/2025\/02\/stability-manchester-city-et-pep-guardiola-lheure-de-la-separation-a-t-elle-sonne.png\",\"datePublished\":\"2026-09-02T07:52:01+00:00\",\"description\":\"F\u00e9vrier 2025 : Manchester City en crise, Guardiola critiqu\u00e9 trois mois apr\u00e8s avoir prolong\u00e9 son contrat jusqu'en 2027. Le point, mis \u00e0 jour en 2026.\",\"inLanguage\":\"fr-FR\",\"potentialAction\":[{\"@type\":\"ReadAction\",\"target\":[\"https:\/\/sport-index.fr\/blog\/a-la-une\/manchester-city-et-pep-guardiola-lheure-de-la-separation-a-t-elle-sonne\/\"]}]},{\"@type\":\"ImageObject\",\"inLanguage\":\"fr-FR\",\"@id\":\"https:\/\/sport-index.fr\/blog\/a-la-une\/manchester-city-et-pep-guardiola-lheure-de-la-separation-a-t-elle-sonne\/#primaryimage\",\"url\":\"https:\/\/sport-index.fr\/blog\/wp-content\/uploads\/2025\/02\/stability-manchester-city-et-pep-guardiola-lheure-de-la-separation-a-t-elle-sonne.png\",\"contentUrl\":\"https:\/\/sport-index.fr\/blog\/wp-content\/uploads\/2025\/02\/stability-manchester-city-et-pep-guardiola-lheure-de-la-separation-a-t-elle-sonne.png\",\"width\":1024,\"height\":576},{\"@type\":\"WebSite\",\"@id\":\"https:\/\/sport-index.fr\/blog\/#website\",\"url\":\"https:\/\/sport-index.fr\/blog\/\",\"name\":\"sport-index.fr\",\"description\":\"Le score de l\u2019analyse sportive.\",\"publisher\":{\"@id\":\"https:\/\/sport-index.fr\/blog\/#organization\"},\"alternateName\":\"Le score de l\u2019analyse sportive.\",\"potentialAction\":[{\"@type\":\"SearchAction\",\"target\":{\"@type\":\"EntryPoint\",\"urlTemplate\":\"https:\/\/sport-index.fr\/blog\/?s={search_term_string}\"},\"query-input\":{\"@type\":\"PropertyValueSpecification\",\"valueRequired\":true,\"valueName\":\"search_term_string\"}}],\"inLanguage\":\"fr-FR\"},{\"@type\":\"Organization\",\"@id\":\"https:\/\/sport-index.fr\/blog\/#organization\",\"name\":\"Foretsensations.fr\",\"url\":\"https:\/\/sport-index.fr\/blog\/\",\"logo\":{\"@type\":\"ImageObject\",\"inLanguage\":\"fr-FR\",\"@id\":\"https:\/\/sport-index.fr\/blog\/#\/schema\/logo\/image\/\",\"url\":\"https:\/\/sport-index.fr\/blog\/wp-content\/uploads\/2026\/07\/logo-auto.png\",\"contentUrl\":\"https:\/\/sport-index.fr\/blog\/wp-content\/uploads\/2026\/07\/logo-auto.png\",\"width\":1024,\"height\":1024,\"caption\":\"Foretsensations.fr\"},\"image\":{\"@id\":\"https:\/\/sport-index.fr\/blog\/#\/schema\/logo\/image\/\"}},{\"@type\":\"Person\",\"@id\":\"https:\/\/sport-index.fr\/blog\/#\/schema\/person\/3c864cdc320801e3db34b663e7e3f816\",\"name\":\"Axel Lauzier\",\"image\":{\"@type\":\"ImageObject\",\"inLanguage\":\"fr-FR\",\"@id\":\"https:\/\/sport-index.fr\/blog\/#\/schema\/person\/image\/\",\"url\":\"https:\/\/sport-index.fr\/blog\/wp-content\/uploads\/2026\/06\/persona_axel-l-96x96.jpg\",\"contentUrl\":\"https:\/\/sport-index.fr\/blog\/wp-content\/uploads\/2026\/06\/persona_axel-l-96x96.jpg\",\"caption\":\"Axel Lauzier\"},\"description\":\"Le sport rythme mon quotidien depuis l'enfance, et j'en ai fait mon m\u00e9tier d'analyste r\u00e9dactionnel il y a une dizaine d'ann\u00e9es. Je couvre principalement le football, son actualit\u00e9, ses transferts et l'analyse tactique des grandes affiches, mais aussi les disciplines plus confidentielles que j'aime remettre en lumi\u00e8re. Une partie de mon travail porte sur les pronostics et la lecture statistique d'un match : forme des \u00e9quipes, historique des confrontations, compositions, sans jamais vendre de fausse certitude. Je rappelle syst\u00e9matiquement que parier comporte un risque et doit rester un loisir ma\u00eetris\u00e9. Avant de signer une analyse, je v\u00e9rifie mes chiffres, je recoupe les compositions probables et je distingue toujours la donn\u00e9e brute de l'intuition. Mon objectif : offrir une lecture honn\u00eate et argument\u00e9e, pas un ticket gagnant garanti.\",\"sameAs\":[\"https:\/\/axellauzier.fr\/\"],\"url\":\"https:\/\/sport-index.fr\/blog\/auteur\/noname\/\"}]}<\/script>\n<!-- \/ Yoast SEO Premium plugin. -->","yoast_head_json":{"title":"Manchester City et Pep Guardiola : l'heure de la s\u00e9paration a-t-elle sonn\u00e9 ?","description":"F\u00e9vrier 2025 : Manchester City en crise, Guardiola critiqu\u00e9 trois mois apr\u00e8s avoir prolong\u00e9 son contrat jusqu'en 2027. Le point, mis \u00e0 jour en 2026.","robots":{"index":"index","follow":"follow","max-snippet":"max-snippet:-1","max-image-preview":"max-image-preview:large","max-video-preview":"max-video-preview:-1"},"canonical":"https:\/\/sport-index.fr\/blog\/a-la-une\/manchester-city-et-pep-guardiola-lheure-de-la-separation-a-t-elle-sonne\/","og_locale":"fr_FR","og_type":"article","og_title":"Manchester City et Pep Guardiola : l'heure de la s\u00e9paration a-t-elle sonn\u00e9 ?","og_description":"F\u00e9vrier 2025 : Manchester City en crise, Guardiola critiqu\u00e9 trois mois apr\u00e8s avoir prolong\u00e9 son contrat jusqu'en 2027. Le point, mis \u00e0 jour en 2026.","og_url":"https:\/\/sport-index.fr\/blog\/a-la-une\/manchester-city-et-pep-guardiola-lheure-de-la-separation-a-t-elle-sonne\/","og_site_name":"sport-index","og_image":[{"width":1024,"height":576,"url":"https:\/\/sport-index.fr\/blog\/wp-content\/uploads\/2025\/02\/stability-manchester-city-et-pep-guardiola-lheure-de-la-separation-a-t-elle-sonne.png","type":"image\/png"}],"author":"Axel Lauzier","twitter_card":"summary_large_image","schema":{"@context":"https:\/\/schema.org","@graph":[{"@type":"NewsArticle","@id":"https:\/\/sport-index.fr\/blog\/a-la-une\/manchester-city-et-pep-guardiola-lheure-de-la-separation-a-t-elle-sonne\/#article","isPartOf":{"@id":"https:\/\/sport-index.fr\/blog\/a-la-une\/manchester-city-et-pep-guardiola-lheure-de-la-separation-a-t-elle-sonne\/"},"author":{"name":"Axel Lauzier","@id":"https:\/\/sport-index.fr\/blog\/#\/schema\/person\/3c864cdc320801e3db34b663e7e3f816"},"headline":"Manchester City et Pep Guardiola : l&rsquo;heure de la s\u00e9paration a-t-elle sonn\u00e9 ?","datePublished":"2026-09-02T07:52:01+00:00","mainEntityOfPage":{"@id":"https:\/\/sport-index.fr\/blog\/a-la-une\/manchester-city-et-pep-guardiola-lheure-de-la-separation-a-t-elle-sonne\/"},"wordCount":762,"commentCount":22,"publisher":{"@id":"https:\/\/sport-index.fr\/blog\/#organization"},"image":{"@id":"https:\/\/sport-index.fr\/blog\/a-la-une\/manchester-city-et-pep-guardiola-lheure-de-la-separation-a-t-elle-sonne\/#primaryimage"},"thumbnailUrl":"https:\/\/sport-index.fr\/blog\/wp-content\/uploads\/2025\/02\/stability-manchester-city-et-pep-guardiola-lheure-de-la-separation-a-t-elle-sonne.png","keywords":["Changement d'entra\u00eeneur","Entra\u00eeneurs","Football","Pep Guardiola"],"articleSection":["\u00c0 la une"],"inLanguage":"fr-FR","potentialAction":[{"@type":"CommentAction","name":"Comment","target":["https:\/\/sport-index.fr\/blog\/a-la-une\/manchester-city-et-pep-guardiola-lheure-de-la-separation-a-t-elle-sonne\/#respond"]}]},{"@type":"WebPage","@id":"https:\/\/sport-index.fr\/blog\/a-la-une\/manchester-city-et-pep-guardiola-lheure-de-la-separation-a-t-elle-sonne\/","url":"https:\/\/sport-index.fr\/blog\/a-la-une\/manchester-city-et-pep-guardiola-lheure-de-la-separation-a-t-elle-sonne\/","name":"Manchester City et Pep Guardiola : l'heure de la s\u00e9paration a-t-elle sonn\u00e9 ?","isPartOf":{"@id":"https:\/\/sport-index.fr\/blog\/#website"},"primaryImageOfPage":{"@id":"https:\/\/sport-index.fr\/blog\/a-la-une\/manchester-city-et-pep-guardiola-lheure-de-la-separation-a-t-elle-sonne\/#primaryimage"},"image":{"@id":"https:\/\/sport-index.fr\/blog\/a-la-une\/manchester-city-et-pep-guardiola-lheure-de-la-separation-a-t-elle-sonne\/#primaryimage"},"thumbnailUrl":"https:\/\/sport-index.fr\/blog\/wp-content\/uploads\/2025\/02\/stability-manchester-city-et-pep-guardiola-lheure-de-la-separation-a-t-elle-sonne.png","datePublished":"2026-09-02T07:52:01+00:00","description":"F\u00e9vrier 2025 : Manchester City en crise, Guardiola critiqu\u00e9 trois mois apr\u00e8s avoir prolong\u00e9 son contrat jusqu'en 2027. Le point, mis \u00e0 jour en 2026.","inLanguage":"fr-FR","potentialAction":[{"@type":"ReadAction","target":["https:\/\/sport-index.fr\/blog\/a-la-une\/manchester-city-et-pep-guardiola-lheure-de-la-separation-a-t-elle-sonne\/"]}]},{"@type":"ImageObject","inLanguage":"fr-FR","@id":"https:\/\/sport-index.fr\/blog\/a-la-une\/manchester-city-et-pep-guardiola-lheure-de-la-separation-a-t-elle-sonne\/#primaryimage","url":"https:\/\/sport-index.fr\/blog\/wp-content\/uploads\/2025\/02\/stability-manchester-city-et-pep-guardiola-lheure-de-la-separation-a-t-elle-sonne.png","contentUrl":"https:\/\/sport-index.fr\/blog\/wp-content\/uploads\/2025\/02\/stability-manchester-city-et-pep-guardiola-lheure-de-la-separation-a-t-elle-sonne.png","width":1024,"height":576},{"@type":"WebSite","@id":"https:\/\/sport-index.fr\/blog\/#website","url":"https:\/\/sport-index.fr\/blog\/","name":"sport-index.fr","description":"Le score de l\u2019analyse sportive.","publisher":{"@id":"https:\/\/sport-index.fr\/blog\/#organization"},"alternateName":"Le score de l\u2019analyse sportive.","potentialAction":[{"@type":"SearchAction","target":{"@type":"EntryPoint","urlTemplate":"https:\/\/sport-index.fr\/blog\/?s={search_term_string}"},"query-input":{"@type":"PropertyValueSpecification","valueRequired":true,"valueName":"search_term_string"}}],"inLanguage":"fr-FR"},{"@type":"Organization","@id":"https:\/\/sport-index.fr\/blog\/#organization","name":"Foretsensations.fr","url":"https:\/\/sport-index.fr\/blog\/","logo":{"@type":"ImageObject","inLanguage":"fr-FR","@id":"https:\/\/sport-index.fr\/blog\/#\/schema\/logo\/image\/","url":"https:\/\/sport-index.fr\/blog\/wp-content\/uploads\/2026\/07\/logo-auto.png","contentUrl":"https:\/\/sport-index.fr\/blog\/wp-content\/uploads\/2026\/07\/logo-auto.png","width":1024,"height":1024,"caption":"Foretsensations.fr"},"image":{"@id":"https:\/\/sport-index.fr\/blog\/#\/schema\/logo\/image\/"}},{"@type":"Person","@id":"https:\/\/sport-index.fr\/blog\/#\/schema\/person\/3c864cdc320801e3db34b663e7e3f816","name":"Axel Lauzier","image":{"@type":"ImageObject","inLanguage":"fr-FR","@id":"https:\/\/sport-index.fr\/blog\/#\/schema\/person\/image\/","url":"https:\/\/sport-index.fr\/blog\/wp-content\/uploads\/2026\/06\/persona_axel-l-96x96.jpg","contentUrl":"https:\/\/sport-index.fr\/blog\/wp-content\/uploads\/2026\/06\/persona_axel-l-96x96.jpg","caption":"Axel Lauzier"},"description":"Le sport rythme mon quotidien depuis l'enfance, et j'en ai fait mon m\u00e9tier d'analyste r\u00e9dactionnel il y a une dizaine d'ann\u00e9es. Je couvre principalement le football, son actualit\u00e9, ses transferts et l'analyse tactique des grandes affiches, mais aussi les disciplines plus confidentielles que j'aime remettre en lumi\u00e8re. Une partie de mon travail porte sur les pronostics et la lecture statistique d'un match : forme des \u00e9quipes, historique des confrontations, compositions, sans jamais vendre de fausse certitude. Je rappelle syst\u00e9matiquement que parier comporte un risque et doit rester un loisir ma\u00eetris\u00e9. Avant de signer une analyse, je v\u00e9rifie mes chiffres, je recoupe les compositions probables et je distingue toujours la donn\u00e9e brute de l'intuition. Mon objectif : offrir une lecture honn\u00eate et argument\u00e9e, pas un ticket gagnant garanti.","sameAs":["https:\/\/axellauzier.fr\/"],"url":"https:\/\/sport-index.fr\/blog\/auteur\/noname\/"}]}},"_links":{"self":[{"href":"https:\/\/sport-index.fr\/blog\/wp-json\/wp\/v2\/posts\/8714","targetHints":{"allow":["GET"]}}],"collection":[{"href":"https:\/\/sport-index.fr\/blog\/wp-json\/wp\/v2\/posts"}],"about":[{"href":"https:\/\/sport-index.fr\/blog\/wp-json\/wp\/v2\/types\/post"}],"author":[{"embeddable":true,"href":"https:\/\/sport-index.fr\/blog\/wp-json\/wp\/v2\/users\/34"}],"replies":[{"embeddable":true,"href":"https:\/\/sport-index.fr\/blog\/wp-json\/wp\/v2\/comments?post=8714"}],"version-history":[{"count":3,"href":"https:\/\/sport-index.fr\/blog\/wp-json\/wp\/v2\/posts\/8714\/revisions"}],"predecessor-version":[{"id":18491,"href":"https:\/\/sport-index.fr\/blog\/wp-json\/wp\/v2\/posts\/8714\/revisions\/18491"}],"wp:featuredmedia":[{"embeddable":true,"href":"https:\/\/sport-index.fr\/blog\/wp-json\/wp\/v2\/media\/8715"}],"wp:attachment":[{"href":"https:\/\/sport-index.fr\/blog\/wp-json\/wp\/v2\/media?parent=8714"}],"wp:term":[{"taxonomy":"category","embeddable":true,"href":"https:\/\/sport-index.fr\/blog\/wp-json\/wp\/v2\/categories?post=8714"},{"taxonomy":"post_tag","embeddable":true,"href":"https:\/\/sport-index.fr\/blog\/wp-json\/wp\/v2\/tags?post=8714"}],"curies":[{"name":"wp","href":"https:\/\/api.w.org\/{rel}","templated":true}]}}