{"id":8842,"date":"2025-02-16T14:56:43","date_gmt":"2025-02-16T13:56:43","guid":{"rendered":"https:\/\/sport-index.fr\/blog\/?p=8842"},"modified":"2025-02-15T15:43:06","modified_gmt":"2025-02-15T14:43:06","slug":"camille-rast-la-tete-et-les-skis-en-harmonie-pour-un-triomphe-au-slalom","status":"publish","type":"post","link":"https:\/\/sport-index.fr\/blog\/a-la-une\/camille-rast-la-tete-et-les-skis-en-harmonie-pour-un-triomphe-au-slalom\/","title":{"rendered":"camille rast : la t\u00eate et les skis en harmonie pour un triomphe au slalom"},"content":{"rendered":"<h2>Un moment historique pour camille rast<\/h2>\n<p>Camille Rast a marqu\u00e9 l&rsquo;histoire du ski alpin en remportant le titre de slalom aux Mondiaux de Saalbach. Lors d&rsquo;une interview avec Eurosport, elle a exprim\u00e9 sa surprise face \u00e0 sa performance, mettant en avant l&rsquo;importance de sa pr\u00e9paration mentale. \u00ab\u00a0Depuis ce matin, j&rsquo;\u00e9tais bien dans ma t\u00eate et sur mes skis,\u00a0\u00bb a-t-elle d\u00e9clar\u00e9, soulignant l&rsquo;harmonie essentielle entre la concentration mentale et la technique sur la neige.<\/p>\n<p>Cette victoire est le fruit de nombreuses heures de travail acharn\u00e9 et de d\u00e9termination. En devan\u00e7ant des concurrentes redoutables comme Wendie Holdener et Katharina Liensberger, Camille a prouv\u00e9 qu&rsquo;elle pouvait s&rsquo;imposer sur la sc\u00e8ne internationale. Son succ\u00e8s inspire de nombreux jeunes skieurs qui r\u00eavent de suivre ses traces sur les pistes enneig\u00e9es.<\/p>\n<h2>Une performance \u00e0 couper le souffle<\/h2>\n<p>Le slalom est une discipline exigeante qui n\u00e9cessite \u00e0 la fois pr\u00e9cision et rapidit\u00e9. Camille Rast a su allier ces deux qualit\u00e9s pour r\u00e9aliser une course exceptionnelle, captivant ainsi l\u2019attention des spectateurs. Sa technique fluide et son agilit\u00e9 sur les skis lui ont permis de naviguer \u00e0 travers les portes avec une aisance remarquable.<\/p>\n<p>Les conditions de comp\u00e9tition \u00e9taient id\u00e9ales, et Camille a su tirer parti de chaque virage pour maximiser sa vitesse. Sa capacit\u00e9 \u00e0 garder son calme sous pression a \u00e9t\u00e9 d\u00e9terminante dans son succ\u00e8s. Elle a d\u00e9montr\u00e9 que la pr\u00e9paration mentale est tout aussi importante que la pr\u00e9paration physique dans le ski alpin.<\/p>\n<h2>Le soutien des fans et des sponsors<\/h2>\n<p>La victoire de Camille Rast a suscit\u00e9 une vague d&rsquo;enthousiasme parmi ses fans et supporters. Les r\u00e9seaux sociaux ont \u00e9t\u00e9 inond\u00e9s de messages de f\u00e9licitations, mettant en avant l&rsquo;impact de cette victoire sur le ski alpin en Suisse. Les sponsors, tels que Canal+, Prime Video et Bouygues Telecom, ont \u00e9galement c\u00e9l\u00e9br\u00e9 ce moment fort, renfor\u00e7ant leur engagement aupr\u00e8s des athl\u00e8tes.<\/p>\n<p>La reconnaissance de Camille par ses pairs et ses supporters souligne l&rsquo;importance du soutien dans le monde du sport. Les jeunes skieurs b\u00e9n\u00e9ficient de mod\u00e8les comme elle, qui leur montrent qu&rsquo;avec du d\u00e9vouement, tout est possible. La communaut\u00e9 du ski alpin se r\u00e9jouit de voir comment cette victoire peut ouvrir de nouvelles portes pour des talents \u00e9mergents.<\/p>\n<ul>\n<li>Triomphe au slalom des Mondiaux de Saalbach<\/li>\n<li>Concentration mentale d\u00e9terminante<\/li>\n<li>Performance exceptionnelle face \u00e0 des concurrentes de haut niveau<\/li>\n<li>Soutien massif des fans et des sponsors<\/li>\n<li>Inspiration pour la prochaine g\u00e9n\u00e9ration de skieurs<\/li>\n<\/ul>\n<p>Camille Rast a prouv\u00e9 que la d\u00e9termination et la pr\u00e9paration sont essentielles pour r\u00e9ussir dans le ski alpin. Son parcours est une source d&rsquo;inspiration pour tous les athl\u00e8tes qui aspirent \u00e0 atteindre les sommets. Avec une telle performance, elle laisse pr\u00e9sager un avenir radieux pour sa carri\u00e8re et pour le ski alpin suisse.<img decoding=\"async\" width=\"1024\" height=\"576\" src=\"https:\/\/sport-index.fr\/blog\/wp-content\/uploads\/2025\/02\/stability-camille-rast-la-tete-et-les-skis-en-harmonie-pour-un-triomphe-au-slalom-1.png\" class=\"aligncenter\" alt=\"Illustration d\u00e9taill\u00e9e sur camille rast : la t\u00eate et les skis en harmonie pour un triomphe au slalom\" title=\"camille rast : la t\u00eate et les skis en harmonie pour un triomphe au slalom\" loading=\"lazy\" \/><\/p>\n","protected":false},"excerpt":{"rendered":"","protected":false},"author":34,"featured_media":8843,"comment_status":"open","ping_status":"open","sticky":false,"template":"","format":"standard","meta":{"_acf_changed":false,"manual_indexmenow":false,"indexmenow_id_project":0,"footnotes":""},"categories":[1],"tags":[4615,5117,4563,4885,4591],"class_list":["post-8842","post","type-post","status-publish","format-standard","has-post-thumbnail","hentry","category-a-la-une","tag-communaute-engagee","tag-inspirer-les-jeunes","tag-performance-athletique","tag-preparation-mentale","tag-ski-alpin","generate-columns","tablet-grid-50","mobile-grid-100","grid-parent","grid-25"],"acf":[],"yoast_head":"<!-- This site is optimized with the Yoast SEO Premium plugin v21.3 (Yoast SEO v26.5) - https:\/\/yoast.com\/wordpress\/plugins\/seo\/ -->\n<title>camille rast : la t\u00eate et les skis en harmonie<\/title>\n<meta name=\"description\" content=\"Un moment historique pour camille rast Camille Rast a marqu\u00e9 l&#039;histoire du ski alpin en remportant le titre de slalom aux Mondiaux de Saalbach. Lors\u2026\" \/>\n<meta name=\"robots\" content=\"index, follow, max-snippet:-1, max-image-preview:large, max-video-preview:-1\" \/>\n<link rel=\"canonical\" href=\"https:\/\/sport-index.fr\/blog\/a-la-une\/camille-rast-la-tete-et-les-skis-en-harmonie-pour-un-triomphe-au-slalom\/\" \/>\n<meta property=\"og:locale\" content=\"fr_FR\" \/>\n<meta property=\"og:type\" content=\"article\" \/>\n<meta property=\"og:title\" content=\"camille rast : la t\u00eate et les skis en harmonie\" \/>\n<meta property=\"og:description\" content=\"Un moment historique pour camille rast Camille Rast a marqu\u00e9 l&#039;histoire du ski alpin en remportant le titre de slalom aux Mondiaux de Saalbach. Lors\u2026\" \/>\n<meta property=\"og:url\" content=\"https:\/\/sport-index.fr\/blog\/a-la-une\/camille-rast-la-tete-et-les-skis-en-harmonie-pour-un-triomphe-au-slalom\/\" \/>\n<meta property=\"og:site_name\" content=\"sport-index\" \/>\n<meta property=\"og:image\" content=\"https:\/\/sport-index.fr\/blog\/wp-content\/uploads\/2025\/02\/stability-camille-rast-la-tete-et-les-skis-en-harmonie-pour-un-triomphe-au-slalom.png\" \/>\n\t<meta property=\"og:image:width\" content=\"1024\" \/>\n\t<meta property=\"og:image:height\" content=\"576\" \/>\n\t<meta property=\"og:image:type\" content=\"image\/png\" \/>\n<meta name=\"author\" content=\"Axel Lauzier\" \/>\n<meta name=\"twitter:card\" content=\"summary_large_image\" \/>\n<script type=\"application\/ld+json\" class=\"yoast-schema-graph\">{\"@context\":\"https:\/\/schema.org\",\"@graph\":[{\"@type\":\"NewsArticle\",\"@id\":\"https:\/\/sport-index.fr\/blog\/a-la-une\/camille-rast-la-tete-et-les-skis-en-harmonie-pour-un-triomphe-au-slalom\/#article\",\"isPartOf\":{\"@id\":\"https:\/\/sport-index.fr\/blog\/a-la-une\/camille-rast-la-tete-et-les-skis-en-harmonie-pour-un-triomphe-au-slalom\/\"},\"author\":{\"name\":\"Axel Lauzier\",\"@id\":\"https:\/\/sport-index.fr\/blog\/#\/schema\/person\/3c864cdc320801e3db34b663e7e3f816\"},\"headline\":\"camille rast : la t\u00eate et les skis en harmonie pour un triomphe au slalom\",\"datePublished\":\"2025-02-16T13:56:43+00:00\",\"mainEntityOfPage\":{\"@id\":\"https:\/\/sport-index.fr\/blog\/a-la-une\/camille-rast-la-tete-et-les-skis-en-harmonie-pour-un-triomphe-au-slalom\/\"},\"wordCount\":510,\"commentCount\":14,\"publisher\":{\"@id\":\"https:\/\/sport-index.fr\/blog\/#organization\"},\"image\":{\"@id\":\"https:\/\/sport-index.fr\/blog\/a-la-une\/camille-rast-la-tete-et-les-skis-en-harmonie-pour-un-triomphe-au-slalom\/#primaryimage\"},\"thumbnailUrl\":\"https:\/\/sport-index.fr\/blog\/wp-content\/uploads\/2025\/02\/stability-camille-rast-la-tete-et-les-skis-en-harmonie-pour-un-triomphe-au-slalom.png\",\"keywords\":[\"Communaut\u00e9 engag\u00e9e\",\"Inspirer les jeunes\",\"Performance Athl\u00e9tique\",\"Pr\u00e9paration Mentale\",\"Ski Alpin\"],\"articleSection\":[\"\u00c0 la une\"],\"inLanguage\":\"fr-FR\",\"potentialAction\":[{\"@type\":\"CommentAction\",\"name\":\"Comment\",\"target\":[\"https:\/\/sport-index.fr\/blog\/a-la-une\/camille-rast-la-tete-et-les-skis-en-harmonie-pour-un-triomphe-au-slalom\/#respond\"]}]},{\"@type\":\"WebPage\",\"@id\":\"https:\/\/sport-index.fr\/blog\/a-la-une\/camille-rast-la-tete-et-les-skis-en-harmonie-pour-un-triomphe-au-slalom\/\",\"url\":\"https:\/\/sport-index.fr\/blog\/a-la-une\/camille-rast-la-tete-et-les-skis-en-harmonie-pour-un-triomphe-au-slalom\/\",\"name\":\"camille rast : la t\u00eate et les skis en harmonie\",\"isPartOf\":{\"@id\":\"https:\/\/sport-index.fr\/blog\/#website\"},\"primaryImageOfPage\":{\"@id\":\"https:\/\/sport-index.fr\/blog\/a-la-une\/camille-rast-la-tete-et-les-skis-en-harmonie-pour-un-triomphe-au-slalom\/#primaryimage\"},\"image\":{\"@id\":\"https:\/\/sport-index.fr\/blog\/a-la-une\/camille-rast-la-tete-et-les-skis-en-harmonie-pour-un-triomphe-au-slalom\/#primaryimage\"},\"thumbnailUrl\":\"https:\/\/sport-index.fr\/blog\/wp-content\/uploads\/2025\/02\/stability-camille-rast-la-tete-et-les-skis-en-harmonie-pour-un-triomphe-au-slalom.png\",\"datePublished\":\"2025-02-16T13:56:43+00:00\",\"description\":\"Un moment historique pour camille rast Camille Rast a marqu\u00e9 l'histoire du ski alpin en remportant le titre de slalom aux Mondiaux de Saalbach. Lors\u2026\",\"inLanguage\":\"fr-FR\",\"potentialAction\":[{\"@type\":\"ReadAction\",\"target\":[\"https:\/\/sport-index.fr\/blog\/a-la-une\/camille-rast-la-tete-et-les-skis-en-harmonie-pour-un-triomphe-au-slalom\/\"]}]},{\"@type\":\"ImageObject\",\"inLanguage\":\"fr-FR\",\"@id\":\"https:\/\/sport-index.fr\/blog\/a-la-une\/camille-rast-la-tete-et-les-skis-en-harmonie-pour-un-triomphe-au-slalom\/#primaryimage\",\"url\":\"https:\/\/sport-index.fr\/blog\/wp-content\/uploads\/2025\/02\/stability-camille-rast-la-tete-et-les-skis-en-harmonie-pour-un-triomphe-au-slalom.png\",\"contentUrl\":\"https:\/\/sport-index.fr\/blog\/wp-content\/uploads\/2025\/02\/stability-camille-rast-la-tete-et-les-skis-en-harmonie-pour-un-triomphe-au-slalom.png\",\"width\":1024,\"height\":576},{\"@type\":\"WebSite\",\"@id\":\"https:\/\/sport-index.fr\/blog\/#website\",\"url\":\"https:\/\/sport-index.fr\/blog\/\",\"name\":\"sport-index.fr\",\"description\":\"Le score de l\u2019analyse sportive.\",\"publisher\":{\"@id\":\"https:\/\/sport-index.fr\/blog\/#organization\"},\"alternateName\":\"Le score de l\u2019analyse sportive.\",\"potentialAction\":[{\"@type\":\"SearchAction\",\"target\":{\"@type\":\"EntryPoint\",\"urlTemplate\":\"https:\/\/sport-index.fr\/blog\/?s={search_term_string}\"},\"query-input\":{\"@type\":\"PropertyValueSpecification\",\"valueRequired\":true,\"valueName\":\"search_term_string\"}}],\"inLanguage\":\"fr-FR\"},{\"@type\":\"Organization\",\"@id\":\"https:\/\/sport-index.fr\/blog\/#organization\",\"name\":\"Foretsensations.fr\",\"url\":\"https:\/\/sport-index.fr\/blog\/\",\"logo\":{\"@type\":\"ImageObject\",\"inLanguage\":\"fr-FR\",\"@id\":\"https:\/\/sport-index.fr\/blog\/#\/schema\/logo\/image\/\",\"url\":\"https:\/\/sport-index.fr\/blog\/wp-content\/uploads\/2026\/07\/logo-auto.png\",\"contentUrl\":\"https:\/\/sport-index.fr\/blog\/wp-content\/uploads\/2026\/07\/logo-auto.png\",\"width\":1024,\"height\":1024,\"caption\":\"Foretsensations.fr\"},\"image\":{\"@id\":\"https:\/\/sport-index.fr\/blog\/#\/schema\/logo\/image\/\"}},{\"@type\":\"Person\",\"@id\":\"https:\/\/sport-index.fr\/blog\/#\/schema\/person\/3c864cdc320801e3db34b663e7e3f816\",\"name\":\"Axel Lauzier\",\"image\":{\"@type\":\"ImageObject\",\"inLanguage\":\"fr-FR\",\"@id\":\"https:\/\/sport-index.fr\/blog\/#\/schema\/person\/image\/\",\"url\":\"https:\/\/sport-index.fr\/blog\/wp-content\/uploads\/2026\/06\/persona_axel-l-96x96.jpg\",\"contentUrl\":\"https:\/\/sport-index.fr\/blog\/wp-content\/uploads\/2026\/06\/persona_axel-l-96x96.jpg\",\"caption\":\"Axel Lauzier\"},\"description\":\"Le sport rythme mon quotidien depuis l'enfance, et j'en ai fait mon m\u00e9tier d'analyste r\u00e9dactionnel il y a une dizaine d'ann\u00e9es. Je couvre principalement le football, son actualit\u00e9, ses transferts et l'analyse tactique des grandes affiches, mais aussi les disciplines plus confidentielles que j'aime remettre en lumi\u00e8re. Une partie de mon travail porte sur les pronostics et la lecture statistique d'un match : forme des \u00e9quipes, historique des confrontations, compositions, sans jamais vendre de fausse certitude. Je rappelle syst\u00e9matiquement que parier comporte un risque et doit rester un loisir ma\u00eetris\u00e9. Avant de signer une analyse, je v\u00e9rifie mes chiffres, je recoupe les compositions probables et je distingue toujours la donn\u00e9e brute de l'intuition. Mon objectif : offrir une lecture honn\u00eate et argument\u00e9e, pas un ticket gagnant garanti.\",\"sameAs\":[\"https:\/\/axellauzier.fr\/\"],\"url\":\"https:\/\/sport-index.fr\/blog\/auteur\/noname\/\"}]}<\/script>\n<!-- \/ Yoast SEO Premium plugin. -->","yoast_head_json":{"title":"camille rast : la t\u00eate et les skis en harmonie","description":"Un moment historique pour camille rast Camille Rast a marqu\u00e9 l'histoire du ski alpin en remportant le titre de slalom aux Mondiaux de Saalbach. Lors\u2026","robots":{"index":"index","follow":"follow","max-snippet":"max-snippet:-1","max-image-preview":"max-image-preview:large","max-video-preview":"max-video-preview:-1"},"canonical":"https:\/\/sport-index.fr\/blog\/a-la-une\/camille-rast-la-tete-et-les-skis-en-harmonie-pour-un-triomphe-au-slalom\/","og_locale":"fr_FR","og_type":"article","og_title":"camille rast : la t\u00eate et les skis en harmonie","og_description":"Un moment historique pour camille rast Camille Rast a marqu\u00e9 l'histoire du ski alpin en remportant le titre de slalom aux Mondiaux de Saalbach. Lors\u2026","og_url":"https:\/\/sport-index.fr\/blog\/a-la-une\/camille-rast-la-tete-et-les-skis-en-harmonie-pour-un-triomphe-au-slalom\/","og_site_name":"sport-index","og_image":[{"width":1024,"height":576,"url":"https:\/\/sport-index.fr\/blog\/wp-content\/uploads\/2025\/02\/stability-camille-rast-la-tete-et-les-skis-en-harmonie-pour-un-triomphe-au-slalom.png","type":"image\/png"}],"author":"Axel Lauzier","twitter_card":"summary_large_image","schema":{"@context":"https:\/\/schema.org","@graph":[{"@type":"NewsArticle","@id":"https:\/\/sport-index.fr\/blog\/a-la-une\/camille-rast-la-tete-et-les-skis-en-harmonie-pour-un-triomphe-au-slalom\/#article","isPartOf":{"@id":"https:\/\/sport-index.fr\/blog\/a-la-une\/camille-rast-la-tete-et-les-skis-en-harmonie-pour-un-triomphe-au-slalom\/"},"author":{"name":"Axel Lauzier","@id":"https:\/\/sport-index.fr\/blog\/#\/schema\/person\/3c864cdc320801e3db34b663e7e3f816"},"headline":"camille rast : la t\u00eate et les skis en harmonie pour un triomphe au slalom","datePublished":"2025-02-16T13:56:43+00:00","mainEntityOfPage":{"@id":"https:\/\/sport-index.fr\/blog\/a-la-une\/camille-rast-la-tete-et-les-skis-en-harmonie-pour-un-triomphe-au-slalom\/"},"wordCount":510,"commentCount":14,"publisher":{"@id":"https:\/\/sport-index.fr\/blog\/#organization"},"image":{"@id":"https:\/\/sport-index.fr\/blog\/a-la-une\/camille-rast-la-tete-et-les-skis-en-harmonie-pour-un-triomphe-au-slalom\/#primaryimage"},"thumbnailUrl":"https:\/\/sport-index.fr\/blog\/wp-content\/uploads\/2025\/02\/stability-camille-rast-la-tete-et-les-skis-en-harmonie-pour-un-triomphe-au-slalom.png","keywords":["Communaut\u00e9 engag\u00e9e","Inspirer les jeunes","Performance Athl\u00e9tique","Pr\u00e9paration Mentale","Ski Alpin"],"articleSection":["\u00c0 la une"],"inLanguage":"fr-FR","potentialAction":[{"@type":"CommentAction","name":"Comment","target":["https:\/\/sport-index.fr\/blog\/a-la-une\/camille-rast-la-tete-et-les-skis-en-harmonie-pour-un-triomphe-au-slalom\/#respond"]}]},{"@type":"WebPage","@id":"https:\/\/sport-index.fr\/blog\/a-la-une\/camille-rast-la-tete-et-les-skis-en-harmonie-pour-un-triomphe-au-slalom\/","url":"https:\/\/sport-index.fr\/blog\/a-la-une\/camille-rast-la-tete-et-les-skis-en-harmonie-pour-un-triomphe-au-slalom\/","name":"camille rast : la t\u00eate et les skis en harmonie","isPartOf":{"@id":"https:\/\/sport-index.fr\/blog\/#website"},"primaryImageOfPage":{"@id":"https:\/\/sport-index.fr\/blog\/a-la-une\/camille-rast-la-tete-et-les-skis-en-harmonie-pour-un-triomphe-au-slalom\/#primaryimage"},"image":{"@id":"https:\/\/sport-index.fr\/blog\/a-la-une\/camille-rast-la-tete-et-les-skis-en-harmonie-pour-un-triomphe-au-slalom\/#primaryimage"},"thumbnailUrl":"https:\/\/sport-index.fr\/blog\/wp-content\/uploads\/2025\/02\/stability-camille-rast-la-tete-et-les-skis-en-harmonie-pour-un-triomphe-au-slalom.png","datePublished":"2025-02-16T13:56:43+00:00","description":"Un moment historique pour camille rast Camille Rast a marqu\u00e9 l'histoire du ski alpin en remportant le titre de slalom aux Mondiaux de Saalbach. Lors\u2026","inLanguage":"fr-FR","potentialAction":[{"@type":"ReadAction","target":["https:\/\/sport-index.fr\/blog\/a-la-une\/camille-rast-la-tete-et-les-skis-en-harmonie-pour-un-triomphe-au-slalom\/"]}]},{"@type":"ImageObject","inLanguage":"fr-FR","@id":"https:\/\/sport-index.fr\/blog\/a-la-une\/camille-rast-la-tete-et-les-skis-en-harmonie-pour-un-triomphe-au-slalom\/#primaryimage","url":"https:\/\/sport-index.fr\/blog\/wp-content\/uploads\/2025\/02\/stability-camille-rast-la-tete-et-les-skis-en-harmonie-pour-un-triomphe-au-slalom.png","contentUrl":"https:\/\/sport-index.fr\/blog\/wp-content\/uploads\/2025\/02\/stability-camille-rast-la-tete-et-les-skis-en-harmonie-pour-un-triomphe-au-slalom.png","width":1024,"height":576},{"@type":"WebSite","@id":"https:\/\/sport-index.fr\/blog\/#website","url":"https:\/\/sport-index.fr\/blog\/","name":"sport-index.fr","description":"Le score de l\u2019analyse sportive.","publisher":{"@id":"https:\/\/sport-index.fr\/blog\/#organization"},"alternateName":"Le score de l\u2019analyse sportive.","potentialAction":[{"@type":"SearchAction","target":{"@type":"EntryPoint","urlTemplate":"https:\/\/sport-index.fr\/blog\/?s={search_term_string}"},"query-input":{"@type":"PropertyValueSpecification","valueRequired":true,"valueName":"search_term_string"}}],"inLanguage":"fr-FR"},{"@type":"Organization","@id":"https:\/\/sport-index.fr\/blog\/#organization","name":"Foretsensations.fr","url":"https:\/\/sport-index.fr\/blog\/","logo":{"@type":"ImageObject","inLanguage":"fr-FR","@id":"https:\/\/sport-index.fr\/blog\/#\/schema\/logo\/image\/","url":"https:\/\/sport-index.fr\/blog\/wp-content\/uploads\/2026\/07\/logo-auto.png","contentUrl":"https:\/\/sport-index.fr\/blog\/wp-content\/uploads\/2026\/07\/logo-auto.png","width":1024,"height":1024,"caption":"Foretsensations.fr"},"image":{"@id":"https:\/\/sport-index.fr\/blog\/#\/schema\/logo\/image\/"}},{"@type":"Person","@id":"https:\/\/sport-index.fr\/blog\/#\/schema\/person\/3c864cdc320801e3db34b663e7e3f816","name":"Axel Lauzier","image":{"@type":"ImageObject","inLanguage":"fr-FR","@id":"https:\/\/sport-index.fr\/blog\/#\/schema\/person\/image\/","url":"https:\/\/sport-index.fr\/blog\/wp-content\/uploads\/2026\/06\/persona_axel-l-96x96.jpg","contentUrl":"https:\/\/sport-index.fr\/blog\/wp-content\/uploads\/2026\/06\/persona_axel-l-96x96.jpg","caption":"Axel Lauzier"},"description":"Le sport rythme mon quotidien depuis l'enfance, et j'en ai fait mon m\u00e9tier d'analyste r\u00e9dactionnel il y a une dizaine d'ann\u00e9es. Je couvre principalement le football, son actualit\u00e9, ses transferts et l'analyse tactique des grandes affiches, mais aussi les disciplines plus confidentielles que j'aime remettre en lumi\u00e8re. Une partie de mon travail porte sur les pronostics et la lecture statistique d'un match : forme des \u00e9quipes, historique des confrontations, compositions, sans jamais vendre de fausse certitude. Je rappelle syst\u00e9matiquement que parier comporte un risque et doit rester un loisir ma\u00eetris\u00e9. Avant de signer une analyse, je v\u00e9rifie mes chiffres, je recoupe les compositions probables et je distingue toujours la donn\u00e9e brute de l'intuition. Mon objectif : offrir une lecture honn\u00eate et argument\u00e9e, pas un ticket gagnant garanti.","sameAs":["https:\/\/axellauzier.fr\/"],"url":"https:\/\/sport-index.fr\/blog\/auteur\/noname\/"}]}},"_links":{"self":[{"href":"https:\/\/sport-index.fr\/blog\/wp-json\/wp\/v2\/posts\/8842","targetHints":{"allow":["GET"]}}],"collection":[{"href":"https:\/\/sport-index.fr\/blog\/wp-json\/wp\/v2\/posts"}],"about":[{"href":"https:\/\/sport-index.fr\/blog\/wp-json\/wp\/v2\/types\/post"}],"author":[{"embeddable":true,"href":"https:\/\/sport-index.fr\/blog\/wp-json\/wp\/v2\/users\/34"}],"replies":[{"embeddable":true,"href":"https:\/\/sport-index.fr\/blog\/wp-json\/wp\/v2\/comments?post=8842"}],"version-history":[{"count":1,"href":"https:\/\/sport-index.fr\/blog\/wp-json\/wp\/v2\/posts\/8842\/revisions"}],"predecessor-version":[{"id":8845,"href":"https:\/\/sport-index.fr\/blog\/wp-json\/wp\/v2\/posts\/8842\/revisions\/8845"}],"wp:featuredmedia":[{"embeddable":true,"href":"https:\/\/sport-index.fr\/blog\/wp-json\/wp\/v2\/media\/8843"}],"wp:attachment":[{"href":"https:\/\/sport-index.fr\/blog\/wp-json\/wp\/v2\/media?parent=8842"}],"wp:term":[{"taxonomy":"category","embeddable":true,"href":"https:\/\/sport-index.fr\/blog\/wp-json\/wp\/v2\/categories?post=8842"},{"taxonomy":"post_tag","embeddable":true,"href":"https:\/\/sport-index.fr\/blog\/wp-json\/wp\/v2\/tags?post=8842"}],"curies":[{"name":"wp","href":"https:\/\/api.w.org\/{rel}","templated":true}]}}