{"id":8864,"date":"2025-02-16T16:03:16","date_gmt":"2025-02-16T15:03:16","guid":{"rendered":"https:\/\/sport-index.fr\/blog\/?p=8864"},"modified":"2025-02-15T16:49:28","modified_gmt":"2025-02-15T15:49:28","slug":"championnats-du-monde-de-slalom-la-victoire-eclatante-de-rast-face-a-shiffrin","status":"publish","type":"post","link":"https:\/\/sport-index.fr\/blog\/a-la-une\/championnats-du-monde-de-slalom-la-victoire-eclatante-de-rast-face-a-shiffrin\/","title":{"rendered":"championnats du monde de slalom : la victoire \u00e9clatante de rast face \u00e0 shiffrin"},"content":{"rendered":"<h2>Une victoire \u00e9clatante pour Camille Rast<\/h2>\n<p>Camille Rast a marqu\u00e9 les esprits lors des championnats du monde de slalom \u00e0 Saalbach. \u00c0 seulement 25 ans, la skieuse suisse a su faire preuve d\u2019un engagement exemplaire tout au long des deux manches. Son ski pr\u00e9cis et agressif lui a permis de d\u00e9crocher le titre tant convoit\u00e9, confirmant ainsi une saison d\u00e9j\u00e0 impressionnante.<\/p>\n<p>Cette performance exceptionnelle de Rast n\u2019est pas seulement le fruit de son talent, mais \u00e9galement d\u2019une pr\u00e9paration rigoureuse. En prenant des risques calcul\u00e9s, elle a su surpasser ses adversaires, dont la c\u00e9l\u00e8bre Mikaela Shiffrin. La victoire de Rast a ravi ses fans et a renforc\u00e9 son statut de star montante du ski alpin.<\/p>\n<h2>Mikaela Shiffrin, une d\u00e9ception \u00e0 Saalbach<\/h2>\n<p>Attendue avec impatience, Mikaela Shiffrin n\u2019a pas r\u00e9ussi \u00e0 se hisser sur le podium lors de cette comp\u00e9tition. Malgr\u00e9 son immense talent, l&rsquo;Am\u00e9ricaine a d\u00fb faire face \u00e0 un manque de rythme qui lui a co\u00fbt\u00e9 cher. Ses erreurs tout au long des deux manches l\u2019ont emp\u00each\u00e9e de rivaliser avec Rast et les autres concurrentes.<\/p>\n<p>Cette situation suscite des questions sur la forme actuelle de Shiffrin. Les attentes \u00e9taient \u00e9lev\u00e9es, et sa performance a d\u00e9\u00e7u ses nombreux supporters. N\u00e9anmoins, le ski est un sport impr\u00e9visible, et il est certain que Shiffrin saura rebondir dans les prochaines comp\u00e9titions.<\/p>\n<h2>Les temps forts du slalom mondial<\/h2>\n<p>Les championnats du monde de slalom ont r\u00e9serv\u00e9 des moments m\u00e9morables pour les fans de ski alpin. De la mont\u00e9e en puissance de Camille Rast \u00e0 la performance en demi-teinte de Mikaela Shiffrin, les spectateurs ont v\u00e9cu une comp\u00e9tition riche en \u00e9motions. Voici quelques-uns des temps forts \u00e0 retenir :<\/p>\n<ul>\n<li>Le ski engag\u00e9 et pr\u00e9cis de Camille Rast<\/li>\n<li>Les erreurs de Mikaela Shiffrin qui ont co\u00fbt\u00e9 cher<\/li>\n<li>La d\u00e9termination des autres concurrentes sur la piste<\/li>\n<li>Les r\u00e9actions des fans et des experts apr\u00e8s la comp\u00e9tition<\/li>\n<li>Les perspectives pour les prochaines comp\u00e9titions<\/li>\n<\/ul>\n<blockquote><p>\n\u00ab\u00a0La comp\u00e9tition de slalom a montr\u00e9 que chaque course peut \u00eatre pleine de surprises et que le talent, bien que crucial, ne fait pas tout.\u00a0\u00bb &#8211; Expert en ski alpin\n<\/p><\/blockquote>\n<p>La saison de ski alpin est loin d\u2019\u00eatre termin\u00e9e, et les comp\u00e9titions \u00e0 venir promettent d\u2019\u00eatre tout aussi palpitantes. Les athl\u00e8tes continueront de se battre pour atteindre les sommets et r\u00e9aliser leurs r\u00eaves. Les fans, quant \u00e0 eux, resteront attentifs, esp\u00e9rant voir des rebondissements et des performances \u00e9poustouflantes.<img decoding=\"async\" width=\"1024\" height=\"576\" src=\"https:\/\/sport-index.fr\/blog\/wp-content\/uploads\/2025\/02\/stability-championnats-du-monde-de-slalom-la-victoire-eclatante-de-rast-face-a-shiffrin-1.png\" class=\"aligncenter\" alt=\"Illustration d\u00e9taill\u00e9e sur championnats du monde de slalom : la victoire \u00e9clatante de rast face \u00e0 shiffrin\" title=\"championnats du monde de slalom : la victoire \u00e9clatante de rast face \u00e0 shiffrin\" loading=\"lazy\" \/><\/p>\n","protected":false},"excerpt":{"rendered":"","protected":false},"author":34,"featured_media":8865,"comment_status":"open","ping_status":"open","sticky":false,"template":"","format":"standard","meta":{"_acf_changed":false,"manual_indexmenow":false,"indexmenow_id_project":0,"footnotes":""},"categories":[1],"tags":[4615,4563,4885,4408,4591],"class_list":["post-8864","post","type-post","status-publish","format-standard","has-post-thumbnail","hentry","category-a-la-une","tag-communaute-engagee","tag-performance-athletique","tag-preparation-mentale","tag-resilience","tag-ski-alpin","generate-columns","tablet-grid-50","mobile-grid-100","grid-parent","grid-25"],"acf":[],"yoast_head":"<!-- This site is optimized with the Yoast SEO Premium plugin v21.3 (Yoast SEO v26.5) - https:\/\/yoast.com\/wordpress\/plugins\/seo\/ -->\n<title>championnats du monde de slalom : la victoire \u00e9clatante<\/title>\n<meta name=\"description\" content=\"Une victoire \u00e9clatante pour Camille Rast Camille Rast a marqu\u00e9 les esprits lors des championnats du monde de slalom \u00e0 Saalbach. \u00c0 seulement 25 ans, la\u2026\" \/>\n<meta name=\"robots\" content=\"index, follow, max-snippet:-1, max-image-preview:large, max-video-preview:-1\" \/>\n<link rel=\"canonical\" href=\"https:\/\/sport-index.fr\/blog\/a-la-une\/championnats-du-monde-de-slalom-la-victoire-eclatante-de-rast-face-a-shiffrin\/\" \/>\n<meta property=\"og:locale\" content=\"fr_FR\" \/>\n<meta property=\"og:type\" content=\"article\" \/>\n<meta property=\"og:title\" content=\"championnats du monde de slalom : la victoire \u00e9clatante\" \/>\n<meta property=\"og:description\" content=\"Une victoire \u00e9clatante pour Camille Rast Camille Rast a marqu\u00e9 les esprits lors des championnats du monde de slalom \u00e0 Saalbach. \u00c0 seulement 25 ans, la\u2026\" \/>\n<meta property=\"og:url\" content=\"https:\/\/sport-index.fr\/blog\/a-la-une\/championnats-du-monde-de-slalom-la-victoire-eclatante-de-rast-face-a-shiffrin\/\" \/>\n<meta property=\"og:site_name\" content=\"sport-index\" \/>\n<meta property=\"og:image\" content=\"https:\/\/sport-index.fr\/blog\/wp-content\/uploads\/2025\/02\/stability-championnats-du-monde-de-slalom-la-victoire-eclatante-de-rast-face-a-shiffrin.png\" \/>\n\t<meta property=\"og:image:width\" content=\"1024\" \/>\n\t<meta property=\"og:image:height\" content=\"576\" \/>\n\t<meta property=\"og:image:type\" content=\"image\/png\" \/>\n<meta name=\"author\" content=\"Axel Lauzier\" \/>\n<meta name=\"twitter:card\" content=\"summary_large_image\" \/>\n<script type=\"application\/ld+json\" class=\"yoast-schema-graph\">{\"@context\":\"https:\/\/schema.org\",\"@graph\":[{\"@type\":\"NewsArticle\",\"@id\":\"https:\/\/sport-index.fr\/blog\/a-la-une\/championnats-du-monde-de-slalom-la-victoire-eclatante-de-rast-face-a-shiffrin\/#article\",\"isPartOf\":{\"@id\":\"https:\/\/sport-index.fr\/blog\/a-la-une\/championnats-du-monde-de-slalom-la-victoire-eclatante-de-rast-face-a-shiffrin\/\"},\"author\":{\"name\":\"Axel Lauzier\",\"@id\":\"https:\/\/sport-index.fr\/blog\/#\/schema\/person\/3c864cdc320801e3db34b663e7e3f816\"},\"headline\":\"championnats du monde de slalom : la victoire \u00e9clatante de rast face \u00e0 shiffrin\",\"datePublished\":\"2025-02-16T15:03:16+00:00\",\"mainEntityOfPage\":{\"@id\":\"https:\/\/sport-index.fr\/blog\/a-la-une\/championnats-du-monde-de-slalom-la-victoire-eclatante-de-rast-face-a-shiffrin\/\"},\"wordCount\":439,\"commentCount\":20,\"publisher\":{\"@id\":\"https:\/\/sport-index.fr\/blog\/#organization\"},\"image\":{\"@id\":\"https:\/\/sport-index.fr\/blog\/a-la-une\/championnats-du-monde-de-slalom-la-victoire-eclatante-de-rast-face-a-shiffrin\/#primaryimage\"},\"thumbnailUrl\":\"https:\/\/sport-index.fr\/blog\/wp-content\/uploads\/2025\/02\/stability-championnats-du-monde-de-slalom-la-victoire-eclatante-de-rast-face-a-shiffrin.png\",\"keywords\":[\"Communaut\u00e9 engag\u00e9e\",\"Performance Athl\u00e9tique\",\"Pr\u00e9paration Mentale\",\"R\u00e9silience\",\"Ski Alpin\"],\"articleSection\":[\"\u00c0 la une\"],\"inLanguage\":\"fr-FR\",\"potentialAction\":[{\"@type\":\"CommentAction\",\"name\":\"Comment\",\"target\":[\"https:\/\/sport-index.fr\/blog\/a-la-une\/championnats-du-monde-de-slalom-la-victoire-eclatante-de-rast-face-a-shiffrin\/#respond\"]}]},{\"@type\":\"WebPage\",\"@id\":\"https:\/\/sport-index.fr\/blog\/a-la-une\/championnats-du-monde-de-slalom-la-victoire-eclatante-de-rast-face-a-shiffrin\/\",\"url\":\"https:\/\/sport-index.fr\/blog\/a-la-une\/championnats-du-monde-de-slalom-la-victoire-eclatante-de-rast-face-a-shiffrin\/\",\"name\":\"championnats du monde de slalom : la victoire \u00e9clatante\",\"isPartOf\":{\"@id\":\"https:\/\/sport-index.fr\/blog\/#website\"},\"primaryImageOfPage\":{\"@id\":\"https:\/\/sport-index.fr\/blog\/a-la-une\/championnats-du-monde-de-slalom-la-victoire-eclatante-de-rast-face-a-shiffrin\/#primaryimage\"},\"image\":{\"@id\":\"https:\/\/sport-index.fr\/blog\/a-la-une\/championnats-du-monde-de-slalom-la-victoire-eclatante-de-rast-face-a-shiffrin\/#primaryimage\"},\"thumbnailUrl\":\"https:\/\/sport-index.fr\/blog\/wp-content\/uploads\/2025\/02\/stability-championnats-du-monde-de-slalom-la-victoire-eclatante-de-rast-face-a-shiffrin.png\",\"datePublished\":\"2025-02-16T15:03:16+00:00\",\"description\":\"Une victoire \u00e9clatante pour Camille Rast Camille Rast a marqu\u00e9 les esprits lors des championnats du monde de slalom \u00e0 Saalbach. \u00c0 seulement 25 ans, la\u2026\",\"inLanguage\":\"fr-FR\",\"potentialAction\":[{\"@type\":\"ReadAction\",\"target\":[\"https:\/\/sport-index.fr\/blog\/a-la-une\/championnats-du-monde-de-slalom-la-victoire-eclatante-de-rast-face-a-shiffrin\/\"]}]},{\"@type\":\"ImageObject\",\"inLanguage\":\"fr-FR\",\"@id\":\"https:\/\/sport-index.fr\/blog\/a-la-une\/championnats-du-monde-de-slalom-la-victoire-eclatante-de-rast-face-a-shiffrin\/#primaryimage\",\"url\":\"https:\/\/sport-index.fr\/blog\/wp-content\/uploads\/2025\/02\/stability-championnats-du-monde-de-slalom-la-victoire-eclatante-de-rast-face-a-shiffrin.png\",\"contentUrl\":\"https:\/\/sport-index.fr\/blog\/wp-content\/uploads\/2025\/02\/stability-championnats-du-monde-de-slalom-la-victoire-eclatante-de-rast-face-a-shiffrin.png\",\"width\":1024,\"height\":576},{\"@type\":\"WebSite\",\"@id\":\"https:\/\/sport-index.fr\/blog\/#website\",\"url\":\"https:\/\/sport-index.fr\/blog\/\",\"name\":\"sport-index.fr\",\"description\":\"Le score de l\u2019analyse sportive.\",\"publisher\":{\"@id\":\"https:\/\/sport-index.fr\/blog\/#organization\"},\"alternateName\":\"Le score de l\u2019analyse sportive.\",\"potentialAction\":[{\"@type\":\"SearchAction\",\"target\":{\"@type\":\"EntryPoint\",\"urlTemplate\":\"https:\/\/sport-index.fr\/blog\/?s={search_term_string}\"},\"query-input\":{\"@type\":\"PropertyValueSpecification\",\"valueRequired\":true,\"valueName\":\"search_term_string\"}}],\"inLanguage\":\"fr-FR\"},{\"@type\":\"Organization\",\"@id\":\"https:\/\/sport-index.fr\/blog\/#organization\",\"name\":\"Foretsensations.fr\",\"url\":\"https:\/\/sport-index.fr\/blog\/\",\"logo\":{\"@type\":\"ImageObject\",\"inLanguage\":\"fr-FR\",\"@id\":\"https:\/\/sport-index.fr\/blog\/#\/schema\/logo\/image\/\",\"url\":\"https:\/\/sport-index.fr\/blog\/wp-content\/uploads\/2026\/07\/logo-auto.png\",\"contentUrl\":\"https:\/\/sport-index.fr\/blog\/wp-content\/uploads\/2026\/07\/logo-auto.png\",\"width\":1024,\"height\":1024,\"caption\":\"Foretsensations.fr\"},\"image\":{\"@id\":\"https:\/\/sport-index.fr\/blog\/#\/schema\/logo\/image\/\"}},{\"@type\":\"Person\",\"@id\":\"https:\/\/sport-index.fr\/blog\/#\/schema\/person\/3c864cdc320801e3db34b663e7e3f816\",\"name\":\"Axel Lauzier\",\"image\":{\"@type\":\"ImageObject\",\"inLanguage\":\"fr-FR\",\"@id\":\"https:\/\/sport-index.fr\/blog\/#\/schema\/person\/image\/\",\"url\":\"https:\/\/sport-index.fr\/blog\/wp-content\/uploads\/2026\/06\/persona_axel-l-96x96.jpg\",\"contentUrl\":\"https:\/\/sport-index.fr\/blog\/wp-content\/uploads\/2026\/06\/persona_axel-l-96x96.jpg\",\"caption\":\"Axel Lauzier\"},\"description\":\"Le sport rythme mon quotidien depuis l'enfance, et j'en ai fait mon m\u00e9tier d'analyste r\u00e9dactionnel il y a une dizaine d'ann\u00e9es. Je couvre principalement le football, son actualit\u00e9, ses transferts et l'analyse tactique des grandes affiches, mais aussi les disciplines plus confidentielles que j'aime remettre en lumi\u00e8re. Une partie de mon travail porte sur les pronostics et la lecture statistique d'un match : forme des \u00e9quipes, historique des confrontations, compositions, sans jamais vendre de fausse certitude. Je rappelle syst\u00e9matiquement que parier comporte un risque et doit rester un loisir ma\u00eetris\u00e9. Avant de signer une analyse, je v\u00e9rifie mes chiffres, je recoupe les compositions probables et je distingue toujours la donn\u00e9e brute de l'intuition. Mon objectif : offrir une lecture honn\u00eate et argument\u00e9e, pas un ticket gagnant garanti.\",\"sameAs\":[\"https:\/\/axellauzier.fr\/\"],\"url\":\"https:\/\/sport-index.fr\/blog\/auteur\/noname\/\"}]}<\/script>\n<!-- \/ Yoast SEO Premium plugin. -->","yoast_head_json":{"title":"championnats du monde de slalom : la victoire \u00e9clatante","description":"Une victoire \u00e9clatante pour Camille Rast Camille Rast a marqu\u00e9 les esprits lors des championnats du monde de slalom \u00e0 Saalbach. \u00c0 seulement 25 ans, la\u2026","robots":{"index":"index","follow":"follow","max-snippet":"max-snippet:-1","max-image-preview":"max-image-preview:large","max-video-preview":"max-video-preview:-1"},"canonical":"https:\/\/sport-index.fr\/blog\/a-la-une\/championnats-du-monde-de-slalom-la-victoire-eclatante-de-rast-face-a-shiffrin\/","og_locale":"fr_FR","og_type":"article","og_title":"championnats du monde de slalom : la victoire \u00e9clatante","og_description":"Une victoire \u00e9clatante pour Camille Rast Camille Rast a marqu\u00e9 les esprits lors des championnats du monde de slalom \u00e0 Saalbach. \u00c0 seulement 25 ans, la\u2026","og_url":"https:\/\/sport-index.fr\/blog\/a-la-une\/championnats-du-monde-de-slalom-la-victoire-eclatante-de-rast-face-a-shiffrin\/","og_site_name":"sport-index","og_image":[{"width":1024,"height":576,"url":"https:\/\/sport-index.fr\/blog\/wp-content\/uploads\/2025\/02\/stability-championnats-du-monde-de-slalom-la-victoire-eclatante-de-rast-face-a-shiffrin.png","type":"image\/png"}],"author":"Axel Lauzier","twitter_card":"summary_large_image","schema":{"@context":"https:\/\/schema.org","@graph":[{"@type":"NewsArticle","@id":"https:\/\/sport-index.fr\/blog\/a-la-une\/championnats-du-monde-de-slalom-la-victoire-eclatante-de-rast-face-a-shiffrin\/#article","isPartOf":{"@id":"https:\/\/sport-index.fr\/blog\/a-la-une\/championnats-du-monde-de-slalom-la-victoire-eclatante-de-rast-face-a-shiffrin\/"},"author":{"name":"Axel Lauzier","@id":"https:\/\/sport-index.fr\/blog\/#\/schema\/person\/3c864cdc320801e3db34b663e7e3f816"},"headline":"championnats du monde de slalom : la victoire \u00e9clatante de rast face \u00e0 shiffrin","datePublished":"2025-02-16T15:03:16+00:00","mainEntityOfPage":{"@id":"https:\/\/sport-index.fr\/blog\/a-la-une\/championnats-du-monde-de-slalom-la-victoire-eclatante-de-rast-face-a-shiffrin\/"},"wordCount":439,"commentCount":20,"publisher":{"@id":"https:\/\/sport-index.fr\/blog\/#organization"},"image":{"@id":"https:\/\/sport-index.fr\/blog\/a-la-une\/championnats-du-monde-de-slalom-la-victoire-eclatante-de-rast-face-a-shiffrin\/#primaryimage"},"thumbnailUrl":"https:\/\/sport-index.fr\/blog\/wp-content\/uploads\/2025\/02\/stability-championnats-du-monde-de-slalom-la-victoire-eclatante-de-rast-face-a-shiffrin.png","keywords":["Communaut\u00e9 engag\u00e9e","Performance Athl\u00e9tique","Pr\u00e9paration Mentale","R\u00e9silience","Ski Alpin"],"articleSection":["\u00c0 la une"],"inLanguage":"fr-FR","potentialAction":[{"@type":"CommentAction","name":"Comment","target":["https:\/\/sport-index.fr\/blog\/a-la-une\/championnats-du-monde-de-slalom-la-victoire-eclatante-de-rast-face-a-shiffrin\/#respond"]}]},{"@type":"WebPage","@id":"https:\/\/sport-index.fr\/blog\/a-la-une\/championnats-du-monde-de-slalom-la-victoire-eclatante-de-rast-face-a-shiffrin\/","url":"https:\/\/sport-index.fr\/blog\/a-la-une\/championnats-du-monde-de-slalom-la-victoire-eclatante-de-rast-face-a-shiffrin\/","name":"championnats du monde de slalom : la victoire \u00e9clatante","isPartOf":{"@id":"https:\/\/sport-index.fr\/blog\/#website"},"primaryImageOfPage":{"@id":"https:\/\/sport-index.fr\/blog\/a-la-une\/championnats-du-monde-de-slalom-la-victoire-eclatante-de-rast-face-a-shiffrin\/#primaryimage"},"image":{"@id":"https:\/\/sport-index.fr\/blog\/a-la-une\/championnats-du-monde-de-slalom-la-victoire-eclatante-de-rast-face-a-shiffrin\/#primaryimage"},"thumbnailUrl":"https:\/\/sport-index.fr\/blog\/wp-content\/uploads\/2025\/02\/stability-championnats-du-monde-de-slalom-la-victoire-eclatante-de-rast-face-a-shiffrin.png","datePublished":"2025-02-16T15:03:16+00:00","description":"Une victoire \u00e9clatante pour Camille Rast Camille Rast a marqu\u00e9 les esprits lors des championnats du monde de slalom \u00e0 Saalbach. \u00c0 seulement 25 ans, la\u2026","inLanguage":"fr-FR","potentialAction":[{"@type":"ReadAction","target":["https:\/\/sport-index.fr\/blog\/a-la-une\/championnats-du-monde-de-slalom-la-victoire-eclatante-de-rast-face-a-shiffrin\/"]}]},{"@type":"ImageObject","inLanguage":"fr-FR","@id":"https:\/\/sport-index.fr\/blog\/a-la-une\/championnats-du-monde-de-slalom-la-victoire-eclatante-de-rast-face-a-shiffrin\/#primaryimage","url":"https:\/\/sport-index.fr\/blog\/wp-content\/uploads\/2025\/02\/stability-championnats-du-monde-de-slalom-la-victoire-eclatante-de-rast-face-a-shiffrin.png","contentUrl":"https:\/\/sport-index.fr\/blog\/wp-content\/uploads\/2025\/02\/stability-championnats-du-monde-de-slalom-la-victoire-eclatante-de-rast-face-a-shiffrin.png","width":1024,"height":576},{"@type":"WebSite","@id":"https:\/\/sport-index.fr\/blog\/#website","url":"https:\/\/sport-index.fr\/blog\/","name":"sport-index.fr","description":"Le score de l\u2019analyse sportive.","publisher":{"@id":"https:\/\/sport-index.fr\/blog\/#organization"},"alternateName":"Le score de l\u2019analyse sportive.","potentialAction":[{"@type":"SearchAction","target":{"@type":"EntryPoint","urlTemplate":"https:\/\/sport-index.fr\/blog\/?s={search_term_string}"},"query-input":{"@type":"PropertyValueSpecification","valueRequired":true,"valueName":"search_term_string"}}],"inLanguage":"fr-FR"},{"@type":"Organization","@id":"https:\/\/sport-index.fr\/blog\/#organization","name":"Foretsensations.fr","url":"https:\/\/sport-index.fr\/blog\/","logo":{"@type":"ImageObject","inLanguage":"fr-FR","@id":"https:\/\/sport-index.fr\/blog\/#\/schema\/logo\/image\/","url":"https:\/\/sport-index.fr\/blog\/wp-content\/uploads\/2026\/07\/logo-auto.png","contentUrl":"https:\/\/sport-index.fr\/blog\/wp-content\/uploads\/2026\/07\/logo-auto.png","width":1024,"height":1024,"caption":"Foretsensations.fr"},"image":{"@id":"https:\/\/sport-index.fr\/blog\/#\/schema\/logo\/image\/"}},{"@type":"Person","@id":"https:\/\/sport-index.fr\/blog\/#\/schema\/person\/3c864cdc320801e3db34b663e7e3f816","name":"Axel Lauzier","image":{"@type":"ImageObject","inLanguage":"fr-FR","@id":"https:\/\/sport-index.fr\/blog\/#\/schema\/person\/image\/","url":"https:\/\/sport-index.fr\/blog\/wp-content\/uploads\/2026\/06\/persona_axel-l-96x96.jpg","contentUrl":"https:\/\/sport-index.fr\/blog\/wp-content\/uploads\/2026\/06\/persona_axel-l-96x96.jpg","caption":"Axel Lauzier"},"description":"Le sport rythme mon quotidien depuis l'enfance, et j'en ai fait mon m\u00e9tier d'analyste r\u00e9dactionnel il y a une dizaine d'ann\u00e9es. Je couvre principalement le football, son actualit\u00e9, ses transferts et l'analyse tactique des grandes affiches, mais aussi les disciplines plus confidentielles que j'aime remettre en lumi\u00e8re. Une partie de mon travail porte sur les pronostics et la lecture statistique d'un match : forme des \u00e9quipes, historique des confrontations, compositions, sans jamais vendre de fausse certitude. Je rappelle syst\u00e9matiquement que parier comporte un risque et doit rester un loisir ma\u00eetris\u00e9. Avant de signer une analyse, je v\u00e9rifie mes chiffres, je recoupe les compositions probables et je distingue toujours la donn\u00e9e brute de l'intuition. Mon objectif : offrir une lecture honn\u00eate et argument\u00e9e, pas un ticket gagnant garanti.","sameAs":["https:\/\/axellauzier.fr\/"],"url":"https:\/\/sport-index.fr\/blog\/auteur\/noname\/"}]}},"_links":{"self":[{"href":"https:\/\/sport-index.fr\/blog\/wp-json\/wp\/v2\/posts\/8864","targetHints":{"allow":["GET"]}}],"collection":[{"href":"https:\/\/sport-index.fr\/blog\/wp-json\/wp\/v2\/posts"}],"about":[{"href":"https:\/\/sport-index.fr\/blog\/wp-json\/wp\/v2\/types\/post"}],"author":[{"embeddable":true,"href":"https:\/\/sport-index.fr\/blog\/wp-json\/wp\/v2\/users\/34"}],"replies":[{"embeddable":true,"href":"https:\/\/sport-index.fr\/blog\/wp-json\/wp\/v2\/comments?post=8864"}],"version-history":[{"count":1,"href":"https:\/\/sport-index.fr\/blog\/wp-json\/wp\/v2\/posts\/8864\/revisions"}],"predecessor-version":[{"id":8867,"href":"https:\/\/sport-index.fr\/blog\/wp-json\/wp\/v2\/posts\/8864\/revisions\/8867"}],"wp:featuredmedia":[{"embeddable":true,"href":"https:\/\/sport-index.fr\/blog\/wp-json\/wp\/v2\/media\/8865"}],"wp:attachment":[{"href":"https:\/\/sport-index.fr\/blog\/wp-json\/wp\/v2\/media?parent=8864"}],"wp:term":[{"taxonomy":"category","embeddable":true,"href":"https:\/\/sport-index.fr\/blog\/wp-json\/wp\/v2\/categories?post=8864"},{"taxonomy":"post_tag","embeddable":true,"href":"https:\/\/sport-index.fr\/blog\/wp-json\/wp\/v2\/tags?post=8864"}],"curies":[{"name":"wp","href":"https:\/\/api.w.org\/{rel}","templated":true}]}}