{"id":8970,"date":"2025-02-17T14:16:27","date_gmt":"2025-02-17T13:16:27","guid":{"rendered":"https:\/\/sport-index.fr\/blog\/?p=8970"},"modified":"2025-02-15T20:38:39","modified_gmt":"2025-02-15T19:38:39","slug":"victoire-collective-de-vannes-mathieu-cidre-temoigne-de-la-force-de-lequipe","status":"publish","type":"post","link":"https:\/\/sport-index.fr\/blog\/a-la-une\/victoire-collective-de-vannes-mathieu-cidre-temoigne-de-la-force-de-lequipe\/","title":{"rendered":"victoire collective de vannes : mathieu cidre t\u00e9moigne de la force de l&rsquo;\u00e9quipe"},"content":{"rendered":"<h2>Une victoire marquante pour le RCV<\/h2>\n<p>L&rsquo;entra\u00eeneur des avants, Mathieu Cidre, a soulign\u00e9 l&rsquo;importance de cette performance collective, qui valide leur succ\u00e8s pr\u00e9c\u00e9dent contre le Stade fran\u00e7ais. Ce r\u00e9sultat positif cr\u00e9e une dynamique encourageante avant leur prochain affrontement contre Montpellier.<\/p>\n<p>Cidre a insist\u00e9 sur le fait que l&rsquo;\u00e9quipe a su maintenir son calme face \u00e0 une \u00e9quipe du Racing 92 en difficult\u00e9. Les Vannetais ont profit\u00e9 des erreurs de leurs adversaires, notamment un carton rouge et des blessures cruciales, pour prendre l&rsquo;ascendant sur le match. Cette victoire, selon Cidre, est le fruit d&rsquo;un effort collectif et d&rsquo;une bonne pr\u00e9paration.<\/p>\n<h2>Une analyse des adversaires<\/h2>\n<p>Lors de cette rencontre, Cidre a observ\u00e9 une certaine anxi\u00e9t\u00e9 chez les joueurs du Racing 92. Selon lui, le poids des attentes et des blessures a pes\u00e9 lourdement sur leurs performances, ce qui a permis \u00e0 Vannes de prendre le dessus. La capacit\u00e9 \u00e0 ma\u00eetriser le match a \u00e9t\u00e9 un facteur cl\u00e9 dans cette victoire, renfor\u00e7ant la confiance de l&rsquo;\u00e9quipe vannetaise.<img decoding=\"async\" width=\"1024\" height=\"576\" src=\"https:\/\/sport-index.fr\/blog\/wp-content\/uploads\/2025\/02\/stability-victoire-collective-de-vannes-mathieu-cidre-temoigne-de-la-force-de-lequipe-1.png\" class=\"aligncenter\" alt=\"Illustration d\u00e9taill\u00e9e sur victoire collective de vannes : mathieu cidre t\u00e9moigne de la force de l&#039;\u00e9quipe\" title=\"victoire collective de vannes : mathieu cidre t\u00e9moigne de la force de l&#039;\u00e9quipe\" loading=\"lazy\" \/><\/p>\n<p>Les blessures de joueurs cl\u00e9s comme Joshua Tuisova et Romain Taofifenua ont \u00e9galement jou\u00e9 un r\u00f4le d\u00e9terminant. Cidre a not\u00e9 que cela a cr\u00e9\u00e9 une opportunit\u00e9 pour son \u00e9quipe de d\u00e9velopper une strat\u00e9gie efficace, en exploitant les faiblesses adverses. Les Vannetais ont su r\u00e9pondre pr\u00e9sent face \u00e0 ces d\u00e9fis, montrant une grande r\u00e9silience et une coh\u00e9sion d&rsquo;\u00e9quipe.<\/p>\n<h2>La force du collectif selon mathieu cidre<\/h2>\n<p>\u00c0 la fin du match, Cidre a exprim\u00e9 la simplicit\u00e9 de la communication entre ses joueurs. <\/p>\n<blockquote><p>\u00ab Il n\u2019y avait pas besoin de se dire grand-chose. Il y avait juste \u00e0 se regarder \u00bb<\/p><\/blockquote>\n<p>. Cette phrase r\u00e9sume parfaitement l&rsquo;esprit d&rsquo;\u00e9quipe qui a r\u00e9gn\u00e9 lors de cette rencontre. La force collective a \u00e9t\u00e9 mise en avant, avec une d\u00e9fense solide qui a contr\u00e9 les tentatives adverses.<\/p>\n<p>Cidre a rappel\u00e9 que rester dans le cadre et \u00e9viter les individualit\u00e9s \u00e9tait crucial. En maintenant une approche collective, le RCV a r\u00e9ussi \u00e0 surpasser les talents individuels du Racing 92, prouvant que l&rsquo;effort d&rsquo;\u00e9quipe peut souvent triompher des prouesses individuelles. Cette mentalit\u00e9 est d\u00e9sormais ancr\u00e9e dans l&rsquo;\u00e9quipe, ce qui leur permet de viser haut dans le championnat.<\/p>\n<ul>\n<li>Victoire d\u00e9cisive contre le Racing 92<\/li>\n<li>Importance de la pr\u00e9paration collective<\/li>\n<li>Analyse des blessures adverses<\/li>\n<li>La d\u00e9fense comme cl\u00e9 du succ\u00e8s<\/li>\n<li>Confiance renforc\u00e9e avant le match contre Montpellier<\/li>\n<\/ul>\n","protected":false},"excerpt":{"rendered":"","protected":false},"author":34,"featured_media":8971,"comment_status":"open","ping_status":"open","sticky":false,"template":"","format":"standard","meta":{"_acf_changed":false,"manual_indexmenow":false,"indexmenow_id_project":0,"footnotes":""},"categories":[1],"tags":[4886,4585,4543,4885,4408],"class_list":["post-8970","post","type-post","status-publish","format-standard","has-post-thumbnail","hentry","category-a-la-une","tag-analyse-des-adversaires","tag-cohesion-dequipe","tag-performance","tag-preparation-mentale","tag-resilience","generate-columns","tablet-grid-50","mobile-grid-100","grid-parent","grid-25"],"acf":[],"yoast_head":"<!-- This site is optimized with the Yoast SEO Premium plugin v21.3 (Yoast SEO v26.5) - https:\/\/yoast.com\/wordpress\/plugins\/seo\/ -->\n<title>victoire collective de vannes : mathieu cidre t\u00e9moigne<\/title>\n<meta name=\"description\" content=\"Une victoire marquante pour le RCV L&#039;entra\u00eeneur des avants, Mathieu Cidre, a soulign\u00e9 l&#039;importance de cette performance collective, qui valide leur\u2026\" \/>\n<meta name=\"robots\" content=\"index, follow, max-snippet:-1, max-image-preview:large, max-video-preview:-1\" \/>\n<link rel=\"canonical\" href=\"https:\/\/sport-index.fr\/blog\/a-la-une\/victoire-collective-de-vannes-mathieu-cidre-temoigne-de-la-force-de-lequipe\/\" \/>\n<meta property=\"og:locale\" content=\"fr_FR\" \/>\n<meta property=\"og:type\" content=\"article\" \/>\n<meta property=\"og:title\" content=\"victoire collective de vannes : mathieu cidre t\u00e9moigne\" \/>\n<meta property=\"og:description\" content=\"Une victoire marquante pour le RCV L&#039;entra\u00eeneur des avants, Mathieu Cidre, a soulign\u00e9 l&#039;importance de cette performance collective, qui valide leur\u2026\" \/>\n<meta property=\"og:url\" content=\"https:\/\/sport-index.fr\/blog\/a-la-une\/victoire-collective-de-vannes-mathieu-cidre-temoigne-de-la-force-de-lequipe\/\" \/>\n<meta property=\"og:site_name\" content=\"sport-index\" \/>\n<meta property=\"og:image\" content=\"https:\/\/sport-index.fr\/blog\/wp-content\/uploads\/2025\/02\/stability-victoire-collective-de-vannes-mathieu-cidre-temoigne-de-la-force-de-lequipe.png\" \/>\n\t<meta property=\"og:image:width\" content=\"1024\" \/>\n\t<meta property=\"og:image:height\" content=\"576\" \/>\n\t<meta property=\"og:image:type\" content=\"image\/png\" \/>\n<meta name=\"author\" content=\"Axel Lauzier\" \/>\n<meta name=\"twitter:card\" content=\"summary_large_image\" \/>\n<script type=\"application\/ld+json\" class=\"yoast-schema-graph\">{\"@context\":\"https:\/\/schema.org\",\"@graph\":[{\"@type\":\"NewsArticle\",\"@id\":\"https:\/\/sport-index.fr\/blog\/a-la-une\/victoire-collective-de-vannes-mathieu-cidre-temoigne-de-la-force-de-lequipe\/#article\",\"isPartOf\":{\"@id\":\"https:\/\/sport-index.fr\/blog\/a-la-une\/victoire-collective-de-vannes-mathieu-cidre-temoigne-de-la-force-de-lequipe\/\"},\"author\":{\"name\":\"Axel Lauzier\",\"@id\":\"https:\/\/sport-index.fr\/blog\/#\/schema\/person\/3c864cdc320801e3db34b663e7e3f816\"},\"headline\":\"victoire collective de vannes : mathieu cidre t\u00e9moigne de la force de l&rsquo;\u00e9quipe\",\"datePublished\":\"2025-02-17T13:16:27+00:00\",\"mainEntityOfPage\":{\"@id\":\"https:\/\/sport-index.fr\/blog\/a-la-une\/victoire-collective-de-vannes-mathieu-cidre-temoigne-de-la-force-de-lequipe\/\"},\"wordCount\":427,\"commentCount\":29,\"publisher\":{\"@id\":\"https:\/\/sport-index.fr\/blog\/#organization\"},\"image\":{\"@id\":\"https:\/\/sport-index.fr\/blog\/a-la-une\/victoire-collective-de-vannes-mathieu-cidre-temoigne-de-la-force-de-lequipe\/#primaryimage\"},\"thumbnailUrl\":\"https:\/\/sport-index.fr\/blog\/wp-content\/uploads\/2025\/02\/stability-victoire-collective-de-vannes-mathieu-cidre-temoigne-de-la-force-de-lequipe.png\",\"keywords\":[\"Analyse des Adversaires\",\"Coh\u00e9sion d'\u00c9quipe\",\"Performance\",\"Pr\u00e9paration Mentale\",\"R\u00e9silience\"],\"articleSection\":[\"\u00c0 la une\"],\"inLanguage\":\"fr-FR\",\"potentialAction\":[{\"@type\":\"CommentAction\",\"name\":\"Comment\",\"target\":[\"https:\/\/sport-index.fr\/blog\/a-la-une\/victoire-collective-de-vannes-mathieu-cidre-temoigne-de-la-force-de-lequipe\/#respond\"]}]},{\"@type\":\"WebPage\",\"@id\":\"https:\/\/sport-index.fr\/blog\/a-la-une\/victoire-collective-de-vannes-mathieu-cidre-temoigne-de-la-force-de-lequipe\/\",\"url\":\"https:\/\/sport-index.fr\/blog\/a-la-une\/victoire-collective-de-vannes-mathieu-cidre-temoigne-de-la-force-de-lequipe\/\",\"name\":\"victoire collective de vannes : mathieu cidre t\u00e9moigne\",\"isPartOf\":{\"@id\":\"https:\/\/sport-index.fr\/blog\/#website\"},\"primaryImageOfPage\":{\"@id\":\"https:\/\/sport-index.fr\/blog\/a-la-une\/victoire-collective-de-vannes-mathieu-cidre-temoigne-de-la-force-de-lequipe\/#primaryimage\"},\"image\":{\"@id\":\"https:\/\/sport-index.fr\/blog\/a-la-une\/victoire-collective-de-vannes-mathieu-cidre-temoigne-de-la-force-de-lequipe\/#primaryimage\"},\"thumbnailUrl\":\"https:\/\/sport-index.fr\/blog\/wp-content\/uploads\/2025\/02\/stability-victoire-collective-de-vannes-mathieu-cidre-temoigne-de-la-force-de-lequipe.png\",\"datePublished\":\"2025-02-17T13:16:27+00:00\",\"description\":\"Une victoire marquante pour le RCV L'entra\u00eeneur des avants, Mathieu Cidre, a soulign\u00e9 l'importance de cette performance collective, qui valide leur\u2026\",\"inLanguage\":\"fr-FR\",\"potentialAction\":[{\"@type\":\"ReadAction\",\"target\":[\"https:\/\/sport-index.fr\/blog\/a-la-une\/victoire-collective-de-vannes-mathieu-cidre-temoigne-de-la-force-de-lequipe\/\"]}]},{\"@type\":\"ImageObject\",\"inLanguage\":\"fr-FR\",\"@id\":\"https:\/\/sport-index.fr\/blog\/a-la-une\/victoire-collective-de-vannes-mathieu-cidre-temoigne-de-la-force-de-lequipe\/#primaryimage\",\"url\":\"https:\/\/sport-index.fr\/blog\/wp-content\/uploads\/2025\/02\/stability-victoire-collective-de-vannes-mathieu-cidre-temoigne-de-la-force-de-lequipe.png\",\"contentUrl\":\"https:\/\/sport-index.fr\/blog\/wp-content\/uploads\/2025\/02\/stability-victoire-collective-de-vannes-mathieu-cidre-temoigne-de-la-force-de-lequipe.png\",\"width\":1024,\"height\":576},{\"@type\":\"WebSite\",\"@id\":\"https:\/\/sport-index.fr\/blog\/#website\",\"url\":\"https:\/\/sport-index.fr\/blog\/\",\"name\":\"sport-index.fr\",\"description\":\"Le score de l\u2019analyse sportive.\",\"publisher\":{\"@id\":\"https:\/\/sport-index.fr\/blog\/#organization\"},\"alternateName\":\"Le score de l\u2019analyse sportive.\",\"potentialAction\":[{\"@type\":\"SearchAction\",\"target\":{\"@type\":\"EntryPoint\",\"urlTemplate\":\"https:\/\/sport-index.fr\/blog\/?s={search_term_string}\"},\"query-input\":{\"@type\":\"PropertyValueSpecification\",\"valueRequired\":true,\"valueName\":\"search_term_string\"}}],\"inLanguage\":\"fr-FR\"},{\"@type\":\"Organization\",\"@id\":\"https:\/\/sport-index.fr\/blog\/#organization\",\"name\":\"Foretsensations.fr\",\"url\":\"https:\/\/sport-index.fr\/blog\/\",\"logo\":{\"@type\":\"ImageObject\",\"inLanguage\":\"fr-FR\",\"@id\":\"https:\/\/sport-index.fr\/blog\/#\/schema\/logo\/image\/\",\"url\":\"https:\/\/sport-index.fr\/blog\/wp-content\/uploads\/2026\/07\/logo-auto.png\",\"contentUrl\":\"https:\/\/sport-index.fr\/blog\/wp-content\/uploads\/2026\/07\/logo-auto.png\",\"width\":1024,\"height\":1024,\"caption\":\"Foretsensations.fr\"},\"image\":{\"@id\":\"https:\/\/sport-index.fr\/blog\/#\/schema\/logo\/image\/\"}},{\"@type\":\"Person\",\"@id\":\"https:\/\/sport-index.fr\/blog\/#\/schema\/person\/3c864cdc320801e3db34b663e7e3f816\",\"name\":\"Axel Lauzier\",\"image\":{\"@type\":\"ImageObject\",\"inLanguage\":\"fr-FR\",\"@id\":\"https:\/\/sport-index.fr\/blog\/#\/schema\/person\/image\/\",\"url\":\"https:\/\/sport-index.fr\/blog\/wp-content\/uploads\/2026\/06\/persona_axel-l-96x96.jpg\",\"contentUrl\":\"https:\/\/sport-index.fr\/blog\/wp-content\/uploads\/2026\/06\/persona_axel-l-96x96.jpg\",\"caption\":\"Axel Lauzier\"},\"description\":\"Le sport rythme mon quotidien depuis l'enfance, et j'en ai fait mon m\u00e9tier d'analyste r\u00e9dactionnel il y a une dizaine d'ann\u00e9es. Je couvre principalement le football, son actualit\u00e9, ses transferts et l'analyse tactique des grandes affiches, mais aussi les disciplines plus confidentielles que j'aime remettre en lumi\u00e8re. Une partie de mon travail porte sur les pronostics et la lecture statistique d'un match : forme des \u00e9quipes, historique des confrontations, compositions, sans jamais vendre de fausse certitude. Je rappelle syst\u00e9matiquement que parier comporte un risque et doit rester un loisir ma\u00eetris\u00e9. Avant de signer une analyse, je v\u00e9rifie mes chiffres, je recoupe les compositions probables et je distingue toujours la donn\u00e9e brute de l'intuition. Mon objectif : offrir une lecture honn\u00eate et argument\u00e9e, pas un ticket gagnant garanti.\",\"sameAs\":[\"https:\/\/axellauzier.fr\/\"],\"url\":\"https:\/\/sport-index.fr\/blog\/auteur\/noname\/\"}]}<\/script>\n<!-- \/ Yoast SEO Premium plugin. -->","yoast_head_json":{"title":"victoire collective de vannes : mathieu cidre t\u00e9moigne","description":"Une victoire marquante pour le RCV L'entra\u00eeneur des avants, Mathieu Cidre, a soulign\u00e9 l'importance de cette performance collective, qui valide leur\u2026","robots":{"index":"index","follow":"follow","max-snippet":"max-snippet:-1","max-image-preview":"max-image-preview:large","max-video-preview":"max-video-preview:-1"},"canonical":"https:\/\/sport-index.fr\/blog\/a-la-une\/victoire-collective-de-vannes-mathieu-cidre-temoigne-de-la-force-de-lequipe\/","og_locale":"fr_FR","og_type":"article","og_title":"victoire collective de vannes : mathieu cidre t\u00e9moigne","og_description":"Une victoire marquante pour le RCV L'entra\u00eeneur des avants, Mathieu Cidre, a soulign\u00e9 l'importance de cette performance collective, qui valide leur\u2026","og_url":"https:\/\/sport-index.fr\/blog\/a-la-une\/victoire-collective-de-vannes-mathieu-cidre-temoigne-de-la-force-de-lequipe\/","og_site_name":"sport-index","og_image":[{"width":1024,"height":576,"url":"https:\/\/sport-index.fr\/blog\/wp-content\/uploads\/2025\/02\/stability-victoire-collective-de-vannes-mathieu-cidre-temoigne-de-la-force-de-lequipe.png","type":"image\/png"}],"author":"Axel Lauzier","twitter_card":"summary_large_image","schema":{"@context":"https:\/\/schema.org","@graph":[{"@type":"NewsArticle","@id":"https:\/\/sport-index.fr\/blog\/a-la-une\/victoire-collective-de-vannes-mathieu-cidre-temoigne-de-la-force-de-lequipe\/#article","isPartOf":{"@id":"https:\/\/sport-index.fr\/blog\/a-la-une\/victoire-collective-de-vannes-mathieu-cidre-temoigne-de-la-force-de-lequipe\/"},"author":{"name":"Axel Lauzier","@id":"https:\/\/sport-index.fr\/blog\/#\/schema\/person\/3c864cdc320801e3db34b663e7e3f816"},"headline":"victoire collective de vannes : mathieu cidre t\u00e9moigne de la force de l&rsquo;\u00e9quipe","datePublished":"2025-02-17T13:16:27+00:00","mainEntityOfPage":{"@id":"https:\/\/sport-index.fr\/blog\/a-la-une\/victoire-collective-de-vannes-mathieu-cidre-temoigne-de-la-force-de-lequipe\/"},"wordCount":427,"commentCount":29,"publisher":{"@id":"https:\/\/sport-index.fr\/blog\/#organization"},"image":{"@id":"https:\/\/sport-index.fr\/blog\/a-la-une\/victoire-collective-de-vannes-mathieu-cidre-temoigne-de-la-force-de-lequipe\/#primaryimage"},"thumbnailUrl":"https:\/\/sport-index.fr\/blog\/wp-content\/uploads\/2025\/02\/stability-victoire-collective-de-vannes-mathieu-cidre-temoigne-de-la-force-de-lequipe.png","keywords":["Analyse des Adversaires","Coh\u00e9sion d'\u00c9quipe","Performance","Pr\u00e9paration Mentale","R\u00e9silience"],"articleSection":["\u00c0 la une"],"inLanguage":"fr-FR","potentialAction":[{"@type":"CommentAction","name":"Comment","target":["https:\/\/sport-index.fr\/blog\/a-la-une\/victoire-collective-de-vannes-mathieu-cidre-temoigne-de-la-force-de-lequipe\/#respond"]}]},{"@type":"WebPage","@id":"https:\/\/sport-index.fr\/blog\/a-la-une\/victoire-collective-de-vannes-mathieu-cidre-temoigne-de-la-force-de-lequipe\/","url":"https:\/\/sport-index.fr\/blog\/a-la-une\/victoire-collective-de-vannes-mathieu-cidre-temoigne-de-la-force-de-lequipe\/","name":"victoire collective de vannes : mathieu cidre t\u00e9moigne","isPartOf":{"@id":"https:\/\/sport-index.fr\/blog\/#website"},"primaryImageOfPage":{"@id":"https:\/\/sport-index.fr\/blog\/a-la-une\/victoire-collective-de-vannes-mathieu-cidre-temoigne-de-la-force-de-lequipe\/#primaryimage"},"image":{"@id":"https:\/\/sport-index.fr\/blog\/a-la-une\/victoire-collective-de-vannes-mathieu-cidre-temoigne-de-la-force-de-lequipe\/#primaryimage"},"thumbnailUrl":"https:\/\/sport-index.fr\/blog\/wp-content\/uploads\/2025\/02\/stability-victoire-collective-de-vannes-mathieu-cidre-temoigne-de-la-force-de-lequipe.png","datePublished":"2025-02-17T13:16:27+00:00","description":"Une victoire marquante pour le RCV L'entra\u00eeneur des avants, Mathieu Cidre, a soulign\u00e9 l'importance de cette performance collective, qui valide leur\u2026","inLanguage":"fr-FR","potentialAction":[{"@type":"ReadAction","target":["https:\/\/sport-index.fr\/blog\/a-la-une\/victoire-collective-de-vannes-mathieu-cidre-temoigne-de-la-force-de-lequipe\/"]}]},{"@type":"ImageObject","inLanguage":"fr-FR","@id":"https:\/\/sport-index.fr\/blog\/a-la-une\/victoire-collective-de-vannes-mathieu-cidre-temoigne-de-la-force-de-lequipe\/#primaryimage","url":"https:\/\/sport-index.fr\/blog\/wp-content\/uploads\/2025\/02\/stability-victoire-collective-de-vannes-mathieu-cidre-temoigne-de-la-force-de-lequipe.png","contentUrl":"https:\/\/sport-index.fr\/blog\/wp-content\/uploads\/2025\/02\/stability-victoire-collective-de-vannes-mathieu-cidre-temoigne-de-la-force-de-lequipe.png","width":1024,"height":576},{"@type":"WebSite","@id":"https:\/\/sport-index.fr\/blog\/#website","url":"https:\/\/sport-index.fr\/blog\/","name":"sport-index.fr","description":"Le score de l\u2019analyse sportive.","publisher":{"@id":"https:\/\/sport-index.fr\/blog\/#organization"},"alternateName":"Le score de l\u2019analyse sportive.","potentialAction":[{"@type":"SearchAction","target":{"@type":"EntryPoint","urlTemplate":"https:\/\/sport-index.fr\/blog\/?s={search_term_string}"},"query-input":{"@type":"PropertyValueSpecification","valueRequired":true,"valueName":"search_term_string"}}],"inLanguage":"fr-FR"},{"@type":"Organization","@id":"https:\/\/sport-index.fr\/blog\/#organization","name":"Foretsensations.fr","url":"https:\/\/sport-index.fr\/blog\/","logo":{"@type":"ImageObject","inLanguage":"fr-FR","@id":"https:\/\/sport-index.fr\/blog\/#\/schema\/logo\/image\/","url":"https:\/\/sport-index.fr\/blog\/wp-content\/uploads\/2026\/07\/logo-auto.png","contentUrl":"https:\/\/sport-index.fr\/blog\/wp-content\/uploads\/2026\/07\/logo-auto.png","width":1024,"height":1024,"caption":"Foretsensations.fr"},"image":{"@id":"https:\/\/sport-index.fr\/blog\/#\/schema\/logo\/image\/"}},{"@type":"Person","@id":"https:\/\/sport-index.fr\/blog\/#\/schema\/person\/3c864cdc320801e3db34b663e7e3f816","name":"Axel Lauzier","image":{"@type":"ImageObject","inLanguage":"fr-FR","@id":"https:\/\/sport-index.fr\/blog\/#\/schema\/person\/image\/","url":"https:\/\/sport-index.fr\/blog\/wp-content\/uploads\/2026\/06\/persona_axel-l-96x96.jpg","contentUrl":"https:\/\/sport-index.fr\/blog\/wp-content\/uploads\/2026\/06\/persona_axel-l-96x96.jpg","caption":"Axel Lauzier"},"description":"Le sport rythme mon quotidien depuis l'enfance, et j'en ai fait mon m\u00e9tier d'analyste r\u00e9dactionnel il y a une dizaine d'ann\u00e9es. Je couvre principalement le football, son actualit\u00e9, ses transferts et l'analyse tactique des grandes affiches, mais aussi les disciplines plus confidentielles que j'aime remettre en lumi\u00e8re. Une partie de mon travail porte sur les pronostics et la lecture statistique d'un match : forme des \u00e9quipes, historique des confrontations, compositions, sans jamais vendre de fausse certitude. Je rappelle syst\u00e9matiquement que parier comporte un risque et doit rester un loisir ma\u00eetris\u00e9. Avant de signer une analyse, je v\u00e9rifie mes chiffres, je recoupe les compositions probables et je distingue toujours la donn\u00e9e brute de l'intuition. Mon objectif : offrir une lecture honn\u00eate et argument\u00e9e, pas un ticket gagnant garanti.","sameAs":["https:\/\/axellauzier.fr\/"],"url":"https:\/\/sport-index.fr\/blog\/auteur\/noname\/"}]}},"_links":{"self":[{"href":"https:\/\/sport-index.fr\/blog\/wp-json\/wp\/v2\/posts\/8970","targetHints":{"allow":["GET"]}}],"collection":[{"href":"https:\/\/sport-index.fr\/blog\/wp-json\/wp\/v2\/posts"}],"about":[{"href":"https:\/\/sport-index.fr\/blog\/wp-json\/wp\/v2\/types\/post"}],"author":[{"embeddable":true,"href":"https:\/\/sport-index.fr\/blog\/wp-json\/wp\/v2\/users\/34"}],"replies":[{"embeddable":true,"href":"https:\/\/sport-index.fr\/blog\/wp-json\/wp\/v2\/comments?post=8970"}],"version-history":[{"count":2,"href":"https:\/\/sport-index.fr\/blog\/wp-json\/wp\/v2\/posts\/8970\/revisions"}],"predecessor-version":[{"id":9363,"href":"https:\/\/sport-index.fr\/blog\/wp-json\/wp\/v2\/posts\/8970\/revisions\/9363"}],"wp:featuredmedia":[{"embeddable":true,"href":"https:\/\/sport-index.fr\/blog\/wp-json\/wp\/v2\/media\/8971"}],"wp:attachment":[{"href":"https:\/\/sport-index.fr\/blog\/wp-json\/wp\/v2\/media?parent=8970"}],"wp:term":[{"taxonomy":"category","embeddable":true,"href":"https:\/\/sport-index.fr\/blog\/wp-json\/wp\/v2\/categories?post=8970"},{"taxonomy":"post_tag","embeddable":true,"href":"https:\/\/sport-index.fr\/blog\/wp-json\/wp\/v2\/tags?post=8970"}],"curies":[{"name":"wp","href":"https:\/\/api.w.org\/{rel}","templated":true}]}}