{"id":9065,"date":"2025-02-17T01:22:59","date_gmt":"2025-02-17T00:22:59","guid":{"rendered":"https:\/\/sport-index.fr\/blog\/?p=9065"},"modified":"2025-02-16T10:57:58","modified_gmt":"2025-02-16T09:57:58","slug":"clement-noel-calme-et-determine-avant-la-finale-du-slalom-mondial-a-saalbach","status":"publish","type":"post","link":"https:\/\/sport-index.fr\/blog\/a-la-une\/clement-noel-calme-et-determine-avant-la-finale-du-slalom-mondial-a-saalbach\/","title":{"rendered":"Cl\u00e9ment No\u00ebl : calme et d\u00e9termin\u00e9 avant la finale du slalom mondial \u00e0 Saalbach"},"content":{"rendered":"<p>Le jeune prodige fran\u00e7ais a su s&rsquo;imposer lors de la premi\u00e8re manche du slalom, affichant un temps qui a surpris les concurrents et ravi ses supporters. Avec une confiance in\u00e9branlable, il se pr\u00e9pare maintenant pour le second passage, conscient que la course n&rsquo;est pas encore gagn\u00e9e.<\/p>\n<h2>Une premi\u00e8re manche impressionnante<\/h2>\n<p>Cl\u00e9ment No\u00ebl a d\u00e9but\u00e9 les comp\u00e9titions avec un style qui lui est propre. Il a r\u00e9alis\u00e9 le meilleur temps de la premi\u00e8re manche, une performance qui t\u00e9moigne de sa pr\u00e9paration rigoureuse et de son talent ind\u00e9niable. Apr\u00e8s la course, il a partag\u00e9 ses impressions, d\u00e9clarant : \u00ab\u00a0Je me suis plut\u00f4t r\u00e9gal\u00e9\u00a0\u00bb, soulignant son plaisir sur les pistes de Saalbach.<\/p>\n<p>Malgr\u00e9 sa position de leader, le skieur fran\u00e7ais reste lucide. Il sait que le slalom est une discipline o\u00f9 chaque seconde compte, et que la victoire d\u00e9pend d&rsquo;une concentration totale lors de la deuxi\u00e8me manche. \u00ab\u00a0\u00c7a commence l\u00e0\u00a0\u00bb, a-t-il ajout\u00e9, insistant sur l&rsquo;importance de rester concentr\u00e9 et serein avant le prochain passage.<\/p>\n<h2>Les enjeux de la deuxi\u00e8me manche<\/h2>\n<p>La tension monte alors que la deuxi\u00e8me manche approche. Cl\u00e9ment doit non seulement maintenir son avance, mais aussi g\u00e9rer la pression qui vient avec le fait d&rsquo;\u00eatre en t\u00eate. Chaque concurrent cherchera \u00e0 le d\u00e9passer, et il devra faire preuve de d\u00e9termination et de ma\u00eetrise.<img decoding=\"async\" width=\"1024\" height=\"576\" src=\"https:\/\/sport-index.fr\/blog\/wp-content\/uploads\/2025\/02\/stability-clement-noel-calme-et-determine-avant-la-finale-du-slalom-mondial-a-saalbach-1.png\" class=\"aligncenter\" alt=\"Illustration d\u00e9taill\u00e9e sur Cl\u00e9ment No\u00ebl : calme et d\u00e9termin\u00e9 avant la finale du slalom mondial \u00e0 Saalbach\" title=\"Cl\u00e9ment No\u00ebl : calme et d\u00e9termin\u00e9 avant la finale du slalom mondial \u00e0 Saalbach\" loading=\"lazy\" \/><\/p>\n<p>Les conditions de course peuvent \u00e9galement changer, affectant le comportement de la neige et le trac\u00e9. Les sportifs doivent donc s&rsquo;adapter rapidement, et No\u00ebl est connu pour sa capacit\u00e9 \u00e0 r\u00e9agir face \u00e0 l&rsquo;impr\u00e9vu. Il est essentiel pour lui de rester dans une zone de confort tout en restant attentif aux variables externes.<\/p>\n<h2>Les secrets de sa r\u00e9ussite<\/h2>\n<p>Le succ\u00e8s de Cl\u00e9ment No\u00ebl repose sur plusieurs facteurs cl\u00e9s. Tout d&rsquo;abord, sa technique de ski est impeccable, lui permettant de naviguer \u00e0 travers les portes du slalom avec une fluidit\u00e9 remarquable. De plus, son mental d&rsquo;acier joue un r\u00f4le fondamental, lui permettant de g\u00e9rer la pression comme peu d&rsquo;athl\u00e8tes peuvent le faire.<\/p>\n<p>En parall\u00e8le, un soutien ind\u00e9fectible de son entourage, notamment de son entra\u00eeneur et de ses proches, lui permet de rester motiv\u00e9. Les encouragements et les conseils font partie int\u00e9grante de sa pr\u00e9paration avant chaque course. No\u00ebl est un exemple de ce que peut accomplir un athl\u00e8te lorsqu&rsquo;il combine talent, travail acharn\u00e9 et soutien.<\/p>\n<ul>\n<li>Meilleur temps de la premi\u00e8re manche<\/li>\n<li>Pr\u00e9paration mentale solide<\/li>\n<li>Concentration sur la deuxi\u00e8me manche<\/li>\n<li>Support de l&rsquo;\u00e9quipe et des proches<\/li>\n<li>Adaptabilit\u00e9 aux conditions de course<\/li>\n<\/ul>\n<blockquote><p>\u201c\u00c7a commence l\u00e0\u201d, a d\u00e9clar\u00e9 Cl\u00e9ment No\u00ebl, rappelant l&rsquo;importance de chaque instant sur la piste.<\/p><\/blockquote>\n<p>Alors que l&rsquo;heure de la deuxi\u00e8me manche approche, le public et les fans de ski alpin attendent avec impatience de voir si Cl\u00e9ment No\u00ebl saura confirmer son statut de champion. La tension est palpable et chaque regard sera tourn\u00e9 vers lui. Quel que soit le r\u00e9sultat, sa performance lors de la premi\u00e8re manche a d\u00e9j\u00e0 marqu\u00e9 les esprits et promet un avenir brillant pour ce jeune skieur talentueux.<\/p>\n","protected":false},"excerpt":{"rendered":"","protected":false},"author":34,"featured_media":9066,"comment_status":"open","ping_status":"open","sticky":false,"template":"","format":"standard","meta":{"_acf_changed":false,"manual_indexmenow":false,"indexmenow_id_project":0,"footnotes":""},"categories":[1],"tags":[4545,4561,4563,4885,4591],"class_list":["post-9065","post","type-post","status-publish","format-standard","has-post-thumbnail","hentry","category-a-la-une","tag-confiance","tag-gestion-des-talents","tag-performance-athletique","tag-preparation-mentale","tag-ski-alpin","generate-columns","tablet-grid-50","mobile-grid-100","grid-parent","grid-25"],"acf":[],"yoast_head":"<!-- This site is optimized with the Yoast SEO Premium plugin v21.3 (Yoast SEO v26.5) - https:\/\/yoast.com\/wordpress\/plugins\/seo\/ -->\n<title>Cl\u00e9ment No\u00ebl : calme et d\u00e9termin\u00e9 avant la finale du slalom<\/title>\n<meta name=\"description\" content=\"Le jeune prodige fran\u00e7ais a su s&#039;imposer lors de la premi\u00e8re manche du slalom, affichant un temps qui a surpris les concurrents et ravi ses supporters\u2026\" \/>\n<meta name=\"robots\" content=\"index, follow, max-snippet:-1, max-image-preview:large, max-video-preview:-1\" \/>\n<link rel=\"canonical\" href=\"https:\/\/sport-index.fr\/blog\/a-la-une\/clement-noel-calme-et-determine-avant-la-finale-du-slalom-mondial-a-saalbach\/\" \/>\n<meta property=\"og:locale\" content=\"fr_FR\" \/>\n<meta property=\"og:type\" content=\"article\" \/>\n<meta property=\"og:title\" content=\"Cl\u00e9ment No\u00ebl : calme et d\u00e9termin\u00e9 avant la finale du slalom\" \/>\n<meta property=\"og:description\" content=\"Le jeune prodige fran\u00e7ais a su s&#039;imposer lors de la premi\u00e8re manche du slalom, affichant un temps qui a surpris les concurrents et ravi ses supporters\u2026\" \/>\n<meta property=\"og:url\" content=\"https:\/\/sport-index.fr\/blog\/a-la-une\/clement-noel-calme-et-determine-avant-la-finale-du-slalom-mondial-a-saalbach\/\" \/>\n<meta property=\"og:site_name\" content=\"sport-index\" \/>\n<meta property=\"og:image\" content=\"https:\/\/sport-index.fr\/blog\/wp-content\/uploads\/2025\/02\/stability-clement-noel-calme-et-determine-avant-la-finale-du-slalom-mondial-a-saalbach.png\" \/>\n\t<meta property=\"og:image:width\" content=\"1024\" \/>\n\t<meta property=\"og:image:height\" content=\"576\" \/>\n\t<meta property=\"og:image:type\" content=\"image\/png\" \/>\n<meta name=\"author\" content=\"Axel Lauzier\" \/>\n<meta name=\"twitter:card\" content=\"summary_large_image\" \/>\n<script type=\"application\/ld+json\" class=\"yoast-schema-graph\">{\"@context\":\"https:\/\/schema.org\",\"@graph\":[{\"@type\":\"NewsArticle\",\"@id\":\"https:\/\/sport-index.fr\/blog\/a-la-une\/clement-noel-calme-et-determine-avant-la-finale-du-slalom-mondial-a-saalbach\/#article\",\"isPartOf\":{\"@id\":\"https:\/\/sport-index.fr\/blog\/a-la-une\/clement-noel-calme-et-determine-avant-la-finale-du-slalom-mondial-a-saalbach\/\"},\"author\":{\"name\":\"Axel Lauzier\",\"@id\":\"https:\/\/sport-index.fr\/blog\/#\/schema\/person\/3c864cdc320801e3db34b663e7e3f816\"},\"headline\":\"Cl\u00e9ment No\u00ebl : calme et d\u00e9termin\u00e9 avant la finale du slalom mondial \u00e0 Saalbach\",\"datePublished\":\"2025-02-17T00:22:59+00:00\",\"mainEntityOfPage\":{\"@id\":\"https:\/\/sport-index.fr\/blog\/a-la-une\/clement-noel-calme-et-determine-avant-la-finale-du-slalom-mondial-a-saalbach\/\"},\"wordCount\":568,\"commentCount\":23,\"publisher\":{\"@id\":\"https:\/\/sport-index.fr\/blog\/#organization\"},\"image\":{\"@id\":\"https:\/\/sport-index.fr\/blog\/a-la-une\/clement-noel-calme-et-determine-avant-la-finale-du-slalom-mondial-a-saalbach\/#primaryimage\"},\"thumbnailUrl\":\"https:\/\/sport-index.fr\/blog\/wp-content\/uploads\/2025\/02\/stability-clement-noel-calme-et-determine-avant-la-finale-du-slalom-mondial-a-saalbach.png\",\"keywords\":[\"Confiance\",\"Gestion des Talents\",\"Performance Athl\u00e9tique\",\"Pr\u00e9paration Mentale\",\"Ski Alpin\"],\"articleSection\":[\"\u00c0 la une\"],\"inLanguage\":\"fr-FR\",\"potentialAction\":[{\"@type\":\"CommentAction\",\"name\":\"Comment\",\"target\":[\"https:\/\/sport-index.fr\/blog\/a-la-une\/clement-noel-calme-et-determine-avant-la-finale-du-slalom-mondial-a-saalbach\/#respond\"]}]},{\"@type\":\"WebPage\",\"@id\":\"https:\/\/sport-index.fr\/blog\/a-la-une\/clement-noel-calme-et-determine-avant-la-finale-du-slalom-mondial-a-saalbach\/\",\"url\":\"https:\/\/sport-index.fr\/blog\/a-la-une\/clement-noel-calme-et-determine-avant-la-finale-du-slalom-mondial-a-saalbach\/\",\"name\":\"Cl\u00e9ment No\u00ebl : calme et d\u00e9termin\u00e9 avant la finale du slalom\",\"isPartOf\":{\"@id\":\"https:\/\/sport-index.fr\/blog\/#website\"},\"primaryImageOfPage\":{\"@id\":\"https:\/\/sport-index.fr\/blog\/a-la-une\/clement-noel-calme-et-determine-avant-la-finale-du-slalom-mondial-a-saalbach\/#primaryimage\"},\"image\":{\"@id\":\"https:\/\/sport-index.fr\/blog\/a-la-une\/clement-noel-calme-et-determine-avant-la-finale-du-slalom-mondial-a-saalbach\/#primaryimage\"},\"thumbnailUrl\":\"https:\/\/sport-index.fr\/blog\/wp-content\/uploads\/2025\/02\/stability-clement-noel-calme-et-determine-avant-la-finale-du-slalom-mondial-a-saalbach.png\",\"datePublished\":\"2025-02-17T00:22:59+00:00\",\"description\":\"Le jeune prodige fran\u00e7ais a su s'imposer lors de la premi\u00e8re manche du slalom, affichant un temps qui a surpris les concurrents et ravi ses supporters\u2026\",\"inLanguage\":\"fr-FR\",\"potentialAction\":[{\"@type\":\"ReadAction\",\"target\":[\"https:\/\/sport-index.fr\/blog\/a-la-une\/clement-noel-calme-et-determine-avant-la-finale-du-slalom-mondial-a-saalbach\/\"]}]},{\"@type\":\"ImageObject\",\"inLanguage\":\"fr-FR\",\"@id\":\"https:\/\/sport-index.fr\/blog\/a-la-une\/clement-noel-calme-et-determine-avant-la-finale-du-slalom-mondial-a-saalbach\/#primaryimage\",\"url\":\"https:\/\/sport-index.fr\/blog\/wp-content\/uploads\/2025\/02\/stability-clement-noel-calme-et-determine-avant-la-finale-du-slalom-mondial-a-saalbach.png\",\"contentUrl\":\"https:\/\/sport-index.fr\/blog\/wp-content\/uploads\/2025\/02\/stability-clement-noel-calme-et-determine-avant-la-finale-du-slalom-mondial-a-saalbach.png\",\"width\":1024,\"height\":576},{\"@type\":\"WebSite\",\"@id\":\"https:\/\/sport-index.fr\/blog\/#website\",\"url\":\"https:\/\/sport-index.fr\/blog\/\",\"name\":\"sport-index.fr\",\"description\":\"Le score de l\u2019analyse sportive.\",\"publisher\":{\"@id\":\"https:\/\/sport-index.fr\/blog\/#organization\"},\"alternateName\":\"Le score de l\u2019analyse sportive.\",\"potentialAction\":[{\"@type\":\"SearchAction\",\"target\":{\"@type\":\"EntryPoint\",\"urlTemplate\":\"https:\/\/sport-index.fr\/blog\/?s={search_term_string}\"},\"query-input\":{\"@type\":\"PropertyValueSpecification\",\"valueRequired\":true,\"valueName\":\"search_term_string\"}}],\"inLanguage\":\"fr-FR\"},{\"@type\":\"Organization\",\"@id\":\"https:\/\/sport-index.fr\/blog\/#organization\",\"name\":\"Foretsensations.fr\",\"url\":\"https:\/\/sport-index.fr\/blog\/\",\"logo\":{\"@type\":\"ImageObject\",\"inLanguage\":\"fr-FR\",\"@id\":\"https:\/\/sport-index.fr\/blog\/#\/schema\/logo\/image\/\",\"url\":\"https:\/\/sport-index.fr\/blog\/wp-content\/uploads\/2026\/07\/logo-auto.png\",\"contentUrl\":\"https:\/\/sport-index.fr\/blog\/wp-content\/uploads\/2026\/07\/logo-auto.png\",\"width\":1024,\"height\":1024,\"caption\":\"Foretsensations.fr\"},\"image\":{\"@id\":\"https:\/\/sport-index.fr\/blog\/#\/schema\/logo\/image\/\"}},{\"@type\":\"Person\",\"@id\":\"https:\/\/sport-index.fr\/blog\/#\/schema\/person\/3c864cdc320801e3db34b663e7e3f816\",\"name\":\"Axel Lauzier\",\"image\":{\"@type\":\"ImageObject\",\"inLanguage\":\"fr-FR\",\"@id\":\"https:\/\/sport-index.fr\/blog\/#\/schema\/person\/image\/\",\"url\":\"https:\/\/sport-index.fr\/blog\/wp-content\/uploads\/2026\/06\/persona_axel-l-96x96.jpg\",\"contentUrl\":\"https:\/\/sport-index.fr\/blog\/wp-content\/uploads\/2026\/06\/persona_axel-l-96x96.jpg\",\"caption\":\"Axel Lauzier\"},\"description\":\"Le sport rythme mon quotidien depuis l'enfance, et j'en ai fait mon m\u00e9tier d'analyste r\u00e9dactionnel il y a une dizaine d'ann\u00e9es. Je couvre principalement le football, son actualit\u00e9, ses transferts et l'analyse tactique des grandes affiches, mais aussi les disciplines plus confidentielles que j'aime remettre en lumi\u00e8re. Une partie de mon travail porte sur les pronostics et la lecture statistique d'un match : forme des \u00e9quipes, historique des confrontations, compositions, sans jamais vendre de fausse certitude. Je rappelle syst\u00e9matiquement que parier comporte un risque et doit rester un loisir ma\u00eetris\u00e9. Avant de signer une analyse, je v\u00e9rifie mes chiffres, je recoupe les compositions probables et je distingue toujours la donn\u00e9e brute de l'intuition. Mon objectif : offrir une lecture honn\u00eate et argument\u00e9e, pas un ticket gagnant garanti.\",\"sameAs\":[\"https:\/\/axellauzier.fr\/\"],\"url\":\"https:\/\/sport-index.fr\/blog\/auteur\/noname\/\"}]}<\/script>\n<!-- \/ Yoast SEO Premium plugin. -->","yoast_head_json":{"title":"Cl\u00e9ment No\u00ebl : calme et d\u00e9termin\u00e9 avant la finale du slalom","description":"Le jeune prodige fran\u00e7ais a su s'imposer lors de la premi\u00e8re manche du slalom, affichant un temps qui a surpris les concurrents et ravi ses supporters\u2026","robots":{"index":"index","follow":"follow","max-snippet":"max-snippet:-1","max-image-preview":"max-image-preview:large","max-video-preview":"max-video-preview:-1"},"canonical":"https:\/\/sport-index.fr\/blog\/a-la-une\/clement-noel-calme-et-determine-avant-la-finale-du-slalom-mondial-a-saalbach\/","og_locale":"fr_FR","og_type":"article","og_title":"Cl\u00e9ment No\u00ebl : calme et d\u00e9termin\u00e9 avant la finale du slalom","og_description":"Le jeune prodige fran\u00e7ais a su s'imposer lors de la premi\u00e8re manche du slalom, affichant un temps qui a surpris les concurrents et ravi ses supporters\u2026","og_url":"https:\/\/sport-index.fr\/blog\/a-la-une\/clement-noel-calme-et-determine-avant-la-finale-du-slalom-mondial-a-saalbach\/","og_site_name":"sport-index","og_image":[{"width":1024,"height":576,"url":"https:\/\/sport-index.fr\/blog\/wp-content\/uploads\/2025\/02\/stability-clement-noel-calme-et-determine-avant-la-finale-du-slalom-mondial-a-saalbach.png","type":"image\/png"}],"author":"Axel Lauzier","twitter_card":"summary_large_image","schema":{"@context":"https:\/\/schema.org","@graph":[{"@type":"NewsArticle","@id":"https:\/\/sport-index.fr\/blog\/a-la-une\/clement-noel-calme-et-determine-avant-la-finale-du-slalom-mondial-a-saalbach\/#article","isPartOf":{"@id":"https:\/\/sport-index.fr\/blog\/a-la-une\/clement-noel-calme-et-determine-avant-la-finale-du-slalom-mondial-a-saalbach\/"},"author":{"name":"Axel Lauzier","@id":"https:\/\/sport-index.fr\/blog\/#\/schema\/person\/3c864cdc320801e3db34b663e7e3f816"},"headline":"Cl\u00e9ment No\u00ebl : calme et d\u00e9termin\u00e9 avant la finale du slalom mondial \u00e0 Saalbach","datePublished":"2025-02-17T00:22:59+00:00","mainEntityOfPage":{"@id":"https:\/\/sport-index.fr\/blog\/a-la-une\/clement-noel-calme-et-determine-avant-la-finale-du-slalom-mondial-a-saalbach\/"},"wordCount":568,"commentCount":23,"publisher":{"@id":"https:\/\/sport-index.fr\/blog\/#organization"},"image":{"@id":"https:\/\/sport-index.fr\/blog\/a-la-une\/clement-noel-calme-et-determine-avant-la-finale-du-slalom-mondial-a-saalbach\/#primaryimage"},"thumbnailUrl":"https:\/\/sport-index.fr\/blog\/wp-content\/uploads\/2025\/02\/stability-clement-noel-calme-et-determine-avant-la-finale-du-slalom-mondial-a-saalbach.png","keywords":["Confiance","Gestion des Talents","Performance Athl\u00e9tique","Pr\u00e9paration Mentale","Ski Alpin"],"articleSection":["\u00c0 la une"],"inLanguage":"fr-FR","potentialAction":[{"@type":"CommentAction","name":"Comment","target":["https:\/\/sport-index.fr\/blog\/a-la-une\/clement-noel-calme-et-determine-avant-la-finale-du-slalom-mondial-a-saalbach\/#respond"]}]},{"@type":"WebPage","@id":"https:\/\/sport-index.fr\/blog\/a-la-une\/clement-noel-calme-et-determine-avant-la-finale-du-slalom-mondial-a-saalbach\/","url":"https:\/\/sport-index.fr\/blog\/a-la-une\/clement-noel-calme-et-determine-avant-la-finale-du-slalom-mondial-a-saalbach\/","name":"Cl\u00e9ment No\u00ebl : calme et d\u00e9termin\u00e9 avant la finale du slalom","isPartOf":{"@id":"https:\/\/sport-index.fr\/blog\/#website"},"primaryImageOfPage":{"@id":"https:\/\/sport-index.fr\/blog\/a-la-une\/clement-noel-calme-et-determine-avant-la-finale-du-slalom-mondial-a-saalbach\/#primaryimage"},"image":{"@id":"https:\/\/sport-index.fr\/blog\/a-la-une\/clement-noel-calme-et-determine-avant-la-finale-du-slalom-mondial-a-saalbach\/#primaryimage"},"thumbnailUrl":"https:\/\/sport-index.fr\/blog\/wp-content\/uploads\/2025\/02\/stability-clement-noel-calme-et-determine-avant-la-finale-du-slalom-mondial-a-saalbach.png","datePublished":"2025-02-17T00:22:59+00:00","description":"Le jeune prodige fran\u00e7ais a su s'imposer lors de la premi\u00e8re manche du slalom, affichant un temps qui a surpris les concurrents et ravi ses supporters\u2026","inLanguage":"fr-FR","potentialAction":[{"@type":"ReadAction","target":["https:\/\/sport-index.fr\/blog\/a-la-une\/clement-noel-calme-et-determine-avant-la-finale-du-slalom-mondial-a-saalbach\/"]}]},{"@type":"ImageObject","inLanguage":"fr-FR","@id":"https:\/\/sport-index.fr\/blog\/a-la-une\/clement-noel-calme-et-determine-avant-la-finale-du-slalom-mondial-a-saalbach\/#primaryimage","url":"https:\/\/sport-index.fr\/blog\/wp-content\/uploads\/2025\/02\/stability-clement-noel-calme-et-determine-avant-la-finale-du-slalom-mondial-a-saalbach.png","contentUrl":"https:\/\/sport-index.fr\/blog\/wp-content\/uploads\/2025\/02\/stability-clement-noel-calme-et-determine-avant-la-finale-du-slalom-mondial-a-saalbach.png","width":1024,"height":576},{"@type":"WebSite","@id":"https:\/\/sport-index.fr\/blog\/#website","url":"https:\/\/sport-index.fr\/blog\/","name":"sport-index.fr","description":"Le score de l\u2019analyse sportive.","publisher":{"@id":"https:\/\/sport-index.fr\/blog\/#organization"},"alternateName":"Le score de l\u2019analyse sportive.","potentialAction":[{"@type":"SearchAction","target":{"@type":"EntryPoint","urlTemplate":"https:\/\/sport-index.fr\/blog\/?s={search_term_string}"},"query-input":{"@type":"PropertyValueSpecification","valueRequired":true,"valueName":"search_term_string"}}],"inLanguage":"fr-FR"},{"@type":"Organization","@id":"https:\/\/sport-index.fr\/blog\/#organization","name":"Foretsensations.fr","url":"https:\/\/sport-index.fr\/blog\/","logo":{"@type":"ImageObject","inLanguage":"fr-FR","@id":"https:\/\/sport-index.fr\/blog\/#\/schema\/logo\/image\/","url":"https:\/\/sport-index.fr\/blog\/wp-content\/uploads\/2026\/07\/logo-auto.png","contentUrl":"https:\/\/sport-index.fr\/blog\/wp-content\/uploads\/2026\/07\/logo-auto.png","width":1024,"height":1024,"caption":"Foretsensations.fr"},"image":{"@id":"https:\/\/sport-index.fr\/blog\/#\/schema\/logo\/image\/"}},{"@type":"Person","@id":"https:\/\/sport-index.fr\/blog\/#\/schema\/person\/3c864cdc320801e3db34b663e7e3f816","name":"Axel Lauzier","image":{"@type":"ImageObject","inLanguage":"fr-FR","@id":"https:\/\/sport-index.fr\/blog\/#\/schema\/person\/image\/","url":"https:\/\/sport-index.fr\/blog\/wp-content\/uploads\/2026\/06\/persona_axel-l-96x96.jpg","contentUrl":"https:\/\/sport-index.fr\/blog\/wp-content\/uploads\/2026\/06\/persona_axel-l-96x96.jpg","caption":"Axel Lauzier"},"description":"Le sport rythme mon quotidien depuis l'enfance, et j'en ai fait mon m\u00e9tier d'analyste r\u00e9dactionnel il y a une dizaine d'ann\u00e9es. Je couvre principalement le football, son actualit\u00e9, ses transferts et l'analyse tactique des grandes affiches, mais aussi les disciplines plus confidentielles que j'aime remettre en lumi\u00e8re. Une partie de mon travail porte sur les pronostics et la lecture statistique d'un match : forme des \u00e9quipes, historique des confrontations, compositions, sans jamais vendre de fausse certitude. Je rappelle syst\u00e9matiquement que parier comporte un risque et doit rester un loisir ma\u00eetris\u00e9. Avant de signer une analyse, je v\u00e9rifie mes chiffres, je recoupe les compositions probables et je distingue toujours la donn\u00e9e brute de l'intuition. Mon objectif : offrir une lecture honn\u00eate et argument\u00e9e, pas un ticket gagnant garanti.","sameAs":["https:\/\/axellauzier.fr\/"],"url":"https:\/\/sport-index.fr\/blog\/auteur\/noname\/"}]}},"_links":{"self":[{"href":"https:\/\/sport-index.fr\/blog\/wp-json\/wp\/v2\/posts\/9065","targetHints":{"allow":["GET"]}}],"collection":[{"href":"https:\/\/sport-index.fr\/blog\/wp-json\/wp\/v2\/posts"}],"about":[{"href":"https:\/\/sport-index.fr\/blog\/wp-json\/wp\/v2\/types\/post"}],"author":[{"embeddable":true,"href":"https:\/\/sport-index.fr\/blog\/wp-json\/wp\/v2\/users\/34"}],"replies":[{"embeddable":true,"href":"https:\/\/sport-index.fr\/blog\/wp-json\/wp\/v2\/comments?post=9065"}],"version-history":[{"count":2,"href":"https:\/\/sport-index.fr\/blog\/wp-json\/wp\/v2\/posts\/9065\/revisions"}],"predecessor-version":[{"id":9286,"href":"https:\/\/sport-index.fr\/blog\/wp-json\/wp\/v2\/posts\/9065\/revisions\/9286"}],"wp:featuredmedia":[{"embeddable":true,"href":"https:\/\/sport-index.fr\/blog\/wp-json\/wp\/v2\/media\/9066"}],"wp:attachment":[{"href":"https:\/\/sport-index.fr\/blog\/wp-json\/wp\/v2\/media?parent=9065"}],"wp:term":[{"taxonomy":"category","embeddable":true,"href":"https:\/\/sport-index.fr\/blog\/wp-json\/wp\/v2\/categories?post=9065"},{"taxonomy":"post_tag","embeddable":true,"href":"https:\/\/sport-index.fr\/blog\/wp-json\/wp\/v2\/tags?post=9065"}],"curies":[{"name":"wp","href":"https:\/\/api.w.org\/{rel}","templated":true}]}}