{"id":9098,"date":"2025-02-17T11:56:27","date_gmt":"2025-02-17T10:56:27","guid":{"rendered":"https:\/\/sport-index.fr\/blog\/?p=9098"},"modified":"2025-02-16T13:31:25","modified_gmt":"2025-02-16T12:31:25","slug":"julia-simon-une-lutte-interieure-apres-sa-performance-a-lenzerheide","status":"publish","type":"post","link":"https:\/\/sport-index.fr\/blog\/a-la-une\/julia-simon-une-lutte-interieure-apres-sa-performance-a-lenzerheide\/","title":{"rendered":"Julia Simon, une lutte int\u00e9rieure apr\u00e8s sa performance \u00e0 Lenzerheide"},"content":{"rendered":"<h2>Un moment difficile pour Julia Simon<\/h2>\n<p>Lors de la poursuite des Mondiaux \u00e0 Lenzerheide, la biathl\u00e8te fran\u00e7aise a termin\u00e9 \u00e0 une d\u00e9cevante douzi\u00e8me place, ce qui ne refl\u00e8te pas son potentiel. Elle avoue avoir ressenti un \u00ab\u00a0manque d&rsquo;\u00e9nergie\u00a0\u00bb qui l&rsquo;a emp\u00each\u00e9e de donner le meilleur d&rsquo;elle-m\u00eame sur le pas de tir.<\/p>\n<p>Cette performance s&rsquo;inscrit dans un d\u00e9but de saison difficile pour la jeune femme de 28 ans. Simon se sent \u00e9loign\u00e9e de l&rsquo;esprit combatif qui la caract\u00e9risait pr\u00e9c\u00e9demment. Dans une interview accord\u00e9e \u00e0 Eurosport, elle exprime son souhait de retrouver cette motivation qui l&rsquo;a toujours pouss\u00e9e \u00e0 se surpasser.<\/p>\n<p><iframe loading=\"lazy\" title=\"Biathlon 23\/24 - Le replay int\u00e9gral de la mass-start de Antholz-Anterselva remport\u00e9e par Julia Simon\" width=\"1200\" height=\"675\" src=\"https:\/\/www.youtube.com\/embed\/2ZAfVpMEqtw?feature=oembed\" frameborder=\"0\" allow=\"accelerometer; autoplay; clipboard-write; encrypted-media; gyroscope; picture-in-picture; web-share\" referrerpolicy=\"strict-origin-when-cross-origin\" allowfullscreen><\/iframe><\/p>\n<h2>Les d\u00e9fis du d\u00e9but de saison<\/h2>\n<p>Le d\u00e9but de saison de Julia Simon a \u00e9t\u00e9 marqu\u00e9 par des d\u00e9fis inattendus. Malgr\u00e9 ses efforts, elle n&rsquo;a pas r\u00e9ussi \u00e0 atteindre ses objectifs, ce qui a eu un impact sur sa confiance. Ce manque de r\u00e9ussite l&rsquo;a pouss\u00e9e \u00e0 se poser des questions sur ses capacit\u00e9s et son \u00e9tat d&rsquo;esprit.<img decoding=\"async\" width=\"1024\" height=\"576\" src=\"https:\/\/sport-index.fr\/blog\/wp-content\/uploads\/2025\/02\/stability-julia-simon-une-lutte-interieure-apres-sa-performance-a-lenzerheide-1.png\" class=\"aligncenter\" alt=\"Illustration d\u00e9taill\u00e9e sur Julia Simon, une lutte int\u00e9rieure apr\u00e8s sa performance \u00e0 Lenzerheide\" title=\"Julia Simon, une lutte int\u00e9rieure apr\u00e8s sa performance \u00e0 Lenzerheide\" loading=\"lazy\" \/><\/p>\n<p>Le tir, un \u00e9l\u00e9ment crucial du biathlon, a particuli\u00e8rement pos\u00e9 probl\u00e8me. Lors de son deuxi\u00e8me passage au tir, elle a enregistr\u00e9 un score de 2\/5, un chiffre qui a contribu\u00e9 \u00e0 sa chute au classement. Cette performance a renforc\u00e9 son sentiment de perte de son esprit de combattante.<\/p>\n<h2>Un retour \u00e0 la comp\u00e9tition envisag\u00e9<\/h2>\n<p>Pour Julia Simon, retrouver son niveau de comp\u00e9tition sera un processus. Elle doit travailler sur son \u00e9tat mental et physique pour remonter la pente. Sa d\u00e9termination et son d\u00e9sir de progresser sont des atouts qui pourraient l&rsquo;aider \u00e0 retrouver son meilleur niveau.<\/p>\n<p>Les encouragements de son \u00e9quipe et de ses fans sont essentiels pour sa motivation. \u00c0 travers cette p\u00e9riode difficile, elle esp\u00e8re retrouver la confiance qui lui a permis de briller par le pass\u00e9. \u00ab\u00a0Je sais que je peux faire mieux\u00a0\u00bb, a-t-elle affirm\u00e9 avec conviction.<\/p>\n<ul>\n<li>Un parcours sem\u00e9 d&#8217;emb\u00fbches pour Julia Simon<\/li>\n<li>Un tir d\u00e9cevant, mais des perspectives d&rsquo;am\u00e9lioration<\/li>\n<li>La n\u00e9cessit\u00e9 de retrouver la confiance et l&rsquo;esprit combatif<\/li>\n<\/ul>\n<blockquote><p>\n  \u00ab\u00a0J&rsquo;ai l&rsquo;impression d&rsquo;avoir perdu mon esprit de combattante.\u00a0\u00bb\n<\/p><\/blockquote>\n<p>Julia Simon est une athl\u00e8te qui a toujours aspir\u00e9 \u00e0 l&rsquo;excellence. Son parcours dans le monde du biathlon a \u00e9t\u00e9 jalonn\u00e9 de succ\u00e8s, mais cette saison semble \u00eatre un tournant. En travaillant sur elle-m\u00eame, elle esp\u00e8re retrouver le feu sacr\u00e9 qui l\u2019a pouss\u00e9e \u00e0 se battre sur chaque piste. La route est encore longue, mais avec de la d\u00e9termination et du soutien, elle pourrait bien revenir plus forte que jamais.<\/p>\n","protected":false},"excerpt":{"rendered":"","protected":false},"author":34,"featured_media":9099,"comment_status":"open","ping_status":"open","sticky":false,"template":"","format":"standard","meta":{"_acf_changed":false,"manual_indexmenow":false,"indexmenow_id_project":0,"footnotes":""},"categories":[1],"tags":[4846,4545,4544,4563,4885],"class_list":["post-9098","post","type-post","status-publish","format-standard","has-post-thumbnail","hentry","category-a-la-une","tag-bien-etre-mental","tag-confiance","tag-equipe","tag-performance-athletique","tag-preparation-mentale","generate-columns","tablet-grid-50","mobile-grid-100","grid-parent","grid-25"],"acf":[],"yoast_head":"<!-- This site is optimized with the Yoast SEO Premium plugin v21.3 (Yoast SEO v26.5) - https:\/\/yoast.com\/wordpress\/plugins\/seo\/ -->\n<title>Julia Simon, une lutte int\u00e9rieure apr\u00e8s sa performance<\/title>\n<meta name=\"description\" content=\"Un moment difficile pour Julia Simon Lors de la poursuite des Mondiaux \u00e0 Lenzerheide, la biathl\u00e8te fran\u00e7aise a termin\u00e9 \u00e0 une d\u00e9cevante douzi\u00e8me place, ce\u2026\" \/>\n<meta name=\"robots\" content=\"index, follow, max-snippet:-1, max-image-preview:large, max-video-preview:-1\" \/>\n<link rel=\"canonical\" href=\"https:\/\/sport-index.fr\/blog\/a-la-une\/julia-simon-une-lutte-interieure-apres-sa-performance-a-lenzerheide\/\" \/>\n<meta property=\"og:locale\" content=\"fr_FR\" \/>\n<meta property=\"og:type\" content=\"article\" \/>\n<meta property=\"og:title\" content=\"Julia Simon, une lutte int\u00e9rieure apr\u00e8s sa performance\" \/>\n<meta property=\"og:description\" content=\"Un moment difficile pour Julia Simon Lors de la poursuite des Mondiaux \u00e0 Lenzerheide, la biathl\u00e8te fran\u00e7aise a termin\u00e9 \u00e0 une d\u00e9cevante douzi\u00e8me place, ce\u2026\" \/>\n<meta property=\"og:url\" content=\"https:\/\/sport-index.fr\/blog\/a-la-une\/julia-simon-une-lutte-interieure-apres-sa-performance-a-lenzerheide\/\" \/>\n<meta property=\"og:site_name\" content=\"sport-index\" \/>\n<meta property=\"og:image\" content=\"https:\/\/sport-index.fr\/blog\/wp-content\/uploads\/2025\/02\/stability-julia-simon-une-lutte-interieure-apres-sa-performance-a-lenzerheide.png\" \/>\n\t<meta property=\"og:image:width\" content=\"1024\" \/>\n\t<meta property=\"og:image:height\" content=\"576\" \/>\n\t<meta property=\"og:image:type\" content=\"image\/png\" \/>\n<meta name=\"author\" content=\"Axel Lauzier\" \/>\n<meta name=\"twitter:card\" content=\"summary_large_image\" \/>\n<script type=\"application\/ld+json\" class=\"yoast-schema-graph\">{\"@context\":\"https:\/\/schema.org\",\"@graph\":[{\"@type\":\"NewsArticle\",\"@id\":\"https:\/\/sport-index.fr\/blog\/a-la-une\/julia-simon-une-lutte-interieure-apres-sa-performance-a-lenzerheide\/#article\",\"isPartOf\":{\"@id\":\"https:\/\/sport-index.fr\/blog\/a-la-une\/julia-simon-une-lutte-interieure-apres-sa-performance-a-lenzerheide\/\"},\"author\":{\"name\":\"Axel Lauzier\",\"@id\":\"https:\/\/sport-index.fr\/blog\/#\/schema\/person\/3c864cdc320801e3db34b663e7e3f816\"},\"headline\":\"Julia Simon, une lutte int\u00e9rieure apr\u00e8s sa performance \u00e0 Lenzerheide\",\"datePublished\":\"2025-02-17T10:56:27+00:00\",\"mainEntityOfPage\":{\"@id\":\"https:\/\/sport-index.fr\/blog\/a-la-une\/julia-simon-une-lutte-interieure-apres-sa-performance-a-lenzerheide\/\"},\"wordCount\":460,\"commentCount\":21,\"publisher\":{\"@id\":\"https:\/\/sport-index.fr\/blog\/#organization\"},\"image\":{\"@id\":\"https:\/\/sport-index.fr\/blog\/a-la-une\/julia-simon-une-lutte-interieure-apres-sa-performance-a-lenzerheide\/#primaryimage\"},\"thumbnailUrl\":\"https:\/\/sport-index.fr\/blog\/wp-content\/uploads\/2025\/02\/stability-julia-simon-une-lutte-interieure-apres-sa-performance-a-lenzerheide.png\",\"keywords\":[\"Bien-\u00eatre Mental\",\"Confiance\",\"\u00c9quipe\",\"Performance Athl\u00e9tique\",\"Pr\u00e9paration Mentale\"],\"articleSection\":[\"\u00c0 la une\"],\"inLanguage\":\"fr-FR\",\"potentialAction\":[{\"@type\":\"CommentAction\",\"name\":\"Comment\",\"target\":[\"https:\/\/sport-index.fr\/blog\/a-la-une\/julia-simon-une-lutte-interieure-apres-sa-performance-a-lenzerheide\/#respond\"]}]},{\"@type\":\"WebPage\",\"@id\":\"https:\/\/sport-index.fr\/blog\/a-la-une\/julia-simon-une-lutte-interieure-apres-sa-performance-a-lenzerheide\/\",\"url\":\"https:\/\/sport-index.fr\/blog\/a-la-une\/julia-simon-une-lutte-interieure-apres-sa-performance-a-lenzerheide\/\",\"name\":\"Julia Simon, une lutte int\u00e9rieure apr\u00e8s sa performance\",\"isPartOf\":{\"@id\":\"https:\/\/sport-index.fr\/blog\/#website\"},\"primaryImageOfPage\":{\"@id\":\"https:\/\/sport-index.fr\/blog\/a-la-une\/julia-simon-une-lutte-interieure-apres-sa-performance-a-lenzerheide\/#primaryimage\"},\"image\":{\"@id\":\"https:\/\/sport-index.fr\/blog\/a-la-une\/julia-simon-une-lutte-interieure-apres-sa-performance-a-lenzerheide\/#primaryimage\"},\"thumbnailUrl\":\"https:\/\/sport-index.fr\/blog\/wp-content\/uploads\/2025\/02\/stability-julia-simon-une-lutte-interieure-apres-sa-performance-a-lenzerheide.png\",\"datePublished\":\"2025-02-17T10:56:27+00:00\",\"description\":\"Un moment difficile pour Julia Simon Lors de la poursuite des Mondiaux \u00e0 Lenzerheide, la biathl\u00e8te fran\u00e7aise a termin\u00e9 \u00e0 une d\u00e9cevante douzi\u00e8me place, ce\u2026\",\"inLanguage\":\"fr-FR\",\"potentialAction\":[{\"@type\":\"ReadAction\",\"target\":[\"https:\/\/sport-index.fr\/blog\/a-la-une\/julia-simon-une-lutte-interieure-apres-sa-performance-a-lenzerheide\/\"]}]},{\"@type\":\"ImageObject\",\"inLanguage\":\"fr-FR\",\"@id\":\"https:\/\/sport-index.fr\/blog\/a-la-une\/julia-simon-une-lutte-interieure-apres-sa-performance-a-lenzerheide\/#primaryimage\",\"url\":\"https:\/\/sport-index.fr\/blog\/wp-content\/uploads\/2025\/02\/stability-julia-simon-une-lutte-interieure-apres-sa-performance-a-lenzerheide.png\",\"contentUrl\":\"https:\/\/sport-index.fr\/blog\/wp-content\/uploads\/2025\/02\/stability-julia-simon-une-lutte-interieure-apres-sa-performance-a-lenzerheide.png\",\"width\":1024,\"height\":576},{\"@type\":\"WebSite\",\"@id\":\"https:\/\/sport-index.fr\/blog\/#website\",\"url\":\"https:\/\/sport-index.fr\/blog\/\",\"name\":\"sport-index.fr\",\"description\":\"Le score de l\u2019analyse sportive.\",\"publisher\":{\"@id\":\"https:\/\/sport-index.fr\/blog\/#organization\"},\"alternateName\":\"Le score de l\u2019analyse sportive.\",\"potentialAction\":[{\"@type\":\"SearchAction\",\"target\":{\"@type\":\"EntryPoint\",\"urlTemplate\":\"https:\/\/sport-index.fr\/blog\/?s={search_term_string}\"},\"query-input\":{\"@type\":\"PropertyValueSpecification\",\"valueRequired\":true,\"valueName\":\"search_term_string\"}}],\"inLanguage\":\"fr-FR\"},{\"@type\":\"Organization\",\"@id\":\"https:\/\/sport-index.fr\/blog\/#organization\",\"name\":\"Foretsensations.fr\",\"url\":\"https:\/\/sport-index.fr\/blog\/\",\"logo\":{\"@type\":\"ImageObject\",\"inLanguage\":\"fr-FR\",\"@id\":\"https:\/\/sport-index.fr\/blog\/#\/schema\/logo\/image\/\",\"url\":\"https:\/\/sport-index.fr\/blog\/wp-content\/uploads\/2026\/07\/logo-auto.png\",\"contentUrl\":\"https:\/\/sport-index.fr\/blog\/wp-content\/uploads\/2026\/07\/logo-auto.png\",\"width\":1024,\"height\":1024,\"caption\":\"Foretsensations.fr\"},\"image\":{\"@id\":\"https:\/\/sport-index.fr\/blog\/#\/schema\/logo\/image\/\"}},{\"@type\":\"Person\",\"@id\":\"https:\/\/sport-index.fr\/blog\/#\/schema\/person\/3c864cdc320801e3db34b663e7e3f816\",\"name\":\"Axel Lauzier\",\"image\":{\"@type\":\"ImageObject\",\"inLanguage\":\"fr-FR\",\"@id\":\"https:\/\/sport-index.fr\/blog\/#\/schema\/person\/image\/\",\"url\":\"https:\/\/sport-index.fr\/blog\/wp-content\/uploads\/2026\/06\/persona_axel-l-96x96.jpg\",\"contentUrl\":\"https:\/\/sport-index.fr\/blog\/wp-content\/uploads\/2026\/06\/persona_axel-l-96x96.jpg\",\"caption\":\"Axel Lauzier\"},\"description\":\"Le sport rythme mon quotidien depuis l'enfance, et j'en ai fait mon m\u00e9tier d'analyste r\u00e9dactionnel il y a une dizaine d'ann\u00e9es. Je couvre principalement le football, son actualit\u00e9, ses transferts et l'analyse tactique des grandes affiches, mais aussi les disciplines plus confidentielles que j'aime remettre en lumi\u00e8re. Une partie de mon travail porte sur les pronostics et la lecture statistique d'un match : forme des \u00e9quipes, historique des confrontations, compositions, sans jamais vendre de fausse certitude. Je rappelle syst\u00e9matiquement que parier comporte un risque et doit rester un loisir ma\u00eetris\u00e9. Avant de signer une analyse, je v\u00e9rifie mes chiffres, je recoupe les compositions probables et je distingue toujours la donn\u00e9e brute de l'intuition. Mon objectif : offrir une lecture honn\u00eate et argument\u00e9e, pas un ticket gagnant garanti.\",\"sameAs\":[\"https:\/\/axellauzier.fr\/\"],\"url\":\"https:\/\/sport-index.fr\/blog\/auteur\/noname\/\"}]}<\/script>\n<!-- \/ Yoast SEO Premium plugin. -->","yoast_head_json":{"title":"Julia Simon, une lutte int\u00e9rieure apr\u00e8s sa performance","description":"Un moment difficile pour Julia Simon Lors de la poursuite des Mondiaux \u00e0 Lenzerheide, la biathl\u00e8te fran\u00e7aise a termin\u00e9 \u00e0 une d\u00e9cevante douzi\u00e8me place, ce\u2026","robots":{"index":"index","follow":"follow","max-snippet":"max-snippet:-1","max-image-preview":"max-image-preview:large","max-video-preview":"max-video-preview:-1"},"canonical":"https:\/\/sport-index.fr\/blog\/a-la-une\/julia-simon-une-lutte-interieure-apres-sa-performance-a-lenzerheide\/","og_locale":"fr_FR","og_type":"article","og_title":"Julia Simon, une lutte int\u00e9rieure apr\u00e8s sa performance","og_description":"Un moment difficile pour Julia Simon Lors de la poursuite des Mondiaux \u00e0 Lenzerheide, la biathl\u00e8te fran\u00e7aise a termin\u00e9 \u00e0 une d\u00e9cevante douzi\u00e8me place, ce\u2026","og_url":"https:\/\/sport-index.fr\/blog\/a-la-une\/julia-simon-une-lutte-interieure-apres-sa-performance-a-lenzerheide\/","og_site_name":"sport-index","og_image":[{"width":1024,"height":576,"url":"https:\/\/sport-index.fr\/blog\/wp-content\/uploads\/2025\/02\/stability-julia-simon-une-lutte-interieure-apres-sa-performance-a-lenzerheide.png","type":"image\/png"}],"author":"Axel Lauzier","twitter_card":"summary_large_image","schema":{"@context":"https:\/\/schema.org","@graph":[{"@type":"NewsArticle","@id":"https:\/\/sport-index.fr\/blog\/a-la-une\/julia-simon-une-lutte-interieure-apres-sa-performance-a-lenzerheide\/#article","isPartOf":{"@id":"https:\/\/sport-index.fr\/blog\/a-la-une\/julia-simon-une-lutte-interieure-apres-sa-performance-a-lenzerheide\/"},"author":{"name":"Axel Lauzier","@id":"https:\/\/sport-index.fr\/blog\/#\/schema\/person\/3c864cdc320801e3db34b663e7e3f816"},"headline":"Julia Simon, une lutte int\u00e9rieure apr\u00e8s sa performance \u00e0 Lenzerheide","datePublished":"2025-02-17T10:56:27+00:00","mainEntityOfPage":{"@id":"https:\/\/sport-index.fr\/blog\/a-la-une\/julia-simon-une-lutte-interieure-apres-sa-performance-a-lenzerheide\/"},"wordCount":460,"commentCount":21,"publisher":{"@id":"https:\/\/sport-index.fr\/blog\/#organization"},"image":{"@id":"https:\/\/sport-index.fr\/blog\/a-la-une\/julia-simon-une-lutte-interieure-apres-sa-performance-a-lenzerheide\/#primaryimage"},"thumbnailUrl":"https:\/\/sport-index.fr\/blog\/wp-content\/uploads\/2025\/02\/stability-julia-simon-une-lutte-interieure-apres-sa-performance-a-lenzerheide.png","keywords":["Bien-\u00eatre Mental","Confiance","\u00c9quipe","Performance Athl\u00e9tique","Pr\u00e9paration Mentale"],"articleSection":["\u00c0 la une"],"inLanguage":"fr-FR","potentialAction":[{"@type":"CommentAction","name":"Comment","target":["https:\/\/sport-index.fr\/blog\/a-la-une\/julia-simon-une-lutte-interieure-apres-sa-performance-a-lenzerheide\/#respond"]}]},{"@type":"WebPage","@id":"https:\/\/sport-index.fr\/blog\/a-la-une\/julia-simon-une-lutte-interieure-apres-sa-performance-a-lenzerheide\/","url":"https:\/\/sport-index.fr\/blog\/a-la-une\/julia-simon-une-lutte-interieure-apres-sa-performance-a-lenzerheide\/","name":"Julia Simon, une lutte int\u00e9rieure apr\u00e8s sa performance","isPartOf":{"@id":"https:\/\/sport-index.fr\/blog\/#website"},"primaryImageOfPage":{"@id":"https:\/\/sport-index.fr\/blog\/a-la-une\/julia-simon-une-lutte-interieure-apres-sa-performance-a-lenzerheide\/#primaryimage"},"image":{"@id":"https:\/\/sport-index.fr\/blog\/a-la-une\/julia-simon-une-lutte-interieure-apres-sa-performance-a-lenzerheide\/#primaryimage"},"thumbnailUrl":"https:\/\/sport-index.fr\/blog\/wp-content\/uploads\/2025\/02\/stability-julia-simon-une-lutte-interieure-apres-sa-performance-a-lenzerheide.png","datePublished":"2025-02-17T10:56:27+00:00","description":"Un moment difficile pour Julia Simon Lors de la poursuite des Mondiaux \u00e0 Lenzerheide, la biathl\u00e8te fran\u00e7aise a termin\u00e9 \u00e0 une d\u00e9cevante douzi\u00e8me place, ce\u2026","inLanguage":"fr-FR","potentialAction":[{"@type":"ReadAction","target":["https:\/\/sport-index.fr\/blog\/a-la-une\/julia-simon-une-lutte-interieure-apres-sa-performance-a-lenzerheide\/"]}]},{"@type":"ImageObject","inLanguage":"fr-FR","@id":"https:\/\/sport-index.fr\/blog\/a-la-une\/julia-simon-une-lutte-interieure-apres-sa-performance-a-lenzerheide\/#primaryimage","url":"https:\/\/sport-index.fr\/blog\/wp-content\/uploads\/2025\/02\/stability-julia-simon-une-lutte-interieure-apres-sa-performance-a-lenzerheide.png","contentUrl":"https:\/\/sport-index.fr\/blog\/wp-content\/uploads\/2025\/02\/stability-julia-simon-une-lutte-interieure-apres-sa-performance-a-lenzerheide.png","width":1024,"height":576},{"@type":"WebSite","@id":"https:\/\/sport-index.fr\/blog\/#website","url":"https:\/\/sport-index.fr\/blog\/","name":"sport-index.fr","description":"Le score de l\u2019analyse sportive.","publisher":{"@id":"https:\/\/sport-index.fr\/blog\/#organization"},"alternateName":"Le score de l\u2019analyse sportive.","potentialAction":[{"@type":"SearchAction","target":{"@type":"EntryPoint","urlTemplate":"https:\/\/sport-index.fr\/blog\/?s={search_term_string}"},"query-input":{"@type":"PropertyValueSpecification","valueRequired":true,"valueName":"search_term_string"}}],"inLanguage":"fr-FR"},{"@type":"Organization","@id":"https:\/\/sport-index.fr\/blog\/#organization","name":"Foretsensations.fr","url":"https:\/\/sport-index.fr\/blog\/","logo":{"@type":"ImageObject","inLanguage":"fr-FR","@id":"https:\/\/sport-index.fr\/blog\/#\/schema\/logo\/image\/","url":"https:\/\/sport-index.fr\/blog\/wp-content\/uploads\/2026\/07\/logo-auto.png","contentUrl":"https:\/\/sport-index.fr\/blog\/wp-content\/uploads\/2026\/07\/logo-auto.png","width":1024,"height":1024,"caption":"Foretsensations.fr"},"image":{"@id":"https:\/\/sport-index.fr\/blog\/#\/schema\/logo\/image\/"}},{"@type":"Person","@id":"https:\/\/sport-index.fr\/blog\/#\/schema\/person\/3c864cdc320801e3db34b663e7e3f816","name":"Axel Lauzier","image":{"@type":"ImageObject","inLanguage":"fr-FR","@id":"https:\/\/sport-index.fr\/blog\/#\/schema\/person\/image\/","url":"https:\/\/sport-index.fr\/blog\/wp-content\/uploads\/2026\/06\/persona_axel-l-96x96.jpg","contentUrl":"https:\/\/sport-index.fr\/blog\/wp-content\/uploads\/2026\/06\/persona_axel-l-96x96.jpg","caption":"Axel Lauzier"},"description":"Le sport rythme mon quotidien depuis l'enfance, et j'en ai fait mon m\u00e9tier d'analyste r\u00e9dactionnel il y a une dizaine d'ann\u00e9es. Je couvre principalement le football, son actualit\u00e9, ses transferts et l'analyse tactique des grandes affiches, mais aussi les disciplines plus confidentielles que j'aime remettre en lumi\u00e8re. Une partie de mon travail porte sur les pronostics et la lecture statistique d'un match : forme des \u00e9quipes, historique des confrontations, compositions, sans jamais vendre de fausse certitude. Je rappelle syst\u00e9matiquement que parier comporte un risque et doit rester un loisir ma\u00eetris\u00e9. Avant de signer une analyse, je v\u00e9rifie mes chiffres, je recoupe les compositions probables et je distingue toujours la donn\u00e9e brute de l'intuition. Mon objectif : offrir une lecture honn\u00eate et argument\u00e9e, pas un ticket gagnant garanti.","sameAs":["https:\/\/axellauzier.fr\/"],"url":"https:\/\/sport-index.fr\/blog\/auteur\/noname\/"}]}},"_links":{"self":[{"href":"https:\/\/sport-index.fr\/blog\/wp-json\/wp\/v2\/posts\/9098","targetHints":{"allow":["GET"]}}],"collection":[{"href":"https:\/\/sport-index.fr\/blog\/wp-json\/wp\/v2\/posts"}],"about":[{"href":"https:\/\/sport-index.fr\/blog\/wp-json\/wp\/v2\/types\/post"}],"author":[{"embeddable":true,"href":"https:\/\/sport-index.fr\/blog\/wp-json\/wp\/v2\/users\/34"}],"replies":[{"embeddable":true,"href":"https:\/\/sport-index.fr\/blog\/wp-json\/wp\/v2\/comments?post=9098"}],"version-history":[{"count":2,"href":"https:\/\/sport-index.fr\/blog\/wp-json\/wp\/v2\/posts\/9098\/revisions"}],"predecessor-version":[{"id":9320,"href":"https:\/\/sport-index.fr\/blog\/wp-json\/wp\/v2\/posts\/9098\/revisions\/9320"}],"wp:featuredmedia":[{"embeddable":true,"href":"https:\/\/sport-index.fr\/blog\/wp-json\/wp\/v2\/media\/9099"}],"wp:attachment":[{"href":"https:\/\/sport-index.fr\/blog\/wp-json\/wp\/v2\/media?parent=9098"}],"wp:term":[{"taxonomy":"category","embeddable":true,"href":"https:\/\/sport-index.fr\/blog\/wp-json\/wp\/v2\/categories?post=9098"},{"taxonomy":"post_tag","embeddable":true,"href":"https:\/\/sport-index.fr\/blog\/wp-json\/wp\/v2\/tags?post=9098"}],"curies":[{"name":"wp","href":"https:\/\/api.w.org\/{rel}","templated":true}]}}