{"id":9116,"date":"2025-02-17T04:58:17","date_gmt":"2025-02-17T03:58:17","guid":{"rendered":"https:\/\/sport-index.fr\/blog\/?p=9116"},"modified":"2025-02-16T14:33:29","modified_gmt":"2025-02-16T13:33:29","slug":"steven-amiez-dans-le-slalom-des-mondiaux-un-finish-impressionnant-mais-pas-suffisant","status":"publish","type":"post","link":"https:\/\/sport-index.fr\/blog\/a-la-une\/steven-amiez-dans-le-slalom-des-mondiaux-un-finish-impressionnant-mais-pas-suffisant\/","title":{"rendered":"Steven Amiez dans le slalom des Mondiaux : un finish impressionnant, mais pas suffisant"},"content":{"rendered":"<h2>Un parcours prometteur malgr\u00e9 la d\u00e9ception<\/h2>\n<p>Steven Amiez a r\u00e9alis\u00e9 une performance impressionnante lors de la deuxi\u00e8me manche du slalom des Mondiaux \u00e0 Saalbach. Avec un dernier secteur de course qui a captiv\u00e9 l&rsquo;attention des spectateurs, le skieur fran\u00e7ais a d\u00e9montr\u00e9 son potentiel exceptionnel. Cependant, malgr\u00e9 ses efforts, il a termin\u00e9 \u00e0 seulement cinq centi\u00e8mes de seconde derri\u00e8re son concurrent direct, Dave Ryding, ce qui l&rsquo;a emp\u00each\u00e9 de s&#8217;emparer du \u00ab\u00a0hot seat\u00a0\u00bb.<\/p>\n<p>Cette course a mis en avant le talent ind\u00e9niable d&rsquo;Amiez, qui a su faire preuve de d\u00e9termination et de technique. Son temps, bien qu&rsquo;excellent, n&rsquo;a pas suffi pour d\u00e9crocher une m\u00e9daille, mais il a garanti une place dans le top 10, ce qui reste une performance solide au niveau mondial. Les fans de ski alpin ont \u00e9t\u00e9 t\u00e9moins d&rsquo;une mont\u00e9e en puissance qui laisse entrevoir de belles promesses pour l&rsquo;avenir.<\/p>\n<h2>Les d\u00e9fis d&rsquo;une comp\u00e9tition de haut niveau<\/h2>\n<p>Participer \u00e0 des Mondiaux de ski alpin repr\u00e9sente un d\u00e9fi immense pour tout athl\u00e8te. Les conditions de course, la pression des comp\u00e9titions et la n\u00e9cessit\u00e9 de performer \u00e0 chaque manche sont des \u00e9l\u00e9ments cruciaux. Amiez a su g\u00e9rer cette pression, mais cela d\u00e9montre \u00e0 quel point le niveau de comp\u00e9tition est \u00e9lev\u00e9 et que chaque seconde compte.<\/p>\n<p>Le slalom est une discipline o\u00f9 la pr\u00e9cision est essentielle. Chaque virage, chaque mouvement compte, et la moindre erreur peut co\u00fbter cher. En d\u00e9pit de cela, Amiez a su briller dans des conditions difficiles, soulignant ainsi son talent et son engagement envers le ski alpin.<\/p>\n<h2>R\u00e9actions et perspectives d&rsquo;avenir<\/h2>\n<p>Les r\u00e9actions suite \u00e0 la seconde manche d&rsquo;Amiez ont \u00e9t\u00e9 partag\u00e9es entre admiration et d\u00e9ception. Les experts du ski alpin s&rsquo;accordent \u00e0 dire que sa performance est encourageante. \u00ab\u00a0Il a vraiment montr\u00e9 de quoi il est capable. Avec un peu plus de chance, il aurait pu atteindre le podium\u00a0\u00bb, a comment\u00e9 un analyste apr\u00e8s la course.<\/p>\n<p>Pour l&rsquo;avenir, Steven Amiez doit continuer \u00e0 travailler sur ses points forts tout en identifiant les domaines \u00e0 am\u00e9liorer. Avec une telle d\u00e9termination, il est sur la bonne voie pour devenir un concurrent redoutable dans les prochaines comp\u00e9titions. Les fans de ski alpin attendent avec impatience de le voir \u00e9voluer et s&rsquo;affirmer sur la sc\u00e8ne internationale.<\/p>\n<ul>\n<li>Performance solide avec un top 10 garanti<\/li>\n<li>Fin de course impressionnante malgr\u00e9 la d\u00e9faite<\/li>\n<li>Pression intense lors des comp\u00e9titions mondiales<\/li>\n<li>Potentiel \u00e9lev\u00e9 pour les futures comp\u00e9titions<\/li>\n<li>Engagement et d\u00e9termination remarquables<\/li>\n<\/ul>\n<blockquote><p>\n\u00ab\u00a0Chaque seconde compte dans une course de slalom, et Steven a prouv\u00e9 qu&rsquo;il est capable de rivaliser avec les meilleurs.\u00a0\u00bb\n<\/p><\/blockquote>\n<p>En somme, cette deuxi\u00e8me manche des Mondiaux a \u00e9t\u00e9 une vitrine du talent de Steven Amiez, m\u00eame si le r\u00e9sultat final n&rsquo;a pas \u00e9t\u00e9 \u00e0 la hauteur de ses attentes. La route vers l&rsquo;excellence est souvent sem\u00e9e d&#8217;emb\u00fbches, mais avec des performances comme celle-ci, il est certain qu&rsquo;Amiez continuera \u00e0 gravir les \u00e9chelons du ski alpin. Les fans peuvent s&rsquo;attendre \u00e0 le voir briller \u00e0 nouveau dans les prochaines \u00e9preuves, alors que son parcours ne fait que commencer.<img decoding=\"async\" width=\"1024\" height=\"576\" src=\"https:\/\/sport-index.fr\/blog\/wp-content\/uploads\/2025\/02\/stability-steven-amiez-dans-le-slalom-des-mondiaux-un-finish-impressionnant-mais-pas-suffisant-1.png\" class=\"aligncenter\" alt=\"Illustration d\u00e9taill\u00e9e sur Steven Amiez dans le slalom des Mondiaux : un finish impressionnant, mais pas suffisant\" title=\"Steven Amiez dans le slalom des Mondiaux : un finish impressionnant, mais pas suffisant\" loading=\"lazy\" \/><\/p>\n","protected":false},"excerpt":{"rendered":"","protected":false},"author":34,"featured_media":9117,"comment_status":"open","ping_status":"open","sticky":false,"template":"","format":"standard","meta":{"_acf_changed":false,"manual_indexmenow":false,"indexmenow_id_project":0,"footnotes":""},"categories":[1],"tags":[4846,4745,4561,4563,4591],"class_list":["post-9116","post","type-post","status-publish","format-standard","has-post-thumbnail","hentry","category-a-la-une","tag-bien-etre-mental","tag-competition","tag-gestion-des-talents","tag-performance-athletique","tag-ski-alpin","generate-columns","tablet-grid-50","mobile-grid-100","grid-parent","grid-25"],"acf":[],"yoast_head":"<!-- This site is optimized with the Yoast SEO Premium plugin v21.3 (Yoast SEO v26.5) - https:\/\/yoast.com\/wordpress\/plugins\/seo\/ -->\n<title>Steven Amiez dans le slalom des Mondiaux : un finish<\/title>\n<meta name=\"description\" content=\"Un parcours prometteur malgr\u00e9 la d\u00e9ception Steven Amiez a r\u00e9alis\u00e9 une performance impressionnante lors de la deuxi\u00e8me manche du slalom des Mondiaux \u00e0\u2026\" \/>\n<meta name=\"robots\" content=\"index, follow, max-snippet:-1, max-image-preview:large, max-video-preview:-1\" \/>\n<link rel=\"canonical\" href=\"https:\/\/sport-index.fr\/blog\/a-la-une\/steven-amiez-dans-le-slalom-des-mondiaux-un-finish-impressionnant-mais-pas-suffisant\/\" \/>\n<meta property=\"og:locale\" content=\"fr_FR\" \/>\n<meta property=\"og:type\" content=\"article\" \/>\n<meta property=\"og:title\" content=\"Steven Amiez dans le slalom des Mondiaux : un finish\" \/>\n<meta property=\"og:description\" content=\"Un parcours prometteur malgr\u00e9 la d\u00e9ception Steven Amiez a r\u00e9alis\u00e9 une performance impressionnante lors de la deuxi\u00e8me manche du slalom des Mondiaux \u00e0\u2026\" \/>\n<meta property=\"og:url\" content=\"https:\/\/sport-index.fr\/blog\/a-la-une\/steven-amiez-dans-le-slalom-des-mondiaux-un-finish-impressionnant-mais-pas-suffisant\/\" \/>\n<meta property=\"og:site_name\" content=\"sport-index\" \/>\n<meta property=\"og:image\" content=\"https:\/\/sport-index.fr\/blog\/wp-content\/uploads\/2025\/02\/stability-steven-amiez-dans-le-slalom-des-mondiaux-un-finish-impressionnant-mais-pas-suffisant.png\" \/>\n\t<meta property=\"og:image:width\" content=\"1024\" \/>\n\t<meta property=\"og:image:height\" content=\"576\" \/>\n\t<meta property=\"og:image:type\" content=\"image\/png\" \/>\n<meta name=\"author\" content=\"Axel Lauzier\" \/>\n<meta name=\"twitter:card\" content=\"summary_large_image\" \/>\n<script type=\"application\/ld+json\" class=\"yoast-schema-graph\">{\"@context\":\"https:\/\/schema.org\",\"@graph\":[{\"@type\":\"NewsArticle\",\"@id\":\"https:\/\/sport-index.fr\/blog\/a-la-une\/steven-amiez-dans-le-slalom-des-mondiaux-un-finish-impressionnant-mais-pas-suffisant\/#article\",\"isPartOf\":{\"@id\":\"https:\/\/sport-index.fr\/blog\/a-la-une\/steven-amiez-dans-le-slalom-des-mondiaux-un-finish-impressionnant-mais-pas-suffisant\/\"},\"author\":{\"name\":\"Axel Lauzier\",\"@id\":\"https:\/\/sport-index.fr\/blog\/#\/schema\/person\/3c864cdc320801e3db34b663e7e3f816\"},\"headline\":\"Steven Amiez dans le slalom des Mondiaux : un finish impressionnant, mais pas suffisant\",\"datePublished\":\"2025-02-17T03:58:17+00:00\",\"mainEntityOfPage\":{\"@id\":\"https:\/\/sport-index.fr\/blog\/a-la-une\/steven-amiez-dans-le-slalom-des-mondiaux-un-finish-impressionnant-mais-pas-suffisant\/\"},\"wordCount\":559,\"commentCount\":16,\"publisher\":{\"@id\":\"https:\/\/sport-index.fr\/blog\/#organization\"},\"image\":{\"@id\":\"https:\/\/sport-index.fr\/blog\/a-la-une\/steven-amiez-dans-le-slalom-des-mondiaux-un-finish-impressionnant-mais-pas-suffisant\/#primaryimage\"},\"thumbnailUrl\":\"https:\/\/sport-index.fr\/blog\/wp-content\/uploads\/2025\/02\/stability-steven-amiez-dans-le-slalom-des-mondiaux-un-finish-impressionnant-mais-pas-suffisant.png\",\"keywords\":[\"Bien-\u00eatre Mental\",\"Comp\u00e9tition\",\"Gestion des Talents\",\"Performance Athl\u00e9tique\",\"Ski Alpin\"],\"articleSection\":[\"\u00c0 la une\"],\"inLanguage\":\"fr-FR\",\"potentialAction\":[{\"@type\":\"CommentAction\",\"name\":\"Comment\",\"target\":[\"https:\/\/sport-index.fr\/blog\/a-la-une\/steven-amiez-dans-le-slalom-des-mondiaux-un-finish-impressionnant-mais-pas-suffisant\/#respond\"]}]},{\"@type\":\"WebPage\",\"@id\":\"https:\/\/sport-index.fr\/blog\/a-la-une\/steven-amiez-dans-le-slalom-des-mondiaux-un-finish-impressionnant-mais-pas-suffisant\/\",\"url\":\"https:\/\/sport-index.fr\/blog\/a-la-une\/steven-amiez-dans-le-slalom-des-mondiaux-un-finish-impressionnant-mais-pas-suffisant\/\",\"name\":\"Steven Amiez dans le slalom des Mondiaux : un finish\",\"isPartOf\":{\"@id\":\"https:\/\/sport-index.fr\/blog\/#website\"},\"primaryImageOfPage\":{\"@id\":\"https:\/\/sport-index.fr\/blog\/a-la-une\/steven-amiez-dans-le-slalom-des-mondiaux-un-finish-impressionnant-mais-pas-suffisant\/#primaryimage\"},\"image\":{\"@id\":\"https:\/\/sport-index.fr\/blog\/a-la-une\/steven-amiez-dans-le-slalom-des-mondiaux-un-finish-impressionnant-mais-pas-suffisant\/#primaryimage\"},\"thumbnailUrl\":\"https:\/\/sport-index.fr\/blog\/wp-content\/uploads\/2025\/02\/stability-steven-amiez-dans-le-slalom-des-mondiaux-un-finish-impressionnant-mais-pas-suffisant.png\",\"datePublished\":\"2025-02-17T03:58:17+00:00\",\"description\":\"Un parcours prometteur malgr\u00e9 la d\u00e9ception Steven Amiez a r\u00e9alis\u00e9 une performance impressionnante lors de la deuxi\u00e8me manche du slalom des Mondiaux \u00e0\u2026\",\"inLanguage\":\"fr-FR\",\"potentialAction\":[{\"@type\":\"ReadAction\",\"target\":[\"https:\/\/sport-index.fr\/blog\/a-la-une\/steven-amiez-dans-le-slalom-des-mondiaux-un-finish-impressionnant-mais-pas-suffisant\/\"]}]},{\"@type\":\"ImageObject\",\"inLanguage\":\"fr-FR\",\"@id\":\"https:\/\/sport-index.fr\/blog\/a-la-une\/steven-amiez-dans-le-slalom-des-mondiaux-un-finish-impressionnant-mais-pas-suffisant\/#primaryimage\",\"url\":\"https:\/\/sport-index.fr\/blog\/wp-content\/uploads\/2025\/02\/stability-steven-amiez-dans-le-slalom-des-mondiaux-un-finish-impressionnant-mais-pas-suffisant.png\",\"contentUrl\":\"https:\/\/sport-index.fr\/blog\/wp-content\/uploads\/2025\/02\/stability-steven-amiez-dans-le-slalom-des-mondiaux-un-finish-impressionnant-mais-pas-suffisant.png\",\"width\":1024,\"height\":576},{\"@type\":\"WebSite\",\"@id\":\"https:\/\/sport-index.fr\/blog\/#website\",\"url\":\"https:\/\/sport-index.fr\/blog\/\",\"name\":\"sport-index.fr\",\"description\":\"Le score de l\u2019analyse sportive.\",\"publisher\":{\"@id\":\"https:\/\/sport-index.fr\/blog\/#organization\"},\"alternateName\":\"Le score de l\u2019analyse sportive.\",\"potentialAction\":[{\"@type\":\"SearchAction\",\"target\":{\"@type\":\"EntryPoint\",\"urlTemplate\":\"https:\/\/sport-index.fr\/blog\/?s={search_term_string}\"},\"query-input\":{\"@type\":\"PropertyValueSpecification\",\"valueRequired\":true,\"valueName\":\"search_term_string\"}}],\"inLanguage\":\"fr-FR\"},{\"@type\":\"Organization\",\"@id\":\"https:\/\/sport-index.fr\/blog\/#organization\",\"name\":\"Foretsensations.fr\",\"url\":\"https:\/\/sport-index.fr\/blog\/\",\"logo\":{\"@type\":\"ImageObject\",\"inLanguage\":\"fr-FR\",\"@id\":\"https:\/\/sport-index.fr\/blog\/#\/schema\/logo\/image\/\",\"url\":\"https:\/\/sport-index.fr\/blog\/wp-content\/uploads\/2026\/07\/logo-auto.png\",\"contentUrl\":\"https:\/\/sport-index.fr\/blog\/wp-content\/uploads\/2026\/07\/logo-auto.png\",\"width\":1024,\"height\":1024,\"caption\":\"Foretsensations.fr\"},\"image\":{\"@id\":\"https:\/\/sport-index.fr\/blog\/#\/schema\/logo\/image\/\"}},{\"@type\":\"Person\",\"@id\":\"https:\/\/sport-index.fr\/blog\/#\/schema\/person\/3c864cdc320801e3db34b663e7e3f816\",\"name\":\"Axel Lauzier\",\"image\":{\"@type\":\"ImageObject\",\"inLanguage\":\"fr-FR\",\"@id\":\"https:\/\/sport-index.fr\/blog\/#\/schema\/person\/image\/\",\"url\":\"https:\/\/sport-index.fr\/blog\/wp-content\/uploads\/2026\/06\/persona_axel-l-96x96.jpg\",\"contentUrl\":\"https:\/\/sport-index.fr\/blog\/wp-content\/uploads\/2026\/06\/persona_axel-l-96x96.jpg\",\"caption\":\"Axel Lauzier\"},\"description\":\"Le sport rythme mon quotidien depuis l'enfance, et j'en ai fait mon m\u00e9tier d'analyste r\u00e9dactionnel il y a une dizaine d'ann\u00e9es. Je couvre principalement le football, son actualit\u00e9, ses transferts et l'analyse tactique des grandes affiches, mais aussi les disciplines plus confidentielles que j'aime remettre en lumi\u00e8re. Une partie de mon travail porte sur les pronostics et la lecture statistique d'un match : forme des \u00e9quipes, historique des confrontations, compositions, sans jamais vendre de fausse certitude. Je rappelle syst\u00e9matiquement que parier comporte un risque et doit rester un loisir ma\u00eetris\u00e9. Avant de signer une analyse, je v\u00e9rifie mes chiffres, je recoupe les compositions probables et je distingue toujours la donn\u00e9e brute de l'intuition. Mon objectif : offrir une lecture honn\u00eate et argument\u00e9e, pas un ticket gagnant garanti.\",\"sameAs\":[\"https:\/\/axellauzier.fr\/\"],\"url\":\"https:\/\/sport-index.fr\/blog\/auteur\/noname\/\"}]}<\/script>\n<!-- \/ Yoast SEO Premium plugin. -->","yoast_head_json":{"title":"Steven Amiez dans le slalom des Mondiaux : un finish","description":"Un parcours prometteur malgr\u00e9 la d\u00e9ception Steven Amiez a r\u00e9alis\u00e9 une performance impressionnante lors de la deuxi\u00e8me manche du slalom des Mondiaux \u00e0\u2026","robots":{"index":"index","follow":"follow","max-snippet":"max-snippet:-1","max-image-preview":"max-image-preview:large","max-video-preview":"max-video-preview:-1"},"canonical":"https:\/\/sport-index.fr\/blog\/a-la-une\/steven-amiez-dans-le-slalom-des-mondiaux-un-finish-impressionnant-mais-pas-suffisant\/","og_locale":"fr_FR","og_type":"article","og_title":"Steven Amiez dans le slalom des Mondiaux : un finish","og_description":"Un parcours prometteur malgr\u00e9 la d\u00e9ception Steven Amiez a r\u00e9alis\u00e9 une performance impressionnante lors de la deuxi\u00e8me manche du slalom des Mondiaux \u00e0\u2026","og_url":"https:\/\/sport-index.fr\/blog\/a-la-une\/steven-amiez-dans-le-slalom-des-mondiaux-un-finish-impressionnant-mais-pas-suffisant\/","og_site_name":"sport-index","og_image":[{"width":1024,"height":576,"url":"https:\/\/sport-index.fr\/blog\/wp-content\/uploads\/2025\/02\/stability-steven-amiez-dans-le-slalom-des-mondiaux-un-finish-impressionnant-mais-pas-suffisant.png","type":"image\/png"}],"author":"Axel Lauzier","twitter_card":"summary_large_image","schema":{"@context":"https:\/\/schema.org","@graph":[{"@type":"NewsArticle","@id":"https:\/\/sport-index.fr\/blog\/a-la-une\/steven-amiez-dans-le-slalom-des-mondiaux-un-finish-impressionnant-mais-pas-suffisant\/#article","isPartOf":{"@id":"https:\/\/sport-index.fr\/blog\/a-la-une\/steven-amiez-dans-le-slalom-des-mondiaux-un-finish-impressionnant-mais-pas-suffisant\/"},"author":{"name":"Axel Lauzier","@id":"https:\/\/sport-index.fr\/blog\/#\/schema\/person\/3c864cdc320801e3db34b663e7e3f816"},"headline":"Steven Amiez dans le slalom des Mondiaux : un finish impressionnant, mais pas suffisant","datePublished":"2025-02-17T03:58:17+00:00","mainEntityOfPage":{"@id":"https:\/\/sport-index.fr\/blog\/a-la-une\/steven-amiez-dans-le-slalom-des-mondiaux-un-finish-impressionnant-mais-pas-suffisant\/"},"wordCount":559,"commentCount":16,"publisher":{"@id":"https:\/\/sport-index.fr\/blog\/#organization"},"image":{"@id":"https:\/\/sport-index.fr\/blog\/a-la-une\/steven-amiez-dans-le-slalom-des-mondiaux-un-finish-impressionnant-mais-pas-suffisant\/#primaryimage"},"thumbnailUrl":"https:\/\/sport-index.fr\/blog\/wp-content\/uploads\/2025\/02\/stability-steven-amiez-dans-le-slalom-des-mondiaux-un-finish-impressionnant-mais-pas-suffisant.png","keywords":["Bien-\u00eatre Mental","Comp\u00e9tition","Gestion des Talents","Performance Athl\u00e9tique","Ski Alpin"],"articleSection":["\u00c0 la une"],"inLanguage":"fr-FR","potentialAction":[{"@type":"CommentAction","name":"Comment","target":["https:\/\/sport-index.fr\/blog\/a-la-une\/steven-amiez-dans-le-slalom-des-mondiaux-un-finish-impressionnant-mais-pas-suffisant\/#respond"]}]},{"@type":"WebPage","@id":"https:\/\/sport-index.fr\/blog\/a-la-une\/steven-amiez-dans-le-slalom-des-mondiaux-un-finish-impressionnant-mais-pas-suffisant\/","url":"https:\/\/sport-index.fr\/blog\/a-la-une\/steven-amiez-dans-le-slalom-des-mondiaux-un-finish-impressionnant-mais-pas-suffisant\/","name":"Steven Amiez dans le slalom des Mondiaux : un finish","isPartOf":{"@id":"https:\/\/sport-index.fr\/blog\/#website"},"primaryImageOfPage":{"@id":"https:\/\/sport-index.fr\/blog\/a-la-une\/steven-amiez-dans-le-slalom-des-mondiaux-un-finish-impressionnant-mais-pas-suffisant\/#primaryimage"},"image":{"@id":"https:\/\/sport-index.fr\/blog\/a-la-une\/steven-amiez-dans-le-slalom-des-mondiaux-un-finish-impressionnant-mais-pas-suffisant\/#primaryimage"},"thumbnailUrl":"https:\/\/sport-index.fr\/blog\/wp-content\/uploads\/2025\/02\/stability-steven-amiez-dans-le-slalom-des-mondiaux-un-finish-impressionnant-mais-pas-suffisant.png","datePublished":"2025-02-17T03:58:17+00:00","description":"Un parcours prometteur malgr\u00e9 la d\u00e9ception Steven Amiez a r\u00e9alis\u00e9 une performance impressionnante lors de la deuxi\u00e8me manche du slalom des Mondiaux \u00e0\u2026","inLanguage":"fr-FR","potentialAction":[{"@type":"ReadAction","target":["https:\/\/sport-index.fr\/blog\/a-la-une\/steven-amiez-dans-le-slalom-des-mondiaux-un-finish-impressionnant-mais-pas-suffisant\/"]}]},{"@type":"ImageObject","inLanguage":"fr-FR","@id":"https:\/\/sport-index.fr\/blog\/a-la-une\/steven-amiez-dans-le-slalom-des-mondiaux-un-finish-impressionnant-mais-pas-suffisant\/#primaryimage","url":"https:\/\/sport-index.fr\/blog\/wp-content\/uploads\/2025\/02\/stability-steven-amiez-dans-le-slalom-des-mondiaux-un-finish-impressionnant-mais-pas-suffisant.png","contentUrl":"https:\/\/sport-index.fr\/blog\/wp-content\/uploads\/2025\/02\/stability-steven-amiez-dans-le-slalom-des-mondiaux-un-finish-impressionnant-mais-pas-suffisant.png","width":1024,"height":576},{"@type":"WebSite","@id":"https:\/\/sport-index.fr\/blog\/#website","url":"https:\/\/sport-index.fr\/blog\/","name":"sport-index.fr","description":"Le score de l\u2019analyse sportive.","publisher":{"@id":"https:\/\/sport-index.fr\/blog\/#organization"},"alternateName":"Le score de l\u2019analyse sportive.","potentialAction":[{"@type":"SearchAction","target":{"@type":"EntryPoint","urlTemplate":"https:\/\/sport-index.fr\/blog\/?s={search_term_string}"},"query-input":{"@type":"PropertyValueSpecification","valueRequired":true,"valueName":"search_term_string"}}],"inLanguage":"fr-FR"},{"@type":"Organization","@id":"https:\/\/sport-index.fr\/blog\/#organization","name":"Foretsensations.fr","url":"https:\/\/sport-index.fr\/blog\/","logo":{"@type":"ImageObject","inLanguage":"fr-FR","@id":"https:\/\/sport-index.fr\/blog\/#\/schema\/logo\/image\/","url":"https:\/\/sport-index.fr\/blog\/wp-content\/uploads\/2026\/07\/logo-auto.png","contentUrl":"https:\/\/sport-index.fr\/blog\/wp-content\/uploads\/2026\/07\/logo-auto.png","width":1024,"height":1024,"caption":"Foretsensations.fr"},"image":{"@id":"https:\/\/sport-index.fr\/blog\/#\/schema\/logo\/image\/"}},{"@type":"Person","@id":"https:\/\/sport-index.fr\/blog\/#\/schema\/person\/3c864cdc320801e3db34b663e7e3f816","name":"Axel Lauzier","image":{"@type":"ImageObject","inLanguage":"fr-FR","@id":"https:\/\/sport-index.fr\/blog\/#\/schema\/person\/image\/","url":"https:\/\/sport-index.fr\/blog\/wp-content\/uploads\/2026\/06\/persona_axel-l-96x96.jpg","contentUrl":"https:\/\/sport-index.fr\/blog\/wp-content\/uploads\/2026\/06\/persona_axel-l-96x96.jpg","caption":"Axel Lauzier"},"description":"Le sport rythme mon quotidien depuis l'enfance, et j'en ai fait mon m\u00e9tier d'analyste r\u00e9dactionnel il y a une dizaine d'ann\u00e9es. Je couvre principalement le football, son actualit\u00e9, ses transferts et l'analyse tactique des grandes affiches, mais aussi les disciplines plus confidentielles que j'aime remettre en lumi\u00e8re. Une partie de mon travail porte sur les pronostics et la lecture statistique d'un match : forme des \u00e9quipes, historique des confrontations, compositions, sans jamais vendre de fausse certitude. Je rappelle syst\u00e9matiquement que parier comporte un risque et doit rester un loisir ma\u00eetris\u00e9. Avant de signer une analyse, je v\u00e9rifie mes chiffres, je recoupe les compositions probables et je distingue toujours la donn\u00e9e brute de l'intuition. Mon objectif : offrir une lecture honn\u00eate et argument\u00e9e, pas un ticket gagnant garanti.","sameAs":["https:\/\/axellauzier.fr\/"],"url":"https:\/\/sport-index.fr\/blog\/auteur\/noname\/"}]}},"_links":{"self":[{"href":"https:\/\/sport-index.fr\/blog\/wp-json\/wp\/v2\/posts\/9116","targetHints":{"allow":["GET"]}}],"collection":[{"href":"https:\/\/sport-index.fr\/blog\/wp-json\/wp\/v2\/posts"}],"about":[{"href":"https:\/\/sport-index.fr\/blog\/wp-json\/wp\/v2\/types\/post"}],"author":[{"embeddable":true,"href":"https:\/\/sport-index.fr\/blog\/wp-json\/wp\/v2\/users\/34"}],"replies":[{"embeddable":true,"href":"https:\/\/sport-index.fr\/blog\/wp-json\/wp\/v2\/comments?post=9116"}],"version-history":[{"count":1,"href":"https:\/\/sport-index.fr\/blog\/wp-json\/wp\/v2\/posts\/9116\/revisions"}],"predecessor-version":[{"id":9119,"href":"https:\/\/sport-index.fr\/blog\/wp-json\/wp\/v2\/posts\/9116\/revisions\/9119"}],"wp:featuredmedia":[{"embeddable":true,"href":"https:\/\/sport-index.fr\/blog\/wp-json\/wp\/v2\/media\/9117"}],"wp:attachment":[{"href":"https:\/\/sport-index.fr\/blog\/wp-json\/wp\/v2\/media?parent=9116"}],"wp:term":[{"taxonomy":"category","embeddable":true,"href":"https:\/\/sport-index.fr\/blog\/wp-json\/wp\/v2\/categories?post=9116"},{"taxonomy":"post_tag","embeddable":true,"href":"https:\/\/sport-index.fr\/blog\/wp-json\/wp\/v2\/tags?post=9116"}],"curies":[{"name":"wp","href":"https:\/\/api.w.org\/{rel}","templated":true}]}}