{"id":9121,"date":"2025-02-16T15:56:18","date_gmt":"2025-02-16T14:56:18","guid":{"rendered":"https:\/\/sport-index.fr\/blog\/?p=9121"},"modified":"2025-02-16T15:06:58","modified_gmt":"2025-02-16T14:06:58","slug":"clement-noel-face-a-lechec-loic-meillard-triomphe-au-slalom-des-mondiaux-de-saalbach","status":"publish","type":"post","link":"https:\/\/sport-index.fr\/blog\/a-la-une\/clement-noel-face-a-lechec-loic-meillard-triomphe-au-slalom-des-mondiaux-de-saalbach\/","title":{"rendered":"Cl\u00e9ment No\u00ebl face \u00e0 l&rsquo;\u00e9chec, Lo\u00efc Meillard triomphe au slalom des Mondiaux de Saalbach"},"content":{"rendered":"<h2>Un slalom sous tension pour Cl\u00e9ment No\u00ebl<\/h2>\n<p>Apr\u00e8s avoir r\u00e9alis\u00e9 le meilleur temps de la premi\u00e8re manche, il \u00e9tait en position id\u00e9ale pour d\u00e9crocher un titre. Cependant, la pression exerc\u00e9e par son compatriote suisse, Lo\u00efc Meillard, s&rsquo;est r\u00e9v\u00e9l\u00e9e trop forte.<\/p>\n<p>La deuxi\u00e8me manche a \u00e9t\u00e9 un v\u00e9ritable tournant pour No\u00ebl. Son d\u00e9part, moins incisif qu\u2019attendu, a entra\u00een\u00e9 une erreur fatale : il a enfourch\u00e9, ce qui a mis un terme \u00e0 ses ambitions de victoire. C&rsquo;est \u00e0 ce moment-l\u00e0 que Meillard a su tirer parti de la situation et a franchi la ligne d&rsquo;arriv\u00e9e avec succ\u00e8s.<\/p>\n<h2>Lo\u00efc Meillard, un champion inattendu<\/h2>\n<p>Lo\u00efc Meillard a su capitaliser sur l&rsquo;erreur de No\u00ebl pour s&rsquo;imposer avec brio. En prenant le relais, il a d\u00e9montr\u00e9 une ma\u00eetrise et une technique exemplaires tout au long de la course. Son parcours, marqu\u00e9 par des choix strat\u00e9giques judicieux, lui a permis de r\u00e9aliser une performance remarquable.<img decoding=\"async\" width=\"1024\" height=\"576\" src=\"https:\/\/sport-index.fr\/blog\/wp-content\/uploads\/2025\/02\/stability-clement-noel-face-a-lechec-loic-meillard-triomphe-au-slalom-des-mondiaux-de-saalbach-1.png\" class=\"aligncenter\" alt=\"Illustration d\u00e9taill\u00e9e sur Cl\u00e9ment No\u00ebl face \u00e0 l&#039;\u00e9chec, Lo\u00efc Meillard triomphe au slalom des Mondiaux de Saalbach\" title=\"Cl\u00e9ment No\u00ebl face \u00e0 l&#039;\u00e9chec, Lo\u00efc Meillard triomphe au slalom des Mondiaux de Saalbach\" loading=\"lazy\" \/><\/p>\n<p>La victoire de Meillard ne fait que confirmer son statut de potentiel champion dans cette discipline. Il a su rester concentr\u00e9, faire preuve de r\u00e9silience et saisir sa chance au bon moment. Ce succ\u00e8s est le r\u00e9sultat d&rsquo;un travail acharn\u00e9 et d&rsquo;une d\u00e9termination sans faille.<\/p>\n<h2>Une comp\u00e9tition pleine d&rsquo;\u00e9motions<\/h2>\n<p>Les Mondiaux de Saalbach ont offert un spectacle captivant et riche en \u00e9motions. Les spectateurs ont assist\u00e9 \u00e0 un v\u00e9ritable duel entre deux skieurs d&rsquo;\u00e9lite, chacun cherchant \u00e0 prouver sa valeur. L&rsquo;enjeu \u00e9tait immense, et chaque seconde comptait sur la piste.<\/p>\n<p>Malgr\u00e9 la d\u00e9ception pour Cl\u00e9ment No\u00ebl, son parcours reste impressionnant. Son statut de champion olympique t\u00e9moigne de son talent et de son potentiel pour rebondir lors de futures comp\u00e9titions. Comme il l&rsquo;a lui-m\u00eame d\u00e9clar\u00e9 : <\/p>\n<blockquote><p>\u00ab\u00a0Chaque \u00e9chec est une le\u00e7on, et je reviendrai plus fort.\u00a0\u00bb <\/p><\/blockquote>\n<ul>\n<li>Cl\u00e9ment No\u00ebl : meilleur temps de la premi\u00e8re manche<\/li>\n<li>Lo\u00efc Meillard : victoire inattendue au slalom<\/li>\n<li>Un duel palpitant entre deux grands skieurs<\/li>\n<li>Des enjeux \u00e9lev\u00e9s aux Mondiaux de Saalbach<\/li>\n<li>Un avenir prometteur pour No\u00ebl malgr\u00e9 l\u2019\u00e9chec<\/li>\n<\/ul>\n<p>La comp\u00e9tition de ski alpin ne se limite pas aux performances individuelles ; elle \u00e9voque \u00e9galement la camaraderie et la rivalit\u00e9 entre athl\u00e8tes. Ces moments de tension sur la piste rappellent \u00e0 tous que le sport est fait de hauts et de bas. Les skieurs comme No\u00ebl et Meillard, par leur d\u00e9termination et leur passion, continuent d&rsquo;inspirer des g\u00e9n\u00e9rations de fans.<\/p>\n","protected":false},"excerpt":{"rendered":"","protected":false},"author":34,"featured_media":9122,"comment_status":"open","ping_status":"open","sticky":false,"template":"","format":"standard","meta":{"_acf_changed":false,"manual_indexmenow":false,"indexmenow_id_project":0,"footnotes":""},"categories":[1],"tags":[4745,4632,4885,4408,4591],"class_list":["post-9121","post","type-post","status-publish","format-standard","has-post-thumbnail","hentry","category-a-la-une","tag-competition","tag-performance-sportive","tag-preparation-mentale","tag-resilience","tag-ski-alpin","generate-columns","tablet-grid-50","mobile-grid-100","grid-parent","grid-25"],"acf":[],"yoast_head":"<!-- This site is optimized with the Yoast SEO Premium plugin v21.3 (Yoast SEO v26.5) - https:\/\/yoast.com\/wordpress\/plugins\/seo\/ -->\n<title>Cl\u00e9ment No\u00ebl face \u00e0 l&#039;\u00e9chec, Lo\u00efc Meillard triomphe<\/title>\n<meta name=\"description\" content=\"Un slalom sous tension pour Cl\u00e9ment No\u00ebl Apr\u00e8s avoir r\u00e9alis\u00e9 le meilleur temps de la premi\u00e8re manche, il \u00e9tait en position id\u00e9ale pour d\u00e9crocher un\u2026\" \/>\n<meta name=\"robots\" content=\"index, follow, max-snippet:-1, max-image-preview:large, max-video-preview:-1\" \/>\n<link rel=\"canonical\" href=\"https:\/\/sport-index.fr\/blog\/a-la-une\/clement-noel-face-a-lechec-loic-meillard-triomphe-au-slalom-des-mondiaux-de-saalbach\/\" \/>\n<meta property=\"og:locale\" content=\"fr_FR\" \/>\n<meta property=\"og:type\" content=\"article\" \/>\n<meta property=\"og:title\" content=\"Cl\u00e9ment No\u00ebl face \u00e0 l&#039;\u00e9chec, Lo\u00efc Meillard triomphe\" \/>\n<meta property=\"og:description\" content=\"Un slalom sous tension pour Cl\u00e9ment No\u00ebl Apr\u00e8s avoir r\u00e9alis\u00e9 le meilleur temps de la premi\u00e8re manche, il \u00e9tait en position id\u00e9ale pour d\u00e9crocher un\u2026\" \/>\n<meta property=\"og:url\" content=\"https:\/\/sport-index.fr\/blog\/a-la-une\/clement-noel-face-a-lechec-loic-meillard-triomphe-au-slalom-des-mondiaux-de-saalbach\/\" \/>\n<meta property=\"og:site_name\" content=\"sport-index\" \/>\n<meta property=\"og:image\" content=\"https:\/\/sport-index.fr\/blog\/wp-content\/uploads\/2025\/02\/stability-clement-noel-face-a-lechec-loic-meillard-triomphe-au-slalom-des-mondiaux-de-saalbach.png\" \/>\n\t<meta property=\"og:image:width\" content=\"1024\" \/>\n\t<meta property=\"og:image:height\" content=\"576\" \/>\n\t<meta property=\"og:image:type\" content=\"image\/png\" \/>\n<meta name=\"author\" content=\"Axel Lauzier\" \/>\n<meta name=\"twitter:card\" content=\"summary_large_image\" \/>\n<script type=\"application\/ld+json\" class=\"yoast-schema-graph\">{\"@context\":\"https:\/\/schema.org\",\"@graph\":[{\"@type\":\"NewsArticle\",\"@id\":\"https:\/\/sport-index.fr\/blog\/a-la-une\/clement-noel-face-a-lechec-loic-meillard-triomphe-au-slalom-des-mondiaux-de-saalbach\/#article\",\"isPartOf\":{\"@id\":\"https:\/\/sport-index.fr\/blog\/a-la-une\/clement-noel-face-a-lechec-loic-meillard-triomphe-au-slalom-des-mondiaux-de-saalbach\/\"},\"author\":{\"name\":\"Axel Lauzier\",\"@id\":\"https:\/\/sport-index.fr\/blog\/#\/schema\/person\/3c864cdc320801e3db34b663e7e3f816\"},\"headline\":\"Cl\u00e9ment No\u00ebl face \u00e0 l&rsquo;\u00e9chec, Lo\u00efc Meillard triomphe au slalom des Mondiaux de Saalbach\",\"datePublished\":\"2025-02-16T14:56:18+00:00\",\"mainEntityOfPage\":{\"@id\":\"https:\/\/sport-index.fr\/blog\/a-la-une\/clement-noel-face-a-lechec-loic-meillard-triomphe-au-slalom-des-mondiaux-de-saalbach\/\"},\"wordCount\":455,\"commentCount\":23,\"publisher\":{\"@id\":\"https:\/\/sport-index.fr\/blog\/#organization\"},\"image\":{\"@id\":\"https:\/\/sport-index.fr\/blog\/a-la-une\/clement-noel-face-a-lechec-loic-meillard-triomphe-au-slalom-des-mondiaux-de-saalbach\/#primaryimage\"},\"thumbnailUrl\":\"https:\/\/sport-index.fr\/blog\/wp-content\/uploads\/2025\/02\/stability-clement-noel-face-a-lechec-loic-meillard-triomphe-au-slalom-des-mondiaux-de-saalbach.png\",\"keywords\":[\"Comp\u00e9tition\",\"Performance sportive\",\"Pr\u00e9paration Mentale\",\"R\u00e9silience\",\"Ski Alpin\"],\"articleSection\":[\"\u00c0 la une\"],\"inLanguage\":\"fr-FR\",\"potentialAction\":[{\"@type\":\"CommentAction\",\"name\":\"Comment\",\"target\":[\"https:\/\/sport-index.fr\/blog\/a-la-une\/clement-noel-face-a-lechec-loic-meillard-triomphe-au-slalom-des-mondiaux-de-saalbach\/#respond\"]}]},{\"@type\":\"WebPage\",\"@id\":\"https:\/\/sport-index.fr\/blog\/a-la-une\/clement-noel-face-a-lechec-loic-meillard-triomphe-au-slalom-des-mondiaux-de-saalbach\/\",\"url\":\"https:\/\/sport-index.fr\/blog\/a-la-une\/clement-noel-face-a-lechec-loic-meillard-triomphe-au-slalom-des-mondiaux-de-saalbach\/\",\"name\":\"Cl\u00e9ment No\u00ebl face \u00e0 l'\u00e9chec, Lo\u00efc Meillard triomphe\",\"isPartOf\":{\"@id\":\"https:\/\/sport-index.fr\/blog\/#website\"},\"primaryImageOfPage\":{\"@id\":\"https:\/\/sport-index.fr\/blog\/a-la-une\/clement-noel-face-a-lechec-loic-meillard-triomphe-au-slalom-des-mondiaux-de-saalbach\/#primaryimage\"},\"image\":{\"@id\":\"https:\/\/sport-index.fr\/blog\/a-la-une\/clement-noel-face-a-lechec-loic-meillard-triomphe-au-slalom-des-mondiaux-de-saalbach\/#primaryimage\"},\"thumbnailUrl\":\"https:\/\/sport-index.fr\/blog\/wp-content\/uploads\/2025\/02\/stability-clement-noel-face-a-lechec-loic-meillard-triomphe-au-slalom-des-mondiaux-de-saalbach.png\",\"datePublished\":\"2025-02-16T14:56:18+00:00\",\"description\":\"Un slalom sous tension pour Cl\u00e9ment No\u00ebl Apr\u00e8s avoir r\u00e9alis\u00e9 le meilleur temps de la premi\u00e8re manche, il \u00e9tait en position id\u00e9ale pour d\u00e9crocher un\u2026\",\"inLanguage\":\"fr-FR\",\"potentialAction\":[{\"@type\":\"ReadAction\",\"target\":[\"https:\/\/sport-index.fr\/blog\/a-la-une\/clement-noel-face-a-lechec-loic-meillard-triomphe-au-slalom-des-mondiaux-de-saalbach\/\"]}]},{\"@type\":\"ImageObject\",\"inLanguage\":\"fr-FR\",\"@id\":\"https:\/\/sport-index.fr\/blog\/a-la-une\/clement-noel-face-a-lechec-loic-meillard-triomphe-au-slalom-des-mondiaux-de-saalbach\/#primaryimage\",\"url\":\"https:\/\/sport-index.fr\/blog\/wp-content\/uploads\/2025\/02\/stability-clement-noel-face-a-lechec-loic-meillard-triomphe-au-slalom-des-mondiaux-de-saalbach.png\",\"contentUrl\":\"https:\/\/sport-index.fr\/blog\/wp-content\/uploads\/2025\/02\/stability-clement-noel-face-a-lechec-loic-meillard-triomphe-au-slalom-des-mondiaux-de-saalbach.png\",\"width\":1024,\"height\":576},{\"@type\":\"WebSite\",\"@id\":\"https:\/\/sport-index.fr\/blog\/#website\",\"url\":\"https:\/\/sport-index.fr\/blog\/\",\"name\":\"sport-index.fr\",\"description\":\"Le score de l\u2019analyse sportive.\",\"publisher\":{\"@id\":\"https:\/\/sport-index.fr\/blog\/#organization\"},\"alternateName\":\"Le score de l\u2019analyse sportive.\",\"potentialAction\":[{\"@type\":\"SearchAction\",\"target\":{\"@type\":\"EntryPoint\",\"urlTemplate\":\"https:\/\/sport-index.fr\/blog\/?s={search_term_string}\"},\"query-input\":{\"@type\":\"PropertyValueSpecification\",\"valueRequired\":true,\"valueName\":\"search_term_string\"}}],\"inLanguage\":\"fr-FR\"},{\"@type\":\"Organization\",\"@id\":\"https:\/\/sport-index.fr\/blog\/#organization\",\"name\":\"Foretsensations.fr\",\"url\":\"https:\/\/sport-index.fr\/blog\/\",\"logo\":{\"@type\":\"ImageObject\",\"inLanguage\":\"fr-FR\",\"@id\":\"https:\/\/sport-index.fr\/blog\/#\/schema\/logo\/image\/\",\"url\":\"https:\/\/sport-index.fr\/blog\/wp-content\/uploads\/2026\/07\/logo-auto.png\",\"contentUrl\":\"https:\/\/sport-index.fr\/blog\/wp-content\/uploads\/2026\/07\/logo-auto.png\",\"width\":1024,\"height\":1024,\"caption\":\"Foretsensations.fr\"},\"image\":{\"@id\":\"https:\/\/sport-index.fr\/blog\/#\/schema\/logo\/image\/\"}},{\"@type\":\"Person\",\"@id\":\"https:\/\/sport-index.fr\/blog\/#\/schema\/person\/3c864cdc320801e3db34b663e7e3f816\",\"name\":\"Axel Lauzier\",\"image\":{\"@type\":\"ImageObject\",\"inLanguage\":\"fr-FR\",\"@id\":\"https:\/\/sport-index.fr\/blog\/#\/schema\/person\/image\/\",\"url\":\"https:\/\/sport-index.fr\/blog\/wp-content\/uploads\/2026\/06\/persona_axel-l-96x96.jpg\",\"contentUrl\":\"https:\/\/sport-index.fr\/blog\/wp-content\/uploads\/2026\/06\/persona_axel-l-96x96.jpg\",\"caption\":\"Axel Lauzier\"},\"description\":\"Le sport rythme mon quotidien depuis l'enfance, et j'en ai fait mon m\u00e9tier d'analyste r\u00e9dactionnel il y a une dizaine d'ann\u00e9es. Je couvre principalement le football, son actualit\u00e9, ses transferts et l'analyse tactique des grandes affiches, mais aussi les disciplines plus confidentielles que j'aime remettre en lumi\u00e8re. Une partie de mon travail porte sur les pronostics et la lecture statistique d'un match : forme des \u00e9quipes, historique des confrontations, compositions, sans jamais vendre de fausse certitude. Je rappelle syst\u00e9matiquement que parier comporte un risque et doit rester un loisir ma\u00eetris\u00e9. Avant de signer une analyse, je v\u00e9rifie mes chiffres, je recoupe les compositions probables et je distingue toujours la donn\u00e9e brute de l'intuition. Mon objectif : offrir une lecture honn\u00eate et argument\u00e9e, pas un ticket gagnant garanti.\",\"sameAs\":[\"https:\/\/axellauzier.fr\/\"],\"url\":\"https:\/\/sport-index.fr\/blog\/auteur\/noname\/\"}]}<\/script>\n<!-- \/ Yoast SEO Premium plugin. -->","yoast_head_json":{"title":"Cl\u00e9ment No\u00ebl face \u00e0 l'\u00e9chec, Lo\u00efc Meillard triomphe","description":"Un slalom sous tension pour Cl\u00e9ment No\u00ebl Apr\u00e8s avoir r\u00e9alis\u00e9 le meilleur temps de la premi\u00e8re manche, il \u00e9tait en position id\u00e9ale pour d\u00e9crocher un\u2026","robots":{"index":"index","follow":"follow","max-snippet":"max-snippet:-1","max-image-preview":"max-image-preview:large","max-video-preview":"max-video-preview:-1"},"canonical":"https:\/\/sport-index.fr\/blog\/a-la-une\/clement-noel-face-a-lechec-loic-meillard-triomphe-au-slalom-des-mondiaux-de-saalbach\/","og_locale":"fr_FR","og_type":"article","og_title":"Cl\u00e9ment No\u00ebl face \u00e0 l'\u00e9chec, Lo\u00efc Meillard triomphe","og_description":"Un slalom sous tension pour Cl\u00e9ment No\u00ebl Apr\u00e8s avoir r\u00e9alis\u00e9 le meilleur temps de la premi\u00e8re manche, il \u00e9tait en position id\u00e9ale pour d\u00e9crocher un\u2026","og_url":"https:\/\/sport-index.fr\/blog\/a-la-une\/clement-noel-face-a-lechec-loic-meillard-triomphe-au-slalom-des-mondiaux-de-saalbach\/","og_site_name":"sport-index","og_image":[{"width":1024,"height":576,"url":"https:\/\/sport-index.fr\/blog\/wp-content\/uploads\/2025\/02\/stability-clement-noel-face-a-lechec-loic-meillard-triomphe-au-slalom-des-mondiaux-de-saalbach.png","type":"image\/png"}],"author":"Axel Lauzier","twitter_card":"summary_large_image","schema":{"@context":"https:\/\/schema.org","@graph":[{"@type":"NewsArticle","@id":"https:\/\/sport-index.fr\/blog\/a-la-une\/clement-noel-face-a-lechec-loic-meillard-triomphe-au-slalom-des-mondiaux-de-saalbach\/#article","isPartOf":{"@id":"https:\/\/sport-index.fr\/blog\/a-la-une\/clement-noel-face-a-lechec-loic-meillard-triomphe-au-slalom-des-mondiaux-de-saalbach\/"},"author":{"name":"Axel Lauzier","@id":"https:\/\/sport-index.fr\/blog\/#\/schema\/person\/3c864cdc320801e3db34b663e7e3f816"},"headline":"Cl\u00e9ment No\u00ebl face \u00e0 l&rsquo;\u00e9chec, Lo\u00efc Meillard triomphe au slalom des Mondiaux de Saalbach","datePublished":"2025-02-16T14:56:18+00:00","mainEntityOfPage":{"@id":"https:\/\/sport-index.fr\/blog\/a-la-une\/clement-noel-face-a-lechec-loic-meillard-triomphe-au-slalom-des-mondiaux-de-saalbach\/"},"wordCount":455,"commentCount":23,"publisher":{"@id":"https:\/\/sport-index.fr\/blog\/#organization"},"image":{"@id":"https:\/\/sport-index.fr\/blog\/a-la-une\/clement-noel-face-a-lechec-loic-meillard-triomphe-au-slalom-des-mondiaux-de-saalbach\/#primaryimage"},"thumbnailUrl":"https:\/\/sport-index.fr\/blog\/wp-content\/uploads\/2025\/02\/stability-clement-noel-face-a-lechec-loic-meillard-triomphe-au-slalom-des-mondiaux-de-saalbach.png","keywords":["Comp\u00e9tition","Performance sportive","Pr\u00e9paration Mentale","R\u00e9silience","Ski Alpin"],"articleSection":["\u00c0 la une"],"inLanguage":"fr-FR","potentialAction":[{"@type":"CommentAction","name":"Comment","target":["https:\/\/sport-index.fr\/blog\/a-la-une\/clement-noel-face-a-lechec-loic-meillard-triomphe-au-slalom-des-mondiaux-de-saalbach\/#respond"]}]},{"@type":"WebPage","@id":"https:\/\/sport-index.fr\/blog\/a-la-une\/clement-noel-face-a-lechec-loic-meillard-triomphe-au-slalom-des-mondiaux-de-saalbach\/","url":"https:\/\/sport-index.fr\/blog\/a-la-une\/clement-noel-face-a-lechec-loic-meillard-triomphe-au-slalom-des-mondiaux-de-saalbach\/","name":"Cl\u00e9ment No\u00ebl face \u00e0 l'\u00e9chec, Lo\u00efc Meillard triomphe","isPartOf":{"@id":"https:\/\/sport-index.fr\/blog\/#website"},"primaryImageOfPage":{"@id":"https:\/\/sport-index.fr\/blog\/a-la-une\/clement-noel-face-a-lechec-loic-meillard-triomphe-au-slalom-des-mondiaux-de-saalbach\/#primaryimage"},"image":{"@id":"https:\/\/sport-index.fr\/blog\/a-la-une\/clement-noel-face-a-lechec-loic-meillard-triomphe-au-slalom-des-mondiaux-de-saalbach\/#primaryimage"},"thumbnailUrl":"https:\/\/sport-index.fr\/blog\/wp-content\/uploads\/2025\/02\/stability-clement-noel-face-a-lechec-loic-meillard-triomphe-au-slalom-des-mondiaux-de-saalbach.png","datePublished":"2025-02-16T14:56:18+00:00","description":"Un slalom sous tension pour Cl\u00e9ment No\u00ebl Apr\u00e8s avoir r\u00e9alis\u00e9 le meilleur temps de la premi\u00e8re manche, il \u00e9tait en position id\u00e9ale pour d\u00e9crocher un\u2026","inLanguage":"fr-FR","potentialAction":[{"@type":"ReadAction","target":["https:\/\/sport-index.fr\/blog\/a-la-une\/clement-noel-face-a-lechec-loic-meillard-triomphe-au-slalom-des-mondiaux-de-saalbach\/"]}]},{"@type":"ImageObject","inLanguage":"fr-FR","@id":"https:\/\/sport-index.fr\/blog\/a-la-une\/clement-noel-face-a-lechec-loic-meillard-triomphe-au-slalom-des-mondiaux-de-saalbach\/#primaryimage","url":"https:\/\/sport-index.fr\/blog\/wp-content\/uploads\/2025\/02\/stability-clement-noel-face-a-lechec-loic-meillard-triomphe-au-slalom-des-mondiaux-de-saalbach.png","contentUrl":"https:\/\/sport-index.fr\/blog\/wp-content\/uploads\/2025\/02\/stability-clement-noel-face-a-lechec-loic-meillard-triomphe-au-slalom-des-mondiaux-de-saalbach.png","width":1024,"height":576},{"@type":"WebSite","@id":"https:\/\/sport-index.fr\/blog\/#website","url":"https:\/\/sport-index.fr\/blog\/","name":"sport-index.fr","description":"Le score de l\u2019analyse sportive.","publisher":{"@id":"https:\/\/sport-index.fr\/blog\/#organization"},"alternateName":"Le score de l\u2019analyse sportive.","potentialAction":[{"@type":"SearchAction","target":{"@type":"EntryPoint","urlTemplate":"https:\/\/sport-index.fr\/blog\/?s={search_term_string}"},"query-input":{"@type":"PropertyValueSpecification","valueRequired":true,"valueName":"search_term_string"}}],"inLanguage":"fr-FR"},{"@type":"Organization","@id":"https:\/\/sport-index.fr\/blog\/#organization","name":"Foretsensations.fr","url":"https:\/\/sport-index.fr\/blog\/","logo":{"@type":"ImageObject","inLanguage":"fr-FR","@id":"https:\/\/sport-index.fr\/blog\/#\/schema\/logo\/image\/","url":"https:\/\/sport-index.fr\/blog\/wp-content\/uploads\/2026\/07\/logo-auto.png","contentUrl":"https:\/\/sport-index.fr\/blog\/wp-content\/uploads\/2026\/07\/logo-auto.png","width":1024,"height":1024,"caption":"Foretsensations.fr"},"image":{"@id":"https:\/\/sport-index.fr\/blog\/#\/schema\/logo\/image\/"}},{"@type":"Person","@id":"https:\/\/sport-index.fr\/blog\/#\/schema\/person\/3c864cdc320801e3db34b663e7e3f816","name":"Axel Lauzier","image":{"@type":"ImageObject","inLanguage":"fr-FR","@id":"https:\/\/sport-index.fr\/blog\/#\/schema\/person\/image\/","url":"https:\/\/sport-index.fr\/blog\/wp-content\/uploads\/2026\/06\/persona_axel-l-96x96.jpg","contentUrl":"https:\/\/sport-index.fr\/blog\/wp-content\/uploads\/2026\/06\/persona_axel-l-96x96.jpg","caption":"Axel Lauzier"},"description":"Le sport rythme mon quotidien depuis l'enfance, et j'en ai fait mon m\u00e9tier d'analyste r\u00e9dactionnel il y a une dizaine d'ann\u00e9es. Je couvre principalement le football, son actualit\u00e9, ses transferts et l'analyse tactique des grandes affiches, mais aussi les disciplines plus confidentielles que j'aime remettre en lumi\u00e8re. Une partie de mon travail porte sur les pronostics et la lecture statistique d'un match : forme des \u00e9quipes, historique des confrontations, compositions, sans jamais vendre de fausse certitude. Je rappelle syst\u00e9matiquement que parier comporte un risque et doit rester un loisir ma\u00eetris\u00e9. Avant de signer une analyse, je v\u00e9rifie mes chiffres, je recoupe les compositions probables et je distingue toujours la donn\u00e9e brute de l'intuition. Mon objectif : offrir une lecture honn\u00eate et argument\u00e9e, pas un ticket gagnant garanti.","sameAs":["https:\/\/axellauzier.fr\/"],"url":"https:\/\/sport-index.fr\/blog\/auteur\/noname\/"}]}},"_links":{"self":[{"href":"https:\/\/sport-index.fr\/blog\/wp-json\/wp\/v2\/posts\/9121","targetHints":{"allow":["GET"]}}],"collection":[{"href":"https:\/\/sport-index.fr\/blog\/wp-json\/wp\/v2\/posts"}],"about":[{"href":"https:\/\/sport-index.fr\/blog\/wp-json\/wp\/v2\/types\/post"}],"author":[{"embeddable":true,"href":"https:\/\/sport-index.fr\/blog\/wp-json\/wp\/v2\/users\/34"}],"replies":[{"embeddable":true,"href":"https:\/\/sport-index.fr\/blog\/wp-json\/wp\/v2\/comments?post=9121"}],"version-history":[{"count":2,"href":"https:\/\/sport-index.fr\/blog\/wp-json\/wp\/v2\/posts\/9121\/revisions"}],"predecessor-version":[{"id":9157,"href":"https:\/\/sport-index.fr\/blog\/wp-json\/wp\/v2\/posts\/9121\/revisions\/9157"}],"wp:featuredmedia":[{"embeddable":true,"href":"https:\/\/sport-index.fr\/blog\/wp-json\/wp\/v2\/media\/9122"}],"wp:attachment":[{"href":"https:\/\/sport-index.fr\/blog\/wp-json\/wp\/v2\/media?parent=9121"}],"wp:term":[{"taxonomy":"category","embeddable":true,"href":"https:\/\/sport-index.fr\/blog\/wp-json\/wp\/v2\/categories?post=9121"},{"taxonomy":"post_tag","embeddable":true,"href":"https:\/\/sport-index.fr\/blog\/wp-json\/wp\/v2\/tags?post=9121"}],"curies":[{"name":"wp","href":"https:\/\/api.w.org\/{rel}","templated":true}]}}