{"id":9145,"date":"2025-02-18T19:41:29","date_gmt":"2025-02-18T18:41:29","guid":{"rendered":"https:\/\/sport-index.fr\/blog\/?p=9145"},"modified":"2025-02-16T15:41:42","modified_gmt":"2025-02-16T14:41:42","slug":"un-hommage-vibrant-a-philippe-sella-agen-celebre-sa-legende-au-coeur-du-rugby","status":"publish","type":"post","link":"https:\/\/sport-index.fr\/blog\/a-la-une\/un-hommage-vibrant-a-philippe-sella-agen-celebre-sa-legende-au-coeur-du-rugby\/","title":{"rendered":"Un hommage vibrant \u00e0 Philippe Sella : Agen c\u00e9l\u00e8bre sa l\u00e9gende au c\u0153ur du rugby"},"content":{"rendered":"<h2>Un match charg\u00e9 d&rsquo;\u00e9motion<\/h2>\n<p>Le vendredi soir, le stade Armandie a vibr\u00e9 au rythme d&rsquo;un match qui a transcend\u00e9 le simple cadre sportif. Les Agenais, en lutte pour leur survie en Pro D2, ont su s&rsquo;imposer face \u00e0 B\u00e9ziers, une victoire d&rsquo;autant plus pr\u00e9cieuse qu&rsquo;elle co\u00efncidait avec l&rsquo;anniversaire de Philippe Sella. Ce moment a \u00e9t\u00e9 marqu\u00e9 par une atmosph\u00e8re festive, o\u00f9 les supporters ont chant\u00e9 pour honorer leur l\u00e9gende vivante.<\/p>\n<p>D\u00e8s la 13e minute, l&rsquo;animateur du stade a annonc\u00e9 l&rsquo;anniversaire de Sella, suscitant une r\u00e9action \u00e9motive du public. L&rsquo;ancien centre, fort de ses 111 s\u00e9lections, s&rsquo;est lev\u00e9 pour saluer une foule qui lui a manifest\u00e9 son affection \u00e0 travers un joyeux anniversaire chant\u00e9 en ch\u0153ur. Cette communion entre le joueur et les supporters a rappel\u00e9 l&rsquo;importance des valeurs humaines dans le rugby.<\/p>\n<h2>Un club en qu\u00eate de renouveau<\/h2>\n<p>Malgr\u00e9 une victoire peu flamboyante, cette rencontre a permis \u00e0 Agen de respirer un peu dans un championnat difficile. Philippe Sella, bien que moins pr\u00e9sent sur le terrain, continue de jouer un r\u00f4le crucial en soutenant son \u00e9quipe, notamment lors des \u00e9v\u00e9nements organis\u00e9s au salon des \u00e9toiles. Son engagement t\u00e9moigne de son attachement ind\u00e9fectible \u00e0 son club de c\u0153ur.<\/p>\n<p>Les Agenais ont compris que gagner ce match \u00e9tait un cadeau inestimable pour leur ancien joueur embl\u00e9matique. \u00c0 travers cette performance, ils ont voulu lui montrer qu&rsquo;ils luttent comme il l&rsquo;a fait durant sa carri\u00e8re, et que les valeurs du rugby, comme la solidarit\u00e9 et la d\u00e9termination, demeurent au c\u0153ur de leur identit\u00e9.<\/p>\n<h2>Un symbole intemporel du rugby fran\u00e7ais<\/h2>\n<p>Philippe Sella, surnomm\u00e9 \u00ab\u00a0l&rsquo;incomparable\u00a0\u00bb, est une figure embl\u00e9matique du rugby fran\u00e7ais. Son parcours, parsem\u00e9 de succ\u00e8s, a laiss\u00e9 une empreinte ind\u00e9l\u00e9bile dans l&rsquo;histoire du sport. Il incarne des valeurs telles que l&rsquo;humilit\u00e9, le travail acharn\u00e9 et le respect, des principes que les jeunes joueurs d&rsquo;aujourd&rsquo;hui devraient s&rsquo;efforcer d&rsquo;incarner.<\/p>\n<p>La c\u00e9l\u00e9bration de son anniversaire a rappel\u00e9 \u00e0 tous l&rsquo;importance de pr\u00e9server la m\u00e9moire des l\u00e9gendes du rugby. Comme l&rsquo;a soulign\u00e9 un spectateur : <\/p>\n<blockquote><p>\u00ab\u00a0Rendre hommage \u00e0 Sella, c&rsquo;est aussi c\u00e9l\u00e9brer l&rsquo;esprit du rugby que nous aimons tant.\u00a0\u00bb<\/p><\/blockquote>\n<p> Cette phrase r\u00e9sonne dans les c\u0153urs des supporters, renfor\u00e7ant le lien entre le pass\u00e9 et le pr\u00e9sent du rugby en France.<\/p>\n<ul>\n<li>Philippe Sella a \u00e9t\u00e9 un joueur cl\u00e9 pour Agen et l&rsquo;\u00e9quipe nationale.<\/li>\n<li>Sa carri\u00e8re est marqu\u00e9e par des valeurs de courage et de camaraderie.<\/li>\n<li>Les supporters d&rsquo;Agen continuent de c\u00e9l\u00e9brer son h\u00e9ritage chaque saison.<\/li>\n<li>La victoire contre B\u00e9ziers a \u00e9t\u00e9 un moment fort pour le club et ses fans.<\/li>\n<li>Les valeurs du rugby sont mises en avant \u00e0 travers des \u00e9v\u00e9nements comme celui-ci.<\/li>\n<\/ul>\n<p>Cette rencontre entre Agen et B\u00e9ziers n&rsquo;\u00e9tait pas qu&rsquo;un simple match de rugby, mais un hommage vibrant \u00e0 un homme qui a fa\u00e7onn\u00e9 l&rsquo;identit\u00e9 de ce sport. En honorant Philippe Sella, les Agenais montrent que le rugby va au-del\u00e0 du jeu : il s&rsquo;agit d&rsquo;une communaut\u00e9, d&rsquo;une histoire et d&rsquo;un h\u00e9ritage que chacun est fier de porter. Ce moment fort rappelle \u00e9galement que, malgr\u00e9 les d\u00e9fis \u00e0 relever, l&rsquo;esprit du rugby reste vivant, aliment\u00e9 par ceux qui ont marqu\u00e9 le sport et ceux qui continuent de le d\u00e9fendre avec passion.<img decoding=\"async\" width=\"1024\" height=\"576\" src=\"https:\/\/sport-index.fr\/blog\/wp-content\/uploads\/2025\/02\/stability-un-hommage-vibrant-a-philippe-sella-agen-celebre-sa-legende-au-coeur-du-rugby-1.png\" class=\"aligncenter\" alt=\"Illustration d\u00e9taill\u00e9e sur Un hommage vibrant \u00e0 Philippe Sella : Agen c\u00e9l\u00e8bre sa l\u00e9gende au c\u0153ur du rugby\" title=\"Un hommage vibrant \u00e0 Philippe Sella : Agen c\u00e9l\u00e8bre sa l\u00e9gende au c\u0153ur du rugby\" loading=\"lazy\" \/><\/p>\n","protected":false},"excerpt":{"rendered":"","protected":false},"author":34,"featured_media":9146,"comment_status":"open","ping_status":"open","sticky":false,"template":"","format":"standard","meta":{"_acf_changed":false,"manual_indexmenow":false,"indexmenow_id_project":0,"footnotes":""},"categories":[1],"tags":[4618,4585,4615,4378,4536],"class_list":["post-9145","post","type-post","status-publish","format-standard","has-post-thumbnail","hentry","category-a-la-une","tag-camaraderie","tag-cohesion-dequipe","tag-communaute-engagee","tag-performance-durable","tag-rugby","generate-columns","tablet-grid-50","mobile-grid-100","grid-parent","grid-25"],"acf":[],"yoast_head":"<!-- This site is optimized with the Yoast SEO Premium plugin v21.3 (Yoast SEO v26.5) - https:\/\/yoast.com\/wordpress\/plugins\/seo\/ -->\n<title>Un hommage vibrant \u00e0 Philippe Sella : Agen c\u00e9l\u00e8bre<\/title>\n<meta name=\"description\" content=\"Un match charg\u00e9 d&#039;\u00e9motion Le vendredi soir, le stade Armandie a vibr\u00e9 au rythme d&#039;un match qui a transcend\u00e9 le simple cadre sportif. Les Agenais, en\u2026\" \/>\n<meta name=\"robots\" content=\"index, follow, max-snippet:-1, max-image-preview:large, max-video-preview:-1\" \/>\n<link rel=\"canonical\" href=\"https:\/\/sport-index.fr\/blog\/a-la-une\/un-hommage-vibrant-a-philippe-sella-agen-celebre-sa-legende-au-coeur-du-rugby\/\" \/>\n<meta property=\"og:locale\" content=\"fr_FR\" \/>\n<meta property=\"og:type\" content=\"article\" \/>\n<meta property=\"og:title\" content=\"Un hommage vibrant \u00e0 Philippe Sella : Agen c\u00e9l\u00e8bre\" \/>\n<meta property=\"og:description\" content=\"Un match charg\u00e9 d&#039;\u00e9motion Le vendredi soir, le stade Armandie a vibr\u00e9 au rythme d&#039;un match qui a transcend\u00e9 le simple cadre sportif. Les Agenais, en\u2026\" \/>\n<meta property=\"og:url\" content=\"https:\/\/sport-index.fr\/blog\/a-la-une\/un-hommage-vibrant-a-philippe-sella-agen-celebre-sa-legende-au-coeur-du-rugby\/\" \/>\n<meta property=\"og:site_name\" content=\"sport-index\" \/>\n<meta property=\"og:image\" content=\"https:\/\/sport-index.fr\/blog\/wp-content\/uploads\/2025\/02\/stability-un-hommage-vibrant-a-philippe-sella-agen-celebre-sa-legende-au-coeur-du-rugby.png\" \/>\n\t<meta property=\"og:image:width\" content=\"1024\" \/>\n\t<meta property=\"og:image:height\" content=\"576\" \/>\n\t<meta property=\"og:image:type\" content=\"image\/png\" \/>\n<meta name=\"author\" content=\"Axel Lauzier\" \/>\n<meta name=\"twitter:card\" content=\"summary_large_image\" \/>\n<script type=\"application\/ld+json\" class=\"yoast-schema-graph\">{\"@context\":\"https:\/\/schema.org\",\"@graph\":[{\"@type\":\"NewsArticle\",\"@id\":\"https:\/\/sport-index.fr\/blog\/a-la-une\/un-hommage-vibrant-a-philippe-sella-agen-celebre-sa-legende-au-coeur-du-rugby\/#article\",\"isPartOf\":{\"@id\":\"https:\/\/sport-index.fr\/blog\/a-la-une\/un-hommage-vibrant-a-philippe-sella-agen-celebre-sa-legende-au-coeur-du-rugby\/\"},\"author\":{\"name\":\"Axel Lauzier\",\"@id\":\"https:\/\/sport-index.fr\/blog\/#\/schema\/person\/3c864cdc320801e3db34b663e7e3f816\"},\"headline\":\"Un hommage vibrant \u00e0 Philippe Sella : Agen c\u00e9l\u00e8bre sa l\u00e9gende au c\u0153ur du rugby\",\"datePublished\":\"2025-02-18T18:41:29+00:00\",\"mainEntityOfPage\":{\"@id\":\"https:\/\/sport-index.fr\/blog\/a-la-une\/un-hommage-vibrant-a-philippe-sella-agen-celebre-sa-legende-au-coeur-du-rugby\/\"},\"wordCount\":604,\"commentCount\":23,\"publisher\":{\"@id\":\"https:\/\/sport-index.fr\/blog\/#organization\"},\"image\":{\"@id\":\"https:\/\/sport-index.fr\/blog\/a-la-une\/un-hommage-vibrant-a-philippe-sella-agen-celebre-sa-legende-au-coeur-du-rugby\/#primaryimage\"},\"thumbnailUrl\":\"https:\/\/sport-index.fr\/blog\/wp-content\/uploads\/2025\/02\/stability-un-hommage-vibrant-a-philippe-sella-agen-celebre-sa-legende-au-coeur-du-rugby.png\",\"keywords\":[\"Camaraderie\",\"Coh\u00e9sion d'\u00c9quipe\",\"Communaut\u00e9 engag\u00e9e\",\"Performance Durable\",\"Rugby\"],\"articleSection\":[\"\u00c0 la une\"],\"inLanguage\":\"fr-FR\",\"potentialAction\":[{\"@type\":\"CommentAction\",\"name\":\"Comment\",\"target\":[\"https:\/\/sport-index.fr\/blog\/a-la-une\/un-hommage-vibrant-a-philippe-sella-agen-celebre-sa-legende-au-coeur-du-rugby\/#respond\"]}]},{\"@type\":\"WebPage\",\"@id\":\"https:\/\/sport-index.fr\/blog\/a-la-une\/un-hommage-vibrant-a-philippe-sella-agen-celebre-sa-legende-au-coeur-du-rugby\/\",\"url\":\"https:\/\/sport-index.fr\/blog\/a-la-une\/un-hommage-vibrant-a-philippe-sella-agen-celebre-sa-legende-au-coeur-du-rugby\/\",\"name\":\"Un hommage vibrant \u00e0 Philippe Sella : Agen c\u00e9l\u00e8bre\",\"isPartOf\":{\"@id\":\"https:\/\/sport-index.fr\/blog\/#website\"},\"primaryImageOfPage\":{\"@id\":\"https:\/\/sport-index.fr\/blog\/a-la-une\/un-hommage-vibrant-a-philippe-sella-agen-celebre-sa-legende-au-coeur-du-rugby\/#primaryimage\"},\"image\":{\"@id\":\"https:\/\/sport-index.fr\/blog\/a-la-une\/un-hommage-vibrant-a-philippe-sella-agen-celebre-sa-legende-au-coeur-du-rugby\/#primaryimage\"},\"thumbnailUrl\":\"https:\/\/sport-index.fr\/blog\/wp-content\/uploads\/2025\/02\/stability-un-hommage-vibrant-a-philippe-sella-agen-celebre-sa-legende-au-coeur-du-rugby.png\",\"datePublished\":\"2025-02-18T18:41:29+00:00\",\"description\":\"Un match charg\u00e9 d'\u00e9motion Le vendredi soir, le stade Armandie a vibr\u00e9 au rythme d'un match qui a transcend\u00e9 le simple cadre sportif. Les Agenais, en\u2026\",\"inLanguage\":\"fr-FR\",\"potentialAction\":[{\"@type\":\"ReadAction\",\"target\":[\"https:\/\/sport-index.fr\/blog\/a-la-une\/un-hommage-vibrant-a-philippe-sella-agen-celebre-sa-legende-au-coeur-du-rugby\/\"]}]},{\"@type\":\"ImageObject\",\"inLanguage\":\"fr-FR\",\"@id\":\"https:\/\/sport-index.fr\/blog\/a-la-une\/un-hommage-vibrant-a-philippe-sella-agen-celebre-sa-legende-au-coeur-du-rugby\/#primaryimage\",\"url\":\"https:\/\/sport-index.fr\/blog\/wp-content\/uploads\/2025\/02\/stability-un-hommage-vibrant-a-philippe-sella-agen-celebre-sa-legende-au-coeur-du-rugby.png\",\"contentUrl\":\"https:\/\/sport-index.fr\/blog\/wp-content\/uploads\/2025\/02\/stability-un-hommage-vibrant-a-philippe-sella-agen-celebre-sa-legende-au-coeur-du-rugby.png\",\"width\":1024,\"height\":576},{\"@type\":\"WebSite\",\"@id\":\"https:\/\/sport-index.fr\/blog\/#website\",\"url\":\"https:\/\/sport-index.fr\/blog\/\",\"name\":\"sport-index.fr\",\"description\":\"Le score de l\u2019analyse sportive.\",\"publisher\":{\"@id\":\"https:\/\/sport-index.fr\/blog\/#organization\"},\"alternateName\":\"Le score de l\u2019analyse sportive.\",\"potentialAction\":[{\"@type\":\"SearchAction\",\"target\":{\"@type\":\"EntryPoint\",\"urlTemplate\":\"https:\/\/sport-index.fr\/blog\/?s={search_term_string}\"},\"query-input\":{\"@type\":\"PropertyValueSpecification\",\"valueRequired\":true,\"valueName\":\"search_term_string\"}}],\"inLanguage\":\"fr-FR\"},{\"@type\":\"Organization\",\"@id\":\"https:\/\/sport-index.fr\/blog\/#organization\",\"name\":\"Foretsensations.fr\",\"url\":\"https:\/\/sport-index.fr\/blog\/\",\"logo\":{\"@type\":\"ImageObject\",\"inLanguage\":\"fr-FR\",\"@id\":\"https:\/\/sport-index.fr\/blog\/#\/schema\/logo\/image\/\",\"url\":\"https:\/\/sport-index.fr\/blog\/wp-content\/uploads\/2026\/07\/logo-auto.png\",\"contentUrl\":\"https:\/\/sport-index.fr\/blog\/wp-content\/uploads\/2026\/07\/logo-auto.png\",\"width\":1024,\"height\":1024,\"caption\":\"Foretsensations.fr\"},\"image\":{\"@id\":\"https:\/\/sport-index.fr\/blog\/#\/schema\/logo\/image\/\"}},{\"@type\":\"Person\",\"@id\":\"https:\/\/sport-index.fr\/blog\/#\/schema\/person\/3c864cdc320801e3db34b663e7e3f816\",\"name\":\"Axel Lauzier\",\"image\":{\"@type\":\"ImageObject\",\"inLanguage\":\"fr-FR\",\"@id\":\"https:\/\/sport-index.fr\/blog\/#\/schema\/person\/image\/\",\"url\":\"https:\/\/sport-index.fr\/blog\/wp-content\/uploads\/2026\/06\/persona_axel-l-96x96.jpg\",\"contentUrl\":\"https:\/\/sport-index.fr\/blog\/wp-content\/uploads\/2026\/06\/persona_axel-l-96x96.jpg\",\"caption\":\"Axel Lauzier\"},\"description\":\"Le sport rythme mon quotidien depuis l'enfance, et j'en ai fait mon m\u00e9tier d'analyste r\u00e9dactionnel il y a une dizaine d'ann\u00e9es. Je couvre principalement le football, son actualit\u00e9, ses transferts et l'analyse tactique des grandes affiches, mais aussi les disciplines plus confidentielles que j'aime remettre en lumi\u00e8re. Une partie de mon travail porte sur les pronostics et la lecture statistique d'un match : forme des \u00e9quipes, historique des confrontations, compositions, sans jamais vendre de fausse certitude. Je rappelle syst\u00e9matiquement que parier comporte un risque et doit rester un loisir ma\u00eetris\u00e9. Avant de signer une analyse, je v\u00e9rifie mes chiffres, je recoupe les compositions probables et je distingue toujours la donn\u00e9e brute de l'intuition. Mon objectif : offrir une lecture honn\u00eate et argument\u00e9e, pas un ticket gagnant garanti.\",\"sameAs\":[\"https:\/\/axellauzier.fr\/\"],\"url\":\"https:\/\/sport-index.fr\/blog\/auteur\/noname\/\"}]}<\/script>\n<!-- \/ Yoast SEO Premium plugin. -->","yoast_head_json":{"title":"Un hommage vibrant \u00e0 Philippe Sella : Agen c\u00e9l\u00e8bre","description":"Un match charg\u00e9 d'\u00e9motion Le vendredi soir, le stade Armandie a vibr\u00e9 au rythme d'un match qui a transcend\u00e9 le simple cadre sportif. Les Agenais, en\u2026","robots":{"index":"index","follow":"follow","max-snippet":"max-snippet:-1","max-image-preview":"max-image-preview:large","max-video-preview":"max-video-preview:-1"},"canonical":"https:\/\/sport-index.fr\/blog\/a-la-une\/un-hommage-vibrant-a-philippe-sella-agen-celebre-sa-legende-au-coeur-du-rugby\/","og_locale":"fr_FR","og_type":"article","og_title":"Un hommage vibrant \u00e0 Philippe Sella : Agen c\u00e9l\u00e8bre","og_description":"Un match charg\u00e9 d'\u00e9motion Le vendredi soir, le stade Armandie a vibr\u00e9 au rythme d'un match qui a transcend\u00e9 le simple cadre sportif. Les Agenais, en\u2026","og_url":"https:\/\/sport-index.fr\/blog\/a-la-une\/un-hommage-vibrant-a-philippe-sella-agen-celebre-sa-legende-au-coeur-du-rugby\/","og_site_name":"sport-index","og_image":[{"width":1024,"height":576,"url":"https:\/\/sport-index.fr\/blog\/wp-content\/uploads\/2025\/02\/stability-un-hommage-vibrant-a-philippe-sella-agen-celebre-sa-legende-au-coeur-du-rugby.png","type":"image\/png"}],"author":"Axel Lauzier","twitter_card":"summary_large_image","schema":{"@context":"https:\/\/schema.org","@graph":[{"@type":"NewsArticle","@id":"https:\/\/sport-index.fr\/blog\/a-la-une\/un-hommage-vibrant-a-philippe-sella-agen-celebre-sa-legende-au-coeur-du-rugby\/#article","isPartOf":{"@id":"https:\/\/sport-index.fr\/blog\/a-la-une\/un-hommage-vibrant-a-philippe-sella-agen-celebre-sa-legende-au-coeur-du-rugby\/"},"author":{"name":"Axel Lauzier","@id":"https:\/\/sport-index.fr\/blog\/#\/schema\/person\/3c864cdc320801e3db34b663e7e3f816"},"headline":"Un hommage vibrant \u00e0 Philippe Sella : Agen c\u00e9l\u00e8bre sa l\u00e9gende au c\u0153ur du rugby","datePublished":"2025-02-18T18:41:29+00:00","mainEntityOfPage":{"@id":"https:\/\/sport-index.fr\/blog\/a-la-une\/un-hommage-vibrant-a-philippe-sella-agen-celebre-sa-legende-au-coeur-du-rugby\/"},"wordCount":604,"commentCount":23,"publisher":{"@id":"https:\/\/sport-index.fr\/blog\/#organization"},"image":{"@id":"https:\/\/sport-index.fr\/blog\/a-la-une\/un-hommage-vibrant-a-philippe-sella-agen-celebre-sa-legende-au-coeur-du-rugby\/#primaryimage"},"thumbnailUrl":"https:\/\/sport-index.fr\/blog\/wp-content\/uploads\/2025\/02\/stability-un-hommage-vibrant-a-philippe-sella-agen-celebre-sa-legende-au-coeur-du-rugby.png","keywords":["Camaraderie","Coh\u00e9sion d'\u00c9quipe","Communaut\u00e9 engag\u00e9e","Performance Durable","Rugby"],"articleSection":["\u00c0 la une"],"inLanguage":"fr-FR","potentialAction":[{"@type":"CommentAction","name":"Comment","target":["https:\/\/sport-index.fr\/blog\/a-la-une\/un-hommage-vibrant-a-philippe-sella-agen-celebre-sa-legende-au-coeur-du-rugby\/#respond"]}]},{"@type":"WebPage","@id":"https:\/\/sport-index.fr\/blog\/a-la-une\/un-hommage-vibrant-a-philippe-sella-agen-celebre-sa-legende-au-coeur-du-rugby\/","url":"https:\/\/sport-index.fr\/blog\/a-la-une\/un-hommage-vibrant-a-philippe-sella-agen-celebre-sa-legende-au-coeur-du-rugby\/","name":"Un hommage vibrant \u00e0 Philippe Sella : Agen c\u00e9l\u00e8bre","isPartOf":{"@id":"https:\/\/sport-index.fr\/blog\/#website"},"primaryImageOfPage":{"@id":"https:\/\/sport-index.fr\/blog\/a-la-une\/un-hommage-vibrant-a-philippe-sella-agen-celebre-sa-legende-au-coeur-du-rugby\/#primaryimage"},"image":{"@id":"https:\/\/sport-index.fr\/blog\/a-la-une\/un-hommage-vibrant-a-philippe-sella-agen-celebre-sa-legende-au-coeur-du-rugby\/#primaryimage"},"thumbnailUrl":"https:\/\/sport-index.fr\/blog\/wp-content\/uploads\/2025\/02\/stability-un-hommage-vibrant-a-philippe-sella-agen-celebre-sa-legende-au-coeur-du-rugby.png","datePublished":"2025-02-18T18:41:29+00:00","description":"Un match charg\u00e9 d'\u00e9motion Le vendredi soir, le stade Armandie a vibr\u00e9 au rythme d'un match qui a transcend\u00e9 le simple cadre sportif. Les Agenais, en\u2026","inLanguage":"fr-FR","potentialAction":[{"@type":"ReadAction","target":["https:\/\/sport-index.fr\/blog\/a-la-une\/un-hommage-vibrant-a-philippe-sella-agen-celebre-sa-legende-au-coeur-du-rugby\/"]}]},{"@type":"ImageObject","inLanguage":"fr-FR","@id":"https:\/\/sport-index.fr\/blog\/a-la-une\/un-hommage-vibrant-a-philippe-sella-agen-celebre-sa-legende-au-coeur-du-rugby\/#primaryimage","url":"https:\/\/sport-index.fr\/blog\/wp-content\/uploads\/2025\/02\/stability-un-hommage-vibrant-a-philippe-sella-agen-celebre-sa-legende-au-coeur-du-rugby.png","contentUrl":"https:\/\/sport-index.fr\/blog\/wp-content\/uploads\/2025\/02\/stability-un-hommage-vibrant-a-philippe-sella-agen-celebre-sa-legende-au-coeur-du-rugby.png","width":1024,"height":576},{"@type":"WebSite","@id":"https:\/\/sport-index.fr\/blog\/#website","url":"https:\/\/sport-index.fr\/blog\/","name":"sport-index.fr","description":"Le score de l\u2019analyse sportive.","publisher":{"@id":"https:\/\/sport-index.fr\/blog\/#organization"},"alternateName":"Le score de l\u2019analyse sportive.","potentialAction":[{"@type":"SearchAction","target":{"@type":"EntryPoint","urlTemplate":"https:\/\/sport-index.fr\/blog\/?s={search_term_string}"},"query-input":{"@type":"PropertyValueSpecification","valueRequired":true,"valueName":"search_term_string"}}],"inLanguage":"fr-FR"},{"@type":"Organization","@id":"https:\/\/sport-index.fr\/blog\/#organization","name":"Foretsensations.fr","url":"https:\/\/sport-index.fr\/blog\/","logo":{"@type":"ImageObject","inLanguage":"fr-FR","@id":"https:\/\/sport-index.fr\/blog\/#\/schema\/logo\/image\/","url":"https:\/\/sport-index.fr\/blog\/wp-content\/uploads\/2026\/07\/logo-auto.png","contentUrl":"https:\/\/sport-index.fr\/blog\/wp-content\/uploads\/2026\/07\/logo-auto.png","width":1024,"height":1024,"caption":"Foretsensations.fr"},"image":{"@id":"https:\/\/sport-index.fr\/blog\/#\/schema\/logo\/image\/"}},{"@type":"Person","@id":"https:\/\/sport-index.fr\/blog\/#\/schema\/person\/3c864cdc320801e3db34b663e7e3f816","name":"Axel Lauzier","image":{"@type":"ImageObject","inLanguage":"fr-FR","@id":"https:\/\/sport-index.fr\/blog\/#\/schema\/person\/image\/","url":"https:\/\/sport-index.fr\/blog\/wp-content\/uploads\/2026\/06\/persona_axel-l-96x96.jpg","contentUrl":"https:\/\/sport-index.fr\/blog\/wp-content\/uploads\/2026\/06\/persona_axel-l-96x96.jpg","caption":"Axel Lauzier"},"description":"Le sport rythme mon quotidien depuis l'enfance, et j'en ai fait mon m\u00e9tier d'analyste r\u00e9dactionnel il y a une dizaine d'ann\u00e9es. Je couvre principalement le football, son actualit\u00e9, ses transferts et l'analyse tactique des grandes affiches, mais aussi les disciplines plus confidentielles que j'aime remettre en lumi\u00e8re. Une partie de mon travail porte sur les pronostics et la lecture statistique d'un match : forme des \u00e9quipes, historique des confrontations, compositions, sans jamais vendre de fausse certitude. Je rappelle syst\u00e9matiquement que parier comporte un risque et doit rester un loisir ma\u00eetris\u00e9. Avant de signer une analyse, je v\u00e9rifie mes chiffres, je recoupe les compositions probables et je distingue toujours la donn\u00e9e brute de l'intuition. Mon objectif : offrir une lecture honn\u00eate et argument\u00e9e, pas un ticket gagnant garanti.","sameAs":["https:\/\/axellauzier.fr\/"],"url":"https:\/\/sport-index.fr\/blog\/auteur\/noname\/"}]}},"_links":{"self":[{"href":"https:\/\/sport-index.fr\/blog\/wp-json\/wp\/v2\/posts\/9145","targetHints":{"allow":["GET"]}}],"collection":[{"href":"https:\/\/sport-index.fr\/blog\/wp-json\/wp\/v2\/posts"}],"about":[{"href":"https:\/\/sport-index.fr\/blog\/wp-json\/wp\/v2\/types\/post"}],"author":[{"embeddable":true,"href":"https:\/\/sport-index.fr\/blog\/wp-json\/wp\/v2\/users\/34"}],"replies":[{"embeddable":true,"href":"https:\/\/sport-index.fr\/blog\/wp-json\/wp\/v2\/comments?post=9145"}],"version-history":[{"count":1,"href":"https:\/\/sport-index.fr\/blog\/wp-json\/wp\/v2\/posts\/9145\/revisions"}],"predecessor-version":[{"id":9148,"href":"https:\/\/sport-index.fr\/blog\/wp-json\/wp\/v2\/posts\/9145\/revisions\/9148"}],"wp:featuredmedia":[{"embeddable":true,"href":"https:\/\/sport-index.fr\/blog\/wp-json\/wp\/v2\/media\/9146"}],"wp:attachment":[{"href":"https:\/\/sport-index.fr\/blog\/wp-json\/wp\/v2\/media?parent=9145"}],"wp:term":[{"taxonomy":"category","embeddable":true,"href":"https:\/\/sport-index.fr\/blog\/wp-json\/wp\/v2\/categories?post=9145"},{"taxonomy":"post_tag","embeddable":true,"href":"https:\/\/sport-index.fr\/blog\/wp-json\/wp\/v2\/tags?post=9145"}],"curies":[{"name":"wp","href":"https:\/\/api.w.org\/{rel}","templated":true}]}}