{"id":9187,"date":"2025-02-18T08:37:18","date_gmt":"2025-02-18T07:37:18","guid":{"rendered":"https:\/\/sport-index.fr\/blog\/?p=9187"},"modified":"2025-02-16T17:24:17","modified_gmt":"2025-02-16T16:24:17","slug":"6-nations-2025-forfaits-de-villiere-et-le-brun-le-xv-de-france-reagit","status":"publish","type":"post","link":"https:\/\/sport-index.fr\/blog\/a-la-une\/6-nations-2025-forfaits-de-villiere-et-le-brun-le-xv-de-france-reagit\/","title":{"rendered":"6 Nations 2025 : forfaits de Villi\u00e8re et Le Brun, le XV de France r\u00e9agit"},"content":{"rendered":"<h2>Des forfaits qui p\u00e8sent sur le XV de France<\/h2>\n<p>Le XV de France a connu un coup dur avec les forfaits de Gabin Villi\u00e8re et Louis Le Brun pour le Tournoi des 6 Nations. Ces deux absences soul\u00e8vent des inqui\u00e9tudes au sein de l\u2019\u00e9quipe alors que la comp\u00e9tition entre dans une phase d\u00e9cisive. Alors que l\u2019\u00e9quipe se pr\u00e9pare pour son d\u00e9placement en Italie, le staff technique doit r\u00e9\u00e9valuer ses options.<\/p>\n<p>Gabin Villi\u00e8re, ailier prometteur de Toulon, et Louis Le Brun, demi d\u2019ouverture de Castres, ont tous deux montr\u00e9 de belles performances r\u00e9cemment. Cependant, leurs absences vont obliger le s\u00e9lectionneur Fabien Galthi\u00e9 \u00e0 ajuster sa strat\u00e9gie. Les d\u00e9tails concernant les raisons des forfaits restent flous, laissant les supporters dans l\u2019incertitude.<\/p>\n<h2>Les remplacements strat\u00e9giques pour le XV de France<\/h2>\n<p>Pour compenser l&rsquo;absence de Gabin Villi\u00e8re, le XV de France a choisi d&rsquo;int\u00e9grer Ga\u00ebl Dr\u00e9an, un talent en pleine ascension. Dr\u00e9an, qui n&rsquo;a pas encore \u00e9t\u00e9 cap\u00e9, est le meilleur marqueur de Top 14 cette saison avec onze essais en autant de matchs. Son arriv\u00e9e dans le groupe pourrait apporter une nouvelle dynamique sur l\u2019aile.<\/p>\n<p>Concernant Louis Le Brun, L\u00e9o Berdeu a \u00e9t\u00e9 appel\u00e9 pour le remplacer. Bien qu&rsquo;il n&rsquo;ait pas encore de s\u00e9lection officielle \u00e0 son actif, il a d\u00e9j\u00e0 eu l&rsquo;occasion de jouer avec le groupe lors d&rsquo;une tourn\u00e9e en Argentine. Ce brassage de joueurs pourrait s\u2019av\u00e9rer crucial pour maintenir la comp\u00e9titivit\u00e9 de l\u2019\u00e9quipe.<\/p>\n<h2>Les enjeux du d\u00e9placement en Italie<\/h2>\n<p>Le match pr\u00e9vu contre l&rsquo;Italie s&rsquo;annonce comme un moment cl\u00e9 pour le XV de France. Chaque rencontre dans le tournoi est cruciale et les absences de joueurs cl\u00e9s peuvent avoir un impact significatif. Le staff technique doit donc s\u2019assurer que les rempla\u00e7ants soient pr\u00eats \u00e0 relever le d\u00e9fi.<\/p>\n<p>Les supporters du XV de France esp\u00e8rent que l\u2019\u00e9quipe saura surmonter ces obstacles et continuer \u00e0 performer sur le terrain. Le moral reste \u00e9lev\u00e9, et le groupe est d\u00e9termin\u00e9 \u00e0 donner le meilleur de lui-m\u00eame. Comme l\u2019a soulign\u00e9 Fabien Galthi\u00e9, <\/p>\n<blockquote><p>\u00ab Chaque joueur a un r\u00f4le \u00e0 jouer et nous avons confiance en ceux qui entrent sur le terrain \u00bb.<\/p><\/blockquote>\n<p>https:\/\/youtu.be\/2caXiRUeN6U<\/p>\n<h2>Les cons\u00e9quences sur le moral de l\u2019\u00e9quipe<\/h2>\n<p>Les forfaits de Villi\u00e8re et Le Brun peuvent \u00e9galement affecter le moral de l\u2019\u00e9quipe. La pression d&rsquo;un tournoi de haut niveau, coupl\u00e9e aux absences, peut engendrer des doutes. Cependant, cela peut aussi servir de motivation suppl\u00e9mentaire pour les joueurs restants.<\/p>\n<p>Le groupe, unis par un m\u00eame objectif, doit maintenant faire preuve de solidarit\u00e9. Les nouvelles recrues auront l\u2019opportunit\u00e9 de prouver leur valeur et de d\u00e9montrer qu&rsquo;elles peuvent faire la diff\u00e9rence. Cette situation pourrait m\u00eame renforcer les liens au sein du groupe.<\/p>\n<ul>\n<li>Gabin Villi\u00e8re et Louis Le Brun d\u00e9clarent forfait pour le tournoi.<\/li>\n<li>Ga\u00ebl Dr\u00e9an et L\u00e9o Berdeu les remplacent dans le groupe.<\/li>\n<li>Le XV de France se pr\u00e9pare pour un match crucial contre l&rsquo;Italie.<\/li>\n<li>Le moral de l&rsquo;\u00e9quipe reste positif malgr\u00e9 les absences.<\/li>\n<li>Les rempla\u00e7ants auront l&rsquo;occasion de briller sur le terrain.<\/li>\n<\/ul>\n<p>Le XV de France doit maintenant concentrer ses efforts sur le match \u00e0 venir. Les changements dans l\u2019\u00e9quipe pourraient \u00eatre une opportunit\u00e9 pour r\u00e9v\u00e9ler de nouveaux talents et offrir une nouvelle dynamique. Les supporters sont impatients de voir comment l\u2019\u00e9quipe va s\u2019adapter \u00e0 ces d\u00e9fis.<img decoding=\"async\" width=\"1024\" height=\"576\" src=\"https:\/\/sport-index.fr\/blog\/wp-content\/uploads\/2025\/02\/stability-6-nations-2025-forfaits-de-villiere-et-le-brun-le-xv-de-france-reagit-1.png\" class=\"aligncenter\" alt=\"Illustration d\u00e9taill\u00e9e sur 6 Nations 2025 : forfaits de Villi\u00e8re et Le Brun, le XV de France r\u00e9agit\" title=\"6 Nations 2025 : forfaits de Villi\u00e8re et Le Brun, le XV de France r\u00e9agit\" loading=\"lazy\" \/><\/p>\n","protected":false},"excerpt":{"rendered":"","protected":false},"author":34,"featured_media":9188,"comment_status":"open","ping_status":"open","sticky":false,"template":"","format":"standard","meta":{"_acf_changed":false,"manual_indexmenow":false,"indexmenow_id_project":0,"footnotes":""},"categories":[1],"tags":[4585,4561,4632,4556,4554],"class_list":["post-9187","post","type-post","status-publish","format-standard","has-post-thumbnail","hentry","category-a-la-une","tag-cohesion-dequipe","tag-gestion-des-talents","tag-performance-sportive","tag-tournoi-des-6-nations","tag-xv-de-france","generate-columns","tablet-grid-50","mobile-grid-100","grid-parent","grid-25"],"acf":[],"yoast_head":"<!-- This site is optimized with the Yoast SEO Premium plugin v21.3 (Yoast SEO v26.5) - https:\/\/yoast.com\/wordpress\/plugins\/seo\/ -->\n<title>6 Nations 2025 : forfaits de Villi\u00e8re et Le Brun, le XV<\/title>\n<meta name=\"description\" content=\"Des forfaits qui p\u00e8sent sur le XV de France Le XV de France a connu un coup dur avec les forfaits de Gabin Villi\u00e8re et Louis Le Brun pour le Tournoi des\u2026\" \/>\n<meta name=\"robots\" content=\"index, follow, max-snippet:-1, max-image-preview:large, max-video-preview:-1\" \/>\n<link rel=\"canonical\" href=\"https:\/\/sport-index.fr\/blog\/a-la-une\/6-nations-2025-forfaits-de-villiere-et-le-brun-le-xv-de-france-reagit\/\" \/>\n<meta property=\"og:locale\" content=\"fr_FR\" \/>\n<meta property=\"og:type\" content=\"article\" \/>\n<meta property=\"og:title\" content=\"6 Nations 2025 : forfaits de Villi\u00e8re et Le Brun, le XV\" \/>\n<meta property=\"og:description\" content=\"Des forfaits qui p\u00e8sent sur le XV de France Le XV de France a connu un coup dur avec les forfaits de Gabin Villi\u00e8re et Louis Le Brun pour le Tournoi des\u2026\" \/>\n<meta property=\"og:url\" content=\"https:\/\/sport-index.fr\/blog\/a-la-une\/6-nations-2025-forfaits-de-villiere-et-le-brun-le-xv-de-france-reagit\/\" \/>\n<meta property=\"og:site_name\" content=\"sport-index\" \/>\n<meta property=\"og:image\" content=\"https:\/\/sport-index.fr\/blog\/wp-content\/uploads\/2025\/02\/stability-6-nations-2025-forfaits-de-villiere-et-le-brun-le-xv-de-france-reagit.png\" \/>\n\t<meta property=\"og:image:width\" content=\"1024\" \/>\n\t<meta property=\"og:image:height\" content=\"576\" \/>\n\t<meta property=\"og:image:type\" content=\"image\/png\" \/>\n<meta name=\"author\" content=\"Axel Lauzier\" \/>\n<meta name=\"twitter:card\" content=\"summary_large_image\" \/>\n<script type=\"application\/ld+json\" class=\"yoast-schema-graph\">{\"@context\":\"https:\/\/schema.org\",\"@graph\":[{\"@type\":\"NewsArticle\",\"@id\":\"https:\/\/sport-index.fr\/blog\/a-la-une\/6-nations-2025-forfaits-de-villiere-et-le-brun-le-xv-de-france-reagit\/#article\",\"isPartOf\":{\"@id\":\"https:\/\/sport-index.fr\/blog\/a-la-une\/6-nations-2025-forfaits-de-villiere-et-le-brun-le-xv-de-france-reagit\/\"},\"author\":{\"name\":\"Axel Lauzier\",\"@id\":\"https:\/\/sport-index.fr\/blog\/#\/schema\/person\/3c864cdc320801e3db34b663e7e3f816\"},\"headline\":\"6 Nations 2025 : forfaits de Villi\u00e8re et Le Brun, le XV de France r\u00e9agit\",\"datePublished\":\"2025-02-18T07:37:18+00:00\",\"mainEntityOfPage\":{\"@id\":\"https:\/\/sport-index.fr\/blog\/a-la-une\/6-nations-2025-forfaits-de-villiere-et-le-brun-le-xv-de-france-reagit\/\"},\"wordCount\":623,\"commentCount\":16,\"publisher\":{\"@id\":\"https:\/\/sport-index.fr\/blog\/#organization\"},\"image\":{\"@id\":\"https:\/\/sport-index.fr\/blog\/a-la-une\/6-nations-2025-forfaits-de-villiere-et-le-brun-le-xv-de-france-reagit\/#primaryimage\"},\"thumbnailUrl\":\"https:\/\/sport-index.fr\/blog\/wp-content\/uploads\/2025\/02\/stability-6-nations-2025-forfaits-de-villiere-et-le-brun-le-xv-de-france-reagit.png\",\"keywords\":[\"Coh\u00e9sion d'\u00c9quipe\",\"Gestion des Talents\",\"Performance sportive\",\"Tournoi des 6 Nations\",\"XV de France\"],\"articleSection\":[\"\u00c0 la une\"],\"inLanguage\":\"fr-FR\",\"potentialAction\":[{\"@type\":\"CommentAction\",\"name\":\"Comment\",\"target\":[\"https:\/\/sport-index.fr\/blog\/a-la-une\/6-nations-2025-forfaits-de-villiere-et-le-brun-le-xv-de-france-reagit\/#respond\"]}]},{\"@type\":\"WebPage\",\"@id\":\"https:\/\/sport-index.fr\/blog\/a-la-une\/6-nations-2025-forfaits-de-villiere-et-le-brun-le-xv-de-france-reagit\/\",\"url\":\"https:\/\/sport-index.fr\/blog\/a-la-une\/6-nations-2025-forfaits-de-villiere-et-le-brun-le-xv-de-france-reagit\/\",\"name\":\"6 Nations 2025 : forfaits de Villi\u00e8re et Le Brun, le XV\",\"isPartOf\":{\"@id\":\"https:\/\/sport-index.fr\/blog\/#website\"},\"primaryImageOfPage\":{\"@id\":\"https:\/\/sport-index.fr\/blog\/a-la-une\/6-nations-2025-forfaits-de-villiere-et-le-brun-le-xv-de-france-reagit\/#primaryimage\"},\"image\":{\"@id\":\"https:\/\/sport-index.fr\/blog\/a-la-une\/6-nations-2025-forfaits-de-villiere-et-le-brun-le-xv-de-france-reagit\/#primaryimage\"},\"thumbnailUrl\":\"https:\/\/sport-index.fr\/blog\/wp-content\/uploads\/2025\/02\/stability-6-nations-2025-forfaits-de-villiere-et-le-brun-le-xv-de-france-reagit.png\",\"datePublished\":\"2025-02-18T07:37:18+00:00\",\"description\":\"Des forfaits qui p\u00e8sent sur le XV de France Le XV de France a connu un coup dur avec les forfaits de Gabin Villi\u00e8re et Louis Le Brun pour le Tournoi des\u2026\",\"inLanguage\":\"fr-FR\",\"potentialAction\":[{\"@type\":\"ReadAction\",\"target\":[\"https:\/\/sport-index.fr\/blog\/a-la-une\/6-nations-2025-forfaits-de-villiere-et-le-brun-le-xv-de-france-reagit\/\"]}]},{\"@type\":\"ImageObject\",\"inLanguage\":\"fr-FR\",\"@id\":\"https:\/\/sport-index.fr\/blog\/a-la-une\/6-nations-2025-forfaits-de-villiere-et-le-brun-le-xv-de-france-reagit\/#primaryimage\",\"url\":\"https:\/\/sport-index.fr\/blog\/wp-content\/uploads\/2025\/02\/stability-6-nations-2025-forfaits-de-villiere-et-le-brun-le-xv-de-france-reagit.png\",\"contentUrl\":\"https:\/\/sport-index.fr\/blog\/wp-content\/uploads\/2025\/02\/stability-6-nations-2025-forfaits-de-villiere-et-le-brun-le-xv-de-france-reagit.png\",\"width\":1024,\"height\":576},{\"@type\":\"WebSite\",\"@id\":\"https:\/\/sport-index.fr\/blog\/#website\",\"url\":\"https:\/\/sport-index.fr\/blog\/\",\"name\":\"sport-index.fr\",\"description\":\"Le score de l\u2019analyse sportive.\",\"publisher\":{\"@id\":\"https:\/\/sport-index.fr\/blog\/#organization\"},\"alternateName\":\"Le score de l\u2019analyse sportive.\",\"potentialAction\":[{\"@type\":\"SearchAction\",\"target\":{\"@type\":\"EntryPoint\",\"urlTemplate\":\"https:\/\/sport-index.fr\/blog\/?s={search_term_string}\"},\"query-input\":{\"@type\":\"PropertyValueSpecification\",\"valueRequired\":true,\"valueName\":\"search_term_string\"}}],\"inLanguage\":\"fr-FR\"},{\"@type\":\"Organization\",\"@id\":\"https:\/\/sport-index.fr\/blog\/#organization\",\"name\":\"Foretsensations.fr\",\"url\":\"https:\/\/sport-index.fr\/blog\/\",\"logo\":{\"@type\":\"ImageObject\",\"inLanguage\":\"fr-FR\",\"@id\":\"https:\/\/sport-index.fr\/blog\/#\/schema\/logo\/image\/\",\"url\":\"https:\/\/sport-index.fr\/blog\/wp-content\/uploads\/2026\/07\/logo-auto.png\",\"contentUrl\":\"https:\/\/sport-index.fr\/blog\/wp-content\/uploads\/2026\/07\/logo-auto.png\",\"width\":1024,\"height\":1024,\"caption\":\"Foretsensations.fr\"},\"image\":{\"@id\":\"https:\/\/sport-index.fr\/blog\/#\/schema\/logo\/image\/\"}},{\"@type\":\"Person\",\"@id\":\"https:\/\/sport-index.fr\/blog\/#\/schema\/person\/3c864cdc320801e3db34b663e7e3f816\",\"name\":\"Axel Lauzier\",\"image\":{\"@type\":\"ImageObject\",\"inLanguage\":\"fr-FR\",\"@id\":\"https:\/\/sport-index.fr\/blog\/#\/schema\/person\/image\/\",\"url\":\"https:\/\/sport-index.fr\/blog\/wp-content\/uploads\/2026\/06\/persona_axel-l-96x96.jpg\",\"contentUrl\":\"https:\/\/sport-index.fr\/blog\/wp-content\/uploads\/2026\/06\/persona_axel-l-96x96.jpg\",\"caption\":\"Axel Lauzier\"},\"description\":\"Le sport rythme mon quotidien depuis l'enfance, et j'en ai fait mon m\u00e9tier d'analyste r\u00e9dactionnel il y a une dizaine d'ann\u00e9es. Je couvre principalement le football, son actualit\u00e9, ses transferts et l'analyse tactique des grandes affiches, mais aussi les disciplines plus confidentielles que j'aime remettre en lumi\u00e8re. Une partie de mon travail porte sur les pronostics et la lecture statistique d'un match : forme des \u00e9quipes, historique des confrontations, compositions, sans jamais vendre de fausse certitude. Je rappelle syst\u00e9matiquement que parier comporte un risque et doit rester un loisir ma\u00eetris\u00e9. Avant de signer une analyse, je v\u00e9rifie mes chiffres, je recoupe les compositions probables et je distingue toujours la donn\u00e9e brute de l'intuition. Mon objectif : offrir une lecture honn\u00eate et argument\u00e9e, pas un ticket gagnant garanti.\",\"sameAs\":[\"https:\/\/axellauzier.fr\/\"],\"url\":\"https:\/\/sport-index.fr\/blog\/auteur\/noname\/\"}]}<\/script>\n<!-- \/ Yoast SEO Premium plugin. -->","yoast_head_json":{"title":"6 Nations 2025 : forfaits de Villi\u00e8re et Le Brun, le XV","description":"Des forfaits qui p\u00e8sent sur le XV de France Le XV de France a connu un coup dur avec les forfaits de Gabin Villi\u00e8re et Louis Le Brun pour le Tournoi des\u2026","robots":{"index":"index","follow":"follow","max-snippet":"max-snippet:-1","max-image-preview":"max-image-preview:large","max-video-preview":"max-video-preview:-1"},"canonical":"https:\/\/sport-index.fr\/blog\/a-la-une\/6-nations-2025-forfaits-de-villiere-et-le-brun-le-xv-de-france-reagit\/","og_locale":"fr_FR","og_type":"article","og_title":"6 Nations 2025 : forfaits de Villi\u00e8re et Le Brun, le XV","og_description":"Des forfaits qui p\u00e8sent sur le XV de France Le XV de France a connu un coup dur avec les forfaits de Gabin Villi\u00e8re et Louis Le Brun pour le Tournoi des\u2026","og_url":"https:\/\/sport-index.fr\/blog\/a-la-une\/6-nations-2025-forfaits-de-villiere-et-le-brun-le-xv-de-france-reagit\/","og_site_name":"sport-index","og_image":[{"width":1024,"height":576,"url":"https:\/\/sport-index.fr\/blog\/wp-content\/uploads\/2025\/02\/stability-6-nations-2025-forfaits-de-villiere-et-le-brun-le-xv-de-france-reagit.png","type":"image\/png"}],"author":"Axel Lauzier","twitter_card":"summary_large_image","schema":{"@context":"https:\/\/schema.org","@graph":[{"@type":"NewsArticle","@id":"https:\/\/sport-index.fr\/blog\/a-la-une\/6-nations-2025-forfaits-de-villiere-et-le-brun-le-xv-de-france-reagit\/#article","isPartOf":{"@id":"https:\/\/sport-index.fr\/blog\/a-la-une\/6-nations-2025-forfaits-de-villiere-et-le-brun-le-xv-de-france-reagit\/"},"author":{"name":"Axel Lauzier","@id":"https:\/\/sport-index.fr\/blog\/#\/schema\/person\/3c864cdc320801e3db34b663e7e3f816"},"headline":"6 Nations 2025 : forfaits de Villi\u00e8re et Le Brun, le XV de France r\u00e9agit","datePublished":"2025-02-18T07:37:18+00:00","mainEntityOfPage":{"@id":"https:\/\/sport-index.fr\/blog\/a-la-une\/6-nations-2025-forfaits-de-villiere-et-le-brun-le-xv-de-france-reagit\/"},"wordCount":623,"commentCount":16,"publisher":{"@id":"https:\/\/sport-index.fr\/blog\/#organization"},"image":{"@id":"https:\/\/sport-index.fr\/blog\/a-la-une\/6-nations-2025-forfaits-de-villiere-et-le-brun-le-xv-de-france-reagit\/#primaryimage"},"thumbnailUrl":"https:\/\/sport-index.fr\/blog\/wp-content\/uploads\/2025\/02\/stability-6-nations-2025-forfaits-de-villiere-et-le-brun-le-xv-de-france-reagit.png","keywords":["Coh\u00e9sion d'\u00c9quipe","Gestion des Talents","Performance sportive","Tournoi des 6 Nations","XV de France"],"articleSection":["\u00c0 la une"],"inLanguage":"fr-FR","potentialAction":[{"@type":"CommentAction","name":"Comment","target":["https:\/\/sport-index.fr\/blog\/a-la-une\/6-nations-2025-forfaits-de-villiere-et-le-brun-le-xv-de-france-reagit\/#respond"]}]},{"@type":"WebPage","@id":"https:\/\/sport-index.fr\/blog\/a-la-une\/6-nations-2025-forfaits-de-villiere-et-le-brun-le-xv-de-france-reagit\/","url":"https:\/\/sport-index.fr\/blog\/a-la-une\/6-nations-2025-forfaits-de-villiere-et-le-brun-le-xv-de-france-reagit\/","name":"6 Nations 2025 : forfaits de Villi\u00e8re et Le Brun, le XV","isPartOf":{"@id":"https:\/\/sport-index.fr\/blog\/#website"},"primaryImageOfPage":{"@id":"https:\/\/sport-index.fr\/blog\/a-la-une\/6-nations-2025-forfaits-de-villiere-et-le-brun-le-xv-de-france-reagit\/#primaryimage"},"image":{"@id":"https:\/\/sport-index.fr\/blog\/a-la-une\/6-nations-2025-forfaits-de-villiere-et-le-brun-le-xv-de-france-reagit\/#primaryimage"},"thumbnailUrl":"https:\/\/sport-index.fr\/blog\/wp-content\/uploads\/2025\/02\/stability-6-nations-2025-forfaits-de-villiere-et-le-brun-le-xv-de-france-reagit.png","datePublished":"2025-02-18T07:37:18+00:00","description":"Des forfaits qui p\u00e8sent sur le XV de France Le XV de France a connu un coup dur avec les forfaits de Gabin Villi\u00e8re et Louis Le Brun pour le Tournoi des\u2026","inLanguage":"fr-FR","potentialAction":[{"@type":"ReadAction","target":["https:\/\/sport-index.fr\/blog\/a-la-une\/6-nations-2025-forfaits-de-villiere-et-le-brun-le-xv-de-france-reagit\/"]}]},{"@type":"ImageObject","inLanguage":"fr-FR","@id":"https:\/\/sport-index.fr\/blog\/a-la-une\/6-nations-2025-forfaits-de-villiere-et-le-brun-le-xv-de-france-reagit\/#primaryimage","url":"https:\/\/sport-index.fr\/blog\/wp-content\/uploads\/2025\/02\/stability-6-nations-2025-forfaits-de-villiere-et-le-brun-le-xv-de-france-reagit.png","contentUrl":"https:\/\/sport-index.fr\/blog\/wp-content\/uploads\/2025\/02\/stability-6-nations-2025-forfaits-de-villiere-et-le-brun-le-xv-de-france-reagit.png","width":1024,"height":576},{"@type":"WebSite","@id":"https:\/\/sport-index.fr\/blog\/#website","url":"https:\/\/sport-index.fr\/blog\/","name":"sport-index.fr","description":"Le score de l\u2019analyse sportive.","publisher":{"@id":"https:\/\/sport-index.fr\/blog\/#organization"},"alternateName":"Le score de l\u2019analyse sportive.","potentialAction":[{"@type":"SearchAction","target":{"@type":"EntryPoint","urlTemplate":"https:\/\/sport-index.fr\/blog\/?s={search_term_string}"},"query-input":{"@type":"PropertyValueSpecification","valueRequired":true,"valueName":"search_term_string"}}],"inLanguage":"fr-FR"},{"@type":"Organization","@id":"https:\/\/sport-index.fr\/blog\/#organization","name":"Foretsensations.fr","url":"https:\/\/sport-index.fr\/blog\/","logo":{"@type":"ImageObject","inLanguage":"fr-FR","@id":"https:\/\/sport-index.fr\/blog\/#\/schema\/logo\/image\/","url":"https:\/\/sport-index.fr\/blog\/wp-content\/uploads\/2026\/07\/logo-auto.png","contentUrl":"https:\/\/sport-index.fr\/blog\/wp-content\/uploads\/2026\/07\/logo-auto.png","width":1024,"height":1024,"caption":"Foretsensations.fr"},"image":{"@id":"https:\/\/sport-index.fr\/blog\/#\/schema\/logo\/image\/"}},{"@type":"Person","@id":"https:\/\/sport-index.fr\/blog\/#\/schema\/person\/3c864cdc320801e3db34b663e7e3f816","name":"Axel Lauzier","image":{"@type":"ImageObject","inLanguage":"fr-FR","@id":"https:\/\/sport-index.fr\/blog\/#\/schema\/person\/image\/","url":"https:\/\/sport-index.fr\/blog\/wp-content\/uploads\/2026\/06\/persona_axel-l-96x96.jpg","contentUrl":"https:\/\/sport-index.fr\/blog\/wp-content\/uploads\/2026\/06\/persona_axel-l-96x96.jpg","caption":"Axel Lauzier"},"description":"Le sport rythme mon quotidien depuis l'enfance, et j'en ai fait mon m\u00e9tier d'analyste r\u00e9dactionnel il y a une dizaine d'ann\u00e9es. Je couvre principalement le football, son actualit\u00e9, ses transferts et l'analyse tactique des grandes affiches, mais aussi les disciplines plus confidentielles que j'aime remettre en lumi\u00e8re. Une partie de mon travail porte sur les pronostics et la lecture statistique d'un match : forme des \u00e9quipes, historique des confrontations, compositions, sans jamais vendre de fausse certitude. Je rappelle syst\u00e9matiquement que parier comporte un risque et doit rester un loisir ma\u00eetris\u00e9. Avant de signer une analyse, je v\u00e9rifie mes chiffres, je recoupe les compositions probables et je distingue toujours la donn\u00e9e brute de l'intuition. Mon objectif : offrir une lecture honn\u00eate et argument\u00e9e, pas un ticket gagnant garanti.","sameAs":["https:\/\/axellauzier.fr\/"],"url":"https:\/\/sport-index.fr\/blog\/auteur\/noname\/"}]}},"_links":{"self":[{"href":"https:\/\/sport-index.fr\/blog\/wp-json\/wp\/v2\/posts\/9187","targetHints":{"allow":["GET"]}}],"collection":[{"href":"https:\/\/sport-index.fr\/blog\/wp-json\/wp\/v2\/posts"}],"about":[{"href":"https:\/\/sport-index.fr\/blog\/wp-json\/wp\/v2\/types\/post"}],"author":[{"embeddable":true,"href":"https:\/\/sport-index.fr\/blog\/wp-json\/wp\/v2\/users\/34"}],"replies":[{"embeddable":true,"href":"https:\/\/sport-index.fr\/blog\/wp-json\/wp\/v2\/comments?post=9187"}],"version-history":[{"count":1,"href":"https:\/\/sport-index.fr\/blog\/wp-json\/wp\/v2\/posts\/9187\/revisions"}],"predecessor-version":[{"id":9190,"href":"https:\/\/sport-index.fr\/blog\/wp-json\/wp\/v2\/posts\/9187\/revisions\/9190"}],"wp:featuredmedia":[{"embeddable":true,"href":"https:\/\/sport-index.fr\/blog\/wp-json\/wp\/v2\/media\/9188"}],"wp:attachment":[{"href":"https:\/\/sport-index.fr\/blog\/wp-json\/wp\/v2\/media?parent=9187"}],"wp:term":[{"taxonomy":"category","embeddable":true,"href":"https:\/\/sport-index.fr\/blog\/wp-json\/wp\/v2\/categories?post=9187"},{"taxonomy":"post_tag","embeddable":true,"href":"https:\/\/sport-index.fr\/blog\/wp-json\/wp\/v2\/tags?post=9187"}],"curies":[{"name":"wp","href":"https:\/\/api.w.org\/{rel}","templated":true}]}}