{"id":9196,"date":"2025-02-17T00:28:54","date_gmt":"2025-02-16T23:28:54","guid":{"rendered":"https:\/\/sport-index.fr\/blog\/?p=9196"},"modified":"2025-02-16T18:03:58","modified_gmt":"2025-02-16T17:03:58","slug":"chute-spectaculaire-de-pascal-ackermann-emotions-fortes-au-tour-de-la-provence","status":"publish","type":"post","link":"https:\/\/sport-index.fr\/blog\/a-la-une\/chute-spectaculaire-de-pascal-ackermann-emotions-fortes-au-tour-de-la-provence\/","title":{"rendered":"Chute spectaculaire de Pascal Ackermann : \u00e9motions fortes au Tour de la Provence"},"content":{"rendered":"<h2>Un moment de tension lors du sprint final<\/h2>\n<p>Pascal Ackermann, sprinteur talentueux, a subi une chute violente alors qu&rsquo;il se battait pour la victoire. Cette situation dramatique a entra\u00een\u00e9 plusieurs autres coureurs dans sa chute, cr\u00e9ant un moment de tension palpable sur la ligne d&rsquo;arriv\u00e9e.<\/p>\n<p>Les spectateurs, \u00e0 la fois inquiets et captiv\u00e9s, ont vu le peloton se disloquer en un instant. La chute a non seulement mis en danger les coureurs, mais elle a \u00e9galement suscit\u00e9 des r\u00e9actions vives parmi les fans et les commentateurs. Les \u00e9motions \u00e9taient \u00e0 leur comble, soulignant la nature impr\u00e9visible du cyclisme professionnel.<\/p>\n<h2>La r\u00e9action de l&rsquo;\u00e9quipe et l&rsquo;\u00e9tat d&rsquo;Ackermann<\/h2>\n<p>Heureusement, l&rsquo;\u00e9quipe de Pascal Ackermann, Israel Premier Tech, a rapidement rassur\u00e9 le public. \u00ab\u00a0Pascal n&rsquo;a subi aucune fracture lors de l&rsquo;accident,\u00a0\u00bb ont-ils d\u00e9clar\u00e9 dans un communiqu\u00e9. Cette annonce a apport\u00e9 un soulagement consid\u00e9rable tant pour les fans que pour les autres coureurs qui ont assist\u00e9 \u00e0 l&rsquo;incident.<img decoding=\"async\" width=\"1024\" height=\"576\" src=\"https:\/\/sport-index.fr\/blog\/wp-content\/uploads\/2025\/02\/stability-chute-spectaculaire-de-pascal-ackermann-emotions-fortes-au-tour-de-la-provence-1.png\" class=\"aligncenter\" alt=\"Illustration d\u00e9taill\u00e9e sur Chute spectaculaire de Pascal Ackermann : \u00e9motions fortes au Tour de la Provence\" title=\"Chute spectaculaire de Pascal Ackermann : \u00e9motions fortes au Tour de la Provence\" loading=\"lazy\" \/><\/p>\n<p>Malgr\u00e9 la frayeur, Ackermann a montr\u00e9 sa d\u00e9termination \u00e0 revenir plus fort. Les coureurs professionnels savent que chaque \u00e9tape comporte des risques, et cet incident ne fait que renforcer leur engagement envers le sport. La solidarit\u00e9 entre les coureurs se manifeste dans ces moments de crise, rappelant \u00e0 tous l&rsquo;esprit d&rsquo;\u00e9quipe du cyclisme.<\/p>\n<h2>Le d\u00e9nouement de la course et la victoire de Sam Bennett<\/h2>\n<p>\u00c0 la suite de l&rsquo;incident, Sam Bennett a su tirer parti de la situation pour remporter la victoire \u00e0 Arles. Sa performance a \u00e9t\u00e9 salu\u00e9e par les commentateurs qui ont soulign\u00e9 sa capacit\u00e9 \u00e0 rester concentr\u00e9 malgr\u00e9 le chaos autour de lui. Mads Pedersen a \u00e9galement brill\u00e9 en prenant la t\u00eate du classement g\u00e9n\u00e9ral du Tour de la Provence.<\/p>\n<p>Ce sprint final a \u00e9t\u00e9 un v\u00e9ritable spectacle, illustrant la comp\u00e9tition f\u00e9roce qui r\u00e8gne dans le cyclisme professionnel. Les coureurs doivent non seulement faire face \u00e0 leurs adversaires, mais aussi g\u00e9rer les impr\u00e9vus qui peuvent survenir \u00e0 tout moment. Les fans attendent avec impatience de voir comment cette course influencera les prochaines \u00e9tapes de la saison.<\/p>\n<blockquote>\n<p>\u00ab\u00a0Le cyclisme est un sport o\u00f9 chaque seconde compte, et chaque chute peut changer le cours d&rsquo;une course.\u00a0\u00bb &#8211; Un commentateur sportif<\/p>\n<\/blockquote>\n<ul>\n<li>Pascal Ackermann a chut\u00e9 lors de la 3e \u00e9tape du Tour de la Provence.<\/li>\n<li>Sam Bennett a remport\u00e9 cette \u00e9tape, ajoutant une victoire \u00e0 son palmar\u00e8s.<\/li>\n<li>Ackermann n&rsquo;a pas subi de fractures, selon son \u00e9quipe.<\/li>\n<li>Mads Pedersen est le leader du classement g\u00e9n\u00e9ral apr\u00e8s cette \u00e9tape.<\/li>\n<li>La solidarit\u00e9 entre les coureurs est essentielle dans des moments difficiles.<\/li>\n<\/ul>\n<p>Cet article met en lumi\u00e8re les \u00e9v\u00e9nements tragiques de la course tout en rendant hommage aux performances des coureurs. Il incite \u00e0 suivre les prochaines \u00e9tapes avec un regard attentif sur la sant\u00e9 et la s\u00e9curit\u00e9 des athl\u00e8tes.<\/p>\n","protected":false},"excerpt":{"rendered":"","protected":false},"author":34,"featured_media":9197,"comment_status":"open","ping_status":"open","sticky":false,"template":"","format":"standard","meta":{"_acf_changed":false,"manual_indexmenow":false,"indexmenow_id_project":0,"footnotes":""},"categories":[1],"tags":[4585,4745,4559,4563,4655],"class_list":["post-9196","post","type-post","status-publish","format-standard","has-post-thumbnail","hentry","category-a-la-une","tag-cohesion-dequipe","tag-competition","tag-cyclisme","tag-performance-athletique","tag-prevention-des-blessures","generate-columns","tablet-grid-50","mobile-grid-100","grid-parent","grid-25"],"acf":[],"yoast_head":"<!-- This site is optimized with the Yoast SEO Premium plugin v21.3 (Yoast SEO v26.5) - https:\/\/yoast.com\/wordpress\/plugins\/seo\/ -->\n<title>Chute spectaculaire de Pascal Ackermann : \u00e9motions fortes<\/title>\n<meta name=\"description\" content=\"Un moment de tension lors du sprint final Pascal Ackermann, sprinteur talentueux, a subi une chute violente alors qu&#039;il se battait pour la victoire\u2026\" \/>\n<meta name=\"robots\" content=\"index, follow, max-snippet:-1, max-image-preview:large, max-video-preview:-1\" \/>\n<link rel=\"canonical\" href=\"https:\/\/sport-index.fr\/blog\/a-la-une\/chute-spectaculaire-de-pascal-ackermann-emotions-fortes-au-tour-de-la-provence\/\" \/>\n<meta property=\"og:locale\" content=\"fr_FR\" \/>\n<meta property=\"og:type\" content=\"article\" \/>\n<meta property=\"og:title\" content=\"Chute spectaculaire de Pascal Ackermann : \u00e9motions fortes\" \/>\n<meta property=\"og:description\" content=\"Un moment de tension lors du sprint final Pascal Ackermann, sprinteur talentueux, a subi une chute violente alors qu&#039;il se battait pour la victoire\u2026\" \/>\n<meta property=\"og:url\" content=\"https:\/\/sport-index.fr\/blog\/a-la-une\/chute-spectaculaire-de-pascal-ackermann-emotions-fortes-au-tour-de-la-provence\/\" \/>\n<meta property=\"og:site_name\" content=\"sport-index\" \/>\n<meta property=\"og:image\" content=\"https:\/\/sport-index.fr\/blog\/wp-content\/uploads\/2025\/02\/stability-chute-spectaculaire-de-pascal-ackermann-emotions-fortes-au-tour-de-la-provence.png\" \/>\n\t<meta property=\"og:image:width\" content=\"1024\" \/>\n\t<meta property=\"og:image:height\" content=\"576\" \/>\n\t<meta property=\"og:image:type\" content=\"image\/png\" \/>\n<meta name=\"author\" content=\"Axel Lauzier\" \/>\n<meta name=\"twitter:card\" content=\"summary_large_image\" \/>\n<script type=\"application\/ld+json\" class=\"yoast-schema-graph\">{\"@context\":\"https:\/\/schema.org\",\"@graph\":[{\"@type\":\"NewsArticle\",\"@id\":\"https:\/\/sport-index.fr\/blog\/a-la-une\/chute-spectaculaire-de-pascal-ackermann-emotions-fortes-au-tour-de-la-provence\/#article\",\"isPartOf\":{\"@id\":\"https:\/\/sport-index.fr\/blog\/a-la-une\/chute-spectaculaire-de-pascal-ackermann-emotions-fortes-au-tour-de-la-provence\/\"},\"author\":{\"name\":\"Axel Lauzier\",\"@id\":\"https:\/\/sport-index.fr\/blog\/#\/schema\/person\/3c864cdc320801e3db34b663e7e3f816\"},\"headline\":\"Chute spectaculaire de Pascal Ackermann : \u00e9motions fortes au Tour de la Provence\",\"datePublished\":\"2025-02-16T23:28:54+00:00\",\"mainEntityOfPage\":{\"@id\":\"https:\/\/sport-index.fr\/blog\/a-la-une\/chute-spectaculaire-de-pascal-ackermann-emotions-fortes-au-tour-de-la-provence\/\"},\"wordCount\":492,\"commentCount\":22,\"publisher\":{\"@id\":\"https:\/\/sport-index.fr\/blog\/#organization\"},\"image\":{\"@id\":\"https:\/\/sport-index.fr\/blog\/a-la-une\/chute-spectaculaire-de-pascal-ackermann-emotions-fortes-au-tour-de-la-provence\/#primaryimage\"},\"thumbnailUrl\":\"https:\/\/sport-index.fr\/blog\/wp-content\/uploads\/2025\/02\/stability-chute-spectaculaire-de-pascal-ackermann-emotions-fortes-au-tour-de-la-provence.png\",\"keywords\":[\"Coh\u00e9sion d'\u00c9quipe\",\"Comp\u00e9tition\",\"Cyclisme\",\"Performance Athl\u00e9tique\",\"Pr\u00e9vention des Blessures\"],\"articleSection\":[\"\u00c0 la une\"],\"inLanguage\":\"fr-FR\",\"potentialAction\":[{\"@type\":\"CommentAction\",\"name\":\"Comment\",\"target\":[\"https:\/\/sport-index.fr\/blog\/a-la-une\/chute-spectaculaire-de-pascal-ackermann-emotions-fortes-au-tour-de-la-provence\/#respond\"]}]},{\"@type\":\"WebPage\",\"@id\":\"https:\/\/sport-index.fr\/blog\/a-la-une\/chute-spectaculaire-de-pascal-ackermann-emotions-fortes-au-tour-de-la-provence\/\",\"url\":\"https:\/\/sport-index.fr\/blog\/a-la-une\/chute-spectaculaire-de-pascal-ackermann-emotions-fortes-au-tour-de-la-provence\/\",\"name\":\"Chute spectaculaire de Pascal Ackermann : \u00e9motions fortes\",\"isPartOf\":{\"@id\":\"https:\/\/sport-index.fr\/blog\/#website\"},\"primaryImageOfPage\":{\"@id\":\"https:\/\/sport-index.fr\/blog\/a-la-une\/chute-spectaculaire-de-pascal-ackermann-emotions-fortes-au-tour-de-la-provence\/#primaryimage\"},\"image\":{\"@id\":\"https:\/\/sport-index.fr\/blog\/a-la-une\/chute-spectaculaire-de-pascal-ackermann-emotions-fortes-au-tour-de-la-provence\/#primaryimage\"},\"thumbnailUrl\":\"https:\/\/sport-index.fr\/blog\/wp-content\/uploads\/2025\/02\/stability-chute-spectaculaire-de-pascal-ackermann-emotions-fortes-au-tour-de-la-provence.png\",\"datePublished\":\"2025-02-16T23:28:54+00:00\",\"description\":\"Un moment de tension lors du sprint final Pascal Ackermann, sprinteur talentueux, a subi une chute violente alors qu'il se battait pour la victoire\u2026\",\"inLanguage\":\"fr-FR\",\"potentialAction\":[{\"@type\":\"ReadAction\",\"target\":[\"https:\/\/sport-index.fr\/blog\/a-la-une\/chute-spectaculaire-de-pascal-ackermann-emotions-fortes-au-tour-de-la-provence\/\"]}]},{\"@type\":\"ImageObject\",\"inLanguage\":\"fr-FR\",\"@id\":\"https:\/\/sport-index.fr\/blog\/a-la-une\/chute-spectaculaire-de-pascal-ackermann-emotions-fortes-au-tour-de-la-provence\/#primaryimage\",\"url\":\"https:\/\/sport-index.fr\/blog\/wp-content\/uploads\/2025\/02\/stability-chute-spectaculaire-de-pascal-ackermann-emotions-fortes-au-tour-de-la-provence.png\",\"contentUrl\":\"https:\/\/sport-index.fr\/blog\/wp-content\/uploads\/2025\/02\/stability-chute-spectaculaire-de-pascal-ackermann-emotions-fortes-au-tour-de-la-provence.png\",\"width\":1024,\"height\":576},{\"@type\":\"WebSite\",\"@id\":\"https:\/\/sport-index.fr\/blog\/#website\",\"url\":\"https:\/\/sport-index.fr\/blog\/\",\"name\":\"sport-index.fr\",\"description\":\"Le score de l\u2019analyse sportive.\",\"publisher\":{\"@id\":\"https:\/\/sport-index.fr\/blog\/#organization\"},\"alternateName\":\"Le score de l\u2019analyse sportive.\",\"potentialAction\":[{\"@type\":\"SearchAction\",\"target\":{\"@type\":\"EntryPoint\",\"urlTemplate\":\"https:\/\/sport-index.fr\/blog\/?s={search_term_string}\"},\"query-input\":{\"@type\":\"PropertyValueSpecification\",\"valueRequired\":true,\"valueName\":\"search_term_string\"}}],\"inLanguage\":\"fr-FR\"},{\"@type\":\"Organization\",\"@id\":\"https:\/\/sport-index.fr\/blog\/#organization\",\"name\":\"Foretsensations.fr\",\"url\":\"https:\/\/sport-index.fr\/blog\/\",\"logo\":{\"@type\":\"ImageObject\",\"inLanguage\":\"fr-FR\",\"@id\":\"https:\/\/sport-index.fr\/blog\/#\/schema\/logo\/image\/\",\"url\":\"https:\/\/sport-index.fr\/blog\/wp-content\/uploads\/2026\/07\/logo-auto.png\",\"contentUrl\":\"https:\/\/sport-index.fr\/blog\/wp-content\/uploads\/2026\/07\/logo-auto.png\",\"width\":1024,\"height\":1024,\"caption\":\"Foretsensations.fr\"},\"image\":{\"@id\":\"https:\/\/sport-index.fr\/blog\/#\/schema\/logo\/image\/\"}},{\"@type\":\"Person\",\"@id\":\"https:\/\/sport-index.fr\/blog\/#\/schema\/person\/3c864cdc320801e3db34b663e7e3f816\",\"name\":\"Axel Lauzier\",\"image\":{\"@type\":\"ImageObject\",\"inLanguage\":\"fr-FR\",\"@id\":\"https:\/\/sport-index.fr\/blog\/#\/schema\/person\/image\/\",\"url\":\"https:\/\/sport-index.fr\/blog\/wp-content\/uploads\/2026\/06\/persona_axel-l-96x96.jpg\",\"contentUrl\":\"https:\/\/sport-index.fr\/blog\/wp-content\/uploads\/2026\/06\/persona_axel-l-96x96.jpg\",\"caption\":\"Axel Lauzier\"},\"description\":\"Le sport rythme mon quotidien depuis l'enfance, et j'en ai fait mon m\u00e9tier d'analyste r\u00e9dactionnel il y a une dizaine d'ann\u00e9es. Je couvre principalement le football, son actualit\u00e9, ses transferts et l'analyse tactique des grandes affiches, mais aussi les disciplines plus confidentielles que j'aime remettre en lumi\u00e8re. Une partie de mon travail porte sur les pronostics et la lecture statistique d'un match : forme des \u00e9quipes, historique des confrontations, compositions, sans jamais vendre de fausse certitude. Je rappelle syst\u00e9matiquement que parier comporte un risque et doit rester un loisir ma\u00eetris\u00e9. Avant de signer une analyse, je v\u00e9rifie mes chiffres, je recoupe les compositions probables et je distingue toujours la donn\u00e9e brute de l'intuition. Mon objectif : offrir une lecture honn\u00eate et argument\u00e9e, pas un ticket gagnant garanti.\",\"sameAs\":[\"https:\/\/axellauzier.fr\/\"],\"url\":\"https:\/\/sport-index.fr\/blog\/auteur\/noname\/\"}]}<\/script>\n<!-- \/ Yoast SEO Premium plugin. -->","yoast_head_json":{"title":"Chute spectaculaire de Pascal Ackermann : \u00e9motions fortes","description":"Un moment de tension lors du sprint final Pascal Ackermann, sprinteur talentueux, a subi une chute violente alors qu'il se battait pour la victoire\u2026","robots":{"index":"index","follow":"follow","max-snippet":"max-snippet:-1","max-image-preview":"max-image-preview:large","max-video-preview":"max-video-preview:-1"},"canonical":"https:\/\/sport-index.fr\/blog\/a-la-une\/chute-spectaculaire-de-pascal-ackermann-emotions-fortes-au-tour-de-la-provence\/","og_locale":"fr_FR","og_type":"article","og_title":"Chute spectaculaire de Pascal Ackermann : \u00e9motions fortes","og_description":"Un moment de tension lors du sprint final Pascal Ackermann, sprinteur talentueux, a subi une chute violente alors qu'il se battait pour la victoire\u2026","og_url":"https:\/\/sport-index.fr\/blog\/a-la-une\/chute-spectaculaire-de-pascal-ackermann-emotions-fortes-au-tour-de-la-provence\/","og_site_name":"sport-index","og_image":[{"width":1024,"height":576,"url":"https:\/\/sport-index.fr\/blog\/wp-content\/uploads\/2025\/02\/stability-chute-spectaculaire-de-pascal-ackermann-emotions-fortes-au-tour-de-la-provence.png","type":"image\/png"}],"author":"Axel Lauzier","twitter_card":"summary_large_image","schema":{"@context":"https:\/\/schema.org","@graph":[{"@type":"NewsArticle","@id":"https:\/\/sport-index.fr\/blog\/a-la-une\/chute-spectaculaire-de-pascal-ackermann-emotions-fortes-au-tour-de-la-provence\/#article","isPartOf":{"@id":"https:\/\/sport-index.fr\/blog\/a-la-une\/chute-spectaculaire-de-pascal-ackermann-emotions-fortes-au-tour-de-la-provence\/"},"author":{"name":"Axel Lauzier","@id":"https:\/\/sport-index.fr\/blog\/#\/schema\/person\/3c864cdc320801e3db34b663e7e3f816"},"headline":"Chute spectaculaire de Pascal Ackermann : \u00e9motions fortes au Tour de la Provence","datePublished":"2025-02-16T23:28:54+00:00","mainEntityOfPage":{"@id":"https:\/\/sport-index.fr\/blog\/a-la-une\/chute-spectaculaire-de-pascal-ackermann-emotions-fortes-au-tour-de-la-provence\/"},"wordCount":492,"commentCount":22,"publisher":{"@id":"https:\/\/sport-index.fr\/blog\/#organization"},"image":{"@id":"https:\/\/sport-index.fr\/blog\/a-la-une\/chute-spectaculaire-de-pascal-ackermann-emotions-fortes-au-tour-de-la-provence\/#primaryimage"},"thumbnailUrl":"https:\/\/sport-index.fr\/blog\/wp-content\/uploads\/2025\/02\/stability-chute-spectaculaire-de-pascal-ackermann-emotions-fortes-au-tour-de-la-provence.png","keywords":["Coh\u00e9sion d'\u00c9quipe","Comp\u00e9tition","Cyclisme","Performance Athl\u00e9tique","Pr\u00e9vention des Blessures"],"articleSection":["\u00c0 la une"],"inLanguage":"fr-FR","potentialAction":[{"@type":"CommentAction","name":"Comment","target":["https:\/\/sport-index.fr\/blog\/a-la-une\/chute-spectaculaire-de-pascal-ackermann-emotions-fortes-au-tour-de-la-provence\/#respond"]}]},{"@type":"WebPage","@id":"https:\/\/sport-index.fr\/blog\/a-la-une\/chute-spectaculaire-de-pascal-ackermann-emotions-fortes-au-tour-de-la-provence\/","url":"https:\/\/sport-index.fr\/blog\/a-la-une\/chute-spectaculaire-de-pascal-ackermann-emotions-fortes-au-tour-de-la-provence\/","name":"Chute spectaculaire de Pascal Ackermann : \u00e9motions fortes","isPartOf":{"@id":"https:\/\/sport-index.fr\/blog\/#website"},"primaryImageOfPage":{"@id":"https:\/\/sport-index.fr\/blog\/a-la-une\/chute-spectaculaire-de-pascal-ackermann-emotions-fortes-au-tour-de-la-provence\/#primaryimage"},"image":{"@id":"https:\/\/sport-index.fr\/blog\/a-la-une\/chute-spectaculaire-de-pascal-ackermann-emotions-fortes-au-tour-de-la-provence\/#primaryimage"},"thumbnailUrl":"https:\/\/sport-index.fr\/blog\/wp-content\/uploads\/2025\/02\/stability-chute-spectaculaire-de-pascal-ackermann-emotions-fortes-au-tour-de-la-provence.png","datePublished":"2025-02-16T23:28:54+00:00","description":"Un moment de tension lors du sprint final Pascal Ackermann, sprinteur talentueux, a subi une chute violente alors qu'il se battait pour la victoire\u2026","inLanguage":"fr-FR","potentialAction":[{"@type":"ReadAction","target":["https:\/\/sport-index.fr\/blog\/a-la-une\/chute-spectaculaire-de-pascal-ackermann-emotions-fortes-au-tour-de-la-provence\/"]}]},{"@type":"ImageObject","inLanguage":"fr-FR","@id":"https:\/\/sport-index.fr\/blog\/a-la-une\/chute-spectaculaire-de-pascal-ackermann-emotions-fortes-au-tour-de-la-provence\/#primaryimage","url":"https:\/\/sport-index.fr\/blog\/wp-content\/uploads\/2025\/02\/stability-chute-spectaculaire-de-pascal-ackermann-emotions-fortes-au-tour-de-la-provence.png","contentUrl":"https:\/\/sport-index.fr\/blog\/wp-content\/uploads\/2025\/02\/stability-chute-spectaculaire-de-pascal-ackermann-emotions-fortes-au-tour-de-la-provence.png","width":1024,"height":576},{"@type":"WebSite","@id":"https:\/\/sport-index.fr\/blog\/#website","url":"https:\/\/sport-index.fr\/blog\/","name":"sport-index.fr","description":"Le score de l\u2019analyse sportive.","publisher":{"@id":"https:\/\/sport-index.fr\/blog\/#organization"},"alternateName":"Le score de l\u2019analyse sportive.","potentialAction":[{"@type":"SearchAction","target":{"@type":"EntryPoint","urlTemplate":"https:\/\/sport-index.fr\/blog\/?s={search_term_string}"},"query-input":{"@type":"PropertyValueSpecification","valueRequired":true,"valueName":"search_term_string"}}],"inLanguage":"fr-FR"},{"@type":"Organization","@id":"https:\/\/sport-index.fr\/blog\/#organization","name":"Foretsensations.fr","url":"https:\/\/sport-index.fr\/blog\/","logo":{"@type":"ImageObject","inLanguage":"fr-FR","@id":"https:\/\/sport-index.fr\/blog\/#\/schema\/logo\/image\/","url":"https:\/\/sport-index.fr\/blog\/wp-content\/uploads\/2026\/07\/logo-auto.png","contentUrl":"https:\/\/sport-index.fr\/blog\/wp-content\/uploads\/2026\/07\/logo-auto.png","width":1024,"height":1024,"caption":"Foretsensations.fr"},"image":{"@id":"https:\/\/sport-index.fr\/blog\/#\/schema\/logo\/image\/"}},{"@type":"Person","@id":"https:\/\/sport-index.fr\/blog\/#\/schema\/person\/3c864cdc320801e3db34b663e7e3f816","name":"Axel Lauzier","image":{"@type":"ImageObject","inLanguage":"fr-FR","@id":"https:\/\/sport-index.fr\/blog\/#\/schema\/person\/image\/","url":"https:\/\/sport-index.fr\/blog\/wp-content\/uploads\/2026\/06\/persona_axel-l-96x96.jpg","contentUrl":"https:\/\/sport-index.fr\/blog\/wp-content\/uploads\/2026\/06\/persona_axel-l-96x96.jpg","caption":"Axel Lauzier"},"description":"Le sport rythme mon quotidien depuis l'enfance, et j'en ai fait mon m\u00e9tier d'analyste r\u00e9dactionnel il y a une dizaine d'ann\u00e9es. Je couvre principalement le football, son actualit\u00e9, ses transferts et l'analyse tactique des grandes affiches, mais aussi les disciplines plus confidentielles que j'aime remettre en lumi\u00e8re. Une partie de mon travail porte sur les pronostics et la lecture statistique d'un match : forme des \u00e9quipes, historique des confrontations, compositions, sans jamais vendre de fausse certitude. Je rappelle syst\u00e9matiquement que parier comporte un risque et doit rester un loisir ma\u00eetris\u00e9. Avant de signer une analyse, je v\u00e9rifie mes chiffres, je recoupe les compositions probables et je distingue toujours la donn\u00e9e brute de l'intuition. Mon objectif : offrir une lecture honn\u00eate et argument\u00e9e, pas un ticket gagnant garanti.","sameAs":["https:\/\/axellauzier.fr\/"],"url":"https:\/\/sport-index.fr\/blog\/auteur\/noname\/"}]}},"_links":{"self":[{"href":"https:\/\/sport-index.fr\/blog\/wp-json\/wp\/v2\/posts\/9196","targetHints":{"allow":["GET"]}}],"collection":[{"href":"https:\/\/sport-index.fr\/blog\/wp-json\/wp\/v2\/posts"}],"about":[{"href":"https:\/\/sport-index.fr\/blog\/wp-json\/wp\/v2\/types\/post"}],"author":[{"embeddable":true,"href":"https:\/\/sport-index.fr\/blog\/wp-json\/wp\/v2\/users\/34"}],"replies":[{"embeddable":true,"href":"https:\/\/sport-index.fr\/blog\/wp-json\/wp\/v2\/comments?post=9196"}],"version-history":[{"count":2,"href":"https:\/\/sport-index.fr\/blog\/wp-json\/wp\/v2\/posts\/9196\/revisions"}],"predecessor-version":[{"id":9278,"href":"https:\/\/sport-index.fr\/blog\/wp-json\/wp\/v2\/posts\/9196\/revisions\/9278"}],"wp:featuredmedia":[{"embeddable":true,"href":"https:\/\/sport-index.fr\/blog\/wp-json\/wp\/v2\/media\/9197"}],"wp:attachment":[{"href":"https:\/\/sport-index.fr\/blog\/wp-json\/wp\/v2\/media?parent=9196"}],"wp:term":[{"taxonomy":"category","embeddable":true,"href":"https:\/\/sport-index.fr\/blog\/wp-json\/wp\/v2\/categories?post=9196"},{"taxonomy":"post_tag","embeddable":true,"href":"https:\/\/sport-index.fr\/blog\/wp-json\/wp\/v2\/tags?post=9196"}],"curies":[{"name":"wp","href":"https:\/\/api.w.org\/{rel}","templated":true}]}}