{"id":9251,"date":"2025-02-17T22:51:04","date_gmt":"2025-02-17T21:51:04","guid":{"rendered":"https:\/\/sport-index.fr\/blog\/?p=9251"},"modified":"2025-02-16T23:37:55","modified_gmt":"2025-02-16T22:37:55","slug":"revivez-les-mondiaux-de-ski-alpin-a-saalbach-les-moments-forts-en-video","status":"publish","type":"post","link":"https:\/\/sport-index.fr\/blog\/a-la-une\/revivez-les-mondiaux-de-ski-alpin-a-saalbach-les-moments-forts-en-video\/","title":{"rendered":"revivez les mondiaux de ski alpin \u00e0 saalbach : les moments forts en vid\u00e9o"},"content":{"rendered":"<h2>Un \u00e9v\u00e9nement marquant pour le ski alpin<\/h2>\n<p>Le week-end dernier, Saalbach a vu s&rsquo;achever les Mondiaux de ski alpin, un \u00e9v\u00e9nement tant attendu par les passionn\u00e9s de ce sport. Les athl\u00e8tes se sont affront\u00e9s dans des conditions parfois difficiles, mais cela n&rsquo;a pas emp\u00each\u00e9 de r\u00e9aliser des performances m\u00e9morables. Lo\u00efc Meillard a su briller en remportant le titre en slalom, ajoutant une nouvelle ligne \u00e0 son palmar\u00e8s.<\/p>\n<p>La Suisse a largement domin\u00e9 ces championnats, avec un impressionnant total de treize m\u00e9dailles, dont cinq en or. Les skieurs helv\u00e9tiques ont montr\u00e9 une coh\u00e9sion et une d\u00e9termination sans pareilles, pla\u00e7ant leur pays au sommet des classements. En revanche, l&rsquo;\u00e9quipe fran\u00e7aise n&rsquo;a pas r\u00e9ussi \u00e0 d\u00e9crocher de m\u00e9dailles, laissant ses supporters sur leur faim.<\/p>\n<h2>Des moments forts \u00e0 revivre<\/h2>\n<p>Pour ceux qui n&rsquo;ont pas pu suivre l&rsquo;\u00e9v\u00e9nement en direct, Eurosport a compil\u00e9 les meilleurs moments des deux semaines de comp\u00e9titions en une vid\u00e9o de seulement deux minutes et demie. Cette r\u00e9trospective permet de revivre les temps forts, les \u00e9motions et les performances des athl\u00e8tes. Que vous soyez un fervent admirateur du ski alpin ou simplement curieux, cette vid\u00e9o est un incontournable.<\/p>\n<p>Les cha\u00eenes Eurosport, disponibles via Canal+, Prime Video, Bouygues Telecom et Free, offrent une excellente plateforme pour revivre les comp\u00e9titions. Les moments de tension, de joie et de d\u00e9ception sont pr\u00e9sent\u00e9s de mani\u00e8re dynamique, captivant ainsi l\u2019audience. Ne manquez pas cette chance de plonger dans l&rsquo;ambiance de ces Mondiaux.<\/p>\n<h2>Les m\u00e9dailles en jeu<\/h2>\n<p>Le tableau des m\u00e9dailles a \u00e9t\u00e9 largement domin\u00e9 par la Suisse, mais d&rsquo;autres nations ont \u00e9galement brill\u00e9. L&rsquo;Italie, par exemple, a commenc\u00e9 fort en affichant des performances collectives impressionnantes. Malgr\u00e9 cela, la France n\u2019a pas r\u00e9ussi \u00e0 se faire une place sur le podium, ce qui a suscit\u00e9 des interrogations sur l\u2019avenir de son \u00e9quipe.<\/p>\n<p>Voici un aper\u00e7u des performances des diff\u00e9rentes nations lors de ces Mondiaux :<\/p>\n<ul>\n<li>13 m\u00e9dailles pour la Suisse<\/li>\n<li>5 m\u00e9dailles d&rsquo;or pour la Suisse<\/li>\n<li>Des performances remarquables de l&rsquo;Italie<\/li>\n<li>Une absence de m\u00e9dailles pour la France<\/li>\n<\/ul>\n<blockquote><p>\n    \u00ab\u00a0Ces championnats ont \u00e9t\u00e9 un vrai spectacle, o\u00f9 la passion du ski alpin a pris toute sa mesure.\u00a0\u00bb &#8211; Commentateur Eurosport\n<\/p><\/blockquote>\n<p>Le ski alpin continue de fasciner et de rassembler des milliers de fans autour de la plan\u00e8te. Les Mondiaux de Saalbach ont \u00e9t\u00e9 une vitrine parfaite pour ce sport, mettant en avant le talent et le d\u00e9vouement des athl\u00e8tes. Les prochaines comp\u00e9titions s&rsquo;annoncent tout aussi palpitantes, et les fans peuvent d\u00e9j\u00e0 se pr\u00e9parer \u00e0 encourager leurs skieurs pr\u00e9f\u00e9r\u00e9s.<img decoding=\"async\" width=\"1024\" height=\"576\" src=\"https:\/\/sport-index.fr\/blog\/wp-content\/uploads\/2025\/02\/stability-revivez-les-mondiaux-de-ski-alpin-a-saalbach-les-moments-forts-en-video-1.png\" class=\"aligncenter\" alt=\"Illustration d\u00e9taill\u00e9e sur revivez les mondiaux de ski alpin \u00e0 saalbach : les moments forts en vid\u00e9o\" title=\"revivez les mondiaux de ski alpin \u00e0 saalbach : les moments forts en vid\u00e9o\" loading=\"lazy\" \/><\/p>\n","protected":false},"excerpt":{"rendered":"","protected":false},"author":34,"featured_media":9252,"comment_status":"open","ping_status":"open","sticky":false,"template":"","format":"standard","meta":{"_acf_changed":false,"manual_indexmenow":false,"indexmenow_id_project":0,"footnotes":""},"categories":[1],"tags":[4585,4615,4544,4632,4591],"class_list":["post-9251","post","type-post","status-publish","format-standard","has-post-thumbnail","hentry","category-a-la-une","tag-cohesion-dequipe","tag-communaute-engagee","tag-equipe","tag-performance-sportive","tag-ski-alpin","generate-columns","tablet-grid-50","mobile-grid-100","grid-parent","grid-25"],"acf":[],"yoast_head":"<!-- This site is optimized with the Yoast SEO Premium plugin v21.3 (Yoast SEO v26.5) - https:\/\/yoast.com\/wordpress\/plugins\/seo\/ -->\n<title>revivez les mondiaux de ski alpin \u00e0 saalbach : les moments<\/title>\n<meta name=\"description\" content=\"Un \u00e9v\u00e9nement marquant pour le ski alpin Le week-end dernier, Saalbach a vu s&#039;achever les Mondiaux de ski alpin, un \u00e9v\u00e9nement tant attendu par les\u2026\" \/>\n<meta name=\"robots\" content=\"index, follow, max-snippet:-1, max-image-preview:large, max-video-preview:-1\" \/>\n<link rel=\"canonical\" href=\"https:\/\/sport-index.fr\/blog\/a-la-une\/revivez-les-mondiaux-de-ski-alpin-a-saalbach-les-moments-forts-en-video\/\" \/>\n<meta property=\"og:locale\" content=\"fr_FR\" \/>\n<meta property=\"og:type\" content=\"article\" \/>\n<meta property=\"og:title\" content=\"revivez les mondiaux de ski alpin \u00e0 saalbach : les moments\" \/>\n<meta property=\"og:description\" content=\"Un \u00e9v\u00e9nement marquant pour le ski alpin Le week-end dernier, Saalbach a vu s&#039;achever les Mondiaux de ski alpin, un \u00e9v\u00e9nement tant attendu par les\u2026\" \/>\n<meta property=\"og:url\" content=\"https:\/\/sport-index.fr\/blog\/a-la-une\/revivez-les-mondiaux-de-ski-alpin-a-saalbach-les-moments-forts-en-video\/\" \/>\n<meta property=\"og:site_name\" content=\"sport-index\" \/>\n<meta property=\"og:image\" content=\"https:\/\/sport-index.fr\/blog\/wp-content\/uploads\/2025\/02\/stability-revivez-les-mondiaux-de-ski-alpin-a-saalbach-les-moments-forts-en-video.png\" \/>\n\t<meta property=\"og:image:width\" content=\"1024\" \/>\n\t<meta property=\"og:image:height\" content=\"576\" \/>\n\t<meta property=\"og:image:type\" content=\"image\/png\" \/>\n<meta name=\"author\" content=\"Axel Lauzier\" \/>\n<meta name=\"twitter:card\" content=\"summary_large_image\" \/>\n<script type=\"application\/ld+json\" class=\"yoast-schema-graph\">{\"@context\":\"https:\/\/schema.org\",\"@graph\":[{\"@type\":\"NewsArticle\",\"@id\":\"https:\/\/sport-index.fr\/blog\/a-la-une\/revivez-les-mondiaux-de-ski-alpin-a-saalbach-les-moments-forts-en-video\/#article\",\"isPartOf\":{\"@id\":\"https:\/\/sport-index.fr\/blog\/a-la-une\/revivez-les-mondiaux-de-ski-alpin-a-saalbach-les-moments-forts-en-video\/\"},\"author\":{\"name\":\"Axel Lauzier\",\"@id\":\"https:\/\/sport-index.fr\/blog\/#\/schema\/person\/3c864cdc320801e3db34b663e7e3f816\"},\"headline\":\"revivez les mondiaux de ski alpin \u00e0 saalbach : les moments forts en vid\u00e9o\",\"datePublished\":\"2025-02-17T21:51:04+00:00\",\"mainEntityOfPage\":{\"@id\":\"https:\/\/sport-index.fr\/blog\/a-la-une\/revivez-les-mondiaux-de-ski-alpin-a-saalbach-les-moments-forts-en-video\/\"},\"wordCount\":479,\"commentCount\":19,\"publisher\":{\"@id\":\"https:\/\/sport-index.fr\/blog\/#organization\"},\"image\":{\"@id\":\"https:\/\/sport-index.fr\/blog\/a-la-une\/revivez-les-mondiaux-de-ski-alpin-a-saalbach-les-moments-forts-en-video\/#primaryimage\"},\"thumbnailUrl\":\"https:\/\/sport-index.fr\/blog\/wp-content\/uploads\/2025\/02\/stability-revivez-les-mondiaux-de-ski-alpin-a-saalbach-les-moments-forts-en-video.png\",\"keywords\":[\"Coh\u00e9sion d'\u00c9quipe\",\"Communaut\u00e9 engag\u00e9e\",\"\u00c9quipe\",\"Performance sportive\",\"Ski Alpin\"],\"articleSection\":[\"\u00c0 la une\"],\"inLanguage\":\"fr-FR\",\"potentialAction\":[{\"@type\":\"CommentAction\",\"name\":\"Comment\",\"target\":[\"https:\/\/sport-index.fr\/blog\/a-la-une\/revivez-les-mondiaux-de-ski-alpin-a-saalbach-les-moments-forts-en-video\/#respond\"]}]},{\"@type\":\"WebPage\",\"@id\":\"https:\/\/sport-index.fr\/blog\/a-la-une\/revivez-les-mondiaux-de-ski-alpin-a-saalbach-les-moments-forts-en-video\/\",\"url\":\"https:\/\/sport-index.fr\/blog\/a-la-une\/revivez-les-mondiaux-de-ski-alpin-a-saalbach-les-moments-forts-en-video\/\",\"name\":\"revivez les mondiaux de ski alpin \u00e0 saalbach : les moments\",\"isPartOf\":{\"@id\":\"https:\/\/sport-index.fr\/blog\/#website\"},\"primaryImageOfPage\":{\"@id\":\"https:\/\/sport-index.fr\/blog\/a-la-une\/revivez-les-mondiaux-de-ski-alpin-a-saalbach-les-moments-forts-en-video\/#primaryimage\"},\"image\":{\"@id\":\"https:\/\/sport-index.fr\/blog\/a-la-une\/revivez-les-mondiaux-de-ski-alpin-a-saalbach-les-moments-forts-en-video\/#primaryimage\"},\"thumbnailUrl\":\"https:\/\/sport-index.fr\/blog\/wp-content\/uploads\/2025\/02\/stability-revivez-les-mondiaux-de-ski-alpin-a-saalbach-les-moments-forts-en-video.png\",\"datePublished\":\"2025-02-17T21:51:04+00:00\",\"description\":\"Un \u00e9v\u00e9nement marquant pour le ski alpin Le week-end dernier, Saalbach a vu s'achever les Mondiaux de ski alpin, un \u00e9v\u00e9nement tant attendu par les\u2026\",\"inLanguage\":\"fr-FR\",\"potentialAction\":[{\"@type\":\"ReadAction\",\"target\":[\"https:\/\/sport-index.fr\/blog\/a-la-une\/revivez-les-mondiaux-de-ski-alpin-a-saalbach-les-moments-forts-en-video\/\"]}]},{\"@type\":\"ImageObject\",\"inLanguage\":\"fr-FR\",\"@id\":\"https:\/\/sport-index.fr\/blog\/a-la-une\/revivez-les-mondiaux-de-ski-alpin-a-saalbach-les-moments-forts-en-video\/#primaryimage\",\"url\":\"https:\/\/sport-index.fr\/blog\/wp-content\/uploads\/2025\/02\/stability-revivez-les-mondiaux-de-ski-alpin-a-saalbach-les-moments-forts-en-video.png\",\"contentUrl\":\"https:\/\/sport-index.fr\/blog\/wp-content\/uploads\/2025\/02\/stability-revivez-les-mondiaux-de-ski-alpin-a-saalbach-les-moments-forts-en-video.png\",\"width\":1024,\"height\":576},{\"@type\":\"WebSite\",\"@id\":\"https:\/\/sport-index.fr\/blog\/#website\",\"url\":\"https:\/\/sport-index.fr\/blog\/\",\"name\":\"sport-index.fr\",\"description\":\"Le score de l\u2019analyse sportive.\",\"publisher\":{\"@id\":\"https:\/\/sport-index.fr\/blog\/#organization\"},\"alternateName\":\"Le score de l\u2019analyse sportive.\",\"potentialAction\":[{\"@type\":\"SearchAction\",\"target\":{\"@type\":\"EntryPoint\",\"urlTemplate\":\"https:\/\/sport-index.fr\/blog\/?s={search_term_string}\"},\"query-input\":{\"@type\":\"PropertyValueSpecification\",\"valueRequired\":true,\"valueName\":\"search_term_string\"}}],\"inLanguage\":\"fr-FR\"},{\"@type\":\"Organization\",\"@id\":\"https:\/\/sport-index.fr\/blog\/#organization\",\"name\":\"Foretsensations.fr\",\"url\":\"https:\/\/sport-index.fr\/blog\/\",\"logo\":{\"@type\":\"ImageObject\",\"inLanguage\":\"fr-FR\",\"@id\":\"https:\/\/sport-index.fr\/blog\/#\/schema\/logo\/image\/\",\"url\":\"https:\/\/sport-index.fr\/blog\/wp-content\/uploads\/2026\/07\/logo-auto.png\",\"contentUrl\":\"https:\/\/sport-index.fr\/blog\/wp-content\/uploads\/2026\/07\/logo-auto.png\",\"width\":1024,\"height\":1024,\"caption\":\"Foretsensations.fr\"},\"image\":{\"@id\":\"https:\/\/sport-index.fr\/blog\/#\/schema\/logo\/image\/\"}},{\"@type\":\"Person\",\"@id\":\"https:\/\/sport-index.fr\/blog\/#\/schema\/person\/3c864cdc320801e3db34b663e7e3f816\",\"name\":\"Axel Lauzier\",\"image\":{\"@type\":\"ImageObject\",\"inLanguage\":\"fr-FR\",\"@id\":\"https:\/\/sport-index.fr\/blog\/#\/schema\/person\/image\/\",\"url\":\"https:\/\/sport-index.fr\/blog\/wp-content\/uploads\/2026\/06\/persona_axel-l-96x96.jpg\",\"contentUrl\":\"https:\/\/sport-index.fr\/blog\/wp-content\/uploads\/2026\/06\/persona_axel-l-96x96.jpg\",\"caption\":\"Axel Lauzier\"},\"description\":\"Le sport rythme mon quotidien depuis l'enfance, et j'en ai fait mon m\u00e9tier d'analyste r\u00e9dactionnel il y a une dizaine d'ann\u00e9es. Je couvre principalement le football, son actualit\u00e9, ses transferts et l'analyse tactique des grandes affiches, mais aussi les disciplines plus confidentielles que j'aime remettre en lumi\u00e8re. Une partie de mon travail porte sur les pronostics et la lecture statistique d'un match : forme des \u00e9quipes, historique des confrontations, compositions, sans jamais vendre de fausse certitude. Je rappelle syst\u00e9matiquement que parier comporte un risque et doit rester un loisir ma\u00eetris\u00e9. Avant de signer une analyse, je v\u00e9rifie mes chiffres, je recoupe les compositions probables et je distingue toujours la donn\u00e9e brute de l'intuition. Mon objectif : offrir une lecture honn\u00eate et argument\u00e9e, pas un ticket gagnant garanti.\",\"sameAs\":[\"https:\/\/axellauzier.fr\/\"],\"url\":\"https:\/\/sport-index.fr\/blog\/auteur\/noname\/\"}]}<\/script>\n<!-- \/ Yoast SEO Premium plugin. -->","yoast_head_json":{"title":"revivez les mondiaux de ski alpin \u00e0 saalbach : les moments","description":"Un \u00e9v\u00e9nement marquant pour le ski alpin Le week-end dernier, Saalbach a vu s'achever les Mondiaux de ski alpin, un \u00e9v\u00e9nement tant attendu par les\u2026","robots":{"index":"index","follow":"follow","max-snippet":"max-snippet:-1","max-image-preview":"max-image-preview:large","max-video-preview":"max-video-preview:-1"},"canonical":"https:\/\/sport-index.fr\/blog\/a-la-une\/revivez-les-mondiaux-de-ski-alpin-a-saalbach-les-moments-forts-en-video\/","og_locale":"fr_FR","og_type":"article","og_title":"revivez les mondiaux de ski alpin \u00e0 saalbach : les moments","og_description":"Un \u00e9v\u00e9nement marquant pour le ski alpin Le week-end dernier, Saalbach a vu s'achever les Mondiaux de ski alpin, un \u00e9v\u00e9nement tant attendu par les\u2026","og_url":"https:\/\/sport-index.fr\/blog\/a-la-une\/revivez-les-mondiaux-de-ski-alpin-a-saalbach-les-moments-forts-en-video\/","og_site_name":"sport-index","og_image":[{"width":1024,"height":576,"url":"https:\/\/sport-index.fr\/blog\/wp-content\/uploads\/2025\/02\/stability-revivez-les-mondiaux-de-ski-alpin-a-saalbach-les-moments-forts-en-video.png","type":"image\/png"}],"author":"Axel Lauzier","twitter_card":"summary_large_image","schema":{"@context":"https:\/\/schema.org","@graph":[{"@type":"NewsArticle","@id":"https:\/\/sport-index.fr\/blog\/a-la-une\/revivez-les-mondiaux-de-ski-alpin-a-saalbach-les-moments-forts-en-video\/#article","isPartOf":{"@id":"https:\/\/sport-index.fr\/blog\/a-la-une\/revivez-les-mondiaux-de-ski-alpin-a-saalbach-les-moments-forts-en-video\/"},"author":{"name":"Axel Lauzier","@id":"https:\/\/sport-index.fr\/blog\/#\/schema\/person\/3c864cdc320801e3db34b663e7e3f816"},"headline":"revivez les mondiaux de ski alpin \u00e0 saalbach : les moments forts en vid\u00e9o","datePublished":"2025-02-17T21:51:04+00:00","mainEntityOfPage":{"@id":"https:\/\/sport-index.fr\/blog\/a-la-une\/revivez-les-mondiaux-de-ski-alpin-a-saalbach-les-moments-forts-en-video\/"},"wordCount":479,"commentCount":19,"publisher":{"@id":"https:\/\/sport-index.fr\/blog\/#organization"},"image":{"@id":"https:\/\/sport-index.fr\/blog\/a-la-une\/revivez-les-mondiaux-de-ski-alpin-a-saalbach-les-moments-forts-en-video\/#primaryimage"},"thumbnailUrl":"https:\/\/sport-index.fr\/blog\/wp-content\/uploads\/2025\/02\/stability-revivez-les-mondiaux-de-ski-alpin-a-saalbach-les-moments-forts-en-video.png","keywords":["Coh\u00e9sion d'\u00c9quipe","Communaut\u00e9 engag\u00e9e","\u00c9quipe","Performance sportive","Ski Alpin"],"articleSection":["\u00c0 la une"],"inLanguage":"fr-FR","potentialAction":[{"@type":"CommentAction","name":"Comment","target":["https:\/\/sport-index.fr\/blog\/a-la-une\/revivez-les-mondiaux-de-ski-alpin-a-saalbach-les-moments-forts-en-video\/#respond"]}]},{"@type":"WebPage","@id":"https:\/\/sport-index.fr\/blog\/a-la-une\/revivez-les-mondiaux-de-ski-alpin-a-saalbach-les-moments-forts-en-video\/","url":"https:\/\/sport-index.fr\/blog\/a-la-une\/revivez-les-mondiaux-de-ski-alpin-a-saalbach-les-moments-forts-en-video\/","name":"revivez les mondiaux de ski alpin \u00e0 saalbach : les moments","isPartOf":{"@id":"https:\/\/sport-index.fr\/blog\/#website"},"primaryImageOfPage":{"@id":"https:\/\/sport-index.fr\/blog\/a-la-une\/revivez-les-mondiaux-de-ski-alpin-a-saalbach-les-moments-forts-en-video\/#primaryimage"},"image":{"@id":"https:\/\/sport-index.fr\/blog\/a-la-une\/revivez-les-mondiaux-de-ski-alpin-a-saalbach-les-moments-forts-en-video\/#primaryimage"},"thumbnailUrl":"https:\/\/sport-index.fr\/blog\/wp-content\/uploads\/2025\/02\/stability-revivez-les-mondiaux-de-ski-alpin-a-saalbach-les-moments-forts-en-video.png","datePublished":"2025-02-17T21:51:04+00:00","description":"Un \u00e9v\u00e9nement marquant pour le ski alpin Le week-end dernier, Saalbach a vu s'achever les Mondiaux de ski alpin, un \u00e9v\u00e9nement tant attendu par les\u2026","inLanguage":"fr-FR","potentialAction":[{"@type":"ReadAction","target":["https:\/\/sport-index.fr\/blog\/a-la-une\/revivez-les-mondiaux-de-ski-alpin-a-saalbach-les-moments-forts-en-video\/"]}]},{"@type":"ImageObject","inLanguage":"fr-FR","@id":"https:\/\/sport-index.fr\/blog\/a-la-une\/revivez-les-mondiaux-de-ski-alpin-a-saalbach-les-moments-forts-en-video\/#primaryimage","url":"https:\/\/sport-index.fr\/blog\/wp-content\/uploads\/2025\/02\/stability-revivez-les-mondiaux-de-ski-alpin-a-saalbach-les-moments-forts-en-video.png","contentUrl":"https:\/\/sport-index.fr\/blog\/wp-content\/uploads\/2025\/02\/stability-revivez-les-mondiaux-de-ski-alpin-a-saalbach-les-moments-forts-en-video.png","width":1024,"height":576},{"@type":"WebSite","@id":"https:\/\/sport-index.fr\/blog\/#website","url":"https:\/\/sport-index.fr\/blog\/","name":"sport-index.fr","description":"Le score de l\u2019analyse sportive.","publisher":{"@id":"https:\/\/sport-index.fr\/blog\/#organization"},"alternateName":"Le score de l\u2019analyse sportive.","potentialAction":[{"@type":"SearchAction","target":{"@type":"EntryPoint","urlTemplate":"https:\/\/sport-index.fr\/blog\/?s={search_term_string}"},"query-input":{"@type":"PropertyValueSpecification","valueRequired":true,"valueName":"search_term_string"}}],"inLanguage":"fr-FR"},{"@type":"Organization","@id":"https:\/\/sport-index.fr\/blog\/#organization","name":"Foretsensations.fr","url":"https:\/\/sport-index.fr\/blog\/","logo":{"@type":"ImageObject","inLanguage":"fr-FR","@id":"https:\/\/sport-index.fr\/blog\/#\/schema\/logo\/image\/","url":"https:\/\/sport-index.fr\/blog\/wp-content\/uploads\/2026\/07\/logo-auto.png","contentUrl":"https:\/\/sport-index.fr\/blog\/wp-content\/uploads\/2026\/07\/logo-auto.png","width":1024,"height":1024,"caption":"Foretsensations.fr"},"image":{"@id":"https:\/\/sport-index.fr\/blog\/#\/schema\/logo\/image\/"}},{"@type":"Person","@id":"https:\/\/sport-index.fr\/blog\/#\/schema\/person\/3c864cdc320801e3db34b663e7e3f816","name":"Axel Lauzier","image":{"@type":"ImageObject","inLanguage":"fr-FR","@id":"https:\/\/sport-index.fr\/blog\/#\/schema\/person\/image\/","url":"https:\/\/sport-index.fr\/blog\/wp-content\/uploads\/2026\/06\/persona_axel-l-96x96.jpg","contentUrl":"https:\/\/sport-index.fr\/blog\/wp-content\/uploads\/2026\/06\/persona_axel-l-96x96.jpg","caption":"Axel Lauzier"},"description":"Le sport rythme mon quotidien depuis l'enfance, et j'en ai fait mon m\u00e9tier d'analyste r\u00e9dactionnel il y a une dizaine d'ann\u00e9es. Je couvre principalement le football, son actualit\u00e9, ses transferts et l'analyse tactique des grandes affiches, mais aussi les disciplines plus confidentielles que j'aime remettre en lumi\u00e8re. Une partie de mon travail porte sur les pronostics et la lecture statistique d'un match : forme des \u00e9quipes, historique des confrontations, compositions, sans jamais vendre de fausse certitude. Je rappelle syst\u00e9matiquement que parier comporte un risque et doit rester un loisir ma\u00eetris\u00e9. Avant de signer une analyse, je v\u00e9rifie mes chiffres, je recoupe les compositions probables et je distingue toujours la donn\u00e9e brute de l'intuition. Mon objectif : offrir une lecture honn\u00eate et argument\u00e9e, pas un ticket gagnant garanti.","sameAs":["https:\/\/axellauzier.fr\/"],"url":"https:\/\/sport-index.fr\/blog\/auteur\/noname\/"}]}},"_links":{"self":[{"href":"https:\/\/sport-index.fr\/blog\/wp-json\/wp\/v2\/posts\/9251","targetHints":{"allow":["GET"]}}],"collection":[{"href":"https:\/\/sport-index.fr\/blog\/wp-json\/wp\/v2\/posts"}],"about":[{"href":"https:\/\/sport-index.fr\/blog\/wp-json\/wp\/v2\/types\/post"}],"author":[{"embeddable":true,"href":"https:\/\/sport-index.fr\/blog\/wp-json\/wp\/v2\/users\/34"}],"replies":[{"embeddable":true,"href":"https:\/\/sport-index.fr\/blog\/wp-json\/wp\/v2\/comments?post=9251"}],"version-history":[{"count":1,"href":"https:\/\/sport-index.fr\/blog\/wp-json\/wp\/v2\/posts\/9251\/revisions"}],"predecessor-version":[{"id":9254,"href":"https:\/\/sport-index.fr\/blog\/wp-json\/wp\/v2\/posts\/9251\/revisions\/9254"}],"wp:featuredmedia":[{"embeddable":true,"href":"https:\/\/sport-index.fr\/blog\/wp-json\/wp\/v2\/media\/9252"}],"wp:attachment":[{"href":"https:\/\/sport-index.fr\/blog\/wp-json\/wp\/v2\/media?parent=9251"}],"wp:term":[{"taxonomy":"category","embeddable":true,"href":"https:\/\/sport-index.fr\/blog\/wp-json\/wp\/v2\/categories?post=9251"},{"taxonomy":"post_tag","embeddable":true,"href":"https:\/\/sport-index.fr\/blog\/wp-json\/wp\/v2\/tags?post=9251"}],"curies":[{"name":"wp","href":"https:\/\/api.w.org\/{rel}","templated":true}]}}